{"id":17739,"date":"2015-04-07T12:25:29","date_gmt":"2015-04-07T17:25:29","guid":{"rendered":"http:\/\/centrourbano.com\/?p=17739"},"modified":"2015-04-07T12:26:01","modified_gmt":"2015-04-07T17:26:01","slug":"programas-de-vivienda-en-jalisco-apegados-a-programas","status":"publish","type":"post","link":"https:\/\/centrourbano.com\/revista\/vivienda\/programas-de-vivienda-en-jalisco-apegados-a-programas\/","title":{"rendered":"Programas de vivienda en Jalisco, apegados a pol\u00edticas"},"content":{"rendered":"<p>&nbsp;<\/p>\n<p><em>Ante la eventual suspensi\u00f3n del Programa de Centro de Poblaci\u00f3n y Planes Parciales de Uso de Suelo que prohibir\u00eda el Tribunal de lo Adminstrativo del Estado, Sedatu afirma estar acorde con las pol\u00edticas federales<\/em><\/p>\n<p><!--more--><\/p>\n<p>La Secretar\u00eda de Desarrollo Agrario, Territorial y Urbano (Sedatu) ofreci\u00f3 su total apoyo al ayuntamiento de Guadalajara, ante la suspensi\u00f3n provisional que gir\u00f3 el Tribunal de lo Administrativo del Estado (TAE) contra el Programa de Desarrollo Urbano, Programa de Centro dePoblaci\u00f3n\u00a0y Planes Parciales de uso de suelo.<\/p>\n<p>Jos\u00e9 Luis Cu\u00e9llar Garza, delegado de Sedatu en la entidad, asegur\u00f3 que los programas de desarrollo de la ciudad se hicieron de acuerdo a las nuevas normas de vivienda que ha implementado la federaci\u00f3n desde inicio de a\u00f1o.<\/p>\n<p>Cu\u00e9llar Garza visit\u00f3 al presidente de Guadalajara, Ramiro Hern\u00e1ndez Garc\u00eda, para manifiestar su apoyo en caso de que se requiera en el juicio que se podr\u00eda entablar para defender los documentos normativos del desarrollo de la ciudad aprobados en lo que va de esta\u00a0administraci\u00f3n\u00a0municipal.<\/p>\n<p>El funcionario dijo que se deben hacer valer documentos de\u00a0valor\u00a0jur\u00eddico, aunque entienden y respetan los argumentos y derecho de los vecinos a inconformarse y hacer valer sus herramientas de defensa legales, pero dijo conf\u00edan los estudios de fondo lleven a un desistimiento o negativa de una resoluci\u00f3n definitiva de suspensi\u00f3n.<\/p>\n<p>Tambi\u00e9n argument\u00f3 que el Programa de Desarrollo s\u00f3lo permite redensificar en corredores aptos para vivienda vertical, donde se considera existen condiciones de movilidad, infraestructura y espacios p\u00fablicos, equipamientos y servicios para inducir el repoblamiento, con todo respeto les record\u00f3 a las asociaciones vecinales que impugnaron que se pregunten qu\u00e9 pasar\u00e1 si se detiene este proceso de planeaci\u00f3n de la ciudad, pues\u00a0 consider\u00f3 que la tramitolog\u00eda de usos de suelo se va a judicializar y no deber\u00edamos cerrar los ojos a esta realidad, ya que dijo, est\u00e1 creciendo la ciudad por procesos definidos en tribunales y a qui\u00e9n conviene la suspensi\u00f3n de planes y programas es a los mismos inversionistas.<\/p>\n<p>Record\u00f3 que en noviembre el titular de Sedatu y el gobernador, junto con alcaldes de la zona metropolitana acordaron que la Conavi financie un estudio para cuantificar la infraestructura, equipamiento y servicios necesarios para garantizar los servicios de la zona metropolitana, y se genere el crecimiento ordenado de la ciudad ya no de manera horizontal.<\/p>\n","protected":false},"excerpt":{"rendered":"<p>&nbsp; Ante la eventual suspensi\u00f3n del Programa de Centro de Poblaci\u00f3n y Planes Parciales de Uso de Suelo que prohibir\u00eda el Tribunal de lo Adminstrativo del Estado, Sedatu afirma estar acorde con las pol\u00edticas federales<\/p>\n","protected":false},"author":28,"featured_media":17740,"comment_status":"open","ping_status":"closed","sticky":false,"template":"","format":"standard","meta":{"om_disable_all_campaigns":false,"inline_featured_image":false,"_monsterinsights_skip_tracking":false,"_monsterinsights_sitenote_active":false,"_monsterinsights_sitenote_note":"","_monsterinsights_sitenote_category":0,"footnotes":""},"categories":[12],"tags":[48,105,60],"class_list":["post-17739","post","type-post","status-publish","format-standard","has-post-thumbnail","hentry","category-vivienda","tag-jalisco","tag-sedatu","tag-vivienda-2"],"yoast_head":"<!-- This site is optimized with the Yoast SEO plugin v27.4 - https:\/\/yoast.com\/product\/yoast-seo-wordpress\/ -->\n<title>Programas de vivienda en Jalisco, apegados a pol\u00edticas -<\/title>\n<meta name=\"description\" content=\"&nbsp; Ante la eventual suspensi\u00f3n del Programa de Centro de Poblaci\u00f3n y Planes Parciales de Uso de Suelo que prohibir\u00eda el Tribunal de lo Adminstrativo\" \/>\n<meta name=\"robots\" content=\"index, follow, max-snippet:-1, max-image-preview:large, max-video-preview:-1\" \/>\n<link rel=\"canonical\" href=\"https:\/\/centrourbano.com\/revista\/vivienda\/programas-de-vivienda-en-jalisco-apegados-a-programas\/\" \/>\n<meta property=\"og:locale\" content=\"es_ES\" \/>\n<meta property=\"og:type\" content=\"article\" \/>\n<meta property=\"og:title\" content=\"Programas de vivienda en Jalisco, apegados a pol\u00edticas -\" \/>\n<meta property=\"og:description\" content=\"&nbsp; Ante la eventual suspensi\u00f3n del Programa de Centro de Poblaci\u00f3n y Planes Parciales de Uso de Suelo que prohibir\u00eda el Tribunal de lo Adminstrativo\" \/>\n<meta property=\"og:url\" content=\"https:\/\/centrourbano.com\/revista\/vivienda\/programas-de-vivienda-en-jalisco-apegados-a-programas\/\" \/>\n<meta property=\"og:site_name\" content=\"Centro Urbano\" \/>\n<meta property=\"article:publisher\" content=\"https:\/\/www.facebook.com\/portalcentrourbano\" \/>\n<meta property=\"article:published_time\" content=\"2015-04-07T17:25:29+00:00\" \/>\n<meta property=\"article:modified_time\" content=\"2015-04-07T17:26:01+00:00\" \/>\n<meta property=\"og:image\" content=\"https:\/\/centrourbano.com\/revista\/wp-content\/uploads\/Jalisco-vivienda.jpg\" \/>\n\t<meta property=\"og:image:width\" content=\"2160\" \/>\n\t<meta property=\"og:image:height\" content=\"1436\" \/>\n\t<meta property=\"og:image:type\" content=\"image\/jpeg\" \/>\n<meta name=\"author\" content=\"Mario V\u00e1zquez Barrios\" \/>\n<meta name=\"twitter:card\" content=\"summary_large_image\" \/>\n<meta name=\"twitter:creator\" content=\"@MarioDeNiro\" \/>\n<meta name=\"twitter:site\" content=\"@CentroUrbano\" \/>\n<meta name=\"twitter:label1\" content=\"Escrito por\" \/>\n\t<meta name=\"twitter:data1\" content=\"Mario V\u00e1zquez Barrios\" \/>\n\t<meta name=\"twitter:label2\" content=\"Tiempo de lectura\" \/>\n\t<meta name=\"twitter:data2\" content=\"2 minutos\" \/>\n<script type=\"application\/ld+json\" class=\"yoast-schema-graph\">{\"@context\":\"https:\\\/\\\/schema.org\",\"@graph\":[{\"@type\":\"Article\",\"@id\":\"https:\\\/\\\/centrourbano.com\\\/revista\\\/vivienda\\\/programas-de-vivienda-en-jalisco-apegados-a-programas\\\/#article\",\"isPartOf\":{\"@id\":\"https:\\\/\\\/centrourbano.com\\\/revista\\\/vivienda\\\/programas-de-vivienda-en-jalisco-apegados-a-programas\\\/\"},\"author\":{\"name\":\"Mario V\u00e1zquez Barrios\",\"@id\":\"https:\\\/\\\/centrourbano.com\\\/revista\\\/#\\\/schema\\\/person\\\/71e020a5b63ca4230c0f1228a36cde93\"},\"headline\":\"Programas de vivienda en Jalisco, apegados a pol\u00edticas\",\"datePublished\":\"2015-04-07T17:25:29+00:00\",\"dateModified\":\"2015-04-07T17:26:01+00:00\",\"mainEntityOfPage\":{\"@id\":\"https:\\\/\\\/centrourbano.com\\\/revista\\\/vivienda\\\/programas-de-vivienda-en-jalisco-apegados-a-programas\\\/\"},\"wordCount\":419,\"commentCount\":0,\"publisher\":{\"@id\":\"https:\\\/\\\/centrourbano.com\\\/revista\\\/#organization\"},\"image\":{\"@id\":\"https:\\\/\\\/centrourbano.com\\\/revista\\\/vivienda\\\/programas-de-vivienda-en-jalisco-apegados-a-programas\\\/#primaryimage\"},\"thumbnailUrl\":\"https:\\\/\\\/centrourbano.com\\\/revista\\\/wp-content\\\/uploads\\\/Jalisco-vivienda.jpg\",\"keywords\":[\"Jalisco\",\"Sedatu\",\"vivienda\"],\"articleSection\":[\"Vivienda\"],\"inLanguage\":\"es\",\"potentialAction\":[{\"@type\":\"CommentAction\",\"name\":\"Comment\",\"target\":[\"https:\\\/\\\/centrourbano.com\\\/revista\\\/vivienda\\\/programas-de-vivienda-en-jalisco-apegados-a-programas\\\/#respond\"]}]},{\"@type\":\"WebPage\",\"@id\":\"https:\\\/\\\/centrourbano.com\\\/revista\\\/vivienda\\\/programas-de-vivienda-en-jalisco-apegados-a-programas\\\/\",\"url\":\"https:\\\/\\\/centrourbano.com\\\/revista\\\/vivienda\\\/programas-de-vivienda-en-jalisco-apegados-a-programas\\\/\",\"name\":\"Programas de vivienda en Jalisco, apegados a pol\u00edticas -\",\"isPartOf\":{\"@id\":\"https:\\\/\\\/centrourbano.com\\\/revista\\\/#website\"},\"primaryImageOfPage\":{\"@id\":\"https:\\\/\\\/centrourbano.com\\\/revista\\\/vivienda\\\/programas-de-vivienda-en-jalisco-apegados-a-programas\\\/#primaryimage\"},\"image\":{\"@id\":\"https:\\\/\\\/centrourbano.com\\\/revista\\\/vivienda\\\/programas-de-vivienda-en-jalisco-apegados-a-programas\\\/#primaryimage\"},\"thumbnailUrl\":\"https:\\\/\\\/centrourbano.com\\\/revista\\\/wp-content\\\/uploads\\\/Jalisco-vivienda.jpg\",\"datePublished\":\"2015-04-07T17:25:29+00:00\",\"dateModified\":\"2015-04-07T17:26:01+00:00\",\"description\":\"&nbsp; Ante la eventual suspensi\u00f3n del Programa de Centro de Poblaci\u00f3n y Planes Parciales de Uso de Suelo que prohibir\u00eda el Tribunal de lo Adminstrativo\",\"breadcrumb\":{\"@id\":\"https:\\\/\\\/centrourbano.com\\\/revista\\\/vivienda\\\/programas-de-vivienda-en-jalisco-apegados-a-programas\\\/#breadcrumb\"},\"inLanguage\":\"es\",\"potentialAction\":[{\"@type\":\"ReadAction\",\"target\":[\"https:\\\/\\\/centrourbano.com\\\/revista\\\/vivienda\\\/programas-de-vivienda-en-jalisco-apegados-a-programas\\\/\"]}]},{\"@type\":\"ImageObject\",\"inLanguage\":\"es\",\"@id\":\"https:\\\/\\\/centrourbano.com\\\/revista\\\/vivienda\\\/programas-de-vivienda-en-jalisco-apegados-a-programas\\\/#primaryimage\",\"url\":\"https:\\\/\\\/centrourbano.com\\\/revista\\\/wp-content\\\/uploads\\\/Jalisco-vivienda.jpg\",\"contentUrl\":\"https:\\\/\\\/centrourbano.com\\\/revista\\\/wp-content\\\/uploads\\\/Jalisco-vivienda.jpg\",\"width\":2160,\"height\":1436},{\"@type\":\"BreadcrumbList\",\"@id\":\"https:\\\/\\\/centrourbano.com\\\/revista\\\/vivienda\\\/programas-de-vivienda-en-jalisco-apegados-a-programas\\\/#breadcrumb\",\"itemListElement\":[{\"@type\":\"ListItem\",\"position\":1,\"name\":\"Portada\",\"item\":\"https:\\\/\\\/centrourbano.com\\\/revista\\\/\"},{\"@type\":\"ListItem\",\"position\":2,\"name\":\"Programas de vivienda en Jalisco, apegados a pol\u00edticas\"}]},{\"@type\":\"WebSite\",\"@id\":\"https:\\\/\\\/centrourbano.com\\\/revista\\\/#website\",\"url\":\"https:\\\/\\\/centrourbano.com\\\/revista\\\/\",\"name\":\"Centro Urbano\",\"description\":\"Medio especializado en los sectores vivienda, inmobiliario, construcci\u00f3n, arquitectura y urbanismo.\",\"publisher\":{\"@id\":\"https:\\\/\\\/centrourbano.com\\\/revista\\\/#organization\"},\"potentialAction\":[{\"@type\":\"SearchAction\",\"target\":{\"@type\":\"EntryPoint\",\"urlTemplate\":\"https:\\\/\\\/centrourbano.com\\\/revista\\\/?s={search_term_string}\"},\"query-input\":{\"@type\":\"PropertyValueSpecification\",\"valueRequired\":true,\"valueName\":\"search_term_string\"}}],\"inLanguage\":\"es\"},{\"@type\":\"Organization\",\"@id\":\"https:\\\/\\\/centrourbano.com\\\/revista\\\/#organization\",\"name\":\"Centro Urbano\",\"url\":\"https:\\\/\\\/centrourbano.com\\\/revista\\\/\",\"logo\":{\"@type\":\"ImageObject\",\"inLanguage\":\"es\",\"@id\":\"https:\\\/\\\/centrourbano.com\\\/revista\\\/#\\\/schema\\\/logo\\\/image\\\/\",\"url\":\"https:\\\/\\\/centrourbano.com\\\/revista\\\/wp-content\\\/uploads\\\/web_CU_logo-1.png\",\"contentUrl\":\"https:\\\/\\\/centrourbano.com\\\/revista\\\/wp-content\\\/uploads\\\/web_CU_logo-1.png\",\"width\":350,\"height\":91,\"caption\":\"Centro Urbano\"},\"image\":{\"@id\":\"https:\\\/\\\/centrourbano.com\\\/revista\\\/#\\\/schema\\\/logo\\\/image\\\/\"},\"sameAs\":[\"https:\\\/\\\/www.facebook.com\\\/portalcentrourbano\",\"https:\\\/\\\/x.com\\\/CentroUrbano\",\"https:\\\/\\\/www.instagram.com\\\/centro_urbano\\\/\",\"https:\\\/\\\/www.linkedin.com\\\/company\\\/centro-urbano\\\/\",\"http:\\\/\\\/www.youtube.com\\\/user\\\/portalcentrourbano\"]},{\"@type\":\"Person\",\"@id\":\"https:\\\/\\\/centrourbano.com\\\/revista\\\/#\\\/schema\\\/person\\\/71e020a5b63ca4230c0f1228a36cde93\",\"name\":\"Mario V\u00e1zquez Barrios\",\"image\":{\"@type\":\"ImageObject\",\"inLanguage\":\"es\",\"@id\":\"https:\\\/\\\/secure.gravatar.com\\\/avatar\\\/347e6d9c0b04f0194ca244ba64b0fe62752d716a3a93d1713bd259eb87aad5b6?s=96&d=mm&r=g\",\"url\":\"https:\\\/\\\/secure.gravatar.com\\\/avatar\\\/347e6d9c0b04f0194ca244ba64b0fe62752d716a3a93d1713bd259eb87aad5b6?s=96&d=mm&r=g\",\"contentUrl\":\"https:\\\/\\\/secure.gravatar.com\\\/avatar\\\/347e6d9c0b04f0194ca244ba64b0fe62752d716a3a93d1713bd259eb87aad5b6?s=96&d=mm&r=g\",\"caption\":\"Mario V\u00e1zquez Barrios\"},\"description\":\"Me inici\u00e9 en El Financiero haciendo reportajes; en MegaNoticias Televisi\u00f3n fui reportero titular; en EMedios, control de calidad; y Radio 13 Noticias me acogi\u00f3 como colaborador. Me gusta encontrar en las banquetas la nota, una entrevista y el inicio de un reportaje.\",\"sameAs\":[\"https:\\\/\\\/x.com\\\/@MarioDeNiro\"],\"url\":\"https:\\\/\\\/centrourbano.com\\\/revista\\\/author\\\/mario-vazquez\\\/\"}]}<\/script>\n<!-- \/ Yoast SEO plugin. -->","yoast_head_json":{"title":"Programas de vivienda en Jalisco, apegados a pol\u00edticas -","description":"&nbsp; Ante la eventual suspensi\u00f3n del Programa de Centro de Poblaci\u00f3n y Planes Parciales de Uso de Suelo que prohibir\u00eda el Tribunal de lo Adminstrativo","robots":{"index":"index","follow":"follow","max-snippet":"max-snippet:-1","max-image-preview":"max-image-preview:large","max-video-preview":"max-video-preview:-1"},"canonical":"https:\/\/centrourbano.com\/revista\/vivienda\/programas-de-vivienda-en-jalisco-apegados-a-programas\/","og_locale":"es_ES","og_type":"article","og_title":"Programas de vivienda en Jalisco, apegados a pol\u00edticas -","og_description":"&nbsp; Ante la eventual suspensi\u00f3n del Programa de Centro de Poblaci\u00f3n y Planes Parciales de Uso de Suelo que prohibir\u00eda el Tribunal de lo Adminstrativo","og_url":"https:\/\/centrourbano.com\/revista\/vivienda\/programas-de-vivienda-en-jalisco-apegados-a-programas\/","og_site_name":"Centro Urbano","article_publisher":"https:\/\/www.facebook.com\/portalcentrourbano","article_published_time":"2015-04-07T17:25:29+00:00","article_modified_time":"2015-04-07T17:26:01+00:00","og_image":[{"width":2160,"height":1436,"url":"https:\/\/centrourbano.com\/revista\/wp-content\/uploads\/Jalisco-vivienda.jpg","type":"image\/jpeg"}],"author":"Mario V\u00e1zquez Barrios","twitter_card":"summary_large_image","twitter_creator":"@MarioDeNiro","twitter_site":"@CentroUrbano","twitter_misc":{"Escrito por":"Mario V\u00e1zquez Barrios","Tiempo de lectura":"2 minutos"},"schema":{"@context":"https:\/\/schema.org","@graph":[{"@type":"Article","@id":"https:\/\/centrourbano.com\/revista\/vivienda\/programas-de-vivienda-en-jalisco-apegados-a-programas\/#article","isPartOf":{"@id":"https:\/\/centrourbano.com\/revista\/vivienda\/programas-de-vivienda-en-jalisco-apegados-a-programas\/"},"author":{"name":"Mario V\u00e1zquez Barrios","@id":"https:\/\/centrourbano.com\/revista\/#\/schema\/person\/71e020a5b63ca4230c0f1228a36cde93"},"headline":"Programas de vivienda en Jalisco, apegados a pol\u00edticas","datePublished":"2015-04-07T17:25:29+00:00","dateModified":"2015-04-07T17:26:01+00:00","mainEntityOfPage":{"@id":"https:\/\/centrourbano.com\/revista\/vivienda\/programas-de-vivienda-en-jalisco-apegados-a-programas\/"},"wordCount":419,"commentCount":0,"publisher":{"@id":"https:\/\/centrourbano.com\/revista\/#organization"},"image":{"@id":"https:\/\/centrourbano.com\/revista\/vivienda\/programas-de-vivienda-en-jalisco-apegados-a-programas\/#primaryimage"},"thumbnailUrl":"https:\/\/centrourbano.com\/revista\/wp-content\/uploads\/Jalisco-vivienda.jpg","keywords":["Jalisco","Sedatu","vivienda"],"articleSection":["Vivienda"],"inLanguage":"es","potentialAction":[{"@type":"CommentAction","name":"Comment","target":["https:\/\/centrourbano.com\/revista\/vivienda\/programas-de-vivienda-en-jalisco-apegados-a-programas\/#respond"]}]},{"@type":"WebPage","@id":"https:\/\/centrourbano.com\/revista\/vivienda\/programas-de-vivienda-en-jalisco-apegados-a-programas\/","url":"https:\/\/centrourbano.com\/revista\/vivienda\/programas-de-vivienda-en-jalisco-apegados-a-programas\/","name":"Programas de vivienda en Jalisco, apegados a pol\u00edticas -","isPartOf":{"@id":"https:\/\/centrourbano.com\/revista\/#website"},"primaryImageOfPage":{"@id":"https:\/\/centrourbano.com\/revista\/vivienda\/programas-de-vivienda-en-jalisco-apegados-a-programas\/#primaryimage"},"image":{"@id":"https:\/\/centrourbano.com\/revista\/vivienda\/programas-de-vivienda-en-jalisco-apegados-a-programas\/#primaryimage"},"thumbnailUrl":"https:\/\/centrourbano.com\/revista\/wp-content\/uploads\/Jalisco-vivienda.jpg","datePublished":"2015-04-07T17:25:29+00:00","dateModified":"2015-04-07T17:26:01+00:00","description":"&nbsp; Ante la eventual suspensi\u00f3n del Programa de Centro de Poblaci\u00f3n y Planes Parciales de Uso de Suelo que prohibir\u00eda el Tribunal de lo Adminstrativo","breadcrumb":{"@id":"https:\/\/centrourbano.com\/revista\/vivienda\/programas-de-vivienda-en-jalisco-apegados-a-programas\/#breadcrumb"},"inLanguage":"es","potentialAction":[{"@type":"ReadAction","target":["https:\/\/centrourbano.com\/revista\/vivienda\/programas-de-vivienda-en-jalisco-apegados-a-programas\/"]}]},{"@type":"ImageObject","inLanguage":"es","@id":"https:\/\/centrourbano.com\/revista\/vivienda\/programas-de-vivienda-en-jalisco-apegados-a-programas\/#primaryimage","url":"https:\/\/centrourbano.com\/revista\/wp-content\/uploads\/Jalisco-vivienda.jpg","contentUrl":"https:\/\/centrourbano.com\/revista\/wp-content\/uploads\/Jalisco-vivienda.jpg","width":2160,"height":1436},{"@type":"BreadcrumbList","@id":"https:\/\/centrourbano.com\/revista\/vivienda\/programas-de-vivienda-en-jalisco-apegados-a-programas\/#breadcrumb","itemListElement":[{"@type":"ListItem","position":1,"name":"Portada","item":"https:\/\/centrourbano.com\/revista\/"},{"@type":"ListItem","position":2,"name":"Programas de vivienda en Jalisco, apegados a pol\u00edticas"}]},{"@type":"WebSite","@id":"https:\/\/centrourbano.com\/revista\/#website","url":"https:\/\/centrourbano.com\/revista\/","name":"Centro Urbano","description":"Medio especializado en los sectores vivienda, inmobiliario, construcci\u00f3n, arquitectura y urbanismo.","publisher":{"@id":"https:\/\/centrourbano.com\/revista\/#organization"},"potentialAction":[{"@type":"SearchAction","target":{"@type":"EntryPoint","urlTemplate":"https:\/\/centrourbano.com\/revista\/?s={search_term_string}"},"query-input":{"@type":"PropertyValueSpecification","valueRequired":true,"valueName":"search_term_string"}}],"inLanguage":"es"},{"@type":"Organization","@id":"https:\/\/centrourbano.com\/revista\/#organization","name":"Centro Urbano","url":"https:\/\/centrourbano.com\/revista\/","logo":{"@type":"ImageObject","inLanguage":"es","@id":"https:\/\/centrourbano.com\/revista\/#\/schema\/logo\/image\/","url":"https:\/\/centrourbano.com\/revista\/wp-content\/uploads\/web_CU_logo-1.png","contentUrl":"https:\/\/centrourbano.com\/revista\/wp-content\/uploads\/web_CU_logo-1.png","width":350,"height":91,"caption":"Centro Urbano"},"image":{"@id":"https:\/\/centrourbano.com\/revista\/#\/schema\/logo\/image\/"},"sameAs":["https:\/\/www.facebook.com\/portalcentrourbano","https:\/\/x.com\/CentroUrbano","https:\/\/www.instagram.com\/centro_urbano\/","https:\/\/www.linkedin.com\/company\/centro-urbano\/","http:\/\/www.youtube.com\/user\/portalcentrourbano"]},{"@type":"Person","@id":"https:\/\/centrourbano.com\/revista\/#\/schema\/person\/71e020a5b63ca4230c0f1228a36cde93","name":"Mario V\u00e1zquez Barrios","image":{"@type":"ImageObject","inLanguage":"es","@id":"https:\/\/secure.gravatar.com\/avatar\/347e6d9c0b04f0194ca244ba64b0fe62752d716a3a93d1713bd259eb87aad5b6?s=96&d=mm&r=g","url":"https:\/\/secure.gravatar.com\/avatar\/347e6d9c0b04f0194ca244ba64b0fe62752d716a3a93d1713bd259eb87aad5b6?s=96&d=mm&r=g","contentUrl":"https:\/\/secure.gravatar.com\/avatar\/347e6d9c0b04f0194ca244ba64b0fe62752d716a3a93d1713bd259eb87aad5b6?s=96&d=mm&r=g","caption":"Mario V\u00e1zquez Barrios"},"description":"Me inici\u00e9 en El Financiero haciendo reportajes; en MegaNoticias Televisi\u00f3n fui reportero titular; en EMedios, control de calidad; y Radio 13 Noticias me acogi\u00f3 como colaborador. Me gusta encontrar en las banquetas la nota, una entrevista y el inicio de un reportaje.","sameAs":["https:\/\/x.com\/@MarioDeNiro"],"url":"https:\/\/centrourbano.com\/revista\/author\/mario-vazquez\/"}]}},"_links":{"self":[{"href":"https:\/\/centrourbano.com\/revista\/wp-json\/wp\/v2\/posts\/17739","targetHints":{"allow":["GET"]}}],"collection":[{"href":"https:\/\/centrourbano.com\/revista\/wp-json\/wp\/v2\/posts"}],"about":[{"href":"https:\/\/centrourbano.com\/revista\/wp-json\/wp\/v2\/types\/post"}],"author":[{"embeddable":true,"href":"https:\/\/centrourbano.com\/revista\/wp-json\/wp\/v2\/users\/28"}],"replies":[{"embeddable":true,"href":"https:\/\/centrourbano.com\/revista\/wp-json\/wp\/v2\/comments?post=17739"}],"version-history":[{"count":0,"href":"https:\/\/centrourbano.com\/revista\/wp-json\/wp\/v2\/posts\/17739\/revisions"}],"wp:featuredmedia":[{"embeddable":true,"href":"https:\/\/centrourbano.com\/revista\/wp-json\/wp\/v2\/media\/17740"}],"wp:attachment":[{"href":"https:\/\/centrourbano.com\/revista\/wp-json\/wp\/v2\/media?parent=17739"}],"wp:term":[{"taxonomy":"category","embeddable":true,"href":"https:\/\/centrourbano.com\/revista\/wp-json\/wp\/v2\/categories?post=17739"},{"taxonomy":"post_tag","embeddable":true,"href":"https:\/\/centrourbano.com\/revista\/wp-json\/wp\/v2\/tags?post=17739"}],"curies":[{"name":"wp","href":"https:\/\/api.w.org\/{rel}","templated":true}]}}