{"id":17646,"date":"2015-04-01T13:58:49","date_gmt":"2015-04-01T19:58:49","guid":{"rendered":"http:\/\/centrourbano.com\/?p=17646"},"modified":"2015-04-01T13:58:49","modified_gmt":"2015-04-01T19:58:49","slug":"inauguran-deportivo-en-la-delegacion-cuauhtemoc","status":"publish","type":"post","link":"https:\/\/centrourbano.com\/revista\/urbanismo\/inauguran-deportivo-en-la-delegacion-cuauhtemoc\/","title":{"rendered":"Inauguran Deportivo en la delegaci\u00f3n Cuauht\u00e9moc"},"content":{"rendered":"<p>&nbsp;<\/p>\n<p><em>Cuenta con alberca semiol\u00edmpica, gimnasio, cancha de futbol, salones de usos m\u00faltiples y regaderas<\/em><!--more--><\/p>\n<p>Con una inversi\u00f3n de 28 millones 391 mil 580 pesos, se construy\u00f3 el Deportivo Buenos Aires, ubicado en el Eje 3 sur, entre las calles Doctor Barrag\u00e1n y Doctor Andrade, en un predio de 3 mil 800 metros cuadrados que antes era ocupado por viviendas provisionales.<\/p>\n<p>El centro deportivo cuenta con una alberca semiol\u00edmpica, cancha de futbol con pasto sint\u00e9tico, gimnasio, salones de usos m\u00faltiples, servicio m\u00e9dico, caseta de vigilancia, regadreas, vestidores y n\u00facleos sanitarios. Adem\u00e1s se realizan actividades como zumba, danza \u00e1rabe, nataci\u00f3n, taekwondo, spinning, nataci\u00f3n, nado con aleta, artes marciales, boxeo y futbol.<\/p>\n<p>La inauguraci\u00f3n estuvo a cargo del director general de Obras y Desarrollo Urbano en Cuauht\u00e9moc, Jorge Padilla Castillo, quien se pronunci\u00f3 a favor de la inversi\u00f3n en este tipo de obras para mejorar las condiciones de vida de la poblaci\u00f3n y brindar servicios de muy alta calidad en materia cultural y deportiva.<\/p>\n<p>Tambi\u00e9n estuvo presente el encargado de despacho en Cuauht\u00e9moc, Eduardo Lima G\u00f3mez, dijo que la apertura de centros deportivos y la recuperaci\u00f3n de espacios p\u00fablicos favorecen la recuperaci\u00f3n del tejido social. El nuevo centro deportivo permanecer\u00e1 abierto de 7:00 a 21:00 horas, de lunes a viernes.<\/p>\n","protected":false},"excerpt":{"rendered":"<p>&nbsp; Cuenta con alberca semiol\u00edmpica, gimnasio, cancha de futbol, salones de usos m\u00faltiples y regaderas<\/p>\n","protected":false},"author":19,"featured_media":17650,"comment_status":"open","ping_status":"closed","sticky":false,"template":"","format":"standard","meta":{"om_disable_all_campaigns":false,"inline_featured_image":false,"_monsterinsights_skip_tracking":false,"_monsterinsights_sitenote_active":false,"_monsterinsights_sitenote_note":"","_monsterinsights_sitenote_category":0,"footnotes":""},"categories":[82],"tags":[4741,3939,4740,4742],"class_list":["post-17646","post","type-post","status-publish","format-standard","has-post-thumbnail","hentry","category-urbanismo","tag-alberca-semiolimpica","tag-delegacion-cuauhtemoc","tag-deportivo","tag-gimnasio"],"yoast_head":"<!-- This site is optimized with the Yoast SEO plugin v27.5 - https:\/\/yoast.com\/product\/yoast-seo-wordpress\/ -->\n<title>Inauguran Deportivo en la delegaci\u00f3n Cuauht\u00e9moc -<\/title>\n<meta name=\"description\" content=\"&nbsp; Cuenta con alberca semiol\u00edmpica, gimnasio, cancha de futbol, salones de usos m\u00faltiples y regaderas Con una inversi\u00f3n de 28 millones 391 mil 580\" \/>\n<meta name=\"robots\" content=\"index, follow, max-snippet:-1, max-image-preview:large, max-video-preview:-1\" \/>\n<link rel=\"canonical\" href=\"https:\/\/centrourbano.com\/revista\/urbanismo\/inauguran-deportivo-en-la-delegacion-cuauhtemoc\/\" \/>\n<meta property=\"og:locale\" content=\"es_ES\" \/>\n<meta property=\"og:type\" content=\"article\" \/>\n<meta property=\"og:title\" content=\"Inauguran Deportivo en la delegaci\u00f3n Cuauht\u00e9moc -\" \/>\n<meta property=\"og:description\" content=\"&nbsp; Cuenta con alberca semiol\u00edmpica, gimnasio, cancha de futbol, salones de usos m\u00faltiples y regaderas Con una inversi\u00f3n de 28 millones 391 mil 580\" \/>\n<meta property=\"og:url\" content=\"https:\/\/centrourbano.com\/revista\/urbanismo\/inauguran-deportivo-en-la-delegacion-cuauhtemoc\/\" \/>\n<meta property=\"og:site_name\" content=\"Centro Urbano\" \/>\n<meta property=\"article:publisher\" content=\"https:\/\/www.facebook.com\/portalcentrourbano\" \/>\n<meta property=\"article:published_time\" content=\"2015-04-01T19:58:49+00:00\" \/>\n<meta property=\"og:image\" content=\"https:\/\/centrourbano.com\/revista\/wp-content\/uploads\/0f775cca127534b517b8a42d0d7f69ba.jpg\" \/>\n\t<meta property=\"og:image:width\" content=\"800\" \/>\n\t<meta property=\"og:image:height\" content=\"558\" \/>\n\t<meta property=\"og:image:type\" content=\"image\/jpeg\" \/>\n<meta name=\"author\" content=\"Sofia Osorio\" \/>\n<meta name=\"twitter:card\" content=\"summary_large_image\" \/>\n<meta name=\"twitter:creator\" content=\"@CentroUrbano\" \/>\n<meta name=\"twitter:site\" content=\"@CentroUrbano\" \/>\n<meta name=\"twitter:label1\" content=\"Escrito por\" \/>\n\t<meta name=\"twitter:data1\" content=\"Sofia Osorio\" \/>\n\t<meta name=\"twitter:label2\" content=\"Tiempo de lectura\" \/>\n\t<meta name=\"twitter:data2\" content=\"1 minuto\" \/>\n<script type=\"application\/ld+json\" class=\"yoast-schema-graph\">{\"@context\":\"https:\\\/\\\/schema.org\",\"@graph\":[{\"@type\":\"Article\",\"@id\":\"https:\\\/\\\/centrourbano.com\\\/revista\\\/urbanismo\\\/inauguran-deportivo-en-la-delegacion-cuauhtemoc\\\/#article\",\"isPartOf\":{\"@id\":\"https:\\\/\\\/centrourbano.com\\\/revista\\\/urbanismo\\\/inauguran-deportivo-en-la-delegacion-cuauhtemoc\\\/\"},\"author\":{\"name\":\"Sofia Osorio\",\"@id\":\"https:\\\/\\\/centrourbano.com\\\/revista\\\/#\\\/schema\\\/person\\\/04f16f4cd5d20c119240fb9164874cec\"},\"headline\":\"Inauguran Deportivo en la delegaci\u00f3n Cuauht\u00e9moc\",\"datePublished\":\"2015-04-01T19:58:49+00:00\",\"mainEntityOfPage\":{\"@id\":\"https:\\\/\\\/centrourbano.com\\\/revista\\\/urbanismo\\\/inauguran-deportivo-en-la-delegacion-cuauhtemoc\\\/\"},\"wordCount\":230,\"commentCount\":0,\"publisher\":{\"@id\":\"https:\\\/\\\/centrourbano.com\\\/revista\\\/#organization\"},\"image\":{\"@id\":\"https:\\\/\\\/centrourbano.com\\\/revista\\\/urbanismo\\\/inauguran-deportivo-en-la-delegacion-cuauhtemoc\\\/#primaryimage\"},\"thumbnailUrl\":\"https:\\\/\\\/centrourbano.com\\\/revista\\\/wp-content\\\/uploads\\\/0f775cca127534b517b8a42d0d7f69ba.jpg\",\"keywords\":[\"Alberca semiol\u00edmpica\",\"Delegaci\u00f3n Cuauht\u00e9moc\",\"Deportivo\",\"gimnasio\"],\"articleSection\":[\"Urbanismo\"],\"inLanguage\":\"es\",\"potentialAction\":[{\"@type\":\"CommentAction\",\"name\":\"Comment\",\"target\":[\"https:\\\/\\\/centrourbano.com\\\/revista\\\/urbanismo\\\/inauguran-deportivo-en-la-delegacion-cuauhtemoc\\\/#respond\"]}]},{\"@type\":\"WebPage\",\"@id\":\"https:\\\/\\\/centrourbano.com\\\/revista\\\/urbanismo\\\/inauguran-deportivo-en-la-delegacion-cuauhtemoc\\\/\",\"url\":\"https:\\\/\\\/centrourbano.com\\\/revista\\\/urbanismo\\\/inauguran-deportivo-en-la-delegacion-cuauhtemoc\\\/\",\"name\":\"Inauguran Deportivo en la delegaci\u00f3n Cuauht\u00e9moc -\",\"isPartOf\":{\"@id\":\"https:\\\/\\\/centrourbano.com\\\/revista\\\/#website\"},\"primaryImageOfPage\":{\"@id\":\"https:\\\/\\\/centrourbano.com\\\/revista\\\/urbanismo\\\/inauguran-deportivo-en-la-delegacion-cuauhtemoc\\\/#primaryimage\"},\"image\":{\"@id\":\"https:\\\/\\\/centrourbano.com\\\/revista\\\/urbanismo\\\/inauguran-deportivo-en-la-delegacion-cuauhtemoc\\\/#primaryimage\"},\"thumbnailUrl\":\"https:\\\/\\\/centrourbano.com\\\/revista\\\/wp-content\\\/uploads\\\/0f775cca127534b517b8a42d0d7f69ba.jpg\",\"datePublished\":\"2015-04-01T19:58:49+00:00\",\"description\":\"&nbsp; Cuenta con alberca semiol\u00edmpica, gimnasio, cancha de futbol, salones de usos m\u00faltiples y regaderas Con una inversi\u00f3n de 28 millones 391 mil 580\",\"breadcrumb\":{\"@id\":\"https:\\\/\\\/centrourbano.com\\\/revista\\\/urbanismo\\\/inauguran-deportivo-en-la-delegacion-cuauhtemoc\\\/#breadcrumb\"},\"inLanguage\":\"es\",\"potentialAction\":[{\"@type\":\"ReadAction\",\"target\":[\"https:\\\/\\\/centrourbano.com\\\/revista\\\/urbanismo\\\/inauguran-deportivo-en-la-delegacion-cuauhtemoc\\\/\"]}]},{\"@type\":\"ImageObject\",\"inLanguage\":\"es\",\"@id\":\"https:\\\/\\\/centrourbano.com\\\/revista\\\/urbanismo\\\/inauguran-deportivo-en-la-delegacion-cuauhtemoc\\\/#primaryimage\",\"url\":\"https:\\\/\\\/centrourbano.com\\\/revista\\\/wp-content\\\/uploads\\\/0f775cca127534b517b8a42d0d7f69ba.jpg\",\"contentUrl\":\"https:\\\/\\\/centrourbano.com\\\/revista\\\/wp-content\\\/uploads\\\/0f775cca127534b517b8a42d0d7f69ba.jpg\",\"width\":800,\"height\":558},{\"@type\":\"BreadcrumbList\",\"@id\":\"https:\\\/\\\/centrourbano.com\\\/revista\\\/urbanismo\\\/inauguran-deportivo-en-la-delegacion-cuauhtemoc\\\/#breadcrumb\",\"itemListElement\":[{\"@type\":\"ListItem\",\"position\":1,\"name\":\"Portada\",\"item\":\"https:\\\/\\\/centrourbano.com\\\/revista\\\/\"},{\"@type\":\"ListItem\",\"position\":2,\"name\":\"Inauguran Deportivo en la delegaci\u00f3n Cuauht\u00e9moc\"}]},{\"@type\":\"WebSite\",\"@id\":\"https:\\\/\\\/centrourbano.com\\\/revista\\\/#website\",\"url\":\"https:\\\/\\\/centrourbano.com\\\/revista\\\/\",\"name\":\"Centro Urbano\",\"description\":\"Medio especializado en los sectores vivienda, inmobiliario, construcci\u00f3n, arquitectura y urbanismo.\",\"publisher\":{\"@id\":\"https:\\\/\\\/centrourbano.com\\\/revista\\\/#organization\"},\"potentialAction\":[{\"@type\":\"SearchAction\",\"target\":{\"@type\":\"EntryPoint\",\"urlTemplate\":\"https:\\\/\\\/centrourbano.com\\\/revista\\\/?s={search_term_string}\"},\"query-input\":{\"@type\":\"PropertyValueSpecification\",\"valueRequired\":true,\"valueName\":\"search_term_string\"}}],\"inLanguage\":\"es\"},{\"@type\":\"Organization\",\"@id\":\"https:\\\/\\\/centrourbano.com\\\/revista\\\/#organization\",\"name\":\"Centro Urbano\",\"url\":\"https:\\\/\\\/centrourbano.com\\\/revista\\\/\",\"logo\":{\"@type\":\"ImageObject\",\"inLanguage\":\"es\",\"@id\":\"https:\\\/\\\/centrourbano.com\\\/revista\\\/#\\\/schema\\\/logo\\\/image\\\/\",\"url\":\"https:\\\/\\\/centrourbano.com\\\/revista\\\/wp-content\\\/uploads\\\/web_CU_logo-1.png\",\"contentUrl\":\"https:\\\/\\\/centrourbano.com\\\/revista\\\/wp-content\\\/uploads\\\/web_CU_logo-1.png\",\"width\":350,\"height\":91,\"caption\":\"Centro Urbano\"},\"image\":{\"@id\":\"https:\\\/\\\/centrourbano.com\\\/revista\\\/#\\\/schema\\\/logo\\\/image\\\/\"},\"sameAs\":[\"https:\\\/\\\/www.facebook.com\\\/portalcentrourbano\",\"https:\\\/\\\/x.com\\\/CentroUrbano\",\"https:\\\/\\\/www.instagram.com\\\/centro_urbano\\\/\",\"https:\\\/\\\/www.linkedin.com\\\/company\\\/centro-urbano\\\/\",\"http:\\\/\\\/www.youtube.com\\\/user\\\/portalcentrourbano\"]},{\"@type\":\"Person\",\"@id\":\"https:\\\/\\\/centrourbano.com\\\/revista\\\/#\\\/schema\\\/person\\\/04f16f4cd5d20c119240fb9164874cec\",\"name\":\"Sofia Osorio\",\"image\":{\"@type\":\"ImageObject\",\"inLanguage\":\"es\",\"@id\":\"https:\\\/\\\/secure.gravatar.com\\\/avatar\\\/540346885009217f50383aeae8f93738fea6ce04c37c93d6be2d0515d1be354c?s=96&d=mm&r=g\",\"url\":\"https:\\\/\\\/secure.gravatar.com\\\/avatar\\\/540346885009217f50383aeae8f93738fea6ce04c37c93d6be2d0515d1be354c?s=96&d=mm&r=g\",\"contentUrl\":\"https:\\\/\\\/secure.gravatar.com\\\/avatar\\\/540346885009217f50383aeae8f93738fea6ce04c37c93d6be2d0515d1be354c?s=96&d=mm&r=g\",\"caption\":\"Sofia Osorio\"},\"description\":\"Egresada de la Facultad de Estudios Superiores Arag\u00f3n. Comunicaci\u00f3n y Periodismo. Loca y feliz. Suele re\u00edrse de todo, dormir en el transporte p\u00fablico y terminar corriendo para llegar a cualquier lugar. Cantante de regadera, bailarina frustrada y chiva de coraz\u00f3n, apasionada por lo que hay que hacer. Enojona, gritona y medio amable con la gente. Su primera oportunidad laboral la tuvo como becaria en la revista Klika y fungi\u00f3 como community manager en Grupo Radio Centro. Actualmente explora nuevos campos del periodismo en Centro Urbano.\",\"url\":\"https:\\\/\\\/centrourbano.com\\\/revista\\\/author\\\/sofia-osorio\\\/\"}]}<\/script>\n<!-- \/ Yoast SEO plugin. -->","yoast_head_json":{"title":"Inauguran Deportivo en la delegaci\u00f3n Cuauht\u00e9moc -","description":"&nbsp; Cuenta con alberca semiol\u00edmpica, gimnasio, cancha de futbol, salones de usos m\u00faltiples y regaderas Con una inversi\u00f3n de 28 millones 391 mil 580","robots":{"index":"index","follow":"follow","max-snippet":"max-snippet:-1","max-image-preview":"max-image-preview:large","max-video-preview":"max-video-preview:-1"},"canonical":"https:\/\/centrourbano.com\/revista\/urbanismo\/inauguran-deportivo-en-la-delegacion-cuauhtemoc\/","og_locale":"es_ES","og_type":"article","og_title":"Inauguran Deportivo en la delegaci\u00f3n Cuauht\u00e9moc -","og_description":"&nbsp; Cuenta con alberca semiol\u00edmpica, gimnasio, cancha de futbol, salones de usos m\u00faltiples y regaderas Con una inversi\u00f3n de 28 millones 391 mil 580","og_url":"https:\/\/centrourbano.com\/revista\/urbanismo\/inauguran-deportivo-en-la-delegacion-cuauhtemoc\/","og_site_name":"Centro Urbano","article_publisher":"https:\/\/www.facebook.com\/portalcentrourbano","article_published_time":"2015-04-01T19:58:49+00:00","og_image":[{"width":800,"height":558,"url":"https:\/\/centrourbano.com\/revista\/wp-content\/uploads\/0f775cca127534b517b8a42d0d7f69ba.jpg","type":"image\/jpeg"}],"author":"Sofia Osorio","twitter_card":"summary_large_image","twitter_creator":"@CentroUrbano","twitter_site":"@CentroUrbano","twitter_misc":{"Escrito por":"Sofia Osorio","Tiempo de lectura":"1 minuto"},"schema":{"@context":"https:\/\/schema.org","@graph":[{"@type":"Article","@id":"https:\/\/centrourbano.com\/revista\/urbanismo\/inauguran-deportivo-en-la-delegacion-cuauhtemoc\/#article","isPartOf":{"@id":"https:\/\/centrourbano.com\/revista\/urbanismo\/inauguran-deportivo-en-la-delegacion-cuauhtemoc\/"},"author":{"name":"Sofia Osorio","@id":"https:\/\/centrourbano.com\/revista\/#\/schema\/person\/04f16f4cd5d20c119240fb9164874cec"},"headline":"Inauguran Deportivo en la delegaci\u00f3n Cuauht\u00e9moc","datePublished":"2015-04-01T19:58:49+00:00","mainEntityOfPage":{"@id":"https:\/\/centrourbano.com\/revista\/urbanismo\/inauguran-deportivo-en-la-delegacion-cuauhtemoc\/"},"wordCount":230,"commentCount":0,"publisher":{"@id":"https:\/\/centrourbano.com\/revista\/#organization"},"image":{"@id":"https:\/\/centrourbano.com\/revista\/urbanismo\/inauguran-deportivo-en-la-delegacion-cuauhtemoc\/#primaryimage"},"thumbnailUrl":"https:\/\/centrourbano.com\/revista\/wp-content\/uploads\/0f775cca127534b517b8a42d0d7f69ba.jpg","keywords":["Alberca semiol\u00edmpica","Delegaci\u00f3n Cuauht\u00e9moc","Deportivo","gimnasio"],"articleSection":["Urbanismo"],"inLanguage":"es","potentialAction":[{"@type":"CommentAction","name":"Comment","target":["https:\/\/centrourbano.com\/revista\/urbanismo\/inauguran-deportivo-en-la-delegacion-cuauhtemoc\/#respond"]}]},{"@type":"WebPage","@id":"https:\/\/centrourbano.com\/revista\/urbanismo\/inauguran-deportivo-en-la-delegacion-cuauhtemoc\/","url":"https:\/\/centrourbano.com\/revista\/urbanismo\/inauguran-deportivo-en-la-delegacion-cuauhtemoc\/","name":"Inauguran Deportivo en la delegaci\u00f3n Cuauht\u00e9moc -","isPartOf":{"@id":"https:\/\/centrourbano.com\/revista\/#website"},"primaryImageOfPage":{"@id":"https:\/\/centrourbano.com\/revista\/urbanismo\/inauguran-deportivo-en-la-delegacion-cuauhtemoc\/#primaryimage"},"image":{"@id":"https:\/\/centrourbano.com\/revista\/urbanismo\/inauguran-deportivo-en-la-delegacion-cuauhtemoc\/#primaryimage"},"thumbnailUrl":"https:\/\/centrourbano.com\/revista\/wp-content\/uploads\/0f775cca127534b517b8a42d0d7f69ba.jpg","datePublished":"2015-04-01T19:58:49+00:00","description":"&nbsp; Cuenta con alberca semiol\u00edmpica, gimnasio, cancha de futbol, salones de usos m\u00faltiples y regaderas Con una inversi\u00f3n de 28 millones 391 mil 580","breadcrumb":{"@id":"https:\/\/centrourbano.com\/revista\/urbanismo\/inauguran-deportivo-en-la-delegacion-cuauhtemoc\/#breadcrumb"},"inLanguage":"es","potentialAction":[{"@type":"ReadAction","target":["https:\/\/centrourbano.com\/revista\/urbanismo\/inauguran-deportivo-en-la-delegacion-cuauhtemoc\/"]}]},{"@type":"ImageObject","inLanguage":"es","@id":"https:\/\/centrourbano.com\/revista\/urbanismo\/inauguran-deportivo-en-la-delegacion-cuauhtemoc\/#primaryimage","url":"https:\/\/centrourbano.com\/revista\/wp-content\/uploads\/0f775cca127534b517b8a42d0d7f69ba.jpg","contentUrl":"https:\/\/centrourbano.com\/revista\/wp-content\/uploads\/0f775cca127534b517b8a42d0d7f69ba.jpg","width":800,"height":558},{"@type":"BreadcrumbList","@id":"https:\/\/centrourbano.com\/revista\/urbanismo\/inauguran-deportivo-en-la-delegacion-cuauhtemoc\/#breadcrumb","itemListElement":[{"@type":"ListItem","position":1,"name":"Portada","item":"https:\/\/centrourbano.com\/revista\/"},{"@type":"ListItem","position":2,"name":"Inauguran Deportivo en la delegaci\u00f3n Cuauht\u00e9moc"}]},{"@type":"WebSite","@id":"https:\/\/centrourbano.com\/revista\/#website","url":"https:\/\/centrourbano.com\/revista\/","name":"Centro Urbano","description":"Medio especializado en los sectores vivienda, inmobiliario, construcci\u00f3n, arquitectura y urbanismo.","publisher":{"@id":"https:\/\/centrourbano.com\/revista\/#organization"},"potentialAction":[{"@type":"SearchAction","target":{"@type":"EntryPoint","urlTemplate":"https:\/\/centrourbano.com\/revista\/?s={search_term_string}"},"query-input":{"@type":"PropertyValueSpecification","valueRequired":true,"valueName":"search_term_string"}}],"inLanguage":"es"},{"@type":"Organization","@id":"https:\/\/centrourbano.com\/revista\/#organization","name":"Centro Urbano","url":"https:\/\/centrourbano.com\/revista\/","logo":{"@type":"ImageObject","inLanguage":"es","@id":"https:\/\/centrourbano.com\/revista\/#\/schema\/logo\/image\/","url":"https:\/\/centrourbano.com\/revista\/wp-content\/uploads\/web_CU_logo-1.png","contentUrl":"https:\/\/centrourbano.com\/revista\/wp-content\/uploads\/web_CU_logo-1.png","width":350,"height":91,"caption":"Centro Urbano"},"image":{"@id":"https:\/\/centrourbano.com\/revista\/#\/schema\/logo\/image\/"},"sameAs":["https:\/\/www.facebook.com\/portalcentrourbano","https:\/\/x.com\/CentroUrbano","https:\/\/www.instagram.com\/centro_urbano\/","https:\/\/www.linkedin.com\/company\/centro-urbano\/","http:\/\/www.youtube.com\/user\/portalcentrourbano"]},{"@type":"Person","@id":"https:\/\/centrourbano.com\/revista\/#\/schema\/person\/04f16f4cd5d20c119240fb9164874cec","name":"Sofia Osorio","image":{"@type":"ImageObject","inLanguage":"es","@id":"https:\/\/secure.gravatar.com\/avatar\/540346885009217f50383aeae8f93738fea6ce04c37c93d6be2d0515d1be354c?s=96&d=mm&r=g","url":"https:\/\/secure.gravatar.com\/avatar\/540346885009217f50383aeae8f93738fea6ce04c37c93d6be2d0515d1be354c?s=96&d=mm&r=g","contentUrl":"https:\/\/secure.gravatar.com\/avatar\/540346885009217f50383aeae8f93738fea6ce04c37c93d6be2d0515d1be354c?s=96&d=mm&r=g","caption":"Sofia Osorio"},"description":"Egresada de la Facultad de Estudios Superiores Arag\u00f3n. Comunicaci\u00f3n y Periodismo. Loca y feliz. Suele re\u00edrse de todo, dormir en el transporte p\u00fablico y terminar corriendo para llegar a cualquier lugar. Cantante de regadera, bailarina frustrada y chiva de coraz\u00f3n, apasionada por lo que hay que hacer. Enojona, gritona y medio amable con la gente. Su primera oportunidad laboral la tuvo como becaria en la revista Klika y fungi\u00f3 como community manager en Grupo Radio Centro. Actualmente explora nuevos campos del periodismo en Centro Urbano.","url":"https:\/\/centrourbano.com\/revista\/author\/sofia-osorio\/"}]}},"_links":{"self":[{"href":"https:\/\/centrourbano.com\/revista\/wp-json\/wp\/v2\/posts\/17646","targetHints":{"allow":["GET"]}}],"collection":[{"href":"https:\/\/centrourbano.com\/revista\/wp-json\/wp\/v2\/posts"}],"about":[{"href":"https:\/\/centrourbano.com\/revista\/wp-json\/wp\/v2\/types\/post"}],"author":[{"embeddable":true,"href":"https:\/\/centrourbano.com\/revista\/wp-json\/wp\/v2\/users\/19"}],"replies":[{"embeddable":true,"href":"https:\/\/centrourbano.com\/revista\/wp-json\/wp\/v2\/comments?post=17646"}],"version-history":[{"count":0,"href":"https:\/\/centrourbano.com\/revista\/wp-json\/wp\/v2\/posts\/17646\/revisions"}],"wp:featuredmedia":[{"embeddable":true,"href":"https:\/\/centrourbano.com\/revista\/wp-json\/wp\/v2\/media\/17650"}],"wp:attachment":[{"href":"https:\/\/centrourbano.com\/revista\/wp-json\/wp\/v2\/media?parent=17646"}],"wp:term":[{"taxonomy":"category","embeddable":true,"href":"https:\/\/centrourbano.com\/revista\/wp-json\/wp\/v2\/categories?post=17646"},{"taxonomy":"post_tag","embeddable":true,"href":"https:\/\/centrourbano.com\/revista\/wp-json\/wp\/v2\/tags?post=17646"}],"curies":[{"name":"wp","href":"https:\/\/api.w.org\/{rel}","templated":true}]}}