{"id":17557,"date":"2015-03-31T10:10:47","date_gmt":"2015-03-31T16:10:47","guid":{"rendered":"http:\/\/centrourbano.com\/?p=17557"},"modified":"2015-03-31T10:12:02","modified_gmt":"2015-03-31T16:12:02","slug":"hoy-en-vivienda-en-verde-antonio-diaz-fundador-de-y-director-general-de-provive","status":"publish","type":"post","link":"https:\/\/centrourbano.com\/revista\/actualidad\/hoy-en-vivienda-en-verde-antonio-diaz-fundador-de-y-director-general-de-provive\/","title":{"rendered":"Hoy en Vivienda en Verde Antonio D\u00edaz, Fundador y director general  de ProVive"},"content":{"rendered":"<p><em>El fundador y Director General de ProVive, estar\u00e1 platicando de los distintos proyectos que tienen sus sociedades en punto de las 23:30 horas<\/em><!--more--><\/p>\n<p>Antonio D\u00edaz, experto en revitalizar comunidades, adem\u00e1s de adquirir y reparar casas adjudicadas en desarrollos habitacionales, donde se estas se arreglan para despu\u00e9s ser entregadas como casas nuevas con acabados de calidad los cuales incluyen el uso de eco tecnolog\u00edas para beneficiar el medio ambiente gracias la reducci\u00f3n de recursos como el agua, luz y gas, ser\u00e1 en invitado de hoy.<\/p>\n<p>Dentro de los temas que platicar\u00e1 se encuentran las perspectivas de sus nuevos proyectos surante 2015, as\u00ed como la importancia que tiene Solvive, firma la cual brinda soluciones de vivienda en materia de cr\u00e9ditos hipotecarios a todos los habitantes de los fraccionamientos donde trabaja ProVive<\/p>\n<p>Por todo esto y m\u00e1s no te pierdas esta exclusiva entrevista en punto de las 23:30 horas a trav\u00e9s de Green TV, en los canales 410 de Izzi y 392 de Total Play, o desde tu computadora o dispositivo m\u00f3vil en greentv.com.mx<\/p>\n","protected":false},"excerpt":{"rendered":"<p>El fundador y Director General de ProVive, estar\u00e1 platicando de los distintos proyectos que tienen sus sociedades en punto de las 23:30 horas<\/p>\n","protected":false},"author":77,"featured_media":17558,"comment_status":"open","ping_status":"closed","sticky":false,"template":"","format":"standard","meta":{"inline_featured_image":false,"footnotes":""},"categories":[80],"tags":[564,150],"class_list":["post-17557","post","type-post","status-publish","format-standard","has-post-thumbnail","hentry","category-actualidad","tag-provive","tag-vivienda-en-verde-2"],"yoast_head":"<!-- This site is optimized with the Yoast SEO plugin v28.4 - https:\/\/yoast.com\/product\/yoast-seo-wordpress\/ -->\n<title>Hoy en Vivienda en Verde Antonio D\u00edaz, Fundador y director general de ProVive -<\/title>\n<meta name=\"description\" content=\"El fundador y Director General de ProVive, estar\u00e1 platicando de los distintos proyectos que tienen sus sociedades en punto de las 23:30 horas Antonio\" \/>\n<meta name=\"robots\" content=\"index, follow, max-snippet:-1, max-image-preview:large, max-video-preview:-1\" \/>\n<link rel=\"canonical\" href=\"https:\/\/centrourbano.com\/revista\/actualidad\/hoy-en-vivienda-en-verde-antonio-diaz-fundador-de-y-director-general-de-provive\/\" \/>\n<meta property=\"og:locale\" content=\"es_ES\" \/>\n<meta property=\"og:type\" content=\"article\" \/>\n<meta property=\"og:title\" content=\"Hoy en Vivienda en Verde Antonio D\u00edaz, Fundador y director general de ProVive -\" \/>\n<meta property=\"og:description\" content=\"El fundador y Director General de ProVive, estar\u00e1 platicando de los distintos proyectos que tienen sus sociedades en punto de las 23:30 horas Antonio\" \/>\n<meta property=\"og:url\" content=\"https:\/\/centrourbano.com\/revista\/actualidad\/hoy-en-vivienda-en-verde-antonio-diaz-fundador-de-y-director-general-de-provive\/\" \/>\n<meta property=\"og:site_name\" content=\"Centro Urbano\" \/>\n<meta property=\"article:publisher\" content=\"https:\/\/www.facebook.com\/portalcentrourbano\" \/>\n<meta property=\"article:published_time\" content=\"2015-03-31T16:10:47+00:00\" \/>\n<meta property=\"article:modified_time\" content=\"2015-03-31T16:12:02+00:00\" \/>\n<meta property=\"og:image\" content=\"https:\/\/centrourbano.com\/revista\/wp-content\/uploads\/Antonio-Diaz_-Provive2-600x4001.jpg\" \/>\n\t<meta property=\"og:image:width\" content=\"600\" \/>\n\t<meta property=\"og:image:height\" content=\"400\" \/>\n\t<meta property=\"og:image:type\" content=\"image\/jpeg\" \/>\n<meta name=\"author\" content=\"G4A\" \/>\n<meta name=\"twitter:card\" content=\"summary_large_image\" \/>\n<meta name=\"twitter:creator\" content=\"@CentroUrbano\" \/>\n<meta name=\"twitter:site\" content=\"@CentroUrbano\" \/>\n<meta name=\"twitter:label1\" content=\"Escrito por\" \/>\n\t<meta name=\"twitter:data1\" content=\"G4A\" \/>\n\t<meta name=\"twitter:label2\" content=\"Tiempo de lectura\" \/>\n\t<meta name=\"twitter:data2\" content=\"1 minuto\" \/>\n<script type=\"application\/ld+json\" class=\"yoast-schema-graph\">{\"@context\":\"https:\\\/\\\/schema.org\",\"@graph\":[{\"@type\":\"Article\",\"@id\":\"https:\\\/\\\/centrourbano.com\\\/revista\\\/actualidad\\\/hoy-en-vivienda-en-verde-antonio-diaz-fundador-de-y-director-general-de-provive\\\/#article\",\"isPartOf\":{\"@id\":\"https:\\\/\\\/centrourbano.com\\\/revista\\\/actualidad\\\/hoy-en-vivienda-en-verde-antonio-diaz-fundador-de-y-director-general-de-provive\\\/\"},\"author\":{\"name\":\"G4A\",\"@id\":\"https:\\\/\\\/centrourbano.com\\\/revista\\\/#\\\/schema\\\/person\\\/370fa0ba2d8dd5bde3fdb8b62ad360aa\"},\"headline\":\"Hoy en Vivienda en Verde Antonio D\u00edaz, Fundador y director general de ProVive\",\"datePublished\":\"2015-03-31T16:10:47+00:00\",\"dateModified\":\"2015-03-31T16:12:02+00:00\",\"mainEntityOfPage\":{\"@id\":\"https:\\\/\\\/centrourbano.com\\\/revista\\\/actualidad\\\/hoy-en-vivienda-en-verde-antonio-diaz-fundador-de-y-director-general-de-provive\\\/\"},\"wordCount\":191,\"commentCount\":0,\"publisher\":{\"@id\":\"https:\\\/\\\/centrourbano.com\\\/revista\\\/#organization\"},\"image\":{\"@id\":\"https:\\\/\\\/centrourbano.com\\\/revista\\\/actualidad\\\/hoy-en-vivienda-en-verde-antonio-diaz-fundador-de-y-director-general-de-provive\\\/#primaryimage\"},\"thumbnailUrl\":\"https:\\\/\\\/centrourbano.com\\\/revista\\\/wp-content\\\/uploads\\\/Antonio-Diaz_-Provive2-600x4001.jpg\",\"keywords\":[\"Provive\",\"Vivienda en Verde\"],\"articleSection\":[\"Actualidad\"],\"inLanguage\":\"es\"},{\"@type\":\"WebPage\",\"@id\":\"https:\\\/\\\/centrourbano.com\\\/revista\\\/actualidad\\\/hoy-en-vivienda-en-verde-antonio-diaz-fundador-de-y-director-general-de-provive\\\/\",\"url\":\"https:\\\/\\\/centrourbano.com\\\/revista\\\/actualidad\\\/hoy-en-vivienda-en-verde-antonio-diaz-fundador-de-y-director-general-de-provive\\\/\",\"name\":\"Hoy en Vivienda en Verde Antonio D\u00edaz, Fundador y director general de ProVive -\",\"isPartOf\":{\"@id\":\"https:\\\/\\\/centrourbano.com\\\/revista\\\/#website\"},\"primaryImageOfPage\":{\"@id\":\"https:\\\/\\\/centrourbano.com\\\/revista\\\/actualidad\\\/hoy-en-vivienda-en-verde-antonio-diaz-fundador-de-y-director-general-de-provive\\\/#primaryimage\"},\"image\":{\"@id\":\"https:\\\/\\\/centrourbano.com\\\/revista\\\/actualidad\\\/hoy-en-vivienda-en-verde-antonio-diaz-fundador-de-y-director-general-de-provive\\\/#primaryimage\"},\"thumbnailUrl\":\"https:\\\/\\\/centrourbano.com\\\/revista\\\/wp-content\\\/uploads\\\/Antonio-Diaz_-Provive2-600x4001.jpg\",\"datePublished\":\"2015-03-31T16:10:47+00:00\",\"dateModified\":\"2015-03-31T16:12:02+00:00\",\"description\":\"El fundador y Director General de ProVive, estar\u00e1 platicando de los distintos proyectos que tienen sus sociedades en punto de las 23:30 horas Antonio\",\"breadcrumb\":{\"@id\":\"https:\\\/\\\/centrourbano.com\\\/revista\\\/actualidad\\\/hoy-en-vivienda-en-verde-antonio-diaz-fundador-de-y-director-general-de-provive\\\/#breadcrumb\"},\"inLanguage\":\"es\",\"potentialAction\":[{\"@type\":\"ReadAction\",\"target\":[\"https:\\\/\\\/centrourbano.com\\\/revista\\\/actualidad\\\/hoy-en-vivienda-en-verde-antonio-diaz-fundador-de-y-director-general-de-provive\\\/\"]}]},{\"@type\":\"ImageObject\",\"inLanguage\":\"es\",\"@id\":\"https:\\\/\\\/centrourbano.com\\\/revista\\\/actualidad\\\/hoy-en-vivienda-en-verde-antonio-diaz-fundador-de-y-director-general-de-provive\\\/#primaryimage\",\"url\":\"https:\\\/\\\/centrourbano.com\\\/revista\\\/wp-content\\\/uploads\\\/Antonio-Diaz_-Provive2-600x4001.jpg\",\"contentUrl\":\"https:\\\/\\\/centrourbano.com\\\/revista\\\/wp-content\\\/uploads\\\/Antonio-Diaz_-Provive2-600x4001.jpg\",\"width\":600,\"height\":400},{\"@type\":\"BreadcrumbList\",\"@id\":\"https:\\\/\\\/centrourbano.com\\\/revista\\\/actualidad\\\/hoy-en-vivienda-en-verde-antonio-diaz-fundador-de-y-director-general-de-provive\\\/#breadcrumb\",\"itemListElement\":[{\"@type\":\"ListItem\",\"position\":1,\"name\":\"Portada\",\"item\":\"https:\\\/\\\/centrourbano.com\\\/revista\\\/\"},{\"@type\":\"ListItem\",\"position\":2,\"name\":\"Hoy en Vivienda en Verde Antonio D\u00edaz, Fundador y director general de ProVive\"}]},{\"@type\":\"WebSite\",\"@id\":\"https:\\\/\\\/centrourbano.com\\\/revista\\\/#website\",\"url\":\"https:\\\/\\\/centrourbano.com\\\/revista\\\/\",\"name\":\"Centro Urbano\",\"description\":\"Medio especializado en los sectores vivienda, inmobiliario, construcci\u00f3n, arquitectura y urbanismo.\",\"publisher\":{\"@id\":\"https:\\\/\\\/centrourbano.com\\\/revista\\\/#organization\"},\"potentialAction\":[{\"@type\":\"SearchAction\",\"target\":{\"@type\":\"EntryPoint\",\"urlTemplate\":\"https:\\\/\\\/centrourbano.com\\\/revista\\\/?s={search_term_string}\"},\"query-input\":{\"@type\":\"PropertyValueSpecification\",\"valueRequired\":true,\"valueName\":\"search_term_string\"}}],\"inLanguage\":\"es\"},{\"@type\":\"Organization\",\"@id\":\"https:\\\/\\\/centrourbano.com\\\/revista\\\/#organization\",\"name\":\"Centro Urbano\",\"url\":\"https:\\\/\\\/centrourbano.com\\\/revista\\\/\",\"logo\":{\"@type\":\"ImageObject\",\"inLanguage\":\"es\",\"@id\":\"https:\\\/\\\/centrourbano.com\\\/revista\\\/#\\\/schema\\\/logo\\\/image\\\/\",\"url\":\"https:\\\/\\\/centrourbano.com\\\/revista\\\/wp-content\\\/uploads\\\/web_CU_logo-1.png\",\"contentUrl\":\"https:\\\/\\\/centrourbano.com\\\/revista\\\/wp-content\\\/uploads\\\/web_CU_logo-1.png\",\"width\":350,\"height\":91,\"caption\":\"Centro Urbano\"},\"image\":{\"@id\":\"https:\\\/\\\/centrourbano.com\\\/revista\\\/#\\\/schema\\\/logo\\\/image\\\/\"},\"sameAs\":[\"https:\\\/\\\/www.facebook.com\\\/portalcentrourbano\",\"https:\\\/\\\/x.com\\\/CentroUrbano\",\"https:\\\/\\\/www.instagram.com\\\/centro_urbano\\\/\",\"https:\\\/\\\/www.linkedin.com\\\/company\\\/centro-urbano\\\/\",\"http:\\\/\\\/www.youtube.com\\\/user\\\/portalcentrourbano\"]},{\"@type\":\"Person\",\"@id\":\"https:\\\/\\\/centrourbano.com\\\/revista\\\/#\\\/schema\\\/person\\\/370fa0ba2d8dd5bde3fdb8b62ad360aa\",\"name\":\"G4A\",\"image\":{\"@type\":\"ImageObject\",\"inLanguage\":\"es\",\"@id\":\"https:\\\/\\\/secure.gravatar.com\\\/avatar\\\/932a97121b13d5de5bbd8193c6c83d3b92c9eda0f39623607d4280e7a5778d97?s=96&d=mm&r=g\",\"url\":\"https:\\\/\\\/secure.gravatar.com\\\/avatar\\\/932a97121b13d5de5bbd8193c6c83d3b92c9eda0f39623607d4280e7a5778d97?s=96&d=mm&r=g\",\"contentUrl\":\"https:\\\/\\\/secure.gravatar.com\\\/avatar\\\/932a97121b13d5de5bbd8193c6c83d3b92c9eda0f39623607d4280e7a5778d97?s=96&d=mm&r=g\",\"caption\":\"G4A\"},\"url\":\"https:\\\/\\\/centrourbano.com\\\/revista\\\/author\\\/admin-g4a\\\/\"}]}<\/script>\n<!-- \/ Yoast SEO plugin. -->","yoast_head_json":{"title":"Hoy en Vivienda en Verde Antonio D\u00edaz, Fundador y director general de ProVive -","description":"El fundador y Director General de ProVive, estar\u00e1 platicando de los distintos proyectos que tienen sus sociedades en punto de las 23:30 horas Antonio","robots":{"index":"index","follow":"follow","max-snippet":"max-snippet:-1","max-image-preview":"max-image-preview:large","max-video-preview":"max-video-preview:-1"},"canonical":"https:\/\/centrourbano.com\/revista\/actualidad\/hoy-en-vivienda-en-verde-antonio-diaz-fundador-de-y-director-general-de-provive\/","og_locale":"es_ES","og_type":"article","og_title":"Hoy en Vivienda en Verde Antonio D\u00edaz, Fundador y director general de ProVive -","og_description":"El fundador y Director General de ProVive, estar\u00e1 platicando de los distintos proyectos que tienen sus sociedades en punto de las 23:30 horas Antonio","og_url":"https:\/\/centrourbano.com\/revista\/actualidad\/hoy-en-vivienda-en-verde-antonio-diaz-fundador-de-y-director-general-de-provive\/","og_site_name":"Centro Urbano","article_publisher":"https:\/\/www.facebook.com\/portalcentrourbano","article_published_time":"2015-03-31T16:10:47+00:00","article_modified_time":"2015-03-31T16:12:02+00:00","og_image":[{"width":600,"height":400,"url":"https:\/\/centrourbano.com\/revista\/wp-content\/uploads\/Antonio-Diaz_-Provive2-600x4001.jpg","type":"image\/jpeg"}],"author":"G4A","twitter_card":"summary_large_image","twitter_creator":"@CentroUrbano","twitter_site":"@CentroUrbano","twitter_misc":{"Escrito por":"G4A","Tiempo de lectura":"1 minuto"},"schema":{"@context":"https:\/\/schema.org","@graph":[{"@type":"Article","@id":"https:\/\/centrourbano.com\/revista\/actualidad\/hoy-en-vivienda-en-verde-antonio-diaz-fundador-de-y-director-general-de-provive\/#article","isPartOf":{"@id":"https:\/\/centrourbano.com\/revista\/actualidad\/hoy-en-vivienda-en-verde-antonio-diaz-fundador-de-y-director-general-de-provive\/"},"author":{"name":"G4A","@id":"https:\/\/centrourbano.com\/revista\/#\/schema\/person\/370fa0ba2d8dd5bde3fdb8b62ad360aa"},"headline":"Hoy en Vivienda en Verde Antonio D\u00edaz, Fundador y director general de ProVive","datePublished":"2015-03-31T16:10:47+00:00","dateModified":"2015-03-31T16:12:02+00:00","mainEntityOfPage":{"@id":"https:\/\/centrourbano.com\/revista\/actualidad\/hoy-en-vivienda-en-verde-antonio-diaz-fundador-de-y-director-general-de-provive\/"},"wordCount":191,"commentCount":0,"publisher":{"@id":"https:\/\/centrourbano.com\/revista\/#organization"},"image":{"@id":"https:\/\/centrourbano.com\/revista\/actualidad\/hoy-en-vivienda-en-verde-antonio-diaz-fundador-de-y-director-general-de-provive\/#primaryimage"},"thumbnailUrl":"https:\/\/centrourbano.com\/revista\/wp-content\/uploads\/Antonio-Diaz_-Provive2-600x4001.jpg","keywords":["Provive","Vivienda en Verde"],"articleSection":["Actualidad"],"inLanguage":"es"},{"@type":"WebPage","@id":"https:\/\/centrourbano.com\/revista\/actualidad\/hoy-en-vivienda-en-verde-antonio-diaz-fundador-de-y-director-general-de-provive\/","url":"https:\/\/centrourbano.com\/revista\/actualidad\/hoy-en-vivienda-en-verde-antonio-diaz-fundador-de-y-director-general-de-provive\/","name":"Hoy en Vivienda en Verde Antonio D\u00edaz, Fundador y director general de ProVive -","isPartOf":{"@id":"https:\/\/centrourbano.com\/revista\/#website"},"primaryImageOfPage":{"@id":"https:\/\/centrourbano.com\/revista\/actualidad\/hoy-en-vivienda-en-verde-antonio-diaz-fundador-de-y-director-general-de-provive\/#primaryimage"},"image":{"@id":"https:\/\/centrourbano.com\/revista\/actualidad\/hoy-en-vivienda-en-verde-antonio-diaz-fundador-de-y-director-general-de-provive\/#primaryimage"},"thumbnailUrl":"https:\/\/centrourbano.com\/revista\/wp-content\/uploads\/Antonio-Diaz_-Provive2-600x4001.jpg","datePublished":"2015-03-31T16:10:47+00:00","dateModified":"2015-03-31T16:12:02+00:00","description":"El fundador y Director General de ProVive, estar\u00e1 platicando de los distintos proyectos que tienen sus sociedades en punto de las 23:30 horas Antonio","breadcrumb":{"@id":"https:\/\/centrourbano.com\/revista\/actualidad\/hoy-en-vivienda-en-verde-antonio-diaz-fundador-de-y-director-general-de-provive\/#breadcrumb"},"inLanguage":"es","potentialAction":[{"@type":"ReadAction","target":["https:\/\/centrourbano.com\/revista\/actualidad\/hoy-en-vivienda-en-verde-antonio-diaz-fundador-de-y-director-general-de-provive\/"]}]},{"@type":"ImageObject","inLanguage":"es","@id":"https:\/\/centrourbano.com\/revista\/actualidad\/hoy-en-vivienda-en-verde-antonio-diaz-fundador-de-y-director-general-de-provive\/#primaryimage","url":"https:\/\/centrourbano.com\/revista\/wp-content\/uploads\/Antonio-Diaz_-Provive2-600x4001.jpg","contentUrl":"https:\/\/centrourbano.com\/revista\/wp-content\/uploads\/Antonio-Diaz_-Provive2-600x4001.jpg","width":600,"height":400},{"@type":"BreadcrumbList","@id":"https:\/\/centrourbano.com\/revista\/actualidad\/hoy-en-vivienda-en-verde-antonio-diaz-fundador-de-y-director-general-de-provive\/#breadcrumb","itemListElement":[{"@type":"ListItem","position":1,"name":"Portada","item":"https:\/\/centrourbano.com\/revista\/"},{"@type":"ListItem","position":2,"name":"Hoy en Vivienda en Verde Antonio D\u00edaz, Fundador y director general de ProVive"}]},{"@type":"WebSite","@id":"https:\/\/centrourbano.com\/revista\/#website","url":"https:\/\/centrourbano.com\/revista\/","name":"Centro Urbano","description":"Medio especializado en los sectores vivienda, inmobiliario, construcci\u00f3n, arquitectura y urbanismo.","publisher":{"@id":"https:\/\/centrourbano.com\/revista\/#organization"},"potentialAction":[{"@type":"SearchAction","target":{"@type":"EntryPoint","urlTemplate":"https:\/\/centrourbano.com\/revista\/?s={search_term_string}"},"query-input":{"@type":"PropertyValueSpecification","valueRequired":true,"valueName":"search_term_string"}}],"inLanguage":"es"},{"@type":"Organization","@id":"https:\/\/centrourbano.com\/revista\/#organization","name":"Centro Urbano","url":"https:\/\/centrourbano.com\/revista\/","logo":{"@type":"ImageObject","inLanguage":"es","@id":"https:\/\/centrourbano.com\/revista\/#\/schema\/logo\/image\/","url":"https:\/\/centrourbano.com\/revista\/wp-content\/uploads\/web_CU_logo-1.png","contentUrl":"https:\/\/centrourbano.com\/revista\/wp-content\/uploads\/web_CU_logo-1.png","width":350,"height":91,"caption":"Centro Urbano"},"image":{"@id":"https:\/\/centrourbano.com\/revista\/#\/schema\/logo\/image\/"},"sameAs":["https:\/\/www.facebook.com\/portalcentrourbano","https:\/\/x.com\/CentroUrbano","https:\/\/www.instagram.com\/centro_urbano\/","https:\/\/www.linkedin.com\/company\/centro-urbano\/","http:\/\/www.youtube.com\/user\/portalcentrourbano"]},{"@type":"Person","@id":"https:\/\/centrourbano.com\/revista\/#\/schema\/person\/370fa0ba2d8dd5bde3fdb8b62ad360aa","name":"G4A","image":{"@type":"ImageObject","inLanguage":"es","@id":"https:\/\/secure.gravatar.com\/avatar\/932a97121b13d5de5bbd8193c6c83d3b92c9eda0f39623607d4280e7a5778d97?s=96&d=mm&r=g","url":"https:\/\/secure.gravatar.com\/avatar\/932a97121b13d5de5bbd8193c6c83d3b92c9eda0f39623607d4280e7a5778d97?s=96&d=mm&r=g","contentUrl":"https:\/\/secure.gravatar.com\/avatar\/932a97121b13d5de5bbd8193c6c83d3b92c9eda0f39623607d4280e7a5778d97?s=96&d=mm&r=g","caption":"G4A"},"url":"https:\/\/centrourbano.com\/revista\/author\/admin-g4a\/"}]}},"_links":{"self":[{"href":"https:\/\/centrourbano.com\/revista\/wp-json\/wp\/v2\/posts\/17557","targetHints":{"allow":["GET"]}}],"collection":[{"href":"https:\/\/centrourbano.com\/revista\/wp-json\/wp\/v2\/posts"}],"about":[{"href":"https:\/\/centrourbano.com\/revista\/wp-json\/wp\/v2\/types\/post"}],"author":[{"embeddable":true,"href":"https:\/\/centrourbano.com\/revista\/wp-json\/wp\/v2\/users\/77"}],"replies":[{"embeddable":true,"href":"https:\/\/centrourbano.com\/revista\/wp-json\/wp\/v2\/comments?post=17557"}],"version-history":[{"count":0,"href":"https:\/\/centrourbano.com\/revista\/wp-json\/wp\/v2\/posts\/17557\/revisions"}],"wp:featuredmedia":[{"embeddable":true,"href":"https:\/\/centrourbano.com\/revista\/wp-json\/wp\/v2\/media\/17558"}],"wp:attachment":[{"href":"https:\/\/centrourbano.com\/revista\/wp-json\/wp\/v2\/media?parent=17557"}],"wp:term":[{"taxonomy":"category","embeddable":true,"href":"https:\/\/centrourbano.com\/revista\/wp-json\/wp\/v2\/categories?post=17557"},{"taxonomy":"post_tag","embeddable":true,"href":"https:\/\/centrourbano.com\/revista\/wp-json\/wp\/v2\/tags?post=17557"}],"curies":[{"name":"wp","href":"https:\/\/api.w.org\/{rel}","templated":true}]}}