{"id":17411,"date":"2015-03-26T13:52:21","date_gmt":"2015-03-26T19:52:21","guid":{"rendered":"http:\/\/centrourbano.com\/?p=17411"},"modified":"2015-03-31T12:26:39","modified_gmt":"2015-03-31T18:26:39","slug":"fundacion-hogares-presento-su-libro-el-ideal-del-hogar","status":"publish","type":"post","link":"https:\/\/centrourbano.com\/revista\/actualidad\/fundacion-hogares-presento-su-libro-el-ideal-del-hogar\/","title":{"rendered":"Fundaci\u00f3n Hogares present\u00f3 su libro El Ideal del Hogar"},"content":{"rendered":"<p><em>La publicaci\u00f3n se centra en los valores de la fundaci\u00f3n y como estos pueden mejorar el entorno social y vecinal de los mexicanos <\/em><!--more--><\/p>\n<p>Con la asistencia de varios expertos relacionados con el sector de la vivienda, acad\u00e9micos, periodistas y un ex gobernador, la Fundaci\u00f3n Hogares, present\u00f3 su libro El Ideal del Hogar, publicaci\u00f3n que se centra en los valores de la fundaci\u00f3n y como estos pueden mejorar el entorno social y vecinal de los mexicanos.<\/p>\n<p>El libro cuenta con distintas historias relacionadas con el clima vecinal compartidas por vecinos, escritores, acad\u00e9micos y expertos relacionados con distintos programas comunitarios realizados por la instituci\u00f3n, dentro de los que se destacan Juan Villoro, Sebasti\u00e1n Fern\u00e1ndez, Ernesto Alva, Carlos Zedillo, Patricia Blake, Daniela Tarazona, Alejandro Hern\u00e1ndez\u00a0 y Erik Alonso, por nombrar algunos.<\/p>\n<p>Gerardo Cort\u00e9s, y \u00a0Paulina Campos, presidente del patronato y \u00a0directora general de Fundaci\u00f3n Hogares, respectivamente destacaron que la publicaci\u00f3n del El Ideal Del hogar, fue un trabajo realizado en conjunto por varios miembros y personalidades relacionadas con el sector de la vivienda para poder crear una mejor conciencia y generar mayor confianza en las personas\u00a0 hacia las instituciones.<\/p>\n<p>Dentro de los asistentes del evento de encontraron Sebasti\u00e1n Fern\u00e1ndez, director sectorial empresarial del Infonavit, Ernesto Alva, coordinar de la especialidad en vivienda del posgrado de arquitectura en la UNAM, Patricia Blake, escritora y becaria del Fondo Nacional para la Cultura y las Artes, Carlos Zedillo, subdirector general de sustentabilidad del Infonavit, y el ex gobernador del estado de Campeche, Abelardo Carrillo; mientras Juan Jos\u00e9 Kochen, editor del libro fungi\u00f3 como maestro de ceremonia.<\/p>\n","protected":false},"excerpt":{"rendered":"<p>La publicaci\u00f3n se centra en los valores de la fundaci\u00f3n y como estos pueden mejorar el entorno social y vecinal de los mexicanos<\/p>\n","protected":false},"author":77,"featured_media":17412,"comment_status":"open","ping_status":"closed","sticky":false,"template":"","format":"standard","meta":{"inline_featured_image":false,"footnotes":""},"categories":[80],"tags":[2392,1442,4690],"class_list":["post-17411","post","type-post","status-publish","format-standard","has-post-thumbnail","hentry","category-actualidad","tag-fundacion-hogares","tag-libro","tag-presentacion"],"yoast_head":"<!-- This site is optimized with the Yoast SEO plugin v28.4 - https:\/\/yoast.com\/product\/yoast-seo-wordpress\/ -->\n<title>Fundaci\u00f3n Hogares present\u00f3 su libro El Ideal del Hogar -<\/title>\n<meta name=\"description\" content=\"La publicaci\u00f3n se centra en los valores de la fundaci\u00f3n y como estos pueden mejorar el entorno social y vecinal de los mexicanos Con la asistencia de\" \/>\n<meta name=\"robots\" content=\"index, follow, max-snippet:-1, max-image-preview:large, max-video-preview:-1\" \/>\n<link rel=\"canonical\" href=\"https:\/\/centrourbano.com\/revista\/actualidad\/fundacion-hogares-presento-su-libro-el-ideal-del-hogar\/\" \/>\n<meta property=\"og:locale\" content=\"es_ES\" \/>\n<meta property=\"og:type\" content=\"article\" \/>\n<meta property=\"og:title\" content=\"Fundaci\u00f3n Hogares present\u00f3 su libro El Ideal del Hogar -\" \/>\n<meta property=\"og:description\" content=\"La publicaci\u00f3n se centra en los valores de la fundaci\u00f3n y como estos pueden mejorar el entorno social y vecinal de los mexicanos Con la asistencia de\" \/>\n<meta property=\"og:url\" content=\"https:\/\/centrourbano.com\/revista\/actualidad\/fundacion-hogares-presento-su-libro-el-ideal-del-hogar\/\" \/>\n<meta property=\"og:site_name\" content=\"Centro Urbano\" \/>\n<meta property=\"article:publisher\" content=\"https:\/\/www.facebook.com\/portalcentrourbano\" \/>\n<meta property=\"article:published_time\" content=\"2015-03-26T19:52:21+00:00\" \/>\n<meta property=\"article:modified_time\" content=\"2015-03-31T18:26:39+00:00\" \/>\n<meta property=\"og:image\" content=\"https:\/\/centrourbano.com\/revista\/wp-content\/uploads\/DSC_0878-scaled.jpg\" \/>\n\t<meta property=\"og:image:width\" content=\"2560\" \/>\n\t<meta property=\"og:image:height\" content=\"1718\" \/>\n\t<meta property=\"og:image:type\" content=\"image\/jpeg\" \/>\n<meta name=\"author\" content=\"G4A\" \/>\n<meta name=\"twitter:card\" content=\"summary_large_image\" \/>\n<meta name=\"twitter:creator\" content=\"@CentroUrbano\" \/>\n<meta name=\"twitter:site\" content=\"@CentroUrbano\" \/>\n<meta name=\"twitter:label1\" content=\"Escrito por\" \/>\n\t<meta name=\"twitter:data1\" content=\"G4A\" \/>\n\t<meta name=\"twitter:label2\" content=\"Tiempo de lectura\" \/>\n\t<meta name=\"twitter:data2\" content=\"1 minuto\" \/>\n<script type=\"application\/ld+json\" class=\"yoast-schema-graph\">{\"@context\":\"https:\\\/\\\/schema.org\",\"@graph\":[{\"@type\":\"Article\",\"@id\":\"https:\\\/\\\/centrourbano.com\\\/revista\\\/actualidad\\\/fundacion-hogares-presento-su-libro-el-ideal-del-hogar\\\/#article\",\"isPartOf\":{\"@id\":\"https:\\\/\\\/centrourbano.com\\\/revista\\\/actualidad\\\/fundacion-hogares-presento-su-libro-el-ideal-del-hogar\\\/\"},\"author\":{\"name\":\"G4A\",\"@id\":\"https:\\\/\\\/centrourbano.com\\\/revista\\\/#\\\/schema\\\/person\\\/370fa0ba2d8dd5bde3fdb8b62ad360aa\"},\"headline\":\"Fundaci\u00f3n Hogares present\u00f3 su libro El Ideal del Hogar\",\"datePublished\":\"2015-03-26T19:52:21+00:00\",\"dateModified\":\"2015-03-31T18:26:39+00:00\",\"mainEntityOfPage\":{\"@id\":\"https:\\\/\\\/centrourbano.com\\\/revista\\\/actualidad\\\/fundacion-hogares-presento-su-libro-el-ideal-del-hogar\\\/\"},\"wordCount\":286,\"commentCount\":0,\"publisher\":{\"@id\":\"https:\\\/\\\/centrourbano.com\\\/revista\\\/#organization\"},\"image\":{\"@id\":\"https:\\\/\\\/centrourbano.com\\\/revista\\\/actualidad\\\/fundacion-hogares-presento-su-libro-el-ideal-del-hogar\\\/#primaryimage\"},\"thumbnailUrl\":\"https:\\\/\\\/centrourbano.com\\\/revista\\\/wp-content\\\/uploads\\\/DSC_0878-scaled.jpg\",\"keywords\":[\"Fundaci\u00f3n Hogares\",\"libro\",\"Presentaci\u00f3n\"],\"articleSection\":[\"Actualidad\"],\"inLanguage\":\"es\"},{\"@type\":\"WebPage\",\"@id\":\"https:\\\/\\\/centrourbano.com\\\/revista\\\/actualidad\\\/fundacion-hogares-presento-su-libro-el-ideal-del-hogar\\\/\",\"url\":\"https:\\\/\\\/centrourbano.com\\\/revista\\\/actualidad\\\/fundacion-hogares-presento-su-libro-el-ideal-del-hogar\\\/\",\"name\":\"Fundaci\u00f3n Hogares present\u00f3 su libro El Ideal del Hogar -\",\"isPartOf\":{\"@id\":\"https:\\\/\\\/centrourbano.com\\\/revista\\\/#website\"},\"primaryImageOfPage\":{\"@id\":\"https:\\\/\\\/centrourbano.com\\\/revista\\\/actualidad\\\/fundacion-hogares-presento-su-libro-el-ideal-del-hogar\\\/#primaryimage\"},\"image\":{\"@id\":\"https:\\\/\\\/centrourbano.com\\\/revista\\\/actualidad\\\/fundacion-hogares-presento-su-libro-el-ideal-del-hogar\\\/#primaryimage\"},\"thumbnailUrl\":\"https:\\\/\\\/centrourbano.com\\\/revista\\\/wp-content\\\/uploads\\\/DSC_0878-scaled.jpg\",\"datePublished\":\"2015-03-26T19:52:21+00:00\",\"dateModified\":\"2015-03-31T18:26:39+00:00\",\"description\":\"La publicaci\u00f3n se centra en los valores de la fundaci\u00f3n y como estos pueden mejorar el entorno social y vecinal de los mexicanos Con la asistencia de\",\"breadcrumb\":{\"@id\":\"https:\\\/\\\/centrourbano.com\\\/revista\\\/actualidad\\\/fundacion-hogares-presento-su-libro-el-ideal-del-hogar\\\/#breadcrumb\"},\"inLanguage\":\"es\",\"potentialAction\":[{\"@type\":\"ReadAction\",\"target\":[\"https:\\\/\\\/centrourbano.com\\\/revista\\\/actualidad\\\/fundacion-hogares-presento-su-libro-el-ideal-del-hogar\\\/\"]}]},{\"@type\":\"ImageObject\",\"inLanguage\":\"es\",\"@id\":\"https:\\\/\\\/centrourbano.com\\\/revista\\\/actualidad\\\/fundacion-hogares-presento-su-libro-el-ideal-del-hogar\\\/#primaryimage\",\"url\":\"https:\\\/\\\/centrourbano.com\\\/revista\\\/wp-content\\\/uploads\\\/DSC_0878-scaled.jpg\",\"contentUrl\":\"https:\\\/\\\/centrourbano.com\\\/revista\\\/wp-content\\\/uploads\\\/DSC_0878-scaled.jpg\",\"width\":2560,\"height\":1718},{\"@type\":\"BreadcrumbList\",\"@id\":\"https:\\\/\\\/centrourbano.com\\\/revista\\\/actualidad\\\/fundacion-hogares-presento-su-libro-el-ideal-del-hogar\\\/#breadcrumb\",\"itemListElement\":[{\"@type\":\"ListItem\",\"position\":1,\"name\":\"Portada\",\"item\":\"https:\\\/\\\/centrourbano.com\\\/revista\\\/\"},{\"@type\":\"ListItem\",\"position\":2,\"name\":\"Fundaci\u00f3n Hogares present\u00f3 su libro El Ideal del Hogar\"}]},{\"@type\":\"WebSite\",\"@id\":\"https:\\\/\\\/centrourbano.com\\\/revista\\\/#website\",\"url\":\"https:\\\/\\\/centrourbano.com\\\/revista\\\/\",\"name\":\"Centro Urbano\",\"description\":\"Medio especializado en los sectores vivienda, inmobiliario, construcci\u00f3n, arquitectura y urbanismo.\",\"publisher\":{\"@id\":\"https:\\\/\\\/centrourbano.com\\\/revista\\\/#organization\"},\"potentialAction\":[{\"@type\":\"SearchAction\",\"target\":{\"@type\":\"EntryPoint\",\"urlTemplate\":\"https:\\\/\\\/centrourbano.com\\\/revista\\\/?s={search_term_string}\"},\"query-input\":{\"@type\":\"PropertyValueSpecification\",\"valueRequired\":true,\"valueName\":\"search_term_string\"}}],\"inLanguage\":\"es\"},{\"@type\":\"Organization\",\"@id\":\"https:\\\/\\\/centrourbano.com\\\/revista\\\/#organization\",\"name\":\"Centro Urbano\",\"url\":\"https:\\\/\\\/centrourbano.com\\\/revista\\\/\",\"logo\":{\"@type\":\"ImageObject\",\"inLanguage\":\"es\",\"@id\":\"https:\\\/\\\/centrourbano.com\\\/revista\\\/#\\\/schema\\\/logo\\\/image\\\/\",\"url\":\"https:\\\/\\\/centrourbano.com\\\/revista\\\/wp-content\\\/uploads\\\/web_CU_logo-1.png\",\"contentUrl\":\"https:\\\/\\\/centrourbano.com\\\/revista\\\/wp-content\\\/uploads\\\/web_CU_logo-1.png\",\"width\":350,\"height\":91,\"caption\":\"Centro Urbano\"},\"image\":{\"@id\":\"https:\\\/\\\/centrourbano.com\\\/revista\\\/#\\\/schema\\\/logo\\\/image\\\/\"},\"sameAs\":[\"https:\\\/\\\/www.facebook.com\\\/portalcentrourbano\",\"https:\\\/\\\/x.com\\\/CentroUrbano\",\"https:\\\/\\\/www.instagram.com\\\/centro_urbano\\\/\",\"https:\\\/\\\/www.linkedin.com\\\/company\\\/centro-urbano\\\/\",\"http:\\\/\\\/www.youtube.com\\\/user\\\/portalcentrourbano\"]},{\"@type\":\"Person\",\"@id\":\"https:\\\/\\\/centrourbano.com\\\/revista\\\/#\\\/schema\\\/person\\\/370fa0ba2d8dd5bde3fdb8b62ad360aa\",\"name\":\"G4A\",\"image\":{\"@type\":\"ImageObject\",\"inLanguage\":\"es\",\"@id\":\"https:\\\/\\\/secure.gravatar.com\\\/avatar\\\/932a97121b13d5de5bbd8193c6c83d3b92c9eda0f39623607d4280e7a5778d97?s=96&d=mm&r=g\",\"url\":\"https:\\\/\\\/secure.gravatar.com\\\/avatar\\\/932a97121b13d5de5bbd8193c6c83d3b92c9eda0f39623607d4280e7a5778d97?s=96&d=mm&r=g\",\"contentUrl\":\"https:\\\/\\\/secure.gravatar.com\\\/avatar\\\/932a97121b13d5de5bbd8193c6c83d3b92c9eda0f39623607d4280e7a5778d97?s=96&d=mm&r=g\",\"caption\":\"G4A\"},\"url\":\"https:\\\/\\\/centrourbano.com\\\/revista\\\/author\\\/admin-g4a\\\/\"}]}<\/script>\n<!-- \/ Yoast SEO plugin. -->","yoast_head_json":{"title":"Fundaci\u00f3n Hogares present\u00f3 su libro El Ideal del Hogar -","description":"La publicaci\u00f3n se centra en los valores de la fundaci\u00f3n y como estos pueden mejorar el entorno social y vecinal de los mexicanos Con la asistencia de","robots":{"index":"index","follow":"follow","max-snippet":"max-snippet:-1","max-image-preview":"max-image-preview:large","max-video-preview":"max-video-preview:-1"},"canonical":"https:\/\/centrourbano.com\/revista\/actualidad\/fundacion-hogares-presento-su-libro-el-ideal-del-hogar\/","og_locale":"es_ES","og_type":"article","og_title":"Fundaci\u00f3n Hogares present\u00f3 su libro El Ideal del Hogar -","og_description":"La publicaci\u00f3n se centra en los valores de la fundaci\u00f3n y como estos pueden mejorar el entorno social y vecinal de los mexicanos Con la asistencia de","og_url":"https:\/\/centrourbano.com\/revista\/actualidad\/fundacion-hogares-presento-su-libro-el-ideal-del-hogar\/","og_site_name":"Centro Urbano","article_publisher":"https:\/\/www.facebook.com\/portalcentrourbano","article_published_time":"2015-03-26T19:52:21+00:00","article_modified_time":"2015-03-31T18:26:39+00:00","og_image":[{"width":2560,"height":1718,"url":"https:\/\/centrourbano.com\/revista\/wp-content\/uploads\/DSC_0878-scaled.jpg","type":"image\/jpeg"}],"author":"G4A","twitter_card":"summary_large_image","twitter_creator":"@CentroUrbano","twitter_site":"@CentroUrbano","twitter_misc":{"Escrito por":"G4A","Tiempo de lectura":"1 minuto"},"schema":{"@context":"https:\/\/schema.org","@graph":[{"@type":"Article","@id":"https:\/\/centrourbano.com\/revista\/actualidad\/fundacion-hogares-presento-su-libro-el-ideal-del-hogar\/#article","isPartOf":{"@id":"https:\/\/centrourbano.com\/revista\/actualidad\/fundacion-hogares-presento-su-libro-el-ideal-del-hogar\/"},"author":{"name":"G4A","@id":"https:\/\/centrourbano.com\/revista\/#\/schema\/person\/370fa0ba2d8dd5bde3fdb8b62ad360aa"},"headline":"Fundaci\u00f3n Hogares present\u00f3 su libro El Ideal del Hogar","datePublished":"2015-03-26T19:52:21+00:00","dateModified":"2015-03-31T18:26:39+00:00","mainEntityOfPage":{"@id":"https:\/\/centrourbano.com\/revista\/actualidad\/fundacion-hogares-presento-su-libro-el-ideal-del-hogar\/"},"wordCount":286,"commentCount":0,"publisher":{"@id":"https:\/\/centrourbano.com\/revista\/#organization"},"image":{"@id":"https:\/\/centrourbano.com\/revista\/actualidad\/fundacion-hogares-presento-su-libro-el-ideal-del-hogar\/#primaryimage"},"thumbnailUrl":"https:\/\/centrourbano.com\/revista\/wp-content\/uploads\/DSC_0878-scaled.jpg","keywords":["Fundaci\u00f3n Hogares","libro","Presentaci\u00f3n"],"articleSection":["Actualidad"],"inLanguage":"es"},{"@type":"WebPage","@id":"https:\/\/centrourbano.com\/revista\/actualidad\/fundacion-hogares-presento-su-libro-el-ideal-del-hogar\/","url":"https:\/\/centrourbano.com\/revista\/actualidad\/fundacion-hogares-presento-su-libro-el-ideal-del-hogar\/","name":"Fundaci\u00f3n Hogares present\u00f3 su libro El Ideal del Hogar -","isPartOf":{"@id":"https:\/\/centrourbano.com\/revista\/#website"},"primaryImageOfPage":{"@id":"https:\/\/centrourbano.com\/revista\/actualidad\/fundacion-hogares-presento-su-libro-el-ideal-del-hogar\/#primaryimage"},"image":{"@id":"https:\/\/centrourbano.com\/revista\/actualidad\/fundacion-hogares-presento-su-libro-el-ideal-del-hogar\/#primaryimage"},"thumbnailUrl":"https:\/\/centrourbano.com\/revista\/wp-content\/uploads\/DSC_0878-scaled.jpg","datePublished":"2015-03-26T19:52:21+00:00","dateModified":"2015-03-31T18:26:39+00:00","description":"La publicaci\u00f3n se centra en los valores de la fundaci\u00f3n y como estos pueden mejorar el entorno social y vecinal de los mexicanos Con la asistencia de","breadcrumb":{"@id":"https:\/\/centrourbano.com\/revista\/actualidad\/fundacion-hogares-presento-su-libro-el-ideal-del-hogar\/#breadcrumb"},"inLanguage":"es","potentialAction":[{"@type":"ReadAction","target":["https:\/\/centrourbano.com\/revista\/actualidad\/fundacion-hogares-presento-su-libro-el-ideal-del-hogar\/"]}]},{"@type":"ImageObject","inLanguage":"es","@id":"https:\/\/centrourbano.com\/revista\/actualidad\/fundacion-hogares-presento-su-libro-el-ideal-del-hogar\/#primaryimage","url":"https:\/\/centrourbano.com\/revista\/wp-content\/uploads\/DSC_0878-scaled.jpg","contentUrl":"https:\/\/centrourbano.com\/revista\/wp-content\/uploads\/DSC_0878-scaled.jpg","width":2560,"height":1718},{"@type":"BreadcrumbList","@id":"https:\/\/centrourbano.com\/revista\/actualidad\/fundacion-hogares-presento-su-libro-el-ideal-del-hogar\/#breadcrumb","itemListElement":[{"@type":"ListItem","position":1,"name":"Portada","item":"https:\/\/centrourbano.com\/revista\/"},{"@type":"ListItem","position":2,"name":"Fundaci\u00f3n Hogares present\u00f3 su libro El Ideal del Hogar"}]},{"@type":"WebSite","@id":"https:\/\/centrourbano.com\/revista\/#website","url":"https:\/\/centrourbano.com\/revista\/","name":"Centro Urbano","description":"Medio especializado en los sectores vivienda, inmobiliario, construcci\u00f3n, arquitectura y urbanismo.","publisher":{"@id":"https:\/\/centrourbano.com\/revista\/#organization"},"potentialAction":[{"@type":"SearchAction","target":{"@type":"EntryPoint","urlTemplate":"https:\/\/centrourbano.com\/revista\/?s={search_term_string}"},"query-input":{"@type":"PropertyValueSpecification","valueRequired":true,"valueName":"search_term_string"}}],"inLanguage":"es"},{"@type":"Organization","@id":"https:\/\/centrourbano.com\/revista\/#organization","name":"Centro Urbano","url":"https:\/\/centrourbano.com\/revista\/","logo":{"@type":"ImageObject","inLanguage":"es","@id":"https:\/\/centrourbano.com\/revista\/#\/schema\/logo\/image\/","url":"https:\/\/centrourbano.com\/revista\/wp-content\/uploads\/web_CU_logo-1.png","contentUrl":"https:\/\/centrourbano.com\/revista\/wp-content\/uploads\/web_CU_logo-1.png","width":350,"height":91,"caption":"Centro Urbano"},"image":{"@id":"https:\/\/centrourbano.com\/revista\/#\/schema\/logo\/image\/"},"sameAs":["https:\/\/www.facebook.com\/portalcentrourbano","https:\/\/x.com\/CentroUrbano","https:\/\/www.instagram.com\/centro_urbano\/","https:\/\/www.linkedin.com\/company\/centro-urbano\/","http:\/\/www.youtube.com\/user\/portalcentrourbano"]},{"@type":"Person","@id":"https:\/\/centrourbano.com\/revista\/#\/schema\/person\/370fa0ba2d8dd5bde3fdb8b62ad360aa","name":"G4A","image":{"@type":"ImageObject","inLanguage":"es","@id":"https:\/\/secure.gravatar.com\/avatar\/932a97121b13d5de5bbd8193c6c83d3b92c9eda0f39623607d4280e7a5778d97?s=96&d=mm&r=g","url":"https:\/\/secure.gravatar.com\/avatar\/932a97121b13d5de5bbd8193c6c83d3b92c9eda0f39623607d4280e7a5778d97?s=96&d=mm&r=g","contentUrl":"https:\/\/secure.gravatar.com\/avatar\/932a97121b13d5de5bbd8193c6c83d3b92c9eda0f39623607d4280e7a5778d97?s=96&d=mm&r=g","caption":"G4A"},"url":"https:\/\/centrourbano.com\/revista\/author\/admin-g4a\/"}]}},"_links":{"self":[{"href":"https:\/\/centrourbano.com\/revista\/wp-json\/wp\/v2\/posts\/17411","targetHints":{"allow":["GET"]}}],"collection":[{"href":"https:\/\/centrourbano.com\/revista\/wp-json\/wp\/v2\/posts"}],"about":[{"href":"https:\/\/centrourbano.com\/revista\/wp-json\/wp\/v2\/types\/post"}],"author":[{"embeddable":true,"href":"https:\/\/centrourbano.com\/revista\/wp-json\/wp\/v2\/users\/77"}],"replies":[{"embeddable":true,"href":"https:\/\/centrourbano.com\/revista\/wp-json\/wp\/v2\/comments?post=17411"}],"version-history":[{"count":0,"href":"https:\/\/centrourbano.com\/revista\/wp-json\/wp\/v2\/posts\/17411\/revisions"}],"wp:featuredmedia":[{"embeddable":true,"href":"https:\/\/centrourbano.com\/revista\/wp-json\/wp\/v2\/media\/17412"}],"wp:attachment":[{"href":"https:\/\/centrourbano.com\/revista\/wp-json\/wp\/v2\/media?parent=17411"}],"wp:term":[{"taxonomy":"category","embeddable":true,"href":"https:\/\/centrourbano.com\/revista\/wp-json\/wp\/v2\/categories?post=17411"},{"taxonomy":"post_tag","embeddable":true,"href":"https:\/\/centrourbano.com\/revista\/wp-json\/wp\/v2\/tags?post=17411"}],"curies":[{"name":"wp","href":"https:\/\/api.w.org\/{rel}","templated":true}]}}