{"id":17062,"date":"2015-03-18T09:05:46","date_gmt":"2015-03-18T15:05:46","guid":{"rendered":"http:\/\/centrourbano.com\/?p=17062"},"modified":"2015-03-18T13:04:52","modified_gmt":"2015-03-18T19:04:52","slug":"tendra-durango-nuevo-gasoducto","status":"publish","type":"post","link":"https:\/\/centrourbano.com\/revista\/construccion\/tendra-durango-nuevo-gasoducto\/","title":{"rendered":"Contar\u00e1 Durango con un nuevo gasoducto"},"content":{"rendered":"<p><em>Esta infraestructura\u00a0ayudar\u00e1 a la industrializaci\u00f3n de la regi\u00f3n y a la generaci\u00f3n de m\u00e1s empleos en\u00a0la entidad<\/em><!--more--><\/p>\n<p>Con una inversi\u00f3n de 9,000 millones de pesos, el Gobierno del Estado de Durango llevar\u00e1 a cabo la construcci\u00f3n de un nuevo gasoducto que correr\u00e1 de G\u00f3mez Palacio a Durango y posteriormente a Zacatecas.<\/p>\n<p>As\u00ed lo inform\u00f3 el\u00a0gobernador de la entidad, Jorge Herrera Caldera, quien destac\u00f3 que esta infraestructura\u00a0ayudar\u00e1 a la industrializaci\u00f3n de la regi\u00f3n y a la generaci\u00f3n de m\u00e1s empleos en Durango.<\/p>\n<p>Detall\u00f3 que actualmente se construye en la entidad el gasoducto El Encino-Laguna\u00a0y se construir\u00e1 en Lerdo una planta de generaci\u00f3n de energ\u00eda el\u00e9ctrica con 14,000 millones de pesos m\u00e1s.<\/p>\n<p>En el marco de su Informe de Gobierno, el mandatario resalt\u00f3 que en Durango se prev\u00e9 una inversi\u00f3n mayor de 30,000 millones de pesos, resultado de la reforma energ\u00e9tica, y la cual \u00a0supera la inversi\u00f3n hecha en la\u00a0construcci\u00f3n de la s\u00faper carretera Durango-Mazatl\u00e1n.<\/p>\n<p>Asimismo, pidi\u00f3 a la secretaria de Salud, Mercedes Juan L\u00f3pez, quien asisti\u00f3 a la ceremonia en representaci\u00f3n del presidente Enrique Pe\u00f1a Nieto, que transmita al titular del Ejecutivo el agradecimiento del pueblo y gobierno de Durango, por la construcci\u00f3n de esta obra.<\/p>\n<p>Por \u00faltimo, hizo un llamado a la unidad de todos los duranguenses para proteger a las familias en la seguridad, la salud, la educaci\u00f3n y la vivienda digna para crecer econ\u00f3micamente, generar empleos y convertir a la entidad en el nuevo polo de desarrollo del norte de M\u00e9xico.<\/p>\n","protected":false},"excerpt":{"rendered":"<p>Esta infraestructura\u00a0ayudar\u00e1 a la industrializaci\u00f3n de la regi\u00f3n y a la generaci\u00f3n de m\u00e1s empleos en\u00a0la entidad<\/p>\n","protected":false},"author":9,"featured_media":17063,"comment_status":"open","ping_status":"closed","sticky":false,"template":"","format":"standard","meta":{"om_disable_all_campaigns":false,"inline_featured_image":false,"_monsterinsights_skip_tracking":false,"_monsterinsights_sitenote_active":false,"_monsterinsights_sitenote_note":"","_monsterinsights_sitenote_category":0,"footnotes":""},"categories":[14],"tags":[312,333,311],"class_list":["post-17062","post","type-post","status-publish","format-standard","has-post-thumbnail","hentry","category-construccion","tag-durango","tag-gasoducto","tag-infraestructura"],"yoast_head":"<!-- This site is optimized with the Yoast SEO plugin v27.4 - https:\/\/yoast.com\/product\/yoast-seo-wordpress\/ -->\n<title>Contar\u00e1 Durango con un nuevo gasoducto -<\/title>\n<meta name=\"description\" content=\"Esta infraestructura\u00a0ayudar\u00e1 a la industrializaci\u00f3n de la regi\u00f3n y a la generaci\u00f3n de m\u00e1s empleos en\u00a0la entidad Con una inversi\u00f3n de 9,000 millones de\" \/>\n<meta name=\"robots\" content=\"index, follow, max-snippet:-1, max-image-preview:large, max-video-preview:-1\" \/>\n<link rel=\"canonical\" href=\"https:\/\/centrourbano.com\/revista\/construccion\/tendra-durango-nuevo-gasoducto\/\" \/>\n<meta property=\"og:locale\" content=\"es_ES\" \/>\n<meta property=\"og:type\" content=\"article\" \/>\n<meta property=\"og:title\" content=\"Contar\u00e1 Durango con un nuevo gasoducto -\" \/>\n<meta property=\"og:description\" content=\"Esta infraestructura\u00a0ayudar\u00e1 a la industrializaci\u00f3n de la regi\u00f3n y a la generaci\u00f3n de m\u00e1s empleos en\u00a0la entidad Con una inversi\u00f3n de 9,000 millones de\" \/>\n<meta property=\"og:url\" content=\"https:\/\/centrourbano.com\/revista\/construccion\/tendra-durango-nuevo-gasoducto\/\" \/>\n<meta property=\"og:site_name\" content=\"Centro Urbano\" \/>\n<meta property=\"article:publisher\" content=\"https:\/\/www.facebook.com\/portalcentrourbano\" \/>\n<meta property=\"article:published_time\" content=\"2015-03-18T15:05:46+00:00\" \/>\n<meta property=\"article:modified_time\" content=\"2015-03-18T19:04:52+00:00\" \/>\n<meta property=\"og:image\" content=\"https:\/\/centrourbano.com\/revista\/wp-content\/uploads\/gasoducto-.jpg\" \/>\n\t<meta property=\"og:image:width\" content=\"659\" \/>\n\t<meta property=\"og:image:height\" content=\"462\" \/>\n\t<meta property=\"og:image:type\" content=\"image\/jpeg\" \/>\n<meta name=\"author\" content=\"Dinorah Nava\" \/>\n<meta name=\"twitter:card\" content=\"summary_large_image\" \/>\n<meta name=\"twitter:creator\" content=\"@https:\/\/twitter.com\/Dinorah_Nava28\" \/>\n<meta name=\"twitter:site\" content=\"@CentroUrbano\" \/>\n<meta name=\"twitter:label1\" content=\"Escrito por\" \/>\n\t<meta name=\"twitter:data1\" content=\"Dinorah Nava\" \/>\n\t<meta name=\"twitter:label2\" content=\"Tiempo de lectura\" \/>\n\t<meta name=\"twitter:data2\" content=\"1 minuto\" \/>\n<script type=\"application\/ld+json\" class=\"yoast-schema-graph\">{\"@context\":\"https:\\\/\\\/schema.org\",\"@graph\":[{\"@type\":\"Article\",\"@id\":\"https:\\\/\\\/centrourbano.com\\\/revista\\\/construccion\\\/tendra-durango-nuevo-gasoducto\\\/#article\",\"isPartOf\":{\"@id\":\"https:\\\/\\\/centrourbano.com\\\/revista\\\/construccion\\\/tendra-durango-nuevo-gasoducto\\\/\"},\"author\":{\"name\":\"Dinorah Nava\",\"@id\":\"https:\\\/\\\/centrourbano.com\\\/revista\\\/#\\\/schema\\\/person\\\/b45db815d96831257ba428a3d5a5fbdc\"},\"headline\":\"Contar\u00e1 Durango con un nuevo gasoducto\",\"datePublished\":\"2015-03-18T15:05:46+00:00\",\"dateModified\":\"2015-03-18T19:04:52+00:00\",\"mainEntityOfPage\":{\"@id\":\"https:\\\/\\\/centrourbano.com\\\/revista\\\/construccion\\\/tendra-durango-nuevo-gasoducto\\\/\"},\"wordCount\":280,\"commentCount\":0,\"publisher\":{\"@id\":\"https:\\\/\\\/centrourbano.com\\\/revista\\\/#organization\"},\"image\":{\"@id\":\"https:\\\/\\\/centrourbano.com\\\/revista\\\/construccion\\\/tendra-durango-nuevo-gasoducto\\\/#primaryimage\"},\"thumbnailUrl\":\"https:\\\/\\\/centrourbano.com\\\/revista\\\/wp-content\\\/uploads\\\/gasoducto-.jpg\",\"keywords\":[\"Durango\",\"gasoducto\",\"infraestructura\"],\"articleSection\":[\"Construcci\u00f3n\"],\"inLanguage\":\"es\",\"potentialAction\":[{\"@type\":\"CommentAction\",\"name\":\"Comment\",\"target\":[\"https:\\\/\\\/centrourbano.com\\\/revista\\\/construccion\\\/tendra-durango-nuevo-gasoducto\\\/#respond\"]}]},{\"@type\":\"WebPage\",\"@id\":\"https:\\\/\\\/centrourbano.com\\\/revista\\\/construccion\\\/tendra-durango-nuevo-gasoducto\\\/\",\"url\":\"https:\\\/\\\/centrourbano.com\\\/revista\\\/construccion\\\/tendra-durango-nuevo-gasoducto\\\/\",\"name\":\"Contar\u00e1 Durango con un nuevo gasoducto -\",\"isPartOf\":{\"@id\":\"https:\\\/\\\/centrourbano.com\\\/revista\\\/#website\"},\"primaryImageOfPage\":{\"@id\":\"https:\\\/\\\/centrourbano.com\\\/revista\\\/construccion\\\/tendra-durango-nuevo-gasoducto\\\/#primaryimage\"},\"image\":{\"@id\":\"https:\\\/\\\/centrourbano.com\\\/revista\\\/construccion\\\/tendra-durango-nuevo-gasoducto\\\/#primaryimage\"},\"thumbnailUrl\":\"https:\\\/\\\/centrourbano.com\\\/revista\\\/wp-content\\\/uploads\\\/gasoducto-.jpg\",\"datePublished\":\"2015-03-18T15:05:46+00:00\",\"dateModified\":\"2015-03-18T19:04:52+00:00\",\"description\":\"Esta infraestructura\u00a0ayudar\u00e1 a la industrializaci\u00f3n de la regi\u00f3n y a la generaci\u00f3n de m\u00e1s empleos en\u00a0la entidad Con una inversi\u00f3n de 9,000 millones de\",\"breadcrumb\":{\"@id\":\"https:\\\/\\\/centrourbano.com\\\/revista\\\/construccion\\\/tendra-durango-nuevo-gasoducto\\\/#breadcrumb\"},\"inLanguage\":\"es\",\"potentialAction\":[{\"@type\":\"ReadAction\",\"target\":[\"https:\\\/\\\/centrourbano.com\\\/revista\\\/construccion\\\/tendra-durango-nuevo-gasoducto\\\/\"]}]},{\"@type\":\"ImageObject\",\"inLanguage\":\"es\",\"@id\":\"https:\\\/\\\/centrourbano.com\\\/revista\\\/construccion\\\/tendra-durango-nuevo-gasoducto\\\/#primaryimage\",\"url\":\"https:\\\/\\\/centrourbano.com\\\/revista\\\/wp-content\\\/uploads\\\/gasoducto-.jpg\",\"contentUrl\":\"https:\\\/\\\/centrourbano.com\\\/revista\\\/wp-content\\\/uploads\\\/gasoducto-.jpg\",\"width\":659,\"height\":462},{\"@type\":\"BreadcrumbList\",\"@id\":\"https:\\\/\\\/centrourbano.com\\\/revista\\\/construccion\\\/tendra-durango-nuevo-gasoducto\\\/#breadcrumb\",\"itemListElement\":[{\"@type\":\"ListItem\",\"position\":1,\"name\":\"Portada\",\"item\":\"https:\\\/\\\/centrourbano.com\\\/revista\\\/\"},{\"@type\":\"ListItem\",\"position\":2,\"name\":\"Contar\u00e1 Durango con un nuevo gasoducto\"}]},{\"@type\":\"WebSite\",\"@id\":\"https:\\\/\\\/centrourbano.com\\\/revista\\\/#website\",\"url\":\"https:\\\/\\\/centrourbano.com\\\/revista\\\/\",\"name\":\"Centro Urbano\",\"description\":\"Medio especializado en los sectores vivienda, inmobiliario, construcci\u00f3n, arquitectura y urbanismo.\",\"publisher\":{\"@id\":\"https:\\\/\\\/centrourbano.com\\\/revista\\\/#organization\"},\"potentialAction\":[{\"@type\":\"SearchAction\",\"target\":{\"@type\":\"EntryPoint\",\"urlTemplate\":\"https:\\\/\\\/centrourbano.com\\\/revista\\\/?s={search_term_string}\"},\"query-input\":{\"@type\":\"PropertyValueSpecification\",\"valueRequired\":true,\"valueName\":\"search_term_string\"}}],\"inLanguage\":\"es\"},{\"@type\":\"Organization\",\"@id\":\"https:\\\/\\\/centrourbano.com\\\/revista\\\/#organization\",\"name\":\"Centro Urbano\",\"url\":\"https:\\\/\\\/centrourbano.com\\\/revista\\\/\",\"logo\":{\"@type\":\"ImageObject\",\"inLanguage\":\"es\",\"@id\":\"https:\\\/\\\/centrourbano.com\\\/revista\\\/#\\\/schema\\\/logo\\\/image\\\/\",\"url\":\"https:\\\/\\\/centrourbano.com\\\/revista\\\/wp-content\\\/uploads\\\/web_CU_logo-1.png\",\"contentUrl\":\"https:\\\/\\\/centrourbano.com\\\/revista\\\/wp-content\\\/uploads\\\/web_CU_logo-1.png\",\"width\":350,\"height\":91,\"caption\":\"Centro Urbano\"},\"image\":{\"@id\":\"https:\\\/\\\/centrourbano.com\\\/revista\\\/#\\\/schema\\\/logo\\\/image\\\/\"},\"sameAs\":[\"https:\\\/\\\/www.facebook.com\\\/portalcentrourbano\",\"https:\\\/\\\/x.com\\\/CentroUrbano\",\"https:\\\/\\\/www.instagram.com\\\/centro_urbano\\\/\",\"https:\\\/\\\/www.linkedin.com\\\/company\\\/centro-urbano\\\/\",\"http:\\\/\\\/www.youtube.com\\\/user\\\/portalcentrourbano\"]},{\"@type\":\"Person\",\"@id\":\"https:\\\/\\\/centrourbano.com\\\/revista\\\/#\\\/schema\\\/person\\\/b45db815d96831257ba428a3d5a5fbdc\",\"name\":\"Dinorah Nava\",\"image\":{\"@type\":\"ImageObject\",\"inLanguage\":\"es\",\"@id\":\"https:\\\/\\\/secure.gravatar.com\\\/avatar\\\/f6ca6430c51d147f363940f84e1225aa4b8183885c11802cc3b042305a4ecc1a?s=96&d=mm&r=g\",\"url\":\"https:\\\/\\\/secure.gravatar.com\\\/avatar\\\/f6ca6430c51d147f363940f84e1225aa4b8183885c11802cc3b042305a4ecc1a?s=96&d=mm&r=g\",\"contentUrl\":\"https:\\\/\\\/secure.gravatar.com\\\/avatar\\\/f6ca6430c51d147f363940f84e1225aa4b8183885c11802cc3b042305a4ecc1a?s=96&d=mm&r=g\",\"caption\":\"Dinorah Nava\"},\"description\":\"Editora de Contenidos y Estrategias Digitales en Centro Urbano y Coeditora en Peri\u00f3dico Mi Casa. Egresada de la licenciatura en Comunicaci\u00f3n y Periodismo de la Facultad de Estudios Superiores Arag\u00f3n (UNAM). Amante de la edici\u00f3n y correcci\u00f3n de estilo, las redes sociales y el mundo digital. Especialista en temas son arquitectura, inmobiliario y urbanismo.\",\"sameAs\":[\"linkedin.com\\\/in\\\/dinorah-nava\",\"https:\\\/\\\/x.com\\\/https:\\\/\\\/twitter.com\\\/Dinorah_Nava28\"],\"url\":\"https:\\\/\\\/centrourbano.com\\\/revista\\\/author\\\/dinorah-nava\\\/\"}]}<\/script>\n<!-- \/ Yoast SEO plugin. -->","yoast_head_json":{"title":"Contar\u00e1 Durango con un nuevo gasoducto -","description":"Esta infraestructura\u00a0ayudar\u00e1 a la industrializaci\u00f3n de la regi\u00f3n y a la generaci\u00f3n de m\u00e1s empleos en\u00a0la entidad Con una inversi\u00f3n de 9,000 millones de","robots":{"index":"index","follow":"follow","max-snippet":"max-snippet:-1","max-image-preview":"max-image-preview:large","max-video-preview":"max-video-preview:-1"},"canonical":"https:\/\/centrourbano.com\/revista\/construccion\/tendra-durango-nuevo-gasoducto\/","og_locale":"es_ES","og_type":"article","og_title":"Contar\u00e1 Durango con un nuevo gasoducto -","og_description":"Esta infraestructura\u00a0ayudar\u00e1 a la industrializaci\u00f3n de la regi\u00f3n y a la generaci\u00f3n de m\u00e1s empleos en\u00a0la entidad Con una inversi\u00f3n de 9,000 millones de","og_url":"https:\/\/centrourbano.com\/revista\/construccion\/tendra-durango-nuevo-gasoducto\/","og_site_name":"Centro Urbano","article_publisher":"https:\/\/www.facebook.com\/portalcentrourbano","article_published_time":"2015-03-18T15:05:46+00:00","article_modified_time":"2015-03-18T19:04:52+00:00","og_image":[{"width":659,"height":462,"url":"https:\/\/centrourbano.com\/revista\/wp-content\/uploads\/gasoducto-.jpg","type":"image\/jpeg"}],"author":"Dinorah Nava","twitter_card":"summary_large_image","twitter_creator":"@https:\/\/twitter.com\/Dinorah_Nava28","twitter_site":"@CentroUrbano","twitter_misc":{"Escrito por":"Dinorah Nava","Tiempo de lectura":"1 minuto"},"schema":{"@context":"https:\/\/schema.org","@graph":[{"@type":"Article","@id":"https:\/\/centrourbano.com\/revista\/construccion\/tendra-durango-nuevo-gasoducto\/#article","isPartOf":{"@id":"https:\/\/centrourbano.com\/revista\/construccion\/tendra-durango-nuevo-gasoducto\/"},"author":{"name":"Dinorah Nava","@id":"https:\/\/centrourbano.com\/revista\/#\/schema\/person\/b45db815d96831257ba428a3d5a5fbdc"},"headline":"Contar\u00e1 Durango con un nuevo gasoducto","datePublished":"2015-03-18T15:05:46+00:00","dateModified":"2015-03-18T19:04:52+00:00","mainEntityOfPage":{"@id":"https:\/\/centrourbano.com\/revista\/construccion\/tendra-durango-nuevo-gasoducto\/"},"wordCount":280,"commentCount":0,"publisher":{"@id":"https:\/\/centrourbano.com\/revista\/#organization"},"image":{"@id":"https:\/\/centrourbano.com\/revista\/construccion\/tendra-durango-nuevo-gasoducto\/#primaryimage"},"thumbnailUrl":"https:\/\/centrourbano.com\/revista\/wp-content\/uploads\/gasoducto-.jpg","keywords":["Durango","gasoducto","infraestructura"],"articleSection":["Construcci\u00f3n"],"inLanguage":"es","potentialAction":[{"@type":"CommentAction","name":"Comment","target":["https:\/\/centrourbano.com\/revista\/construccion\/tendra-durango-nuevo-gasoducto\/#respond"]}]},{"@type":"WebPage","@id":"https:\/\/centrourbano.com\/revista\/construccion\/tendra-durango-nuevo-gasoducto\/","url":"https:\/\/centrourbano.com\/revista\/construccion\/tendra-durango-nuevo-gasoducto\/","name":"Contar\u00e1 Durango con un nuevo gasoducto -","isPartOf":{"@id":"https:\/\/centrourbano.com\/revista\/#website"},"primaryImageOfPage":{"@id":"https:\/\/centrourbano.com\/revista\/construccion\/tendra-durango-nuevo-gasoducto\/#primaryimage"},"image":{"@id":"https:\/\/centrourbano.com\/revista\/construccion\/tendra-durango-nuevo-gasoducto\/#primaryimage"},"thumbnailUrl":"https:\/\/centrourbano.com\/revista\/wp-content\/uploads\/gasoducto-.jpg","datePublished":"2015-03-18T15:05:46+00:00","dateModified":"2015-03-18T19:04:52+00:00","description":"Esta infraestructura\u00a0ayudar\u00e1 a la industrializaci\u00f3n de la regi\u00f3n y a la generaci\u00f3n de m\u00e1s empleos en\u00a0la entidad Con una inversi\u00f3n de 9,000 millones de","breadcrumb":{"@id":"https:\/\/centrourbano.com\/revista\/construccion\/tendra-durango-nuevo-gasoducto\/#breadcrumb"},"inLanguage":"es","potentialAction":[{"@type":"ReadAction","target":["https:\/\/centrourbano.com\/revista\/construccion\/tendra-durango-nuevo-gasoducto\/"]}]},{"@type":"ImageObject","inLanguage":"es","@id":"https:\/\/centrourbano.com\/revista\/construccion\/tendra-durango-nuevo-gasoducto\/#primaryimage","url":"https:\/\/centrourbano.com\/revista\/wp-content\/uploads\/gasoducto-.jpg","contentUrl":"https:\/\/centrourbano.com\/revista\/wp-content\/uploads\/gasoducto-.jpg","width":659,"height":462},{"@type":"BreadcrumbList","@id":"https:\/\/centrourbano.com\/revista\/construccion\/tendra-durango-nuevo-gasoducto\/#breadcrumb","itemListElement":[{"@type":"ListItem","position":1,"name":"Portada","item":"https:\/\/centrourbano.com\/revista\/"},{"@type":"ListItem","position":2,"name":"Contar\u00e1 Durango con un nuevo gasoducto"}]},{"@type":"WebSite","@id":"https:\/\/centrourbano.com\/revista\/#website","url":"https:\/\/centrourbano.com\/revista\/","name":"Centro Urbano","description":"Medio especializado en los sectores vivienda, inmobiliario, construcci\u00f3n, arquitectura y urbanismo.","publisher":{"@id":"https:\/\/centrourbano.com\/revista\/#organization"},"potentialAction":[{"@type":"SearchAction","target":{"@type":"EntryPoint","urlTemplate":"https:\/\/centrourbano.com\/revista\/?s={search_term_string}"},"query-input":{"@type":"PropertyValueSpecification","valueRequired":true,"valueName":"search_term_string"}}],"inLanguage":"es"},{"@type":"Organization","@id":"https:\/\/centrourbano.com\/revista\/#organization","name":"Centro Urbano","url":"https:\/\/centrourbano.com\/revista\/","logo":{"@type":"ImageObject","inLanguage":"es","@id":"https:\/\/centrourbano.com\/revista\/#\/schema\/logo\/image\/","url":"https:\/\/centrourbano.com\/revista\/wp-content\/uploads\/web_CU_logo-1.png","contentUrl":"https:\/\/centrourbano.com\/revista\/wp-content\/uploads\/web_CU_logo-1.png","width":350,"height":91,"caption":"Centro Urbano"},"image":{"@id":"https:\/\/centrourbano.com\/revista\/#\/schema\/logo\/image\/"},"sameAs":["https:\/\/www.facebook.com\/portalcentrourbano","https:\/\/x.com\/CentroUrbano","https:\/\/www.instagram.com\/centro_urbano\/","https:\/\/www.linkedin.com\/company\/centro-urbano\/","http:\/\/www.youtube.com\/user\/portalcentrourbano"]},{"@type":"Person","@id":"https:\/\/centrourbano.com\/revista\/#\/schema\/person\/b45db815d96831257ba428a3d5a5fbdc","name":"Dinorah Nava","image":{"@type":"ImageObject","inLanguage":"es","@id":"https:\/\/secure.gravatar.com\/avatar\/f6ca6430c51d147f363940f84e1225aa4b8183885c11802cc3b042305a4ecc1a?s=96&d=mm&r=g","url":"https:\/\/secure.gravatar.com\/avatar\/f6ca6430c51d147f363940f84e1225aa4b8183885c11802cc3b042305a4ecc1a?s=96&d=mm&r=g","contentUrl":"https:\/\/secure.gravatar.com\/avatar\/f6ca6430c51d147f363940f84e1225aa4b8183885c11802cc3b042305a4ecc1a?s=96&d=mm&r=g","caption":"Dinorah Nava"},"description":"Editora de Contenidos y Estrategias Digitales en Centro Urbano y Coeditora en Peri\u00f3dico Mi Casa. Egresada de la licenciatura en Comunicaci\u00f3n y Periodismo de la Facultad de Estudios Superiores Arag\u00f3n (UNAM). Amante de la edici\u00f3n y correcci\u00f3n de estilo, las redes sociales y el mundo digital. Especialista en temas son arquitectura, inmobiliario y urbanismo.","sameAs":["linkedin.com\/in\/dinorah-nava","https:\/\/x.com\/https:\/\/twitter.com\/Dinorah_Nava28"],"url":"https:\/\/centrourbano.com\/revista\/author\/dinorah-nava\/"}]}},"_links":{"self":[{"href":"https:\/\/centrourbano.com\/revista\/wp-json\/wp\/v2\/posts\/17062","targetHints":{"allow":["GET"]}}],"collection":[{"href":"https:\/\/centrourbano.com\/revista\/wp-json\/wp\/v2\/posts"}],"about":[{"href":"https:\/\/centrourbano.com\/revista\/wp-json\/wp\/v2\/types\/post"}],"author":[{"embeddable":true,"href":"https:\/\/centrourbano.com\/revista\/wp-json\/wp\/v2\/users\/9"}],"replies":[{"embeddable":true,"href":"https:\/\/centrourbano.com\/revista\/wp-json\/wp\/v2\/comments?post=17062"}],"version-history":[{"count":0,"href":"https:\/\/centrourbano.com\/revista\/wp-json\/wp\/v2\/posts\/17062\/revisions"}],"wp:featuredmedia":[{"embeddable":true,"href":"https:\/\/centrourbano.com\/revista\/wp-json\/wp\/v2\/media\/17063"}],"wp:attachment":[{"href":"https:\/\/centrourbano.com\/revista\/wp-json\/wp\/v2\/media?parent=17062"}],"wp:term":[{"taxonomy":"category","embeddable":true,"href":"https:\/\/centrourbano.com\/revista\/wp-json\/wp\/v2\/categories?post=17062"},{"taxonomy":"post_tag","embeddable":true,"href":"https:\/\/centrourbano.com\/revista\/wp-json\/wp\/v2\/tags?post=17062"}],"curies":[{"name":"wp","href":"https:\/\/api.w.org\/{rel}","templated":true}]}}