{"id":16949,"date":"2015-03-13T11:00:18","date_gmt":"2015-03-13T17:00:18","guid":{"rendered":"http:\/\/centrourbano.com\/?p=16949"},"modified":"2015-03-13T11:00:18","modified_gmt":"2015-03-13T17:00:18","slug":"infonavit-y-gobierno-de-coahuila-entregaran-viviendas-a-policias","status":"publish","type":"post","link":"https:\/\/centrourbano.com\/revista\/vivienda\/infonavit-y-gobierno-de-coahuila-entregaran-viviendas-a-policias\/","title":{"rendered":"Infonavit y gobierno de Coahuila entregar\u00e1n viviendas a polic\u00edas"},"content":{"rendered":"<p>&nbsp;<\/p>\n<p><em>La entrega al primer elemento fue realizada por el Secretario de Gobierno V\u00edctor Zamora Rodr\u00edguez y el Delegado del Infonavit, Rodolfo Jos\u00e9 Aguirre Flores que contemplan un total de 67 acciones <\/em><\/p>\n<p><!--more--><\/p>\n<p>Para brindar seguridad social a los elementos de la Polic\u00eda de Coahuila, el secretario de Gobierno, V\u00edctor Zamora Rodr\u00edguez, y el delegado regional del Infonavit, Rodolfo Jos\u00e9 Aguirre Flores, realizaron la asignaci\u00f3n \u00a0de la primera vivienda a un oficial de la entidad.<\/p>\n<p>Las acciones se repetir\u00e1n en los pr\u00f3ximos d\u00edas con la entrega de 67 viviendas a elementos de este municipio de la Regi\u00f3n Laguna, mismas que se ubican en seis colonias de esta ciudad.<\/p>\n<p>Como resultado del compromiso que durante el 2014 el Gobernador del Estado, formaliz\u00f3 con el director general del Infonavit, el d\u00eda de ayer en las instalaciones de la Polic\u00eda Estatal Operativa de este municipio, se vio cristalizado dicho acuerdo con la entrega del primer beneficiado a un elemento de la Polic\u00eda Estatal Acreditable de Torre\u00f3n.<\/p>\n<p>Zamora Rodr\u00edguez puntualiz\u00f3 que estas como otras acciones que realiza el Gobierno del Estado, dignifican a la polic\u00eda en el Estado y generan un gran beneficio para sus familias.<\/p>\n<p>Reconoci\u00f3 adem\u00e1s el trabajo policial que las fuerzas del Estado han estado llevando a cabo en contra de la delincuencia, con el objetivo de generar un ambiente de paz y tranquilidad entre los coahuilenses.<\/p>\n<p>\u201cAhora que mi hijo est\u00e1 por nacer tendr\u00e1 su propio hogar; dormir\u00e1 en su casa\u201d, dijo el primer beneficiado.<\/p>\n<p>&nbsp;<\/p>\n<p>&nbsp;<\/p>\n<p>&nbsp;<\/p>\n","protected":false},"excerpt":{"rendered":"<p>&nbsp; La entrega al primer elemento fue realizada por el Secretario de Gobierno V\u00edctor Zamora Rodr\u00edguez y el Delegado del Infonavit, Rodolfo Jos\u00e9 Aguirre Flores que contemplan un total de 67 acciones<\/p>\n","protected":false},"author":28,"featured_media":16950,"comment_status":"open","ping_status":"closed","sticky":false,"template":"","format":"standard","meta":{"om_disable_all_campaigns":false,"inline_featured_image":false,"_monsterinsights_skip_tracking":false,"_monsterinsights_sitenote_active":false,"_monsterinsights_sitenote_note":"","_monsterinsights_sitenote_category":0,"footnotes":""},"categories":[12],"tags":[100,4601,60],"class_list":["post-16949","post","type-post","status-publish","format-standard","has-post-thumbnail","hentry","category-vivienda","tag-infonavit","tag-policia-estatal-acreditable","tag-vivienda-2"],"yoast_head":"<!-- This site is optimized with the Yoast SEO plugin v27.4 - https:\/\/yoast.com\/product\/yoast-seo-wordpress\/ -->\n<title>Infonavit y gobierno de Coahuila entregar\u00e1n viviendas a polic\u00edas -<\/title>\n<meta name=\"description\" content=\"&nbsp; La entrega al primer elemento fue realizada por el Secretario de Gobierno V\u00edctor Zamora Rodr\u00edguez y el Delegado del Infonavit, Rodolfo Jos\u00e9 Aguirre\" \/>\n<meta name=\"robots\" content=\"index, follow, max-snippet:-1, max-image-preview:large, max-video-preview:-1\" \/>\n<link rel=\"canonical\" href=\"https:\/\/centrourbano.com\/revista\/vivienda\/infonavit-y-gobierno-de-coahuila-entregaran-viviendas-a-policias\/\" \/>\n<meta property=\"og:locale\" content=\"es_ES\" \/>\n<meta property=\"og:type\" content=\"article\" \/>\n<meta property=\"og:title\" content=\"Infonavit y gobierno de Coahuila entregar\u00e1n viviendas a polic\u00edas -\" \/>\n<meta property=\"og:description\" content=\"&nbsp; La entrega al primer elemento fue realizada por el Secretario de Gobierno V\u00edctor Zamora Rodr\u00edguez y el Delegado del Infonavit, Rodolfo Jos\u00e9 Aguirre\" \/>\n<meta property=\"og:url\" content=\"https:\/\/centrourbano.com\/revista\/vivienda\/infonavit-y-gobierno-de-coahuila-entregaran-viviendas-a-policias\/\" \/>\n<meta property=\"og:site_name\" content=\"Centro Urbano\" \/>\n<meta property=\"article:publisher\" content=\"https:\/\/www.facebook.com\/portalcentrourbano\" \/>\n<meta property=\"article:published_time\" content=\"2015-03-13T17:00:18+00:00\" \/>\n<meta property=\"og:image\" content=\"https:\/\/centrourbano.com\/revista\/wp-content\/uploads\/poliCoahuila.jpeg\" \/>\n\t<meta property=\"og:image:width\" content=\"650\" \/>\n\t<meta property=\"og:image:height\" content=\"433\" \/>\n\t<meta property=\"og:image:type\" content=\"image\/jpeg\" \/>\n<meta name=\"author\" content=\"Mario V\u00e1zquez Barrios\" \/>\n<meta name=\"twitter:card\" content=\"summary_large_image\" \/>\n<meta name=\"twitter:creator\" content=\"@MarioDeNiro\" \/>\n<meta name=\"twitter:site\" content=\"@CentroUrbano\" \/>\n<meta name=\"twitter:label1\" content=\"Escrito por\" \/>\n\t<meta name=\"twitter:data1\" content=\"Mario V\u00e1zquez Barrios\" \/>\n\t<meta name=\"twitter:label2\" content=\"Tiempo de lectura\" \/>\n\t<meta name=\"twitter:data2\" content=\"1 minuto\" \/>\n<script type=\"application\/ld+json\" class=\"yoast-schema-graph\">{\"@context\":\"https:\\\/\\\/schema.org\",\"@graph\":[{\"@type\":\"Article\",\"@id\":\"https:\\\/\\\/centrourbano.com\\\/revista\\\/vivienda\\\/infonavit-y-gobierno-de-coahuila-entregaran-viviendas-a-policias\\\/#article\",\"isPartOf\":{\"@id\":\"https:\\\/\\\/centrourbano.com\\\/revista\\\/vivienda\\\/infonavit-y-gobierno-de-coahuila-entregaran-viviendas-a-policias\\\/\"},\"author\":{\"name\":\"Mario V\u00e1zquez Barrios\",\"@id\":\"https:\\\/\\\/centrourbano.com\\\/revista\\\/#\\\/schema\\\/person\\\/71e020a5b63ca4230c0f1228a36cde93\"},\"headline\":\"Infonavit y gobierno de Coahuila entregar\u00e1n viviendas a polic\u00edas\",\"datePublished\":\"2015-03-13T17:00:18+00:00\",\"mainEntityOfPage\":{\"@id\":\"https:\\\/\\\/centrourbano.com\\\/revista\\\/vivienda\\\/infonavit-y-gobierno-de-coahuila-entregaran-viviendas-a-policias\\\/\"},\"wordCount\":272,\"commentCount\":0,\"publisher\":{\"@id\":\"https:\\\/\\\/centrourbano.com\\\/revista\\\/#organization\"},\"image\":{\"@id\":\"https:\\\/\\\/centrourbano.com\\\/revista\\\/vivienda\\\/infonavit-y-gobierno-de-coahuila-entregaran-viviendas-a-policias\\\/#primaryimage\"},\"thumbnailUrl\":\"https:\\\/\\\/centrourbano.com\\\/revista\\\/wp-content\\\/uploads\\\/poliCoahuila.jpeg\",\"keywords\":[\"Infonavit\",\"polic\u00eda Estatal Acreditable\",\"vivienda\"],\"articleSection\":[\"Vivienda\"],\"inLanguage\":\"es\",\"potentialAction\":[{\"@type\":\"CommentAction\",\"name\":\"Comment\",\"target\":[\"https:\\\/\\\/centrourbano.com\\\/revista\\\/vivienda\\\/infonavit-y-gobierno-de-coahuila-entregaran-viviendas-a-policias\\\/#respond\"]}]},{\"@type\":\"WebPage\",\"@id\":\"https:\\\/\\\/centrourbano.com\\\/revista\\\/vivienda\\\/infonavit-y-gobierno-de-coahuila-entregaran-viviendas-a-policias\\\/\",\"url\":\"https:\\\/\\\/centrourbano.com\\\/revista\\\/vivienda\\\/infonavit-y-gobierno-de-coahuila-entregaran-viviendas-a-policias\\\/\",\"name\":\"Infonavit y gobierno de Coahuila entregar\u00e1n viviendas a polic\u00edas -\",\"isPartOf\":{\"@id\":\"https:\\\/\\\/centrourbano.com\\\/revista\\\/#website\"},\"primaryImageOfPage\":{\"@id\":\"https:\\\/\\\/centrourbano.com\\\/revista\\\/vivienda\\\/infonavit-y-gobierno-de-coahuila-entregaran-viviendas-a-policias\\\/#primaryimage\"},\"image\":{\"@id\":\"https:\\\/\\\/centrourbano.com\\\/revista\\\/vivienda\\\/infonavit-y-gobierno-de-coahuila-entregaran-viviendas-a-policias\\\/#primaryimage\"},\"thumbnailUrl\":\"https:\\\/\\\/centrourbano.com\\\/revista\\\/wp-content\\\/uploads\\\/poliCoahuila.jpeg\",\"datePublished\":\"2015-03-13T17:00:18+00:00\",\"description\":\"&nbsp; La entrega al primer elemento fue realizada por el Secretario de Gobierno V\u00edctor Zamora Rodr\u00edguez y el Delegado del Infonavit, Rodolfo Jos\u00e9 Aguirre\",\"breadcrumb\":{\"@id\":\"https:\\\/\\\/centrourbano.com\\\/revista\\\/vivienda\\\/infonavit-y-gobierno-de-coahuila-entregaran-viviendas-a-policias\\\/#breadcrumb\"},\"inLanguage\":\"es\",\"potentialAction\":[{\"@type\":\"ReadAction\",\"target\":[\"https:\\\/\\\/centrourbano.com\\\/revista\\\/vivienda\\\/infonavit-y-gobierno-de-coahuila-entregaran-viviendas-a-policias\\\/\"]}]},{\"@type\":\"ImageObject\",\"inLanguage\":\"es\",\"@id\":\"https:\\\/\\\/centrourbano.com\\\/revista\\\/vivienda\\\/infonavit-y-gobierno-de-coahuila-entregaran-viviendas-a-policias\\\/#primaryimage\",\"url\":\"https:\\\/\\\/centrourbano.com\\\/revista\\\/wp-content\\\/uploads\\\/poliCoahuila.jpeg\",\"contentUrl\":\"https:\\\/\\\/centrourbano.com\\\/revista\\\/wp-content\\\/uploads\\\/poliCoahuila.jpeg\",\"width\":650,\"height\":433},{\"@type\":\"BreadcrumbList\",\"@id\":\"https:\\\/\\\/centrourbano.com\\\/revista\\\/vivienda\\\/infonavit-y-gobierno-de-coahuila-entregaran-viviendas-a-policias\\\/#breadcrumb\",\"itemListElement\":[{\"@type\":\"ListItem\",\"position\":1,\"name\":\"Portada\",\"item\":\"https:\\\/\\\/centrourbano.com\\\/revista\\\/\"},{\"@type\":\"ListItem\",\"position\":2,\"name\":\"Infonavit y gobierno de Coahuila entregar\u00e1n viviendas a polic\u00edas\"}]},{\"@type\":\"WebSite\",\"@id\":\"https:\\\/\\\/centrourbano.com\\\/revista\\\/#website\",\"url\":\"https:\\\/\\\/centrourbano.com\\\/revista\\\/\",\"name\":\"Centro Urbano\",\"description\":\"Medio especializado en los sectores vivienda, inmobiliario, construcci\u00f3n, arquitectura y urbanismo.\",\"publisher\":{\"@id\":\"https:\\\/\\\/centrourbano.com\\\/revista\\\/#organization\"},\"potentialAction\":[{\"@type\":\"SearchAction\",\"target\":{\"@type\":\"EntryPoint\",\"urlTemplate\":\"https:\\\/\\\/centrourbano.com\\\/revista\\\/?s={search_term_string}\"},\"query-input\":{\"@type\":\"PropertyValueSpecification\",\"valueRequired\":true,\"valueName\":\"search_term_string\"}}],\"inLanguage\":\"es\"},{\"@type\":\"Organization\",\"@id\":\"https:\\\/\\\/centrourbano.com\\\/revista\\\/#organization\",\"name\":\"Centro Urbano\",\"url\":\"https:\\\/\\\/centrourbano.com\\\/revista\\\/\",\"logo\":{\"@type\":\"ImageObject\",\"inLanguage\":\"es\",\"@id\":\"https:\\\/\\\/centrourbano.com\\\/revista\\\/#\\\/schema\\\/logo\\\/image\\\/\",\"url\":\"https:\\\/\\\/centrourbano.com\\\/revista\\\/wp-content\\\/uploads\\\/web_CU_logo-1.png\",\"contentUrl\":\"https:\\\/\\\/centrourbano.com\\\/revista\\\/wp-content\\\/uploads\\\/web_CU_logo-1.png\",\"width\":350,\"height\":91,\"caption\":\"Centro Urbano\"},\"image\":{\"@id\":\"https:\\\/\\\/centrourbano.com\\\/revista\\\/#\\\/schema\\\/logo\\\/image\\\/\"},\"sameAs\":[\"https:\\\/\\\/www.facebook.com\\\/portalcentrourbano\",\"https:\\\/\\\/x.com\\\/CentroUrbano\",\"https:\\\/\\\/www.instagram.com\\\/centro_urbano\\\/\",\"https:\\\/\\\/www.linkedin.com\\\/company\\\/centro-urbano\\\/\",\"http:\\\/\\\/www.youtube.com\\\/user\\\/portalcentrourbano\"]},{\"@type\":\"Person\",\"@id\":\"https:\\\/\\\/centrourbano.com\\\/revista\\\/#\\\/schema\\\/person\\\/71e020a5b63ca4230c0f1228a36cde93\",\"name\":\"Mario V\u00e1zquez Barrios\",\"image\":{\"@type\":\"ImageObject\",\"inLanguage\":\"es\",\"@id\":\"https:\\\/\\\/secure.gravatar.com\\\/avatar\\\/347e6d9c0b04f0194ca244ba64b0fe62752d716a3a93d1713bd259eb87aad5b6?s=96&d=mm&r=g\",\"url\":\"https:\\\/\\\/secure.gravatar.com\\\/avatar\\\/347e6d9c0b04f0194ca244ba64b0fe62752d716a3a93d1713bd259eb87aad5b6?s=96&d=mm&r=g\",\"contentUrl\":\"https:\\\/\\\/secure.gravatar.com\\\/avatar\\\/347e6d9c0b04f0194ca244ba64b0fe62752d716a3a93d1713bd259eb87aad5b6?s=96&d=mm&r=g\",\"caption\":\"Mario V\u00e1zquez Barrios\"},\"description\":\"Me inici\u00e9 en El Financiero haciendo reportajes; en MegaNoticias Televisi\u00f3n fui reportero titular; en EMedios, control de calidad; y Radio 13 Noticias me acogi\u00f3 como colaborador. Me gusta encontrar en las banquetas la nota, una entrevista y el inicio de un reportaje.\",\"sameAs\":[\"https:\\\/\\\/x.com\\\/@MarioDeNiro\"],\"url\":\"https:\\\/\\\/centrourbano.com\\\/revista\\\/author\\\/mario-vazquez\\\/\"}]}<\/script>\n<!-- \/ Yoast SEO plugin. -->","yoast_head_json":{"title":"Infonavit y gobierno de Coahuila entregar\u00e1n viviendas a polic\u00edas -","description":"&nbsp; La entrega al primer elemento fue realizada por el Secretario de Gobierno V\u00edctor Zamora Rodr\u00edguez y el Delegado del Infonavit, Rodolfo Jos\u00e9 Aguirre","robots":{"index":"index","follow":"follow","max-snippet":"max-snippet:-1","max-image-preview":"max-image-preview:large","max-video-preview":"max-video-preview:-1"},"canonical":"https:\/\/centrourbano.com\/revista\/vivienda\/infonavit-y-gobierno-de-coahuila-entregaran-viviendas-a-policias\/","og_locale":"es_ES","og_type":"article","og_title":"Infonavit y gobierno de Coahuila entregar\u00e1n viviendas a polic\u00edas -","og_description":"&nbsp; La entrega al primer elemento fue realizada por el Secretario de Gobierno V\u00edctor Zamora Rodr\u00edguez y el Delegado del Infonavit, Rodolfo Jos\u00e9 Aguirre","og_url":"https:\/\/centrourbano.com\/revista\/vivienda\/infonavit-y-gobierno-de-coahuila-entregaran-viviendas-a-policias\/","og_site_name":"Centro Urbano","article_publisher":"https:\/\/www.facebook.com\/portalcentrourbano","article_published_time":"2015-03-13T17:00:18+00:00","og_image":[{"width":650,"height":433,"url":"https:\/\/centrourbano.com\/revista\/wp-content\/uploads\/poliCoahuila.jpeg","type":"image\/jpeg"}],"author":"Mario V\u00e1zquez Barrios","twitter_card":"summary_large_image","twitter_creator":"@MarioDeNiro","twitter_site":"@CentroUrbano","twitter_misc":{"Escrito por":"Mario V\u00e1zquez Barrios","Tiempo de lectura":"1 minuto"},"schema":{"@context":"https:\/\/schema.org","@graph":[{"@type":"Article","@id":"https:\/\/centrourbano.com\/revista\/vivienda\/infonavit-y-gobierno-de-coahuila-entregaran-viviendas-a-policias\/#article","isPartOf":{"@id":"https:\/\/centrourbano.com\/revista\/vivienda\/infonavit-y-gobierno-de-coahuila-entregaran-viviendas-a-policias\/"},"author":{"name":"Mario V\u00e1zquez Barrios","@id":"https:\/\/centrourbano.com\/revista\/#\/schema\/person\/71e020a5b63ca4230c0f1228a36cde93"},"headline":"Infonavit y gobierno de Coahuila entregar\u00e1n viviendas a polic\u00edas","datePublished":"2015-03-13T17:00:18+00:00","mainEntityOfPage":{"@id":"https:\/\/centrourbano.com\/revista\/vivienda\/infonavit-y-gobierno-de-coahuila-entregaran-viviendas-a-policias\/"},"wordCount":272,"commentCount":0,"publisher":{"@id":"https:\/\/centrourbano.com\/revista\/#organization"},"image":{"@id":"https:\/\/centrourbano.com\/revista\/vivienda\/infonavit-y-gobierno-de-coahuila-entregaran-viviendas-a-policias\/#primaryimage"},"thumbnailUrl":"https:\/\/centrourbano.com\/revista\/wp-content\/uploads\/poliCoahuila.jpeg","keywords":["Infonavit","polic\u00eda Estatal Acreditable","vivienda"],"articleSection":["Vivienda"],"inLanguage":"es","potentialAction":[{"@type":"CommentAction","name":"Comment","target":["https:\/\/centrourbano.com\/revista\/vivienda\/infonavit-y-gobierno-de-coahuila-entregaran-viviendas-a-policias\/#respond"]}]},{"@type":"WebPage","@id":"https:\/\/centrourbano.com\/revista\/vivienda\/infonavit-y-gobierno-de-coahuila-entregaran-viviendas-a-policias\/","url":"https:\/\/centrourbano.com\/revista\/vivienda\/infonavit-y-gobierno-de-coahuila-entregaran-viviendas-a-policias\/","name":"Infonavit y gobierno de Coahuila entregar\u00e1n viviendas a polic\u00edas -","isPartOf":{"@id":"https:\/\/centrourbano.com\/revista\/#website"},"primaryImageOfPage":{"@id":"https:\/\/centrourbano.com\/revista\/vivienda\/infonavit-y-gobierno-de-coahuila-entregaran-viviendas-a-policias\/#primaryimage"},"image":{"@id":"https:\/\/centrourbano.com\/revista\/vivienda\/infonavit-y-gobierno-de-coahuila-entregaran-viviendas-a-policias\/#primaryimage"},"thumbnailUrl":"https:\/\/centrourbano.com\/revista\/wp-content\/uploads\/poliCoahuila.jpeg","datePublished":"2015-03-13T17:00:18+00:00","description":"&nbsp; La entrega al primer elemento fue realizada por el Secretario de Gobierno V\u00edctor Zamora Rodr\u00edguez y el Delegado del Infonavit, Rodolfo Jos\u00e9 Aguirre","breadcrumb":{"@id":"https:\/\/centrourbano.com\/revista\/vivienda\/infonavit-y-gobierno-de-coahuila-entregaran-viviendas-a-policias\/#breadcrumb"},"inLanguage":"es","potentialAction":[{"@type":"ReadAction","target":["https:\/\/centrourbano.com\/revista\/vivienda\/infonavit-y-gobierno-de-coahuila-entregaran-viviendas-a-policias\/"]}]},{"@type":"ImageObject","inLanguage":"es","@id":"https:\/\/centrourbano.com\/revista\/vivienda\/infonavit-y-gobierno-de-coahuila-entregaran-viviendas-a-policias\/#primaryimage","url":"https:\/\/centrourbano.com\/revista\/wp-content\/uploads\/poliCoahuila.jpeg","contentUrl":"https:\/\/centrourbano.com\/revista\/wp-content\/uploads\/poliCoahuila.jpeg","width":650,"height":433},{"@type":"BreadcrumbList","@id":"https:\/\/centrourbano.com\/revista\/vivienda\/infonavit-y-gobierno-de-coahuila-entregaran-viviendas-a-policias\/#breadcrumb","itemListElement":[{"@type":"ListItem","position":1,"name":"Portada","item":"https:\/\/centrourbano.com\/revista\/"},{"@type":"ListItem","position":2,"name":"Infonavit y gobierno de Coahuila entregar\u00e1n viviendas a polic\u00edas"}]},{"@type":"WebSite","@id":"https:\/\/centrourbano.com\/revista\/#website","url":"https:\/\/centrourbano.com\/revista\/","name":"Centro Urbano","description":"Medio especializado en los sectores vivienda, inmobiliario, construcci\u00f3n, arquitectura y urbanismo.","publisher":{"@id":"https:\/\/centrourbano.com\/revista\/#organization"},"potentialAction":[{"@type":"SearchAction","target":{"@type":"EntryPoint","urlTemplate":"https:\/\/centrourbano.com\/revista\/?s={search_term_string}"},"query-input":{"@type":"PropertyValueSpecification","valueRequired":true,"valueName":"search_term_string"}}],"inLanguage":"es"},{"@type":"Organization","@id":"https:\/\/centrourbano.com\/revista\/#organization","name":"Centro Urbano","url":"https:\/\/centrourbano.com\/revista\/","logo":{"@type":"ImageObject","inLanguage":"es","@id":"https:\/\/centrourbano.com\/revista\/#\/schema\/logo\/image\/","url":"https:\/\/centrourbano.com\/revista\/wp-content\/uploads\/web_CU_logo-1.png","contentUrl":"https:\/\/centrourbano.com\/revista\/wp-content\/uploads\/web_CU_logo-1.png","width":350,"height":91,"caption":"Centro Urbano"},"image":{"@id":"https:\/\/centrourbano.com\/revista\/#\/schema\/logo\/image\/"},"sameAs":["https:\/\/www.facebook.com\/portalcentrourbano","https:\/\/x.com\/CentroUrbano","https:\/\/www.instagram.com\/centro_urbano\/","https:\/\/www.linkedin.com\/company\/centro-urbano\/","http:\/\/www.youtube.com\/user\/portalcentrourbano"]},{"@type":"Person","@id":"https:\/\/centrourbano.com\/revista\/#\/schema\/person\/71e020a5b63ca4230c0f1228a36cde93","name":"Mario V\u00e1zquez Barrios","image":{"@type":"ImageObject","inLanguage":"es","@id":"https:\/\/secure.gravatar.com\/avatar\/347e6d9c0b04f0194ca244ba64b0fe62752d716a3a93d1713bd259eb87aad5b6?s=96&d=mm&r=g","url":"https:\/\/secure.gravatar.com\/avatar\/347e6d9c0b04f0194ca244ba64b0fe62752d716a3a93d1713bd259eb87aad5b6?s=96&d=mm&r=g","contentUrl":"https:\/\/secure.gravatar.com\/avatar\/347e6d9c0b04f0194ca244ba64b0fe62752d716a3a93d1713bd259eb87aad5b6?s=96&d=mm&r=g","caption":"Mario V\u00e1zquez Barrios"},"description":"Me inici\u00e9 en El Financiero haciendo reportajes; en MegaNoticias Televisi\u00f3n fui reportero titular; en EMedios, control de calidad; y Radio 13 Noticias me acogi\u00f3 como colaborador. Me gusta encontrar en las banquetas la nota, una entrevista y el inicio de un reportaje.","sameAs":["https:\/\/x.com\/@MarioDeNiro"],"url":"https:\/\/centrourbano.com\/revista\/author\/mario-vazquez\/"}]}},"_links":{"self":[{"href":"https:\/\/centrourbano.com\/revista\/wp-json\/wp\/v2\/posts\/16949","targetHints":{"allow":["GET"]}}],"collection":[{"href":"https:\/\/centrourbano.com\/revista\/wp-json\/wp\/v2\/posts"}],"about":[{"href":"https:\/\/centrourbano.com\/revista\/wp-json\/wp\/v2\/types\/post"}],"author":[{"embeddable":true,"href":"https:\/\/centrourbano.com\/revista\/wp-json\/wp\/v2\/users\/28"}],"replies":[{"embeddable":true,"href":"https:\/\/centrourbano.com\/revista\/wp-json\/wp\/v2\/comments?post=16949"}],"version-history":[{"count":0,"href":"https:\/\/centrourbano.com\/revista\/wp-json\/wp\/v2\/posts\/16949\/revisions"}],"wp:featuredmedia":[{"embeddable":true,"href":"https:\/\/centrourbano.com\/revista\/wp-json\/wp\/v2\/media\/16950"}],"wp:attachment":[{"href":"https:\/\/centrourbano.com\/revista\/wp-json\/wp\/v2\/media?parent=16949"}],"wp:term":[{"taxonomy":"category","embeddable":true,"href":"https:\/\/centrourbano.com\/revista\/wp-json\/wp\/v2\/categories?post=16949"},{"taxonomy":"post_tag","embeddable":true,"href":"https:\/\/centrourbano.com\/revista\/wp-json\/wp\/v2\/tags?post=16949"}],"curies":[{"name":"wp","href":"https:\/\/api.w.org\/{rel}","templated":true}]}}