{"id":1651,"date":"2013-12-11T09:02:30","date_gmt":"2013-12-11T15:02:30","guid":{"rendered":"http:\/\/centrourbano.com\/?p=1651"},"modified":"2014-03-20T10:06:07","modified_gmt":"2014-03-20T16:06:07","slug":"uanl-aportara-proyectos-al-gobierno-del-estado-de-coahuila","status":"publish","type":"post","link":"https:\/\/centrourbano.com\/revista\/construccion\/uanl-aportara-proyectos-al-gobierno-del-estado-de-coahuila\/","title":{"rendered":"UANL aportar\u00e1 proyectos al Gobierno del Estado de Coahuila"},"content":{"rendered":"<p><em>Especialistas aplicar\u00e1n sus conocimientos con programas en materia hidr\u00e1ulica, hidrolog\u00eda e ingenier\u00eda de tr\u00e1nsito<\/em><\/p>\n<p>&nbsp;<\/p>\n<p><em><!--more--><\/em><\/p>\n<p>Con el prop\u00f3sito de compartir proyectos en materia ambiental, el Gobierno del Estado de Coahuila mediante la Secretar\u00eda de Gesti\u00f3n Urbana, Agua y Ordenamiento Territorial, firm\u00f3 un convenio de colaboraci\u00f3n con la Universidad Aut\u00f3noma de Nuevo Le\u00f3n.<\/p>\n<p>&nbsp;<\/p>\n<p>Dicho acuerdo tendr\u00e1 una vigencia de tres a\u00f1os, tiempo en el que la Facultad de Ingenier\u00eda Civil de la UANL estar\u00e1 aportando diversos proyectos a las diferentes secretar\u00edas del Gobierno del Estado de Coahuila, en donde los especialistas aplicar\u00e1n sus conocimientos con programas en materia hidr\u00e1ulica, hidrolog\u00eda e ingenier\u00eda de tr\u00e1nsito.<\/p>\n<p>&nbsp;<\/p>\n<p>El objetivo es establecer las bases y mecanismos de colaboraci\u00f3n, para que la UANL a trav\u00e9s de la Facultad de Ingenier\u00eda Civil participe con la Segu en la elaboraci\u00f3n de proyectos y programas en materia ambiental, de agua, hidr\u00e1ulica, geohidrolog\u00eda, geof\u00edsica e ingenier\u00eda de tr\u00e1nsito.<\/p>\n<p>&nbsp;<\/p>\n<p>Al respecto, Gerardo Garza Melo, titular de la Segu, dijo que quieren\u00a0aprovechar\u00a0la gran experiencia que tiene la Facultad de Ingenier\u00eda Civil en proyectos hidr\u00e1ulicos a nivel nacional e internacional, ya que ellos se han encargado de la elaboraci\u00f3n, ejecuci\u00f3n y supervisi\u00f3n de obras como presas rompepicos en Monterrey, por lo que quieren que les aporten a ellos en ese sentido.<\/p>\n<p>&nbsp;<\/p>\n<p>El primer acuerdo que se logr\u00f3, es la realizaci\u00f3n de un estudio de factibilidad en el Ca\u00f1\u00f3n de San Lorenzo para determinar la probabilidad de hacer en esa zona una presa rompepicos sin afectar a la flora y la fauna, as\u00ed como la factibilidad en el manejo de la velocidad del agua y la recarga de mantos acu\u00edferos.<\/p>\n<p>&nbsp;<\/p>\n<p>Asimismo, en el transcurso de la semana, especialistas de la Segu y la Comisi\u00f3n Estatal de Aguas y Saneamiento se reunir\u00e1n con los especialistas de la UANL para hacer un borrador del proyecto y determinar el monto que podr\u00eda costar la realizaci\u00f3n de la obra.<\/p>\n<p>&nbsp;<\/p>\n<p>\u201cEse es el primer paso y en los pr\u00f3ximos meses sabremos si es posible y de ah\u00ed ya veremos qu\u00e9 m\u00e1s podemos hacer. Participar\u00e1n otras secretar\u00edas y aqu\u00ed lo importante es que no nos gane el d\u00eda a d\u00eda y planteemos proyectos a futuro, que queden para el estado y este convenio es para colaborar con gente que tiene la experiencia para guiarnos\u201d, coment\u00f3 Garza Melo.<\/p>\n<p>&nbsp;<\/p>\n","protected":false},"excerpt":{"rendered":"<p>Especialistas aplicar\u00e1n sus conocimientos con programas en materia hidr\u00e1ulica, hidrolog\u00eda e ingenier\u00eda de tr\u00e1nsito &nbsp;<\/p>\n","protected":false},"author":9,"featured_media":16730,"comment_status":"open","ping_status":"closed","sticky":false,"template":"","format":"standard","meta":{"om_disable_all_campaigns":false,"inline_featured_image":false,"_monsterinsights_skip_tracking":false,"_monsterinsights_sitenote_active":false,"_monsterinsights_sitenote_note":"","_monsterinsights_sitenote_category":0,"footnotes":""},"categories":[14],"tags":[277,544,546,545,547],"class_list":["post-1651","post","type-post","status-publish","format-standard","has-post-thumbnail","hentry","category-construccion","tag-agua","tag-coahuila","tag-hidraulica","tag-presa","tag-uanl"],"yoast_head":"<!-- This site is optimized with the Yoast SEO plugin v27.4 - https:\/\/yoast.com\/product\/yoast-seo-wordpress\/ -->\n<title>UANL aportar\u00e1 proyectos al Gobierno del Estado de Coahuila -<\/title>\n<meta name=\"description\" content=\"Especialistas aplicar\u00e1n sus conocimientos con programas en materia hidr\u00e1ulica, hidrolog\u00eda e ingenier\u00eda de tr\u00e1nsito &nbsp; Con el prop\u00f3sito de compartir\" \/>\n<meta name=\"robots\" content=\"index, follow, max-snippet:-1, max-image-preview:large, max-video-preview:-1\" \/>\n<link rel=\"canonical\" href=\"https:\/\/centrourbano.com\/revista\/construccion\/uanl-aportara-proyectos-al-gobierno-del-estado-de-coahuila\/\" \/>\n<meta property=\"og:locale\" content=\"es_ES\" \/>\n<meta property=\"og:type\" content=\"article\" \/>\n<meta property=\"og:title\" content=\"UANL aportar\u00e1 proyectos al Gobierno del Estado de Coahuila -\" \/>\n<meta property=\"og:description\" content=\"Especialistas aplicar\u00e1n sus conocimientos con programas en materia hidr\u00e1ulica, hidrolog\u00eda e ingenier\u00eda de tr\u00e1nsito &nbsp; Con el prop\u00f3sito de compartir\" \/>\n<meta property=\"og:url\" content=\"https:\/\/centrourbano.com\/revista\/construccion\/uanl-aportara-proyectos-al-gobierno-del-estado-de-coahuila\/\" \/>\n<meta property=\"og:site_name\" content=\"Centro Urbano\" \/>\n<meta property=\"article:publisher\" content=\"https:\/\/www.facebook.com\/portalcentrourbano\" \/>\n<meta property=\"article:published_time\" content=\"2013-12-11T15:02:30+00:00\" \/>\n<meta property=\"article:modified_time\" content=\"2014-03-20T16:06:07+00:00\" \/>\n<meta property=\"og:image\" content=\"https:\/\/centrourbano.com\/revista\/wp-content\/uploads\/presa-rompepicos1.jpg\" \/>\n\t<meta property=\"og:image:width\" content=\"470\" \/>\n\t<meta property=\"og:image:height\" content=\"313\" \/>\n\t<meta property=\"og:image:type\" content=\"image\/jpeg\" \/>\n<meta name=\"author\" content=\"Dinorah Nava\" \/>\n<meta name=\"twitter:card\" content=\"summary_large_image\" \/>\n<meta name=\"twitter:creator\" content=\"@https:\/\/twitter.com\/Dinorah_Nava28\" \/>\n<meta name=\"twitter:site\" content=\"@CentroUrbano\" \/>\n<meta name=\"twitter:label1\" content=\"Escrito por\" \/>\n\t<meta name=\"twitter:data1\" content=\"Dinorah Nava\" \/>\n\t<meta name=\"twitter:label2\" content=\"Tiempo de lectura\" \/>\n\t<meta name=\"twitter:data2\" content=\"2 minutos\" \/>\n<script type=\"application\/ld+json\" class=\"yoast-schema-graph\">{\"@context\":\"https:\\\/\\\/schema.org\",\"@graph\":[{\"@type\":\"Article\",\"@id\":\"https:\\\/\\\/centrourbano.com\\\/revista\\\/construccion\\\/uanl-aportara-proyectos-al-gobierno-del-estado-de-coahuila\\\/#article\",\"isPartOf\":{\"@id\":\"https:\\\/\\\/centrourbano.com\\\/revista\\\/construccion\\\/uanl-aportara-proyectos-al-gobierno-del-estado-de-coahuila\\\/\"},\"author\":{\"name\":\"Dinorah Nava\",\"@id\":\"https:\\\/\\\/centrourbano.com\\\/revista\\\/#\\\/schema\\\/person\\\/b45db815d96831257ba428a3d5a5fbdc\"},\"headline\":\"UANL aportar\u00e1 proyectos al Gobierno del Estado de Coahuila\",\"datePublished\":\"2013-12-11T15:02:30+00:00\",\"dateModified\":\"2014-03-20T16:06:07+00:00\",\"mainEntityOfPage\":{\"@id\":\"https:\\\/\\\/centrourbano.com\\\/revista\\\/construccion\\\/uanl-aportara-proyectos-al-gobierno-del-estado-de-coahuila\\\/\"},\"wordCount\":441,\"commentCount\":0,\"publisher\":{\"@id\":\"https:\\\/\\\/centrourbano.com\\\/revista\\\/#organization\"},\"image\":{\"@id\":\"https:\\\/\\\/centrourbano.com\\\/revista\\\/construccion\\\/uanl-aportara-proyectos-al-gobierno-del-estado-de-coahuila\\\/#primaryimage\"},\"thumbnailUrl\":\"https:\\\/\\\/centrourbano.com\\\/revista\\\/wp-content\\\/uploads\\\/presa-rompepicos1.jpg\",\"keywords\":[\"agua\",\"Coahuila\",\"hidr\u00e1ulica\",\"presa\",\"UANL\"],\"articleSection\":[\"Construcci\u00f3n\"],\"inLanguage\":\"es\",\"potentialAction\":[{\"@type\":\"CommentAction\",\"name\":\"Comment\",\"target\":[\"https:\\\/\\\/centrourbano.com\\\/revista\\\/construccion\\\/uanl-aportara-proyectos-al-gobierno-del-estado-de-coahuila\\\/#respond\"]}]},{\"@type\":\"WebPage\",\"@id\":\"https:\\\/\\\/centrourbano.com\\\/revista\\\/construccion\\\/uanl-aportara-proyectos-al-gobierno-del-estado-de-coahuila\\\/\",\"url\":\"https:\\\/\\\/centrourbano.com\\\/revista\\\/construccion\\\/uanl-aportara-proyectos-al-gobierno-del-estado-de-coahuila\\\/\",\"name\":\"UANL aportar\u00e1 proyectos al Gobierno del Estado de Coahuila -\",\"isPartOf\":{\"@id\":\"https:\\\/\\\/centrourbano.com\\\/revista\\\/#website\"},\"primaryImageOfPage\":{\"@id\":\"https:\\\/\\\/centrourbano.com\\\/revista\\\/construccion\\\/uanl-aportara-proyectos-al-gobierno-del-estado-de-coahuila\\\/#primaryimage\"},\"image\":{\"@id\":\"https:\\\/\\\/centrourbano.com\\\/revista\\\/construccion\\\/uanl-aportara-proyectos-al-gobierno-del-estado-de-coahuila\\\/#primaryimage\"},\"thumbnailUrl\":\"https:\\\/\\\/centrourbano.com\\\/revista\\\/wp-content\\\/uploads\\\/presa-rompepicos1.jpg\",\"datePublished\":\"2013-12-11T15:02:30+00:00\",\"dateModified\":\"2014-03-20T16:06:07+00:00\",\"description\":\"Especialistas aplicar\u00e1n sus conocimientos con programas en materia hidr\u00e1ulica, hidrolog\u00eda e ingenier\u00eda de tr\u00e1nsito &nbsp; Con el prop\u00f3sito de compartir\",\"breadcrumb\":{\"@id\":\"https:\\\/\\\/centrourbano.com\\\/revista\\\/construccion\\\/uanl-aportara-proyectos-al-gobierno-del-estado-de-coahuila\\\/#breadcrumb\"},\"inLanguage\":\"es\",\"potentialAction\":[{\"@type\":\"ReadAction\",\"target\":[\"https:\\\/\\\/centrourbano.com\\\/revista\\\/construccion\\\/uanl-aportara-proyectos-al-gobierno-del-estado-de-coahuila\\\/\"]}]},{\"@type\":\"ImageObject\",\"inLanguage\":\"es\",\"@id\":\"https:\\\/\\\/centrourbano.com\\\/revista\\\/construccion\\\/uanl-aportara-proyectos-al-gobierno-del-estado-de-coahuila\\\/#primaryimage\",\"url\":\"https:\\\/\\\/centrourbano.com\\\/revista\\\/wp-content\\\/uploads\\\/presa-rompepicos1.jpg\",\"contentUrl\":\"https:\\\/\\\/centrourbano.com\\\/revista\\\/wp-content\\\/uploads\\\/presa-rompepicos1.jpg\",\"width\":470,\"height\":313},{\"@type\":\"BreadcrumbList\",\"@id\":\"https:\\\/\\\/centrourbano.com\\\/revista\\\/construccion\\\/uanl-aportara-proyectos-al-gobierno-del-estado-de-coahuila\\\/#breadcrumb\",\"itemListElement\":[{\"@type\":\"ListItem\",\"position\":1,\"name\":\"Portada\",\"item\":\"https:\\\/\\\/centrourbano.com\\\/revista\\\/\"},{\"@type\":\"ListItem\",\"position\":2,\"name\":\"UANL aportar\u00e1 proyectos al Gobierno del Estado de Coahuila\"}]},{\"@type\":\"WebSite\",\"@id\":\"https:\\\/\\\/centrourbano.com\\\/revista\\\/#website\",\"url\":\"https:\\\/\\\/centrourbano.com\\\/revista\\\/\",\"name\":\"Centro Urbano\",\"description\":\"Medio especializado en los sectores vivienda, inmobiliario, construcci\u00f3n, arquitectura y urbanismo.\",\"publisher\":{\"@id\":\"https:\\\/\\\/centrourbano.com\\\/revista\\\/#organization\"},\"potentialAction\":[{\"@type\":\"SearchAction\",\"target\":{\"@type\":\"EntryPoint\",\"urlTemplate\":\"https:\\\/\\\/centrourbano.com\\\/revista\\\/?s={search_term_string}\"},\"query-input\":{\"@type\":\"PropertyValueSpecification\",\"valueRequired\":true,\"valueName\":\"search_term_string\"}}],\"inLanguage\":\"es\"},{\"@type\":\"Organization\",\"@id\":\"https:\\\/\\\/centrourbano.com\\\/revista\\\/#organization\",\"name\":\"Centro Urbano\",\"url\":\"https:\\\/\\\/centrourbano.com\\\/revista\\\/\",\"logo\":{\"@type\":\"ImageObject\",\"inLanguage\":\"es\",\"@id\":\"https:\\\/\\\/centrourbano.com\\\/revista\\\/#\\\/schema\\\/logo\\\/image\\\/\",\"url\":\"https:\\\/\\\/centrourbano.com\\\/revista\\\/wp-content\\\/uploads\\\/web_CU_logo-1.png\",\"contentUrl\":\"https:\\\/\\\/centrourbano.com\\\/revista\\\/wp-content\\\/uploads\\\/web_CU_logo-1.png\",\"width\":350,\"height\":91,\"caption\":\"Centro Urbano\"},\"image\":{\"@id\":\"https:\\\/\\\/centrourbano.com\\\/revista\\\/#\\\/schema\\\/logo\\\/image\\\/\"},\"sameAs\":[\"https:\\\/\\\/www.facebook.com\\\/portalcentrourbano\",\"https:\\\/\\\/x.com\\\/CentroUrbano\",\"https:\\\/\\\/www.instagram.com\\\/centro_urbano\\\/\",\"https:\\\/\\\/www.linkedin.com\\\/company\\\/centro-urbano\\\/\",\"http:\\\/\\\/www.youtube.com\\\/user\\\/portalcentrourbano\"]},{\"@type\":\"Person\",\"@id\":\"https:\\\/\\\/centrourbano.com\\\/revista\\\/#\\\/schema\\\/person\\\/b45db815d96831257ba428a3d5a5fbdc\",\"name\":\"Dinorah Nava\",\"image\":{\"@type\":\"ImageObject\",\"inLanguage\":\"es\",\"@id\":\"https:\\\/\\\/secure.gravatar.com\\\/avatar\\\/f6ca6430c51d147f363940f84e1225aa4b8183885c11802cc3b042305a4ecc1a?s=96&d=mm&r=g\",\"url\":\"https:\\\/\\\/secure.gravatar.com\\\/avatar\\\/f6ca6430c51d147f363940f84e1225aa4b8183885c11802cc3b042305a4ecc1a?s=96&d=mm&r=g\",\"contentUrl\":\"https:\\\/\\\/secure.gravatar.com\\\/avatar\\\/f6ca6430c51d147f363940f84e1225aa4b8183885c11802cc3b042305a4ecc1a?s=96&d=mm&r=g\",\"caption\":\"Dinorah Nava\"},\"description\":\"Editora de Contenidos y Estrategias Digitales en Centro Urbano y Coeditora en Peri\u00f3dico Mi Casa. Egresada de la licenciatura en Comunicaci\u00f3n y Periodismo de la Facultad de Estudios Superiores Arag\u00f3n (UNAM). Amante de la edici\u00f3n y correcci\u00f3n de estilo, las redes sociales y el mundo digital. Especialista en temas son arquitectura, inmobiliario y urbanismo.\",\"sameAs\":[\"linkedin.com\\\/in\\\/dinorah-nava\",\"https:\\\/\\\/x.com\\\/https:\\\/\\\/twitter.com\\\/Dinorah_Nava28\"],\"url\":\"https:\\\/\\\/centrourbano.com\\\/revista\\\/author\\\/dinorah-nava\\\/\"}]}<\/script>\n<!-- \/ Yoast SEO plugin. -->","yoast_head_json":{"title":"UANL aportar\u00e1 proyectos al Gobierno del Estado de Coahuila -","description":"Especialistas aplicar\u00e1n sus conocimientos con programas en materia hidr\u00e1ulica, hidrolog\u00eda e ingenier\u00eda de tr\u00e1nsito &nbsp; Con el prop\u00f3sito de compartir","robots":{"index":"index","follow":"follow","max-snippet":"max-snippet:-1","max-image-preview":"max-image-preview:large","max-video-preview":"max-video-preview:-1"},"canonical":"https:\/\/centrourbano.com\/revista\/construccion\/uanl-aportara-proyectos-al-gobierno-del-estado-de-coahuila\/","og_locale":"es_ES","og_type":"article","og_title":"UANL aportar\u00e1 proyectos al Gobierno del Estado de Coahuila -","og_description":"Especialistas aplicar\u00e1n sus conocimientos con programas en materia hidr\u00e1ulica, hidrolog\u00eda e ingenier\u00eda de tr\u00e1nsito &nbsp; Con el prop\u00f3sito de compartir","og_url":"https:\/\/centrourbano.com\/revista\/construccion\/uanl-aportara-proyectos-al-gobierno-del-estado-de-coahuila\/","og_site_name":"Centro Urbano","article_publisher":"https:\/\/www.facebook.com\/portalcentrourbano","article_published_time":"2013-12-11T15:02:30+00:00","article_modified_time":"2014-03-20T16:06:07+00:00","og_image":[{"width":470,"height":313,"url":"https:\/\/centrourbano.com\/revista\/wp-content\/uploads\/presa-rompepicos1.jpg","type":"image\/jpeg"}],"author":"Dinorah Nava","twitter_card":"summary_large_image","twitter_creator":"@https:\/\/twitter.com\/Dinorah_Nava28","twitter_site":"@CentroUrbano","twitter_misc":{"Escrito por":"Dinorah Nava","Tiempo de lectura":"2 minutos"},"schema":{"@context":"https:\/\/schema.org","@graph":[{"@type":"Article","@id":"https:\/\/centrourbano.com\/revista\/construccion\/uanl-aportara-proyectos-al-gobierno-del-estado-de-coahuila\/#article","isPartOf":{"@id":"https:\/\/centrourbano.com\/revista\/construccion\/uanl-aportara-proyectos-al-gobierno-del-estado-de-coahuila\/"},"author":{"name":"Dinorah Nava","@id":"https:\/\/centrourbano.com\/revista\/#\/schema\/person\/b45db815d96831257ba428a3d5a5fbdc"},"headline":"UANL aportar\u00e1 proyectos al Gobierno del Estado de Coahuila","datePublished":"2013-12-11T15:02:30+00:00","dateModified":"2014-03-20T16:06:07+00:00","mainEntityOfPage":{"@id":"https:\/\/centrourbano.com\/revista\/construccion\/uanl-aportara-proyectos-al-gobierno-del-estado-de-coahuila\/"},"wordCount":441,"commentCount":0,"publisher":{"@id":"https:\/\/centrourbano.com\/revista\/#organization"},"image":{"@id":"https:\/\/centrourbano.com\/revista\/construccion\/uanl-aportara-proyectos-al-gobierno-del-estado-de-coahuila\/#primaryimage"},"thumbnailUrl":"https:\/\/centrourbano.com\/revista\/wp-content\/uploads\/presa-rompepicos1.jpg","keywords":["agua","Coahuila","hidr\u00e1ulica","presa","UANL"],"articleSection":["Construcci\u00f3n"],"inLanguage":"es","potentialAction":[{"@type":"CommentAction","name":"Comment","target":["https:\/\/centrourbano.com\/revista\/construccion\/uanl-aportara-proyectos-al-gobierno-del-estado-de-coahuila\/#respond"]}]},{"@type":"WebPage","@id":"https:\/\/centrourbano.com\/revista\/construccion\/uanl-aportara-proyectos-al-gobierno-del-estado-de-coahuila\/","url":"https:\/\/centrourbano.com\/revista\/construccion\/uanl-aportara-proyectos-al-gobierno-del-estado-de-coahuila\/","name":"UANL aportar\u00e1 proyectos al Gobierno del Estado de Coahuila -","isPartOf":{"@id":"https:\/\/centrourbano.com\/revista\/#website"},"primaryImageOfPage":{"@id":"https:\/\/centrourbano.com\/revista\/construccion\/uanl-aportara-proyectos-al-gobierno-del-estado-de-coahuila\/#primaryimage"},"image":{"@id":"https:\/\/centrourbano.com\/revista\/construccion\/uanl-aportara-proyectos-al-gobierno-del-estado-de-coahuila\/#primaryimage"},"thumbnailUrl":"https:\/\/centrourbano.com\/revista\/wp-content\/uploads\/presa-rompepicos1.jpg","datePublished":"2013-12-11T15:02:30+00:00","dateModified":"2014-03-20T16:06:07+00:00","description":"Especialistas aplicar\u00e1n sus conocimientos con programas en materia hidr\u00e1ulica, hidrolog\u00eda e ingenier\u00eda de tr\u00e1nsito &nbsp; Con el prop\u00f3sito de compartir","breadcrumb":{"@id":"https:\/\/centrourbano.com\/revista\/construccion\/uanl-aportara-proyectos-al-gobierno-del-estado-de-coahuila\/#breadcrumb"},"inLanguage":"es","potentialAction":[{"@type":"ReadAction","target":["https:\/\/centrourbano.com\/revista\/construccion\/uanl-aportara-proyectos-al-gobierno-del-estado-de-coahuila\/"]}]},{"@type":"ImageObject","inLanguage":"es","@id":"https:\/\/centrourbano.com\/revista\/construccion\/uanl-aportara-proyectos-al-gobierno-del-estado-de-coahuila\/#primaryimage","url":"https:\/\/centrourbano.com\/revista\/wp-content\/uploads\/presa-rompepicos1.jpg","contentUrl":"https:\/\/centrourbano.com\/revista\/wp-content\/uploads\/presa-rompepicos1.jpg","width":470,"height":313},{"@type":"BreadcrumbList","@id":"https:\/\/centrourbano.com\/revista\/construccion\/uanl-aportara-proyectos-al-gobierno-del-estado-de-coahuila\/#breadcrumb","itemListElement":[{"@type":"ListItem","position":1,"name":"Portada","item":"https:\/\/centrourbano.com\/revista\/"},{"@type":"ListItem","position":2,"name":"UANL aportar\u00e1 proyectos al Gobierno del Estado de Coahuila"}]},{"@type":"WebSite","@id":"https:\/\/centrourbano.com\/revista\/#website","url":"https:\/\/centrourbano.com\/revista\/","name":"Centro Urbano","description":"Medio especializado en los sectores vivienda, inmobiliario, construcci\u00f3n, arquitectura y urbanismo.","publisher":{"@id":"https:\/\/centrourbano.com\/revista\/#organization"},"potentialAction":[{"@type":"SearchAction","target":{"@type":"EntryPoint","urlTemplate":"https:\/\/centrourbano.com\/revista\/?s={search_term_string}"},"query-input":{"@type":"PropertyValueSpecification","valueRequired":true,"valueName":"search_term_string"}}],"inLanguage":"es"},{"@type":"Organization","@id":"https:\/\/centrourbano.com\/revista\/#organization","name":"Centro Urbano","url":"https:\/\/centrourbano.com\/revista\/","logo":{"@type":"ImageObject","inLanguage":"es","@id":"https:\/\/centrourbano.com\/revista\/#\/schema\/logo\/image\/","url":"https:\/\/centrourbano.com\/revista\/wp-content\/uploads\/web_CU_logo-1.png","contentUrl":"https:\/\/centrourbano.com\/revista\/wp-content\/uploads\/web_CU_logo-1.png","width":350,"height":91,"caption":"Centro Urbano"},"image":{"@id":"https:\/\/centrourbano.com\/revista\/#\/schema\/logo\/image\/"},"sameAs":["https:\/\/www.facebook.com\/portalcentrourbano","https:\/\/x.com\/CentroUrbano","https:\/\/www.instagram.com\/centro_urbano\/","https:\/\/www.linkedin.com\/company\/centro-urbano\/","http:\/\/www.youtube.com\/user\/portalcentrourbano"]},{"@type":"Person","@id":"https:\/\/centrourbano.com\/revista\/#\/schema\/person\/b45db815d96831257ba428a3d5a5fbdc","name":"Dinorah Nava","image":{"@type":"ImageObject","inLanguage":"es","@id":"https:\/\/secure.gravatar.com\/avatar\/f6ca6430c51d147f363940f84e1225aa4b8183885c11802cc3b042305a4ecc1a?s=96&d=mm&r=g","url":"https:\/\/secure.gravatar.com\/avatar\/f6ca6430c51d147f363940f84e1225aa4b8183885c11802cc3b042305a4ecc1a?s=96&d=mm&r=g","contentUrl":"https:\/\/secure.gravatar.com\/avatar\/f6ca6430c51d147f363940f84e1225aa4b8183885c11802cc3b042305a4ecc1a?s=96&d=mm&r=g","caption":"Dinorah Nava"},"description":"Editora de Contenidos y Estrategias Digitales en Centro Urbano y Coeditora en Peri\u00f3dico Mi Casa. Egresada de la licenciatura en Comunicaci\u00f3n y Periodismo de la Facultad de Estudios Superiores Arag\u00f3n (UNAM). Amante de la edici\u00f3n y correcci\u00f3n de estilo, las redes sociales y el mundo digital. Especialista en temas son arquitectura, inmobiliario y urbanismo.","sameAs":["linkedin.com\/in\/dinorah-nava","https:\/\/x.com\/https:\/\/twitter.com\/Dinorah_Nava28"],"url":"https:\/\/centrourbano.com\/revista\/author\/dinorah-nava\/"}]}},"_links":{"self":[{"href":"https:\/\/centrourbano.com\/revista\/wp-json\/wp\/v2\/posts\/1651","targetHints":{"allow":["GET"]}}],"collection":[{"href":"https:\/\/centrourbano.com\/revista\/wp-json\/wp\/v2\/posts"}],"about":[{"href":"https:\/\/centrourbano.com\/revista\/wp-json\/wp\/v2\/types\/post"}],"author":[{"embeddable":true,"href":"https:\/\/centrourbano.com\/revista\/wp-json\/wp\/v2\/users\/9"}],"replies":[{"embeddable":true,"href":"https:\/\/centrourbano.com\/revista\/wp-json\/wp\/v2\/comments?post=1651"}],"version-history":[{"count":0,"href":"https:\/\/centrourbano.com\/revista\/wp-json\/wp\/v2\/posts\/1651\/revisions"}],"wp:featuredmedia":[{"embeddable":true,"href":"https:\/\/centrourbano.com\/revista\/wp-json\/wp\/v2\/media\/16730"}],"wp:attachment":[{"href":"https:\/\/centrourbano.com\/revista\/wp-json\/wp\/v2\/media?parent=1651"}],"wp:term":[{"taxonomy":"category","embeddable":true,"href":"https:\/\/centrourbano.com\/revista\/wp-json\/wp\/v2\/categories?post=1651"},{"taxonomy":"post_tag","embeddable":true,"href":"https:\/\/centrourbano.com\/revista\/wp-json\/wp\/v2\/tags?post=1651"}],"curies":[{"name":"wp","href":"https:\/\/api.w.org\/{rel}","templated":true}]}}