{"id":163935,"date":"2026-09-01T15:20:03","date_gmt":"2026-09-01T21:20:03","guid":{"rendered":"https:\/\/centrourbano.com\/revista\/?p=163935"},"modified":"2026-09-04T15:29:31","modified_gmt":"2026-09-04T21:29:31","slug":"2do-informe-sheinbaum-vivienda-trenes","status":"publish","type":"post","link":"https:\/\/centrourbano.com\/revista\/vivienda\/2do-informe-sheinbaum-vivienda-trenes\/","title":{"rendered":"2do Informe: Sheinbaum destaca avances en vivienda y trenes"},"content":{"rendered":"<p><em><span class=\"TextRun SCXW109906062 BCX0\" lang=\"ES-MX\" xml:lang=\"ES-MX\" data-contrast=\"auto\"><span class=\"NormalTextRun SCXW109906062 BCX0\">Claudia Sheinbaum\u00a0<\/span><span class=\"NormalTextRun SCXW109906062 BCX0\">inform\u00f3 que 668<\/span><span class=\"NormalTextRun SCXW109906062 BCX0\">,000<\/span><span class=\"NormalTextRun SCXW109906062 BCX0\">\u00a0viviendas ya han sido contratadas como parte de la meta sexenal de 1.8 millones<\/span><\/span><span class=\"EOP Selected SCXW109906062 BCX0\" data-ccp-props=\"{}\">\u00a0<\/span><\/em><!--more--><\/p>\n<p><span data-contrast=\"auto\">La\u00a0<\/span><b><span data-contrast=\"auto\">presidenta de M\u00e9xico, Claudia Sheinbaum Pardo<\/span><\/b><span data-contrast=\"auto\">, present\u00f3 su\u00a0<\/span><b><span data-contrast=\"auto\">Segundo Informe de Gobierno<\/span><\/b><span data-contrast=\"auto\">, en el que destac\u00f3 los avances de su administraci\u00f3n en materia de<\/span><b><span data-contrast=\"auto\">\u00a0vivienda e infraestructura<\/span><\/b><span data-contrast=\"auto\">, as\u00ed como los proyectos ferroviarios y carreteros que se desarrollan en distintas regiones del pa\u00eds.<\/span><span data-ccp-props=\"{}\">\u00a0<\/span><\/p>\n<p><span data-contrast=\"auto\">Durante su mensaje desde Palacio Nacional, la mandataria se\u00f1al\u00f3 que uno de los principales objetivos de su gobierno es ampliar el\u00a0<\/span><b><span data-contrast=\"auto\">acceso a una vivienda adecuada<\/span><\/b><span data-contrast=\"auto\">, particularmente para la poblaci\u00f3n de menores ingresos, mediante la participaci\u00f3n del\u00a0<\/span><b><span data-contrast=\"auto\">Instituto del Fondo Nacional de la Vivienda para los Trabajadores (Infonavit<\/span><\/b><span data-contrast=\"auto\">), el\u00a0<\/span><b><span data-contrast=\"auto\">Fondo de la Vivienda del ISSSTE\u00a0(Fovissste)<\/span><\/b><span data-contrast=\"auto\">\u00a0y la\u00a0<\/span><b><span data-contrast=\"auto\">Comisi\u00f3n Nacional de Vivienda (Conavi)<\/span><\/b><span data-contrast=\"auto\">.<\/span><span data-ccp-props=\"{}\">\u00a0<\/span><\/p>\n<p><span data-contrast=\"auto\">\u201cCon nuestro gobierno, el\u00a0<\/span><b><span data-contrast=\"auto\">Infonavit\u00a0<\/span><\/b><span data-contrast=\"auto\">y\u00a0<\/span><b><span data-contrast=\"auto\">Fovissste\u00a0<\/span><\/b><span data-contrast=\"auto\">recuperaron su capacidad para hacer viviendas y no solamente otorgar cr\u00e9ditos injustos\u201d, afirm\u00f3\u00a0<\/span><b><span data-contrast=\"auto\">Sheinbaum<\/span><\/b><span data-contrast=\"auto\">.<\/span><span data-ccp-props=\"{}\">\u00a0<\/span><\/p>\n<p><span data-contrast=\"auto\">En este sentido, record\u00f3 que la meta del Gobierno de M\u00e9xico es construir\u00a0<\/span><b><span data-contrast=\"auto\">1 mill\u00f3n 800,000\u00a0viviendas<\/span><\/b><span data-contrast=\"auto\">\u00a0para familias que perciben menos de 2.9 salarios m\u00ednimos.\u00a0De este universo, hasta el momento se han contratado 668,000\u00a0viviendas, 278,000\u00a0se encuentran en construcci\u00f3n y 90,000\u00a0ya fueron asignadas.<\/span><span data-ccp-props=\"{}\">\u00a0<\/span><\/p>\n<p><span data-contrast=\"auto\">Asimismo, indic\u00f3 que\u00a0<\/span><b><span data-contrast=\"auto\">Infonavit,\u00a0Fovissste\u00a0y Sociedad Hipotecaria Federal (SHF<\/span><\/b><span data-contrast=\"auto\">) mantienen esquemas de financiamiento dirigidos a familias con mayores percepciones.<\/span><span data-ccp-props=\"{}\">\u00a0<\/span><\/p>\n<p><span data-contrast=\"auto\">Hasta ahora, detall\u00f3, se han entregado\u00a0<\/span><b><span data-contrast=\"auto\">779,000\u00a0cr\u00e9ditos para vivienda<\/span><\/b><span data-contrast=\"auto\">, frente a una meta sexenal de 2.2 millones; mientras que 717,000\u00a0familias han recibido cr\u00e9ditos y apoyos para mejoramiento de vivienda, de un objetivo de 1.8 millones.<\/span><span data-ccp-props=\"{}\">\u00a0<\/span><\/p>\n<h2><b><span data-contrast=\"auto\">Reestructuraci\u00f3n de cr\u00e9ditos y regularizaci\u00f3n de vivienda<\/span><\/b><span data-ccp-props=\"{}\">\u00a0<\/span><\/h2>\n<p><span data-contrast=\"auto\">Otro de los puntos que\u00a0<\/span><b><span data-contrast=\"auto\">Sheinbaum\u00a0<\/span><\/b><span data-contrast=\"auto\">destac\u00f3 fue la\u00a0<\/span><b><span data-contrast=\"auto\">reestructuraci\u00f3n de financiamientos considerados impagables<\/span><\/b><span data-contrast=\"auto\">.<\/span><span data-ccp-props=\"{}\">\u00a0<\/span><\/p>\n<p><span data-contrast=\"auto\">De acuerdo con la\u00a0Presidenta, alrededor de<\/span><b><span data-contrast=\"auto\">\u00a05 millones de familias<\/span><\/b><span data-contrast=\"auto\">\u00a0dejaron de estar sujetas a este tipo de cr\u00e9ditos, algunos de los cuales incrementaban su saldo a pesar de los pagos realizados durante a\u00f1os.<\/span><span data-ccp-props=\"{}\">\u00a0<\/span><\/p>\n<p><span data-contrast=\"auto\">\u201cImpresionante lo que suced\u00eda en el pasado: la gente ped\u00eda cr\u00e9dito por 60,000\u00a0pesos, hab\u00eda pagado durante 20 a\u00f1os y su deuda hab\u00eda ascendido a\u00a01\u00a0mill\u00f3n de pesos. Ahora, todo eso fue reestructurado y hay millones de familias que ya pagaron su vivienda\u201d, sostuvo.<\/span><span data-ccp-props=\"{&quot;134233117&quot;:false,&quot;134233118&quot;:false,&quot;201341983&quot;:0,&quot;335551550&quot;:1,&quot;335551620&quot;:1,&quot;335559685&quot;:0,&quot;335559737&quot;:0,&quot;335559738&quot;:0,&quot;335559739&quot;:160,&quot;335559740&quot;:279}\">\u00a0<\/span><\/p>\n<p><span data-contrast=\"auto\">Adem\u00e1s, inform\u00f3 que\u00a0<\/span><b><span data-contrast=\"auto\">se han regularizado 337,000\u00a0hogares<\/span><\/b><span data-contrast=\"auto\">, de una meta de 1.2 millones, con el objetivo de brindar certeza sobre la propiedad de las viviendas.<\/span><span data-ccp-props=\"{}\">\u00a0<\/span><\/p>\n<p><span data-contrast=\"auto\">En conjunto, asegur\u00f3\u00a0<\/span><b><span data-contrast=\"auto\">Sheinbaum<\/span><\/b><span data-contrast=\"auto\">, las distintas acciones que integran el\u00a0<\/span><b><span data-contrast=\"auto\">Programa de Vivienda\u00a0<\/span><\/b><span data-contrast=\"auto\">permitir\u00e1n beneficiar a 12 millones de familias al concluir el sexenio.<\/span><span data-ccp-props=\"{}\">\u00a0<\/span><\/p>\n<h2><b><span data-contrast=\"auto\">Gobierno proyecta 700 mil\u00a0mdp\u00a0para infraestructura carretera<\/span><\/b><span data-ccp-props=\"{}\">\u00a0<\/span><\/h2>\n<p><span data-contrast=\"auto\">En\u00a0<\/span><b><span data-contrast=\"auto\">materia carretera<\/span><\/b><span data-contrast=\"auto\">, la mandataria inform\u00f3 que la\u00a0<\/span><b><span data-contrast=\"auto\">repavimentaci\u00f3n\u00a0<\/span><\/b><span data-contrast=\"auto\">de los 51,000\u00a0kil\u00f3metros de carreteras libres de peaje del pa\u00eds registra un avance de 88 por ciento.<\/span><span data-ccp-props=\"{}\">\u00a0<\/span><\/p>\n<p><span data-contrast=\"auto\">Asimismo, se\u00f1al\u00f3 la conclusi\u00f3n de proyectos estrat\u00e9gicos como la carretera Bavispe-Nuevo Casas Grandes; el puente Nichupt\u00e9, en Canc\u00fan; Real del Monte-Huasca, en Hidalgo; P\u00e1tzcuaro-Uruapan; y San Ignacio-Tayoltita.<\/span><span data-ccp-props=\"{}\">\u00a0<\/span><\/p>\n<p><span data-contrast=\"auto\">Para los pr\u00f3ximos proyectos,\u00a0<\/span><b><span data-contrast=\"auto\">Sheinbaum\u00a0<\/span><\/b><span data-contrast=\"auto\">destac\u00f3 que el\u00a0<\/span><b><span data-contrast=\"auto\">plan de mejoramiento y ampliaci\u00f3n de la red carretera\u00a0<\/span><\/b><span data-contrast=\"auto\">contempla una inversi\u00f3n de 700,000\u00a0millones de pesos para intervenir 5,000\u00a0kil\u00f3metros.<\/span><span data-ccp-props=\"{}\">\u00a0<\/span><\/p>\n<p><span data-contrast=\"auto\">Entre los principales proyectos se encuentran el Corredor del Golfo de M\u00e9xico, que incluye la carretera Macuspana-Esc\u00e1rcega, obras en Veracruz y el mejoramiento y ampliaci\u00f3n del tramo Tampico-Reynosa, v\u00eda Ciudad Victoria.<\/span><span data-ccp-props=\"{}\">\u00a0<\/span><\/p>\n<p><span data-contrast=\"auto\">Tambi\u00e9n se contempla el Corredor del Pac\u00edfico, con intervenciones entre Salina Cruz y Michoac\u00e1n; mejoras en las carreteras 57 y 45; as\u00ed como los proyectos Guaymas-Chihuahua, Toluca-Zihuatanejo, la conexi\u00f3n de la Huasteca entre Hidalgo, San Luis Potos\u00ed y Tamaulipas, y la carretera Ocosingo-Palenque, en Chiapas.<\/span><span data-ccp-props=\"{}\">\u00a0<\/span><\/p>\n<p><span data-contrast=\"auto\">La\u00a0Presidenta\u00a0agreg\u00f3 que durante los primeros dos a\u00f1os de su administraci\u00f3n se construyeron\u00a0<\/span><b><span data-contrast=\"auto\">70 puentes y distribuidores viales<\/span><\/b><span data-contrast=\"auto\">\u00a0y actualmente se desarrollan otros 35.<\/span><span data-ccp-props=\"{}\">\u00a0<\/span><\/p>\n<h2><b><span data-contrast=\"auto\">Avanza recuperaci\u00f3n de trenes de pasajeros<\/span><\/b><span data-ccp-props=\"{}\">\u00a0<\/span><\/h2>\n<p><span data-contrast=\"auto\">En el \u00e1mbito ferroviario,\u00a0<\/span><b><span data-contrast=\"auto\">Sheinbaum\u00a0<\/span><\/b><span data-contrast=\"auto\">asegur\u00f3 que su administraci\u00f3n continuar\u00e1 con la recuperaci\u00f3n de los\u00a0<\/span><b><span data-contrast=\"auto\">trenes de pasajeros\u00a0<\/span><\/b><span data-contrast=\"auto\">y destac\u00f3 los proyectos que actualmente se encuentran en desarrollo.<\/span><span data-ccp-props=\"{}\">\u00a0<\/span><\/p>\n<p><span data-contrast=\"auto\">Entre ellos mencion\u00f3 los trenes AIFA-Pachuca, Ciudad de M\u00e9xico-Quer\u00e9taro, Quer\u00e9taro-Nuevo Laredo, Quer\u00e9taro-Guadalajara, Salina Cruz-Ciudad Hidalgo y Roberto Ayala-Dos Bocas, adem\u00e1s del Tren Maya de carga.<\/span><span data-ccp-props=\"{}\">\u00a0<\/span><\/p>\n<p><span data-contrast=\"auto\">La mandataria tambi\u00e9n destac\u00f3 la operaci\u00f3n del\u00a0<\/span><b><span data-contrast=\"auto\">Tren Insurgente\u00a0<\/span><\/b><span data-contrast=\"auto\">en el tramo Santa Fe-Observatorio, el cual, de acuerdo con las cifras presentadas durante el Informe, ha transportado a m\u00e1s de 25 millones de pasajeros.<\/span><span data-ccp-props=\"{}\">\u00a0<\/span><\/p>\n<p><span data-contrast=\"auto\">Por su parte, se\u00f1al\u00f3 que el\u00a0<\/span><b><span data-contrast=\"auto\">Tren Felipe \u00c1ngeles<\/span><\/b><span data-contrast=\"auto\">, en el tramo Lecher\u00eda-AIFA, busca consolidarse como una alternativa de movilidad para cerca de 3 millones de habitantes y mejorar la conectividad con el Aeropuerto Internacional Felipe \u00c1ngeles (AIFA).<\/span><span data-ccp-props=\"{}\">\u00a0<\/span><\/p>\n<p><span data-contrast=\"auto\">Finalmente,\u00a0<\/span><b><span data-contrast=\"auto\">Sheinbaum\u00a0<\/span><\/b><span data-contrast=\"auto\">inform\u00f3 que el\u00a0<\/span><b><span data-contrast=\"auto\">Tren Maya<\/span><\/b><span data-contrast=\"auto\">\u00a0ha movilizado 2.5 millones de pasajeros, mientras que el\u00a0<\/span><b><span data-contrast=\"auto\">Tren Interoce\u00e1nico<\/span><\/b><span data-contrast=\"auto\">\u00a0ha transportado 2 millones de toneladas.<\/span><span data-ccp-props=\"{}\">\u00a0<\/span><\/p>\n<p><span data-contrast=\"auto\">En el caso de este \u00faltimo sistema ferroviario, adelant\u00f3 que el servicio de pasajeros iniciar\u00e1 nuevamente operaciones entre noviembre de 2026 y febrero de 2027, dependiendo de los tramos.<\/span><span data-ccp-props=\"{}\">\u00a0<\/span><\/p>\n<p><span data-contrast=\"auto\">Con estos proyectos, el Gobierno federal busca mantener a la vivienda, la\u00a0<\/span><b><span data-contrast=\"auto\">conectividad ferroviaria<\/span><\/b><span data-contrast=\"auto\">\u00a0y la\u00a0<\/span><b><span data-contrast=\"auto\">infraestructura carretera<\/span><\/b><span data-contrast=\"auto\">\u00a0entre los principales ejes de inversi\u00f3n p\u00fablica durante los pr\u00f3ximos a\u00f1os.<\/span><span data-ccp-props=\"{}\">\u00a0<\/span><\/p>\n","protected":false},"excerpt":{"rendered":"<p>Claudia Sheinbaum\u00a0inform\u00f3 que 668,000\u00a0viviendas ya han sido contratadas como parte de la meta sexenal de 1.8 millones\u00a0<\/p>\n","protected":false},"author":97,"featured_media":163936,"comment_status":"closed","ping_status":"closed","sticky":false,"template":"","format":"standard","meta":{"footnotes":""},"categories":[14,12],"tags":[],"class_list":["post-163935","post","type-post","status-publish","format-standard","has-post-thumbnail","hentry","category-construccion","category-vivienda"],"yoast_head":"<!-- This site is optimized with the Yoast SEO plugin v28.4 - https:\/\/yoast.com\/product\/yoast-seo-wordpress\/ -->\n<title>2do Informe: Sheinbaum destaca avances en vivienda y trenes<\/title>\n<meta name=\"description\" content=\"Claudia Sheinbaum inform\u00f3 que 668,000 viviendas ya han sido contratadas como parte de la meta sexenal de 1.8 millones\" \/>\n<meta name=\"robots\" content=\"index, follow, max-snippet:-1, max-image-preview:large, max-video-preview:-1\" \/>\n<link rel=\"canonical\" href=\"https:\/\/centrourbano.com\/revista\/vivienda\/2do-informe-sheinbaum-vivienda-trenes\/\" \/>\n<meta property=\"og:locale\" content=\"es_ES\" \/>\n<meta property=\"og:type\" content=\"article\" \/>\n<meta property=\"og:title\" content=\"2do Informe: Sheinbaum destaca avances en vivienda y trenes\" \/>\n<meta property=\"og:description\" content=\"Claudia Sheinbaum inform\u00f3 que 668,000 viviendas ya han sido contratadas como parte de la meta sexenal de 1.8 millones\" \/>\n<meta property=\"og:url\" content=\"https:\/\/centrourbano.com\/revista\/vivienda\/2do-informe-sheinbaum-vivienda-trenes\/\" \/>\n<meta property=\"og:site_name\" content=\"Centro Urbano\" \/>\n<meta property=\"article:publisher\" content=\"https:\/\/www.facebook.com\/portalcentrourbano\" \/>\n<meta property=\"article:published_time\" content=\"2026-09-01T21:20:03+00:00\" \/>\n<meta property=\"article:modified_time\" content=\"2026-09-04T21:29:31+00:00\" \/>\n<meta property=\"og:image\" content=\"https:\/\/centrourbano.com\/revista\/wp-content\/uploads\/2do-Informe-Sheinbaum-destaca-avances-en-vivienda-y-trenes-.jpg\" \/>\n\t<meta property=\"og:image:width\" content=\"1473\" \/>\n\t<meta property=\"og:image:height\" content=\"1473\" \/>\n\t<meta property=\"og:image:type\" content=\"image\/jpeg\" \/>\n<meta name=\"author\" content=\"Fernanda Hern\u00e1ndez\" \/>\n<meta name=\"twitter:card\" content=\"summary_large_image\" \/>\n<meta name=\"twitter:creator\" content=\"@CentroUrbano\" \/>\n<meta name=\"twitter:site\" content=\"@CentroUrbano\" \/>\n<meta name=\"twitter:label1\" content=\"Escrito por\" \/>\n\t<meta name=\"twitter:data1\" content=\"Fernanda Hern\u00e1ndez\" \/>\n\t<meta name=\"twitter:label2\" content=\"Tiempo de lectura\" \/>\n\t<meta name=\"twitter:data2\" content=\"4 minutos\" \/>\n<script type=\"application\/ld+json\" class=\"yoast-schema-graph\">{\"@context\":\"https:\\\/\\\/schema.org\",\"@graph\":[{\"@type\":\"Article\",\"@id\":\"https:\\\/\\\/centrourbano.com\\\/revista\\\/vivienda\\\/2do-informe-sheinbaum-vivienda-trenes\\\/#article\",\"isPartOf\":{\"@id\":\"https:\\\/\\\/centrourbano.com\\\/revista\\\/vivienda\\\/2do-informe-sheinbaum-vivienda-trenes\\\/\"},\"author\":{\"name\":\"Fernanda Hern\u00e1ndez\",\"@id\":\"https:\\\/\\\/centrourbano.com\\\/revista\\\/#\\\/schema\\\/person\\\/705bd2561e969bad91819dabdc439ef2\"},\"headline\":\"2do Informe: Sheinbaum destaca avances en vivienda y trenes\",\"datePublished\":\"2026-09-01T21:20:03+00:00\",\"dateModified\":\"2026-09-04T21:29:31+00:00\",\"mainEntityOfPage\":{\"@id\":\"https:\\\/\\\/centrourbano.com\\\/revista\\\/vivienda\\\/2do-informe-sheinbaum-vivienda-trenes\\\/\"},\"wordCount\":850,\"publisher\":{\"@id\":\"https:\\\/\\\/centrourbano.com\\\/revista\\\/#organization\"},\"image\":{\"@id\":\"https:\\\/\\\/centrourbano.com\\\/revista\\\/vivienda\\\/2do-informe-sheinbaum-vivienda-trenes\\\/#primaryimage\"},\"thumbnailUrl\":\"https:\\\/\\\/centrourbano.com\\\/revista\\\/wp-content\\\/uploads\\\/2do-Informe-Sheinbaum-destaca-avances-en-vivienda-y-trenes-.jpg\",\"articleSection\":[\"Construcci\u00f3n\",\"Vivienda\"],\"inLanguage\":\"es\"},{\"@type\":\"WebPage\",\"@id\":\"https:\\\/\\\/centrourbano.com\\\/revista\\\/vivienda\\\/2do-informe-sheinbaum-vivienda-trenes\\\/\",\"url\":\"https:\\\/\\\/centrourbano.com\\\/revista\\\/vivienda\\\/2do-informe-sheinbaum-vivienda-trenes\\\/\",\"name\":\"2do Informe: Sheinbaum destaca avances en vivienda y trenes\",\"isPartOf\":{\"@id\":\"https:\\\/\\\/centrourbano.com\\\/revista\\\/#website\"},\"primaryImageOfPage\":{\"@id\":\"https:\\\/\\\/centrourbano.com\\\/revista\\\/vivienda\\\/2do-informe-sheinbaum-vivienda-trenes\\\/#primaryimage\"},\"image\":{\"@id\":\"https:\\\/\\\/centrourbano.com\\\/revista\\\/vivienda\\\/2do-informe-sheinbaum-vivienda-trenes\\\/#primaryimage\"},\"thumbnailUrl\":\"https:\\\/\\\/centrourbano.com\\\/revista\\\/wp-content\\\/uploads\\\/2do-Informe-Sheinbaum-destaca-avances-en-vivienda-y-trenes-.jpg\",\"datePublished\":\"2026-09-01T21:20:03+00:00\",\"dateModified\":\"2026-09-04T21:29:31+00:00\",\"description\":\"Claudia Sheinbaum inform\u00f3 que 668,000 viviendas ya han sido contratadas como parte de la meta sexenal de 1.8 millones\",\"breadcrumb\":{\"@id\":\"https:\\\/\\\/centrourbano.com\\\/revista\\\/vivienda\\\/2do-informe-sheinbaum-vivienda-trenes\\\/#breadcrumb\"},\"inLanguage\":\"es\",\"potentialAction\":[{\"@type\":\"ReadAction\",\"target\":[\"https:\\\/\\\/centrourbano.com\\\/revista\\\/vivienda\\\/2do-informe-sheinbaum-vivienda-trenes\\\/\"]}]},{\"@type\":\"ImageObject\",\"inLanguage\":\"es\",\"@id\":\"https:\\\/\\\/centrourbano.com\\\/revista\\\/vivienda\\\/2do-informe-sheinbaum-vivienda-trenes\\\/#primaryimage\",\"url\":\"https:\\\/\\\/centrourbano.com\\\/revista\\\/wp-content\\\/uploads\\\/2do-Informe-Sheinbaum-destaca-avances-en-vivienda-y-trenes-.jpg\",\"contentUrl\":\"https:\\\/\\\/centrourbano.com\\\/revista\\\/wp-content\\\/uploads\\\/2do-Informe-Sheinbaum-destaca-avances-en-vivienda-y-trenes-.jpg\",\"width\":1473,\"height\":1473,\"caption\":\"Claudia Sheinbaum inform\u00f3 que 668,000 viviendas ya han sido contratadas como parte de la meta sexenal de 1.8 millones\"},{\"@type\":\"BreadcrumbList\",\"@id\":\"https:\\\/\\\/centrourbano.com\\\/revista\\\/vivienda\\\/2do-informe-sheinbaum-vivienda-trenes\\\/#breadcrumb\",\"itemListElement\":[{\"@type\":\"ListItem\",\"position\":1,\"name\":\"Portada\",\"item\":\"https:\\\/\\\/centrourbano.com\\\/revista\\\/\"},{\"@type\":\"ListItem\",\"position\":2,\"name\":\"2do Informe: Sheinbaum destaca avances en vivienda y trenes\"}]},{\"@type\":\"WebSite\",\"@id\":\"https:\\\/\\\/centrourbano.com\\\/revista\\\/#website\",\"url\":\"https:\\\/\\\/centrourbano.com\\\/revista\\\/\",\"name\":\"Centro Urbano\",\"description\":\"Medio especializado en los sectores vivienda, inmobiliario, construcci\u00f3n, arquitectura y urbanismo.\",\"publisher\":{\"@id\":\"https:\\\/\\\/centrourbano.com\\\/revista\\\/#organization\"},\"potentialAction\":[{\"@type\":\"SearchAction\",\"target\":{\"@type\":\"EntryPoint\",\"urlTemplate\":\"https:\\\/\\\/centrourbano.com\\\/revista\\\/?s={search_term_string}\"},\"query-input\":{\"@type\":\"PropertyValueSpecification\",\"valueRequired\":true,\"valueName\":\"search_term_string\"}}],\"inLanguage\":\"es\"},{\"@type\":\"Organization\",\"@id\":\"https:\\\/\\\/centrourbano.com\\\/revista\\\/#organization\",\"name\":\"Centro Urbano\",\"url\":\"https:\\\/\\\/centrourbano.com\\\/revista\\\/\",\"logo\":{\"@type\":\"ImageObject\",\"inLanguage\":\"es\",\"@id\":\"https:\\\/\\\/centrourbano.com\\\/revista\\\/#\\\/schema\\\/logo\\\/image\\\/\",\"url\":\"https:\\\/\\\/centrourbano.com\\\/revista\\\/wp-content\\\/uploads\\\/web_CU_logo-1.png\",\"contentUrl\":\"https:\\\/\\\/centrourbano.com\\\/revista\\\/wp-content\\\/uploads\\\/web_CU_logo-1.png\",\"width\":350,\"height\":91,\"caption\":\"Centro Urbano\"},\"image\":{\"@id\":\"https:\\\/\\\/centrourbano.com\\\/revista\\\/#\\\/schema\\\/logo\\\/image\\\/\"},\"sameAs\":[\"https:\\\/\\\/www.facebook.com\\\/portalcentrourbano\",\"https:\\\/\\\/x.com\\\/CentroUrbano\",\"https:\\\/\\\/www.instagram.com\\\/centro_urbano\\\/\",\"https:\\\/\\\/www.linkedin.com\\\/company\\\/centro-urbano\\\/\",\"http:\\\/\\\/www.youtube.com\\\/user\\\/portalcentrourbano\"]},{\"@type\":\"Person\",\"@id\":\"https:\\\/\\\/centrourbano.com\\\/revista\\\/#\\\/schema\\\/person\\\/705bd2561e969bad91819dabdc439ef2\",\"name\":\"Fernanda Hern\u00e1ndez\",\"image\":{\"@type\":\"ImageObject\",\"inLanguage\":\"es\",\"@id\":\"https:\\\/\\\/secure.gravatar.com\\\/avatar\\\/4f049ffca8d1d4b197103c0b78788571483d5e9b4bc16d1649ab763694a86151?s=96&d=mm&r=g\",\"url\":\"https:\\\/\\\/secure.gravatar.com\\\/avatar\\\/4f049ffca8d1d4b197103c0b78788571483d5e9b4bc16d1649ab763694a86151?s=96&d=mm&r=g\",\"contentUrl\":\"https:\\\/\\\/secure.gravatar.com\\\/avatar\\\/4f049ffca8d1d4b197103c0b78788571483d5e9b4bc16d1649ab763694a86151?s=96&d=mm&r=g\",\"caption\":\"Fernanda Hern\u00e1ndez\"},\"url\":\"https:\\\/\\\/centrourbano.com\\\/revista\\\/author\\\/informacion\\\/\"}]}<\/script>\n<!-- \/ Yoast SEO plugin. -->","yoast_head_json":{"title":"2do Informe: Sheinbaum destaca avances en vivienda y trenes","description":"Claudia Sheinbaum inform\u00f3 que 668,000 viviendas ya han sido contratadas como parte de la meta sexenal de 1.8 millones","robots":{"index":"index","follow":"follow","max-snippet":"max-snippet:-1","max-image-preview":"max-image-preview:large","max-video-preview":"max-video-preview:-1"},"canonical":"https:\/\/centrourbano.com\/revista\/vivienda\/2do-informe-sheinbaum-vivienda-trenes\/","og_locale":"es_ES","og_type":"article","og_title":"2do Informe: Sheinbaum destaca avances en vivienda y trenes","og_description":"Claudia Sheinbaum inform\u00f3 que 668,000 viviendas ya han sido contratadas como parte de la meta sexenal de 1.8 millones","og_url":"https:\/\/centrourbano.com\/revista\/vivienda\/2do-informe-sheinbaum-vivienda-trenes\/","og_site_name":"Centro Urbano","article_publisher":"https:\/\/www.facebook.com\/portalcentrourbano","article_published_time":"2026-09-01T21:20:03+00:00","article_modified_time":"2026-09-04T21:29:31+00:00","og_image":[{"width":1473,"height":1473,"url":"https:\/\/centrourbano.com\/revista\/wp-content\/uploads\/2do-Informe-Sheinbaum-destaca-avances-en-vivienda-y-trenes-.jpg","type":"image\/jpeg"}],"author":"Fernanda Hern\u00e1ndez","twitter_card":"summary_large_image","twitter_creator":"@CentroUrbano","twitter_site":"@CentroUrbano","twitter_misc":{"Escrito por":"Fernanda Hern\u00e1ndez","Tiempo de lectura":"4 minutos"},"schema":{"@context":"https:\/\/schema.org","@graph":[{"@type":"Article","@id":"https:\/\/centrourbano.com\/revista\/vivienda\/2do-informe-sheinbaum-vivienda-trenes\/#article","isPartOf":{"@id":"https:\/\/centrourbano.com\/revista\/vivienda\/2do-informe-sheinbaum-vivienda-trenes\/"},"author":{"name":"Fernanda Hern\u00e1ndez","@id":"https:\/\/centrourbano.com\/revista\/#\/schema\/person\/705bd2561e969bad91819dabdc439ef2"},"headline":"2do Informe: Sheinbaum destaca avances en vivienda y trenes","datePublished":"2026-09-01T21:20:03+00:00","dateModified":"2026-09-04T21:29:31+00:00","mainEntityOfPage":{"@id":"https:\/\/centrourbano.com\/revista\/vivienda\/2do-informe-sheinbaum-vivienda-trenes\/"},"wordCount":850,"publisher":{"@id":"https:\/\/centrourbano.com\/revista\/#organization"},"image":{"@id":"https:\/\/centrourbano.com\/revista\/vivienda\/2do-informe-sheinbaum-vivienda-trenes\/#primaryimage"},"thumbnailUrl":"https:\/\/centrourbano.com\/revista\/wp-content\/uploads\/2do-Informe-Sheinbaum-destaca-avances-en-vivienda-y-trenes-.jpg","articleSection":["Construcci\u00f3n","Vivienda"],"inLanguage":"es"},{"@type":"WebPage","@id":"https:\/\/centrourbano.com\/revista\/vivienda\/2do-informe-sheinbaum-vivienda-trenes\/","url":"https:\/\/centrourbano.com\/revista\/vivienda\/2do-informe-sheinbaum-vivienda-trenes\/","name":"2do Informe: Sheinbaum destaca avances en vivienda y trenes","isPartOf":{"@id":"https:\/\/centrourbano.com\/revista\/#website"},"primaryImageOfPage":{"@id":"https:\/\/centrourbano.com\/revista\/vivienda\/2do-informe-sheinbaum-vivienda-trenes\/#primaryimage"},"image":{"@id":"https:\/\/centrourbano.com\/revista\/vivienda\/2do-informe-sheinbaum-vivienda-trenes\/#primaryimage"},"thumbnailUrl":"https:\/\/centrourbano.com\/revista\/wp-content\/uploads\/2do-Informe-Sheinbaum-destaca-avances-en-vivienda-y-trenes-.jpg","datePublished":"2026-09-01T21:20:03+00:00","dateModified":"2026-09-04T21:29:31+00:00","description":"Claudia Sheinbaum inform\u00f3 que 668,000 viviendas ya han sido contratadas como parte de la meta sexenal de 1.8 millones","breadcrumb":{"@id":"https:\/\/centrourbano.com\/revista\/vivienda\/2do-informe-sheinbaum-vivienda-trenes\/#breadcrumb"},"inLanguage":"es","potentialAction":[{"@type":"ReadAction","target":["https:\/\/centrourbano.com\/revista\/vivienda\/2do-informe-sheinbaum-vivienda-trenes\/"]}]},{"@type":"ImageObject","inLanguage":"es","@id":"https:\/\/centrourbano.com\/revista\/vivienda\/2do-informe-sheinbaum-vivienda-trenes\/#primaryimage","url":"https:\/\/centrourbano.com\/revista\/wp-content\/uploads\/2do-Informe-Sheinbaum-destaca-avances-en-vivienda-y-trenes-.jpg","contentUrl":"https:\/\/centrourbano.com\/revista\/wp-content\/uploads\/2do-Informe-Sheinbaum-destaca-avances-en-vivienda-y-trenes-.jpg","width":1473,"height":1473,"caption":"Claudia Sheinbaum inform\u00f3 que 668,000 viviendas ya han sido contratadas como parte de la meta sexenal de 1.8 millones"},{"@type":"BreadcrumbList","@id":"https:\/\/centrourbano.com\/revista\/vivienda\/2do-informe-sheinbaum-vivienda-trenes\/#breadcrumb","itemListElement":[{"@type":"ListItem","position":1,"name":"Portada","item":"https:\/\/centrourbano.com\/revista\/"},{"@type":"ListItem","position":2,"name":"2do Informe: Sheinbaum destaca avances en vivienda y trenes"}]},{"@type":"WebSite","@id":"https:\/\/centrourbano.com\/revista\/#website","url":"https:\/\/centrourbano.com\/revista\/","name":"Centro Urbano","description":"Medio especializado en los sectores vivienda, inmobiliario, construcci\u00f3n, arquitectura y urbanismo.","publisher":{"@id":"https:\/\/centrourbano.com\/revista\/#organization"},"potentialAction":[{"@type":"SearchAction","target":{"@type":"EntryPoint","urlTemplate":"https:\/\/centrourbano.com\/revista\/?s={search_term_string}"},"query-input":{"@type":"PropertyValueSpecification","valueRequired":true,"valueName":"search_term_string"}}],"inLanguage":"es"},{"@type":"Organization","@id":"https:\/\/centrourbano.com\/revista\/#organization","name":"Centro Urbano","url":"https:\/\/centrourbano.com\/revista\/","logo":{"@type":"ImageObject","inLanguage":"es","@id":"https:\/\/centrourbano.com\/revista\/#\/schema\/logo\/image\/","url":"https:\/\/centrourbano.com\/revista\/wp-content\/uploads\/web_CU_logo-1.png","contentUrl":"https:\/\/centrourbano.com\/revista\/wp-content\/uploads\/web_CU_logo-1.png","width":350,"height":91,"caption":"Centro Urbano"},"image":{"@id":"https:\/\/centrourbano.com\/revista\/#\/schema\/logo\/image\/"},"sameAs":["https:\/\/www.facebook.com\/portalcentrourbano","https:\/\/x.com\/CentroUrbano","https:\/\/www.instagram.com\/centro_urbano\/","https:\/\/www.linkedin.com\/company\/centro-urbano\/","http:\/\/www.youtube.com\/user\/portalcentrourbano"]},{"@type":"Person","@id":"https:\/\/centrourbano.com\/revista\/#\/schema\/person\/705bd2561e969bad91819dabdc439ef2","name":"Fernanda Hern\u00e1ndez","image":{"@type":"ImageObject","inLanguage":"es","@id":"https:\/\/secure.gravatar.com\/avatar\/4f049ffca8d1d4b197103c0b78788571483d5e9b4bc16d1649ab763694a86151?s=96&d=mm&r=g","url":"https:\/\/secure.gravatar.com\/avatar\/4f049ffca8d1d4b197103c0b78788571483d5e9b4bc16d1649ab763694a86151?s=96&d=mm&r=g","contentUrl":"https:\/\/secure.gravatar.com\/avatar\/4f049ffca8d1d4b197103c0b78788571483d5e9b4bc16d1649ab763694a86151?s=96&d=mm&r=g","caption":"Fernanda Hern\u00e1ndez"},"url":"https:\/\/centrourbano.com\/revista\/author\/informacion\/"}]}},"_links":{"self":[{"href":"https:\/\/centrourbano.com\/revista\/wp-json\/wp\/v2\/posts\/163935","targetHints":{"allow":["GET"]}}],"collection":[{"href":"https:\/\/centrourbano.com\/revista\/wp-json\/wp\/v2\/posts"}],"about":[{"href":"https:\/\/centrourbano.com\/revista\/wp-json\/wp\/v2\/types\/post"}],"author":[{"embeddable":true,"href":"https:\/\/centrourbano.com\/revista\/wp-json\/wp\/v2\/users\/97"}],"replies":[{"embeddable":true,"href":"https:\/\/centrourbano.com\/revista\/wp-json\/wp\/v2\/comments?post=163935"}],"version-history":[{"count":1,"href":"https:\/\/centrourbano.com\/revista\/wp-json\/wp\/v2\/posts\/163935\/revisions"}],"predecessor-version":[{"id":163937,"href":"https:\/\/centrourbano.com\/revista\/wp-json\/wp\/v2\/posts\/163935\/revisions\/163937"}],"wp:featuredmedia":[{"embeddable":true,"href":"https:\/\/centrourbano.com\/revista\/wp-json\/wp\/v2\/media\/163936"}],"wp:attachment":[{"href":"https:\/\/centrourbano.com\/revista\/wp-json\/wp\/v2\/media?parent=163935"}],"wp:term":[{"taxonomy":"category","embeddable":true,"href":"https:\/\/centrourbano.com\/revista\/wp-json\/wp\/v2\/categories?post=163935"},{"taxonomy":"post_tag","embeddable":true,"href":"https:\/\/centrourbano.com\/revista\/wp-json\/wp\/v2\/tags?post=163935"}],"curies":[{"name":"wp","href":"https:\/\/api.w.org\/{rel}","templated":true}]}}