{"id":163927,"date":"2026-08-31T14:53:28","date_gmt":"2026-08-31T20:53:28","guid":{"rendered":"https:\/\/centrourbano.com\/revista\/?p=163927"},"modified":"2026-09-04T14:55:09","modified_gmt":"2026-09-04T20:55:09","slug":"ecobici-iztapalapa-iztacalco-tlalpan","status":"publish","type":"post","link":"https:\/\/centrourbano.com\/revista\/urbanismo\/ecobici-iztapalapa-iztacalco-tlalpan\/","title":{"rendered":"Ecobici llegar\u00e1 a Iztapalapa, Iztacalco y Tlalpan"},"content":{"rendered":"<p><em><span class=\"TextRun SCXW165145710 BCX0\" lang=\"ES-MX\" xml:lang=\"ES-MX\" data-contrast=\"auto\"><span class=\"NormalTextRun SCXW165145710 BCX0\">La expansi\u00f3n\u00a0<\/span><span class=\"NormalTextRun SCXW165145710 BCX0\">de\u00a0<\/span><span class=\"NormalTextRun SpellingErrorV2Themed SCXW165145710 BCX0\">Ecobici<\/span><span class=\"NormalTextRun SCXW165145710 BCX0\">\u00a0<\/span><span class=\"NormalTextRun SCXW165145710 BCX0\">comenzar\u00e1 el 1 de septiembre y llevar\u00e1 por primera vez el sistema de bicicletas p\u00fablicas a\u00a0<\/span><span class=\"NormalTextRun SCXW165145710 BCX0\">las periferias<\/span><\/span><span class=\"EOP Selected SCXW165145710 BCX0\" data-ccp-props=\"{}\">\u00a0<\/span><\/em><!--more--><\/p>\n<p><span data-contrast=\"auto\">El Sistema de Bicicletas P\u00fablicas de la Ciudad de M\u00e9xico,\u00a0<\/span><b><span data-contrast=\"auto\">Ecobici<\/span><\/b><span data-contrast=\"auto\">,\u00a0ampliar\u00e1 su cobertura hacia\u00a0<\/span><b><span data-contrast=\"auto\">Iztapalapa, Iztacalco y Tlalpan<\/span><\/b><span data-contrast=\"auto\">, alcald\u00edas a las que llegar\u00e1 por primera vez como parte de una expansi\u00f3n que elevar\u00e1 la flota hasta\u00a0<\/span><b><span data-contrast=\"auto\">15,000\u00a0bicicletas\u00a0<\/span><\/b><span data-contrast=\"auto\">y la infraestructura a\u00a0<\/span><b><span data-contrast=\"auto\">1,111\u00a0cicloestaciones<\/span><\/b><span data-contrast=\"auto\">.<\/span><span data-ccp-props=\"{}\">\u00a0<\/span><\/p>\n<p><span data-contrast=\"auto\">La<\/span><b><span data-contrast=\"auto\">\u00a0jefa de Gobierno, Clara Brugada Molina<\/span><\/b><span data-contrast=\"auto\">, inform\u00f3 que la expansi\u00f3n comenzar\u00e1 a partir del 1 de septiembre y permitir\u00e1 que el sistema tenga presencia en\u00a0<\/span><b><span data-contrast=\"auto\">nueve alcald\u00edas<\/span><\/b><span data-contrast=\"auto\">: Azcapotzalco, \u00c1lvaro Obreg\u00f3n, Benito Ju\u00e1rez, Coyoac\u00e1n, Cuauht\u00e9moc, Miguel Hidalgo, Iztapalapa, Iztacalco y Tlalpan.<\/span><span data-ccp-props=\"{}\">\u00a0<\/span><\/p>\n<p><span data-contrast=\"auto\">Con el proyecto,\u00a0<\/span><b><span data-contrast=\"auto\">Ecobici\u00a0<\/span><\/b><span data-contrast=\"auto\">pasar\u00e1 de las 9,308 bicicletas actuales a 15,000\u00a0unidades, lo que representa un crecimiento superior al 60%; mientras que el n\u00famero de\u00a0cicloestaciones\u00a0aumentar\u00e1 de 687 a 1,111, con la incorporaci\u00f3n de 424 nuevos puntos y un incremento de 67 por ciento.<\/span><span data-ccp-props=\"{}\">\u00a0<\/span><\/p>\n<p><span data-contrast=\"auto\">Las ubicaciones de las nuevas estaciones ser\u00e1n definidas a partir de estudios y dise\u00f1os t\u00e9cnicos de la\u00a0<\/span><b><span data-contrast=\"auto\">Secretar\u00eda de Movilidad\u00a0capitalina\u00a0(Semovi<\/span><\/b><span data-contrast=\"auto\">), adem\u00e1s de consultas con las alcald\u00edas y la ciudadan\u00eda, particularmente en las tres nuevas demarcaciones.<\/span><span data-ccp-props=\"{}\">\u00a0<\/span><\/p>\n<h2><b><span data-contrast=\"auto\">Ecobici\u00a0registra hasta 60,000\u00a0viajes diarios<\/span><\/b><span data-ccp-props=\"{}\">\u00a0<\/span><\/h2>\n<p><span data-contrast=\"auto\">De acuerdo con el Gobierno capitalino, actualmente\u00a0<\/span><b><span data-contrast=\"auto\">Ecobici\u00a0<\/span><\/b><span data-contrast=\"auto\">registra entre 50,000\u00a0y 60,000\u00a0<\/span><b><span data-contrast=\"auto\">viajes diarios<\/span><\/b><span data-contrast=\"auto\">, que representan m\u00e1s de 24 millones de trayectos al a\u00f1o, y cuenta con alrededor de 180,000\u00a0personas usuarias.<\/span><span data-ccp-props=\"{}\">\u00a0<\/span><\/p>\n<p><span data-contrast=\"auto\">Al respecto,\u00a0<\/span><b><span data-contrast=\"auto\">H\u00e9ctor Ulises Garc\u00eda Nieto, titular de la\u00a0Semovi,<\/span><\/b><span data-contrast=\"auto\">\u00a0explic\u00f3 que cada bicicleta realiza en promedio 8.3 viajes al d\u00eda, casi el doble de los 4.5 recorridos diarios que se hab\u00edan proyectado originalmente.<\/span><span data-ccp-props=\"{}\">\u00a0<\/span><\/p>\n<p><span data-contrast=\"auto\">Ante esta demanda, adem\u00e1s de incorporar cerca de\u00a0<\/span><b><span data-contrast=\"auto\">5,700 bicicletas adicionales<\/span><\/b><span data-contrast=\"auto\">, el proyecto contempla\u00a0<\/span><b><span data-contrast=\"auto\">renovar las unidades existentes,<\/span><\/b><span data-contrast=\"auto\">\u00a0por lo que la totalidad de las 15,000\u00a0bicicletas que conformar\u00e1n la red ser\u00e1n nuevas.<\/span><span data-ccp-props=\"{}\">\u00a0<\/span><\/p>\n<p><span data-contrast=\"auto\">Asimismo, todas las unidades estar\u00e1n equipadas con\u00a0<\/span><b><span data-contrast=\"auto\">localizador satelital<\/span><\/b><span data-contrast=\"auto\">. Actualmente, esta tecnolog\u00eda se encuentra disponible \u00fanicamente en una de cada 10 bicicletas.<\/span><span data-ccp-props=\"{}\">\u00a0<\/span><\/p>\n<p><span data-contrast=\"auto\">Con ello, las autoridades prev\u00e9n mejorar el seguimiento de las unidades, conocer su ubicaci\u00f3n y optimizar su distribuci\u00f3n entre las\u00a0cicloestaciones\u00a0de acuerdo con la demanda.<\/span><span data-ccp-props=\"{}\">\u00a0<\/span><\/p>\n<p><span data-contrast=\"auto\">Tambi\u00e9n se instalar\u00e1 un nuevo\u00a0<\/span><b><span data-contrast=\"auto\">centro de mantenimiento e<\/span><\/b><span data-contrast=\"auto\">n la zona sur de la CDMX, con el objetivo de reducir los tiempos de reparaci\u00f3n y reincorporar con mayor rapidez las bicicletas que se encuentren fuera de servicio.<\/span><span data-ccp-props=\"{}\">\u00a0<\/span><\/p>\n<h2><b><span data-contrast=\"auto\">Nuevo contrato de\u00a0Ecobici\u00a0tendr\u00e1 vigencia de 10 a\u00f1os<\/span><\/b><span data-ccp-props=\"{}\">\u00a0<\/span><\/h2>\n<p><span data-contrast=\"auto\">Como parte de la expansi\u00f3n, el Gobierno de la\u00a0CDMX\u00a0estableci\u00f3\u00a0un nuevo esquema de operaci\u00f3n mediante un\u00a0<\/span><b><span data-contrast=\"auto\">contrato con vigencia de 10 a\u00f1os<\/span><\/b><span data-contrast=\"auto\">.<\/span><span data-ccp-props=\"{}\">\u00a0<\/span><\/p>\n<p><b><span data-contrast=\"auto\">Juan Pablo de Botton Falc\u00f3n, secretario de Administraci\u00f3n y Finanzas (SAF<\/span><\/b><span data-contrast=\"auto\">), detall\u00f3 que la contrataci\u00f3n tendr\u00e1 un monto m\u00ednimo de 978 millones de pesos (mdp) y un m\u00e1ximo de 2,434\u00a0mdp\u00a0durante su periodo de vigencia.<\/span><span data-ccp-props=\"{}\">\u00a0<\/span><\/p>\n<p><span data-contrast=\"auto\">Adem\u00e1s, contempla mantener un subsidio de 135\u00a0mdp\u00a0anuales durante los 10 a\u00f1os, al que se sumar\u00e1n los ingresos propios generados por el sistema.<\/span><span data-ccp-props=\"{}\">\u00a0<\/span><\/p>\n<p><span data-contrast=\"auto\">El nuevo contrato tambi\u00e9n modificar\u00e1 las\u00a0<\/span><b><span data-contrast=\"auto\">penalizaciones aplicables<\/span><\/b><span data-contrast=\"auto\">\u00a0a la empresa operadora cuando existan\u00a0<\/span><span data-contrast=\"auto\">bicicletas fuera de servicio<\/span><span data-contrast=\"auto\">. De acuerdo con\u00a0<\/span><b><span data-contrast=\"auto\">Brugada<\/span><\/b><span data-contrast=\"auto\">, anteriormente las sanciones se calculaban de manera general; ahora se considerar\u00e1 la disponibilidad de cada unidad.<\/span><span data-ccp-props=\"{}\">\u00a0<\/span><\/p>\n<p><span data-contrast=\"auto\">\u201cSi la empresa quiere que se le pague, pues tienen que estar funcionando y bien, las bicicletas\u201d, se\u00f1al\u00f3 la mandataria.<\/span><span data-ccp-props=\"{}\">\u00a0<\/span><\/p>\n<p><span data-contrast=\"auto\">De esta manera, se pretende reducir los tiempos de reparaci\u00f3n, reposici\u00f3n de bicicletas y adquisici\u00f3n de refacciones, adem\u00e1s de incrementar la disponibilidad de unidades para las personas usuarias.<\/span><span data-ccp-props=\"{}\">\u00a0<\/span><\/p>\n<p><span data-contrast=\"auto\">Las autoridades tambi\u00e9n realizar\u00e1n un\u00a0<\/span><b><span data-contrast=\"auto\">monitoreo permanente de la operaci\u00f3n y los flujos de viajes\u00a0<\/span><\/b><span data-contrast=\"auto\">para mejorar el rebalanceo de bicicletas entre las distintas estaciones.<\/span><span data-ccp-props=\"{}\">\u00a0<\/span><\/p>\n<h2><b><span data-contrast=\"auto\">Infraestructura pasar\u00e1 a ser propiedad de la CDMX<\/span><\/b><span data-ccp-props=\"{}\">\u00a0<\/span><\/h2>\n<p><span data-contrast=\"auto\">Otro de los cambios establecidos en la nueva contrataci\u00f3n es que, una vez concluidos los 10 a\u00f1os de operaci\u00f3n, la infraestructura adquirida para\u00a0<\/span><b><span data-contrast=\"auto\">Ecobici\u00a0<\/span><\/b><span data-contrast=\"auto\">pasar\u00e1 a formar parte del patrimonio de la CDMX.<\/span><span data-ccp-props=\"{}\">\u00a0<\/span><\/p>\n<p><span data-contrast=\"auto\">Esto incluye las\u00a0<\/span><b><span data-contrast=\"auto\">15,000\u00a0bicicletas,\u00a0cicloestaciones, t\u00f3tems y tecnolog\u00eda\u00a0<\/span><\/b><span data-contrast=\"auto\">incorporada durante la vigencia del contrato, en lugar de permanecer como propiedad de las empresas encargadas de operar el servicio.<\/span><span data-ccp-props=\"{}\">\u00a0<\/span><\/p>\n<p><span data-contrast=\"auto\">La contrataci\u00f3n deriva de un proceso de evaluaci\u00f3n t\u00e9cnica y financiera iniciado en febrero de 2025 y de una licitaci\u00f3n p\u00fablica internacional para la continuidad, renovaci\u00f3n y ampliaci\u00f3n del sistema.<\/span><span data-ccp-props=\"{}\">\u00a0<\/span><\/p>\n<p><span data-contrast=\"auto\">Por otro lado, algunas de las\u00a0<\/span><b><span data-contrast=\"auto\">nuevas\u00a0cicloestaciones\u00a0<\/span><\/b><span data-contrast=\"auto\">podr\u00e1n incorporar\u00a0<\/span><b><span data-contrast=\"auto\">mobiliario urbano para informaci\u00f3n (MUPI<\/span><\/b><span data-contrast=\"auto\">) con espacios publicitarios, cuyos permisos ser\u00e1n temporales y revocables. Los ingresos obtenidos mediante este esquema contribuir\u00e1n al financiamiento de la operaci\u00f3n y mantenimiento del sistema.<\/span><span data-ccp-props=\"{}\">\u00a0<\/span><\/p>\n<p><span data-contrast=\"auto\">Finalmente, el Gobierno capitalino inform\u00f3 que la tarifa anual de\u00a0<\/span><b><span data-contrast=\"auto\">Ecobici\u00a0<\/span><\/b><span data-contrast=\"auto\">se mantendr\u00e1 en<\/span><b><span data-contrast=\"auto\">\u00a0588 pesos<\/span><\/b><span data-contrast=\"auto\">, equivalente a un promedio de 1.60 pesos diarios.<\/span><span data-ccp-props=\"{}\">\u00a0<\/span><\/p>\n<p><span data-contrast=\"auto\">Con la expansi\u00f3n hacia\u00a0<\/span><b><span data-contrast=\"auto\">Iztapalapa, Iztacalco y Tlalpan<\/span><\/b><span data-contrast=\"auto\">, el sistema buscar\u00e1 extender su cobertura fuera de las zonas donde hist\u00f3ricamente se ha concentrado y fortalecer su integraci\u00f3n con otras alternativas de transporte p\u00fablico de la capital.<\/span><span data-ccp-props=\"{}\">\u00a0<\/span><\/p>\n","protected":false},"excerpt":{"rendered":"<p>La expansi\u00f3n\u00a0de\u00a0Ecobici\u00a0comenzar\u00e1 el 1 de septiembre y llevar\u00e1 por primera vez el sistema de bicicletas p\u00fablicas a\u00a0las periferias\u00a0<\/p>\n","protected":false},"author":97,"featured_media":163929,"comment_status":"closed","ping_status":"closed","sticky":false,"template":"","format":"standard","meta":{"footnotes":""},"categories":[82],"tags":[],"class_list":["post-163927","post","type-post","status-publish","format-standard","has-post-thumbnail","hentry","category-urbanismo"],"yoast_head":"<!-- This site is optimized with the Yoast SEO plugin v28.4 - https:\/\/yoast.com\/product\/yoast-seo-wordpress\/ -->\n<title>Ecobici llegar\u00e1 a Iztapalapa, Iztacalco y Tlalpan<\/title>\n<meta name=\"description\" content=\"La expansi\u00f3n de Ecobici comenzar\u00e1 el 1 de septiembre y llevar\u00e1 por primera vez el sistema de bicicletas p\u00fablicas a las periferias\" \/>\n<meta name=\"robots\" content=\"index, follow, max-snippet:-1, max-image-preview:large, max-video-preview:-1\" \/>\n<link rel=\"canonical\" href=\"https:\/\/centrourbano.com\/revista\/urbanismo\/ecobici-iztapalapa-iztacalco-tlalpan\/\" \/>\n<meta property=\"og:locale\" content=\"es_ES\" \/>\n<meta property=\"og:type\" content=\"article\" \/>\n<meta property=\"og:title\" content=\"Ecobici llegar\u00e1 a Iztapalapa, Iztacalco y Tlalpan\" \/>\n<meta property=\"og:description\" content=\"La expansi\u00f3n de Ecobici comenzar\u00e1 el 1 de septiembre y llevar\u00e1 por primera vez el sistema de bicicletas p\u00fablicas a las periferias\" \/>\n<meta property=\"og:url\" content=\"https:\/\/centrourbano.com\/revista\/urbanismo\/ecobici-iztapalapa-iztacalco-tlalpan\/\" \/>\n<meta property=\"og:site_name\" content=\"Centro Urbano\" \/>\n<meta property=\"article:publisher\" content=\"https:\/\/www.facebook.com\/portalcentrourbano\" \/>\n<meta property=\"article:published_time\" content=\"2026-08-31T20:53:28+00:00\" \/>\n<meta property=\"article:modified_time\" content=\"2026-09-04T20:55:09+00:00\" \/>\n<meta property=\"og:image\" content=\"https:\/\/centrourbano.com\/revista\/wp-content\/uploads\/Ecobici-llegara\u0301-a-Iztapalapa-Iztacalco-y-Tlalpan-.jpg\" \/>\n\t<meta property=\"og:image:width\" content=\"1400\" \/>\n\t<meta property=\"og:image:height\" content=\"1280\" \/>\n\t<meta property=\"og:image:type\" content=\"image\/jpeg\" \/>\n<meta name=\"author\" content=\"Fernanda Hern\u00e1ndez\" \/>\n<meta name=\"twitter:card\" content=\"summary_large_image\" \/>\n<meta name=\"twitter:creator\" content=\"@CentroUrbano\" \/>\n<meta name=\"twitter:site\" content=\"@CentroUrbano\" \/>\n<meta name=\"twitter:label1\" content=\"Escrito por\" \/>\n\t<meta name=\"twitter:data1\" content=\"Fernanda Hern\u00e1ndez\" \/>\n\t<meta name=\"twitter:label2\" content=\"Tiempo de lectura\" \/>\n\t<meta name=\"twitter:data2\" content=\"4 minutos\" \/>\n<script type=\"application\/ld+json\" class=\"yoast-schema-graph\">{\"@context\":\"https:\\\/\\\/schema.org\",\"@graph\":[{\"@type\":\"Article\",\"@id\":\"https:\\\/\\\/centrourbano.com\\\/revista\\\/urbanismo\\\/ecobici-iztapalapa-iztacalco-tlalpan\\\/#article\",\"isPartOf\":{\"@id\":\"https:\\\/\\\/centrourbano.com\\\/revista\\\/urbanismo\\\/ecobici-iztapalapa-iztacalco-tlalpan\\\/\"},\"author\":{\"name\":\"Fernanda Hern\u00e1ndez\",\"@id\":\"https:\\\/\\\/centrourbano.com\\\/revista\\\/#\\\/schema\\\/person\\\/705bd2561e969bad91819dabdc439ef2\"},\"headline\":\"Ecobici llegar\u00e1 a Iztapalapa, Iztacalco y Tlalpan\",\"datePublished\":\"2026-08-31T20:53:28+00:00\",\"dateModified\":\"2026-09-04T20:55:09+00:00\",\"mainEntityOfPage\":{\"@id\":\"https:\\\/\\\/centrourbano.com\\\/revista\\\/urbanismo\\\/ecobici-iztapalapa-iztacalco-tlalpan\\\/\"},\"wordCount\":841,\"publisher\":{\"@id\":\"https:\\\/\\\/centrourbano.com\\\/revista\\\/#organization\"},\"image\":{\"@id\":\"https:\\\/\\\/centrourbano.com\\\/revista\\\/urbanismo\\\/ecobici-iztapalapa-iztacalco-tlalpan\\\/#primaryimage\"},\"thumbnailUrl\":\"https:\\\/\\\/centrourbano.com\\\/revista\\\/wp-content\\\/uploads\\\/Ecobici-llegara\u0301-a-Iztapalapa-Iztacalco-y-Tlalpan-.jpg\",\"articleSection\":[\"Urbanismo\"],\"inLanguage\":\"es\"},{\"@type\":\"WebPage\",\"@id\":\"https:\\\/\\\/centrourbano.com\\\/revista\\\/urbanismo\\\/ecobici-iztapalapa-iztacalco-tlalpan\\\/\",\"url\":\"https:\\\/\\\/centrourbano.com\\\/revista\\\/urbanismo\\\/ecobici-iztapalapa-iztacalco-tlalpan\\\/\",\"name\":\"Ecobici llegar\u00e1 a Iztapalapa, Iztacalco y Tlalpan\",\"isPartOf\":{\"@id\":\"https:\\\/\\\/centrourbano.com\\\/revista\\\/#website\"},\"primaryImageOfPage\":{\"@id\":\"https:\\\/\\\/centrourbano.com\\\/revista\\\/urbanismo\\\/ecobici-iztapalapa-iztacalco-tlalpan\\\/#primaryimage\"},\"image\":{\"@id\":\"https:\\\/\\\/centrourbano.com\\\/revista\\\/urbanismo\\\/ecobici-iztapalapa-iztacalco-tlalpan\\\/#primaryimage\"},\"thumbnailUrl\":\"https:\\\/\\\/centrourbano.com\\\/revista\\\/wp-content\\\/uploads\\\/Ecobici-llegara\u0301-a-Iztapalapa-Iztacalco-y-Tlalpan-.jpg\",\"datePublished\":\"2026-08-31T20:53:28+00:00\",\"dateModified\":\"2026-09-04T20:55:09+00:00\",\"description\":\"La expansi\u00f3n de Ecobici comenzar\u00e1 el 1 de septiembre y llevar\u00e1 por primera vez el sistema de bicicletas p\u00fablicas a las periferias\",\"breadcrumb\":{\"@id\":\"https:\\\/\\\/centrourbano.com\\\/revista\\\/urbanismo\\\/ecobici-iztapalapa-iztacalco-tlalpan\\\/#breadcrumb\"},\"inLanguage\":\"es\",\"potentialAction\":[{\"@type\":\"ReadAction\",\"target\":[\"https:\\\/\\\/centrourbano.com\\\/revista\\\/urbanismo\\\/ecobici-iztapalapa-iztacalco-tlalpan\\\/\"]}]},{\"@type\":\"ImageObject\",\"inLanguage\":\"es\",\"@id\":\"https:\\\/\\\/centrourbano.com\\\/revista\\\/urbanismo\\\/ecobici-iztapalapa-iztacalco-tlalpan\\\/#primaryimage\",\"url\":\"https:\\\/\\\/centrourbano.com\\\/revista\\\/wp-content\\\/uploads\\\/Ecobici-llegara\u0301-a-Iztapalapa-Iztacalco-y-Tlalpan-.jpg\",\"contentUrl\":\"https:\\\/\\\/centrourbano.com\\\/revista\\\/wp-content\\\/uploads\\\/Ecobici-llegara\u0301-a-Iztapalapa-Iztacalco-y-Tlalpan-.jpg\",\"width\":1400,\"height\":1280,\"caption\":\"La expansi\u00f3n de Ecobici comenzar\u00e1 el 1 de septiembre y llevar\u00e1 por primera vez el sistema de bicicletas p\u00fablicas a las periferias\"},{\"@type\":\"BreadcrumbList\",\"@id\":\"https:\\\/\\\/centrourbano.com\\\/revista\\\/urbanismo\\\/ecobici-iztapalapa-iztacalco-tlalpan\\\/#breadcrumb\",\"itemListElement\":[{\"@type\":\"ListItem\",\"position\":1,\"name\":\"Portada\",\"item\":\"https:\\\/\\\/centrourbano.com\\\/revista\\\/\"},{\"@type\":\"ListItem\",\"position\":2,\"name\":\"Ecobici llegar\u00e1 a Iztapalapa, Iztacalco y Tlalpan\"}]},{\"@type\":\"WebSite\",\"@id\":\"https:\\\/\\\/centrourbano.com\\\/revista\\\/#website\",\"url\":\"https:\\\/\\\/centrourbano.com\\\/revista\\\/\",\"name\":\"Centro Urbano\",\"description\":\"Medio especializado en los sectores vivienda, inmobiliario, construcci\u00f3n, arquitectura y urbanismo.\",\"publisher\":{\"@id\":\"https:\\\/\\\/centrourbano.com\\\/revista\\\/#organization\"},\"potentialAction\":[{\"@type\":\"SearchAction\",\"target\":{\"@type\":\"EntryPoint\",\"urlTemplate\":\"https:\\\/\\\/centrourbano.com\\\/revista\\\/?s={search_term_string}\"},\"query-input\":{\"@type\":\"PropertyValueSpecification\",\"valueRequired\":true,\"valueName\":\"search_term_string\"}}],\"inLanguage\":\"es\"},{\"@type\":\"Organization\",\"@id\":\"https:\\\/\\\/centrourbano.com\\\/revista\\\/#organization\",\"name\":\"Centro Urbano\",\"url\":\"https:\\\/\\\/centrourbano.com\\\/revista\\\/\",\"logo\":{\"@type\":\"ImageObject\",\"inLanguage\":\"es\",\"@id\":\"https:\\\/\\\/centrourbano.com\\\/revista\\\/#\\\/schema\\\/logo\\\/image\\\/\",\"url\":\"https:\\\/\\\/centrourbano.com\\\/revista\\\/wp-content\\\/uploads\\\/web_CU_logo-1.png\",\"contentUrl\":\"https:\\\/\\\/centrourbano.com\\\/revista\\\/wp-content\\\/uploads\\\/web_CU_logo-1.png\",\"width\":350,\"height\":91,\"caption\":\"Centro Urbano\"},\"image\":{\"@id\":\"https:\\\/\\\/centrourbano.com\\\/revista\\\/#\\\/schema\\\/logo\\\/image\\\/\"},\"sameAs\":[\"https:\\\/\\\/www.facebook.com\\\/portalcentrourbano\",\"https:\\\/\\\/x.com\\\/CentroUrbano\",\"https:\\\/\\\/www.instagram.com\\\/centro_urbano\\\/\",\"https:\\\/\\\/www.linkedin.com\\\/company\\\/centro-urbano\\\/\",\"http:\\\/\\\/www.youtube.com\\\/user\\\/portalcentrourbano\"]},{\"@type\":\"Person\",\"@id\":\"https:\\\/\\\/centrourbano.com\\\/revista\\\/#\\\/schema\\\/person\\\/705bd2561e969bad91819dabdc439ef2\",\"name\":\"Fernanda Hern\u00e1ndez\",\"image\":{\"@type\":\"ImageObject\",\"inLanguage\":\"es\",\"@id\":\"https:\\\/\\\/secure.gravatar.com\\\/avatar\\\/4f049ffca8d1d4b197103c0b78788571483d5e9b4bc16d1649ab763694a86151?s=96&d=mm&r=g\",\"url\":\"https:\\\/\\\/secure.gravatar.com\\\/avatar\\\/4f049ffca8d1d4b197103c0b78788571483d5e9b4bc16d1649ab763694a86151?s=96&d=mm&r=g\",\"contentUrl\":\"https:\\\/\\\/secure.gravatar.com\\\/avatar\\\/4f049ffca8d1d4b197103c0b78788571483d5e9b4bc16d1649ab763694a86151?s=96&d=mm&r=g\",\"caption\":\"Fernanda Hern\u00e1ndez\"},\"url\":\"https:\\\/\\\/centrourbano.com\\\/revista\\\/author\\\/informacion\\\/\"}]}<\/script>\n<!-- \/ Yoast SEO plugin. -->","yoast_head_json":{"title":"Ecobici llegar\u00e1 a Iztapalapa, Iztacalco y Tlalpan","description":"La expansi\u00f3n de Ecobici comenzar\u00e1 el 1 de septiembre y llevar\u00e1 por primera vez el sistema de bicicletas p\u00fablicas a las periferias","robots":{"index":"index","follow":"follow","max-snippet":"max-snippet:-1","max-image-preview":"max-image-preview:large","max-video-preview":"max-video-preview:-1"},"canonical":"https:\/\/centrourbano.com\/revista\/urbanismo\/ecobici-iztapalapa-iztacalco-tlalpan\/","og_locale":"es_ES","og_type":"article","og_title":"Ecobici llegar\u00e1 a Iztapalapa, Iztacalco y Tlalpan","og_description":"La expansi\u00f3n de Ecobici comenzar\u00e1 el 1 de septiembre y llevar\u00e1 por primera vez el sistema de bicicletas p\u00fablicas a las periferias","og_url":"https:\/\/centrourbano.com\/revista\/urbanismo\/ecobici-iztapalapa-iztacalco-tlalpan\/","og_site_name":"Centro Urbano","article_publisher":"https:\/\/www.facebook.com\/portalcentrourbano","article_published_time":"2026-08-31T20:53:28+00:00","article_modified_time":"2026-09-04T20:55:09+00:00","og_image":[{"width":1400,"height":1280,"url":"https:\/\/centrourbano.com\/revista\/wp-content\/uploads\/Ecobici-llegara\u0301-a-Iztapalapa-Iztacalco-y-Tlalpan-.jpg","type":"image\/jpeg"}],"author":"Fernanda Hern\u00e1ndez","twitter_card":"summary_large_image","twitter_creator":"@CentroUrbano","twitter_site":"@CentroUrbano","twitter_misc":{"Escrito por":"Fernanda Hern\u00e1ndez","Tiempo de lectura":"4 minutos"},"schema":{"@context":"https:\/\/schema.org","@graph":[{"@type":"Article","@id":"https:\/\/centrourbano.com\/revista\/urbanismo\/ecobici-iztapalapa-iztacalco-tlalpan\/#article","isPartOf":{"@id":"https:\/\/centrourbano.com\/revista\/urbanismo\/ecobici-iztapalapa-iztacalco-tlalpan\/"},"author":{"name":"Fernanda Hern\u00e1ndez","@id":"https:\/\/centrourbano.com\/revista\/#\/schema\/person\/705bd2561e969bad91819dabdc439ef2"},"headline":"Ecobici llegar\u00e1 a Iztapalapa, Iztacalco y Tlalpan","datePublished":"2026-08-31T20:53:28+00:00","dateModified":"2026-09-04T20:55:09+00:00","mainEntityOfPage":{"@id":"https:\/\/centrourbano.com\/revista\/urbanismo\/ecobici-iztapalapa-iztacalco-tlalpan\/"},"wordCount":841,"publisher":{"@id":"https:\/\/centrourbano.com\/revista\/#organization"},"image":{"@id":"https:\/\/centrourbano.com\/revista\/urbanismo\/ecobici-iztapalapa-iztacalco-tlalpan\/#primaryimage"},"thumbnailUrl":"https:\/\/centrourbano.com\/revista\/wp-content\/uploads\/Ecobici-llegara\u0301-a-Iztapalapa-Iztacalco-y-Tlalpan-.jpg","articleSection":["Urbanismo"],"inLanguage":"es"},{"@type":"WebPage","@id":"https:\/\/centrourbano.com\/revista\/urbanismo\/ecobici-iztapalapa-iztacalco-tlalpan\/","url":"https:\/\/centrourbano.com\/revista\/urbanismo\/ecobici-iztapalapa-iztacalco-tlalpan\/","name":"Ecobici llegar\u00e1 a Iztapalapa, Iztacalco y Tlalpan","isPartOf":{"@id":"https:\/\/centrourbano.com\/revista\/#website"},"primaryImageOfPage":{"@id":"https:\/\/centrourbano.com\/revista\/urbanismo\/ecobici-iztapalapa-iztacalco-tlalpan\/#primaryimage"},"image":{"@id":"https:\/\/centrourbano.com\/revista\/urbanismo\/ecobici-iztapalapa-iztacalco-tlalpan\/#primaryimage"},"thumbnailUrl":"https:\/\/centrourbano.com\/revista\/wp-content\/uploads\/Ecobici-llegara\u0301-a-Iztapalapa-Iztacalco-y-Tlalpan-.jpg","datePublished":"2026-08-31T20:53:28+00:00","dateModified":"2026-09-04T20:55:09+00:00","description":"La expansi\u00f3n de Ecobici comenzar\u00e1 el 1 de septiembre y llevar\u00e1 por primera vez el sistema de bicicletas p\u00fablicas a las periferias","breadcrumb":{"@id":"https:\/\/centrourbano.com\/revista\/urbanismo\/ecobici-iztapalapa-iztacalco-tlalpan\/#breadcrumb"},"inLanguage":"es","potentialAction":[{"@type":"ReadAction","target":["https:\/\/centrourbano.com\/revista\/urbanismo\/ecobici-iztapalapa-iztacalco-tlalpan\/"]}]},{"@type":"ImageObject","inLanguage":"es","@id":"https:\/\/centrourbano.com\/revista\/urbanismo\/ecobici-iztapalapa-iztacalco-tlalpan\/#primaryimage","url":"https:\/\/centrourbano.com\/revista\/wp-content\/uploads\/Ecobici-llegara\u0301-a-Iztapalapa-Iztacalco-y-Tlalpan-.jpg","contentUrl":"https:\/\/centrourbano.com\/revista\/wp-content\/uploads\/Ecobici-llegara\u0301-a-Iztapalapa-Iztacalco-y-Tlalpan-.jpg","width":1400,"height":1280,"caption":"La expansi\u00f3n de Ecobici comenzar\u00e1 el 1 de septiembre y llevar\u00e1 por primera vez el sistema de bicicletas p\u00fablicas a las periferias"},{"@type":"BreadcrumbList","@id":"https:\/\/centrourbano.com\/revista\/urbanismo\/ecobici-iztapalapa-iztacalco-tlalpan\/#breadcrumb","itemListElement":[{"@type":"ListItem","position":1,"name":"Portada","item":"https:\/\/centrourbano.com\/revista\/"},{"@type":"ListItem","position":2,"name":"Ecobici llegar\u00e1 a Iztapalapa, Iztacalco y Tlalpan"}]},{"@type":"WebSite","@id":"https:\/\/centrourbano.com\/revista\/#website","url":"https:\/\/centrourbano.com\/revista\/","name":"Centro Urbano","description":"Medio especializado en los sectores vivienda, inmobiliario, construcci\u00f3n, arquitectura y urbanismo.","publisher":{"@id":"https:\/\/centrourbano.com\/revista\/#organization"},"potentialAction":[{"@type":"SearchAction","target":{"@type":"EntryPoint","urlTemplate":"https:\/\/centrourbano.com\/revista\/?s={search_term_string}"},"query-input":{"@type":"PropertyValueSpecification","valueRequired":true,"valueName":"search_term_string"}}],"inLanguage":"es"},{"@type":"Organization","@id":"https:\/\/centrourbano.com\/revista\/#organization","name":"Centro Urbano","url":"https:\/\/centrourbano.com\/revista\/","logo":{"@type":"ImageObject","inLanguage":"es","@id":"https:\/\/centrourbano.com\/revista\/#\/schema\/logo\/image\/","url":"https:\/\/centrourbano.com\/revista\/wp-content\/uploads\/web_CU_logo-1.png","contentUrl":"https:\/\/centrourbano.com\/revista\/wp-content\/uploads\/web_CU_logo-1.png","width":350,"height":91,"caption":"Centro Urbano"},"image":{"@id":"https:\/\/centrourbano.com\/revista\/#\/schema\/logo\/image\/"},"sameAs":["https:\/\/www.facebook.com\/portalcentrourbano","https:\/\/x.com\/CentroUrbano","https:\/\/www.instagram.com\/centro_urbano\/","https:\/\/www.linkedin.com\/company\/centro-urbano\/","http:\/\/www.youtube.com\/user\/portalcentrourbano"]},{"@type":"Person","@id":"https:\/\/centrourbano.com\/revista\/#\/schema\/person\/705bd2561e969bad91819dabdc439ef2","name":"Fernanda Hern\u00e1ndez","image":{"@type":"ImageObject","inLanguage":"es","@id":"https:\/\/secure.gravatar.com\/avatar\/4f049ffca8d1d4b197103c0b78788571483d5e9b4bc16d1649ab763694a86151?s=96&d=mm&r=g","url":"https:\/\/secure.gravatar.com\/avatar\/4f049ffca8d1d4b197103c0b78788571483d5e9b4bc16d1649ab763694a86151?s=96&d=mm&r=g","contentUrl":"https:\/\/secure.gravatar.com\/avatar\/4f049ffca8d1d4b197103c0b78788571483d5e9b4bc16d1649ab763694a86151?s=96&d=mm&r=g","caption":"Fernanda Hern\u00e1ndez"},"url":"https:\/\/centrourbano.com\/revista\/author\/informacion\/"}]}},"_links":{"self":[{"href":"https:\/\/centrourbano.com\/revista\/wp-json\/wp\/v2\/posts\/163927","targetHints":{"allow":["GET"]}}],"collection":[{"href":"https:\/\/centrourbano.com\/revista\/wp-json\/wp\/v2\/posts"}],"about":[{"href":"https:\/\/centrourbano.com\/revista\/wp-json\/wp\/v2\/types\/post"}],"author":[{"embeddable":true,"href":"https:\/\/centrourbano.com\/revista\/wp-json\/wp\/v2\/users\/97"}],"replies":[{"embeddable":true,"href":"https:\/\/centrourbano.com\/revista\/wp-json\/wp\/v2\/comments?post=163927"}],"version-history":[{"count":1,"href":"https:\/\/centrourbano.com\/revista\/wp-json\/wp\/v2\/posts\/163927\/revisions"}],"predecessor-version":[{"id":163930,"href":"https:\/\/centrourbano.com\/revista\/wp-json\/wp\/v2\/posts\/163927\/revisions\/163930"}],"wp:featuredmedia":[{"embeddable":true,"href":"https:\/\/centrourbano.com\/revista\/wp-json\/wp\/v2\/media\/163929"}],"wp:attachment":[{"href":"https:\/\/centrourbano.com\/revista\/wp-json\/wp\/v2\/media?parent=163927"}],"wp:term":[{"taxonomy":"category","embeddable":true,"href":"https:\/\/centrourbano.com\/revista\/wp-json\/wp\/v2\/categories?post=163927"},{"taxonomy":"post_tag","embeddable":true,"href":"https:\/\/centrourbano.com\/revista\/wp-json\/wp\/v2\/tags?post=163927"}],"curies":[{"name":"wp","href":"https:\/\/api.w.org\/{rel}","templated":true}]}}