{"id":163925,"date":"2026-09-04T16:37:45","date_gmt":"2026-09-04T22:37:45","guid":{"rendered":"https:\/\/centrourbano.com\/revista\/?p=163925"},"modified":"2026-09-04T16:37:45","modified_gmt":"2026-09-04T22:37:45","slug":"vivienda-sustentable-comunidad-conectividad-ganan-relevancia","status":"publish","type":"post","link":"https:\/\/centrourbano.com\/revista\/vivienda\/vivienda-sustentable-comunidad-conectividad-ganan-relevancia\/","title":{"rendered":"Vivienda sustentable: comunidad y conectividad ganan relevancia"},"content":{"rendered":"<p><em>La vivienda sustentable enfrenta el reto de atender la expansi\u00f3n urbana y reducir los efectos de desarrollos cada vez m\u00e1s alejados de los centros de empleo<\/em><br \/>\n<!--more--><\/p>\n<p>La sustentabilidad de una vivienda ya no depende \u00fanicamente de cu\u00e1nto consume de agua o energ\u00eda. Para que un desarrollo pueda mantenerse en el tiempo, tambi\u00e9n debe considerar su <strong>ubicaci\u00f3n, la conexi\u00f3n con el transporte y los servicio<\/strong>s, as\u00ed como su capacidad para responder a fen\u00f3menos clim\u00e1ticos.<\/p>\n<p>Esta visi\u00f3n comienza a modificar los criterios con los que el sector eval\u00faa los nuevos proyectos habitacionales. Jorge L\u00f3pez de Obeso, representante de Urban Land Institute (ULI) M\u00e9xico, se\u00f1al\u00f3 que la construcci\u00f3n de comunidad ocupa un lugar central en este proceso.<\/p>\n<blockquote><p>\u201cLa mayor innovaci\u00f3n es la construcci\u00f3n de comunidad\u201d, afirm\u00f3.<\/p><\/blockquote>\n<p>Para el especialista, una comunidad requiere la combinaci\u00f3n de distintos elementos, entre ellos <strong>sustentabilidad, resiliencia, financiamiento verde y acceso al transporte masivo<\/strong>. As\u00ed, la eficiencia de una vivienda representa s\u00f3lo una parte de la ecuaci\u00f3n, mientras que su relaci\u00f3n con el entorno determina qu\u00e9 tan funcional puede resultar para sus habitantes.<\/p>\n<h2><strong>Vivienda y ciudad, una relaci\u00f3n pendiente<\/strong><\/h2>\n<p>El reto cobra relevancia ante el crecimiento expansivo de las ciudades mexicanas. De acuerdo con el estudio Centrar el Futuro, del Tecnol\u00f3gico de Monterrey, <strong>durante los \u00faltimos 30 a\u00f1os 2.5 millones de personas dejaron de vivir en las zonas centrales<\/strong> y la distancia promedio entre la poblaci\u00f3n y el centro de las ciudades aument\u00f3 28 por ciento.<\/p>\n<p>Alberto Meouchi, especialista del Centro para el Futuro de las Ciudades, se\u00f1al\u00f3 que este patr\u00f3n urbano ha alejado principalmente a j\u00f3venes y personas de menores ingresos de empleos, hospitales, parques, transporte y otros servicios.<\/p>\n<p>Ante este escenario, el especialista plantea fortalecer subcentros urbanos en los que puedan convivir vivienda, empleo, comercio y equipamiento, de acuerdo con las necesidades de cada ciudad.<\/p>\n<p>Para el sector inmobiliario, esto implica <strong>ampliar la planeaci\u00f3n de los proyectos m\u00e1s all\u00e1 de los l\u00edmites del predio<\/strong>. Las desarrolladoras pueden integrar vivienda con espacios p\u00fablicos, servicios y conectividad, elementos que inciden directamente en la forma en que una comunidad se desarrolla despu\u00e9s de la entrega de las viviendas.<\/p>\n<h2><strong>Vinte lleva la sustentabilidad m\u00e1s all\u00e1 de la vivienda<\/strong><\/h2>\n<p>Grupo Vinte ha incorporado algunos de estos elementos en sus desarrollos. La empresa combina la certificaci\u00f3n ambiental de sus viviendas con medidas enfocadas en materiales de construcci\u00f3n, espacios comunitarios y conectividad.<\/p>\n<p>Al cierre de 2025, el grupo acumulaba m\u00e1s de <strong>26,000 viviendas certificadas bajo el est\u00e1ndar EDGE<\/strong>, con ahorros promedio de 36.5% en energ\u00eda, 41.1% en agua y 62% en materiales.<\/p>\n<p>La estrategia tambi\u00e9n alcanza la construcci\u00f3n. Durante 2025, Grupo Vinte utiliz\u00f3 156,000 metros c\u00fabicos de concreto Vertua de menor huella de carbono, equivalente a 88% de su consumo total, y report\u00f3 una reducci\u00f3n de 20,423 toneladas de CO\u2082 asociadas al uso de este material. Adem\u00e1s, emple\u00f3 4,324 toneladas de acero bajo en carbono, 59% de su consumo total.<\/p>\n<p>Sin embargo, el caso de Vinte tambi\u00e9n permite observar el componente urbano de esta estrategia. <strong>Vistas del Parque<\/strong>, desarrollado por Javer, empresa que forma parte del grupo, forma parte de un proyecto de Desarrollo Orientado al Transporte (TOD) en Guadalajara y fue analizado por ULI M\u00e9xico por su impacto en la relaci\u00f3n entre vivienda y movilidad.<\/p>\n<p>Ese tipo de proyectos muestra que la sustentabilidad no termina con la eficiencia de una vivienda. Tambi\u00e9n involucra la posibilidad de que sus habitantes tengan acceso a transporte, servicios y espacios que permitan desarrollar una comunidad alrededor del conjunto habitacional.<\/p>\n<p>L\u00f3pez de Obeso se\u00f1al\u00f3 que el objetivo es que este tipo de experiencias puedan replicarse en otros proyectos.<\/p>\n<blockquote><p>\u201cSi bien es excepcional, lo que queremos es que deje de serlo, que sea ejemplar y que otros puedan tomar la misma iniciativa\u201d.<\/p><\/blockquote>\n<p>Para el sector vivienda, el desaf\u00edo consiste ahora en trasladar estos criterios a una mayor cantidad de desarrollos. La discusi\u00f3n ya no se concentra \u00fanicamente en construir casas con menor consumo de recursos, sino en <strong>c\u00f3mo esas viviendas se conectan con la ciudad y qu\u00e9 condiciones generan para que las comunidades puedan permanecer en ellas<\/strong>.<\/p>\n","protected":false},"excerpt":{"rendered":"<p>La vivienda sustentable enfrenta el reto de atender la expansi\u00f3n urbana y reducir los efectos de desarrollos cada vez m\u00e1s alejados de los centros de empleo<\/p>\n","protected":false},"author":96,"featured_media":163928,"comment_status":"closed","ping_status":"closed","sticky":false,"template":"","format":"standard","meta":{"footnotes":""},"categories":[12],"tags":[373,582,24290],"class_list":["post-163925","post","type-post","status-publish","format-standard","has-post-thumbnail","hentry","category-vivienda","tag-vinte","tag-vivienda-sustentable","tag-viviendas-vinte"],"yoast_head":"<!-- This site is optimized with the Yoast SEO plugin v28.4 - https:\/\/yoast.com\/product\/yoast-seo-wordpress\/ -->\n<title>Vivienda sustentable: comunidad y conectividad ganan relevancia<\/title>\n<meta name=\"description\" content=\"La vivienda sustentable enfrenta el reto de atender la expansi\u00f3n urbana y reducir los efectos de desarrollos alejados de los centros de empleo\" \/>\n<meta name=\"robots\" content=\"index, follow, max-snippet:-1, max-image-preview:large, max-video-preview:-1\" \/>\n<link rel=\"canonical\" href=\"https:\/\/centrourbano.com\/revista\/vivienda\/vivienda-sustentable-comunidad-conectividad-ganan-relevancia\/\" \/>\n<meta property=\"og:locale\" content=\"es_ES\" \/>\n<meta property=\"og:type\" content=\"article\" \/>\n<meta property=\"og:title\" content=\"Vivienda sustentable: comunidad y conectividad ganan relevancia\" \/>\n<meta property=\"og:description\" content=\"La vivienda sustentable enfrenta el reto de atender la expansi\u00f3n urbana y reducir los efectos de desarrollos alejados de los centros de empleo\" \/>\n<meta property=\"og:url\" content=\"https:\/\/centrourbano.com\/revista\/vivienda\/vivienda-sustentable-comunidad-conectividad-ganan-relevancia\/\" \/>\n<meta property=\"og:site_name\" content=\"Centro Urbano\" \/>\n<meta property=\"article:publisher\" content=\"https:\/\/www.facebook.com\/portalcentrourbano\" \/>\n<meta property=\"article:published_time\" content=\"2026-09-04T22:37:45+00:00\" \/>\n<meta property=\"og:image\" content=\"https:\/\/centrourbano.com\/revista\/wp-content\/uploads\/Vivienda-sustentable_-comunidad-y-conectividad-ganan-relevancia.jpg\" \/>\n\t<meta property=\"og:image:width\" content=\"800\" \/>\n\t<meta property=\"og:image:height\" content=\"800\" \/>\n\t<meta property=\"og:image:type\" content=\"image\/jpeg\" \/>\n<meta name=\"author\" content=\"Rebeca Romero\" \/>\n<meta name=\"twitter:card\" content=\"summary_large_image\" \/>\n<meta name=\"twitter:creator\" content=\"@CentroUrbano\" \/>\n<meta name=\"twitter:site\" content=\"@CentroUrbano\" \/>\n<meta name=\"twitter:label1\" content=\"Escrito por\" \/>\n\t<meta name=\"twitter:data1\" content=\"Rebeca Romero\" \/>\n\t<meta name=\"twitter:label2\" content=\"Tiempo de lectura\" \/>\n\t<meta name=\"twitter:data2\" content=\"4 minutos\" \/>\n<script type=\"application\/ld+json\" class=\"yoast-schema-graph\">{\"@context\":\"https:\\\/\\\/schema.org\",\"@graph\":[{\"@type\":\"Article\",\"@id\":\"https:\\\/\\\/centrourbano.com\\\/revista\\\/vivienda\\\/vivienda-sustentable-comunidad-conectividad-ganan-relevancia\\\/#article\",\"isPartOf\":{\"@id\":\"https:\\\/\\\/centrourbano.com\\\/revista\\\/vivienda\\\/vivienda-sustentable-comunidad-conectividad-ganan-relevancia\\\/\"},\"author\":{\"name\":\"Rebeca Romero\",\"@id\":\"https:\\\/\\\/centrourbano.com\\\/revista\\\/#\\\/schema\\\/person\\\/9f2f415108c21f27da84c4f8c1eca1ac\"},\"headline\":\"Vivienda sustentable: comunidad y conectividad ganan relevancia\",\"datePublished\":\"2026-09-04T22:37:45+00:00\",\"mainEntityOfPage\":{\"@id\":\"https:\\\/\\\/centrourbano.com\\\/revista\\\/vivienda\\\/vivienda-sustentable-comunidad-conectividad-ganan-relevancia\\\/\"},\"wordCount\":714,\"publisher\":{\"@id\":\"https:\\\/\\\/centrourbano.com\\\/revista\\\/#organization\"},\"image\":{\"@id\":\"https:\\\/\\\/centrourbano.com\\\/revista\\\/vivienda\\\/vivienda-sustentable-comunidad-conectividad-ganan-relevancia\\\/#primaryimage\"},\"thumbnailUrl\":\"https:\\\/\\\/centrourbano.com\\\/revista\\\/wp-content\\\/uploads\\\/Vivienda-sustentable_-comunidad-y-conectividad-ganan-relevancia.jpg\",\"keywords\":[\"Vinte\",\"Vivienda sustentable\",\"viviendas Vinte\"],\"articleSection\":[\"Vivienda\"],\"inLanguage\":\"es\"},{\"@type\":\"WebPage\",\"@id\":\"https:\\\/\\\/centrourbano.com\\\/revista\\\/vivienda\\\/vivienda-sustentable-comunidad-conectividad-ganan-relevancia\\\/\",\"url\":\"https:\\\/\\\/centrourbano.com\\\/revista\\\/vivienda\\\/vivienda-sustentable-comunidad-conectividad-ganan-relevancia\\\/\",\"name\":\"Vivienda sustentable: comunidad y conectividad ganan relevancia\",\"isPartOf\":{\"@id\":\"https:\\\/\\\/centrourbano.com\\\/revista\\\/#website\"},\"primaryImageOfPage\":{\"@id\":\"https:\\\/\\\/centrourbano.com\\\/revista\\\/vivienda\\\/vivienda-sustentable-comunidad-conectividad-ganan-relevancia\\\/#primaryimage\"},\"image\":{\"@id\":\"https:\\\/\\\/centrourbano.com\\\/revista\\\/vivienda\\\/vivienda-sustentable-comunidad-conectividad-ganan-relevancia\\\/#primaryimage\"},\"thumbnailUrl\":\"https:\\\/\\\/centrourbano.com\\\/revista\\\/wp-content\\\/uploads\\\/Vivienda-sustentable_-comunidad-y-conectividad-ganan-relevancia.jpg\",\"datePublished\":\"2026-09-04T22:37:45+00:00\",\"description\":\"La vivienda sustentable enfrenta el reto de atender la expansi\u00f3n urbana y reducir los efectos de desarrollos alejados de los centros de empleo\",\"breadcrumb\":{\"@id\":\"https:\\\/\\\/centrourbano.com\\\/revista\\\/vivienda\\\/vivienda-sustentable-comunidad-conectividad-ganan-relevancia\\\/#breadcrumb\"},\"inLanguage\":\"es\",\"potentialAction\":[{\"@type\":\"ReadAction\",\"target\":[\"https:\\\/\\\/centrourbano.com\\\/revista\\\/vivienda\\\/vivienda-sustentable-comunidad-conectividad-ganan-relevancia\\\/\"]}]},{\"@type\":\"ImageObject\",\"inLanguage\":\"es\",\"@id\":\"https:\\\/\\\/centrourbano.com\\\/revista\\\/vivienda\\\/vivienda-sustentable-comunidad-conectividad-ganan-relevancia\\\/#primaryimage\",\"url\":\"https:\\\/\\\/centrourbano.com\\\/revista\\\/wp-content\\\/uploads\\\/Vivienda-sustentable_-comunidad-y-conectividad-ganan-relevancia.jpg\",\"contentUrl\":\"https:\\\/\\\/centrourbano.com\\\/revista\\\/wp-content\\\/uploads\\\/Vivienda-sustentable_-comunidad-y-conectividad-ganan-relevancia.jpg\",\"width\":800,\"height\":800,\"caption\":\"Vivienda sustentable: comunidad y conectividad ganan relevancia\"},{\"@type\":\"BreadcrumbList\",\"@id\":\"https:\\\/\\\/centrourbano.com\\\/revista\\\/vivienda\\\/vivienda-sustentable-comunidad-conectividad-ganan-relevancia\\\/#breadcrumb\",\"itemListElement\":[{\"@type\":\"ListItem\",\"position\":1,\"name\":\"Portada\",\"item\":\"https:\\\/\\\/centrourbano.com\\\/revista\\\/\"},{\"@type\":\"ListItem\",\"position\":2,\"name\":\"Vivienda sustentable: comunidad y conectividad ganan relevancia\"}]},{\"@type\":\"WebSite\",\"@id\":\"https:\\\/\\\/centrourbano.com\\\/revista\\\/#website\",\"url\":\"https:\\\/\\\/centrourbano.com\\\/revista\\\/\",\"name\":\"Centro Urbano\",\"description\":\"Medio especializado en los sectores vivienda, inmobiliario, construcci\u00f3n, arquitectura y urbanismo.\",\"publisher\":{\"@id\":\"https:\\\/\\\/centrourbano.com\\\/revista\\\/#organization\"},\"potentialAction\":[{\"@type\":\"SearchAction\",\"target\":{\"@type\":\"EntryPoint\",\"urlTemplate\":\"https:\\\/\\\/centrourbano.com\\\/revista\\\/?s={search_term_string}\"},\"query-input\":{\"@type\":\"PropertyValueSpecification\",\"valueRequired\":true,\"valueName\":\"search_term_string\"}}],\"inLanguage\":\"es\"},{\"@type\":\"Organization\",\"@id\":\"https:\\\/\\\/centrourbano.com\\\/revista\\\/#organization\",\"name\":\"Centro Urbano\",\"url\":\"https:\\\/\\\/centrourbano.com\\\/revista\\\/\",\"logo\":{\"@type\":\"ImageObject\",\"inLanguage\":\"es\",\"@id\":\"https:\\\/\\\/centrourbano.com\\\/revista\\\/#\\\/schema\\\/logo\\\/image\\\/\",\"url\":\"https:\\\/\\\/centrourbano.com\\\/revista\\\/wp-content\\\/uploads\\\/web_CU_logo-1.png\",\"contentUrl\":\"https:\\\/\\\/centrourbano.com\\\/revista\\\/wp-content\\\/uploads\\\/web_CU_logo-1.png\",\"width\":350,\"height\":91,\"caption\":\"Centro Urbano\"},\"image\":{\"@id\":\"https:\\\/\\\/centrourbano.com\\\/revista\\\/#\\\/schema\\\/logo\\\/image\\\/\"},\"sameAs\":[\"https:\\\/\\\/www.facebook.com\\\/portalcentrourbano\",\"https:\\\/\\\/x.com\\\/CentroUrbano\",\"https:\\\/\\\/www.instagram.com\\\/centro_urbano\\\/\",\"https:\\\/\\\/www.linkedin.com\\\/company\\\/centro-urbano\\\/\",\"http:\\\/\\\/www.youtube.com\\\/user\\\/portalcentrourbano\"]},{\"@type\":\"Person\",\"@id\":\"https:\\\/\\\/centrourbano.com\\\/revista\\\/#\\\/schema\\\/person\\\/9f2f415108c21f27da84c4f8c1eca1ac\",\"name\":\"Rebeca Romero\",\"image\":{\"@type\":\"ImageObject\",\"inLanguage\":\"es\",\"@id\":\"https:\\\/\\\/secure.gravatar.com\\\/avatar\\\/a3abd3e37314905e5256eb67bf9c35ee2bb846a29a2ac87a048db8c78a89b0b9?s=96&d=mm&r=g\",\"url\":\"https:\\\/\\\/secure.gravatar.com\\\/avatar\\\/a3abd3e37314905e5256eb67bf9c35ee2bb846a29a2ac87a048db8c78a89b0b9?s=96&d=mm&r=g\",\"contentUrl\":\"https:\\\/\\\/secure.gravatar.com\\\/avatar\\\/a3abd3e37314905e5256eb67bf9c35ee2bb846a29a2ac87a048db8c78a89b0b9?s=96&d=mm&r=g\",\"caption\":\"Rebeca Romero\"},\"url\":\"https:\\\/\\\/centrourbano.com\\\/revista\\\/author\\\/prensa\\\/\"}]}<\/script>\n<!-- \/ Yoast SEO plugin. -->","yoast_head_json":{"title":"Vivienda sustentable: comunidad y conectividad ganan relevancia","description":"La vivienda sustentable enfrenta el reto de atender la expansi\u00f3n urbana y reducir los efectos de desarrollos alejados de los centros de empleo","robots":{"index":"index","follow":"follow","max-snippet":"max-snippet:-1","max-image-preview":"max-image-preview:large","max-video-preview":"max-video-preview:-1"},"canonical":"https:\/\/centrourbano.com\/revista\/vivienda\/vivienda-sustentable-comunidad-conectividad-ganan-relevancia\/","og_locale":"es_ES","og_type":"article","og_title":"Vivienda sustentable: comunidad y conectividad ganan relevancia","og_description":"La vivienda sustentable enfrenta el reto de atender la expansi\u00f3n urbana y reducir los efectos de desarrollos alejados de los centros de empleo","og_url":"https:\/\/centrourbano.com\/revista\/vivienda\/vivienda-sustentable-comunidad-conectividad-ganan-relevancia\/","og_site_name":"Centro Urbano","article_publisher":"https:\/\/www.facebook.com\/portalcentrourbano","article_published_time":"2026-09-04T22:37:45+00:00","og_image":[{"width":800,"height":800,"url":"https:\/\/centrourbano.com\/revista\/wp-content\/uploads\/Vivienda-sustentable_-comunidad-y-conectividad-ganan-relevancia.jpg","type":"image\/jpeg"}],"author":"Rebeca Romero","twitter_card":"summary_large_image","twitter_creator":"@CentroUrbano","twitter_site":"@CentroUrbano","twitter_misc":{"Escrito por":"Rebeca Romero","Tiempo de lectura":"4 minutos"},"schema":{"@context":"https:\/\/schema.org","@graph":[{"@type":"Article","@id":"https:\/\/centrourbano.com\/revista\/vivienda\/vivienda-sustentable-comunidad-conectividad-ganan-relevancia\/#article","isPartOf":{"@id":"https:\/\/centrourbano.com\/revista\/vivienda\/vivienda-sustentable-comunidad-conectividad-ganan-relevancia\/"},"author":{"name":"Rebeca Romero","@id":"https:\/\/centrourbano.com\/revista\/#\/schema\/person\/9f2f415108c21f27da84c4f8c1eca1ac"},"headline":"Vivienda sustentable: comunidad y conectividad ganan relevancia","datePublished":"2026-09-04T22:37:45+00:00","mainEntityOfPage":{"@id":"https:\/\/centrourbano.com\/revista\/vivienda\/vivienda-sustentable-comunidad-conectividad-ganan-relevancia\/"},"wordCount":714,"publisher":{"@id":"https:\/\/centrourbano.com\/revista\/#organization"},"image":{"@id":"https:\/\/centrourbano.com\/revista\/vivienda\/vivienda-sustentable-comunidad-conectividad-ganan-relevancia\/#primaryimage"},"thumbnailUrl":"https:\/\/centrourbano.com\/revista\/wp-content\/uploads\/Vivienda-sustentable_-comunidad-y-conectividad-ganan-relevancia.jpg","keywords":["Vinte","Vivienda sustentable","viviendas Vinte"],"articleSection":["Vivienda"],"inLanguage":"es"},{"@type":"WebPage","@id":"https:\/\/centrourbano.com\/revista\/vivienda\/vivienda-sustentable-comunidad-conectividad-ganan-relevancia\/","url":"https:\/\/centrourbano.com\/revista\/vivienda\/vivienda-sustentable-comunidad-conectividad-ganan-relevancia\/","name":"Vivienda sustentable: comunidad y conectividad ganan relevancia","isPartOf":{"@id":"https:\/\/centrourbano.com\/revista\/#website"},"primaryImageOfPage":{"@id":"https:\/\/centrourbano.com\/revista\/vivienda\/vivienda-sustentable-comunidad-conectividad-ganan-relevancia\/#primaryimage"},"image":{"@id":"https:\/\/centrourbano.com\/revista\/vivienda\/vivienda-sustentable-comunidad-conectividad-ganan-relevancia\/#primaryimage"},"thumbnailUrl":"https:\/\/centrourbano.com\/revista\/wp-content\/uploads\/Vivienda-sustentable_-comunidad-y-conectividad-ganan-relevancia.jpg","datePublished":"2026-09-04T22:37:45+00:00","description":"La vivienda sustentable enfrenta el reto de atender la expansi\u00f3n urbana y reducir los efectos de desarrollos alejados de los centros de empleo","breadcrumb":{"@id":"https:\/\/centrourbano.com\/revista\/vivienda\/vivienda-sustentable-comunidad-conectividad-ganan-relevancia\/#breadcrumb"},"inLanguage":"es","potentialAction":[{"@type":"ReadAction","target":["https:\/\/centrourbano.com\/revista\/vivienda\/vivienda-sustentable-comunidad-conectividad-ganan-relevancia\/"]}]},{"@type":"ImageObject","inLanguage":"es","@id":"https:\/\/centrourbano.com\/revista\/vivienda\/vivienda-sustentable-comunidad-conectividad-ganan-relevancia\/#primaryimage","url":"https:\/\/centrourbano.com\/revista\/wp-content\/uploads\/Vivienda-sustentable_-comunidad-y-conectividad-ganan-relevancia.jpg","contentUrl":"https:\/\/centrourbano.com\/revista\/wp-content\/uploads\/Vivienda-sustentable_-comunidad-y-conectividad-ganan-relevancia.jpg","width":800,"height":800,"caption":"Vivienda sustentable: comunidad y conectividad ganan relevancia"},{"@type":"BreadcrumbList","@id":"https:\/\/centrourbano.com\/revista\/vivienda\/vivienda-sustentable-comunidad-conectividad-ganan-relevancia\/#breadcrumb","itemListElement":[{"@type":"ListItem","position":1,"name":"Portada","item":"https:\/\/centrourbano.com\/revista\/"},{"@type":"ListItem","position":2,"name":"Vivienda sustentable: comunidad y conectividad ganan relevancia"}]},{"@type":"WebSite","@id":"https:\/\/centrourbano.com\/revista\/#website","url":"https:\/\/centrourbano.com\/revista\/","name":"Centro Urbano","description":"Medio especializado en los sectores vivienda, inmobiliario, construcci\u00f3n, arquitectura y urbanismo.","publisher":{"@id":"https:\/\/centrourbano.com\/revista\/#organization"},"potentialAction":[{"@type":"SearchAction","target":{"@type":"EntryPoint","urlTemplate":"https:\/\/centrourbano.com\/revista\/?s={search_term_string}"},"query-input":{"@type":"PropertyValueSpecification","valueRequired":true,"valueName":"search_term_string"}}],"inLanguage":"es"},{"@type":"Organization","@id":"https:\/\/centrourbano.com\/revista\/#organization","name":"Centro Urbano","url":"https:\/\/centrourbano.com\/revista\/","logo":{"@type":"ImageObject","inLanguage":"es","@id":"https:\/\/centrourbano.com\/revista\/#\/schema\/logo\/image\/","url":"https:\/\/centrourbano.com\/revista\/wp-content\/uploads\/web_CU_logo-1.png","contentUrl":"https:\/\/centrourbano.com\/revista\/wp-content\/uploads\/web_CU_logo-1.png","width":350,"height":91,"caption":"Centro Urbano"},"image":{"@id":"https:\/\/centrourbano.com\/revista\/#\/schema\/logo\/image\/"},"sameAs":["https:\/\/www.facebook.com\/portalcentrourbano","https:\/\/x.com\/CentroUrbano","https:\/\/www.instagram.com\/centro_urbano\/","https:\/\/www.linkedin.com\/company\/centro-urbano\/","http:\/\/www.youtube.com\/user\/portalcentrourbano"]},{"@type":"Person","@id":"https:\/\/centrourbano.com\/revista\/#\/schema\/person\/9f2f415108c21f27da84c4f8c1eca1ac","name":"Rebeca Romero","image":{"@type":"ImageObject","inLanguage":"es","@id":"https:\/\/secure.gravatar.com\/avatar\/a3abd3e37314905e5256eb67bf9c35ee2bb846a29a2ac87a048db8c78a89b0b9?s=96&d=mm&r=g","url":"https:\/\/secure.gravatar.com\/avatar\/a3abd3e37314905e5256eb67bf9c35ee2bb846a29a2ac87a048db8c78a89b0b9?s=96&d=mm&r=g","contentUrl":"https:\/\/secure.gravatar.com\/avatar\/a3abd3e37314905e5256eb67bf9c35ee2bb846a29a2ac87a048db8c78a89b0b9?s=96&d=mm&r=g","caption":"Rebeca Romero"},"url":"https:\/\/centrourbano.com\/revista\/author\/prensa\/"}]}},"_links":{"self":[{"href":"https:\/\/centrourbano.com\/revista\/wp-json\/wp\/v2\/posts\/163925","targetHints":{"allow":["GET"]}}],"collection":[{"href":"https:\/\/centrourbano.com\/revista\/wp-json\/wp\/v2\/posts"}],"about":[{"href":"https:\/\/centrourbano.com\/revista\/wp-json\/wp\/v2\/types\/post"}],"author":[{"embeddable":true,"href":"https:\/\/centrourbano.com\/revista\/wp-json\/wp\/v2\/users\/96"}],"replies":[{"embeddable":true,"href":"https:\/\/centrourbano.com\/revista\/wp-json\/wp\/v2\/comments?post=163925"}],"version-history":[{"count":1,"href":"https:\/\/centrourbano.com\/revista\/wp-json\/wp\/v2\/posts\/163925\/revisions"}],"predecessor-version":[{"id":163931,"href":"https:\/\/centrourbano.com\/revista\/wp-json\/wp\/v2\/posts\/163925\/revisions\/163931"}],"wp:featuredmedia":[{"embeddable":true,"href":"https:\/\/centrourbano.com\/revista\/wp-json\/wp\/v2\/media\/163928"}],"wp:attachment":[{"href":"https:\/\/centrourbano.com\/revista\/wp-json\/wp\/v2\/media?parent=163925"}],"wp:term":[{"taxonomy":"category","embeddable":true,"href":"https:\/\/centrourbano.com\/revista\/wp-json\/wp\/v2\/categories?post=163925"},{"taxonomy":"post_tag","embeddable":true,"href":"https:\/\/centrourbano.com\/revista\/wp-json\/wp\/v2\/tags?post=163925"}],"curies":[{"name":"wp","href":"https:\/\/api.w.org\/{rel}","templated":true}]}}