{"id":163911,"date":"2026-08-28T15:33:43","date_gmt":"2026-08-28T21:33:43","guid":{"rendered":"https:\/\/centrourbano.com\/revista\/?p=163911"},"modified":"2026-09-04T14:38:48","modified_gmt":"2026-09-04T20:38:48","slug":"oferta-industrial-en-mexicali-cae","status":"publish","type":"post","link":"https:\/\/centrourbano.com\/revista\/inmobiliario\/oferta-industrial-en-mexicali-cae\/","title":{"rendered":"Oferta industrial en Mexicali cae 17% en un a\u00f1o"},"content":{"rendered":"<p><em>La disponibilidad industrial en Mexicali se ubic\u00f3 en 207,000 m\u00b2, mientras la renta promedio se mantuvo 9% por debajo del nivel nacional<\/em><br \/>\n<!--more--><\/p>\n<p>La <strong>oferta de propiedades industriales en Mexicali disminuy\u00f3 17%<\/strong> durante el \u00faltimo a\u00f1o, en un contexto donde la demanda mantiene una tendencia positiva y los desarrolladores avanzan con mayor cautela en el inicio de nuevos proyectos.<\/p>\n<p>Al cierre de julio de 2026, el <strong>mercado industrial de Mexicali registr\u00f3 207,000 metros cuadrados<\/strong> (m\u00b2) de espacios disponibles, frente a los 249,000 m\u00b2 reportados en el mismo mes de 2025.<\/p>\n<p>La reducci\u00f3n de la oferta responde a dos factores. Por un lado, el crecimiento de la demanda ha permitido absorber parte de los espacios disponibles. Por otro, los desarrolladores han moderado el inicio de nuevas obras ante las condiciones que enfrenta actualmente la industria mexicana.<\/p>\n<h2>Mexicali mantiene oferta industrial<\/h2>\n<p>A pesar de la reducci\u00f3n en los espacios disponibles, el <strong>inventario industrial de Mexicali creci\u00f3 1% durante los \u00faltimos seis meses<\/strong>. Con ello, el mercado mantiene propiedades con superficies que van desde 1,000 hasta 47,000 m\u00b2.<\/p>\n<p>La ubicaci\u00f3n fronteriza del mercado tambi\u00e9n influye en su comportamiento. Mexicali mantiene una relaci\u00f3n estrecha con la econom\u00eda de Estados Unidos, particularmente a trav\u00e9s de empresas cuyas operaciones y cadenas de suministro conectan ambos pa\u00edses. Por ello, los cambios en las condiciones comerciales y econ\u00f3micas de la regi\u00f3n tienen incidencia en las decisiones de las compa\u00f1\u00edas que operan en el mercado.<\/p>\n<p>En materia de precios, las propiedades industriales disponibles en <strong>Mexicali registraron una renta promedio de 6.97 d\u00f3lares por m\u00b2 al mes<\/strong>. Este nivel se ubic\u00f3 9% por debajo del promedio nacional de 7.63 d\u00f3lares.<\/p>\n<p>As\u00ed, el mercado industrial de Mexicali llega al segundo semestre de 2026 con una menor superficie disponible, mientras la incorporaci\u00f3n de nuevos espacios avanza a un ritmo moderado. El comportamiento de la demanda y el desarrollo de nuevos proyectos definir\u00e1n la evoluci\u00f3n de la oferta durante los pr\u00f3ximos meses.<\/p>\n","protected":false},"excerpt":{"rendered":"<p>La disponibilidad industrial en Mexicali se ubic\u00f3 en 207,000 m\u00b2, mientras la renta promedio se mantuvo 9% por debajo del nivel nacional<\/p>\n","protected":false},"author":96,"featured_media":163912,"comment_status":"closed","ping_status":"closed","sticky":false,"template":"","format":"standard","meta":{"footnotes":""},"categories":[15],"tags":[21248,868,24871],"class_list":["post-163911","post","type-post","status-publish","format-standard","has-post-thumbnail","hentry","category-inmobiliario","tag-demanda-industrial","tag-mexicali","tag-oferta-industrial"],"yoast_head":"<!-- This site is optimized with the Yoast SEO plugin v28.4 - https:\/\/yoast.com\/product\/yoast-seo-wordpress\/ -->\n<title>Oferta industrial en Mexicali cae 17% en un a\u00f1o<\/title>\n<meta name=\"description\" content=\"La disponibilidad industrial en Mexicali se ubic\u00f3 en 207,000 m\u00b2, mientras la renta promedio se mantuvo 9% por debajo del nivel nacional\" \/>\n<meta name=\"robots\" content=\"index, follow, max-snippet:-1, max-image-preview:large, max-video-preview:-1\" \/>\n<link rel=\"canonical\" href=\"https:\/\/centrourbano.com\/revista\/inmobiliario\/oferta-industrial-en-mexicali-cae\/\" \/>\n<meta property=\"og:locale\" content=\"es_ES\" \/>\n<meta property=\"og:type\" content=\"article\" \/>\n<meta property=\"og:title\" content=\"Oferta industrial en Mexicali cae 17% en un a\u00f1o\" \/>\n<meta property=\"og:description\" content=\"La disponibilidad industrial en Mexicali se ubic\u00f3 en 207,000 m\u00b2, mientras la renta promedio se mantuvo 9% por debajo del nivel nacional\" \/>\n<meta property=\"og:url\" content=\"https:\/\/centrourbano.com\/revista\/inmobiliario\/oferta-industrial-en-mexicali-cae\/\" \/>\n<meta property=\"og:site_name\" content=\"Centro Urbano\" \/>\n<meta property=\"article:publisher\" content=\"https:\/\/www.facebook.com\/portalcentrourbano\" \/>\n<meta property=\"article:published_time\" content=\"2026-08-28T21:33:43+00:00\" \/>\n<meta property=\"article:modified_time\" content=\"2026-09-04T20:38:48+00:00\" \/>\n<meta property=\"og:image\" content=\"https:\/\/centrourbano.com\/revista\/wp-content\/uploads\/800-parque-industrial-13.jpg\" \/>\n\t<meta property=\"og:image:width\" content=\"800\" \/>\n\t<meta property=\"og:image:height\" content=\"800\" \/>\n\t<meta property=\"og:image:type\" content=\"image\/jpeg\" \/>\n<meta name=\"author\" content=\"Rebeca Romero\" \/>\n<meta name=\"twitter:card\" content=\"summary_large_image\" \/>\n<meta name=\"twitter:creator\" content=\"@CentroUrbano\" \/>\n<meta name=\"twitter:site\" content=\"@CentroUrbano\" \/>\n<meta name=\"twitter:label1\" content=\"Escrito por\" \/>\n\t<meta name=\"twitter:data1\" content=\"Rebeca Romero\" \/>\n\t<meta name=\"twitter:label2\" content=\"Tiempo de lectura\" \/>\n\t<meta name=\"twitter:data2\" content=\"2 minutos\" \/>\n<script type=\"application\/ld+json\" class=\"yoast-schema-graph\">{\"@context\":\"https:\\\/\\\/schema.org\",\"@graph\":[{\"@type\":\"Article\",\"@id\":\"https:\\\/\\\/centrourbano.com\\\/revista\\\/inmobiliario\\\/oferta-industrial-en-mexicali-cae\\\/#article\",\"isPartOf\":{\"@id\":\"https:\\\/\\\/centrourbano.com\\\/revista\\\/inmobiliario\\\/oferta-industrial-en-mexicali-cae\\\/\"},\"author\":{\"name\":\"Rebeca Romero\",\"@id\":\"https:\\\/\\\/centrourbano.com\\\/revista\\\/#\\\/schema\\\/person\\\/9f2f415108c21f27da84c4f8c1eca1ac\"},\"headline\":\"Oferta industrial en Mexicali cae 17% en un a\u00f1o\",\"datePublished\":\"2026-08-28T21:33:43+00:00\",\"dateModified\":\"2026-09-04T20:38:48+00:00\",\"mainEntityOfPage\":{\"@id\":\"https:\\\/\\\/centrourbano.com\\\/revista\\\/inmobiliario\\\/oferta-industrial-en-mexicali-cae\\\/\"},\"wordCount\":331,\"publisher\":{\"@id\":\"https:\\\/\\\/centrourbano.com\\\/revista\\\/#organization\"},\"image\":{\"@id\":\"https:\\\/\\\/centrourbano.com\\\/revista\\\/inmobiliario\\\/oferta-industrial-en-mexicali-cae\\\/#primaryimage\"},\"thumbnailUrl\":\"https:\\\/\\\/centrourbano.com\\\/revista\\\/wp-content\\\/uploads\\\/800-parque-industrial-13.jpg\",\"keywords\":[\"Demanda industrial\",\"Mexicali\",\"oferta industrial\"],\"articleSection\":[\"Inmobiliario\"],\"inLanguage\":\"es\"},{\"@type\":\"WebPage\",\"@id\":\"https:\\\/\\\/centrourbano.com\\\/revista\\\/inmobiliario\\\/oferta-industrial-en-mexicali-cae\\\/\",\"url\":\"https:\\\/\\\/centrourbano.com\\\/revista\\\/inmobiliario\\\/oferta-industrial-en-mexicali-cae\\\/\",\"name\":\"Oferta industrial en Mexicali cae 17% en un a\u00f1o\",\"isPartOf\":{\"@id\":\"https:\\\/\\\/centrourbano.com\\\/revista\\\/#website\"},\"primaryImageOfPage\":{\"@id\":\"https:\\\/\\\/centrourbano.com\\\/revista\\\/inmobiliario\\\/oferta-industrial-en-mexicali-cae\\\/#primaryimage\"},\"image\":{\"@id\":\"https:\\\/\\\/centrourbano.com\\\/revista\\\/inmobiliario\\\/oferta-industrial-en-mexicali-cae\\\/#primaryimage\"},\"thumbnailUrl\":\"https:\\\/\\\/centrourbano.com\\\/revista\\\/wp-content\\\/uploads\\\/800-parque-industrial-13.jpg\",\"datePublished\":\"2026-08-28T21:33:43+00:00\",\"dateModified\":\"2026-09-04T20:38:48+00:00\",\"description\":\"La disponibilidad industrial en Mexicali se ubic\u00f3 en 207,000 m\u00b2, mientras la renta promedio se mantuvo 9% por debajo del nivel nacional\",\"breadcrumb\":{\"@id\":\"https:\\\/\\\/centrourbano.com\\\/revista\\\/inmobiliario\\\/oferta-industrial-en-mexicali-cae\\\/#breadcrumb\"},\"inLanguage\":\"es\",\"potentialAction\":[{\"@type\":\"ReadAction\",\"target\":[\"https:\\\/\\\/centrourbano.com\\\/revista\\\/inmobiliario\\\/oferta-industrial-en-mexicali-cae\\\/\"]}]},{\"@type\":\"ImageObject\",\"inLanguage\":\"es\",\"@id\":\"https:\\\/\\\/centrourbano.com\\\/revista\\\/inmobiliario\\\/oferta-industrial-en-mexicali-cae\\\/#primaryimage\",\"url\":\"https:\\\/\\\/centrourbano.com\\\/revista\\\/wp-content\\\/uploads\\\/800-parque-industrial-13.jpg\",\"contentUrl\":\"https:\\\/\\\/centrourbano.com\\\/revista\\\/wp-content\\\/uploads\\\/800-parque-industrial-13.jpg\",\"width\":800,\"height\":800,\"caption\":\"Oferta industrial en Mexicali cae 17% en un a\u00f1o\"},{\"@type\":\"BreadcrumbList\",\"@id\":\"https:\\\/\\\/centrourbano.com\\\/revista\\\/inmobiliario\\\/oferta-industrial-en-mexicali-cae\\\/#breadcrumb\",\"itemListElement\":[{\"@type\":\"ListItem\",\"position\":1,\"name\":\"Portada\",\"item\":\"https:\\\/\\\/centrourbano.com\\\/revista\\\/\"},{\"@type\":\"ListItem\",\"position\":2,\"name\":\"Oferta industrial en Mexicali cae 17% en un a\u00f1o\"}]},{\"@type\":\"WebSite\",\"@id\":\"https:\\\/\\\/centrourbano.com\\\/revista\\\/#website\",\"url\":\"https:\\\/\\\/centrourbano.com\\\/revista\\\/\",\"name\":\"Centro Urbano\",\"description\":\"Medio especializado en los sectores vivienda, inmobiliario, construcci\u00f3n, arquitectura y urbanismo.\",\"publisher\":{\"@id\":\"https:\\\/\\\/centrourbano.com\\\/revista\\\/#organization\"},\"potentialAction\":[{\"@type\":\"SearchAction\",\"target\":{\"@type\":\"EntryPoint\",\"urlTemplate\":\"https:\\\/\\\/centrourbano.com\\\/revista\\\/?s={search_term_string}\"},\"query-input\":{\"@type\":\"PropertyValueSpecification\",\"valueRequired\":true,\"valueName\":\"search_term_string\"}}],\"inLanguage\":\"es\"},{\"@type\":\"Organization\",\"@id\":\"https:\\\/\\\/centrourbano.com\\\/revista\\\/#organization\",\"name\":\"Centro Urbano\",\"url\":\"https:\\\/\\\/centrourbano.com\\\/revista\\\/\",\"logo\":{\"@type\":\"ImageObject\",\"inLanguage\":\"es\",\"@id\":\"https:\\\/\\\/centrourbano.com\\\/revista\\\/#\\\/schema\\\/logo\\\/image\\\/\",\"url\":\"https:\\\/\\\/centrourbano.com\\\/revista\\\/wp-content\\\/uploads\\\/web_CU_logo-1.png\",\"contentUrl\":\"https:\\\/\\\/centrourbano.com\\\/revista\\\/wp-content\\\/uploads\\\/web_CU_logo-1.png\",\"width\":350,\"height\":91,\"caption\":\"Centro Urbano\"},\"image\":{\"@id\":\"https:\\\/\\\/centrourbano.com\\\/revista\\\/#\\\/schema\\\/logo\\\/image\\\/\"},\"sameAs\":[\"https:\\\/\\\/www.facebook.com\\\/portalcentrourbano\",\"https:\\\/\\\/x.com\\\/CentroUrbano\",\"https:\\\/\\\/www.instagram.com\\\/centro_urbano\\\/\",\"https:\\\/\\\/www.linkedin.com\\\/company\\\/centro-urbano\\\/\",\"http:\\\/\\\/www.youtube.com\\\/user\\\/portalcentrourbano\"]},{\"@type\":\"Person\",\"@id\":\"https:\\\/\\\/centrourbano.com\\\/revista\\\/#\\\/schema\\\/person\\\/9f2f415108c21f27da84c4f8c1eca1ac\",\"name\":\"Rebeca Romero\",\"image\":{\"@type\":\"ImageObject\",\"inLanguage\":\"es\",\"@id\":\"https:\\\/\\\/secure.gravatar.com\\\/avatar\\\/a3abd3e37314905e5256eb67bf9c35ee2bb846a29a2ac87a048db8c78a89b0b9?s=96&d=mm&r=g\",\"url\":\"https:\\\/\\\/secure.gravatar.com\\\/avatar\\\/a3abd3e37314905e5256eb67bf9c35ee2bb846a29a2ac87a048db8c78a89b0b9?s=96&d=mm&r=g\",\"contentUrl\":\"https:\\\/\\\/secure.gravatar.com\\\/avatar\\\/a3abd3e37314905e5256eb67bf9c35ee2bb846a29a2ac87a048db8c78a89b0b9?s=96&d=mm&r=g\",\"caption\":\"Rebeca Romero\"},\"url\":\"https:\\\/\\\/centrourbano.com\\\/revista\\\/author\\\/prensa\\\/\"}]}<\/script>\n<!-- \/ Yoast SEO plugin. -->","yoast_head_json":{"title":"Oferta industrial en Mexicali cae 17% en un a\u00f1o","description":"La disponibilidad industrial en Mexicali se ubic\u00f3 en 207,000 m\u00b2, mientras la renta promedio se mantuvo 9% por debajo del nivel nacional","robots":{"index":"index","follow":"follow","max-snippet":"max-snippet:-1","max-image-preview":"max-image-preview:large","max-video-preview":"max-video-preview:-1"},"canonical":"https:\/\/centrourbano.com\/revista\/inmobiliario\/oferta-industrial-en-mexicali-cae\/","og_locale":"es_ES","og_type":"article","og_title":"Oferta industrial en Mexicali cae 17% en un a\u00f1o","og_description":"La disponibilidad industrial en Mexicali se ubic\u00f3 en 207,000 m\u00b2, mientras la renta promedio se mantuvo 9% por debajo del nivel nacional","og_url":"https:\/\/centrourbano.com\/revista\/inmobiliario\/oferta-industrial-en-mexicali-cae\/","og_site_name":"Centro Urbano","article_publisher":"https:\/\/www.facebook.com\/portalcentrourbano","article_published_time":"2026-08-28T21:33:43+00:00","article_modified_time":"2026-09-04T20:38:48+00:00","og_image":[{"width":800,"height":800,"url":"https:\/\/centrourbano.com\/revista\/wp-content\/uploads\/800-parque-industrial-13.jpg","type":"image\/jpeg"}],"author":"Rebeca Romero","twitter_card":"summary_large_image","twitter_creator":"@CentroUrbano","twitter_site":"@CentroUrbano","twitter_misc":{"Escrito por":"Rebeca Romero","Tiempo de lectura":"2 minutos"},"schema":{"@context":"https:\/\/schema.org","@graph":[{"@type":"Article","@id":"https:\/\/centrourbano.com\/revista\/inmobiliario\/oferta-industrial-en-mexicali-cae\/#article","isPartOf":{"@id":"https:\/\/centrourbano.com\/revista\/inmobiliario\/oferta-industrial-en-mexicali-cae\/"},"author":{"name":"Rebeca Romero","@id":"https:\/\/centrourbano.com\/revista\/#\/schema\/person\/9f2f415108c21f27da84c4f8c1eca1ac"},"headline":"Oferta industrial en Mexicali cae 17% en un a\u00f1o","datePublished":"2026-08-28T21:33:43+00:00","dateModified":"2026-09-04T20:38:48+00:00","mainEntityOfPage":{"@id":"https:\/\/centrourbano.com\/revista\/inmobiliario\/oferta-industrial-en-mexicali-cae\/"},"wordCount":331,"publisher":{"@id":"https:\/\/centrourbano.com\/revista\/#organization"},"image":{"@id":"https:\/\/centrourbano.com\/revista\/inmobiliario\/oferta-industrial-en-mexicali-cae\/#primaryimage"},"thumbnailUrl":"https:\/\/centrourbano.com\/revista\/wp-content\/uploads\/800-parque-industrial-13.jpg","keywords":["Demanda industrial","Mexicali","oferta industrial"],"articleSection":["Inmobiliario"],"inLanguage":"es"},{"@type":"WebPage","@id":"https:\/\/centrourbano.com\/revista\/inmobiliario\/oferta-industrial-en-mexicali-cae\/","url":"https:\/\/centrourbano.com\/revista\/inmobiliario\/oferta-industrial-en-mexicali-cae\/","name":"Oferta industrial en Mexicali cae 17% en un a\u00f1o","isPartOf":{"@id":"https:\/\/centrourbano.com\/revista\/#website"},"primaryImageOfPage":{"@id":"https:\/\/centrourbano.com\/revista\/inmobiliario\/oferta-industrial-en-mexicali-cae\/#primaryimage"},"image":{"@id":"https:\/\/centrourbano.com\/revista\/inmobiliario\/oferta-industrial-en-mexicali-cae\/#primaryimage"},"thumbnailUrl":"https:\/\/centrourbano.com\/revista\/wp-content\/uploads\/800-parque-industrial-13.jpg","datePublished":"2026-08-28T21:33:43+00:00","dateModified":"2026-09-04T20:38:48+00:00","description":"La disponibilidad industrial en Mexicali se ubic\u00f3 en 207,000 m\u00b2, mientras la renta promedio se mantuvo 9% por debajo del nivel nacional","breadcrumb":{"@id":"https:\/\/centrourbano.com\/revista\/inmobiliario\/oferta-industrial-en-mexicali-cae\/#breadcrumb"},"inLanguage":"es","potentialAction":[{"@type":"ReadAction","target":["https:\/\/centrourbano.com\/revista\/inmobiliario\/oferta-industrial-en-mexicali-cae\/"]}]},{"@type":"ImageObject","inLanguage":"es","@id":"https:\/\/centrourbano.com\/revista\/inmobiliario\/oferta-industrial-en-mexicali-cae\/#primaryimage","url":"https:\/\/centrourbano.com\/revista\/wp-content\/uploads\/800-parque-industrial-13.jpg","contentUrl":"https:\/\/centrourbano.com\/revista\/wp-content\/uploads\/800-parque-industrial-13.jpg","width":800,"height":800,"caption":"Oferta industrial en Mexicali cae 17% en un a\u00f1o"},{"@type":"BreadcrumbList","@id":"https:\/\/centrourbano.com\/revista\/inmobiliario\/oferta-industrial-en-mexicali-cae\/#breadcrumb","itemListElement":[{"@type":"ListItem","position":1,"name":"Portada","item":"https:\/\/centrourbano.com\/revista\/"},{"@type":"ListItem","position":2,"name":"Oferta industrial en Mexicali cae 17% en un a\u00f1o"}]},{"@type":"WebSite","@id":"https:\/\/centrourbano.com\/revista\/#website","url":"https:\/\/centrourbano.com\/revista\/","name":"Centro Urbano","description":"Medio especializado en los sectores vivienda, inmobiliario, construcci\u00f3n, arquitectura y urbanismo.","publisher":{"@id":"https:\/\/centrourbano.com\/revista\/#organization"},"potentialAction":[{"@type":"SearchAction","target":{"@type":"EntryPoint","urlTemplate":"https:\/\/centrourbano.com\/revista\/?s={search_term_string}"},"query-input":{"@type":"PropertyValueSpecification","valueRequired":true,"valueName":"search_term_string"}}],"inLanguage":"es"},{"@type":"Organization","@id":"https:\/\/centrourbano.com\/revista\/#organization","name":"Centro Urbano","url":"https:\/\/centrourbano.com\/revista\/","logo":{"@type":"ImageObject","inLanguage":"es","@id":"https:\/\/centrourbano.com\/revista\/#\/schema\/logo\/image\/","url":"https:\/\/centrourbano.com\/revista\/wp-content\/uploads\/web_CU_logo-1.png","contentUrl":"https:\/\/centrourbano.com\/revista\/wp-content\/uploads\/web_CU_logo-1.png","width":350,"height":91,"caption":"Centro Urbano"},"image":{"@id":"https:\/\/centrourbano.com\/revista\/#\/schema\/logo\/image\/"},"sameAs":["https:\/\/www.facebook.com\/portalcentrourbano","https:\/\/x.com\/CentroUrbano","https:\/\/www.instagram.com\/centro_urbano\/","https:\/\/www.linkedin.com\/company\/centro-urbano\/","http:\/\/www.youtube.com\/user\/portalcentrourbano"]},{"@type":"Person","@id":"https:\/\/centrourbano.com\/revista\/#\/schema\/person\/9f2f415108c21f27da84c4f8c1eca1ac","name":"Rebeca Romero","image":{"@type":"ImageObject","inLanguage":"es","@id":"https:\/\/secure.gravatar.com\/avatar\/a3abd3e37314905e5256eb67bf9c35ee2bb846a29a2ac87a048db8c78a89b0b9?s=96&d=mm&r=g","url":"https:\/\/secure.gravatar.com\/avatar\/a3abd3e37314905e5256eb67bf9c35ee2bb846a29a2ac87a048db8c78a89b0b9?s=96&d=mm&r=g","contentUrl":"https:\/\/secure.gravatar.com\/avatar\/a3abd3e37314905e5256eb67bf9c35ee2bb846a29a2ac87a048db8c78a89b0b9?s=96&d=mm&r=g","caption":"Rebeca Romero"},"url":"https:\/\/centrourbano.com\/revista\/author\/prensa\/"}]}},"_links":{"self":[{"href":"https:\/\/centrourbano.com\/revista\/wp-json\/wp\/v2\/posts\/163911","targetHints":{"allow":["GET"]}}],"collection":[{"href":"https:\/\/centrourbano.com\/revista\/wp-json\/wp\/v2\/posts"}],"about":[{"href":"https:\/\/centrourbano.com\/revista\/wp-json\/wp\/v2\/types\/post"}],"author":[{"embeddable":true,"href":"https:\/\/centrourbano.com\/revista\/wp-json\/wp\/v2\/users\/96"}],"replies":[{"embeddable":true,"href":"https:\/\/centrourbano.com\/revista\/wp-json\/wp\/v2\/comments?post=163911"}],"version-history":[{"count":1,"href":"https:\/\/centrourbano.com\/revista\/wp-json\/wp\/v2\/posts\/163911\/revisions"}],"predecessor-version":[{"id":163914,"href":"https:\/\/centrourbano.com\/revista\/wp-json\/wp\/v2\/posts\/163911\/revisions\/163914"}],"wp:featuredmedia":[{"embeddable":true,"href":"https:\/\/centrourbano.com\/revista\/wp-json\/wp\/v2\/media\/163912"}],"wp:attachment":[{"href":"https:\/\/centrourbano.com\/revista\/wp-json\/wp\/v2\/media?parent=163911"}],"wp:term":[{"taxonomy":"category","embeddable":true,"href":"https:\/\/centrourbano.com\/revista\/wp-json\/wp\/v2\/categories?post=163911"},{"taxonomy":"post_tag","embeddable":true,"href":"https:\/\/centrourbano.com\/revista\/wp-json\/wp\/v2\/tags?post=163911"}],"curies":[{"name":"wp","href":"https:\/\/api.w.org\/{rel}","templated":true}]}}