{"id":163894,"date":"2026-09-04T14:26:16","date_gmt":"2026-09-04T20:26:16","guid":{"rendered":"https:\/\/centrourbano.com\/revista\/?p=163894"},"modified":"2026-09-04T14:26:16","modified_gmt":"2026-09-04T20:26:16","slug":"registro-vivienda-489-mil-unidades","status":"publish","type":"post","link":"https:\/\/centrourbano.com\/revista\/vivienda\/registro-vivienda-489-mil-unidades\/","title":{"rendered":"Registro de vivienda crece 183% y alcanza 489 mil unidades"},"content":{"rendered":"<p><em><span class=\"TextRun SCXW246986110 BCX0\" lang=\"ES-MX\" xml:lang=\"ES-MX\" data-contrast=\"auto\"><span class=\"NormalTextRun SCXW246986110 BCX0\">Durante junio se incorporaron al RUV proyectos para la construcci\u00f3n de 33,400 unidades de vivienda, cifra 166% superior a 2025<\/span><\/span><span class=\"EOP Selected SCXW246986110 BCX0\" data-ccp-props=\"{}\">\u00a0<\/span><\/em><!--more--><\/p>\n<p><span data-contrast=\"auto\">El registro de\u00a0<\/span><b><span data-contrast=\"auto\">proyectos para la construcci\u00f3n de vivienda\u00a0<\/span><\/b><span data-contrast=\"auto\">en M\u00e9xico mostr\u00f3 un fuerte crecimiento durante el \u00faltimo a\u00f1o, al alcanzar 489,000\u00a0unidades en cifras anualizadas al cierre de junio de 2026, de acuerdo con informaci\u00f3n de la\u00a0<\/span><b><span data-contrast=\"auto\">Asociaci\u00f3n de Bancos de M\u00e9xico (ABM<\/span><\/b><span data-contrast=\"auto\">).<\/span><span data-ccp-props=\"{}\">\u00a0<\/span><\/p>\n<p><span data-contrast=\"auto\">En su Bolet\u00edn Estad\u00edstico Hipotecario, publicado en agosto con cifras a junio, el organismo detall\u00f3 que, de acuerdo con datos del\u00a0<\/span><b><span data-contrast=\"auto\">Registro \u00danico de Vivienda (RUV<\/span><\/b><span data-contrast=\"auto\">), la incorporaci\u00f3n de proyectos durante los \u00faltimos 12 meses fue 317,000\u00a0viviendas,\u00a0superior a la registrada en cifras anualizadas de 2025, lo que represent\u00f3 un incremento de 183 por ciento.\u00a0<\/span><span data-ccp-props=\"{}\">\u00a0<\/span><\/p>\n<h2><b><span data-contrast=\"auto\">Registro de proyectos acelera durante 2026<\/span><\/b><span data-ccp-props=\"{}\">\u00a0<\/span><\/h2>\n<p><span data-contrast=\"auto\">El comportamiento del\u00a0<\/span><b><span data-contrast=\"auto\">RUV\u00a0<\/span><\/b><span data-contrast=\"auto\">muestra una aceleraci\u00f3n importante en el\u00a0<\/span><b><span data-contrast=\"auto\">registro de vivienda<\/span><\/b><span data-contrast=\"auto\">\u00a0durante los \u00faltimos meses, luego de los niveles observados a lo largo de 2025.<\/span><span data-ccp-props=\"{}\">\u00a0<\/span><\/p>\n<p><span data-contrast=\"auto\">De acuerdo con la informaci\u00f3n presentada por la\u00a0<\/span><b><span data-contrast=\"auto\">ABM<\/span><\/b><span data-contrast=\"auto\">, en junio de 2026 se incorporaron proyectos para la edificaci\u00f3n de 33,400 viviendas, frente a las 12,600 registradas durante el mismo mes del a\u00f1o anterior.<\/span><span data-ccp-props=\"{}\">\u00a0<\/span><\/p>\n<p><span data-contrast=\"auto\">Lo anterior signific\u00f3 un crecimiento anual de 166%\u00a0en el\u00a0<\/span><b><span data-contrast=\"auto\">n\u00famero de viviendas incorporadas\u00a0<\/span><\/b><span data-contrast=\"auto\">durante junio.\u00a0<\/span><span data-ccp-props=\"{}\">\u00a0<\/span><\/p>\n<p><span data-contrast=\"auto\">Asimismo, las cifras anualizadas muestran que el registro correspondiente a los \u00faltimos 12 meses alcanz\u00f3 489,500 viviendas al segundo trimestre de 2026\u00a0(2T2026), nivel considerablemente superior a las 172,900 unidades reportadas en el\u00a0mismo periodo\u00a0de 2025.\u00a0<\/span><span data-ccp-props=\"{}\">\u00a0<\/span><\/p>\n<h2><b><span data-contrast=\"auto\">Cr\u00e9dito para construcci\u00f3n mantiene crecimiento<\/span><\/b><span data-ccp-props=\"{}\">\u00a0<\/span><\/h2>\n<p><span data-contrast=\"auto\">El aumento en el\u00a0<\/span><b><span data-contrast=\"auto\">registro de proyectos<\/span><\/b><span data-contrast=\"auto\">\u00a0ocurre en un contexto en el que el financiamiento bancario destinado a la\u00a0<\/span><b><span data-contrast=\"auto\">construcci\u00f3n de vivienda\u00a0<\/span><\/b><span data-contrast=\"auto\">tambi\u00e9n presenta avances.<\/span><span data-ccp-props=\"{}\">\u00a0<\/span><\/p>\n<p><span data-contrast=\"auto\">Al cierre de junio, el saldo del\u00a0<\/span><b><span data-contrast=\"auto\">cr\u00e9dito puente de la banca comercial<\/span><\/b><span data-contrast=\"auto\">\u00a0se ubic\u00f3 en 138,300 millones de pesos (mdp), frente a los 126,400\u00a0mdp\u00a0observados en junio de 2025.<\/span><span data-ccp-props=\"{}\">\u00a0<\/span><\/p>\n<p><span data-contrast=\"auto\">Esto representa un crecimiento nominal cercano a 9.4% en t\u00e9rminos anuales.\u00a0Adem\u00e1s, el\u00a0<\/span><b><span data-contrast=\"auto\">\u00edndice de morosidad (Imor<\/span><\/b><span data-contrast=\"auto\">) de esta cartera se ubic\u00f3 en 1.5%, ligeramente por encima del 1.3% registrado un a\u00f1o antes.\u00a0<\/span><span data-ccp-props=\"{}\">\u00a0<\/span><\/p>\n<p><span data-contrast=\"auto\">Por otra parte, la\u00a0<\/span><b><span data-contrast=\"auto\">ABM\u00a0<\/span><\/b><span data-contrast=\"auto\">se\u00f1al\u00f3 que el\u00a0<\/span><b><span data-contrast=\"auto\">monto dispuesto del cr\u00e9dito puente<\/span><\/b><span data-contrast=\"auto\">\u00a0alcanz\u00f3 53,000\u00a0mdp\u00a0a junio de 2026. Tan s\u00f3lo durante ese mes, el flujo ascendi\u00f3 a 10,\u00a0200\u00a0mdp, frente a 6,800\u00a0mdp\u00a0registrados en junio del a\u00f1o previo.\u00a0<\/span><span data-ccp-props=\"{}\">\u00a0<\/span><\/p>\n<h2><b><span data-contrast=\"auto\">Banca aumenta financiamiento directo a construcci\u00f3n<\/span><\/b><span data-ccp-props=\"{}\">\u00a0<\/span><\/h2>\n<p><span data-contrast=\"auto\">El reporte tambi\u00e9n muestra un avance en los\u00a0<\/span><b><span data-contrast=\"auto\">cr\u00e9ditos hipotecarios de la banca comercial\u00a0<\/span><\/b><span data-contrast=\"auto\">destinados espec\u00edficamente a la\u00a0<\/span><b><span data-contrast=\"auto\">construcci\u00f3n de vivienda<\/span><\/b><span data-contrast=\"auto\">\u00a0con garant\u00eda hipotecaria.<\/span><span data-ccp-props=\"{}\">\u00a0<\/span><\/p>\n<p><span data-contrast=\"auto\">Durante junio se colocaron 698 cr\u00e9ditos, frente a 620 registrados en el mismo mes de 2025, lo que represent\u00f3 un incremento anual de 12.6 por ciento.<\/span><span data-ccp-props=\"{}\">\u00a0<\/span><\/p>\n<p><span data-contrast=\"auto\">En t\u00e9rminos de recursos, el\u00a0<\/span><b><span data-contrast=\"auto\">monto financiado\u00a0<\/span><\/b><span data-contrast=\"auto\">pas\u00f3 de\u00a01,675\u00a0mdp\u00a0en junio de 2025 a 2,063\u00a0mdp\u00a0en junio de 2026, equivalente a un crecimiento anual de 23.2 por ciento.\u00a0<\/span><span data-ccp-props=\"{}\">\u00a0<\/span><\/p>\n<p><span data-contrast=\"auto\">De esta manera, los datos de la\u00a0<\/span><b><span data-contrast=\"auto\">ABM\u00a0<\/span><\/b><span data-contrast=\"auto\">muestran que el repunte en el\u00a0<\/span><b><span data-contrast=\"auto\">registro de proyectos de vivienda\u00a0<\/span><\/b><span data-contrast=\"auto\">durante 2026 ha estado acompa\u00f1ado por un mayor flujo de recursos bancarios hacia la construcci\u00f3n, tanto mediante cr\u00e9dito puente como a trav\u00e9s de financiamientos hipotecarios destinados a este segmento.<\/span><span data-ccp-props=\"{}\">\u00a0<\/span><\/p>\n","protected":false},"excerpt":{"rendered":"<p>Durante junio se incorporaron al RUV proyectos para la construcci\u00f3n de 33,400 unidades de vivienda, cifra 166% superior a 2025\u00a0<\/p>\n","protected":false},"author":97,"featured_media":163907,"comment_status":"closed","ping_status":"closed","sticky":false,"template":"","format":"standard","meta":{"footnotes":""},"categories":[12],"tags":[],"class_list":["post-163894","post","type-post","status-publish","format-standard","has-post-thumbnail","hentry","category-vivienda"],"yoast_head":"<!-- This site is optimized with the Yoast SEO plugin v28.4 - https:\/\/yoast.com\/product\/yoast-seo-wordpress\/ -->\n<title>Registro de vivienda crece 183% y alcanza 489 mil unidades<\/title>\n<meta name=\"description\" content=\"Durante junio se incorporaron al RUV proyectos para la construcci\u00f3n de 33,400 unidades de vivienda, cifra 166% superior a 2025\" \/>\n<meta name=\"robots\" content=\"index, follow, max-snippet:-1, max-image-preview:large, max-video-preview:-1\" \/>\n<link rel=\"canonical\" href=\"https:\/\/centrourbano.com\/revista\/vivienda\/registro-vivienda-489-mil-unidades\/\" \/>\n<meta property=\"og:locale\" content=\"es_ES\" \/>\n<meta property=\"og:type\" content=\"article\" \/>\n<meta property=\"og:title\" content=\"Registro de vivienda crece 183% y alcanza 489 mil unidades\" \/>\n<meta property=\"og:description\" content=\"Durante junio se incorporaron al RUV proyectos para la construcci\u00f3n de 33,400 unidades de vivienda, cifra 166% superior a 2025\" \/>\n<meta property=\"og:url\" content=\"https:\/\/centrourbano.com\/revista\/vivienda\/registro-vivienda-489-mil-unidades\/\" \/>\n<meta property=\"og:site_name\" content=\"Centro Urbano\" \/>\n<meta property=\"article:publisher\" content=\"https:\/\/www.facebook.com\/portalcentrourbano\" \/>\n<meta property=\"article:published_time\" content=\"2026-09-04T20:26:16+00:00\" \/>\n<meta property=\"og:image\" content=\"https:\/\/centrourbano.com\/revista\/wp-content\/uploads\/Registro-de-vivienda-crece-183_-y-alcanza-489-mil-unidades-.jpg\" \/>\n\t<meta property=\"og:image:width\" content=\"823\" \/>\n\t<meta property=\"og:image:height\" content=\"723\" \/>\n\t<meta property=\"og:image:type\" content=\"image\/jpeg\" \/>\n<meta name=\"author\" content=\"Fernanda Hern\u00e1ndez\" \/>\n<meta name=\"twitter:card\" content=\"summary_large_image\" \/>\n<meta name=\"twitter:creator\" content=\"@CentroUrbano\" \/>\n<meta name=\"twitter:site\" content=\"@CentroUrbano\" \/>\n<meta name=\"twitter:label1\" content=\"Escrito por\" \/>\n\t<meta name=\"twitter:data1\" content=\"Fernanda Hern\u00e1ndez\" \/>\n\t<meta name=\"twitter:label2\" content=\"Tiempo de lectura\" \/>\n\t<meta name=\"twitter:data2\" content=\"3 minutos\" \/>\n<script type=\"application\/ld+json\" class=\"yoast-schema-graph\">{\"@context\":\"https:\\\/\\\/schema.org\",\"@graph\":[{\"@type\":\"Article\",\"@id\":\"https:\\\/\\\/centrourbano.com\\\/revista\\\/vivienda\\\/registro-vivienda-489-mil-unidades\\\/#article\",\"isPartOf\":{\"@id\":\"https:\\\/\\\/centrourbano.com\\\/revista\\\/vivienda\\\/registro-vivienda-489-mil-unidades\\\/\"},\"author\":{\"name\":\"Fernanda Hern\u00e1ndez\",\"@id\":\"https:\\\/\\\/centrourbano.com\\\/revista\\\/#\\\/schema\\\/person\\\/705bd2561e969bad91819dabdc439ef2\"},\"headline\":\"Registro de vivienda crece 183% y alcanza 489 mil unidades\",\"datePublished\":\"2026-09-04T20:26:16+00:00\",\"mainEntityOfPage\":{\"@id\":\"https:\\\/\\\/centrourbano.com\\\/revista\\\/vivienda\\\/registro-vivienda-489-mil-unidades\\\/\"},\"wordCount\":518,\"publisher\":{\"@id\":\"https:\\\/\\\/centrourbano.com\\\/revista\\\/#organization\"},\"image\":{\"@id\":\"https:\\\/\\\/centrourbano.com\\\/revista\\\/vivienda\\\/registro-vivienda-489-mil-unidades\\\/#primaryimage\"},\"thumbnailUrl\":\"https:\\\/\\\/centrourbano.com\\\/revista\\\/wp-content\\\/uploads\\\/Registro-de-vivienda-crece-183_-y-alcanza-489-mil-unidades-.jpg\",\"articleSection\":[\"Vivienda\"],\"inLanguage\":\"es\"},{\"@type\":\"WebPage\",\"@id\":\"https:\\\/\\\/centrourbano.com\\\/revista\\\/vivienda\\\/registro-vivienda-489-mil-unidades\\\/\",\"url\":\"https:\\\/\\\/centrourbano.com\\\/revista\\\/vivienda\\\/registro-vivienda-489-mil-unidades\\\/\",\"name\":\"Registro de vivienda crece 183% y alcanza 489 mil unidades\",\"isPartOf\":{\"@id\":\"https:\\\/\\\/centrourbano.com\\\/revista\\\/#website\"},\"primaryImageOfPage\":{\"@id\":\"https:\\\/\\\/centrourbano.com\\\/revista\\\/vivienda\\\/registro-vivienda-489-mil-unidades\\\/#primaryimage\"},\"image\":{\"@id\":\"https:\\\/\\\/centrourbano.com\\\/revista\\\/vivienda\\\/registro-vivienda-489-mil-unidades\\\/#primaryimage\"},\"thumbnailUrl\":\"https:\\\/\\\/centrourbano.com\\\/revista\\\/wp-content\\\/uploads\\\/Registro-de-vivienda-crece-183_-y-alcanza-489-mil-unidades-.jpg\",\"datePublished\":\"2026-09-04T20:26:16+00:00\",\"description\":\"Durante junio se incorporaron al RUV proyectos para la construcci\u00f3n de 33,400 unidades de vivienda, cifra 166% superior a 2025\",\"breadcrumb\":{\"@id\":\"https:\\\/\\\/centrourbano.com\\\/revista\\\/vivienda\\\/registro-vivienda-489-mil-unidades\\\/#breadcrumb\"},\"inLanguage\":\"es\",\"potentialAction\":[{\"@type\":\"ReadAction\",\"target\":[\"https:\\\/\\\/centrourbano.com\\\/revista\\\/vivienda\\\/registro-vivienda-489-mil-unidades\\\/\"]}]},{\"@type\":\"ImageObject\",\"inLanguage\":\"es\",\"@id\":\"https:\\\/\\\/centrourbano.com\\\/revista\\\/vivienda\\\/registro-vivienda-489-mil-unidades\\\/#primaryimage\",\"url\":\"https:\\\/\\\/centrourbano.com\\\/revista\\\/wp-content\\\/uploads\\\/Registro-de-vivienda-crece-183_-y-alcanza-489-mil-unidades-.jpg\",\"contentUrl\":\"https:\\\/\\\/centrourbano.com\\\/revista\\\/wp-content\\\/uploads\\\/Registro-de-vivienda-crece-183_-y-alcanza-489-mil-unidades-.jpg\",\"width\":823,\"height\":723,\"caption\":\"Durante junio se incorporaron al RUV proyectos para la construcci\u00f3n de 33,400 unidades de vivienda, cifra 166% superior a 2025\"},{\"@type\":\"BreadcrumbList\",\"@id\":\"https:\\\/\\\/centrourbano.com\\\/revista\\\/vivienda\\\/registro-vivienda-489-mil-unidades\\\/#breadcrumb\",\"itemListElement\":[{\"@type\":\"ListItem\",\"position\":1,\"name\":\"Portada\",\"item\":\"https:\\\/\\\/centrourbano.com\\\/revista\\\/\"},{\"@type\":\"ListItem\",\"position\":2,\"name\":\"Registro de vivienda crece 183% y alcanza 489 mil unidades\"}]},{\"@type\":\"WebSite\",\"@id\":\"https:\\\/\\\/centrourbano.com\\\/revista\\\/#website\",\"url\":\"https:\\\/\\\/centrourbano.com\\\/revista\\\/\",\"name\":\"Centro Urbano\",\"description\":\"Medio especializado en los sectores vivienda, inmobiliario, construcci\u00f3n, arquitectura y urbanismo.\",\"publisher\":{\"@id\":\"https:\\\/\\\/centrourbano.com\\\/revista\\\/#organization\"},\"potentialAction\":[{\"@type\":\"SearchAction\",\"target\":{\"@type\":\"EntryPoint\",\"urlTemplate\":\"https:\\\/\\\/centrourbano.com\\\/revista\\\/?s={search_term_string}\"},\"query-input\":{\"@type\":\"PropertyValueSpecification\",\"valueRequired\":true,\"valueName\":\"search_term_string\"}}],\"inLanguage\":\"es\"},{\"@type\":\"Organization\",\"@id\":\"https:\\\/\\\/centrourbano.com\\\/revista\\\/#organization\",\"name\":\"Centro Urbano\",\"url\":\"https:\\\/\\\/centrourbano.com\\\/revista\\\/\",\"logo\":{\"@type\":\"ImageObject\",\"inLanguage\":\"es\",\"@id\":\"https:\\\/\\\/centrourbano.com\\\/revista\\\/#\\\/schema\\\/logo\\\/image\\\/\",\"url\":\"https:\\\/\\\/centrourbano.com\\\/revista\\\/wp-content\\\/uploads\\\/web_CU_logo-1.png\",\"contentUrl\":\"https:\\\/\\\/centrourbano.com\\\/revista\\\/wp-content\\\/uploads\\\/web_CU_logo-1.png\",\"width\":350,\"height\":91,\"caption\":\"Centro Urbano\"},\"image\":{\"@id\":\"https:\\\/\\\/centrourbano.com\\\/revista\\\/#\\\/schema\\\/logo\\\/image\\\/\"},\"sameAs\":[\"https:\\\/\\\/www.facebook.com\\\/portalcentrourbano\",\"https:\\\/\\\/x.com\\\/CentroUrbano\",\"https:\\\/\\\/www.instagram.com\\\/centro_urbano\\\/\",\"https:\\\/\\\/www.linkedin.com\\\/company\\\/centro-urbano\\\/\",\"http:\\\/\\\/www.youtube.com\\\/user\\\/portalcentrourbano\"]},{\"@type\":\"Person\",\"@id\":\"https:\\\/\\\/centrourbano.com\\\/revista\\\/#\\\/schema\\\/person\\\/705bd2561e969bad91819dabdc439ef2\",\"name\":\"Fernanda Hern\u00e1ndez\",\"image\":{\"@type\":\"ImageObject\",\"inLanguage\":\"es\",\"@id\":\"https:\\\/\\\/secure.gravatar.com\\\/avatar\\\/4f049ffca8d1d4b197103c0b78788571483d5e9b4bc16d1649ab763694a86151?s=96&d=mm&r=g\",\"url\":\"https:\\\/\\\/secure.gravatar.com\\\/avatar\\\/4f049ffca8d1d4b197103c0b78788571483d5e9b4bc16d1649ab763694a86151?s=96&d=mm&r=g\",\"contentUrl\":\"https:\\\/\\\/secure.gravatar.com\\\/avatar\\\/4f049ffca8d1d4b197103c0b78788571483d5e9b4bc16d1649ab763694a86151?s=96&d=mm&r=g\",\"caption\":\"Fernanda Hern\u00e1ndez\"},\"url\":\"https:\\\/\\\/centrourbano.com\\\/revista\\\/author\\\/informacion\\\/\"}]}<\/script>\n<!-- \/ Yoast SEO plugin. -->","yoast_head_json":{"title":"Registro de vivienda crece 183% y alcanza 489 mil unidades","description":"Durante junio se incorporaron al RUV proyectos para la construcci\u00f3n de 33,400 unidades de vivienda, cifra 166% superior a 2025","robots":{"index":"index","follow":"follow","max-snippet":"max-snippet:-1","max-image-preview":"max-image-preview:large","max-video-preview":"max-video-preview:-1"},"canonical":"https:\/\/centrourbano.com\/revista\/vivienda\/registro-vivienda-489-mil-unidades\/","og_locale":"es_ES","og_type":"article","og_title":"Registro de vivienda crece 183% y alcanza 489 mil unidades","og_description":"Durante junio se incorporaron al RUV proyectos para la construcci\u00f3n de 33,400 unidades de vivienda, cifra 166% superior a 2025","og_url":"https:\/\/centrourbano.com\/revista\/vivienda\/registro-vivienda-489-mil-unidades\/","og_site_name":"Centro Urbano","article_publisher":"https:\/\/www.facebook.com\/portalcentrourbano","article_published_time":"2026-09-04T20:26:16+00:00","og_image":[{"width":823,"height":723,"url":"https:\/\/centrourbano.com\/revista\/wp-content\/uploads\/Registro-de-vivienda-crece-183_-y-alcanza-489-mil-unidades-.jpg","type":"image\/jpeg"}],"author":"Fernanda Hern\u00e1ndez","twitter_card":"summary_large_image","twitter_creator":"@CentroUrbano","twitter_site":"@CentroUrbano","twitter_misc":{"Escrito por":"Fernanda Hern\u00e1ndez","Tiempo de lectura":"3 minutos"},"schema":{"@context":"https:\/\/schema.org","@graph":[{"@type":"Article","@id":"https:\/\/centrourbano.com\/revista\/vivienda\/registro-vivienda-489-mil-unidades\/#article","isPartOf":{"@id":"https:\/\/centrourbano.com\/revista\/vivienda\/registro-vivienda-489-mil-unidades\/"},"author":{"name":"Fernanda Hern\u00e1ndez","@id":"https:\/\/centrourbano.com\/revista\/#\/schema\/person\/705bd2561e969bad91819dabdc439ef2"},"headline":"Registro de vivienda crece 183% y alcanza 489 mil unidades","datePublished":"2026-09-04T20:26:16+00:00","mainEntityOfPage":{"@id":"https:\/\/centrourbano.com\/revista\/vivienda\/registro-vivienda-489-mil-unidades\/"},"wordCount":518,"publisher":{"@id":"https:\/\/centrourbano.com\/revista\/#organization"},"image":{"@id":"https:\/\/centrourbano.com\/revista\/vivienda\/registro-vivienda-489-mil-unidades\/#primaryimage"},"thumbnailUrl":"https:\/\/centrourbano.com\/revista\/wp-content\/uploads\/Registro-de-vivienda-crece-183_-y-alcanza-489-mil-unidades-.jpg","articleSection":["Vivienda"],"inLanguage":"es"},{"@type":"WebPage","@id":"https:\/\/centrourbano.com\/revista\/vivienda\/registro-vivienda-489-mil-unidades\/","url":"https:\/\/centrourbano.com\/revista\/vivienda\/registro-vivienda-489-mil-unidades\/","name":"Registro de vivienda crece 183% y alcanza 489 mil unidades","isPartOf":{"@id":"https:\/\/centrourbano.com\/revista\/#website"},"primaryImageOfPage":{"@id":"https:\/\/centrourbano.com\/revista\/vivienda\/registro-vivienda-489-mil-unidades\/#primaryimage"},"image":{"@id":"https:\/\/centrourbano.com\/revista\/vivienda\/registro-vivienda-489-mil-unidades\/#primaryimage"},"thumbnailUrl":"https:\/\/centrourbano.com\/revista\/wp-content\/uploads\/Registro-de-vivienda-crece-183_-y-alcanza-489-mil-unidades-.jpg","datePublished":"2026-09-04T20:26:16+00:00","description":"Durante junio se incorporaron al RUV proyectos para la construcci\u00f3n de 33,400 unidades de vivienda, cifra 166% superior a 2025","breadcrumb":{"@id":"https:\/\/centrourbano.com\/revista\/vivienda\/registro-vivienda-489-mil-unidades\/#breadcrumb"},"inLanguage":"es","potentialAction":[{"@type":"ReadAction","target":["https:\/\/centrourbano.com\/revista\/vivienda\/registro-vivienda-489-mil-unidades\/"]}]},{"@type":"ImageObject","inLanguage":"es","@id":"https:\/\/centrourbano.com\/revista\/vivienda\/registro-vivienda-489-mil-unidades\/#primaryimage","url":"https:\/\/centrourbano.com\/revista\/wp-content\/uploads\/Registro-de-vivienda-crece-183_-y-alcanza-489-mil-unidades-.jpg","contentUrl":"https:\/\/centrourbano.com\/revista\/wp-content\/uploads\/Registro-de-vivienda-crece-183_-y-alcanza-489-mil-unidades-.jpg","width":823,"height":723,"caption":"Durante junio se incorporaron al RUV proyectos para la construcci\u00f3n de 33,400 unidades de vivienda, cifra 166% superior a 2025"},{"@type":"BreadcrumbList","@id":"https:\/\/centrourbano.com\/revista\/vivienda\/registro-vivienda-489-mil-unidades\/#breadcrumb","itemListElement":[{"@type":"ListItem","position":1,"name":"Portada","item":"https:\/\/centrourbano.com\/revista\/"},{"@type":"ListItem","position":2,"name":"Registro de vivienda crece 183% y alcanza 489 mil unidades"}]},{"@type":"WebSite","@id":"https:\/\/centrourbano.com\/revista\/#website","url":"https:\/\/centrourbano.com\/revista\/","name":"Centro Urbano","description":"Medio especializado en los sectores vivienda, inmobiliario, construcci\u00f3n, arquitectura y urbanismo.","publisher":{"@id":"https:\/\/centrourbano.com\/revista\/#organization"},"potentialAction":[{"@type":"SearchAction","target":{"@type":"EntryPoint","urlTemplate":"https:\/\/centrourbano.com\/revista\/?s={search_term_string}"},"query-input":{"@type":"PropertyValueSpecification","valueRequired":true,"valueName":"search_term_string"}}],"inLanguage":"es"},{"@type":"Organization","@id":"https:\/\/centrourbano.com\/revista\/#organization","name":"Centro Urbano","url":"https:\/\/centrourbano.com\/revista\/","logo":{"@type":"ImageObject","inLanguage":"es","@id":"https:\/\/centrourbano.com\/revista\/#\/schema\/logo\/image\/","url":"https:\/\/centrourbano.com\/revista\/wp-content\/uploads\/web_CU_logo-1.png","contentUrl":"https:\/\/centrourbano.com\/revista\/wp-content\/uploads\/web_CU_logo-1.png","width":350,"height":91,"caption":"Centro Urbano"},"image":{"@id":"https:\/\/centrourbano.com\/revista\/#\/schema\/logo\/image\/"},"sameAs":["https:\/\/www.facebook.com\/portalcentrourbano","https:\/\/x.com\/CentroUrbano","https:\/\/www.instagram.com\/centro_urbano\/","https:\/\/www.linkedin.com\/company\/centro-urbano\/","http:\/\/www.youtube.com\/user\/portalcentrourbano"]},{"@type":"Person","@id":"https:\/\/centrourbano.com\/revista\/#\/schema\/person\/705bd2561e969bad91819dabdc439ef2","name":"Fernanda Hern\u00e1ndez","image":{"@type":"ImageObject","inLanguage":"es","@id":"https:\/\/secure.gravatar.com\/avatar\/4f049ffca8d1d4b197103c0b78788571483d5e9b4bc16d1649ab763694a86151?s=96&d=mm&r=g","url":"https:\/\/secure.gravatar.com\/avatar\/4f049ffca8d1d4b197103c0b78788571483d5e9b4bc16d1649ab763694a86151?s=96&d=mm&r=g","contentUrl":"https:\/\/secure.gravatar.com\/avatar\/4f049ffca8d1d4b197103c0b78788571483d5e9b4bc16d1649ab763694a86151?s=96&d=mm&r=g","caption":"Fernanda Hern\u00e1ndez"},"url":"https:\/\/centrourbano.com\/revista\/author\/informacion\/"}]}},"_links":{"self":[{"href":"https:\/\/centrourbano.com\/revista\/wp-json\/wp\/v2\/posts\/163894","targetHints":{"allow":["GET"]}}],"collection":[{"href":"https:\/\/centrourbano.com\/revista\/wp-json\/wp\/v2\/posts"}],"about":[{"href":"https:\/\/centrourbano.com\/revista\/wp-json\/wp\/v2\/types\/post"}],"author":[{"embeddable":true,"href":"https:\/\/centrourbano.com\/revista\/wp-json\/wp\/v2\/users\/97"}],"replies":[{"embeddable":true,"href":"https:\/\/centrourbano.com\/revista\/wp-json\/wp\/v2\/comments?post=163894"}],"version-history":[{"count":1,"href":"https:\/\/centrourbano.com\/revista\/wp-json\/wp\/v2\/posts\/163894\/revisions"}],"predecessor-version":[{"id":163908,"href":"https:\/\/centrourbano.com\/revista\/wp-json\/wp\/v2\/posts\/163894\/revisions\/163908"}],"wp:featuredmedia":[{"embeddable":true,"href":"https:\/\/centrourbano.com\/revista\/wp-json\/wp\/v2\/media\/163907"}],"wp:attachment":[{"href":"https:\/\/centrourbano.com\/revista\/wp-json\/wp\/v2\/media?parent=163894"}],"wp:term":[{"taxonomy":"category","embeddable":true,"href":"https:\/\/centrourbano.com\/revista\/wp-json\/wp\/v2\/categories?post=163894"},{"taxonomy":"post_tag","embeddable":true,"href":"https:\/\/centrourbano.com\/revista\/wp-json\/wp\/v2\/tags?post=163894"}],"curies":[{"name":"wp","href":"https:\/\/api.w.org\/{rel}","templated":true}]}}