{"id":163858,"date":"2026-08-31T12:00:04","date_gmt":"2026-08-31T18:00:04","guid":{"rendered":"https:\/\/centrourbano.com\/revista\/?p=163858"},"modified":"2026-09-04T12:02:57","modified_gmt":"2026-09-04T18:02:57","slug":"ruba-vivaria-desarrollo-vertical-monterrey","status":"publish","type":"post","link":"https:\/\/centrourbano.com\/revista\/vivienda\/ruba-vivaria-desarrollo-vertical-monterrey\/","title":{"rendered":"Ruba presenta Vivaria, nuevo desarrollo vertical en Monterrey"},"content":{"rendered":"<p><em><span class=\"TextRun SCXW103414901 BCX0\" lang=\"ES-MX\" xml:lang=\"ES-MX\" data-contrast=\"auto\"><span class=\"NormalTextRun SCXW103414901 BCX0\">El proyecto<\/span><span class=\"NormalTextRun SCXW103414901 BCX0\">\u00a0de Ruba e\u00a0<\/span><span class=\"NormalTextRun SpellingErrorV2Themed SCXW103414901 BCX0\">Imobilem<\/span><span class=\"NormalTextRun SCXW103414901 BCX0\">\u00a0<\/span><span class=\"NormalTextRun SCXW103414901 BCX0\">contempla seis torres residenciales, \u00e1reas verdes, un parque central y espacios comerciales\u00a0<\/span><\/span><span class=\"EOP Selected SCXW103414901 BCX0\" data-ccp-props=\"{}\">\u00a0<\/span><\/em><!--more--><\/p>\n<p><b><span data-contrast=\"auto\">Ruba\u00a0<\/span><\/b><span data-contrast=\"auto\">e\u00a0<\/span><b><span data-contrast=\"auto\">Imobilem\u00a0<\/span><\/b><span data-contrast=\"auto\">presentaron\u00a0<\/span><b><span data-contrast=\"auto\">Vivaria<\/span><\/b><span data-contrast=\"auto\">, un nuevo desarrollo vertical que se construir\u00e1 al sur de Monterrey, Nuevo Le\u00f3n, y que contempla seis torres residenciales integradas con \u00e1reas verdes, espacios comerciales y un parque central.<\/span><span data-ccp-props=\"{}\">\u00a0<\/span><\/p>\n<p><span data-contrast=\"auto\">El complejo representa el primer proyecto de\u00a0<\/span><b><span data-contrast=\"auto\">Eleva Desarrollos<\/span><\/b><span data-contrast=\"auto\">, sociedad estrat\u00e9gica creada por ambas compa\u00f1\u00edas con el objetivo de combinar la experiencia de\u00a0<\/span><b><span data-contrast=\"auto\">Imobilem\u00a0<\/span><\/b><span data-contrast=\"auto\">en proyectos residenciales en Nuevo Le\u00f3n con la presencia y trayectoria nacional de\u00a0<\/span><b><span data-contrast=\"auto\">Ruba<\/span><\/b><span data-contrast=\"auto\">.\u00a0<\/span><span data-ccp-props=\"{}\">\u00a0<\/span><\/p>\n<p><span data-contrast=\"auto\">Ubicado sobre Carretera Nacional, en la zona del Huajuco,\u00a0<\/span><b><span data-contrast=\"auto\">Vivaria\u00a0<\/span><\/b><span data-contrast=\"auto\">contar\u00e1 con m\u00e1s de 11,000 metros cuadrados (m\u00b2) de\u00a0<\/span><b><span data-contrast=\"auto\">\u00e1reas verdes<\/span><\/b><span data-contrast=\"auto\">, adem\u00e1s de un\u00a0<\/span><b><span data-contrast=\"auto\">centro comercial<\/span><\/b><span data-contrast=\"auto\">\u00a0con m\u00e1s de 2,000 m\u00b2 de espacios.<\/span><span data-ccp-props=\"{}\">\u00a0<\/span><\/p>\n<p><span data-contrast=\"auto\">El proyecto plantea un\u00a0<\/span><b><span data-contrast=\"auto\">parque central\u00a0<\/span><\/b><span data-contrast=\"auto\">como elemento articulador entre las \u00e1reas residenciales, comerciales y de convivencia, mediante senderos, jardines y espacios abiertos orientados a fomentar la vida comunitaria.\u00a0<\/span><span data-ccp-props=\"{}\">\u00a0<\/span><\/p>\n<h2><b><span data-contrast=\"auto\">Gensler participa en el plan maestro de\u00a0Vivaria<\/span><\/b><span data-ccp-props=\"{}\">\u00a0<\/span><\/h2>\n<p><span data-contrast=\"auto\">Para el desarrollo del proyecto participa un equipo multidisciplinario encabezado por\u00a0<\/span><b><span data-contrast=\"auto\">Gensler<\/span><\/b><span data-contrast=\"auto\">, firma responsable del concepto urbano y el plan maestro de\u00a0<\/span><b><span data-contrast=\"auto\">Vivaria<\/span><\/b><span data-contrast=\"auto\">.<\/span><span data-ccp-props=\"{}\">\u00a0<\/span><\/p>\n<p><span data-contrast=\"auto\">Por su parte,\u00a0<\/span><b><span data-contrast=\"auto\">Nomon Arquitectura<\/span><\/b><span data-contrast=\"auto\">\u00a0estar\u00e1 a cargo del desarrollo arquitect\u00f3nico del complejo.\u00a0<\/span><span data-ccp-props=\"{}\">\u00a0<\/span><\/p>\n<p><span data-contrast=\"auto\">De acuerdo con las desarrolladoras, la propuesta busca integrar en un mismo entorno\u00a0<\/span><b><span data-contrast=\"auto\">vivienda, naturaleza, comercio y espacios de convivencia<\/span><\/b><span data-contrast=\"auto\">, bajo un modelo que utiliza las \u00e1reas verdes como uno de los principales elementos de conexi\u00f3n entre los distintos componentes del proyecto.<\/span><span data-ccp-props=\"{}\">\u00a0<\/span><\/p>\n<p><span data-contrast=\"auto\">\u201c<\/span><b><span data-contrast=\"auto\">Vivaria\u00a0<\/span><\/b><span data-contrast=\"auto\">representa la visi\u00f3n compartida de\u00a0<\/span><b><span data-contrast=\"auto\">Imobilem\u00a0<\/span><\/b><span data-contrast=\"auto\">y\u00a0<\/span><b><span data-contrast=\"auto\">Ruba\u00a0<\/span><\/b><span data-contrast=\"auto\">de crear comunidades que respondan a las nuevas formas de vivir en la ciudad, integrando vivienda, espacios de convivencia, comercio y naturaleza en un mismo entorno\u201d, se\u00f1al\u00f3\u00a0<\/span><b><span data-contrast=\"auto\">Gustavo Backhoff, socio fundador y director general de\u00a0Imobilem<\/span><\/b><span data-contrast=\"auto\">.\u00a0<\/span><span data-ccp-props=\"{}\">\u00a0<\/span><\/p>\n<p><span data-contrast=\"auto\">Adem\u00e1s de su componente residencial, las compa\u00f1\u00edas prev\u00e9n que el desarrollo contribuya a la<\/span><b><span data-contrast=\"auto\">\u00a0generaci\u00f3n de empleos\u00a0<\/span><\/b><span data-contrast=\"auto\">y a la\u00a0<\/span><b><span data-contrast=\"auto\">actividad econ\u00f3mica<\/span><\/b><span data-contrast=\"auto\">\u00a0de la zona del Huajuco, ubicada en uno de los sectores de crecimiento del \u00e1rea metropolitana de Monterrey.\u00a0<\/span><span data-ccp-props=\"{}\">\u00a0<\/span><\/p>\n<h2><b><span data-contrast=\"auto\">Torre Encino tendr\u00e1 154 departamentos<\/span><\/b><span data-ccp-props=\"{}\">\u00a0<\/span><\/h2>\n<p><span data-contrast=\"auto\">La primera etapa de\u00a0<\/span><b><span data-contrast=\"auto\">Vivaria\u00a0<\/span><\/b><span data-contrast=\"auto\">comenzar\u00e1 con la construcci\u00f3n de\u00a0<\/span><b><span data-contrast=\"auto\">Torre Encino<\/span><\/b><span data-contrast=\"auto\">, edificio integrado por 154 departamentos distribuidos en ocho niveles residenciales.<\/span><span data-ccp-props=\"{}\">\u00a0<\/span><\/p>\n<p><span data-contrast=\"auto\">La oferta incluir\u00e1 departamentos de una, dos y tres rec\u00e1maras, adem\u00e1s de\u00a0<\/span><b><span data-contrast=\"auto\">amenidades recreativas\u00a0<\/span><\/b><span data-contrast=\"auto\">y diferentes\u00a0<\/span><b><span data-contrast=\"auto\">espacios destinados a la convivencia<\/span><\/b><span data-contrast=\"auto\">\u00a0de sus residentes.\u00a0<\/span><span data-ccp-props=\"{}\">\u00a0<\/span><\/p>\n<p><span data-contrast=\"auto\">La presentaci\u00f3n de\u00a0<\/span><b><span data-contrast=\"auto\">Vivaria\u00a0<\/span><\/b><span data-contrast=\"auto\">marca tambi\u00e9n el inicio de operaciones de\u00a0<\/span><b><span data-contrast=\"auto\">Eleva Desarrollos<\/span><\/b><span data-contrast=\"auto\">, alianza inmobiliaria con la que\u00a0<\/span><b><span data-contrast=\"auto\">Ruba e\u00a0Imobilem\u00a0<\/span><\/b><span data-contrast=\"auto\">buscan aprovechar capacidades complementarias para desarrollar nuevos proyectos.<\/span><span data-ccp-props=\"{}\">\u00a0<\/span><\/p>\n<p><b><span data-contrast=\"auto\">Imobilem\u00a0<\/span><\/b><span data-contrast=\"auto\">aportar\u00e1 su experiencia en el segmento residencial premium de Nuevo Le\u00f3n, mientras que\u00a0<\/span><b><span data-contrast=\"auto\">Ruba\u00a0<\/span><\/b><span data-contrast=\"auto\">suma m\u00e1s de 46 a\u00f1os de trayectoria y m\u00e1s de 270,000 viviendas entregadas en M\u00e9xico.\u00a0<\/span><span data-ccp-props=\"{}\">\u00a0<\/span><\/p>\n<p><span data-contrast=\"auto\">\u201cEn\u00a0<\/span><b><span data-contrast=\"auto\">Ruba\u00a0<\/span><\/b><span data-contrast=\"auto\">mantenemos nuestro compromiso de invertir en proyectos que promuevan un crecimiento urbano ordenado, contribuyan a elevar la calidad de vida de las personas y fortalezcan el desarrollo econ\u00f3mico de las regiones donde operamos\u201d, indic\u00f3\u00a0<\/span><b><span data-contrast=\"auto\">Jes\u00fas Sandoval, director general de Ruba<\/span><\/b><span data-contrast=\"auto\">.\u00a0<\/span><span data-ccp-props=\"{}\">\u00a0<\/span><\/p>\n<h2><b><span data-contrast=\"auto\">Ruba fortalece su presencia en el sector residencial<\/span><\/b><span data-ccp-props=\"{}\">\u00a0<\/span><\/h2>\n<p><span data-contrast=\"auto\">Actualmente,\u00a0<\/span><b><span data-contrast=\"auto\">Ruba\u00a0<\/span><\/b><span data-contrast=\"auto\">opera mediante 17 unidades de negocio distribuidas en\u00a0<\/span><b><span data-contrast=\"auto\">19 ciudades de 13 estados del pa\u00eds<\/span><\/b><span data-contrast=\"auto\">, donde mantiene una oferta habitacional dirigida a distintos segmentos del mercado.<\/span><span data-ccp-props=\"{}\">\u00a0<\/span><\/p>\n<p><span data-contrast=\"auto\">La desarrolladora registra una producci\u00f3n promedio de alrededor de\u00a0<\/span><b><span data-contrast=\"auto\">13,000 viviendas anuales<\/span><\/b><span data-contrast=\"auto\">, de acuerdo con informaci\u00f3n de la compa\u00f1\u00eda.\u00a0<\/span><span data-ccp-props=\"{}\">\u00a0<\/span><\/p>\n<p><span data-contrast=\"auto\">Con\u00a0<\/span><b><span data-contrast=\"auto\">Vivaria\u00a0<\/span><\/b><span data-contrast=\"auto\">y la creaci\u00f3n de\u00a0<\/span><b><span data-contrast=\"auto\">Eleva Desarrollos<\/span><\/b><span data-contrast=\"auto\">,\u00a0<\/span><b><span data-contrast=\"auto\">Ruba e\u00a0Imobilem<\/span><\/b><span data-contrast=\"auto\">\u00a0suman una nueva apuesta por el desarrollo vertical en Monterrey, mediante un proyecto que combinar\u00e1 vivienda, comercio y \u00e1reas verdes dentro de un mismo conjunto urbano.<\/span><span data-ccp-props=\"{}\">\u00a0<\/span><\/p>\n","protected":false},"excerpt":{"rendered":"<p>El proyecto\u00a0de Ruba e\u00a0Imobilem\u00a0contempla seis torres residenciales, \u00e1reas verdes, un parque central y espacios comerciales\u00a0\u00a0<\/p>\n","protected":false},"author":97,"featured_media":163859,"comment_status":"closed","ping_status":"closed","sticky":false,"template":"","format":"standard","meta":{"footnotes":""},"categories":[12],"tags":[],"class_list":["post-163858","post","type-post","status-publish","format-standard","has-post-thumbnail","hentry","category-vivienda"],"yoast_head":"<!-- This site is optimized with the Yoast SEO plugin v28.4 - https:\/\/yoast.com\/product\/yoast-seo-wordpress\/ -->\n<title>Ruba presenta Vivaria, nuevo desarrollo vertical en Monterrey<\/title>\n<meta name=\"description\" content=\"El proyecto de Ruba e Imobilem contempla seis torres residenciales, \u00e1reas verdes, un parque central y espacios comerciales\" \/>\n<meta name=\"robots\" content=\"index, follow, max-snippet:-1, max-image-preview:large, max-video-preview:-1\" \/>\n<link rel=\"canonical\" href=\"https:\/\/centrourbano.com\/revista\/vivienda\/ruba-vivaria-desarrollo-vertical-monterrey\/\" \/>\n<meta property=\"og:locale\" content=\"es_ES\" \/>\n<meta property=\"og:type\" content=\"article\" \/>\n<meta property=\"og:title\" content=\"Ruba presenta Vivaria, nuevo desarrollo vertical en Monterrey\" \/>\n<meta property=\"og:description\" content=\"El proyecto de Ruba e Imobilem contempla seis torres residenciales, \u00e1reas verdes, un parque central y espacios comerciales\" \/>\n<meta property=\"og:url\" content=\"https:\/\/centrourbano.com\/revista\/vivienda\/ruba-vivaria-desarrollo-vertical-monterrey\/\" \/>\n<meta property=\"og:site_name\" content=\"Centro Urbano\" \/>\n<meta property=\"article:publisher\" content=\"https:\/\/www.facebook.com\/portalcentrourbano\" \/>\n<meta property=\"article:published_time\" content=\"2026-08-31T18:00:04+00:00\" \/>\n<meta property=\"article:modified_time\" content=\"2026-09-04T18:02:57+00:00\" \/>\n<meta property=\"og:image\" content=\"https:\/\/centrourbano.com\/revista\/wp-content\/uploads\/Ruba-presenta-Vivaria-nuevo-desarrollo-vertical-en-Monterrey-.jpg\" \/>\n\t<meta property=\"og:image:width\" content=\"1000\" \/>\n\t<meta property=\"og:image:height\" content=\"970\" \/>\n\t<meta property=\"og:image:type\" content=\"image\/jpeg\" \/>\n<meta name=\"author\" content=\"Fernanda Hern\u00e1ndez\" \/>\n<meta name=\"twitter:card\" content=\"summary_large_image\" \/>\n<meta name=\"twitter:creator\" content=\"@CentroUrbano\" \/>\n<meta name=\"twitter:site\" content=\"@CentroUrbano\" \/>\n<meta name=\"twitter:label1\" content=\"Escrito por\" \/>\n\t<meta name=\"twitter:data1\" content=\"Fernanda Hern\u00e1ndez\" \/>\n\t<meta name=\"twitter:label2\" content=\"Tiempo de lectura\" \/>\n\t<meta name=\"twitter:data2\" content=\"3 minutos\" \/>\n<script type=\"application\/ld+json\" class=\"yoast-schema-graph\">{\"@context\":\"https:\\\/\\\/schema.org\",\"@graph\":[{\"@type\":\"Article\",\"@id\":\"https:\\\/\\\/centrourbano.com\\\/revista\\\/vivienda\\\/ruba-vivaria-desarrollo-vertical-monterrey\\\/#article\",\"isPartOf\":{\"@id\":\"https:\\\/\\\/centrourbano.com\\\/revista\\\/vivienda\\\/ruba-vivaria-desarrollo-vertical-monterrey\\\/\"},\"author\":{\"name\":\"Fernanda Hern\u00e1ndez\",\"@id\":\"https:\\\/\\\/centrourbano.com\\\/revista\\\/#\\\/schema\\\/person\\\/705bd2561e969bad91819dabdc439ef2\"},\"headline\":\"Ruba presenta Vivaria, nuevo desarrollo vertical en Monterrey\",\"datePublished\":\"2026-08-31T18:00:04+00:00\",\"dateModified\":\"2026-09-04T18:02:57+00:00\",\"mainEntityOfPage\":{\"@id\":\"https:\\\/\\\/centrourbano.com\\\/revista\\\/vivienda\\\/ruba-vivaria-desarrollo-vertical-monterrey\\\/\"},\"wordCount\":598,\"publisher\":{\"@id\":\"https:\\\/\\\/centrourbano.com\\\/revista\\\/#organization\"},\"image\":{\"@id\":\"https:\\\/\\\/centrourbano.com\\\/revista\\\/vivienda\\\/ruba-vivaria-desarrollo-vertical-monterrey\\\/#primaryimage\"},\"thumbnailUrl\":\"https:\\\/\\\/centrourbano.com\\\/revista\\\/wp-content\\\/uploads\\\/Ruba-presenta-Vivaria-nuevo-desarrollo-vertical-en-Monterrey-.jpg\",\"articleSection\":[\"Vivienda\"],\"inLanguage\":\"es\"},{\"@type\":\"WebPage\",\"@id\":\"https:\\\/\\\/centrourbano.com\\\/revista\\\/vivienda\\\/ruba-vivaria-desarrollo-vertical-monterrey\\\/\",\"url\":\"https:\\\/\\\/centrourbano.com\\\/revista\\\/vivienda\\\/ruba-vivaria-desarrollo-vertical-monterrey\\\/\",\"name\":\"Ruba presenta Vivaria, nuevo desarrollo vertical en Monterrey\",\"isPartOf\":{\"@id\":\"https:\\\/\\\/centrourbano.com\\\/revista\\\/#website\"},\"primaryImageOfPage\":{\"@id\":\"https:\\\/\\\/centrourbano.com\\\/revista\\\/vivienda\\\/ruba-vivaria-desarrollo-vertical-monterrey\\\/#primaryimage\"},\"image\":{\"@id\":\"https:\\\/\\\/centrourbano.com\\\/revista\\\/vivienda\\\/ruba-vivaria-desarrollo-vertical-monterrey\\\/#primaryimage\"},\"thumbnailUrl\":\"https:\\\/\\\/centrourbano.com\\\/revista\\\/wp-content\\\/uploads\\\/Ruba-presenta-Vivaria-nuevo-desarrollo-vertical-en-Monterrey-.jpg\",\"datePublished\":\"2026-08-31T18:00:04+00:00\",\"dateModified\":\"2026-09-04T18:02:57+00:00\",\"description\":\"El proyecto de Ruba e Imobilem contempla seis torres residenciales, \u00e1reas verdes, un parque central y espacios comerciales\",\"breadcrumb\":{\"@id\":\"https:\\\/\\\/centrourbano.com\\\/revista\\\/vivienda\\\/ruba-vivaria-desarrollo-vertical-monterrey\\\/#breadcrumb\"},\"inLanguage\":\"es\",\"potentialAction\":[{\"@type\":\"ReadAction\",\"target\":[\"https:\\\/\\\/centrourbano.com\\\/revista\\\/vivienda\\\/ruba-vivaria-desarrollo-vertical-monterrey\\\/\"]}]},{\"@type\":\"ImageObject\",\"inLanguage\":\"es\",\"@id\":\"https:\\\/\\\/centrourbano.com\\\/revista\\\/vivienda\\\/ruba-vivaria-desarrollo-vertical-monterrey\\\/#primaryimage\",\"url\":\"https:\\\/\\\/centrourbano.com\\\/revista\\\/wp-content\\\/uploads\\\/Ruba-presenta-Vivaria-nuevo-desarrollo-vertical-en-Monterrey-.jpg\",\"contentUrl\":\"https:\\\/\\\/centrourbano.com\\\/revista\\\/wp-content\\\/uploads\\\/Ruba-presenta-Vivaria-nuevo-desarrollo-vertical-en-Monterrey-.jpg\",\"width\":1000,\"height\":970,\"caption\":\"El proyecto de Ruba e Imobilem contempla seis torres residenciales, \u00e1reas verdes, un parque central y espacios comerciales\"},{\"@type\":\"BreadcrumbList\",\"@id\":\"https:\\\/\\\/centrourbano.com\\\/revista\\\/vivienda\\\/ruba-vivaria-desarrollo-vertical-monterrey\\\/#breadcrumb\",\"itemListElement\":[{\"@type\":\"ListItem\",\"position\":1,\"name\":\"Portada\",\"item\":\"https:\\\/\\\/centrourbano.com\\\/revista\\\/\"},{\"@type\":\"ListItem\",\"position\":2,\"name\":\"Ruba presenta Vivaria, nuevo desarrollo vertical en Monterrey\"}]},{\"@type\":\"WebSite\",\"@id\":\"https:\\\/\\\/centrourbano.com\\\/revista\\\/#website\",\"url\":\"https:\\\/\\\/centrourbano.com\\\/revista\\\/\",\"name\":\"Centro Urbano\",\"description\":\"Medio especializado en los sectores vivienda, inmobiliario, construcci\u00f3n, arquitectura y urbanismo.\",\"publisher\":{\"@id\":\"https:\\\/\\\/centrourbano.com\\\/revista\\\/#organization\"},\"potentialAction\":[{\"@type\":\"SearchAction\",\"target\":{\"@type\":\"EntryPoint\",\"urlTemplate\":\"https:\\\/\\\/centrourbano.com\\\/revista\\\/?s={search_term_string}\"},\"query-input\":{\"@type\":\"PropertyValueSpecification\",\"valueRequired\":true,\"valueName\":\"search_term_string\"}}],\"inLanguage\":\"es\"},{\"@type\":\"Organization\",\"@id\":\"https:\\\/\\\/centrourbano.com\\\/revista\\\/#organization\",\"name\":\"Centro Urbano\",\"url\":\"https:\\\/\\\/centrourbano.com\\\/revista\\\/\",\"logo\":{\"@type\":\"ImageObject\",\"inLanguage\":\"es\",\"@id\":\"https:\\\/\\\/centrourbano.com\\\/revista\\\/#\\\/schema\\\/logo\\\/image\\\/\",\"url\":\"https:\\\/\\\/centrourbano.com\\\/revista\\\/wp-content\\\/uploads\\\/web_CU_logo-1.png\",\"contentUrl\":\"https:\\\/\\\/centrourbano.com\\\/revista\\\/wp-content\\\/uploads\\\/web_CU_logo-1.png\",\"width\":350,\"height\":91,\"caption\":\"Centro Urbano\"},\"image\":{\"@id\":\"https:\\\/\\\/centrourbano.com\\\/revista\\\/#\\\/schema\\\/logo\\\/image\\\/\"},\"sameAs\":[\"https:\\\/\\\/www.facebook.com\\\/portalcentrourbano\",\"https:\\\/\\\/x.com\\\/CentroUrbano\",\"https:\\\/\\\/www.instagram.com\\\/centro_urbano\\\/\",\"https:\\\/\\\/www.linkedin.com\\\/company\\\/centro-urbano\\\/\",\"http:\\\/\\\/www.youtube.com\\\/user\\\/portalcentrourbano\"]},{\"@type\":\"Person\",\"@id\":\"https:\\\/\\\/centrourbano.com\\\/revista\\\/#\\\/schema\\\/person\\\/705bd2561e969bad91819dabdc439ef2\",\"name\":\"Fernanda Hern\u00e1ndez\",\"image\":{\"@type\":\"ImageObject\",\"inLanguage\":\"es\",\"@id\":\"https:\\\/\\\/secure.gravatar.com\\\/avatar\\\/4f049ffca8d1d4b197103c0b78788571483d5e9b4bc16d1649ab763694a86151?s=96&d=mm&r=g\",\"url\":\"https:\\\/\\\/secure.gravatar.com\\\/avatar\\\/4f049ffca8d1d4b197103c0b78788571483d5e9b4bc16d1649ab763694a86151?s=96&d=mm&r=g\",\"contentUrl\":\"https:\\\/\\\/secure.gravatar.com\\\/avatar\\\/4f049ffca8d1d4b197103c0b78788571483d5e9b4bc16d1649ab763694a86151?s=96&d=mm&r=g\",\"caption\":\"Fernanda Hern\u00e1ndez\"},\"url\":\"https:\\\/\\\/centrourbano.com\\\/revista\\\/author\\\/informacion\\\/\"}]}<\/script>\n<!-- \/ Yoast SEO plugin. -->","yoast_head_json":{"title":"Ruba presenta Vivaria, nuevo desarrollo vertical en Monterrey","description":"El proyecto de Ruba e Imobilem contempla seis torres residenciales, \u00e1reas verdes, un parque central y espacios comerciales","robots":{"index":"index","follow":"follow","max-snippet":"max-snippet:-1","max-image-preview":"max-image-preview:large","max-video-preview":"max-video-preview:-1"},"canonical":"https:\/\/centrourbano.com\/revista\/vivienda\/ruba-vivaria-desarrollo-vertical-monterrey\/","og_locale":"es_ES","og_type":"article","og_title":"Ruba presenta Vivaria, nuevo desarrollo vertical en Monterrey","og_description":"El proyecto de Ruba e Imobilem contempla seis torres residenciales, \u00e1reas verdes, un parque central y espacios comerciales","og_url":"https:\/\/centrourbano.com\/revista\/vivienda\/ruba-vivaria-desarrollo-vertical-monterrey\/","og_site_name":"Centro Urbano","article_publisher":"https:\/\/www.facebook.com\/portalcentrourbano","article_published_time":"2026-08-31T18:00:04+00:00","article_modified_time":"2026-09-04T18:02:57+00:00","og_image":[{"width":1000,"height":970,"url":"https:\/\/centrourbano.com\/revista\/wp-content\/uploads\/Ruba-presenta-Vivaria-nuevo-desarrollo-vertical-en-Monterrey-.jpg","type":"image\/jpeg"}],"author":"Fernanda Hern\u00e1ndez","twitter_card":"summary_large_image","twitter_creator":"@CentroUrbano","twitter_site":"@CentroUrbano","twitter_misc":{"Escrito por":"Fernanda Hern\u00e1ndez","Tiempo de lectura":"3 minutos"},"schema":{"@context":"https:\/\/schema.org","@graph":[{"@type":"Article","@id":"https:\/\/centrourbano.com\/revista\/vivienda\/ruba-vivaria-desarrollo-vertical-monterrey\/#article","isPartOf":{"@id":"https:\/\/centrourbano.com\/revista\/vivienda\/ruba-vivaria-desarrollo-vertical-monterrey\/"},"author":{"name":"Fernanda Hern\u00e1ndez","@id":"https:\/\/centrourbano.com\/revista\/#\/schema\/person\/705bd2561e969bad91819dabdc439ef2"},"headline":"Ruba presenta Vivaria, nuevo desarrollo vertical en Monterrey","datePublished":"2026-08-31T18:00:04+00:00","dateModified":"2026-09-04T18:02:57+00:00","mainEntityOfPage":{"@id":"https:\/\/centrourbano.com\/revista\/vivienda\/ruba-vivaria-desarrollo-vertical-monterrey\/"},"wordCount":598,"publisher":{"@id":"https:\/\/centrourbano.com\/revista\/#organization"},"image":{"@id":"https:\/\/centrourbano.com\/revista\/vivienda\/ruba-vivaria-desarrollo-vertical-monterrey\/#primaryimage"},"thumbnailUrl":"https:\/\/centrourbano.com\/revista\/wp-content\/uploads\/Ruba-presenta-Vivaria-nuevo-desarrollo-vertical-en-Monterrey-.jpg","articleSection":["Vivienda"],"inLanguage":"es"},{"@type":"WebPage","@id":"https:\/\/centrourbano.com\/revista\/vivienda\/ruba-vivaria-desarrollo-vertical-monterrey\/","url":"https:\/\/centrourbano.com\/revista\/vivienda\/ruba-vivaria-desarrollo-vertical-monterrey\/","name":"Ruba presenta Vivaria, nuevo desarrollo vertical en Monterrey","isPartOf":{"@id":"https:\/\/centrourbano.com\/revista\/#website"},"primaryImageOfPage":{"@id":"https:\/\/centrourbano.com\/revista\/vivienda\/ruba-vivaria-desarrollo-vertical-monterrey\/#primaryimage"},"image":{"@id":"https:\/\/centrourbano.com\/revista\/vivienda\/ruba-vivaria-desarrollo-vertical-monterrey\/#primaryimage"},"thumbnailUrl":"https:\/\/centrourbano.com\/revista\/wp-content\/uploads\/Ruba-presenta-Vivaria-nuevo-desarrollo-vertical-en-Monterrey-.jpg","datePublished":"2026-08-31T18:00:04+00:00","dateModified":"2026-09-04T18:02:57+00:00","description":"El proyecto de Ruba e Imobilem contempla seis torres residenciales, \u00e1reas verdes, un parque central y espacios comerciales","breadcrumb":{"@id":"https:\/\/centrourbano.com\/revista\/vivienda\/ruba-vivaria-desarrollo-vertical-monterrey\/#breadcrumb"},"inLanguage":"es","potentialAction":[{"@type":"ReadAction","target":["https:\/\/centrourbano.com\/revista\/vivienda\/ruba-vivaria-desarrollo-vertical-monterrey\/"]}]},{"@type":"ImageObject","inLanguage":"es","@id":"https:\/\/centrourbano.com\/revista\/vivienda\/ruba-vivaria-desarrollo-vertical-monterrey\/#primaryimage","url":"https:\/\/centrourbano.com\/revista\/wp-content\/uploads\/Ruba-presenta-Vivaria-nuevo-desarrollo-vertical-en-Monterrey-.jpg","contentUrl":"https:\/\/centrourbano.com\/revista\/wp-content\/uploads\/Ruba-presenta-Vivaria-nuevo-desarrollo-vertical-en-Monterrey-.jpg","width":1000,"height":970,"caption":"El proyecto de Ruba e Imobilem contempla seis torres residenciales, \u00e1reas verdes, un parque central y espacios comerciales"},{"@type":"BreadcrumbList","@id":"https:\/\/centrourbano.com\/revista\/vivienda\/ruba-vivaria-desarrollo-vertical-monterrey\/#breadcrumb","itemListElement":[{"@type":"ListItem","position":1,"name":"Portada","item":"https:\/\/centrourbano.com\/revista\/"},{"@type":"ListItem","position":2,"name":"Ruba presenta Vivaria, nuevo desarrollo vertical en Monterrey"}]},{"@type":"WebSite","@id":"https:\/\/centrourbano.com\/revista\/#website","url":"https:\/\/centrourbano.com\/revista\/","name":"Centro Urbano","description":"Medio especializado en los sectores vivienda, inmobiliario, construcci\u00f3n, arquitectura y urbanismo.","publisher":{"@id":"https:\/\/centrourbano.com\/revista\/#organization"},"potentialAction":[{"@type":"SearchAction","target":{"@type":"EntryPoint","urlTemplate":"https:\/\/centrourbano.com\/revista\/?s={search_term_string}"},"query-input":{"@type":"PropertyValueSpecification","valueRequired":true,"valueName":"search_term_string"}}],"inLanguage":"es"},{"@type":"Organization","@id":"https:\/\/centrourbano.com\/revista\/#organization","name":"Centro Urbano","url":"https:\/\/centrourbano.com\/revista\/","logo":{"@type":"ImageObject","inLanguage":"es","@id":"https:\/\/centrourbano.com\/revista\/#\/schema\/logo\/image\/","url":"https:\/\/centrourbano.com\/revista\/wp-content\/uploads\/web_CU_logo-1.png","contentUrl":"https:\/\/centrourbano.com\/revista\/wp-content\/uploads\/web_CU_logo-1.png","width":350,"height":91,"caption":"Centro Urbano"},"image":{"@id":"https:\/\/centrourbano.com\/revista\/#\/schema\/logo\/image\/"},"sameAs":["https:\/\/www.facebook.com\/portalcentrourbano","https:\/\/x.com\/CentroUrbano","https:\/\/www.instagram.com\/centro_urbano\/","https:\/\/www.linkedin.com\/company\/centro-urbano\/","http:\/\/www.youtube.com\/user\/portalcentrourbano"]},{"@type":"Person","@id":"https:\/\/centrourbano.com\/revista\/#\/schema\/person\/705bd2561e969bad91819dabdc439ef2","name":"Fernanda Hern\u00e1ndez","image":{"@type":"ImageObject","inLanguage":"es","@id":"https:\/\/secure.gravatar.com\/avatar\/4f049ffca8d1d4b197103c0b78788571483d5e9b4bc16d1649ab763694a86151?s=96&d=mm&r=g","url":"https:\/\/secure.gravatar.com\/avatar\/4f049ffca8d1d4b197103c0b78788571483d5e9b4bc16d1649ab763694a86151?s=96&d=mm&r=g","contentUrl":"https:\/\/secure.gravatar.com\/avatar\/4f049ffca8d1d4b197103c0b78788571483d5e9b4bc16d1649ab763694a86151?s=96&d=mm&r=g","caption":"Fernanda Hern\u00e1ndez"},"url":"https:\/\/centrourbano.com\/revista\/author\/informacion\/"}]}},"_links":{"self":[{"href":"https:\/\/centrourbano.com\/revista\/wp-json\/wp\/v2\/posts\/163858","targetHints":{"allow":["GET"]}}],"collection":[{"href":"https:\/\/centrourbano.com\/revista\/wp-json\/wp\/v2\/posts"}],"about":[{"href":"https:\/\/centrourbano.com\/revista\/wp-json\/wp\/v2\/types\/post"}],"author":[{"embeddable":true,"href":"https:\/\/centrourbano.com\/revista\/wp-json\/wp\/v2\/users\/97"}],"replies":[{"embeddable":true,"href":"https:\/\/centrourbano.com\/revista\/wp-json\/wp\/v2\/comments?post=163858"}],"version-history":[{"count":1,"href":"https:\/\/centrourbano.com\/revista\/wp-json\/wp\/v2\/posts\/163858\/revisions"}],"predecessor-version":[{"id":163860,"href":"https:\/\/centrourbano.com\/revista\/wp-json\/wp\/v2\/posts\/163858\/revisions\/163860"}],"wp:featuredmedia":[{"embeddable":true,"href":"https:\/\/centrourbano.com\/revista\/wp-json\/wp\/v2\/media\/163859"}],"wp:attachment":[{"href":"https:\/\/centrourbano.com\/revista\/wp-json\/wp\/v2\/media?parent=163858"}],"wp:term":[{"taxonomy":"category","embeddable":true,"href":"https:\/\/centrourbano.com\/revista\/wp-json\/wp\/v2\/categories?post=163858"},{"taxonomy":"post_tag","embeddable":true,"href":"https:\/\/centrourbano.com\/revista\/wp-json\/wp\/v2\/tags?post=163858"}],"curies":[{"name":"wp","href":"https:\/\/api.w.org\/{rel}","templated":true}]}}