{"id":163775,"date":"2026-08-24T14:23:04","date_gmt":"2026-08-24T20:23:04","guid":{"rendered":"https:\/\/centrourbano.com\/revista\/?p=163775"},"modified":"2026-09-03T14:33:29","modified_gmt":"2026-09-03T20:33:29","slug":"que-sigue-politica-vivienda","status":"publish","type":"post","link":"https:\/\/centrourbano.com\/revista\/opinion\/que-sigue-politica-vivienda\/","title":{"rendered":"\u00bfQu\u00e9 sigue para la Pol\u00edtica de Vivienda?"},"content":{"rendered":"<p><em><span class=\"TextRun SCXW124686863 BCX0\" lang=\"EN-US\" xml:lang=\"EN-US\" data-contrast=\"auto\"><span class=\"NormalTextRun SCXW124686863 BCX0\">Llega\u00a0<\/span><span class=\"NormalTextRun SpellingErrorV2Themed SCXW124686863 BCX0\">pues<\/span><span class=\"NormalTextRun SCXW124686863 BCX0\">\u00a0el\u00a0<\/span><span class=\"NormalTextRun SpellingErrorV2Themed SCXW124686863 BCX0\">momento<\/span><span class=\"NormalTextRun SCXW124686863 BCX0\">\u00a0de\u00a0<\/span><span class=\"NormalTextRun SpellingErrorV2Themed SCXW124686863 BCX0\">preguntar<\/span><span class=\"NormalTextRun SCXW124686863 BCX0\">: \u00bf<\/span><span class=\"NormalTextRun SpellingErrorV2Themed SCXW124686863 BCX0\">Que<\/span><span class=\"NormalTextRun SCXW124686863 BCX0\">\u00a0<\/span><span class=\"NormalTextRun SpellingErrorV2Themed SCXW124686863 BCX0\">sigue<\/span><span class=\"NormalTextRun SCXW124686863 BCX0\">\u00a0para la Pol\u00edtica de Vivienda?\u00a0<\/span><span class=\"NormalTextRun SpellingErrorV2Themed SCXW124686863 BCX0\">Aprovechando<\/span><span class=\"NormalTextRun SCXW124686863 BCX0\">\u00a0<\/span><span class=\"NormalTextRun SpellingErrorV2Themed SCXW124686863 BCX0\">evidencias<\/span><span class=\"NormalTextRun SCXW124686863 BCX0\">\u00a0y\u00a0<\/span><span class=\"NormalTextRun SpellingErrorV2Themed SCXW124686863 BCX0\">retos<\/span><span class=\"NormalTextRun SCXW124686863 BCX0\">,\u00a0<\/span><span class=\"NormalTextRun SpellingErrorV2Themed SCXW124686863 BCX0\">como<\/span><span class=\"NormalTextRun SCXW124686863 BCX0\">\u00a0la\u00a0<\/span><span class=\"NormalTextRun SpellingErrorV2Themed SCXW124686863 BCX0\">oportunidad<\/span><span class=\"NormalTextRun SCXW124686863 BCX0\">\u00a0de\u00a0<\/span><span class=\"NormalTextRun SpellingErrorV2Themed SCXW124686863 BCX0\">consolidar<\/span><span class=\"NormalTextRun SCXW124686863 BCX0\">\u00a0<\/span><span class=\"NormalTextRun SpellingErrorV2Themed SCXW124686863 BCX0\">modelos<\/span><span class=\"NormalTextRun SCXW124686863 BCX0\">\u00a0<\/span><span class=\"NormalTextRun SpellingErrorV2Themed SCXW124686863 BCX0\">que<\/span><span class=\"NormalTextRun SCXW124686863 BCX0\">\u00a0den\u00a0<\/span><span class=\"NormalTextRun SpellingErrorV2Themed SCXW124686863 BCX0\">verdaderas<\/span><span class=\"NormalTextRun SCXW124686863 BCX0\">\u00a0<\/span><span class=\"NormalTextRun SpellingErrorV2Themed SCXW124686863 BCX0\">respuestas<\/span><span class=\"NormalTextRun SCXW124686863 BCX0\">\u00a0a las\u00a0<\/span><span class=\"NormalTextRun SpellingErrorV2Themed SCXW124686863 BCX0\">necesidades<\/span><span class=\"NormalTextRun SCXW124686863 BCX0\">\u00a0<\/span><span class=\"NormalTextRun SpellingErrorV2Themed SCXW124686863 BCX0\">presentes<\/span><span class=\"NormalTextRun SCXW124686863 BCX0\">\u00a0y\u00a0<\/span><span class=\"NormalTextRun SpellingErrorV2Themed SCXW124686863 BCX0\">futuras<\/span><span class=\"NormalTextRun SCXW124686863 BCX0\">\u00a0de\u00a0<\/span><span class=\"NormalTextRun SpellingErrorV2Themed SCXW124686863 BCX0\">los<\/span><span class=\"NormalTextRun SCXW124686863 BCX0\">\u00a0<\/span><span class=\"NormalTextRun SpellingErrorV2Themed SCXW124686863 BCX0\">mexicanos<\/span><\/span><span class=\"EOP Selected SCXW124686863 BCX0\" data-ccp-props=\"{}\">\u00a0<\/span><\/em><!--more--><\/p>\n<p><em><span class=\"TextRun SCXW214516031 BCX0\" lang=\"EN-US\" xml:lang=\"EN-US\" data-contrast=\"auto\"><span class=\"NormalTextRun SCXW214516031 BCX0\">Por Horacio Urbano<\/span><\/span><span class=\"EOP Selected SCXW214516031 BCX0\" data-ccp-props=\"{&quot;134233117&quot;:false,&quot;134233118&quot;:false,&quot;201341983&quot;:0,&quot;335551550&quot;:1,&quot;335551620&quot;:1,&quot;335559685&quot;:0,&quot;335559737&quot;:0,&quot;335559738&quot;:0,&quot;335559739&quot;:200,&quot;335559740&quot;:276}\">\u00a0<\/span><\/em><!--more--><\/p>\n<p><span data-contrast=\"auto\">Como todo proceso, una Pol\u00edtica de Vivienda debe estar sujeta a evaluaci\u00f3n, ajuste de desviaciones y actualizaci\u00f3n.<\/span><span data-ccp-props=\"{}\">\u00a0<\/span><\/p>\n<p><span data-contrast=\"auto\">As\u00ed de simple, y entre m\u00e1s ambiciosa sea, m\u00e1s obligada est\u00e1 a cumplir con esos tres criterios para garantizar que sea una verdadera respuesta a los diversos y complejos retos que van impl\u00edcitos en la atenci\u00f3n del rezago habitacional.<\/span><span data-ccp-props=\"{}\">\u00a0<\/span><\/p>\n<p><span data-contrast=\"auto\">Y es que toda Pol\u00edtica de Vivienda empieza por establecer las grandes directrices que habr\u00e1n de definir metas y rumbo.<\/span><span data-ccp-props=\"{}\">\u00a0<\/span><\/p>\n<p><span data-contrast=\"auto\">-Reactivar la producci\u00f3n de vivienda social, dar facultades a los organismos p\u00fablicos para que puedan volver a construir, privilegiar la atenci\u00f3n a los grupos de menores ingresos, detonar un poderoso programa de vivienda en renta-.<\/span><span data-ccp-props=\"{}\">\u00a0<\/span><\/p>\n<p><span data-contrast=\"auto\">La verdad que es una lista muy corta de conceptos, pero que implica una profunda transformaci\u00f3n institucional , que va del dise\u00f1o e implementaci\u00f3n de los programas, a los ajustes operativos en los organismos, establecer criterios de habilitaci\u00f3n de suelo, dise\u00f1o y construcci\u00f3n de las viviendas y los conjuntos habitacionales, y modelos de atenci\u00f3n a la demanda.<\/span><span data-ccp-props=\"{}\">\u00a0<\/span><\/p>\n<p><span data-contrast=\"auto\">Viene despu\u00e9s el parto\u2026 Y es un parto complejo, m\u00e1s aun cuando ante metas tan ambiciosas, son muchos los frentes operativos y de obra que deben arrancar en simultaneo.<\/span><span data-ccp-props=\"{}\">\u00a0<\/span><\/p>\n<p><span data-contrast=\"auto\">Nada f\u00e1cil.<\/span><span data-ccp-props=\"{}\">\u00a0<\/span><\/p>\n<p><span data-contrast=\"auto\">Llegan\u00a0despu\u00e9s\u00a0las\u00a0primeras\u00a0etapas\u00a0del\u00a0proceso,\u00a0etapas\u00a0que\u00a0hay\u00a0que\u00a0considerar\u00a0programas\u00a0piloto,\u00a0que\u00a0en\u00a0muchas\u00a0y\u00a0muy\u00a0diversas\u00a0vertientes\u00a0van\u00a0permitiendo\u00a0modelar\u00a0un\u00a0sistema\u00a0funcional\u00a0y\u00a0sostenible.<\/span><span data-ccp-props=\"{}\">\u00a0<\/span><\/p>\n<p><span data-contrast=\"auto\">Y de pronto\u00a0llegan\u00a0las\u00a0primeras\u00a0cosechas\u00a0de casas y conjuntos, y con\u00a0ellas, el\u00a0momento\u00a0de\u00a0profundizar\u00a0en\u00a0los\u00a0necesarios\u00a0ajustes\u00a0al\u00a0sistema,\u00a0ajustes\u00a0que\u00a0vienen\u00a0a\u00a0complementar\u00a0los\u00a0que\u00a0desde\u00a0el principio, y a lo largo del\u00a0proceso, se\u00a0han\u00a0ido\u00a0haciendo\u00a0para\u00a0ir\u00a0resolviendo\u00a0las\u00a0inevitables\u00a0disfuncionalidades\u00a0con\u00a0que\u00a0inevitablemente\u00a0inician\u00a0\u00a0toda\u00a0pol\u00edtica\u00a0y\u00a0todo\u00a0sistema.<\/span><span data-ccp-props=\"{}\">\u00a0<\/span><\/p>\n<p><span data-contrast=\"auto\">Llega pues el momento de preguntar: \u00bfQu\u00e9 sigue para la Pol\u00edtica de Vivienda? Aprovechando evidencias y retos, como la oportunidad de consolidar modelos que den verdaderas respuestas a las necesidades presentes y futuras de los mexicanos.<\/span><span data-ccp-props=\"{}\">\u00a0<\/span><\/p>\n<p><span data-contrast=\"auto\">Ya hay casas y conjuntos.\u00a0Magn\u00edfica\u00a0noticia,\u00a0porque\u00a0adem\u00e1s\u00a0de\u00a0que\u00a0van\u00a0a\u00a0beneficiar\u00a0a\u00a0montones\u00a0de personas,\u00a0permiten\u00a0perfeccionar\u00a0sistemas\u00a0para\u00a0ir\u00a0incorporando\u00a0las\u00a0evidencias\u00a0que\u00a0entrega\u00a0la\u00a0medici\u00f3n\u00a0de la\u00a0operaci\u00f3n\u00a0y\u00a0los\u00a0nuevos\u00a0retos\u00a0que\u00a0un\u00a0an\u00e1lisis\u00a0prospectivo\u00a0entrega, y\u00a0que\u00a0permiten\u00a0analizar\u00a0la\u00a0viabilidad\u00a0futura\u00a0del\u00a0modelo.<\/span><span data-ccp-props=\"{}\">\u00a0<\/span><\/p>\n<p><span data-contrast=\"auto\">\u00bfQu\u00e9 tal funcionan los esquemas de precios, tipolog\u00edas y criterios de conjunto considerando las diferencias que marca cada regi\u00f3n?<\/span><span data-ccp-props=\"{}\">\u00a0<\/span><\/p>\n<p><span data-contrast=\"auto\">Y\u00a0ya\u00a0con\u00a0viviendas\u00a0y conjuntos\u00a0entregados, \u00bfc\u00f3mo\u00a0funcionan\u00a0los\u00a0dise\u00f1os\u00a0urbanos\u00a0y de conjunto, las\u00a0infraestructuras\u00a0planteadas, y\u00a0temas\u00a0como\u00a0los\u00a0drenajes, el\u00a0abasto\u00a0de\u00a0aguas\u00a0los\u00a0sistemas\u00a0constructivos\u00a0y el\u00a0abasto\u00a0de gas?<\/span><span data-ccp-props=\"{}\">\u00a0<\/span><\/p>\n<p><span data-contrast=\"auto\">Porque\u00a0no hay\u00a0que\u00a0olvidar\u00a0las\u00a0escalas\u00a0y\u00a0responsabilidades\u00a0de\u00a0todo\u00a0tipo\u00a0impl\u00edcitas\u00a0en\u00a0los\u00a0resultados\u00a0de\u00a0una\u00a0Pol\u00edtica de Vivienda\u2026<\/span><span data-ccp-props=\"{}\">\u00a0<\/span><\/p>\n<p><span data-contrast=\"auto\">\u00bfQue\u00a0equipamientos\u00a0e\u00a0infraestructuras\u00a0deben\u00a0tener\u00a0los\u00a0conjuntos,\u00a0como\u00a0se\u00a0garantiza\u00a0el\u00a0orden\u00a0vecinal\u00a0y el\u00a0mantenimiento,\u00a0como\u00a0van a\u00a0suministrar\u00a0gas a\u00a0los\u00a0nuevos\u00a0desarrollos?<\/span><span data-ccp-props=\"{}\">\u00a0<\/span><\/p>\n<p><span data-contrast=\"auto\">Porque\u00a0no es\u00a0sensato\u00a0pensar\u00a0que\u00a0no\u00a0haya\u00a0avances\u00a0para\u00a0evitar\u00a0que\u00a0cientos\u00a0de miles de\u00a0viviendas,\u00a0muchas\u00a0de\u00a0ellas\u00a0en\u00a0edificios,\u00a0reciban\u00a0el gas\u00a0por\u00a0medio de\u00a0los\u00a0m\u00e1s\u00a0que\u00a0obsoletos\u00a0e\u00a0inseguros\u00a0tanques\u00a0individuales,\u00a0en\u00a0lugar\u00a0de\u00a0hacerlo\u00a0a\u00a0trav\u00e9s\u00a0de\u00a0sistemas\u00a0basados\u00a0en\u00a0tanques\u00a0estacionarios\u00a0o gas natural.<\/span><span data-ccp-props=\"{}\">\u00a0<\/span><\/p>\n<p><span data-contrast=\"auto\">Toca\u00a0tomar\u00a0las\u00a0cosechas\u00a0como\u00a0elementos\u00a0de\u00a0an\u00e1lisis\u00a0que\u00a0permitan\u00a0perfeccionar\u00a0cada\u00a0engrane\u00a0de la\u00a0m\u00e1quina.<\/span><span data-ccp-props=\"{}\">\u00a0<\/span><\/p>\n<p><span data-contrast=\"auto\">Tiempo de\u00a0medir,\u00a0corregir\u00a0y\u00a0actualizar\u00a0la Pol\u00edtica de Vivienda.<\/span><span data-ccp-props=\"{}\">\u00a0<\/span><\/p>\n<p><span data-contrast=\"auto\">Tiempo de\u00a0entender\u00a0alcances\u00a0y\u00a0responsabilidades\u00a0de\u00a0cara\u00a0al\u00a0futuro.<\/span><span data-ccp-props=\"{}\">\u00a0<\/span><\/p>\n<h2><b><span data-contrast=\"auto\">Mano de\u00a0obra\u00a0para Vivienda para el\u00a0Bienestar<\/span><\/b><span data-ccp-props=\"{}\">\u00a0<\/span><\/h2>\n<p><span data-contrast=\"auto\">Pues no es\u00a0noticia, la\u00a0falta\u00a0de mano de\u00a0obra, y,\u00a0en\u00a0especial, de mano de\u00a0obra\u00a0calificada, se ha\u00a0convertido\u00a0en\u00a0un\u00a0cuello\u00a0de\u00a0botella\u00a0muy\u00a0importante\u00a0para\u00a0cumplir\u00a0con\u00a0los\u00a0plazos\u00a0de un\u00a0programa\u00a0de Vivienda para el\u00a0Bienestar\u00a0que\u00a0plantea\u00a0metas\u00a0muy\u00a0ambiciosas\u00a0y con\u00a0ello\u00a0la\u00a0necesidad\u00a0de\u00a0abrir\u00a0un\u00a0n\u00famero\u00a0muy\u00a0importante\u00a0de\u00a0frentes\u00a0de\u00a0obra, con las\u00a0consecuentes\u00a0necesidades\u00a0de la mano de\u00a0obra\u00a0indispensable para\u00a0cumplir\u00a0con\u00a0los\u00a0tiempos\u00a0que\u00a0establece\u00a0el\u00a0programa.<\/span><span data-ccp-props=\"{}\">\u00a0<\/span><\/p>\n<p><span data-contrast=\"auto\">Como\u00a0parte\u00a0de las\u00a0estrategias\u00a0encaminadas\u00a0a\u00a0garantizar\u00a0la\u00a0disponibilidad\u00a0de\u00a0esa\u00a0mano de\u00a0obra, el\u00a0Infonavit,\u00a0que\u00a0dirige\u00a0<\/span><b><span data-contrast=\"auto\">Octavio Romero<\/span><\/b><span data-contrast=\"auto\">, ha\u00a0lanzado\u00a0programas\u00a0de\u00a0reclutamiento\u00a0y\u00a0capacitaci\u00f3n\u00a0de mano de\u00a0obra\u00a0calificada\u00a0para\u00a0algunas\u00a0de\u00a0los\u00a0sistemas\u00a0constructivos\u00a0m\u00e1s\u00a0recurrentes\u00a0en\u00a0los\u00a0proyectos\u00a0que\u00a0ya\u00a0hay\u00a0en\u00a0marcha\u00a0del\u00a0programa.<\/span><span data-ccp-props=\"{}\">\u00a0<\/span><\/p>\n<p><span data-contrast=\"auto\">Un\u00a0ejemplo\u00a0de\u00a0esto\u00a0es el\u00a0ciclo\u00a0de\u00a0talleres\u00a0de\u00a0capacitaci\u00f3n,\u00a0que\u00a0en\u00a0alianza\u00a0con\u00a0Novaceramic, de\u00a0<\/span><b><span data-contrast=\"auto\">Alfredo Mart\u00ednez<\/span><\/b><span data-contrast=\"auto\">, la\u00a0ladrillera\u00a0m\u00e1s\u00a0importante\u00a0de\u00a0pa\u00eds, y\u00a0los\u00a0desarrolladores\u00a0que\u00a0est\u00e1n\u00a0construyendo\u00a0los\u00a0proyectos\u00a0del\u00a0programa, el\u00a0Infonavit\u00a0ya\u00a0est\u00e1\u00a0llevando\u00a0a\u00a0cabo\u00a0en\u00a0proyectos\u00a0que\u00a0se\u00a0est\u00e1n\u00a0desarrollan\u00a0en\u00a0diferentes\u00a0regiones del\u00a0pa\u00eds.<\/span><span data-ccp-props=\"{}\">\u00a0<\/span><\/p>\n<p><span data-contrast=\"auto\">No es\u00a0tema\u00a0menor\u2026 Es un\u00a0esfuerzo\u00a0muy\u00a0serio\u00a0encaminado\u00a0a\u00a0garantizar\u00a0la\u00a0disponibilidad\u00a0de la mano de\u00a0obra\u00a0que\u00a0requiere\u00a0el\u00a0programa\u00a0con\u00a0que\u00a0la\u00a0presidenta,\u00a0<\/span><b><span data-contrast=\"auto\">Claudia\u00a0Shieinbaum<\/span><\/b><span data-contrast=\"auto\">,\u00a0busca\u00a0reactivar\u00a0la\u00a0producci\u00f3n\u00a0de\u00a0aquella\u00a0vivienda\u00a0destinada\u00a0a la\u00a0atenci\u00f3n\u00a0de\u00a0los\u00a0trabajadores\u00a0de\u00a0menores\u00a0ingresos.<\/span><span data-ccp-props=\"{}\">\u00a0<\/span><\/p>\n<p><span data-contrast=\"auto\">Habr\u00e1\u00a0que\u00a0seguir\u00a0con\u00a0toda\u00a0atenci\u00f3n\u00a0el\u00a0avance\u00a0de\u00a0esta\u00a0estrategia\u00a0que, sin\u00a0duda,\u00a0resulta\u00a0clave para\u00a0crear\u00a0condiciones\u00a0que\u00a0hagan\u00a0viable el\u00a0cumplimiento\u00a0de un\u00a0programa\u00a0que\u00a0tiene\u00a0como\u00a0meta\u00a0sexenal\u00a0construir\u00a01\u00a0mill\u00f3n\u00a0800,000\u00a0viviendas, de las\u00a0cuales, 1\u00a0mill\u00f3n\u00a0200,000\u00a0ser\u00e1n\u00a0construidas\u00a0por\u00a0el\u00a0Infonavit, 500,000\u00a0por\u00a0la Comisi\u00f3n Nacional de Vivienda (Conavi), de\u00a0<\/span><b><span data-contrast=\"auto\">Rodrigo Ch\u00e1vez<\/span><\/b><span data-contrast=\"auto\">, y 100,000\u00a0por\u00a0el\u00a0Fovissste, de\u00a0<\/span><b><span data-contrast=\"auto\">Jabnely Maldonado<\/span><\/b><span data-contrast=\"auto\">.<\/span><span data-ccp-props=\"{}\">\u00a0<\/span><\/p>\n<h2><span data-ccp-props=\"{}\">\u00a0<\/span><b><span data-contrast=\"auto\">Ya\u00a0viene\u00a0el\u00a0Simposio\u00a0de\u00a0Financiamiento\u00a0a la Vivienda<\/span><\/b><span data-ccp-props=\"{}\">\u00a0<\/span><\/h2>\n<p><span data-contrast=\"auto\">Los\u00a0pr\u00f3ximos\u00a024 y 25 de\u00a0septiembre\u00a0se\u00a0llevar\u00e1\u00a0a\u00a0cabo\u00a0el\u00a0Simposio\u00a0de\u00a0Financiamiento\u00a0a la Vivienda 2026.<\/span><span data-ccp-props=\"{}\">\u00a0<\/span><\/p>\n<p><span data-contrast=\"auto\">Ser\u00e1\u00a0la XII\u00a0edici\u00f3n\u00a0del\u00a0evento\u00a0organizado\u00a0por\u00a0la\u00a0poderosa\u00a0Asociaci\u00f3n\u00a0de Bancos de M\u00e9xico (ABM),\u00a0que\u00a0preside\u00a0<\/span><b><span data-contrast=\"auto\">Emilio Romano Mussali,<\/span><\/b><span data-contrast=\"auto\">\u00a0y\u00a0que\u00a0con el paso del\u00a0tiempo\u00a0se ha\u00a0convertido\u00a0en\u00a0un\u00a0referente\u00a0fundamental para\u00a0entender\u00a0qu\u00e9\u00a0est\u00e1\u00a0pasando\u00a0y\u00a0habr\u00e1\u00a0de pasar\u00a0en\u00a0los\u00a0mercados de\u00a0financiamiento\u00a0a la\u00a0vivienda,\u00a0analizando\u00a0por\u00a0igual\u00a0los\u00a0temas\u00a0relacionados\u00a0con la\u00a0producci\u00f3n,\u00a0que\u00a0con\u00a0los\u00a0dirigidos\u00a0a\u00a0atender\u00a0las\u00a0necesidades\u00a0del\u00a0consumidor\u00a0final.<\/span><span data-ccp-props=\"{}\">\u00a0<\/span><\/p>\n<p><span data-contrast=\"auto\">Ser\u00e1\u00a0un punto de\u00a0encuentro\u00a0que\u00a0nuevamente\u00a0reunir\u00e1\u00a0a\u00a0especialistas\u00a0de las\u00a0diferentes\u00a0\u00e1reas\u00a0que\u00a0integran\u00a0las\u00a0cadenas\u00a0de valor de\u00a0los\u00a0sectores\u00a0inmobiliario\u00a0y\u00a0vivienda, con el\u00a0objetivo\u00a0de\u00a0actualizar\u00a0lecturas\u00a0y\u00a0analizar\u00a0escenarios\u00a0posibles\u00a0para el sector.<\/span><span data-ccp-props=\"{}\">\u00a0<\/span><\/p>\n<p><span data-contrast=\"auto\">Hay\u00a0que\u00a0estar\u00a0muy\u00a0atentos\u00a0para no\u00a0perderse\u00a0el\u00a0que\u00a0sin\u00a0duda\u00a0ser\u00e1\u00a0un gran\u00a0evento, con un\u00a0programa\u00a0de\u00a0muy\u00a0alto\u00a0nivel,\u00a0coordinado\u00a0por\u00a0un\u00a0equipo\u00a0encabezado\u00a0por\u00a0<\/span><b><span data-contrast=\"auto\">Gonzalo Palafox Rebollar<\/span><\/b><span data-contrast=\"auto\">,\u00a0coordinador\u00a0del\u00a0Comit\u00e9\u00a0Hipotecario\u00a0de la ABM.<\/span><span data-ccp-props=\"{}\">\u00a0<\/span><\/p>\n<p><span data-contrast=\"auto\">Para\u00a0mayores\u00a0informes\u00a0se\u00a0pueden\u00a0comunicar\u00a0con Daniel Vigueras, al\u00a0tel\u00e9fono\u00a05557224356, o\u00a0v\u00eda\u00a0correo\u00a0electr\u00f3nico: dvigueras@abm.org.mx.<\/span><span data-ccp-props=\"{}\">\u00a0<\/span><\/p>\n<h2><b><span data-contrast=\"auto\">Reactivan\u00a0Premio Nacional de Vivienda<\/span><\/b><span data-ccp-props=\"{}\">\u00a0<\/span><\/h2>\n<p><span data-contrast=\"auto\">Recuperando\u00a0el\u00a0tiempo\u00a0perdido\u00a0como\u00a0consecuencia\u00a0del\u00a0cambio\u00a0de\u00a0administraci\u00f3n, la\u00a0Sedatu,\u00a0que\u00a0tiene\u00a0como\u00a0titular\u00a0a\u00a0<\/span><b><span data-contrast=\"auto\">Edna Vega Rangel<\/span><\/b><span data-contrast=\"auto\">,\u00a0anunci\u00f3\u00a0que\u00a0lanzar\u00e1\u00a0una\u00a0convocatoria\u00a0para\u00a0participar\u00a0en\u00a0las\u00a0ediciones\u00a02023, 2024 y 2025 del Premio Nacional de Vivienda.<\/span><span data-ccp-props=\"{}\">\u00a0<\/span><\/p>\n<p><span data-contrast=\"auto\">El Premio es\u00a0organizado\u00a0por\u00a0la\u00a0Sedatu\u00a0y\u00a0los\u00a0organismos\u00a0nacionales\u00a0de\u00a0vivienda, y la\u00a0convocatoria\u00a0estar\u00e1\u00a0abierta\u00a0para\u00a0recibir\u00a0postulaciones\u00a0del 20 de\u00a0agosto\u00a0al 25 de\u00a0septiembre, con base\u00a0en\u00a0criterios\u00a0que\u00a0se\u00a0enlistan\u00a0en\u00a0la\u00a0convocatoria\u00a0que\u00a0ya\u00a0est\u00e1\u00a0disponible\u00a0en\u00a0las\u00a0plataformas\u00a0de la\u00a0Sedatu.<\/span><span data-ccp-props=\"{}\">\u00a0<\/span><\/p>\n<p><span data-contrast=\"auto\">En\u00a0paralelo\u00a0se\u00a0lanza\u00a0tambi\u00e9n\u00a0una\u00a0segunda\u00a0convocatoria\u00a0encaminada\u00a0a\u00a0reunir\u00a0expertos\u00a0para\u00a0integrar\u00a0el\u00a0grupo\u00a0Evaluador\u00a0que\u00a0definir\u00e1\u00a0a\u00a0los\u00a0ganadores\u00a0en\u00a0las\u00a0diferentes\u00a0categor\u00edas\u00a0y para\u00a0cada\u00a0a\u00f1o\u00a0contemplado\u00a0en\u00a0el\u00a0proceso.<\/span><span data-ccp-props=\"{}\">\u00a0<\/span><\/p>\n<p><span data-contrast=\"auto\">Aqu\u00ed\u00a0les\u00a0dejo\u00a0la\u00a0liga\u00a0a la\u00a0convocatoria.<\/span><span data-ccp-props=\"{}\">\u00a0<\/span><\/p>\n<h2><b><span data-contrast=\"auto\">Hombres y Mujeres de la Casa 2026: Edici\u00f3n de Plata<\/span><\/b><span data-ccp-props=\"{}\">\u00a0<\/span><\/h2>\n<p><span data-contrast=\"auto\">A finales de\u00a0este\u00a0a\u00f1o\u00a0se\u00a0llevar\u00e1\u00a0a\u00a0cabo\u00a0la\u00a0ceremonia\u00a0en\u00a0que\u00a0se\u00a0entregar\u00e1\u00a0el\u00a0<\/span><b><span data-contrast=\"auto\">Premio Hombres y Mujeres de la Casa 2026<\/span><\/b><span data-contrast=\"auto\">, el reconocimiento m\u00e1s importante del sector inmobiliario nacional, que en su 25 Edici\u00f3n, marca importantes pautas en lo que respecta a reconocer la transformacion de una actividad fundamental por lo que representa como motor de desarrollo social, ambiental, urbano y econ\u00f3mico.<\/span><span data-ccp-props=\"{}\">\u00a0<\/span><\/p>\n<p><span data-contrast=\"auto\">El Premio Hombres y Mujeres de la Casa es\u00a0otorgado\u00a0por\u00a0<\/span><b><span data-contrast=\"auto\">Centro Urbano<\/span><\/b><span data-contrast=\"auto\">, a\u00a0trav\u00e9s\u00a0de un Consejo\u00a0Consultivo,\u00a0en\u00a0que\u00a0participan\u00a0distinguidas\u00a0personalidades\u00a0de la\u00a0industria\u00a0inmobiliaria, y se\u00a0entrega\u00a0en\u00a0tres\u00a0categor\u00edas, Sector P\u00fablico, Sector Privado y\u00a0Cimientos\/Trayectoria.<\/span><span data-ccp-props=\"{}\">\u00a0<\/span><\/p>\n<p><span data-contrast=\"auto\">Est\u00e9n\u00a0atentos\u00a0ya\u00a0empez\u00f3\u00a0el\u00a0proceso\u00a0que\u00a0nos\u00a0permitir\u00e1\u00a0tener\u00a0ganadores,\u00a0fecha\u00a0y\u00a0sede\u00a0para\u00a0esta\u00a0<\/span><b><span data-contrast=\"auto\">Edici\u00f3n\u00a0de Plata\u00a0<\/span><\/b><span data-contrast=\"auto\">de la\u00a0ceremonia\u00a0de\u00a0entrega\u00a0del Premio Hombres y Mujeres de la Casa,\u00a0que\u00a0se\u00a0llevar\u00e1\u00a0a\u00a0cabo\u00a0al final de\u00a0noviembre\u00a0en\u00a0la Ciudad de M\u00e9xico.<\/span><span data-ccp-props=\"{}\">\u00a0<\/span><\/p>\n<p><span data-contrast=\"auto\">Est\u00e9n\u00a0atentos\u00a0y\u00a0sean\u00a0parte\u00a0de\u00a0esta\u00a0gran fiesta del sector\u00a0inmobiliario\u00a0mexicano.<\/span><span data-ccp-props=\"{}\">\u00a0<\/span><\/p>\n<p><span data-contrast=\"auto\">Informes: relacionespublicas@centrourbano.com<\/span><span data-ccp-props=\"{}\">\u00a0<\/span><\/p>\n<h2><b><span data-contrast=\"auto\">\u00bfYa se\u00a0suscribieron?<\/span><\/b><span data-ccp-props=\"{}\">\u00a0<\/span><\/h2>\n<p><span data-contrast=\"auto\">Muy\u00a0atentos;\u00a0estamos\u00a0a punto de\u00a0lanzar\u00a0un\u00a0modelo\u00a0de Comunidad\u00a0basado\u00a0en\u00a0suscripciones\u00a0personales.<\/span><span data-ccp-props=\"{}\">\u00a0<\/span><\/p>\n<p><span data-contrast=\"auto\">HyM Comunidad, la\u00a0mejor\u00a0herramienta\u00a0de\u00a0inteligencia,\u00a0actualizaci\u00f3n\u00a0y\u00a0relaciones\u00a0p\u00fablicas, para\u00a0los\u00a0profesionales\u00a0que\u00a0trabajan\u00a0en\u00a0los\u00a0diferentes\u00a0temas\u00a0relacionados\u00a0con\u00a0Ciudades,\u00a0viviendas\u00a0y sector\u00a0inmobiliario.<\/span><span data-ccp-props=\"{}\">\u00a0<\/span><\/p>\n<p><span data-contrast=\"auto\">CON\u00c9CTATE + INF\u00d3RMATE + CRECE<\/span><span data-ccp-props=\"{}\">\u00a0<\/span><\/p>\n<p><span data-contrast=\"auto\">Los\u00a0invito\u00a0a ser\u00a0parte\u00a0de\u00a0todo\u00a0esto.<\/span><span data-ccp-props=\"{}\">\u00a0<\/span><\/p>\n<p><span data-contrast=\"auto\">Aprovechen\u00a0el\u00a0precio\u00a0y\u00a0los\u00a0eventos\u00a0de\u00a0lanzamiento.<\/span><span data-ccp-props=\"{}\">\u00a0<\/span><\/p>\n<p><span data-contrast=\"auto\">Suscr\u00edbanse: relacionespublicas@centrourbano.com<\/span><span data-ccp-props=\"{}\">\u00a0<\/span><\/p>\n","protected":false},"excerpt":{"rendered":"<p>Llega\u00a0pues\u00a0el\u00a0momento\u00a0de\u00a0preguntar: \u00bfQue\u00a0sigue\u00a0para la Pol\u00edtica de Vivienda?\u00a0Aprovechando\u00a0evidencias\u00a0y\u00a0retos,\u00a0como\u00a0la\u00a0oportunidad\u00a0de\u00a0consolidar\u00a0modelos\u00a0que\u00a0den\u00a0verdaderas\u00a0respuestas\u00a0a las\u00a0necesidades\u00a0presentes\u00a0y\u00a0futuras\u00a0de\u00a0los\u00a0mexicanos\u00a0<\/p>\n","protected":false},"author":97,"featured_media":163776,"comment_status":"closed","ping_status":"closed","sticky":false,"template":"","format":"standard","meta":{"footnotes":""},"categories":[241,5],"tags":[],"class_list":["post-163775","post","type-post","status-publish","format-standard","has-post-thumbnail","hentry","category-blog-desde-la-casa","category-opinion"],"yoast_head":"<!-- This site is optimized with the Yoast SEO plugin v28.4 - https:\/\/yoast.com\/product\/yoast-seo-wordpress\/ -->\n<title>\u00bfQu\u00e9 sigue para la Pol\u00edtica de Vivienda?<\/title>\n<meta name=\"description\" content=\"Como todo proceso, una Pol\u00edtica de Vivienda debe estar sujeta a evaluaci\u00f3n, ajuste de desviaciones y actualizaci\u00f3n\" \/>\n<meta name=\"robots\" content=\"index, follow, max-snippet:-1, max-image-preview:large, max-video-preview:-1\" \/>\n<link rel=\"canonical\" href=\"https:\/\/centrourbano.com\/revista\/opinion\/que-sigue-politica-vivienda\/\" \/>\n<meta property=\"og:locale\" content=\"es_ES\" \/>\n<meta property=\"og:type\" content=\"article\" \/>\n<meta property=\"og:title\" content=\"\u00bfQu\u00e9 sigue para la Pol\u00edtica de Vivienda?\" \/>\n<meta property=\"og:description\" content=\"Como todo proceso, una Pol\u00edtica de Vivienda debe estar sujeta a evaluaci\u00f3n, ajuste de desviaciones y actualizaci\u00f3n\" \/>\n<meta property=\"og:url\" content=\"https:\/\/centrourbano.com\/revista\/opinion\/que-sigue-politica-vivienda\/\" \/>\n<meta property=\"og:site_name\" content=\"Centro Urbano\" \/>\n<meta property=\"article:publisher\" content=\"https:\/\/www.facebook.com\/portalcentrourbano\" \/>\n<meta property=\"article:published_time\" content=\"2026-08-24T20:23:04+00:00\" \/>\n<meta property=\"article:modified_time\" content=\"2026-09-03T20:33:29+00:00\" \/>\n<meta property=\"og:image\" content=\"https:\/\/centrourbano.com\/revista\/wp-content\/uploads\/BlogHoracio-635x635-73.jpg\" \/>\n\t<meta property=\"og:image:width\" content=\"635\" \/>\n\t<meta property=\"og:image:height\" content=\"635\" \/>\n\t<meta property=\"og:image:type\" content=\"image\/jpeg\" \/>\n<meta name=\"author\" content=\"Fernanda Hern\u00e1ndez\" \/>\n<meta name=\"twitter:card\" content=\"summary_large_image\" \/>\n<meta name=\"twitter:creator\" content=\"@CentroUrbano\" \/>\n<meta name=\"twitter:site\" content=\"@CentroUrbano\" \/>\n<meta name=\"twitter:label1\" content=\"Escrito por\" \/>\n\t<meta name=\"twitter:data1\" content=\"Fernanda Hern\u00e1ndez\" \/>\n\t<meta name=\"twitter:label2\" content=\"Tiempo de lectura\" \/>\n\t<meta name=\"twitter:data2\" content=\"7 minutos\" \/>\n<script type=\"application\/ld+json\" class=\"yoast-schema-graph\">{\"@context\":\"https:\\\/\\\/schema.org\",\"@graph\":[{\"@type\":\"Article\",\"@id\":\"https:\\\/\\\/centrourbano.com\\\/revista\\\/opinion\\\/que-sigue-politica-vivienda\\\/#article\",\"isPartOf\":{\"@id\":\"https:\\\/\\\/centrourbano.com\\\/revista\\\/opinion\\\/que-sigue-politica-vivienda\\\/\"},\"author\":{\"name\":\"Fernanda Hern\u00e1ndez\",\"@id\":\"https:\\\/\\\/centrourbano.com\\\/revista\\\/#\\\/schema\\\/person\\\/705bd2561e969bad91819dabdc439ef2\"},\"headline\":\"\u00bfQu\u00e9 sigue para la Pol\u00edtica de Vivienda?\",\"datePublished\":\"2026-08-24T20:23:04+00:00\",\"dateModified\":\"2026-09-03T20:33:29+00:00\",\"mainEntityOfPage\":{\"@id\":\"https:\\\/\\\/centrourbano.com\\\/revista\\\/opinion\\\/que-sigue-politica-vivienda\\\/\"},\"wordCount\":1564,\"publisher\":{\"@id\":\"https:\\\/\\\/centrourbano.com\\\/revista\\\/#organization\"},\"image\":{\"@id\":\"https:\\\/\\\/centrourbano.com\\\/revista\\\/opinion\\\/que-sigue-politica-vivienda\\\/#primaryimage\"},\"thumbnailUrl\":\"https:\\\/\\\/centrourbano.com\\\/revista\\\/wp-content\\\/uploads\\\/BlogHoracio-635x635-73.jpg\",\"articleSection\":[\"Desde la Casa\",\"Opini\u00f3n\"],\"inLanguage\":\"es\"},{\"@type\":\"WebPage\",\"@id\":\"https:\\\/\\\/centrourbano.com\\\/revista\\\/opinion\\\/que-sigue-politica-vivienda\\\/\",\"url\":\"https:\\\/\\\/centrourbano.com\\\/revista\\\/opinion\\\/que-sigue-politica-vivienda\\\/\",\"name\":\"\u00bfQu\u00e9 sigue para la Pol\u00edtica de Vivienda?\",\"isPartOf\":{\"@id\":\"https:\\\/\\\/centrourbano.com\\\/revista\\\/#website\"},\"primaryImageOfPage\":{\"@id\":\"https:\\\/\\\/centrourbano.com\\\/revista\\\/opinion\\\/que-sigue-politica-vivienda\\\/#primaryimage\"},\"image\":{\"@id\":\"https:\\\/\\\/centrourbano.com\\\/revista\\\/opinion\\\/que-sigue-politica-vivienda\\\/#primaryimage\"},\"thumbnailUrl\":\"https:\\\/\\\/centrourbano.com\\\/revista\\\/wp-content\\\/uploads\\\/BlogHoracio-635x635-73.jpg\",\"datePublished\":\"2026-08-24T20:23:04+00:00\",\"dateModified\":\"2026-09-03T20:33:29+00:00\",\"description\":\"Como todo proceso, una Pol\u00edtica de Vivienda debe estar sujeta a evaluaci\u00f3n, ajuste de desviaciones y actualizaci\u00f3n\",\"breadcrumb\":{\"@id\":\"https:\\\/\\\/centrourbano.com\\\/revista\\\/opinion\\\/que-sigue-politica-vivienda\\\/#breadcrumb\"},\"inLanguage\":\"es\",\"potentialAction\":[{\"@type\":\"ReadAction\",\"target\":[\"https:\\\/\\\/centrourbano.com\\\/revista\\\/opinion\\\/que-sigue-politica-vivienda\\\/\"]}]},{\"@type\":\"ImageObject\",\"inLanguage\":\"es\",\"@id\":\"https:\\\/\\\/centrourbano.com\\\/revista\\\/opinion\\\/que-sigue-politica-vivienda\\\/#primaryimage\",\"url\":\"https:\\\/\\\/centrourbano.com\\\/revista\\\/wp-content\\\/uploads\\\/BlogHoracio-635x635-73.jpg\",\"contentUrl\":\"https:\\\/\\\/centrourbano.com\\\/revista\\\/wp-content\\\/uploads\\\/BlogHoracio-635x635-73.jpg\",\"width\":635,\"height\":635,\"caption\":\"ZMVM; Ser una Ciudad grandota no es igual que ser una GRAN Ciudad\"},{\"@type\":\"BreadcrumbList\",\"@id\":\"https:\\\/\\\/centrourbano.com\\\/revista\\\/opinion\\\/que-sigue-politica-vivienda\\\/#breadcrumb\",\"itemListElement\":[{\"@type\":\"ListItem\",\"position\":1,\"name\":\"Portada\",\"item\":\"https:\\\/\\\/centrourbano.com\\\/revista\\\/\"},{\"@type\":\"ListItem\",\"position\":2,\"name\":\"\u00bfQu\u00e9 sigue para la Pol\u00edtica de Vivienda?\"}]},{\"@type\":\"WebSite\",\"@id\":\"https:\\\/\\\/centrourbano.com\\\/revista\\\/#website\",\"url\":\"https:\\\/\\\/centrourbano.com\\\/revista\\\/\",\"name\":\"Centro Urbano\",\"description\":\"Medio especializado en los sectores vivienda, inmobiliario, construcci\u00f3n, arquitectura y urbanismo.\",\"publisher\":{\"@id\":\"https:\\\/\\\/centrourbano.com\\\/revista\\\/#organization\"},\"potentialAction\":[{\"@type\":\"SearchAction\",\"target\":{\"@type\":\"EntryPoint\",\"urlTemplate\":\"https:\\\/\\\/centrourbano.com\\\/revista\\\/?s={search_term_string}\"},\"query-input\":{\"@type\":\"PropertyValueSpecification\",\"valueRequired\":true,\"valueName\":\"search_term_string\"}}],\"inLanguage\":\"es\"},{\"@type\":\"Organization\",\"@id\":\"https:\\\/\\\/centrourbano.com\\\/revista\\\/#organization\",\"name\":\"Centro Urbano\",\"url\":\"https:\\\/\\\/centrourbano.com\\\/revista\\\/\",\"logo\":{\"@type\":\"ImageObject\",\"inLanguage\":\"es\",\"@id\":\"https:\\\/\\\/centrourbano.com\\\/revista\\\/#\\\/schema\\\/logo\\\/image\\\/\",\"url\":\"https:\\\/\\\/centrourbano.com\\\/revista\\\/wp-content\\\/uploads\\\/web_CU_logo-1.png\",\"contentUrl\":\"https:\\\/\\\/centrourbano.com\\\/revista\\\/wp-content\\\/uploads\\\/web_CU_logo-1.png\",\"width\":350,\"height\":91,\"caption\":\"Centro Urbano\"},\"image\":{\"@id\":\"https:\\\/\\\/centrourbano.com\\\/revista\\\/#\\\/schema\\\/logo\\\/image\\\/\"},\"sameAs\":[\"https:\\\/\\\/www.facebook.com\\\/portalcentrourbano\",\"https:\\\/\\\/x.com\\\/CentroUrbano\",\"https:\\\/\\\/www.instagram.com\\\/centro_urbano\\\/\",\"https:\\\/\\\/www.linkedin.com\\\/company\\\/centro-urbano\\\/\",\"http:\\\/\\\/www.youtube.com\\\/user\\\/portalcentrourbano\"]},{\"@type\":\"Person\",\"@id\":\"https:\\\/\\\/centrourbano.com\\\/revista\\\/#\\\/schema\\\/person\\\/705bd2561e969bad91819dabdc439ef2\",\"name\":\"Fernanda Hern\u00e1ndez\",\"image\":{\"@type\":\"ImageObject\",\"inLanguage\":\"es\",\"@id\":\"https:\\\/\\\/secure.gravatar.com\\\/avatar\\\/4f049ffca8d1d4b197103c0b78788571483d5e9b4bc16d1649ab763694a86151?s=96&d=mm&r=g\",\"url\":\"https:\\\/\\\/secure.gravatar.com\\\/avatar\\\/4f049ffca8d1d4b197103c0b78788571483d5e9b4bc16d1649ab763694a86151?s=96&d=mm&r=g\",\"contentUrl\":\"https:\\\/\\\/secure.gravatar.com\\\/avatar\\\/4f049ffca8d1d4b197103c0b78788571483d5e9b4bc16d1649ab763694a86151?s=96&d=mm&r=g\",\"caption\":\"Fernanda Hern\u00e1ndez\"},\"url\":\"https:\\\/\\\/centrourbano.com\\\/revista\\\/author\\\/informacion\\\/\"}]}<\/script>\n<!-- \/ Yoast SEO plugin. -->","yoast_head_json":{"title":"\u00bfQu\u00e9 sigue para la Pol\u00edtica de Vivienda?","description":"Como todo proceso, una Pol\u00edtica de Vivienda debe estar sujeta a evaluaci\u00f3n, ajuste de desviaciones y actualizaci\u00f3n","robots":{"index":"index","follow":"follow","max-snippet":"max-snippet:-1","max-image-preview":"max-image-preview:large","max-video-preview":"max-video-preview:-1"},"canonical":"https:\/\/centrourbano.com\/revista\/opinion\/que-sigue-politica-vivienda\/","og_locale":"es_ES","og_type":"article","og_title":"\u00bfQu\u00e9 sigue para la Pol\u00edtica de Vivienda?","og_description":"Como todo proceso, una Pol\u00edtica de Vivienda debe estar sujeta a evaluaci\u00f3n, ajuste de desviaciones y actualizaci\u00f3n","og_url":"https:\/\/centrourbano.com\/revista\/opinion\/que-sigue-politica-vivienda\/","og_site_name":"Centro Urbano","article_publisher":"https:\/\/www.facebook.com\/portalcentrourbano","article_published_time":"2026-08-24T20:23:04+00:00","article_modified_time":"2026-09-03T20:33:29+00:00","og_image":[{"width":635,"height":635,"url":"https:\/\/centrourbano.com\/revista\/wp-content\/uploads\/BlogHoracio-635x635-73.jpg","type":"image\/jpeg"}],"author":"Fernanda Hern\u00e1ndez","twitter_card":"summary_large_image","twitter_creator":"@CentroUrbano","twitter_site":"@CentroUrbano","twitter_misc":{"Escrito por":"Fernanda Hern\u00e1ndez","Tiempo de lectura":"7 minutos"},"schema":{"@context":"https:\/\/schema.org","@graph":[{"@type":"Article","@id":"https:\/\/centrourbano.com\/revista\/opinion\/que-sigue-politica-vivienda\/#article","isPartOf":{"@id":"https:\/\/centrourbano.com\/revista\/opinion\/que-sigue-politica-vivienda\/"},"author":{"name":"Fernanda Hern\u00e1ndez","@id":"https:\/\/centrourbano.com\/revista\/#\/schema\/person\/705bd2561e969bad91819dabdc439ef2"},"headline":"\u00bfQu\u00e9 sigue para la Pol\u00edtica de Vivienda?","datePublished":"2026-08-24T20:23:04+00:00","dateModified":"2026-09-03T20:33:29+00:00","mainEntityOfPage":{"@id":"https:\/\/centrourbano.com\/revista\/opinion\/que-sigue-politica-vivienda\/"},"wordCount":1564,"publisher":{"@id":"https:\/\/centrourbano.com\/revista\/#organization"},"image":{"@id":"https:\/\/centrourbano.com\/revista\/opinion\/que-sigue-politica-vivienda\/#primaryimage"},"thumbnailUrl":"https:\/\/centrourbano.com\/revista\/wp-content\/uploads\/BlogHoracio-635x635-73.jpg","articleSection":["Desde la Casa","Opini\u00f3n"],"inLanguage":"es"},{"@type":"WebPage","@id":"https:\/\/centrourbano.com\/revista\/opinion\/que-sigue-politica-vivienda\/","url":"https:\/\/centrourbano.com\/revista\/opinion\/que-sigue-politica-vivienda\/","name":"\u00bfQu\u00e9 sigue para la Pol\u00edtica de Vivienda?","isPartOf":{"@id":"https:\/\/centrourbano.com\/revista\/#website"},"primaryImageOfPage":{"@id":"https:\/\/centrourbano.com\/revista\/opinion\/que-sigue-politica-vivienda\/#primaryimage"},"image":{"@id":"https:\/\/centrourbano.com\/revista\/opinion\/que-sigue-politica-vivienda\/#primaryimage"},"thumbnailUrl":"https:\/\/centrourbano.com\/revista\/wp-content\/uploads\/BlogHoracio-635x635-73.jpg","datePublished":"2026-08-24T20:23:04+00:00","dateModified":"2026-09-03T20:33:29+00:00","description":"Como todo proceso, una Pol\u00edtica de Vivienda debe estar sujeta a evaluaci\u00f3n, ajuste de desviaciones y actualizaci\u00f3n","breadcrumb":{"@id":"https:\/\/centrourbano.com\/revista\/opinion\/que-sigue-politica-vivienda\/#breadcrumb"},"inLanguage":"es","potentialAction":[{"@type":"ReadAction","target":["https:\/\/centrourbano.com\/revista\/opinion\/que-sigue-politica-vivienda\/"]}]},{"@type":"ImageObject","inLanguage":"es","@id":"https:\/\/centrourbano.com\/revista\/opinion\/que-sigue-politica-vivienda\/#primaryimage","url":"https:\/\/centrourbano.com\/revista\/wp-content\/uploads\/BlogHoracio-635x635-73.jpg","contentUrl":"https:\/\/centrourbano.com\/revista\/wp-content\/uploads\/BlogHoracio-635x635-73.jpg","width":635,"height":635,"caption":"ZMVM; Ser una Ciudad grandota no es igual que ser una GRAN Ciudad"},{"@type":"BreadcrumbList","@id":"https:\/\/centrourbano.com\/revista\/opinion\/que-sigue-politica-vivienda\/#breadcrumb","itemListElement":[{"@type":"ListItem","position":1,"name":"Portada","item":"https:\/\/centrourbano.com\/revista\/"},{"@type":"ListItem","position":2,"name":"\u00bfQu\u00e9 sigue para la Pol\u00edtica de Vivienda?"}]},{"@type":"WebSite","@id":"https:\/\/centrourbano.com\/revista\/#website","url":"https:\/\/centrourbano.com\/revista\/","name":"Centro Urbano","description":"Medio especializado en los sectores vivienda, inmobiliario, construcci\u00f3n, arquitectura y urbanismo.","publisher":{"@id":"https:\/\/centrourbano.com\/revista\/#organization"},"potentialAction":[{"@type":"SearchAction","target":{"@type":"EntryPoint","urlTemplate":"https:\/\/centrourbano.com\/revista\/?s={search_term_string}"},"query-input":{"@type":"PropertyValueSpecification","valueRequired":true,"valueName":"search_term_string"}}],"inLanguage":"es"},{"@type":"Organization","@id":"https:\/\/centrourbano.com\/revista\/#organization","name":"Centro Urbano","url":"https:\/\/centrourbano.com\/revista\/","logo":{"@type":"ImageObject","inLanguage":"es","@id":"https:\/\/centrourbano.com\/revista\/#\/schema\/logo\/image\/","url":"https:\/\/centrourbano.com\/revista\/wp-content\/uploads\/web_CU_logo-1.png","contentUrl":"https:\/\/centrourbano.com\/revista\/wp-content\/uploads\/web_CU_logo-1.png","width":350,"height":91,"caption":"Centro Urbano"},"image":{"@id":"https:\/\/centrourbano.com\/revista\/#\/schema\/logo\/image\/"},"sameAs":["https:\/\/www.facebook.com\/portalcentrourbano","https:\/\/x.com\/CentroUrbano","https:\/\/www.instagram.com\/centro_urbano\/","https:\/\/www.linkedin.com\/company\/centro-urbano\/","http:\/\/www.youtube.com\/user\/portalcentrourbano"]},{"@type":"Person","@id":"https:\/\/centrourbano.com\/revista\/#\/schema\/person\/705bd2561e969bad91819dabdc439ef2","name":"Fernanda Hern\u00e1ndez","image":{"@type":"ImageObject","inLanguage":"es","@id":"https:\/\/secure.gravatar.com\/avatar\/4f049ffca8d1d4b197103c0b78788571483d5e9b4bc16d1649ab763694a86151?s=96&d=mm&r=g","url":"https:\/\/secure.gravatar.com\/avatar\/4f049ffca8d1d4b197103c0b78788571483d5e9b4bc16d1649ab763694a86151?s=96&d=mm&r=g","contentUrl":"https:\/\/secure.gravatar.com\/avatar\/4f049ffca8d1d4b197103c0b78788571483d5e9b4bc16d1649ab763694a86151?s=96&d=mm&r=g","caption":"Fernanda Hern\u00e1ndez"},"url":"https:\/\/centrourbano.com\/revista\/author\/informacion\/"}]}},"_links":{"self":[{"href":"https:\/\/centrourbano.com\/revista\/wp-json\/wp\/v2\/posts\/163775","targetHints":{"allow":["GET"]}}],"collection":[{"href":"https:\/\/centrourbano.com\/revista\/wp-json\/wp\/v2\/posts"}],"about":[{"href":"https:\/\/centrourbano.com\/revista\/wp-json\/wp\/v2\/types\/post"}],"author":[{"embeddable":true,"href":"https:\/\/centrourbano.com\/revista\/wp-json\/wp\/v2\/users\/97"}],"replies":[{"embeddable":true,"href":"https:\/\/centrourbano.com\/revista\/wp-json\/wp\/v2\/comments?post=163775"}],"version-history":[{"count":1,"href":"https:\/\/centrourbano.com\/revista\/wp-json\/wp\/v2\/posts\/163775\/revisions"}],"predecessor-version":[{"id":163777,"href":"https:\/\/centrourbano.com\/revista\/wp-json\/wp\/v2\/posts\/163775\/revisions\/163777"}],"wp:featuredmedia":[{"embeddable":true,"href":"https:\/\/centrourbano.com\/revista\/wp-json\/wp\/v2\/media\/163776"}],"wp:attachment":[{"href":"https:\/\/centrourbano.com\/revista\/wp-json\/wp\/v2\/media?parent=163775"}],"wp:term":[{"taxonomy":"category","embeddable":true,"href":"https:\/\/centrourbano.com\/revista\/wp-json\/wp\/v2\/categories?post=163775"},{"taxonomy":"post_tag","embeddable":true,"href":"https:\/\/centrourbano.com\/revista\/wp-json\/wp\/v2\/tags?post=163775"}],"curies":[{"name":"wp","href":"https:\/\/api.w.org\/{rel}","templated":true}]}}