{"id":163761,"date":"2026-09-02T10:10:29","date_gmt":"2026-09-02T16:10:29","guid":{"rendered":"https:\/\/centrourbano.com\/revista\/?p=163761"},"modified":"2026-09-03T14:11:43","modified_gmt":"2026-09-03T20:11:43","slug":"quintana-roo-operacion-primeros-autobuses-electricos-hechos-en-mexico","status":"publish","type":"post","link":"https:\/\/centrourbano.com\/revista\/urbanismo\/quintana-roo-operacion-primeros-autobuses-electricos-hechos-en-mexico\/","title":{"rendered":"Quintana Roo pone en operaci\u00f3n los primeros autobuses el\u00e9ctricos hechos en M\u00e9xico"},"content":{"rendered":"<p>La primera ruta 100% el\u00e9ctrica de la capital de Quintana Roo operar\u00e1 con cinco unidades TARUK hasta con 340 km de autonom\u00eda<!--more--><\/p>\n<p>Chetumal, Quintana Roo, puso en operaci\u00f3n los primeros <strong>autobuses el\u00e9ctricos TARUK fabricados en M\u00e9xico<\/strong>, como parte del Sistema de Movilidad del Bienestar Quintanarroense (MOBI). La gobernadora Mara Lezama Espinosa encabez\u00f3 el inicio de operaciones de la <strong>ruta<\/strong> <strong>Sian Ka\u2019an\u2013Las Am\u00e9ricas<\/strong>, la primera 100% el\u00e9ctrica de la capital del estado.<\/p>\n<p>Durante el banderazo de inicio, Lezama se\u00f1al\u00f3 que MOBI responde a la necesidad de contar con un sistema de <strong>transporte p\u00fablico con accesibilidad universal <\/strong>y condiciones de seguridad para las personas usuarias.<\/p>\n<p>El <strong>sistema contempla 10 rutas en Chetumal<\/strong> y una infraestructura preparada para operar hasta 66 autobuses el\u00e9ctricos. En conjunto, la red tendr\u00e1 una cobertura potencial de m\u00e1s de 160,000 personas.<\/p>\n<h2><strong>TARUK: autobuses el\u00e9ctricos con hasta 340 km de autonom\u00eda<\/strong><\/h2>\n<p>Los autobuses TARUK cuentan con capacidad para transportar hasta 60 pasajeros y una <strong>autonom\u00eda de hasta 340 kil\u00f3metros por carga<\/strong>. Adem\u00e1s, incorporan aire acondicionado, conexi\u00f3n Wi-Fi, puertos USB y USB-C, pantallas informativas, GPS, bot\u00f3n de emergencia y videovigilancia en tiempo real.<\/p>\n<p>Las unidades tambi\u00e9n integran elementos de accesibilidad universal. Su dise\u00f1o contempla piso bajo, espacios para sillas de ruedas, asientos preferentes, se\u00f1al\u00e9tica en braille y piso podot\u00e1ctil.<\/p>\n<p>De esta manera, el sistema busca facilitar el acceso al transporte p\u00fablico para personas con distintas necesidades de movilidad.<\/p>\n<p><strong>La primera ruta el\u00e9ctrica recorrer\u00e1 21 kil\u00f3metros entre Las Am\u00e9ricas y el centro de Chetumal. <\/strong>Para ello, contar\u00e1 con cinco autobuses el\u00e9ctricos operando de manera simult\u00e1nea, con un horario de 6:00 a 22:00 horas.<\/p>\n<p>La <strong>ruta beneficiar\u00e1 directamente a 45,752 habitantes de 47 colonias<\/strong> y conectar\u00e1 17,351 viviendas, 47 escuelas y 2,055 unidades econ\u00f3micas con centros de trabajo, establecimientos comerciales, servicios y otros puntos de inter\u00e9s.<\/p>\n<h2><strong>MOBI incorpora tecnolog\u00eda para gestionar la operaci\u00f3n<\/strong><\/h2>\n<p>Adem\u00e1s de la incorporaci\u00f3n de unidades el\u00e9ctricas,<strong> MOBI<\/strong> integrar\u00e1 herramientas digitales para administrar el servicio y dar seguimiento al desempe\u00f1o de los autobuses.<\/p>\n<p>El <strong>sistema permite monitorear en tiempo real la ubicaci\u00f3n<\/strong> y funcionamiento de las unidades, as\u00ed como analizar el comportamiento de la demanda para ajustar progresivamente las frecuencias y la operaci\u00f3n.<\/p>\n<p>Las personas usuarias tambi\u00e9n podr\u00e1n gestionar su servicio mediante la <strong>MOBI App<\/strong>, disponible para iOS y Android. A trav\u00e9s de esta plataforma podr\u00e1n obtener una tarjeta virtual sin costo, realizar recargas y utilizar el saldo mediante un e-ticket.<\/p>\n<p>Asimismo, MOBI contempla <strong>tarjetas f\u00edsicas que podr\u00e1n adquirirse<\/strong> y recargarse en establecimientos como Oxxo, 7 Eleven y Dunosusa.<\/p>\n<p>En materia tarifaria, el sistema contempla una Tarifa Social MOBI de 10 pesos para estudiantes y personas adultas mayores, mientras que las personas con discapacidad podr\u00e1n utilizar el servicio de manera gratuita.<\/p>\n<p>Adem\u00e1s, quienes necesiten utilizar dos rutas para completar un traslado podr\u00e1n realizar la segunda conexi\u00f3n sin costo cuando el transbordo ocurra dentro de las primeras dos horas.<\/p>\n<p>Con la puesta en marcha de esta primera ruta, MOBI inicia la incorporaci\u00f3n de tecnolog\u00eda el\u00e9ctrica y sistemas de gesti\u00f3n digital al transporte p\u00fablico de Chetumal, mientras el proyecto contempla ampliar gradualmente la red hasta alcanzar las 10 rutas previstas.<\/p>\n","protected":false},"excerpt":{"rendered":"<p>La primera ruta 100% el\u00e9ctrica de la capital de Quintana Roo operar\u00e1 con cinco unidades TARUK hasta con 340 km de autonom\u00eda<\/p>\n","protected":false},"author":96,"featured_media":163763,"comment_status":"closed","ping_status":"closed","sticky":false,"template":"","format":"standard","meta":{"footnotes":""},"categories":[82],"tags":[25664,41],"class_list":["post-163761","post","type-post","status-publish","format-standard","has-post-thumbnail","hentry","category-urbanismo","tag-autobuses-electricos","tag-quintana-roo"],"yoast_head":"<!-- This site is optimized with the Yoast SEO plugin v28.4 - https:\/\/yoast.com\/product\/yoast-seo-wordpress\/ -->\n<title>Quintana Roo pone en operaci\u00f3n los primeros autobuses el\u00e9ctricos hechos en M\u00e9xico<\/title>\n<meta name=\"description\" content=\"La primera ruta 100% el\u00e9ctrica de la capital de Quintana Roo operar\u00e1 con cinco unidades TARUK hasta con 340 km de autonom\u00eda\" \/>\n<meta name=\"robots\" content=\"index, follow, max-snippet:-1, max-image-preview:large, max-video-preview:-1\" \/>\n<link rel=\"canonical\" href=\"https:\/\/centrourbano.com\/revista\/urbanismo\/quintana-roo-operacion-primeros-autobuses-electricos-hechos-en-mexico\/\" \/>\n<meta property=\"og:locale\" content=\"es_ES\" \/>\n<meta property=\"og:type\" content=\"article\" \/>\n<meta property=\"og:title\" content=\"Quintana Roo pone en operaci\u00f3n los primeros autobuses el\u00e9ctricos hechos en M\u00e9xico\" \/>\n<meta property=\"og:description\" content=\"La primera ruta 100% el\u00e9ctrica de la capital de Quintana Roo operar\u00e1 con cinco unidades TARUK hasta con 340 km de autonom\u00eda\" \/>\n<meta property=\"og:url\" content=\"https:\/\/centrourbano.com\/revista\/urbanismo\/quintana-roo-operacion-primeros-autobuses-electricos-hechos-en-mexico\/\" \/>\n<meta property=\"og:site_name\" content=\"Centro Urbano\" \/>\n<meta property=\"article:publisher\" content=\"https:\/\/www.facebook.com\/portalcentrourbano\" \/>\n<meta property=\"article:published_time\" content=\"2026-09-02T16:10:29+00:00\" \/>\n<meta property=\"article:modified_time\" content=\"2026-09-03T20:11:43+00:00\" \/>\n<meta property=\"og:image\" content=\"https:\/\/centrourbano.com\/revista\/wp-content\/uploads\/Quintana-Roo-pone-en-operacion-los-primeros-autobuses-electricos-hechos-en-Mexico.jpg\" \/>\n\t<meta property=\"og:image:width\" content=\"800\" \/>\n\t<meta property=\"og:image:height\" content=\"800\" \/>\n\t<meta property=\"og:image:type\" content=\"image\/jpeg\" \/>\n<meta name=\"author\" content=\"Rebeca Romero\" \/>\n<meta name=\"twitter:card\" content=\"summary_large_image\" \/>\n<meta name=\"twitter:creator\" content=\"@CentroUrbano\" \/>\n<meta name=\"twitter:site\" content=\"@CentroUrbano\" \/>\n<meta name=\"twitter:label1\" content=\"Escrito por\" \/>\n\t<meta name=\"twitter:data1\" content=\"Rebeca Romero\" \/>\n\t<meta name=\"twitter:label2\" content=\"Tiempo de lectura\" \/>\n\t<meta name=\"twitter:data2\" content=\"3 minutos\" \/>\n<script type=\"application\/ld+json\" class=\"yoast-schema-graph\">{\"@context\":\"https:\\\/\\\/schema.org\",\"@graph\":[{\"@type\":\"Article\",\"@id\":\"https:\\\/\\\/centrourbano.com\\\/revista\\\/urbanismo\\\/quintana-roo-operacion-primeros-autobuses-electricos-hechos-en-mexico\\\/#article\",\"isPartOf\":{\"@id\":\"https:\\\/\\\/centrourbano.com\\\/revista\\\/urbanismo\\\/quintana-roo-operacion-primeros-autobuses-electricos-hechos-en-mexico\\\/\"},\"author\":{\"name\":\"Rebeca Romero\",\"@id\":\"https:\\\/\\\/centrourbano.com\\\/revista\\\/#\\\/schema\\\/person\\\/9f2f415108c21f27da84c4f8c1eca1ac\"},\"headline\":\"Quintana Roo pone en operaci\u00f3n los primeros autobuses el\u00e9ctricos hechos en M\u00e9xico\",\"datePublished\":\"2026-09-02T16:10:29+00:00\",\"dateModified\":\"2026-09-03T20:11:43+00:00\",\"mainEntityOfPage\":{\"@id\":\"https:\\\/\\\/centrourbano.com\\\/revista\\\/urbanismo\\\/quintana-roo-operacion-primeros-autobuses-electricos-hechos-en-mexico\\\/\"},\"wordCount\":560,\"publisher\":{\"@id\":\"https:\\\/\\\/centrourbano.com\\\/revista\\\/#organization\"},\"image\":{\"@id\":\"https:\\\/\\\/centrourbano.com\\\/revista\\\/urbanismo\\\/quintana-roo-operacion-primeros-autobuses-electricos-hechos-en-mexico\\\/#primaryimage\"},\"thumbnailUrl\":\"https:\\\/\\\/centrourbano.com\\\/revista\\\/wp-content\\\/uploads\\\/Quintana-Roo-pone-en-operacion-los-primeros-autobuses-electricos-hechos-en-Mexico.jpg\",\"keywords\":[\"autobuses el\u00e9ctricos\",\"Quintana Roo\"],\"articleSection\":[\"Urbanismo\"],\"inLanguage\":\"es\"},{\"@type\":\"WebPage\",\"@id\":\"https:\\\/\\\/centrourbano.com\\\/revista\\\/urbanismo\\\/quintana-roo-operacion-primeros-autobuses-electricos-hechos-en-mexico\\\/\",\"url\":\"https:\\\/\\\/centrourbano.com\\\/revista\\\/urbanismo\\\/quintana-roo-operacion-primeros-autobuses-electricos-hechos-en-mexico\\\/\",\"name\":\"Quintana Roo pone en operaci\u00f3n los primeros autobuses el\u00e9ctricos hechos en M\u00e9xico\",\"isPartOf\":{\"@id\":\"https:\\\/\\\/centrourbano.com\\\/revista\\\/#website\"},\"primaryImageOfPage\":{\"@id\":\"https:\\\/\\\/centrourbano.com\\\/revista\\\/urbanismo\\\/quintana-roo-operacion-primeros-autobuses-electricos-hechos-en-mexico\\\/#primaryimage\"},\"image\":{\"@id\":\"https:\\\/\\\/centrourbano.com\\\/revista\\\/urbanismo\\\/quintana-roo-operacion-primeros-autobuses-electricos-hechos-en-mexico\\\/#primaryimage\"},\"thumbnailUrl\":\"https:\\\/\\\/centrourbano.com\\\/revista\\\/wp-content\\\/uploads\\\/Quintana-Roo-pone-en-operacion-los-primeros-autobuses-electricos-hechos-en-Mexico.jpg\",\"datePublished\":\"2026-09-02T16:10:29+00:00\",\"dateModified\":\"2026-09-03T20:11:43+00:00\",\"description\":\"La primera ruta 100% el\u00e9ctrica de la capital de Quintana Roo operar\u00e1 con cinco unidades TARUK hasta con 340 km de autonom\u00eda\",\"breadcrumb\":{\"@id\":\"https:\\\/\\\/centrourbano.com\\\/revista\\\/urbanismo\\\/quintana-roo-operacion-primeros-autobuses-electricos-hechos-en-mexico\\\/#breadcrumb\"},\"inLanguage\":\"es\",\"potentialAction\":[{\"@type\":\"ReadAction\",\"target\":[\"https:\\\/\\\/centrourbano.com\\\/revista\\\/urbanismo\\\/quintana-roo-operacion-primeros-autobuses-electricos-hechos-en-mexico\\\/\"]}]},{\"@type\":\"ImageObject\",\"inLanguage\":\"es\",\"@id\":\"https:\\\/\\\/centrourbano.com\\\/revista\\\/urbanismo\\\/quintana-roo-operacion-primeros-autobuses-electricos-hechos-en-mexico\\\/#primaryimage\",\"url\":\"https:\\\/\\\/centrourbano.com\\\/revista\\\/wp-content\\\/uploads\\\/Quintana-Roo-pone-en-operacion-los-primeros-autobuses-electricos-hechos-en-Mexico.jpg\",\"contentUrl\":\"https:\\\/\\\/centrourbano.com\\\/revista\\\/wp-content\\\/uploads\\\/Quintana-Roo-pone-en-operacion-los-primeros-autobuses-electricos-hechos-en-Mexico.jpg\",\"width\":800,\"height\":800,\"caption\":\"Quintana Roo pone en operaci\u00f3n los primeros autobuses el\u00e9ctricos hechos en M\u00e9xico\"},{\"@type\":\"BreadcrumbList\",\"@id\":\"https:\\\/\\\/centrourbano.com\\\/revista\\\/urbanismo\\\/quintana-roo-operacion-primeros-autobuses-electricos-hechos-en-mexico\\\/#breadcrumb\",\"itemListElement\":[{\"@type\":\"ListItem\",\"position\":1,\"name\":\"Portada\",\"item\":\"https:\\\/\\\/centrourbano.com\\\/revista\\\/\"},{\"@type\":\"ListItem\",\"position\":2,\"name\":\"Quintana Roo pone en operaci\u00f3n los primeros autobuses el\u00e9ctricos hechos en M\u00e9xico\"}]},{\"@type\":\"WebSite\",\"@id\":\"https:\\\/\\\/centrourbano.com\\\/revista\\\/#website\",\"url\":\"https:\\\/\\\/centrourbano.com\\\/revista\\\/\",\"name\":\"Centro Urbano\",\"description\":\"Medio especializado en los sectores vivienda, inmobiliario, construcci\u00f3n, arquitectura y urbanismo.\",\"publisher\":{\"@id\":\"https:\\\/\\\/centrourbano.com\\\/revista\\\/#organization\"},\"potentialAction\":[{\"@type\":\"SearchAction\",\"target\":{\"@type\":\"EntryPoint\",\"urlTemplate\":\"https:\\\/\\\/centrourbano.com\\\/revista\\\/?s={search_term_string}\"},\"query-input\":{\"@type\":\"PropertyValueSpecification\",\"valueRequired\":true,\"valueName\":\"search_term_string\"}}],\"inLanguage\":\"es\"},{\"@type\":\"Organization\",\"@id\":\"https:\\\/\\\/centrourbano.com\\\/revista\\\/#organization\",\"name\":\"Centro Urbano\",\"url\":\"https:\\\/\\\/centrourbano.com\\\/revista\\\/\",\"logo\":{\"@type\":\"ImageObject\",\"inLanguage\":\"es\",\"@id\":\"https:\\\/\\\/centrourbano.com\\\/revista\\\/#\\\/schema\\\/logo\\\/image\\\/\",\"url\":\"https:\\\/\\\/centrourbano.com\\\/revista\\\/wp-content\\\/uploads\\\/web_CU_logo-1.png\",\"contentUrl\":\"https:\\\/\\\/centrourbano.com\\\/revista\\\/wp-content\\\/uploads\\\/web_CU_logo-1.png\",\"width\":350,\"height\":91,\"caption\":\"Centro Urbano\"},\"image\":{\"@id\":\"https:\\\/\\\/centrourbano.com\\\/revista\\\/#\\\/schema\\\/logo\\\/image\\\/\"},\"sameAs\":[\"https:\\\/\\\/www.facebook.com\\\/portalcentrourbano\",\"https:\\\/\\\/x.com\\\/CentroUrbano\",\"https:\\\/\\\/www.instagram.com\\\/centro_urbano\\\/\",\"https:\\\/\\\/www.linkedin.com\\\/company\\\/centro-urbano\\\/\",\"http:\\\/\\\/www.youtube.com\\\/user\\\/portalcentrourbano\"]},{\"@type\":\"Person\",\"@id\":\"https:\\\/\\\/centrourbano.com\\\/revista\\\/#\\\/schema\\\/person\\\/9f2f415108c21f27da84c4f8c1eca1ac\",\"name\":\"Rebeca Romero\",\"image\":{\"@type\":\"ImageObject\",\"inLanguage\":\"es\",\"@id\":\"https:\\\/\\\/secure.gravatar.com\\\/avatar\\\/a3abd3e37314905e5256eb67bf9c35ee2bb846a29a2ac87a048db8c78a89b0b9?s=96&d=mm&r=g\",\"url\":\"https:\\\/\\\/secure.gravatar.com\\\/avatar\\\/a3abd3e37314905e5256eb67bf9c35ee2bb846a29a2ac87a048db8c78a89b0b9?s=96&d=mm&r=g\",\"contentUrl\":\"https:\\\/\\\/secure.gravatar.com\\\/avatar\\\/a3abd3e37314905e5256eb67bf9c35ee2bb846a29a2ac87a048db8c78a89b0b9?s=96&d=mm&r=g\",\"caption\":\"Rebeca Romero\"},\"url\":\"https:\\\/\\\/centrourbano.com\\\/revista\\\/author\\\/prensa\\\/\"}]}<\/script>\n<!-- \/ Yoast SEO plugin. -->","yoast_head_json":{"title":"Quintana Roo pone en operaci\u00f3n los primeros autobuses el\u00e9ctricos hechos en M\u00e9xico","description":"La primera ruta 100% el\u00e9ctrica de la capital de Quintana Roo operar\u00e1 con cinco unidades TARUK hasta con 340 km de autonom\u00eda","robots":{"index":"index","follow":"follow","max-snippet":"max-snippet:-1","max-image-preview":"max-image-preview:large","max-video-preview":"max-video-preview:-1"},"canonical":"https:\/\/centrourbano.com\/revista\/urbanismo\/quintana-roo-operacion-primeros-autobuses-electricos-hechos-en-mexico\/","og_locale":"es_ES","og_type":"article","og_title":"Quintana Roo pone en operaci\u00f3n los primeros autobuses el\u00e9ctricos hechos en M\u00e9xico","og_description":"La primera ruta 100% el\u00e9ctrica de la capital de Quintana Roo operar\u00e1 con cinco unidades TARUK hasta con 340 km de autonom\u00eda","og_url":"https:\/\/centrourbano.com\/revista\/urbanismo\/quintana-roo-operacion-primeros-autobuses-electricos-hechos-en-mexico\/","og_site_name":"Centro Urbano","article_publisher":"https:\/\/www.facebook.com\/portalcentrourbano","article_published_time":"2026-09-02T16:10:29+00:00","article_modified_time":"2026-09-03T20:11:43+00:00","og_image":[{"width":800,"height":800,"url":"https:\/\/centrourbano.com\/revista\/wp-content\/uploads\/Quintana-Roo-pone-en-operacion-los-primeros-autobuses-electricos-hechos-en-Mexico.jpg","type":"image\/jpeg"}],"author":"Rebeca Romero","twitter_card":"summary_large_image","twitter_creator":"@CentroUrbano","twitter_site":"@CentroUrbano","twitter_misc":{"Escrito por":"Rebeca Romero","Tiempo de lectura":"3 minutos"},"schema":{"@context":"https:\/\/schema.org","@graph":[{"@type":"Article","@id":"https:\/\/centrourbano.com\/revista\/urbanismo\/quintana-roo-operacion-primeros-autobuses-electricos-hechos-en-mexico\/#article","isPartOf":{"@id":"https:\/\/centrourbano.com\/revista\/urbanismo\/quintana-roo-operacion-primeros-autobuses-electricos-hechos-en-mexico\/"},"author":{"name":"Rebeca Romero","@id":"https:\/\/centrourbano.com\/revista\/#\/schema\/person\/9f2f415108c21f27da84c4f8c1eca1ac"},"headline":"Quintana Roo pone en operaci\u00f3n los primeros autobuses el\u00e9ctricos hechos en M\u00e9xico","datePublished":"2026-09-02T16:10:29+00:00","dateModified":"2026-09-03T20:11:43+00:00","mainEntityOfPage":{"@id":"https:\/\/centrourbano.com\/revista\/urbanismo\/quintana-roo-operacion-primeros-autobuses-electricos-hechos-en-mexico\/"},"wordCount":560,"publisher":{"@id":"https:\/\/centrourbano.com\/revista\/#organization"},"image":{"@id":"https:\/\/centrourbano.com\/revista\/urbanismo\/quintana-roo-operacion-primeros-autobuses-electricos-hechos-en-mexico\/#primaryimage"},"thumbnailUrl":"https:\/\/centrourbano.com\/revista\/wp-content\/uploads\/Quintana-Roo-pone-en-operacion-los-primeros-autobuses-electricos-hechos-en-Mexico.jpg","keywords":["autobuses el\u00e9ctricos","Quintana Roo"],"articleSection":["Urbanismo"],"inLanguage":"es"},{"@type":"WebPage","@id":"https:\/\/centrourbano.com\/revista\/urbanismo\/quintana-roo-operacion-primeros-autobuses-electricos-hechos-en-mexico\/","url":"https:\/\/centrourbano.com\/revista\/urbanismo\/quintana-roo-operacion-primeros-autobuses-electricos-hechos-en-mexico\/","name":"Quintana Roo pone en operaci\u00f3n los primeros autobuses el\u00e9ctricos hechos en M\u00e9xico","isPartOf":{"@id":"https:\/\/centrourbano.com\/revista\/#website"},"primaryImageOfPage":{"@id":"https:\/\/centrourbano.com\/revista\/urbanismo\/quintana-roo-operacion-primeros-autobuses-electricos-hechos-en-mexico\/#primaryimage"},"image":{"@id":"https:\/\/centrourbano.com\/revista\/urbanismo\/quintana-roo-operacion-primeros-autobuses-electricos-hechos-en-mexico\/#primaryimage"},"thumbnailUrl":"https:\/\/centrourbano.com\/revista\/wp-content\/uploads\/Quintana-Roo-pone-en-operacion-los-primeros-autobuses-electricos-hechos-en-Mexico.jpg","datePublished":"2026-09-02T16:10:29+00:00","dateModified":"2026-09-03T20:11:43+00:00","description":"La primera ruta 100% el\u00e9ctrica de la capital de Quintana Roo operar\u00e1 con cinco unidades TARUK hasta con 340 km de autonom\u00eda","breadcrumb":{"@id":"https:\/\/centrourbano.com\/revista\/urbanismo\/quintana-roo-operacion-primeros-autobuses-electricos-hechos-en-mexico\/#breadcrumb"},"inLanguage":"es","potentialAction":[{"@type":"ReadAction","target":["https:\/\/centrourbano.com\/revista\/urbanismo\/quintana-roo-operacion-primeros-autobuses-electricos-hechos-en-mexico\/"]}]},{"@type":"ImageObject","inLanguage":"es","@id":"https:\/\/centrourbano.com\/revista\/urbanismo\/quintana-roo-operacion-primeros-autobuses-electricos-hechos-en-mexico\/#primaryimage","url":"https:\/\/centrourbano.com\/revista\/wp-content\/uploads\/Quintana-Roo-pone-en-operacion-los-primeros-autobuses-electricos-hechos-en-Mexico.jpg","contentUrl":"https:\/\/centrourbano.com\/revista\/wp-content\/uploads\/Quintana-Roo-pone-en-operacion-los-primeros-autobuses-electricos-hechos-en-Mexico.jpg","width":800,"height":800,"caption":"Quintana Roo pone en operaci\u00f3n los primeros autobuses el\u00e9ctricos hechos en M\u00e9xico"},{"@type":"BreadcrumbList","@id":"https:\/\/centrourbano.com\/revista\/urbanismo\/quintana-roo-operacion-primeros-autobuses-electricos-hechos-en-mexico\/#breadcrumb","itemListElement":[{"@type":"ListItem","position":1,"name":"Portada","item":"https:\/\/centrourbano.com\/revista\/"},{"@type":"ListItem","position":2,"name":"Quintana Roo pone en operaci\u00f3n los primeros autobuses el\u00e9ctricos hechos en M\u00e9xico"}]},{"@type":"WebSite","@id":"https:\/\/centrourbano.com\/revista\/#website","url":"https:\/\/centrourbano.com\/revista\/","name":"Centro Urbano","description":"Medio especializado en los sectores vivienda, inmobiliario, construcci\u00f3n, arquitectura y urbanismo.","publisher":{"@id":"https:\/\/centrourbano.com\/revista\/#organization"},"potentialAction":[{"@type":"SearchAction","target":{"@type":"EntryPoint","urlTemplate":"https:\/\/centrourbano.com\/revista\/?s={search_term_string}"},"query-input":{"@type":"PropertyValueSpecification","valueRequired":true,"valueName":"search_term_string"}}],"inLanguage":"es"},{"@type":"Organization","@id":"https:\/\/centrourbano.com\/revista\/#organization","name":"Centro Urbano","url":"https:\/\/centrourbano.com\/revista\/","logo":{"@type":"ImageObject","inLanguage":"es","@id":"https:\/\/centrourbano.com\/revista\/#\/schema\/logo\/image\/","url":"https:\/\/centrourbano.com\/revista\/wp-content\/uploads\/web_CU_logo-1.png","contentUrl":"https:\/\/centrourbano.com\/revista\/wp-content\/uploads\/web_CU_logo-1.png","width":350,"height":91,"caption":"Centro Urbano"},"image":{"@id":"https:\/\/centrourbano.com\/revista\/#\/schema\/logo\/image\/"},"sameAs":["https:\/\/www.facebook.com\/portalcentrourbano","https:\/\/x.com\/CentroUrbano","https:\/\/www.instagram.com\/centro_urbano\/","https:\/\/www.linkedin.com\/company\/centro-urbano\/","http:\/\/www.youtube.com\/user\/portalcentrourbano"]},{"@type":"Person","@id":"https:\/\/centrourbano.com\/revista\/#\/schema\/person\/9f2f415108c21f27da84c4f8c1eca1ac","name":"Rebeca Romero","image":{"@type":"ImageObject","inLanguage":"es","@id":"https:\/\/secure.gravatar.com\/avatar\/a3abd3e37314905e5256eb67bf9c35ee2bb846a29a2ac87a048db8c78a89b0b9?s=96&d=mm&r=g","url":"https:\/\/secure.gravatar.com\/avatar\/a3abd3e37314905e5256eb67bf9c35ee2bb846a29a2ac87a048db8c78a89b0b9?s=96&d=mm&r=g","contentUrl":"https:\/\/secure.gravatar.com\/avatar\/a3abd3e37314905e5256eb67bf9c35ee2bb846a29a2ac87a048db8c78a89b0b9?s=96&d=mm&r=g","caption":"Rebeca Romero"},"url":"https:\/\/centrourbano.com\/revista\/author\/prensa\/"}]}},"_links":{"self":[{"href":"https:\/\/centrourbano.com\/revista\/wp-json\/wp\/v2\/posts\/163761","targetHints":{"allow":["GET"]}}],"collection":[{"href":"https:\/\/centrourbano.com\/revista\/wp-json\/wp\/v2\/posts"}],"about":[{"href":"https:\/\/centrourbano.com\/revista\/wp-json\/wp\/v2\/types\/post"}],"author":[{"embeddable":true,"href":"https:\/\/centrourbano.com\/revista\/wp-json\/wp\/v2\/users\/96"}],"replies":[{"embeddable":true,"href":"https:\/\/centrourbano.com\/revista\/wp-json\/wp\/v2\/comments?post=163761"}],"version-history":[{"count":1,"href":"https:\/\/centrourbano.com\/revista\/wp-json\/wp\/v2\/posts\/163761\/revisions"}],"predecessor-version":[{"id":163762,"href":"https:\/\/centrourbano.com\/revista\/wp-json\/wp\/v2\/posts\/163761\/revisions\/163762"}],"wp:featuredmedia":[{"embeddable":true,"href":"https:\/\/centrourbano.com\/revista\/wp-json\/wp\/v2\/media\/163763"}],"wp:attachment":[{"href":"https:\/\/centrourbano.com\/revista\/wp-json\/wp\/v2\/media?parent=163761"}],"wp:term":[{"taxonomy":"category","embeddable":true,"href":"https:\/\/centrourbano.com\/revista\/wp-json\/wp\/v2\/categories?post=163761"},{"taxonomy":"post_tag","embeddable":true,"href":"https:\/\/centrourbano.com\/revista\/wp-json\/wp\/v2\/tags?post=163761"}],"curies":[{"name":"wp","href":"https:\/\/api.w.org\/{rel}","templated":true}]}}