{"id":163739,"date":"2026-08-31T13:10:58","date_gmt":"2026-08-31T19:10:58","guid":{"rendered":"https:\/\/centrourbano.com\/revista\/?p=163739"},"modified":"2026-09-03T13:11:47","modified_gmt":"2026-09-03T19:11:47","slug":"fibras-diversifican-estrategias-generar-valor-portafolios","status":"publish","type":"post","link":"https:\/\/centrourbano.com\/revista\/inmobiliario\/fibras-diversifican-estrategias-generar-valor-portafolios\/","title":{"rendered":"Fibras diversifican estrategias para generar valor en sus portafolios"},"content":{"rendered":"<p>Desarrollo industrial, self storage, rotaci\u00f3n de activos y segmentaci\u00f3n forman parte de las estrategias que las fibras exploran para fortalecer sus retornos y responder a los retos del mercado burs\u00e1til<!--more--><\/p>\n<p>Las fibras diversifican sus estrategias de operaci\u00f3n y administraci\u00f3n de activos para generar valor en sus portafolios, mediante modelos que van desde el desarrollo industrial y la especializaci\u00f3n en self storage hasta la rotaci\u00f3n y segmentaci\u00f3n de propiedades.<\/p>\n<p>Durante el panel \u2018Las fibras como Instrumento de Valor Agregado\u2019, realizado en el marco del Fibra Day, encuentro de la Asociaci\u00f3n Mexicana de Fibras Inmobiliarias (Amefibra), directivos de Fibra Storage, Fibra Upsite y Fibra Plus expusieron los mecanismos que utilizan para fortalecer el rendimiento de sus certificados burs\u00e1tiles y enfrentar los retos de liquidez y valuaci\u00f3n del mercado local.<\/p>\n<p>Asimismo, Jorge Avalos Carpinteyro, presidente de la AMEFIBRA y CEO de Fibra MTY, destac\u00f3 que la asociaci\u00f3n busca impulsar una mayor profundidad, liquidez y transparencia en el sector, de manera que las fibras puedan reflejar su valor fundamental con independencia de su tama\u00f1o o especializaci\u00f3n.<\/p>\n<h2><strong>Self storage encuentra valor en la operaci\u00f3n<\/strong><\/h2>\n<p>En el caso de Fibra Storage, la especializaci\u00f3n representa uno de los principales componentes de su estrategia. Diego Ysita, director general de Fibra Storage, explic\u00f3 que el fideicomiso busca institucionalizar el segmento de self storage en M\u00e9xico mediante una plataforma propia de desarrollo y una operaci\u00f3n con contacto directo con el usuario final.<\/p>\n<p>El modelo cuenta con m\u00e1s de 20,000 clientes y una superficie superior a 250,000 metros cuadrados rentables. Esta base de usuarios permite una operaci\u00f3n diversificada y, de acuerdo con Ysita, ha contribuido a sostener <strong>incrementos en rentas superiores a 6% anual durante una d\u00e9cada.<\/strong><\/p>\n<p>A partir de esta capacidad operativa, Fibra Storage tambi\u00e9n identifica oportunidades para ampliar su participaci\u00f3n mediante esquemas de <strong>Third Party Management y alianzas con desarrolladores privados<\/strong>. Estos mecanismos permitir\u00edan incorporar nuevos activos log\u00edstico-urbanos al fideicomiso y aprovechar la experiencia desarrollada en la operaci\u00f3n del segmento.<\/p>\n<h2><strong>Desarrollo industrial apuesta por retornos<\/strong><\/h2>\n<p>Por otra parte, Fibra Upsite basa su estrategia en el desarrollo industrial desde las primeras etapas de los proyectos. Rodolfo Balmaceda se\u00f1al\u00f3 que el modelo <em>ground up development<\/em> implica asumir riesgos iniciales para posteriormente capturar mayores retornos.<\/p>\n<p>Esta estrategia permite al fideicomiso participar directamente en la creaci\u00f3n de los activos y <strong>construir un portafolio con caracter\u00edsticas definidas desde su origen<\/strong>. De acuerdo con Balmaceda, el modelo se traduce en distribuciones de capital efectivas para los tenedores, adem\u00e1s de una cartera de alta calidad.<\/p>\n<p>Actualmente, el portafolio de Fibra Upsite registra 100% de ocupaci\u00f3n, con contratos dolarizados de largo plazo. A ello se suma una base de clientes con alta recurrencia de expansi\u00f3n, un elemento que forma parte de la estrategia operativa del fideicomiso.<\/p>\n<h2><strong>Rotaci\u00f3n y segmentaci\u00f3n para adaptar portafolios<\/strong><\/h2>\n<p>En tanto, Fibra Plus plantea una estrategia orientada a <strong>adaptar sus activos a las condiciones del mercado<\/strong> mediante una administraci\u00f3n interna e integrada verticalmente.<\/p>\n<p>Rodrigo Gonz\u00e1lez, director general de Fibra Plus, explic\u00f3 que el fideicomiso cuenta con m\u00e1s de 1,000 millones de d\u00f3lares en activos distribuidos en 80 propiedades. Esta plataforma permite <strong>combinar el desarrollo con estrategias de valor, entre ellas la rotaci\u00f3n de activos y la segmentaci\u00f3n de los portafolios<\/strong>.<\/p>\n<p>En este sentido, el fideicomiso trabaja en la delimitaci\u00f3n de sus activos para concentrar la <strong>cartera industrial en Fibra HD y mantener los activos urbanos en Fibra Plus<\/strong>. Con esta separaci\u00f3n, cada veh\u00edculo contar\u00e1 con una composici\u00f3n m\u00e1s definida y permitir\u00e1 al mercado identificar con mayor claridad el valor de cada portafolio.<\/p>\n<p>La estrategia se relaciona con el papel que Fibra Plus ha desempe\u00f1ado en operaciones de adquisici\u00f3n p\u00fablica, como la realizada con Fibra HD, que forma parte de los mecanismos utilizados para reorganizar y consolidar activos.<\/p>\n<h2><strong>Consolidaci\u00f3n, otra v\u00eda para fortalecer al sector<\/strong><\/h2>\n<p>Las distintas estrategias expuestas durante el panel muestran que las fibras cuentan con <strong>modelos diferenciados para generar retornos<\/strong>, desde la operaci\u00f3n especializada hasta el desarrollo de activos y la reorganizaci\u00f3n de sus portafolios.<\/p>\n<p>Sin embargo, estas alternativas conviven con un reto que enfrenta el mercado en su conjunto: <strong>la liquidez burs\u00e1til se concentra actualmente en menos de la mitad de los veh\u00edculos listados. <\/strong>Francisco Ch\u00e1vez, analista en jefe del sector de bienes ra\u00edces y Fibras en BBVA M\u00e9xico, se\u00f1al\u00f3 que esta situaci\u00f3n genera un ciclo de valuaciones por debajo del valor en libros que, a su vez, limita la posibilidad de realizar nuevas emisiones follow-on.<\/p>\n<p>Ante este escenario, los participantes coincidieron en que la consolidaci\u00f3n y las fusiones continuar\u00e1n como mecanismos para reducir los diferenciales de valuaci\u00f3n, mejorar los vol\u00famenes de intermediaci\u00f3n y fortalecer a las fibras como veh\u00edculos de inversi\u00f3n de largo plazo.<\/p>\n<p>De esta manera, la diversificaci\u00f3n de modelos operativos y la reorganizaci\u00f3n de portafolios se complementan con procesos de consolidaci\u00f3n que buscan responder a las condiciones del mercado y fortalecer la capacidad de las fibras para generar valor.<\/p>\n","protected":false},"excerpt":{"rendered":"<p>Desarrollo industrial, self storage, rotaci\u00f3n de activos y segmentaci\u00f3n forman parte de las estrategias que las fibras exploran para fortalecer sus retornos y responder a los retos del mercado burs\u00e1til<\/p>\n","protected":false},"author":96,"featured_media":163741,"comment_status":"closed","ping_status":"closed","sticky":false,"template":"","format":"standard","meta":{"footnotes":""},"categories":[15],"tags":[18690,44],"class_list":["post-163739","post","type-post","status-publish","format-standard","has-post-thumbnail","hentry","category-inmobiliario","tag-amefibra","tag-fibras"],"yoast_head":"<!-- This site is optimized with the Yoast SEO plugin v28.4 - https:\/\/yoast.com\/product\/yoast-seo-wordpress\/ -->\n<title>Fibras diversifican estrategias para generar valor en sus portafolios<\/title>\n<meta name=\"description\" content=\"Desarrollo industrial, self storage y rotaci\u00f3n de activos forman parte de las estrategias que las fibras exploran para fortalecer sus retornos\" \/>\n<meta name=\"robots\" content=\"index, follow, max-snippet:-1, max-image-preview:large, max-video-preview:-1\" \/>\n<link rel=\"canonical\" href=\"https:\/\/centrourbano.com\/revista\/inmobiliario\/fibras-diversifican-estrategias-generar-valor-portafolios\/\" \/>\n<meta property=\"og:locale\" content=\"es_ES\" \/>\n<meta property=\"og:type\" content=\"article\" \/>\n<meta property=\"og:title\" content=\"Fibras diversifican estrategias para generar valor en sus portafolios\" \/>\n<meta property=\"og:description\" content=\"Desarrollo industrial, self storage y rotaci\u00f3n de activos forman parte de las estrategias que las fibras exploran para fortalecer sus retornos\" \/>\n<meta property=\"og:url\" content=\"https:\/\/centrourbano.com\/revista\/inmobiliario\/fibras-diversifican-estrategias-generar-valor-portafolios\/\" \/>\n<meta property=\"og:site_name\" content=\"Centro Urbano\" \/>\n<meta property=\"article:publisher\" content=\"https:\/\/www.facebook.com\/portalcentrourbano\" \/>\n<meta property=\"article:published_time\" content=\"2026-08-31T19:10:58+00:00\" \/>\n<meta property=\"article:modified_time\" content=\"2026-09-03T19:11:47+00:00\" \/>\n<meta property=\"og:image\" content=\"https:\/\/centrourbano.com\/revista\/wp-content\/uploads\/800-parque-industrial-5-26.jpg\" \/>\n\t<meta property=\"og:image:width\" content=\"800\" \/>\n\t<meta property=\"og:image:height\" content=\"800\" \/>\n\t<meta property=\"og:image:type\" content=\"image\/jpeg\" \/>\n<meta name=\"author\" content=\"Rebeca Romero\" \/>\n<meta name=\"twitter:card\" content=\"summary_large_image\" \/>\n<meta name=\"twitter:creator\" content=\"@CentroUrbano\" \/>\n<meta name=\"twitter:site\" content=\"@CentroUrbano\" \/>\n<meta name=\"twitter:label1\" content=\"Escrito por\" \/>\n\t<meta name=\"twitter:data1\" content=\"Rebeca Romero\" \/>\n\t<meta name=\"twitter:label2\" content=\"Tiempo de lectura\" \/>\n\t<meta name=\"twitter:data2\" content=\"4 minutos\" \/>\n<script type=\"application\/ld+json\" class=\"yoast-schema-graph\">{\"@context\":\"https:\\\/\\\/schema.org\",\"@graph\":[{\"@type\":\"Article\",\"@id\":\"https:\\\/\\\/centrourbano.com\\\/revista\\\/inmobiliario\\\/fibras-diversifican-estrategias-generar-valor-portafolios\\\/#article\",\"isPartOf\":{\"@id\":\"https:\\\/\\\/centrourbano.com\\\/revista\\\/inmobiliario\\\/fibras-diversifican-estrategias-generar-valor-portafolios\\\/\"},\"author\":{\"name\":\"Rebeca Romero\",\"@id\":\"https:\\\/\\\/centrourbano.com\\\/revista\\\/#\\\/schema\\\/person\\\/9f2f415108c21f27da84c4f8c1eca1ac\"},\"headline\":\"Fibras diversifican estrategias para generar valor en sus portafolios\",\"datePublished\":\"2026-08-31T19:10:58+00:00\",\"dateModified\":\"2026-09-03T19:11:47+00:00\",\"mainEntityOfPage\":{\"@id\":\"https:\\\/\\\/centrourbano.com\\\/revista\\\/inmobiliario\\\/fibras-diversifican-estrategias-generar-valor-portafolios\\\/\"},\"wordCount\":873,\"publisher\":{\"@id\":\"https:\\\/\\\/centrourbano.com\\\/revista\\\/#organization\"},\"image\":{\"@id\":\"https:\\\/\\\/centrourbano.com\\\/revista\\\/inmobiliario\\\/fibras-diversifican-estrategias-generar-valor-portafolios\\\/#primaryimage\"},\"thumbnailUrl\":\"https:\\\/\\\/centrourbano.com\\\/revista\\\/wp-content\\\/uploads\\\/800-parque-industrial-5-26.jpg\",\"keywords\":[\"Amefibra\",\"Fibras\"],\"articleSection\":[\"Inmobiliario\"],\"inLanguage\":\"es\"},{\"@type\":\"WebPage\",\"@id\":\"https:\\\/\\\/centrourbano.com\\\/revista\\\/inmobiliario\\\/fibras-diversifican-estrategias-generar-valor-portafolios\\\/\",\"url\":\"https:\\\/\\\/centrourbano.com\\\/revista\\\/inmobiliario\\\/fibras-diversifican-estrategias-generar-valor-portafolios\\\/\",\"name\":\"Fibras diversifican estrategias para generar valor en sus portafolios\",\"isPartOf\":{\"@id\":\"https:\\\/\\\/centrourbano.com\\\/revista\\\/#website\"},\"primaryImageOfPage\":{\"@id\":\"https:\\\/\\\/centrourbano.com\\\/revista\\\/inmobiliario\\\/fibras-diversifican-estrategias-generar-valor-portafolios\\\/#primaryimage\"},\"image\":{\"@id\":\"https:\\\/\\\/centrourbano.com\\\/revista\\\/inmobiliario\\\/fibras-diversifican-estrategias-generar-valor-portafolios\\\/#primaryimage\"},\"thumbnailUrl\":\"https:\\\/\\\/centrourbano.com\\\/revista\\\/wp-content\\\/uploads\\\/800-parque-industrial-5-26.jpg\",\"datePublished\":\"2026-08-31T19:10:58+00:00\",\"dateModified\":\"2026-09-03T19:11:47+00:00\",\"description\":\"Desarrollo industrial, self storage y rotaci\u00f3n de activos forman parte de las estrategias que las fibras exploran para fortalecer sus retornos\",\"breadcrumb\":{\"@id\":\"https:\\\/\\\/centrourbano.com\\\/revista\\\/inmobiliario\\\/fibras-diversifican-estrategias-generar-valor-portafolios\\\/#breadcrumb\"},\"inLanguage\":\"es\",\"potentialAction\":[{\"@type\":\"ReadAction\",\"target\":[\"https:\\\/\\\/centrourbano.com\\\/revista\\\/inmobiliario\\\/fibras-diversifican-estrategias-generar-valor-portafolios\\\/\"]}]},{\"@type\":\"ImageObject\",\"inLanguage\":\"es\",\"@id\":\"https:\\\/\\\/centrourbano.com\\\/revista\\\/inmobiliario\\\/fibras-diversifican-estrategias-generar-valor-portafolios\\\/#primaryimage\",\"url\":\"https:\\\/\\\/centrourbano.com\\\/revista\\\/wp-content\\\/uploads\\\/800-parque-industrial-5-26.jpg\",\"contentUrl\":\"https:\\\/\\\/centrourbano.com\\\/revista\\\/wp-content\\\/uploads\\\/800-parque-industrial-5-26.jpg\",\"width\":800,\"height\":800,\"caption\":\"Fibras diversifican estrategias para generar valor en sus portafolios\"},{\"@type\":\"BreadcrumbList\",\"@id\":\"https:\\\/\\\/centrourbano.com\\\/revista\\\/inmobiliario\\\/fibras-diversifican-estrategias-generar-valor-portafolios\\\/#breadcrumb\",\"itemListElement\":[{\"@type\":\"ListItem\",\"position\":1,\"name\":\"Portada\",\"item\":\"https:\\\/\\\/centrourbano.com\\\/revista\\\/\"},{\"@type\":\"ListItem\",\"position\":2,\"name\":\"Fibras diversifican estrategias para generar valor en sus portafolios\"}]},{\"@type\":\"WebSite\",\"@id\":\"https:\\\/\\\/centrourbano.com\\\/revista\\\/#website\",\"url\":\"https:\\\/\\\/centrourbano.com\\\/revista\\\/\",\"name\":\"Centro Urbano\",\"description\":\"Medio especializado en los sectores vivienda, inmobiliario, construcci\u00f3n, arquitectura y urbanismo.\",\"publisher\":{\"@id\":\"https:\\\/\\\/centrourbano.com\\\/revista\\\/#organization\"},\"potentialAction\":[{\"@type\":\"SearchAction\",\"target\":{\"@type\":\"EntryPoint\",\"urlTemplate\":\"https:\\\/\\\/centrourbano.com\\\/revista\\\/?s={search_term_string}\"},\"query-input\":{\"@type\":\"PropertyValueSpecification\",\"valueRequired\":true,\"valueName\":\"search_term_string\"}}],\"inLanguage\":\"es\"},{\"@type\":\"Organization\",\"@id\":\"https:\\\/\\\/centrourbano.com\\\/revista\\\/#organization\",\"name\":\"Centro Urbano\",\"url\":\"https:\\\/\\\/centrourbano.com\\\/revista\\\/\",\"logo\":{\"@type\":\"ImageObject\",\"inLanguage\":\"es\",\"@id\":\"https:\\\/\\\/centrourbano.com\\\/revista\\\/#\\\/schema\\\/logo\\\/image\\\/\",\"url\":\"https:\\\/\\\/centrourbano.com\\\/revista\\\/wp-content\\\/uploads\\\/web_CU_logo-1.png\",\"contentUrl\":\"https:\\\/\\\/centrourbano.com\\\/revista\\\/wp-content\\\/uploads\\\/web_CU_logo-1.png\",\"width\":350,\"height\":91,\"caption\":\"Centro Urbano\"},\"image\":{\"@id\":\"https:\\\/\\\/centrourbano.com\\\/revista\\\/#\\\/schema\\\/logo\\\/image\\\/\"},\"sameAs\":[\"https:\\\/\\\/www.facebook.com\\\/portalcentrourbano\",\"https:\\\/\\\/x.com\\\/CentroUrbano\",\"https:\\\/\\\/www.instagram.com\\\/centro_urbano\\\/\",\"https:\\\/\\\/www.linkedin.com\\\/company\\\/centro-urbano\\\/\",\"http:\\\/\\\/www.youtube.com\\\/user\\\/portalcentrourbano\"]},{\"@type\":\"Person\",\"@id\":\"https:\\\/\\\/centrourbano.com\\\/revista\\\/#\\\/schema\\\/person\\\/9f2f415108c21f27da84c4f8c1eca1ac\",\"name\":\"Rebeca Romero\",\"image\":{\"@type\":\"ImageObject\",\"inLanguage\":\"es\",\"@id\":\"https:\\\/\\\/secure.gravatar.com\\\/avatar\\\/a3abd3e37314905e5256eb67bf9c35ee2bb846a29a2ac87a048db8c78a89b0b9?s=96&d=mm&r=g\",\"url\":\"https:\\\/\\\/secure.gravatar.com\\\/avatar\\\/a3abd3e37314905e5256eb67bf9c35ee2bb846a29a2ac87a048db8c78a89b0b9?s=96&d=mm&r=g\",\"contentUrl\":\"https:\\\/\\\/secure.gravatar.com\\\/avatar\\\/a3abd3e37314905e5256eb67bf9c35ee2bb846a29a2ac87a048db8c78a89b0b9?s=96&d=mm&r=g\",\"caption\":\"Rebeca Romero\"},\"url\":\"https:\\\/\\\/centrourbano.com\\\/revista\\\/author\\\/prensa\\\/\"}]}<\/script>\n<!-- \/ Yoast SEO plugin. -->","yoast_head_json":{"title":"Fibras diversifican estrategias para generar valor en sus portafolios","description":"Desarrollo industrial, self storage y rotaci\u00f3n de activos forman parte de las estrategias que las fibras exploran para fortalecer sus retornos","robots":{"index":"index","follow":"follow","max-snippet":"max-snippet:-1","max-image-preview":"max-image-preview:large","max-video-preview":"max-video-preview:-1"},"canonical":"https:\/\/centrourbano.com\/revista\/inmobiliario\/fibras-diversifican-estrategias-generar-valor-portafolios\/","og_locale":"es_ES","og_type":"article","og_title":"Fibras diversifican estrategias para generar valor en sus portafolios","og_description":"Desarrollo industrial, self storage y rotaci\u00f3n de activos forman parte de las estrategias que las fibras exploran para fortalecer sus retornos","og_url":"https:\/\/centrourbano.com\/revista\/inmobiliario\/fibras-diversifican-estrategias-generar-valor-portafolios\/","og_site_name":"Centro Urbano","article_publisher":"https:\/\/www.facebook.com\/portalcentrourbano","article_published_time":"2026-08-31T19:10:58+00:00","article_modified_time":"2026-09-03T19:11:47+00:00","og_image":[{"width":800,"height":800,"url":"https:\/\/centrourbano.com\/revista\/wp-content\/uploads\/800-parque-industrial-5-26.jpg","type":"image\/jpeg"}],"author":"Rebeca Romero","twitter_card":"summary_large_image","twitter_creator":"@CentroUrbano","twitter_site":"@CentroUrbano","twitter_misc":{"Escrito por":"Rebeca Romero","Tiempo de lectura":"4 minutos"},"schema":{"@context":"https:\/\/schema.org","@graph":[{"@type":"Article","@id":"https:\/\/centrourbano.com\/revista\/inmobiliario\/fibras-diversifican-estrategias-generar-valor-portafolios\/#article","isPartOf":{"@id":"https:\/\/centrourbano.com\/revista\/inmobiliario\/fibras-diversifican-estrategias-generar-valor-portafolios\/"},"author":{"name":"Rebeca Romero","@id":"https:\/\/centrourbano.com\/revista\/#\/schema\/person\/9f2f415108c21f27da84c4f8c1eca1ac"},"headline":"Fibras diversifican estrategias para generar valor en sus portafolios","datePublished":"2026-08-31T19:10:58+00:00","dateModified":"2026-09-03T19:11:47+00:00","mainEntityOfPage":{"@id":"https:\/\/centrourbano.com\/revista\/inmobiliario\/fibras-diversifican-estrategias-generar-valor-portafolios\/"},"wordCount":873,"publisher":{"@id":"https:\/\/centrourbano.com\/revista\/#organization"},"image":{"@id":"https:\/\/centrourbano.com\/revista\/inmobiliario\/fibras-diversifican-estrategias-generar-valor-portafolios\/#primaryimage"},"thumbnailUrl":"https:\/\/centrourbano.com\/revista\/wp-content\/uploads\/800-parque-industrial-5-26.jpg","keywords":["Amefibra","Fibras"],"articleSection":["Inmobiliario"],"inLanguage":"es"},{"@type":"WebPage","@id":"https:\/\/centrourbano.com\/revista\/inmobiliario\/fibras-diversifican-estrategias-generar-valor-portafolios\/","url":"https:\/\/centrourbano.com\/revista\/inmobiliario\/fibras-diversifican-estrategias-generar-valor-portafolios\/","name":"Fibras diversifican estrategias para generar valor en sus portafolios","isPartOf":{"@id":"https:\/\/centrourbano.com\/revista\/#website"},"primaryImageOfPage":{"@id":"https:\/\/centrourbano.com\/revista\/inmobiliario\/fibras-diversifican-estrategias-generar-valor-portafolios\/#primaryimage"},"image":{"@id":"https:\/\/centrourbano.com\/revista\/inmobiliario\/fibras-diversifican-estrategias-generar-valor-portafolios\/#primaryimage"},"thumbnailUrl":"https:\/\/centrourbano.com\/revista\/wp-content\/uploads\/800-parque-industrial-5-26.jpg","datePublished":"2026-08-31T19:10:58+00:00","dateModified":"2026-09-03T19:11:47+00:00","description":"Desarrollo industrial, self storage y rotaci\u00f3n de activos forman parte de las estrategias que las fibras exploran para fortalecer sus retornos","breadcrumb":{"@id":"https:\/\/centrourbano.com\/revista\/inmobiliario\/fibras-diversifican-estrategias-generar-valor-portafolios\/#breadcrumb"},"inLanguage":"es","potentialAction":[{"@type":"ReadAction","target":["https:\/\/centrourbano.com\/revista\/inmobiliario\/fibras-diversifican-estrategias-generar-valor-portafolios\/"]}]},{"@type":"ImageObject","inLanguage":"es","@id":"https:\/\/centrourbano.com\/revista\/inmobiliario\/fibras-diversifican-estrategias-generar-valor-portafolios\/#primaryimage","url":"https:\/\/centrourbano.com\/revista\/wp-content\/uploads\/800-parque-industrial-5-26.jpg","contentUrl":"https:\/\/centrourbano.com\/revista\/wp-content\/uploads\/800-parque-industrial-5-26.jpg","width":800,"height":800,"caption":"Fibras diversifican estrategias para generar valor en sus portafolios"},{"@type":"BreadcrumbList","@id":"https:\/\/centrourbano.com\/revista\/inmobiliario\/fibras-diversifican-estrategias-generar-valor-portafolios\/#breadcrumb","itemListElement":[{"@type":"ListItem","position":1,"name":"Portada","item":"https:\/\/centrourbano.com\/revista\/"},{"@type":"ListItem","position":2,"name":"Fibras diversifican estrategias para generar valor en sus portafolios"}]},{"@type":"WebSite","@id":"https:\/\/centrourbano.com\/revista\/#website","url":"https:\/\/centrourbano.com\/revista\/","name":"Centro Urbano","description":"Medio especializado en los sectores vivienda, inmobiliario, construcci\u00f3n, arquitectura y urbanismo.","publisher":{"@id":"https:\/\/centrourbano.com\/revista\/#organization"},"potentialAction":[{"@type":"SearchAction","target":{"@type":"EntryPoint","urlTemplate":"https:\/\/centrourbano.com\/revista\/?s={search_term_string}"},"query-input":{"@type":"PropertyValueSpecification","valueRequired":true,"valueName":"search_term_string"}}],"inLanguage":"es"},{"@type":"Organization","@id":"https:\/\/centrourbano.com\/revista\/#organization","name":"Centro Urbano","url":"https:\/\/centrourbano.com\/revista\/","logo":{"@type":"ImageObject","inLanguage":"es","@id":"https:\/\/centrourbano.com\/revista\/#\/schema\/logo\/image\/","url":"https:\/\/centrourbano.com\/revista\/wp-content\/uploads\/web_CU_logo-1.png","contentUrl":"https:\/\/centrourbano.com\/revista\/wp-content\/uploads\/web_CU_logo-1.png","width":350,"height":91,"caption":"Centro Urbano"},"image":{"@id":"https:\/\/centrourbano.com\/revista\/#\/schema\/logo\/image\/"},"sameAs":["https:\/\/www.facebook.com\/portalcentrourbano","https:\/\/x.com\/CentroUrbano","https:\/\/www.instagram.com\/centro_urbano\/","https:\/\/www.linkedin.com\/company\/centro-urbano\/","http:\/\/www.youtube.com\/user\/portalcentrourbano"]},{"@type":"Person","@id":"https:\/\/centrourbano.com\/revista\/#\/schema\/person\/9f2f415108c21f27da84c4f8c1eca1ac","name":"Rebeca Romero","image":{"@type":"ImageObject","inLanguage":"es","@id":"https:\/\/secure.gravatar.com\/avatar\/a3abd3e37314905e5256eb67bf9c35ee2bb846a29a2ac87a048db8c78a89b0b9?s=96&d=mm&r=g","url":"https:\/\/secure.gravatar.com\/avatar\/a3abd3e37314905e5256eb67bf9c35ee2bb846a29a2ac87a048db8c78a89b0b9?s=96&d=mm&r=g","contentUrl":"https:\/\/secure.gravatar.com\/avatar\/a3abd3e37314905e5256eb67bf9c35ee2bb846a29a2ac87a048db8c78a89b0b9?s=96&d=mm&r=g","caption":"Rebeca Romero"},"url":"https:\/\/centrourbano.com\/revista\/author\/prensa\/"}]}},"_links":{"self":[{"href":"https:\/\/centrourbano.com\/revista\/wp-json\/wp\/v2\/posts\/163739","targetHints":{"allow":["GET"]}}],"collection":[{"href":"https:\/\/centrourbano.com\/revista\/wp-json\/wp\/v2\/posts"}],"about":[{"href":"https:\/\/centrourbano.com\/revista\/wp-json\/wp\/v2\/types\/post"}],"author":[{"embeddable":true,"href":"https:\/\/centrourbano.com\/revista\/wp-json\/wp\/v2\/users\/96"}],"replies":[{"embeddable":true,"href":"https:\/\/centrourbano.com\/revista\/wp-json\/wp\/v2\/comments?post=163739"}],"version-history":[{"count":1,"href":"https:\/\/centrourbano.com\/revista\/wp-json\/wp\/v2\/posts\/163739\/revisions"}],"predecessor-version":[{"id":163740,"href":"https:\/\/centrourbano.com\/revista\/wp-json\/wp\/v2\/posts\/163739\/revisions\/163740"}],"wp:featuredmedia":[{"embeddable":true,"href":"https:\/\/centrourbano.com\/revista\/wp-json\/wp\/v2\/media\/163741"}],"wp:attachment":[{"href":"https:\/\/centrourbano.com\/revista\/wp-json\/wp\/v2\/media?parent=163739"}],"wp:term":[{"taxonomy":"category","embeddable":true,"href":"https:\/\/centrourbano.com\/revista\/wp-json\/wp\/v2\/categories?post=163739"},{"taxonomy":"post_tag","embeddable":true,"href":"https:\/\/centrourbano.com\/revista\/wp-json\/wp\/v2\/tags?post=163739"}],"curies":[{"name":"wp","href":"https:\/\/api.w.org\/{rel}","templated":true}]}}