{"id":161476,"date":"2026-04-30T12:30:53","date_gmt":"2026-04-30T18:30:53","guid":{"rendered":"https:\/\/centrourbano.com\/revista\/?p=161476"},"modified":"2026-04-30T12:30:53","modified_gmt":"2026-04-30T18:30:53","slug":"ampi-fecoval-alianza-certidumbre-inmobiliaria","status":"publish","type":"post","link":"https:\/\/centrourbano.com\/revista\/inmobiliario\/ampi-fecoval-alianza-certidumbre-inmobiliaria\/","title":{"rendered":"AMPI y Fecoval sellan alianza para dar certidumbre inmobiliaria"},"content":{"rendered":"<p><em>AMPI y Fecoval firman acuerdo para impulsar la transparencia y el desarrollo ordenado del mercado inmobiliario en M\u00e9xico<\/em><!--more--><\/p>\n<p>La Asociaci\u00f3n Mexicana de Profesionales Inmobiliarios (AMPI) y la Federaci\u00f3n de Colegios de Valuadores (Fecoval) formalizaron un <strong>convenio de colaboraci\u00f3n<\/strong> para fortalecer la operaci\u00f3n del sector.<\/p>\n<p>Jenny Althair Rivas Padilla, presidenta de AMPI, y Juan Jos\u00e9 Ortiz Jasso, presidente de Fecoval, encabezaron la firma del acuerdo orientado a fortalecer el <strong>desarrollo ordenado de la industria mediante el conocimiento t\u00e9cnico <\/strong>y la \u00e9tica profesional.<\/p>\n<p>En ese sentido, las organizaciones orientar\u00e1n sus esfuerzos a <strong>impulsar la profesionalizaci\u00f3n mediante programas de capacitaci\u00f3n y certificaci\u00f3n<\/strong>, as\u00ed como el intercambio de informaci\u00f3n estrat\u00e9gica sobre el comportamiento del mercado bajo principios de confidencialidad.<\/p>\n<p>Asimismo, el convenio contempla el <strong>desarrollo de estudios estad\u00edsticos y<\/strong> <strong>la integraci\u00f3n de bancos de datos <\/strong>sobre valores, rentas y costos de construcci\u00f3n, con el objetivo de aportar certeza t\u00e9cnica en la toma de decisiones y fortalecer la certidumbre jur\u00eddica en las operaciones.<\/p>\n<p>Adem\u00e1s, ambas instituciones promover\u00e1n propuestas ante los tres \u00f3rdenes de gobierno en materia de regulaci\u00f3n y valores catastrales para <strong>fomentar la eficiencia en la tramitolog\u00eda<\/strong> y posicionar a los gremios como \u00f3rganos de consulta especializados.<\/p>\n<p>A trav\u00e9s de redes sociales, la AMPI se\u00f1al\u00f3 que este instrumento busca <strong>consolidar mecanismos de colaboraci\u00f3n t\u00e9cnica <\/strong>y ampliar los beneficios operativos para los miembros de ambas organizaciones.<\/p>\n<blockquote><p>\u201cEl convenio contempla la creaci\u00f3n de herramientas y plataformas para el intercambio de informaci\u00f3n, el fortalecimiento de la participaci\u00f3n conjunta en foros y congresos, y la ampliaci\u00f3n de beneficios para los miembros de ambas instituciones\u201d.<\/p><\/blockquote>\n<p>Con esta alianza, AMPI y Fecoval avanzan en la articulaci\u00f3n <strong>de iniciativas conjuntas orientadas a consolidar un sector inmobiliario m\u00e1s competitivo<\/strong>, transparente y confiable en beneficio de la inversi\u00f3n y el desarrollo urbano del pa\u00eds.<\/p>\n","protected":false},"excerpt":{"rendered":"<p>AMPI y Fecoval firman acuerdo para impulsar la transparencia y el desarrollo ordenado del mercado inmobiliario en M\u00e9xico<\/p>\n","protected":false},"author":14,"featured_media":161477,"comment_status":"open","ping_status":"closed","sticky":false,"template":"","format":"standard","meta":{"om_disable_all_campaigns":false,"inline_featured_image":false,"_monsterinsights_skip_tracking":false,"_monsterinsights_sitenote_active":false,"_monsterinsights_sitenote_note":"","_monsterinsights_sitenote_category":0,"footnotes":""},"categories":[15],"tags":[97,24245],"class_list":["post-161476","post","type-post","status-publish","format-standard","has-post-thumbnail","hentry","category-inmobiliario","tag-ampi","tag-fecoval"],"yoast_head":"<!-- This site is optimized with the Yoast SEO plugin v27.5 - https:\/\/yoast.com\/product\/yoast-seo-wordpress\/ -->\n<title>AMPI y Fecoval sellan alianza para dar certidumbre inmobiliaria<\/title>\n<meta name=\"description\" content=\"AMPI y Fecoval firman convenio para profesionalizar el sector inmobiliario mediante capacitaci\u00f3n t\u00e9cnica e intercambio de datos estrat\u00e9gicos\" \/>\n<meta name=\"robots\" content=\"index, follow, max-snippet:-1, max-image-preview:large, max-video-preview:-1\" \/>\n<link rel=\"canonical\" href=\"https:\/\/centrourbano.com\/revista\/inmobiliario\/ampi-fecoval-alianza-certidumbre-inmobiliaria\/\" \/>\n<meta property=\"og:locale\" content=\"es_ES\" \/>\n<meta property=\"og:type\" content=\"article\" \/>\n<meta property=\"og:title\" content=\"AMPI y Fecoval sellan alianza para dar certidumbre inmobiliaria\" \/>\n<meta property=\"og:description\" content=\"AMPI y Fecoval firman convenio para profesionalizar el sector inmobiliario mediante capacitaci\u00f3n t\u00e9cnica e intercambio de datos estrat\u00e9gicos\" \/>\n<meta property=\"og:url\" content=\"https:\/\/centrourbano.com\/revista\/inmobiliario\/ampi-fecoval-alianza-certidumbre-inmobiliaria\/\" \/>\n<meta property=\"og:site_name\" content=\"Centro Urbano\" \/>\n<meta property=\"article:publisher\" content=\"https:\/\/www.facebook.com\/portalcentrourbano\" \/>\n<meta property=\"article:published_time\" content=\"2026-04-30T18:30:53+00:00\" \/>\n<meta property=\"og:image\" content=\"https:\/\/centrourbano.com\/revista\/wp-content\/uploads\/AMPI-6.jpg\" \/>\n\t<meta property=\"og:image:width\" content=\"800\" \/>\n\t<meta property=\"og:image:height\" content=\"800\" \/>\n\t<meta property=\"og:image:type\" content=\"image\/jpeg\" \/>\n<meta name=\"author\" content=\"Redacci\u00f3n Centro Urbano\" \/>\n<meta name=\"twitter:card\" content=\"summary_large_image\" \/>\n<meta name=\"twitter:creator\" content=\"@CentroUrbano\" \/>\n<meta name=\"twitter:site\" content=\"@CentroUrbano\" \/>\n<meta name=\"twitter:label1\" content=\"Escrito por\" \/>\n\t<meta name=\"twitter:data1\" content=\"Redacci\u00f3n Centro Urbano\" \/>\n\t<meta name=\"twitter:label2\" content=\"Tiempo de lectura\" \/>\n\t<meta name=\"twitter:data2\" content=\"2 minutos\" \/>\n<script type=\"application\/ld+json\" class=\"yoast-schema-graph\">{\"@context\":\"https:\\\/\\\/schema.org\",\"@graph\":[{\"@type\":\"Article\",\"@id\":\"https:\\\/\\\/centrourbano.com\\\/revista\\\/inmobiliario\\\/ampi-fecoval-alianza-certidumbre-inmobiliaria\\\/#article\",\"isPartOf\":{\"@id\":\"https:\\\/\\\/centrourbano.com\\\/revista\\\/inmobiliario\\\/ampi-fecoval-alianza-certidumbre-inmobiliaria\\\/\"},\"author\":{\"name\":\"Redacci\u00f3n Centro Urbano\",\"@id\":\"https:\\\/\\\/centrourbano.com\\\/revista\\\/#\\\/schema\\\/person\\\/5259f06e282c59482812d0e9a84a6440\"},\"headline\":\"AMPI y Fecoval sellan alianza para dar certidumbre inmobiliaria\",\"datePublished\":\"2026-04-30T18:30:53+00:00\",\"mainEntityOfPage\":{\"@id\":\"https:\\\/\\\/centrourbano.com\\\/revista\\\/inmobiliario\\\/ampi-fecoval-alianza-certidumbre-inmobiliaria\\\/\"},\"wordCount\":333,\"commentCount\":0,\"publisher\":{\"@id\":\"https:\\\/\\\/centrourbano.com\\\/revista\\\/#organization\"},\"image\":{\"@id\":\"https:\\\/\\\/centrourbano.com\\\/revista\\\/inmobiliario\\\/ampi-fecoval-alianza-certidumbre-inmobiliaria\\\/#primaryimage\"},\"thumbnailUrl\":\"https:\\\/\\\/centrourbano.com\\\/revista\\\/wp-content\\\/uploads\\\/AMPI-6.jpg\",\"keywords\":[\"AMPI\",\"Fecoval\"],\"articleSection\":[\"Inmobiliario\"],\"inLanguage\":\"es\",\"potentialAction\":[{\"@type\":\"CommentAction\",\"name\":\"Comment\",\"target\":[\"https:\\\/\\\/centrourbano.com\\\/revista\\\/inmobiliario\\\/ampi-fecoval-alianza-certidumbre-inmobiliaria\\\/#respond\"]}]},{\"@type\":\"WebPage\",\"@id\":\"https:\\\/\\\/centrourbano.com\\\/revista\\\/inmobiliario\\\/ampi-fecoval-alianza-certidumbre-inmobiliaria\\\/\",\"url\":\"https:\\\/\\\/centrourbano.com\\\/revista\\\/inmobiliario\\\/ampi-fecoval-alianza-certidumbre-inmobiliaria\\\/\",\"name\":\"AMPI y Fecoval sellan alianza para dar certidumbre inmobiliaria\",\"isPartOf\":{\"@id\":\"https:\\\/\\\/centrourbano.com\\\/revista\\\/#website\"},\"primaryImageOfPage\":{\"@id\":\"https:\\\/\\\/centrourbano.com\\\/revista\\\/inmobiliario\\\/ampi-fecoval-alianza-certidumbre-inmobiliaria\\\/#primaryimage\"},\"image\":{\"@id\":\"https:\\\/\\\/centrourbano.com\\\/revista\\\/inmobiliario\\\/ampi-fecoval-alianza-certidumbre-inmobiliaria\\\/#primaryimage\"},\"thumbnailUrl\":\"https:\\\/\\\/centrourbano.com\\\/revista\\\/wp-content\\\/uploads\\\/AMPI-6.jpg\",\"datePublished\":\"2026-04-30T18:30:53+00:00\",\"description\":\"AMPI y Fecoval firman convenio para profesionalizar el sector inmobiliario mediante capacitaci\u00f3n t\u00e9cnica e intercambio de datos estrat\u00e9gicos\",\"breadcrumb\":{\"@id\":\"https:\\\/\\\/centrourbano.com\\\/revista\\\/inmobiliario\\\/ampi-fecoval-alianza-certidumbre-inmobiliaria\\\/#breadcrumb\"},\"inLanguage\":\"es\",\"potentialAction\":[{\"@type\":\"ReadAction\",\"target\":[\"https:\\\/\\\/centrourbano.com\\\/revista\\\/inmobiliario\\\/ampi-fecoval-alianza-certidumbre-inmobiliaria\\\/\"]}]},{\"@type\":\"ImageObject\",\"inLanguage\":\"es\",\"@id\":\"https:\\\/\\\/centrourbano.com\\\/revista\\\/inmobiliario\\\/ampi-fecoval-alianza-certidumbre-inmobiliaria\\\/#primaryimage\",\"url\":\"https:\\\/\\\/centrourbano.com\\\/revista\\\/wp-content\\\/uploads\\\/AMPI-6.jpg\",\"contentUrl\":\"https:\\\/\\\/centrourbano.com\\\/revista\\\/wp-content\\\/uploads\\\/AMPI-6.jpg\",\"width\":800,\"height\":800,\"caption\":\"AMPI y Fecoval sellan alianza para dar certidumbre inmobiliaria\"},{\"@type\":\"BreadcrumbList\",\"@id\":\"https:\\\/\\\/centrourbano.com\\\/revista\\\/inmobiliario\\\/ampi-fecoval-alianza-certidumbre-inmobiliaria\\\/#breadcrumb\",\"itemListElement\":[{\"@type\":\"ListItem\",\"position\":1,\"name\":\"Portada\",\"item\":\"https:\\\/\\\/centrourbano.com\\\/revista\\\/\"},{\"@type\":\"ListItem\",\"position\":2,\"name\":\"AMPI y Fecoval sellan alianza para dar certidumbre inmobiliaria\"}]},{\"@type\":\"WebSite\",\"@id\":\"https:\\\/\\\/centrourbano.com\\\/revista\\\/#website\",\"url\":\"https:\\\/\\\/centrourbano.com\\\/revista\\\/\",\"name\":\"Centro Urbano\",\"description\":\"Medio especializado en los sectores vivienda, inmobiliario, construcci\u00f3n, arquitectura y urbanismo.\",\"publisher\":{\"@id\":\"https:\\\/\\\/centrourbano.com\\\/revista\\\/#organization\"},\"potentialAction\":[{\"@type\":\"SearchAction\",\"target\":{\"@type\":\"EntryPoint\",\"urlTemplate\":\"https:\\\/\\\/centrourbano.com\\\/revista\\\/?s={search_term_string}\"},\"query-input\":{\"@type\":\"PropertyValueSpecification\",\"valueRequired\":true,\"valueName\":\"search_term_string\"}}],\"inLanguage\":\"es\"},{\"@type\":\"Organization\",\"@id\":\"https:\\\/\\\/centrourbano.com\\\/revista\\\/#organization\",\"name\":\"Centro Urbano\",\"url\":\"https:\\\/\\\/centrourbano.com\\\/revista\\\/\",\"logo\":{\"@type\":\"ImageObject\",\"inLanguage\":\"es\",\"@id\":\"https:\\\/\\\/centrourbano.com\\\/revista\\\/#\\\/schema\\\/logo\\\/image\\\/\",\"url\":\"https:\\\/\\\/centrourbano.com\\\/revista\\\/wp-content\\\/uploads\\\/web_CU_logo-1.png\",\"contentUrl\":\"https:\\\/\\\/centrourbano.com\\\/revista\\\/wp-content\\\/uploads\\\/web_CU_logo-1.png\",\"width\":350,\"height\":91,\"caption\":\"Centro Urbano\"},\"image\":{\"@id\":\"https:\\\/\\\/centrourbano.com\\\/revista\\\/#\\\/schema\\\/logo\\\/image\\\/\"},\"sameAs\":[\"https:\\\/\\\/www.facebook.com\\\/portalcentrourbano\",\"https:\\\/\\\/x.com\\\/CentroUrbano\",\"https:\\\/\\\/www.instagram.com\\\/centro_urbano\\\/\",\"https:\\\/\\\/www.linkedin.com\\\/company\\\/centro-urbano\\\/\",\"http:\\\/\\\/www.youtube.com\\\/user\\\/portalcentrourbano\"]},{\"@type\":\"Person\",\"@id\":\"https:\\\/\\\/centrourbano.com\\\/revista\\\/#\\\/schema\\\/person\\\/5259f06e282c59482812d0e9a84a6440\",\"name\":\"Redacci\u00f3n Centro Urbano\",\"image\":{\"@type\":\"ImageObject\",\"inLanguage\":\"es\",\"@id\":\"https:\\\/\\\/secure.gravatar.com\\\/avatar\\\/15a789f894398c0f311f3a7a2ee28032bbc0483098539da66b6a045aa810bf35?s=96&d=mm&r=g\",\"url\":\"https:\\\/\\\/secure.gravatar.com\\\/avatar\\\/15a789f894398c0f311f3a7a2ee28032bbc0483098539da66b6a045aa810bf35?s=96&d=mm&r=g\",\"contentUrl\":\"https:\\\/\\\/secure.gravatar.com\\\/avatar\\\/15a789f894398c0f311f3a7a2ee28032bbc0483098539da66b6a045aa810bf35?s=96&d=mm&r=g\",\"caption\":\"Redacci\u00f3n Centro Urbano\"},\"url\":\"https:\\\/\\\/centrourbano.com\\\/revista\\\/author\\\/editorial\\\/\"}]}<\/script>\n<!-- \/ Yoast SEO plugin. -->","yoast_head_json":{"title":"AMPI y Fecoval sellan alianza para dar certidumbre inmobiliaria","description":"AMPI y Fecoval firman convenio para profesionalizar el sector inmobiliario mediante capacitaci\u00f3n t\u00e9cnica e intercambio de datos estrat\u00e9gicos","robots":{"index":"index","follow":"follow","max-snippet":"max-snippet:-1","max-image-preview":"max-image-preview:large","max-video-preview":"max-video-preview:-1"},"canonical":"https:\/\/centrourbano.com\/revista\/inmobiliario\/ampi-fecoval-alianza-certidumbre-inmobiliaria\/","og_locale":"es_ES","og_type":"article","og_title":"AMPI y Fecoval sellan alianza para dar certidumbre inmobiliaria","og_description":"AMPI y Fecoval firman convenio para profesionalizar el sector inmobiliario mediante capacitaci\u00f3n t\u00e9cnica e intercambio de datos estrat\u00e9gicos","og_url":"https:\/\/centrourbano.com\/revista\/inmobiliario\/ampi-fecoval-alianza-certidumbre-inmobiliaria\/","og_site_name":"Centro Urbano","article_publisher":"https:\/\/www.facebook.com\/portalcentrourbano","article_published_time":"2026-04-30T18:30:53+00:00","og_image":[{"width":800,"height":800,"url":"https:\/\/centrourbano.com\/revista\/wp-content\/uploads\/AMPI-6.jpg","type":"image\/jpeg"}],"author":"Redacci\u00f3n Centro Urbano","twitter_card":"summary_large_image","twitter_creator":"@CentroUrbano","twitter_site":"@CentroUrbano","twitter_misc":{"Escrito por":"Redacci\u00f3n Centro Urbano","Tiempo de lectura":"2 minutos"},"schema":{"@context":"https:\/\/schema.org","@graph":[{"@type":"Article","@id":"https:\/\/centrourbano.com\/revista\/inmobiliario\/ampi-fecoval-alianza-certidumbre-inmobiliaria\/#article","isPartOf":{"@id":"https:\/\/centrourbano.com\/revista\/inmobiliario\/ampi-fecoval-alianza-certidumbre-inmobiliaria\/"},"author":{"name":"Redacci\u00f3n Centro Urbano","@id":"https:\/\/centrourbano.com\/revista\/#\/schema\/person\/5259f06e282c59482812d0e9a84a6440"},"headline":"AMPI y Fecoval sellan alianza para dar certidumbre inmobiliaria","datePublished":"2026-04-30T18:30:53+00:00","mainEntityOfPage":{"@id":"https:\/\/centrourbano.com\/revista\/inmobiliario\/ampi-fecoval-alianza-certidumbre-inmobiliaria\/"},"wordCount":333,"commentCount":0,"publisher":{"@id":"https:\/\/centrourbano.com\/revista\/#organization"},"image":{"@id":"https:\/\/centrourbano.com\/revista\/inmobiliario\/ampi-fecoval-alianza-certidumbre-inmobiliaria\/#primaryimage"},"thumbnailUrl":"https:\/\/centrourbano.com\/revista\/wp-content\/uploads\/AMPI-6.jpg","keywords":["AMPI","Fecoval"],"articleSection":["Inmobiliario"],"inLanguage":"es","potentialAction":[{"@type":"CommentAction","name":"Comment","target":["https:\/\/centrourbano.com\/revista\/inmobiliario\/ampi-fecoval-alianza-certidumbre-inmobiliaria\/#respond"]}]},{"@type":"WebPage","@id":"https:\/\/centrourbano.com\/revista\/inmobiliario\/ampi-fecoval-alianza-certidumbre-inmobiliaria\/","url":"https:\/\/centrourbano.com\/revista\/inmobiliario\/ampi-fecoval-alianza-certidumbre-inmobiliaria\/","name":"AMPI y Fecoval sellan alianza para dar certidumbre inmobiliaria","isPartOf":{"@id":"https:\/\/centrourbano.com\/revista\/#website"},"primaryImageOfPage":{"@id":"https:\/\/centrourbano.com\/revista\/inmobiliario\/ampi-fecoval-alianza-certidumbre-inmobiliaria\/#primaryimage"},"image":{"@id":"https:\/\/centrourbano.com\/revista\/inmobiliario\/ampi-fecoval-alianza-certidumbre-inmobiliaria\/#primaryimage"},"thumbnailUrl":"https:\/\/centrourbano.com\/revista\/wp-content\/uploads\/AMPI-6.jpg","datePublished":"2026-04-30T18:30:53+00:00","description":"AMPI y Fecoval firman convenio para profesionalizar el sector inmobiliario mediante capacitaci\u00f3n t\u00e9cnica e intercambio de datos estrat\u00e9gicos","breadcrumb":{"@id":"https:\/\/centrourbano.com\/revista\/inmobiliario\/ampi-fecoval-alianza-certidumbre-inmobiliaria\/#breadcrumb"},"inLanguage":"es","potentialAction":[{"@type":"ReadAction","target":["https:\/\/centrourbano.com\/revista\/inmobiliario\/ampi-fecoval-alianza-certidumbre-inmobiliaria\/"]}]},{"@type":"ImageObject","inLanguage":"es","@id":"https:\/\/centrourbano.com\/revista\/inmobiliario\/ampi-fecoval-alianza-certidumbre-inmobiliaria\/#primaryimage","url":"https:\/\/centrourbano.com\/revista\/wp-content\/uploads\/AMPI-6.jpg","contentUrl":"https:\/\/centrourbano.com\/revista\/wp-content\/uploads\/AMPI-6.jpg","width":800,"height":800,"caption":"AMPI y Fecoval sellan alianza para dar certidumbre inmobiliaria"},{"@type":"BreadcrumbList","@id":"https:\/\/centrourbano.com\/revista\/inmobiliario\/ampi-fecoval-alianza-certidumbre-inmobiliaria\/#breadcrumb","itemListElement":[{"@type":"ListItem","position":1,"name":"Portada","item":"https:\/\/centrourbano.com\/revista\/"},{"@type":"ListItem","position":2,"name":"AMPI y Fecoval sellan alianza para dar certidumbre inmobiliaria"}]},{"@type":"WebSite","@id":"https:\/\/centrourbano.com\/revista\/#website","url":"https:\/\/centrourbano.com\/revista\/","name":"Centro Urbano","description":"Medio especializado en los sectores vivienda, inmobiliario, construcci\u00f3n, arquitectura y urbanismo.","publisher":{"@id":"https:\/\/centrourbano.com\/revista\/#organization"},"potentialAction":[{"@type":"SearchAction","target":{"@type":"EntryPoint","urlTemplate":"https:\/\/centrourbano.com\/revista\/?s={search_term_string}"},"query-input":{"@type":"PropertyValueSpecification","valueRequired":true,"valueName":"search_term_string"}}],"inLanguage":"es"},{"@type":"Organization","@id":"https:\/\/centrourbano.com\/revista\/#organization","name":"Centro Urbano","url":"https:\/\/centrourbano.com\/revista\/","logo":{"@type":"ImageObject","inLanguage":"es","@id":"https:\/\/centrourbano.com\/revista\/#\/schema\/logo\/image\/","url":"https:\/\/centrourbano.com\/revista\/wp-content\/uploads\/web_CU_logo-1.png","contentUrl":"https:\/\/centrourbano.com\/revista\/wp-content\/uploads\/web_CU_logo-1.png","width":350,"height":91,"caption":"Centro Urbano"},"image":{"@id":"https:\/\/centrourbano.com\/revista\/#\/schema\/logo\/image\/"},"sameAs":["https:\/\/www.facebook.com\/portalcentrourbano","https:\/\/x.com\/CentroUrbano","https:\/\/www.instagram.com\/centro_urbano\/","https:\/\/www.linkedin.com\/company\/centro-urbano\/","http:\/\/www.youtube.com\/user\/portalcentrourbano"]},{"@type":"Person","@id":"https:\/\/centrourbano.com\/revista\/#\/schema\/person\/5259f06e282c59482812d0e9a84a6440","name":"Redacci\u00f3n Centro Urbano","image":{"@type":"ImageObject","inLanguage":"es","@id":"https:\/\/secure.gravatar.com\/avatar\/15a789f894398c0f311f3a7a2ee28032bbc0483098539da66b6a045aa810bf35?s=96&d=mm&r=g","url":"https:\/\/secure.gravatar.com\/avatar\/15a789f894398c0f311f3a7a2ee28032bbc0483098539da66b6a045aa810bf35?s=96&d=mm&r=g","contentUrl":"https:\/\/secure.gravatar.com\/avatar\/15a789f894398c0f311f3a7a2ee28032bbc0483098539da66b6a045aa810bf35?s=96&d=mm&r=g","caption":"Redacci\u00f3n Centro Urbano"},"url":"https:\/\/centrourbano.com\/revista\/author\/editorial\/"}]}},"_links":{"self":[{"href":"https:\/\/centrourbano.com\/revista\/wp-json\/wp\/v2\/posts\/161476","targetHints":{"allow":["GET"]}}],"collection":[{"href":"https:\/\/centrourbano.com\/revista\/wp-json\/wp\/v2\/posts"}],"about":[{"href":"https:\/\/centrourbano.com\/revista\/wp-json\/wp\/v2\/types\/post"}],"author":[{"embeddable":true,"href":"https:\/\/centrourbano.com\/revista\/wp-json\/wp\/v2\/users\/14"}],"replies":[{"embeddable":true,"href":"https:\/\/centrourbano.com\/revista\/wp-json\/wp\/v2\/comments?post=161476"}],"version-history":[{"count":1,"href":"https:\/\/centrourbano.com\/revista\/wp-json\/wp\/v2\/posts\/161476\/revisions"}],"predecessor-version":[{"id":161478,"href":"https:\/\/centrourbano.com\/revista\/wp-json\/wp\/v2\/posts\/161476\/revisions\/161478"}],"wp:featuredmedia":[{"embeddable":true,"href":"https:\/\/centrourbano.com\/revista\/wp-json\/wp\/v2\/media\/161477"}],"wp:attachment":[{"href":"https:\/\/centrourbano.com\/revista\/wp-json\/wp\/v2\/media?parent=161476"}],"wp:term":[{"taxonomy":"category","embeddable":true,"href":"https:\/\/centrourbano.com\/revista\/wp-json\/wp\/v2\/categories?post=161476"},{"taxonomy":"post_tag","embeddable":true,"href":"https:\/\/centrourbano.com\/revista\/wp-json\/wp\/v2\/tags?post=161476"}],"curies":[{"name":"wp","href":"https:\/\/api.w.org\/{rel}","templated":true}]}}