{"id":161473,"date":"2026-04-30T11:55:18","date_gmt":"2026-04-30T17:55:18","guid":{"rendered":"https:\/\/centrourbano.com\/revista\/?p=161473"},"modified":"2026-04-30T11:55:18","modified_gmt":"2026-04-30T17:55:18","slug":"cmic-cdmx-imca-convenio-profesionalizacion-construccion","status":"publish","type":"post","link":"https:\/\/centrourbano.com\/revista\/construccion\/cmic-cdmx-imca-convenio-profesionalizacion-construccion\/","title":{"rendered":"CMIC CDMX e IMCA firman convenio para fortalecer la profesionalizaci\u00f3n en la construcci\u00f3n"},"content":{"rendered":"<p><em>CMIC CDMX fortalece colaboraci\u00f3n con el IMCA para promover capacitaci\u00f3n t\u00e9cnica y uso eficiente del acero en la industria<\/em><!--more--><\/p>\n<p>La C\u00e1mara Mexicana de la Industria de la Construcci\u00f3n (CMIC) Ciudad de M\u00e9xico y el Instituto Mexicano de la Construcci\u00f3n en Acero (IMCA) formalizaron un convenio de <strong>colaboraci\u00f3n para fortalecer la operaci\u00f3n del sector<\/strong>.<\/p>\n<p>Durante el acto, la C\u00e1mara recibi\u00f3 a Fernando Gonz\u00e1lez Roser, presidente del Consejo Directivo, y a Octavio \u00c1lvarez Valadez, director general del IMCA, quienes encabezaron la firma del acuerdo entre ambas instituciones.<\/p>\n<p>En ese sentido, las organizaciones orientar\u00e1n sus esfuerzos a <strong>impulsar la profesionalizaci\u00f3n<\/strong> del sector mediante<strong> capacitaci\u00f3n especializada<\/strong>, as\u00ed como el intercambio de conocimiento t\u00e9cnico enfocado en la construcci\u00f3n con acero.<\/p>\n<p>Asimismo, el convenio contempla <strong>promover el uso eficiente de este material<\/strong> en los procesos constructivos, con el objetivo de fortalecer las capacidades t\u00e9cnicas de los actores involucrados en la industria.<\/p>\n<p>A trav\u00e9s de redes sociales, la CMIC CDMX se\u00f1al\u00f3 que el acuerdo se inspira en las propiedades del acero para <strong>consolidar una colaboraci\u00f3n que contribuya al desarrollo del sector.<\/strong><\/p>\n<blockquote><p>\u201cInspirado en las propiedades del acero \u2014cohesi\u00f3n, fuerza y soporte\u2014, este convenio busca impulsar la profesionalizaci\u00f3n del sector mediante capacitaci\u00f3n especializada, intercambio de conocimiento t\u00e9cnico y la promoci\u00f3n del uso eficiente de este material imprescindible para la construcci\u00f3n\u201d<\/p><\/blockquote>\n<p>Con esta alianza, la CMIC CDMX y el IMCA avanzan en la articulaci\u00f3n de iniciativas conjuntas orientadas a <strong>fortalecer la capacitaci\u00f3n y la adopci\u00f3n de mejores pr\u00e1cticas<\/strong> en la construcci\u00f3n.<\/p>\n","protected":false},"excerpt":{"rendered":"<p>CMIC CDMX fortalece colaboraci\u00f3n con el IMCA para promover capacitaci\u00f3n t\u00e9cnica y uso eficiente del acero en la industria<\/p>\n","protected":false},"author":14,"featured_media":161474,"comment_status":"open","ping_status":"closed","sticky":false,"template":"","format":"standard","meta":{"om_disable_all_campaigns":false,"inline_featured_image":false,"_monsterinsights_skip_tracking":false,"_monsterinsights_sitenote_active":false,"_monsterinsights_sitenote_note":"","_monsterinsights_sitenote_category":0,"footnotes":""},"categories":[14],"tags":[9784,22,25542],"class_list":["post-161473","post","type-post","status-publish","format-standard","has-post-thumbnail","hentry","category-construccion","tag-cmic-cdmx","tag-construccion-2","tag-imca"],"yoast_head":"<!-- This site is optimized with the Yoast SEO plugin v27.5 - https:\/\/yoast.com\/product\/yoast-seo-wordpress\/ -->\n<title>CMIC CDMX e IMCA firman convenio para fortalecer la profesionalizaci\u00f3n en la construcci\u00f3n<\/title>\n<meta name=\"description\" content=\"CMIC CDMX fortalece colaboraci\u00f3n con el IMCA para promover capacitaci\u00f3n t\u00e9cnica y uso eficiente del acero en la industria\" \/>\n<meta name=\"robots\" content=\"index, follow, max-snippet:-1, max-image-preview:large, max-video-preview:-1\" \/>\n<link rel=\"canonical\" href=\"https:\/\/centrourbano.com\/revista\/construccion\/cmic-cdmx-imca-convenio-profesionalizacion-construccion\/\" \/>\n<meta property=\"og:locale\" content=\"es_ES\" \/>\n<meta property=\"og:type\" content=\"article\" \/>\n<meta property=\"og:title\" content=\"CMIC CDMX e IMCA firman convenio para fortalecer la profesionalizaci\u00f3n en la construcci\u00f3n\" \/>\n<meta property=\"og:description\" content=\"CMIC CDMX fortalece colaboraci\u00f3n con el IMCA para promover capacitaci\u00f3n t\u00e9cnica y uso eficiente del acero en la industria\" \/>\n<meta property=\"og:url\" content=\"https:\/\/centrourbano.com\/revista\/construccion\/cmic-cdmx-imca-convenio-profesionalizacion-construccion\/\" \/>\n<meta property=\"og:site_name\" content=\"Centro Urbano\" \/>\n<meta property=\"article:publisher\" content=\"https:\/\/www.facebook.com\/portalcentrourbano\" \/>\n<meta property=\"article:published_time\" content=\"2026-04-30T17:55:18+00:00\" \/>\n<meta property=\"og:image\" content=\"https:\/\/centrourbano.com\/revista\/wp-content\/uploads\/CMIC-3.jpg\" \/>\n\t<meta property=\"og:image:width\" content=\"800\" \/>\n\t<meta property=\"og:image:height\" content=\"800\" \/>\n\t<meta property=\"og:image:type\" content=\"image\/jpeg\" \/>\n<meta name=\"author\" content=\"Redacci\u00f3n Centro Urbano\" \/>\n<meta name=\"twitter:card\" content=\"summary_large_image\" \/>\n<meta name=\"twitter:creator\" content=\"@CentroUrbano\" \/>\n<meta name=\"twitter:site\" content=\"@CentroUrbano\" \/>\n<meta name=\"twitter:label1\" content=\"Escrito por\" \/>\n\t<meta name=\"twitter:data1\" content=\"Redacci\u00f3n Centro Urbano\" \/>\n\t<meta name=\"twitter:label2\" content=\"Tiempo de lectura\" \/>\n\t<meta name=\"twitter:data2\" content=\"2 minutos\" \/>\n<script type=\"application\/ld+json\" class=\"yoast-schema-graph\">{\"@context\":\"https:\\\/\\\/schema.org\",\"@graph\":[{\"@type\":\"Article\",\"@id\":\"https:\\\/\\\/centrourbano.com\\\/revista\\\/construccion\\\/cmic-cdmx-imca-convenio-profesionalizacion-construccion\\\/#article\",\"isPartOf\":{\"@id\":\"https:\\\/\\\/centrourbano.com\\\/revista\\\/construccion\\\/cmic-cdmx-imca-convenio-profesionalizacion-construccion\\\/\"},\"author\":{\"name\":\"Redacci\u00f3n Centro Urbano\",\"@id\":\"https:\\\/\\\/centrourbano.com\\\/revista\\\/#\\\/schema\\\/person\\\/5259f06e282c59482812d0e9a84a6440\"},\"headline\":\"CMIC CDMX e IMCA firman convenio para fortalecer la profesionalizaci\u00f3n en la construcci\u00f3n\",\"datePublished\":\"2026-04-30T17:55:18+00:00\",\"mainEntityOfPage\":{\"@id\":\"https:\\\/\\\/centrourbano.com\\\/revista\\\/construccion\\\/cmic-cdmx-imca-convenio-profesionalizacion-construccion\\\/\"},\"wordCount\":288,\"commentCount\":0,\"publisher\":{\"@id\":\"https:\\\/\\\/centrourbano.com\\\/revista\\\/#organization\"},\"image\":{\"@id\":\"https:\\\/\\\/centrourbano.com\\\/revista\\\/construccion\\\/cmic-cdmx-imca-convenio-profesionalizacion-construccion\\\/#primaryimage\"},\"thumbnailUrl\":\"https:\\\/\\\/centrourbano.com\\\/revista\\\/wp-content\\\/uploads\\\/CMIC-3.jpg\",\"keywords\":[\"CMIC CDMX\",\"construcci\u00f3n\",\"IMCA\"],\"articleSection\":[\"Construcci\u00f3n\"],\"inLanguage\":\"es\",\"potentialAction\":[{\"@type\":\"CommentAction\",\"name\":\"Comment\",\"target\":[\"https:\\\/\\\/centrourbano.com\\\/revista\\\/construccion\\\/cmic-cdmx-imca-convenio-profesionalizacion-construccion\\\/#respond\"]}]},{\"@type\":\"WebPage\",\"@id\":\"https:\\\/\\\/centrourbano.com\\\/revista\\\/construccion\\\/cmic-cdmx-imca-convenio-profesionalizacion-construccion\\\/\",\"url\":\"https:\\\/\\\/centrourbano.com\\\/revista\\\/construccion\\\/cmic-cdmx-imca-convenio-profesionalizacion-construccion\\\/\",\"name\":\"CMIC CDMX e IMCA firman convenio para fortalecer la profesionalizaci\u00f3n en la construcci\u00f3n\",\"isPartOf\":{\"@id\":\"https:\\\/\\\/centrourbano.com\\\/revista\\\/#website\"},\"primaryImageOfPage\":{\"@id\":\"https:\\\/\\\/centrourbano.com\\\/revista\\\/construccion\\\/cmic-cdmx-imca-convenio-profesionalizacion-construccion\\\/#primaryimage\"},\"image\":{\"@id\":\"https:\\\/\\\/centrourbano.com\\\/revista\\\/construccion\\\/cmic-cdmx-imca-convenio-profesionalizacion-construccion\\\/#primaryimage\"},\"thumbnailUrl\":\"https:\\\/\\\/centrourbano.com\\\/revista\\\/wp-content\\\/uploads\\\/CMIC-3.jpg\",\"datePublished\":\"2026-04-30T17:55:18+00:00\",\"description\":\"CMIC CDMX fortalece colaboraci\u00f3n con el IMCA para promover capacitaci\u00f3n t\u00e9cnica y uso eficiente del acero en la industria\",\"breadcrumb\":{\"@id\":\"https:\\\/\\\/centrourbano.com\\\/revista\\\/construccion\\\/cmic-cdmx-imca-convenio-profesionalizacion-construccion\\\/#breadcrumb\"},\"inLanguage\":\"es\",\"potentialAction\":[{\"@type\":\"ReadAction\",\"target\":[\"https:\\\/\\\/centrourbano.com\\\/revista\\\/construccion\\\/cmic-cdmx-imca-convenio-profesionalizacion-construccion\\\/\"]}]},{\"@type\":\"ImageObject\",\"inLanguage\":\"es\",\"@id\":\"https:\\\/\\\/centrourbano.com\\\/revista\\\/construccion\\\/cmic-cdmx-imca-convenio-profesionalizacion-construccion\\\/#primaryimage\",\"url\":\"https:\\\/\\\/centrourbano.com\\\/revista\\\/wp-content\\\/uploads\\\/CMIC-3.jpg\",\"contentUrl\":\"https:\\\/\\\/centrourbano.com\\\/revista\\\/wp-content\\\/uploads\\\/CMIC-3.jpg\",\"width\":800,\"height\":800,\"caption\":\"CMIC CDMX e IMCA firman convenio para fortalecer la profesionalizaci\u00f3n en la construcci\u00f3n\"},{\"@type\":\"BreadcrumbList\",\"@id\":\"https:\\\/\\\/centrourbano.com\\\/revista\\\/construccion\\\/cmic-cdmx-imca-convenio-profesionalizacion-construccion\\\/#breadcrumb\",\"itemListElement\":[{\"@type\":\"ListItem\",\"position\":1,\"name\":\"Portada\",\"item\":\"https:\\\/\\\/centrourbano.com\\\/revista\\\/\"},{\"@type\":\"ListItem\",\"position\":2,\"name\":\"CMIC CDMX e IMCA firman convenio para fortalecer la profesionalizaci\u00f3n en la construcci\u00f3n\"}]},{\"@type\":\"WebSite\",\"@id\":\"https:\\\/\\\/centrourbano.com\\\/revista\\\/#website\",\"url\":\"https:\\\/\\\/centrourbano.com\\\/revista\\\/\",\"name\":\"Centro Urbano\",\"description\":\"Medio especializado en los sectores vivienda, inmobiliario, construcci\u00f3n, arquitectura y urbanismo.\",\"publisher\":{\"@id\":\"https:\\\/\\\/centrourbano.com\\\/revista\\\/#organization\"},\"potentialAction\":[{\"@type\":\"SearchAction\",\"target\":{\"@type\":\"EntryPoint\",\"urlTemplate\":\"https:\\\/\\\/centrourbano.com\\\/revista\\\/?s={search_term_string}\"},\"query-input\":{\"@type\":\"PropertyValueSpecification\",\"valueRequired\":true,\"valueName\":\"search_term_string\"}}],\"inLanguage\":\"es\"},{\"@type\":\"Organization\",\"@id\":\"https:\\\/\\\/centrourbano.com\\\/revista\\\/#organization\",\"name\":\"Centro Urbano\",\"url\":\"https:\\\/\\\/centrourbano.com\\\/revista\\\/\",\"logo\":{\"@type\":\"ImageObject\",\"inLanguage\":\"es\",\"@id\":\"https:\\\/\\\/centrourbano.com\\\/revista\\\/#\\\/schema\\\/logo\\\/image\\\/\",\"url\":\"https:\\\/\\\/centrourbano.com\\\/revista\\\/wp-content\\\/uploads\\\/web_CU_logo-1.png\",\"contentUrl\":\"https:\\\/\\\/centrourbano.com\\\/revista\\\/wp-content\\\/uploads\\\/web_CU_logo-1.png\",\"width\":350,\"height\":91,\"caption\":\"Centro Urbano\"},\"image\":{\"@id\":\"https:\\\/\\\/centrourbano.com\\\/revista\\\/#\\\/schema\\\/logo\\\/image\\\/\"},\"sameAs\":[\"https:\\\/\\\/www.facebook.com\\\/portalcentrourbano\",\"https:\\\/\\\/x.com\\\/CentroUrbano\",\"https:\\\/\\\/www.instagram.com\\\/centro_urbano\\\/\",\"https:\\\/\\\/www.linkedin.com\\\/company\\\/centro-urbano\\\/\",\"http:\\\/\\\/www.youtube.com\\\/user\\\/portalcentrourbano\"]},{\"@type\":\"Person\",\"@id\":\"https:\\\/\\\/centrourbano.com\\\/revista\\\/#\\\/schema\\\/person\\\/5259f06e282c59482812d0e9a84a6440\",\"name\":\"Redacci\u00f3n Centro Urbano\",\"image\":{\"@type\":\"ImageObject\",\"inLanguage\":\"es\",\"@id\":\"https:\\\/\\\/secure.gravatar.com\\\/avatar\\\/15a789f894398c0f311f3a7a2ee28032bbc0483098539da66b6a045aa810bf35?s=96&d=mm&r=g\",\"url\":\"https:\\\/\\\/secure.gravatar.com\\\/avatar\\\/15a789f894398c0f311f3a7a2ee28032bbc0483098539da66b6a045aa810bf35?s=96&d=mm&r=g\",\"contentUrl\":\"https:\\\/\\\/secure.gravatar.com\\\/avatar\\\/15a789f894398c0f311f3a7a2ee28032bbc0483098539da66b6a045aa810bf35?s=96&d=mm&r=g\",\"caption\":\"Redacci\u00f3n Centro Urbano\"},\"url\":\"https:\\\/\\\/centrourbano.com\\\/revista\\\/author\\\/editorial\\\/\"}]}<\/script>\n<!-- \/ Yoast SEO plugin. -->","yoast_head_json":{"title":"CMIC CDMX e IMCA firman convenio para fortalecer la profesionalizaci\u00f3n en la construcci\u00f3n","description":"CMIC CDMX fortalece colaboraci\u00f3n con el IMCA para promover capacitaci\u00f3n t\u00e9cnica y uso eficiente del acero en la industria","robots":{"index":"index","follow":"follow","max-snippet":"max-snippet:-1","max-image-preview":"max-image-preview:large","max-video-preview":"max-video-preview:-1"},"canonical":"https:\/\/centrourbano.com\/revista\/construccion\/cmic-cdmx-imca-convenio-profesionalizacion-construccion\/","og_locale":"es_ES","og_type":"article","og_title":"CMIC CDMX e IMCA firman convenio para fortalecer la profesionalizaci\u00f3n en la construcci\u00f3n","og_description":"CMIC CDMX fortalece colaboraci\u00f3n con el IMCA para promover capacitaci\u00f3n t\u00e9cnica y uso eficiente del acero en la industria","og_url":"https:\/\/centrourbano.com\/revista\/construccion\/cmic-cdmx-imca-convenio-profesionalizacion-construccion\/","og_site_name":"Centro Urbano","article_publisher":"https:\/\/www.facebook.com\/portalcentrourbano","article_published_time":"2026-04-30T17:55:18+00:00","og_image":[{"width":800,"height":800,"url":"https:\/\/centrourbano.com\/revista\/wp-content\/uploads\/CMIC-3.jpg","type":"image\/jpeg"}],"author":"Redacci\u00f3n Centro Urbano","twitter_card":"summary_large_image","twitter_creator":"@CentroUrbano","twitter_site":"@CentroUrbano","twitter_misc":{"Escrito por":"Redacci\u00f3n Centro Urbano","Tiempo de lectura":"2 minutos"},"schema":{"@context":"https:\/\/schema.org","@graph":[{"@type":"Article","@id":"https:\/\/centrourbano.com\/revista\/construccion\/cmic-cdmx-imca-convenio-profesionalizacion-construccion\/#article","isPartOf":{"@id":"https:\/\/centrourbano.com\/revista\/construccion\/cmic-cdmx-imca-convenio-profesionalizacion-construccion\/"},"author":{"name":"Redacci\u00f3n Centro Urbano","@id":"https:\/\/centrourbano.com\/revista\/#\/schema\/person\/5259f06e282c59482812d0e9a84a6440"},"headline":"CMIC CDMX e IMCA firman convenio para fortalecer la profesionalizaci\u00f3n en la construcci\u00f3n","datePublished":"2026-04-30T17:55:18+00:00","mainEntityOfPage":{"@id":"https:\/\/centrourbano.com\/revista\/construccion\/cmic-cdmx-imca-convenio-profesionalizacion-construccion\/"},"wordCount":288,"commentCount":0,"publisher":{"@id":"https:\/\/centrourbano.com\/revista\/#organization"},"image":{"@id":"https:\/\/centrourbano.com\/revista\/construccion\/cmic-cdmx-imca-convenio-profesionalizacion-construccion\/#primaryimage"},"thumbnailUrl":"https:\/\/centrourbano.com\/revista\/wp-content\/uploads\/CMIC-3.jpg","keywords":["CMIC CDMX","construcci\u00f3n","IMCA"],"articleSection":["Construcci\u00f3n"],"inLanguage":"es","potentialAction":[{"@type":"CommentAction","name":"Comment","target":["https:\/\/centrourbano.com\/revista\/construccion\/cmic-cdmx-imca-convenio-profesionalizacion-construccion\/#respond"]}]},{"@type":"WebPage","@id":"https:\/\/centrourbano.com\/revista\/construccion\/cmic-cdmx-imca-convenio-profesionalizacion-construccion\/","url":"https:\/\/centrourbano.com\/revista\/construccion\/cmic-cdmx-imca-convenio-profesionalizacion-construccion\/","name":"CMIC CDMX e IMCA firman convenio para fortalecer la profesionalizaci\u00f3n en la construcci\u00f3n","isPartOf":{"@id":"https:\/\/centrourbano.com\/revista\/#website"},"primaryImageOfPage":{"@id":"https:\/\/centrourbano.com\/revista\/construccion\/cmic-cdmx-imca-convenio-profesionalizacion-construccion\/#primaryimage"},"image":{"@id":"https:\/\/centrourbano.com\/revista\/construccion\/cmic-cdmx-imca-convenio-profesionalizacion-construccion\/#primaryimage"},"thumbnailUrl":"https:\/\/centrourbano.com\/revista\/wp-content\/uploads\/CMIC-3.jpg","datePublished":"2026-04-30T17:55:18+00:00","description":"CMIC CDMX fortalece colaboraci\u00f3n con el IMCA para promover capacitaci\u00f3n t\u00e9cnica y uso eficiente del acero en la industria","breadcrumb":{"@id":"https:\/\/centrourbano.com\/revista\/construccion\/cmic-cdmx-imca-convenio-profesionalizacion-construccion\/#breadcrumb"},"inLanguage":"es","potentialAction":[{"@type":"ReadAction","target":["https:\/\/centrourbano.com\/revista\/construccion\/cmic-cdmx-imca-convenio-profesionalizacion-construccion\/"]}]},{"@type":"ImageObject","inLanguage":"es","@id":"https:\/\/centrourbano.com\/revista\/construccion\/cmic-cdmx-imca-convenio-profesionalizacion-construccion\/#primaryimage","url":"https:\/\/centrourbano.com\/revista\/wp-content\/uploads\/CMIC-3.jpg","contentUrl":"https:\/\/centrourbano.com\/revista\/wp-content\/uploads\/CMIC-3.jpg","width":800,"height":800,"caption":"CMIC CDMX e IMCA firman convenio para fortalecer la profesionalizaci\u00f3n en la construcci\u00f3n"},{"@type":"BreadcrumbList","@id":"https:\/\/centrourbano.com\/revista\/construccion\/cmic-cdmx-imca-convenio-profesionalizacion-construccion\/#breadcrumb","itemListElement":[{"@type":"ListItem","position":1,"name":"Portada","item":"https:\/\/centrourbano.com\/revista\/"},{"@type":"ListItem","position":2,"name":"CMIC CDMX e IMCA firman convenio para fortalecer la profesionalizaci\u00f3n en la construcci\u00f3n"}]},{"@type":"WebSite","@id":"https:\/\/centrourbano.com\/revista\/#website","url":"https:\/\/centrourbano.com\/revista\/","name":"Centro Urbano","description":"Medio especializado en los sectores vivienda, inmobiliario, construcci\u00f3n, arquitectura y urbanismo.","publisher":{"@id":"https:\/\/centrourbano.com\/revista\/#organization"},"potentialAction":[{"@type":"SearchAction","target":{"@type":"EntryPoint","urlTemplate":"https:\/\/centrourbano.com\/revista\/?s={search_term_string}"},"query-input":{"@type":"PropertyValueSpecification","valueRequired":true,"valueName":"search_term_string"}}],"inLanguage":"es"},{"@type":"Organization","@id":"https:\/\/centrourbano.com\/revista\/#organization","name":"Centro Urbano","url":"https:\/\/centrourbano.com\/revista\/","logo":{"@type":"ImageObject","inLanguage":"es","@id":"https:\/\/centrourbano.com\/revista\/#\/schema\/logo\/image\/","url":"https:\/\/centrourbano.com\/revista\/wp-content\/uploads\/web_CU_logo-1.png","contentUrl":"https:\/\/centrourbano.com\/revista\/wp-content\/uploads\/web_CU_logo-1.png","width":350,"height":91,"caption":"Centro Urbano"},"image":{"@id":"https:\/\/centrourbano.com\/revista\/#\/schema\/logo\/image\/"},"sameAs":["https:\/\/www.facebook.com\/portalcentrourbano","https:\/\/x.com\/CentroUrbano","https:\/\/www.instagram.com\/centro_urbano\/","https:\/\/www.linkedin.com\/company\/centro-urbano\/","http:\/\/www.youtube.com\/user\/portalcentrourbano"]},{"@type":"Person","@id":"https:\/\/centrourbano.com\/revista\/#\/schema\/person\/5259f06e282c59482812d0e9a84a6440","name":"Redacci\u00f3n Centro Urbano","image":{"@type":"ImageObject","inLanguage":"es","@id":"https:\/\/secure.gravatar.com\/avatar\/15a789f894398c0f311f3a7a2ee28032bbc0483098539da66b6a045aa810bf35?s=96&d=mm&r=g","url":"https:\/\/secure.gravatar.com\/avatar\/15a789f894398c0f311f3a7a2ee28032bbc0483098539da66b6a045aa810bf35?s=96&d=mm&r=g","contentUrl":"https:\/\/secure.gravatar.com\/avatar\/15a789f894398c0f311f3a7a2ee28032bbc0483098539da66b6a045aa810bf35?s=96&d=mm&r=g","caption":"Redacci\u00f3n Centro Urbano"},"url":"https:\/\/centrourbano.com\/revista\/author\/editorial\/"}]}},"_links":{"self":[{"href":"https:\/\/centrourbano.com\/revista\/wp-json\/wp\/v2\/posts\/161473","targetHints":{"allow":["GET"]}}],"collection":[{"href":"https:\/\/centrourbano.com\/revista\/wp-json\/wp\/v2\/posts"}],"about":[{"href":"https:\/\/centrourbano.com\/revista\/wp-json\/wp\/v2\/types\/post"}],"author":[{"embeddable":true,"href":"https:\/\/centrourbano.com\/revista\/wp-json\/wp\/v2\/users\/14"}],"replies":[{"embeddable":true,"href":"https:\/\/centrourbano.com\/revista\/wp-json\/wp\/v2\/comments?post=161473"}],"version-history":[{"count":1,"href":"https:\/\/centrourbano.com\/revista\/wp-json\/wp\/v2\/posts\/161473\/revisions"}],"predecessor-version":[{"id":161475,"href":"https:\/\/centrourbano.com\/revista\/wp-json\/wp\/v2\/posts\/161473\/revisions\/161475"}],"wp:featuredmedia":[{"embeddable":true,"href":"https:\/\/centrourbano.com\/revista\/wp-json\/wp\/v2\/media\/161474"}],"wp:attachment":[{"href":"https:\/\/centrourbano.com\/revista\/wp-json\/wp\/v2\/media?parent=161473"}],"wp:term":[{"taxonomy":"category","embeddable":true,"href":"https:\/\/centrourbano.com\/revista\/wp-json\/wp\/v2\/categories?post=161473"},{"taxonomy":"post_tag","embeddable":true,"href":"https:\/\/centrourbano.com\/revista\/wp-json\/wp\/v2\/tags?post=161473"}],"curies":[{"name":"wp","href":"https:\/\/api.w.org\/{rel}","templated":true}]}}