{"id":161470,"date":"2026-04-29T18:42:19","date_gmt":"2026-04-30T00:42:19","guid":{"rendered":"https:\/\/centrourbano.com\/revista\/?p=161470"},"modified":"2026-04-29T18:42:19","modified_gmt":"2026-04-30T00:42:19","slug":"uia-programa-congreso-2026","status":"publish","type":"post","link":"https:\/\/centrourbano.com\/revista\/arquitectura-2\/uia-programa-congreso-2026\/","title":{"rendered":"UIA revela el programa del Congreso Mundial de Arquitectos 2026"},"content":{"rendered":"<p><em>El Congreso reunir\u00e1 a miles de profesionales con exposiciones, recorridos urbanos y m\u00e1s de 100 sesiones sobre el futuro de la arquitectura<\/em><!--more--><\/p>\n<p>La <strong>Uni\u00f3n Internacional de Arquitectos<\/strong> (<strong>UIA<\/strong>) present\u00f3 el programa completo del <strong>Congreso Mundial de Arquitectos 2026<\/strong>, uno de los encuentros m\u00e1s importantes del sector a nivel global, que se celebrar\u00e1 del 28 de junio al 2 de julio en <strong>Barcelona<\/strong>, Espa\u00f1a, bajo el lema \u2018<strong>Becoming. Architectures for a Planet in Transition\u2019<\/strong>.<\/p>\n<p>El congreso espera reunir a cerca de <strong>10,000 participantes de m\u00e1s de 130 pa\u00edses<\/strong>, entre arquitectos, investigadores, estudiantes y profesionales del dise\u00f1o urbano, consolidando a Barcelona como epicentro internacional del debate arquitect\u00f3nico.<\/p>\n<p>El programa contempla m\u00e1s de <strong>100 sesiones<\/strong> distribuidas en ocho escenarios, adem\u00e1s de una <strong>exposici\u00f3n central<\/strong> de 4,000 metros cuadrados y m\u00e1s de <strong>70 itinerarios arquitect\u00f3nicos <\/strong>que se desplegar\u00e1n por distintos puntos de la ciudad, con actividades abiertas tambi\u00e9n al p\u00fablico general.<\/p>\n<h2><strong>Una ciudad convertida en laboratorio urbano<\/strong><\/h2>\n<p>A diferencia de otros congresos tradicionales, <strong>UIA 2026 Barcelona<\/strong> se plantea como un evento distribuido en <strong>m\u00faltiples sedes y contextos urbanos<\/strong>, con la intenci\u00f3n de transformar a la ciudad en un gran laboratorio de reflexi\u00f3n sobre el futuro de la arquitectura.<\/p>\n<p>El encuentro estar\u00e1 estructurado en torno a seis grandes ejes tem\u00e1ticos o \u2018<strong>Becomings\u2019<\/strong>, enfocados en temas como transici\u00f3n ecol\u00f3gica, vivienda, recursos, equidad, cuidado y nuevas formas de habitar el territorio.<\/p>\n<p>Asimismo, la propuesta busca explorar c\u00f3mo la <strong>arquitectura<\/strong> puede responder a los <strong>desaf\u00edos sociales, ambientales y urbanos<\/strong> del presente.<\/p>\n<p>Adem\u00e1s de conferencias magistrales y paneles de discusi\u00f3n, el programa incluir\u00e1 exposiciones, instalaciones urbanas, recorridos guiados y encuentros interdisciplinarios que conectar\u00e1n la pr\u00e1ctica arquitect\u00f3nica con la ciudadan\u00eda.<\/p>\n<h2><strong>Referentes globales de la arquitectura<\/strong><\/h2>\n<p>Entre los participantes confirmados destacan figuras internacionales como <strong>Shigeru Ban<\/strong>, <strong>Wang Shu<\/strong>, <strong>Anne Lacaton<\/strong>, <strong>Jean-Philippe Vassal<\/strong> y <strong>Marina Tabassum<\/strong>, adem\u00e1s de colectivos y estudios como Forensic Architecture, Assemble y Lacol.<\/p>\n<p>La edici\u00f3n 2026 cobra especial relevancia porque <strong>Barcelona<\/strong> tambi\u00e9n ostenta el nombramiento de <strong>Capital Mundial de la Arquitectura de la UNESCO<\/strong>, una distinci\u00f3n que reconoce su compromiso con el urbanismo, la sostenibilidad y la innovaci\u00f3n arquitect\u00f3nica.<\/p>\n<p>Con ello, la ciudad no solo ser\u00e1 sede de uno de los foros m\u00e1s relevantes de la disciplina, sino tambi\u00e9n escaparate de nuevas formas de pensar y construir el espacio urbano contempor\u00e1neo.<\/p>\n","protected":false},"excerpt":{"rendered":"<p>El Congreso reunir\u00e1 a miles de profesionales con exposiciones, recorridos urbanos y m\u00e1s de 100 sesiones sobre el futuro de la arquitectura<\/p>\n","protected":false},"author":73,"featured_media":161471,"comment_status":"open","ping_status":"closed","sticky":false,"template":"","format":"standard","meta":{"om_disable_all_campaigns":false,"inline_featured_image":false,"_monsterinsights_skip_tracking":false,"_monsterinsights_sitenote_active":false,"_monsterinsights_sitenote_note":"","_monsterinsights_sitenote_category":0,"footnotes":""},"categories":[81],"tags":[],"class_list":["post-161470","post","type-post","status-publish","format-standard","has-post-thumbnail","hentry","category-arquitectura-2"],"yoast_head":"<!-- This site is optimized with the Yoast SEO plugin v27.5 - https:\/\/yoast.com\/product\/yoast-seo-wordpress\/ -->\n<title>UIA revela el programa del Congreso Mundial de Arquitectos 2026<\/title>\n<meta name=\"description\" content=\"El Congreso reunir\u00e1 a miles de profesionales con exposiciones, recorridos urbanos y m\u00e1s de 100 sesiones sobre el futuro de la arquitectura\" \/>\n<meta name=\"robots\" content=\"index, follow, max-snippet:-1, max-image-preview:large, max-video-preview:-1\" \/>\n<link rel=\"canonical\" href=\"https:\/\/centrourbano.com\/revista\/arquitectura-2\/uia-programa-congreso-2026\/\" \/>\n<meta property=\"og:locale\" content=\"es_ES\" \/>\n<meta property=\"og:type\" content=\"article\" \/>\n<meta property=\"og:title\" content=\"UIA revela el programa del Congreso Mundial de Arquitectos 2026\" \/>\n<meta property=\"og:description\" content=\"El Congreso reunir\u00e1 a miles de profesionales con exposiciones, recorridos urbanos y m\u00e1s de 100 sesiones sobre el futuro de la arquitectura\" \/>\n<meta property=\"og:url\" content=\"https:\/\/centrourbano.com\/revista\/arquitectura-2\/uia-programa-congreso-2026\/\" \/>\n<meta property=\"og:site_name\" content=\"Centro Urbano\" \/>\n<meta property=\"article:publisher\" content=\"https:\/\/www.facebook.com\/portalcentrourbano\" \/>\n<meta property=\"article:published_time\" content=\"2026-04-30T00:42:19+00:00\" \/>\n<meta property=\"og:image\" content=\"https:\/\/centrourbano.com\/revista\/wp-content\/uploads\/Captura-de-pantalla-2026-04-29-a-las-18.41.10.png\" \/>\n\t<meta property=\"og:image:width\" content=\"1198\" \/>\n\t<meta property=\"og:image:height\" content=\"997\" \/>\n\t<meta property=\"og:image:type\" content=\"image\/png\" \/>\n<meta name=\"author\" content=\"Fernanda Hern\u00e1ndez\" \/>\n<meta name=\"twitter:card\" content=\"summary_large_image\" \/>\n<meta name=\"twitter:creator\" content=\"@https:\/\/twitter.com\/Nannz_Hernandez\" \/>\n<meta name=\"twitter:site\" content=\"@CentroUrbano\" \/>\n<meta name=\"twitter:label1\" content=\"Escrito por\" \/>\n\t<meta name=\"twitter:data1\" content=\"Fernanda Hern\u00e1ndez\" \/>\n\t<meta name=\"twitter:label2\" content=\"Tiempo de lectura\" \/>\n\t<meta name=\"twitter:data2\" content=\"2 minutos\" \/>\n<script type=\"application\/ld+json\" class=\"yoast-schema-graph\">{\"@context\":\"https:\\\/\\\/schema.org\",\"@graph\":[{\"@type\":\"Article\",\"@id\":\"https:\\\/\\\/centrourbano.com\\\/revista\\\/arquitectura-2\\\/uia-programa-congreso-2026\\\/#article\",\"isPartOf\":{\"@id\":\"https:\\\/\\\/centrourbano.com\\\/revista\\\/arquitectura-2\\\/uia-programa-congreso-2026\\\/\"},\"author\":{\"name\":\"Fernanda Hern\u00e1ndez\",\"@id\":\"https:\\\/\\\/centrourbano.com\\\/revista\\\/#\\\/schema\\\/person\\\/bc284507d99af21c6df75a3f1924b95c\"},\"headline\":\"UIA revela el programa del Congreso Mundial de Arquitectos 2026\",\"datePublished\":\"2026-04-30T00:42:19+00:00\",\"mainEntityOfPage\":{\"@id\":\"https:\\\/\\\/centrourbano.com\\\/revista\\\/arquitectura-2\\\/uia-programa-congreso-2026\\\/\"},\"wordCount\":410,\"commentCount\":0,\"publisher\":{\"@id\":\"https:\\\/\\\/centrourbano.com\\\/revista\\\/#organization\"},\"image\":{\"@id\":\"https:\\\/\\\/centrourbano.com\\\/revista\\\/arquitectura-2\\\/uia-programa-congreso-2026\\\/#primaryimage\"},\"thumbnailUrl\":\"https:\\\/\\\/centrourbano.com\\\/revista\\\/wp-content\\\/uploads\\\/Captura-de-pantalla-2026-04-29-a-las-18.41.10.png\",\"articleSection\":[\"Arquitectura\"],\"inLanguage\":\"es\",\"potentialAction\":[{\"@type\":\"CommentAction\",\"name\":\"Comment\",\"target\":[\"https:\\\/\\\/centrourbano.com\\\/revista\\\/arquitectura-2\\\/uia-programa-congreso-2026\\\/#respond\"]}]},{\"@type\":\"WebPage\",\"@id\":\"https:\\\/\\\/centrourbano.com\\\/revista\\\/arquitectura-2\\\/uia-programa-congreso-2026\\\/\",\"url\":\"https:\\\/\\\/centrourbano.com\\\/revista\\\/arquitectura-2\\\/uia-programa-congreso-2026\\\/\",\"name\":\"UIA revela el programa del Congreso Mundial de Arquitectos 2026\",\"isPartOf\":{\"@id\":\"https:\\\/\\\/centrourbano.com\\\/revista\\\/#website\"},\"primaryImageOfPage\":{\"@id\":\"https:\\\/\\\/centrourbano.com\\\/revista\\\/arquitectura-2\\\/uia-programa-congreso-2026\\\/#primaryimage\"},\"image\":{\"@id\":\"https:\\\/\\\/centrourbano.com\\\/revista\\\/arquitectura-2\\\/uia-programa-congreso-2026\\\/#primaryimage\"},\"thumbnailUrl\":\"https:\\\/\\\/centrourbano.com\\\/revista\\\/wp-content\\\/uploads\\\/Captura-de-pantalla-2026-04-29-a-las-18.41.10.png\",\"datePublished\":\"2026-04-30T00:42:19+00:00\",\"description\":\"El Congreso reunir\u00e1 a miles de profesionales con exposiciones, recorridos urbanos y m\u00e1s de 100 sesiones sobre el futuro de la arquitectura\",\"breadcrumb\":{\"@id\":\"https:\\\/\\\/centrourbano.com\\\/revista\\\/arquitectura-2\\\/uia-programa-congreso-2026\\\/#breadcrumb\"},\"inLanguage\":\"es\",\"potentialAction\":[{\"@type\":\"ReadAction\",\"target\":[\"https:\\\/\\\/centrourbano.com\\\/revista\\\/arquitectura-2\\\/uia-programa-congreso-2026\\\/\"]}]},{\"@type\":\"ImageObject\",\"inLanguage\":\"es\",\"@id\":\"https:\\\/\\\/centrourbano.com\\\/revista\\\/arquitectura-2\\\/uia-programa-congreso-2026\\\/#primaryimage\",\"url\":\"https:\\\/\\\/centrourbano.com\\\/revista\\\/wp-content\\\/uploads\\\/Captura-de-pantalla-2026-04-29-a-las-18.41.10.png\",\"contentUrl\":\"https:\\\/\\\/centrourbano.com\\\/revista\\\/wp-content\\\/uploads\\\/Captura-de-pantalla-2026-04-29-a-las-18.41.10.png\",\"width\":1198,\"height\":997,\"caption\":\"El Congreso reunir\u00e1 a miles de profesionales con exposiciones, recorridos urbanos y m\u00e1s de 100 sesiones sobre el futuro de la arquitectura\"},{\"@type\":\"BreadcrumbList\",\"@id\":\"https:\\\/\\\/centrourbano.com\\\/revista\\\/arquitectura-2\\\/uia-programa-congreso-2026\\\/#breadcrumb\",\"itemListElement\":[{\"@type\":\"ListItem\",\"position\":1,\"name\":\"Portada\",\"item\":\"https:\\\/\\\/centrourbano.com\\\/revista\\\/\"},{\"@type\":\"ListItem\",\"position\":2,\"name\":\"UIA revela el programa del Congreso Mundial de Arquitectos 2026\"}]},{\"@type\":\"WebSite\",\"@id\":\"https:\\\/\\\/centrourbano.com\\\/revista\\\/#website\",\"url\":\"https:\\\/\\\/centrourbano.com\\\/revista\\\/\",\"name\":\"Centro Urbano\",\"description\":\"Medio especializado en los sectores vivienda, inmobiliario, construcci\u00f3n, arquitectura y urbanismo.\",\"publisher\":{\"@id\":\"https:\\\/\\\/centrourbano.com\\\/revista\\\/#organization\"},\"potentialAction\":[{\"@type\":\"SearchAction\",\"target\":{\"@type\":\"EntryPoint\",\"urlTemplate\":\"https:\\\/\\\/centrourbano.com\\\/revista\\\/?s={search_term_string}\"},\"query-input\":{\"@type\":\"PropertyValueSpecification\",\"valueRequired\":true,\"valueName\":\"search_term_string\"}}],\"inLanguage\":\"es\"},{\"@type\":\"Organization\",\"@id\":\"https:\\\/\\\/centrourbano.com\\\/revista\\\/#organization\",\"name\":\"Centro Urbano\",\"url\":\"https:\\\/\\\/centrourbano.com\\\/revista\\\/\",\"logo\":{\"@type\":\"ImageObject\",\"inLanguage\":\"es\",\"@id\":\"https:\\\/\\\/centrourbano.com\\\/revista\\\/#\\\/schema\\\/logo\\\/image\\\/\",\"url\":\"https:\\\/\\\/centrourbano.com\\\/revista\\\/wp-content\\\/uploads\\\/web_CU_logo-1.png\",\"contentUrl\":\"https:\\\/\\\/centrourbano.com\\\/revista\\\/wp-content\\\/uploads\\\/web_CU_logo-1.png\",\"width\":350,\"height\":91,\"caption\":\"Centro Urbano\"},\"image\":{\"@id\":\"https:\\\/\\\/centrourbano.com\\\/revista\\\/#\\\/schema\\\/logo\\\/image\\\/\"},\"sameAs\":[\"https:\\\/\\\/www.facebook.com\\\/portalcentrourbano\",\"https:\\\/\\\/x.com\\\/CentroUrbano\",\"https:\\\/\\\/www.instagram.com\\\/centro_urbano\\\/\",\"https:\\\/\\\/www.linkedin.com\\\/company\\\/centro-urbano\\\/\",\"http:\\\/\\\/www.youtube.com\\\/user\\\/portalcentrourbano\"]},{\"@type\":\"Person\",\"@id\":\"https:\\\/\\\/centrourbano.com\\\/revista\\\/#\\\/schema\\\/person\\\/bc284507d99af21c6df75a3f1924b95c\",\"name\":\"Fernanda Hern\u00e1ndez\",\"image\":{\"@type\":\"ImageObject\",\"inLanguage\":\"es\",\"@id\":\"https:\\\/\\\/secure.gravatar.com\\\/avatar\\\/9471831fb0a24eae9d32d826a7cb8ef07c34a41520aca1a0ab1f5c0903ba49b9?s=96&d=mm&r=g\",\"url\":\"https:\\\/\\\/secure.gravatar.com\\\/avatar\\\/9471831fb0a24eae9d32d826a7cb8ef07c34a41520aca1a0ab1f5c0903ba49b9?s=96&d=mm&r=g\",\"contentUrl\":\"https:\\\/\\\/secure.gravatar.com\\\/avatar\\\/9471831fb0a24eae9d32d826a7cb8ef07c34a41520aca1a0ab1f5c0903ba49b9?s=96&d=mm&r=g\",\"caption\":\"Fernanda Hern\u00e1ndez\"},\"description\":\"Reportera y redactora en Centro Urbano. Soy egresada de la licenciatura en Ciencias de la Comunicaci\u00f3n de la Facultad de Ciencias Pol\u00edticas y Sociales (UNAM). Me interesa la cultura, el urbanismo y la arquitectura. Amante del mundo digital, el cine, la m\u00fasica, la lectura y la escritura.\",\"sameAs\":[\"https:\\\/\\\/x.com\\\/https:\\\/\\\/twitter.com\\\/Nannz_Hernandez\"],\"url\":\"https:\\\/\\\/centrourbano.com\\\/revista\\\/author\\\/fernanda-hernandez\\\/\"}]}<\/script>\n<!-- \/ Yoast SEO plugin. -->","yoast_head_json":{"title":"UIA revela el programa del Congreso Mundial de Arquitectos 2026","description":"El Congreso reunir\u00e1 a miles de profesionales con exposiciones, recorridos urbanos y m\u00e1s de 100 sesiones sobre el futuro de la arquitectura","robots":{"index":"index","follow":"follow","max-snippet":"max-snippet:-1","max-image-preview":"max-image-preview:large","max-video-preview":"max-video-preview:-1"},"canonical":"https:\/\/centrourbano.com\/revista\/arquitectura-2\/uia-programa-congreso-2026\/","og_locale":"es_ES","og_type":"article","og_title":"UIA revela el programa del Congreso Mundial de Arquitectos 2026","og_description":"El Congreso reunir\u00e1 a miles de profesionales con exposiciones, recorridos urbanos y m\u00e1s de 100 sesiones sobre el futuro de la arquitectura","og_url":"https:\/\/centrourbano.com\/revista\/arquitectura-2\/uia-programa-congreso-2026\/","og_site_name":"Centro Urbano","article_publisher":"https:\/\/www.facebook.com\/portalcentrourbano","article_published_time":"2026-04-30T00:42:19+00:00","og_image":[{"width":1198,"height":997,"url":"https:\/\/centrourbano.com\/revista\/wp-content\/uploads\/Captura-de-pantalla-2026-04-29-a-las-18.41.10.png","type":"image\/png"}],"author":"Fernanda Hern\u00e1ndez","twitter_card":"summary_large_image","twitter_creator":"@https:\/\/twitter.com\/Nannz_Hernandez","twitter_site":"@CentroUrbano","twitter_misc":{"Escrito por":"Fernanda Hern\u00e1ndez","Tiempo de lectura":"2 minutos"},"schema":{"@context":"https:\/\/schema.org","@graph":[{"@type":"Article","@id":"https:\/\/centrourbano.com\/revista\/arquitectura-2\/uia-programa-congreso-2026\/#article","isPartOf":{"@id":"https:\/\/centrourbano.com\/revista\/arquitectura-2\/uia-programa-congreso-2026\/"},"author":{"name":"Fernanda Hern\u00e1ndez","@id":"https:\/\/centrourbano.com\/revista\/#\/schema\/person\/bc284507d99af21c6df75a3f1924b95c"},"headline":"UIA revela el programa del Congreso Mundial de Arquitectos 2026","datePublished":"2026-04-30T00:42:19+00:00","mainEntityOfPage":{"@id":"https:\/\/centrourbano.com\/revista\/arquitectura-2\/uia-programa-congreso-2026\/"},"wordCount":410,"commentCount":0,"publisher":{"@id":"https:\/\/centrourbano.com\/revista\/#organization"},"image":{"@id":"https:\/\/centrourbano.com\/revista\/arquitectura-2\/uia-programa-congreso-2026\/#primaryimage"},"thumbnailUrl":"https:\/\/centrourbano.com\/revista\/wp-content\/uploads\/Captura-de-pantalla-2026-04-29-a-las-18.41.10.png","articleSection":["Arquitectura"],"inLanguage":"es","potentialAction":[{"@type":"CommentAction","name":"Comment","target":["https:\/\/centrourbano.com\/revista\/arquitectura-2\/uia-programa-congreso-2026\/#respond"]}]},{"@type":"WebPage","@id":"https:\/\/centrourbano.com\/revista\/arquitectura-2\/uia-programa-congreso-2026\/","url":"https:\/\/centrourbano.com\/revista\/arquitectura-2\/uia-programa-congreso-2026\/","name":"UIA revela el programa del Congreso Mundial de Arquitectos 2026","isPartOf":{"@id":"https:\/\/centrourbano.com\/revista\/#website"},"primaryImageOfPage":{"@id":"https:\/\/centrourbano.com\/revista\/arquitectura-2\/uia-programa-congreso-2026\/#primaryimage"},"image":{"@id":"https:\/\/centrourbano.com\/revista\/arquitectura-2\/uia-programa-congreso-2026\/#primaryimage"},"thumbnailUrl":"https:\/\/centrourbano.com\/revista\/wp-content\/uploads\/Captura-de-pantalla-2026-04-29-a-las-18.41.10.png","datePublished":"2026-04-30T00:42:19+00:00","description":"El Congreso reunir\u00e1 a miles de profesionales con exposiciones, recorridos urbanos y m\u00e1s de 100 sesiones sobre el futuro de la arquitectura","breadcrumb":{"@id":"https:\/\/centrourbano.com\/revista\/arquitectura-2\/uia-programa-congreso-2026\/#breadcrumb"},"inLanguage":"es","potentialAction":[{"@type":"ReadAction","target":["https:\/\/centrourbano.com\/revista\/arquitectura-2\/uia-programa-congreso-2026\/"]}]},{"@type":"ImageObject","inLanguage":"es","@id":"https:\/\/centrourbano.com\/revista\/arquitectura-2\/uia-programa-congreso-2026\/#primaryimage","url":"https:\/\/centrourbano.com\/revista\/wp-content\/uploads\/Captura-de-pantalla-2026-04-29-a-las-18.41.10.png","contentUrl":"https:\/\/centrourbano.com\/revista\/wp-content\/uploads\/Captura-de-pantalla-2026-04-29-a-las-18.41.10.png","width":1198,"height":997,"caption":"El Congreso reunir\u00e1 a miles de profesionales con exposiciones, recorridos urbanos y m\u00e1s de 100 sesiones sobre el futuro de la arquitectura"},{"@type":"BreadcrumbList","@id":"https:\/\/centrourbano.com\/revista\/arquitectura-2\/uia-programa-congreso-2026\/#breadcrumb","itemListElement":[{"@type":"ListItem","position":1,"name":"Portada","item":"https:\/\/centrourbano.com\/revista\/"},{"@type":"ListItem","position":2,"name":"UIA revela el programa del Congreso Mundial de Arquitectos 2026"}]},{"@type":"WebSite","@id":"https:\/\/centrourbano.com\/revista\/#website","url":"https:\/\/centrourbano.com\/revista\/","name":"Centro Urbano","description":"Medio especializado en los sectores vivienda, inmobiliario, construcci\u00f3n, arquitectura y urbanismo.","publisher":{"@id":"https:\/\/centrourbano.com\/revista\/#organization"},"potentialAction":[{"@type":"SearchAction","target":{"@type":"EntryPoint","urlTemplate":"https:\/\/centrourbano.com\/revista\/?s={search_term_string}"},"query-input":{"@type":"PropertyValueSpecification","valueRequired":true,"valueName":"search_term_string"}}],"inLanguage":"es"},{"@type":"Organization","@id":"https:\/\/centrourbano.com\/revista\/#organization","name":"Centro Urbano","url":"https:\/\/centrourbano.com\/revista\/","logo":{"@type":"ImageObject","inLanguage":"es","@id":"https:\/\/centrourbano.com\/revista\/#\/schema\/logo\/image\/","url":"https:\/\/centrourbano.com\/revista\/wp-content\/uploads\/web_CU_logo-1.png","contentUrl":"https:\/\/centrourbano.com\/revista\/wp-content\/uploads\/web_CU_logo-1.png","width":350,"height":91,"caption":"Centro Urbano"},"image":{"@id":"https:\/\/centrourbano.com\/revista\/#\/schema\/logo\/image\/"},"sameAs":["https:\/\/www.facebook.com\/portalcentrourbano","https:\/\/x.com\/CentroUrbano","https:\/\/www.instagram.com\/centro_urbano\/","https:\/\/www.linkedin.com\/company\/centro-urbano\/","http:\/\/www.youtube.com\/user\/portalcentrourbano"]},{"@type":"Person","@id":"https:\/\/centrourbano.com\/revista\/#\/schema\/person\/bc284507d99af21c6df75a3f1924b95c","name":"Fernanda Hern\u00e1ndez","image":{"@type":"ImageObject","inLanguage":"es","@id":"https:\/\/secure.gravatar.com\/avatar\/9471831fb0a24eae9d32d826a7cb8ef07c34a41520aca1a0ab1f5c0903ba49b9?s=96&d=mm&r=g","url":"https:\/\/secure.gravatar.com\/avatar\/9471831fb0a24eae9d32d826a7cb8ef07c34a41520aca1a0ab1f5c0903ba49b9?s=96&d=mm&r=g","contentUrl":"https:\/\/secure.gravatar.com\/avatar\/9471831fb0a24eae9d32d826a7cb8ef07c34a41520aca1a0ab1f5c0903ba49b9?s=96&d=mm&r=g","caption":"Fernanda Hern\u00e1ndez"},"description":"Reportera y redactora en Centro Urbano. Soy egresada de la licenciatura en Ciencias de la Comunicaci\u00f3n de la Facultad de Ciencias Pol\u00edticas y Sociales (UNAM). Me interesa la cultura, el urbanismo y la arquitectura. Amante del mundo digital, el cine, la m\u00fasica, la lectura y la escritura.","sameAs":["https:\/\/x.com\/https:\/\/twitter.com\/Nannz_Hernandez"],"url":"https:\/\/centrourbano.com\/revista\/author\/fernanda-hernandez\/"}]}},"_links":{"self":[{"href":"https:\/\/centrourbano.com\/revista\/wp-json\/wp\/v2\/posts\/161470","targetHints":{"allow":["GET"]}}],"collection":[{"href":"https:\/\/centrourbano.com\/revista\/wp-json\/wp\/v2\/posts"}],"about":[{"href":"https:\/\/centrourbano.com\/revista\/wp-json\/wp\/v2\/types\/post"}],"author":[{"embeddable":true,"href":"https:\/\/centrourbano.com\/revista\/wp-json\/wp\/v2\/users\/73"}],"replies":[{"embeddable":true,"href":"https:\/\/centrourbano.com\/revista\/wp-json\/wp\/v2\/comments?post=161470"}],"version-history":[{"count":1,"href":"https:\/\/centrourbano.com\/revista\/wp-json\/wp\/v2\/posts\/161470\/revisions"}],"predecessor-version":[{"id":161472,"href":"https:\/\/centrourbano.com\/revista\/wp-json\/wp\/v2\/posts\/161470\/revisions\/161472"}],"wp:featuredmedia":[{"embeddable":true,"href":"https:\/\/centrourbano.com\/revista\/wp-json\/wp\/v2\/media\/161471"}],"wp:attachment":[{"href":"https:\/\/centrourbano.com\/revista\/wp-json\/wp\/v2\/media?parent=161470"}],"wp:term":[{"taxonomy":"category","embeddable":true,"href":"https:\/\/centrourbano.com\/revista\/wp-json\/wp\/v2\/categories?post=161470"},{"taxonomy":"post_tag","embeddable":true,"href":"https:\/\/centrourbano.com\/revista\/wp-json\/wp\/v2\/tags?post=161470"}],"curies":[{"name":"wp","href":"https:\/\/api.w.org\/{rel}","templated":true}]}}