{"id":161467,"date":"2026-04-29T17:38:58","date_gmt":"2026-04-29T23:38:58","guid":{"rendered":"https:\/\/centrourbano.com\/revista\/?p=161467"},"modified":"2026-04-29T17:38:58","modified_gmt":"2026-04-29T23:38:58","slug":"unam-asentamientos-irregulares-xochimilco","status":"publish","type":"post","link":"https:\/\/centrourbano.com\/revista\/urbanismo\/unam-asentamientos-irregulares-xochimilco\/","title":{"rendered":"UNAM impulsa ordenamiento de asentamientos irregulares de Xochimilco"},"content":{"rendered":"<p><em>Especialistas del IG UNAM realizar\u00e1n censos, diagn\u00f3sticos urbanos y an\u00e1lisis de riesgo para fortalecer la toma de decisiones en Xochimilco<\/em><!--more--><\/p>\n<p>Especialistas del <strong>Instituto de Geograf\u00eda <\/strong>de la <strong>Universidad Nacional Aut\u00f3noma de M\u00e9xico<\/strong> (<strong>UNAM<\/strong>) realizar\u00e1n <strong>Estudios de Afectaci\u00f3n Urbana Ambiental<\/strong> en 40 asentamientos humanos irregulares ubicados en 10 poblados de la alcald\u00eda Xochimilco, como parte de un acuerdo de colaboraci\u00f3n con el gobierno de la demarcaci\u00f3n.<\/p>\n<p>La <strong>directora del Instituto, Mar\u00eda Teresa S\u00e1nchez Salazar<\/strong>, y la <strong>alcaldesa Circe Camacho Bastida<\/strong> firmaron el convenio que permitir\u00e1 ampliar a una segunda fase la intervenci\u00f3n t\u00e9cnica en materia de <strong>ordenamiento territorial<\/strong>, la cual se extender\u00e1 hasta diciembre de 2026.<\/p>\n<p>La primera etapa, realizada de enero a marzo de este a\u00f1o, consisti\u00f3 en el proyecto \u2018<strong>An\u00e1lisis previos para la delimitaci\u00f3n y propuesta de poligonales para Asentamientos Humanos Irregulares\u2019<\/strong>, como fase inicial para 61 estudios de afectaci\u00f3n urbana y ambiental.<\/p>\n<h2><strong>Diagn\u00f3stico con base cient\u00edfica<\/strong><\/h2>\n<p>En esta nueva fase se levantar\u00e1 un <strong>censo<\/strong> en cada lote de los asentamientos, se captar\u00e1n <strong>im\u00e1genes con drones<\/strong>, se construir\u00e1n <strong>pol\u00edgonos a distintas escalas<\/strong> y se desarrollar\u00e1n <strong>an\u00e1lisis de riesgo<\/strong>, adem\u00e1s de diagn\u00f3sticos urbanos y ambientales.<\/p>\n<p>\u201cDamos continuidad a un trabajo conjunto y se reafirma la importancia de fortalecer los v\u00ednculos entre la <strong>UNAM<\/strong> y las autoridades de los distintos niveles de gobierno\u201d, afirm\u00f3 <strong>S\u00e1nchez Salazar<\/strong>.<\/p>\n<p>La acad\u00e9mica destac\u00f3 que el <strong>Instituto de Geograf\u00eda<\/strong> se ha consolidado como una entidad l\u00edder en temas de <strong>ordenamiento territorial<\/strong> a trav\u00e9s de estudios integrales con base cient\u00edfica, lo que permite aportar mayores elementos para la toma de decisiones informada sobre la gesti\u00f3n del territorio.<\/p>\n<p>Adem\u00e1s, record\u00f3 que desde 2013 se han desarrollado m\u00e1s de 80 <strong>estudios de afectaci\u00f3n urbana y ambiental<\/strong>, todos aprobados por las comisiones de evaluaci\u00f3n de asentamientos humanos irregulares de distintas alcald\u00edas.<\/p>\n<h2><strong>Vivienda y medio ambiente<\/strong><\/h2>\n<p>Por su parte, <strong>Circe Camacho<\/strong> se\u00f1al\u00f3 que el objetivo es atender esta problem\u00e1tica con visi\u00f3n integral, armonizando dos principios que hist\u00f3ricamente han estado en tensi\u00f3n: el <strong>derecho a una vivienda digna<\/strong> y la <strong>obligaci\u00f3n de proteger el medio ambiente<\/strong>.<\/p>\n<p>La alcaldesa explic\u00f3 que estos estudios no deben verse como un ejercicio t\u00e9cnico aislado, sino como el punto de partida de una pol\u00edtica p\u00fablica que reconoce una situaci\u00f3n que durante d\u00e9cadas fue ignorada.<\/p>\n<p>En tanto, el <strong>secretario acad\u00e9mico de la Coordinaci\u00f3n de la Investigaci\u00f3n Cient\u00edfica de la UNAM, Juan Servando N\u00fa\u00f1ez Farf\u00e1n<\/strong>, subray\u00f3 que este convenio confirma el valor de la colaboraci\u00f3n entre la Universidad y las instituciones p\u00fablicas para atender problemas estrat\u00e9gicos del pa\u00eds mediante el conocimiento cient\u00edfico.<\/p>\n","protected":false},"excerpt":{"rendered":"<p>Especialistas del IG UNAM realizar\u00e1n censos, diagn\u00f3sticos urbanos y an\u00e1lisis de riesgo para fortalecer la toma de decisiones en Xochimilco<\/p>\n","protected":false},"author":14,"featured_media":161468,"comment_status":"open","ping_status":"closed","sticky":false,"template":"","format":"standard","meta":{"om_disable_all_campaigns":false,"inline_featured_image":false,"_monsterinsights_skip_tracking":false,"_monsterinsights_sitenote_active":false,"_monsterinsights_sitenote_note":"","_monsterinsights_sitenote_category":0,"footnotes":""},"categories":[82],"tags":[166,12919,552,244,585],"class_list":["post-161467","post","type-post","status-publish","format-standard","has-post-thumbnail","hentry","category-urbanismo","tag-asentamientos-irregulares","tag-instituto-de-geografia","tag-ordenamiento-territorial","tag-unam","tag-xochimilco"],"yoast_head":"<!-- This site is optimized with the Yoast SEO plugin v27.5 - https:\/\/yoast.com\/product\/yoast-seo-wordpress\/ -->\n<title>UNAM impulsa ordenamiento de asentamientos irregulares de Xochimilco<\/title>\n<meta name=\"description\" content=\"Especialistas del IG UNAM realizar\u00e1n censos, diagn\u00f3sticos urbanos y an\u00e1lisis de riesgo para fortalecer la toma de decisiones en Xochimilco\" \/>\n<meta name=\"robots\" content=\"index, follow, max-snippet:-1, max-image-preview:large, max-video-preview:-1\" \/>\n<link rel=\"canonical\" href=\"https:\/\/centrourbano.com\/revista\/urbanismo\/unam-asentamientos-irregulares-xochimilco\/\" \/>\n<meta property=\"og:locale\" content=\"es_ES\" \/>\n<meta property=\"og:type\" content=\"article\" \/>\n<meta property=\"og:title\" content=\"UNAM impulsa ordenamiento de asentamientos irregulares de Xochimilco\" \/>\n<meta property=\"og:description\" content=\"Especialistas del IG UNAM realizar\u00e1n censos, diagn\u00f3sticos urbanos y an\u00e1lisis de riesgo para fortalecer la toma de decisiones en Xochimilco\" \/>\n<meta property=\"og:url\" content=\"https:\/\/centrourbano.com\/revista\/urbanismo\/unam-asentamientos-irregulares-xochimilco\/\" \/>\n<meta property=\"og:site_name\" content=\"Centro Urbano\" \/>\n<meta property=\"article:publisher\" content=\"https:\/\/www.facebook.com\/portalcentrourbano\" \/>\n<meta property=\"article:published_time\" content=\"2026-04-29T23:38:58+00:00\" \/>\n<meta property=\"og:image\" content=\"https:\/\/centrourbano.com\/revista\/wp-content\/uploads\/UNAM-impulsa-ordenamiento-de-asentamientos-irregulares-de-Xochimilco.jpg\" \/>\n\t<meta property=\"og:image:width\" content=\"1400\" \/>\n\t<meta property=\"og:image:height\" content=\"1230\" \/>\n\t<meta property=\"og:image:type\" content=\"image\/jpeg\" \/>\n<meta name=\"author\" content=\"Redacci\u00f3n Centro Urbano\" \/>\n<meta name=\"twitter:card\" content=\"summary_large_image\" \/>\n<meta name=\"twitter:creator\" content=\"@CentroUrbano\" \/>\n<meta name=\"twitter:site\" content=\"@CentroUrbano\" \/>\n<meta name=\"twitter:label1\" content=\"Escrito por\" \/>\n\t<meta name=\"twitter:data1\" content=\"Redacci\u00f3n Centro Urbano\" \/>\n\t<meta name=\"twitter:label2\" content=\"Tiempo de lectura\" \/>\n\t<meta name=\"twitter:data2\" content=\"3 minutos\" \/>\n<script type=\"application\/ld+json\" class=\"yoast-schema-graph\">{\"@context\":\"https:\\\/\\\/schema.org\",\"@graph\":[{\"@type\":\"Article\",\"@id\":\"https:\\\/\\\/centrourbano.com\\\/revista\\\/urbanismo\\\/unam-asentamientos-irregulares-xochimilco\\\/#article\",\"isPartOf\":{\"@id\":\"https:\\\/\\\/centrourbano.com\\\/revista\\\/urbanismo\\\/unam-asentamientos-irregulares-xochimilco\\\/\"},\"author\":{\"name\":\"Redacci\u00f3n Centro Urbano\",\"@id\":\"https:\\\/\\\/centrourbano.com\\\/revista\\\/#\\\/schema\\\/person\\\/5259f06e282c59482812d0e9a84a6440\"},\"headline\":\"UNAM impulsa ordenamiento de asentamientos irregulares de Xochimilco\",\"datePublished\":\"2026-04-29T23:38:58+00:00\",\"mainEntityOfPage\":{\"@id\":\"https:\\\/\\\/centrourbano.com\\\/revista\\\/urbanismo\\\/unam-asentamientos-irregulares-xochimilco\\\/\"},\"wordCount\":479,\"commentCount\":0,\"publisher\":{\"@id\":\"https:\\\/\\\/centrourbano.com\\\/revista\\\/#organization\"},\"image\":{\"@id\":\"https:\\\/\\\/centrourbano.com\\\/revista\\\/urbanismo\\\/unam-asentamientos-irregulares-xochimilco\\\/#primaryimage\"},\"thumbnailUrl\":\"https:\\\/\\\/centrourbano.com\\\/revista\\\/wp-content\\\/uploads\\\/UNAM-impulsa-ordenamiento-de-asentamientos-irregulares-de-Xochimilco.jpg\",\"keywords\":[\"Asentamientos irregulares\",\"Instituto de Geograf\u00eda\",\"ordenamiento territorial\",\"UNAM\",\"Xochimilco\"],\"articleSection\":[\"Urbanismo\"],\"inLanguage\":\"es\",\"potentialAction\":[{\"@type\":\"CommentAction\",\"name\":\"Comment\",\"target\":[\"https:\\\/\\\/centrourbano.com\\\/revista\\\/urbanismo\\\/unam-asentamientos-irregulares-xochimilco\\\/#respond\"]}]},{\"@type\":\"WebPage\",\"@id\":\"https:\\\/\\\/centrourbano.com\\\/revista\\\/urbanismo\\\/unam-asentamientos-irregulares-xochimilco\\\/\",\"url\":\"https:\\\/\\\/centrourbano.com\\\/revista\\\/urbanismo\\\/unam-asentamientos-irregulares-xochimilco\\\/\",\"name\":\"UNAM impulsa ordenamiento de asentamientos irregulares de Xochimilco\",\"isPartOf\":{\"@id\":\"https:\\\/\\\/centrourbano.com\\\/revista\\\/#website\"},\"primaryImageOfPage\":{\"@id\":\"https:\\\/\\\/centrourbano.com\\\/revista\\\/urbanismo\\\/unam-asentamientos-irregulares-xochimilco\\\/#primaryimage\"},\"image\":{\"@id\":\"https:\\\/\\\/centrourbano.com\\\/revista\\\/urbanismo\\\/unam-asentamientos-irregulares-xochimilco\\\/#primaryimage\"},\"thumbnailUrl\":\"https:\\\/\\\/centrourbano.com\\\/revista\\\/wp-content\\\/uploads\\\/UNAM-impulsa-ordenamiento-de-asentamientos-irregulares-de-Xochimilco.jpg\",\"datePublished\":\"2026-04-29T23:38:58+00:00\",\"description\":\"Especialistas del IG UNAM realizar\u00e1n censos, diagn\u00f3sticos urbanos y an\u00e1lisis de riesgo para fortalecer la toma de decisiones en Xochimilco\",\"breadcrumb\":{\"@id\":\"https:\\\/\\\/centrourbano.com\\\/revista\\\/urbanismo\\\/unam-asentamientos-irregulares-xochimilco\\\/#breadcrumb\"},\"inLanguage\":\"es\",\"potentialAction\":[{\"@type\":\"ReadAction\",\"target\":[\"https:\\\/\\\/centrourbano.com\\\/revista\\\/urbanismo\\\/unam-asentamientos-irregulares-xochimilco\\\/\"]}]},{\"@type\":\"ImageObject\",\"inLanguage\":\"es\",\"@id\":\"https:\\\/\\\/centrourbano.com\\\/revista\\\/urbanismo\\\/unam-asentamientos-irregulares-xochimilco\\\/#primaryimage\",\"url\":\"https:\\\/\\\/centrourbano.com\\\/revista\\\/wp-content\\\/uploads\\\/UNAM-impulsa-ordenamiento-de-asentamientos-irregulares-de-Xochimilco.jpg\",\"contentUrl\":\"https:\\\/\\\/centrourbano.com\\\/revista\\\/wp-content\\\/uploads\\\/UNAM-impulsa-ordenamiento-de-asentamientos-irregulares-de-Xochimilco.jpg\",\"width\":1400,\"height\":1230,\"caption\":\"Especialistas del IG UNAM realizar\u00e1n censos, diagn\u00f3sticos urbanos y an\u00e1lisis de riesgo para fortalecer la toma de decisiones en Xochimilco\"},{\"@type\":\"BreadcrumbList\",\"@id\":\"https:\\\/\\\/centrourbano.com\\\/revista\\\/urbanismo\\\/unam-asentamientos-irregulares-xochimilco\\\/#breadcrumb\",\"itemListElement\":[{\"@type\":\"ListItem\",\"position\":1,\"name\":\"Portada\",\"item\":\"https:\\\/\\\/centrourbano.com\\\/revista\\\/\"},{\"@type\":\"ListItem\",\"position\":2,\"name\":\"UNAM impulsa ordenamiento de asentamientos irregulares de Xochimilco\"}]},{\"@type\":\"WebSite\",\"@id\":\"https:\\\/\\\/centrourbano.com\\\/revista\\\/#website\",\"url\":\"https:\\\/\\\/centrourbano.com\\\/revista\\\/\",\"name\":\"Centro Urbano\",\"description\":\"Medio especializado en los sectores vivienda, inmobiliario, construcci\u00f3n, arquitectura y urbanismo.\",\"publisher\":{\"@id\":\"https:\\\/\\\/centrourbano.com\\\/revista\\\/#organization\"},\"potentialAction\":[{\"@type\":\"SearchAction\",\"target\":{\"@type\":\"EntryPoint\",\"urlTemplate\":\"https:\\\/\\\/centrourbano.com\\\/revista\\\/?s={search_term_string}\"},\"query-input\":{\"@type\":\"PropertyValueSpecification\",\"valueRequired\":true,\"valueName\":\"search_term_string\"}}],\"inLanguage\":\"es\"},{\"@type\":\"Organization\",\"@id\":\"https:\\\/\\\/centrourbano.com\\\/revista\\\/#organization\",\"name\":\"Centro Urbano\",\"url\":\"https:\\\/\\\/centrourbano.com\\\/revista\\\/\",\"logo\":{\"@type\":\"ImageObject\",\"inLanguage\":\"es\",\"@id\":\"https:\\\/\\\/centrourbano.com\\\/revista\\\/#\\\/schema\\\/logo\\\/image\\\/\",\"url\":\"https:\\\/\\\/centrourbano.com\\\/revista\\\/wp-content\\\/uploads\\\/web_CU_logo-1.png\",\"contentUrl\":\"https:\\\/\\\/centrourbano.com\\\/revista\\\/wp-content\\\/uploads\\\/web_CU_logo-1.png\",\"width\":350,\"height\":91,\"caption\":\"Centro Urbano\"},\"image\":{\"@id\":\"https:\\\/\\\/centrourbano.com\\\/revista\\\/#\\\/schema\\\/logo\\\/image\\\/\"},\"sameAs\":[\"https:\\\/\\\/www.facebook.com\\\/portalcentrourbano\",\"https:\\\/\\\/x.com\\\/CentroUrbano\",\"https:\\\/\\\/www.instagram.com\\\/centro_urbano\\\/\",\"https:\\\/\\\/www.linkedin.com\\\/company\\\/centro-urbano\\\/\",\"http:\\\/\\\/www.youtube.com\\\/user\\\/portalcentrourbano\"]},{\"@type\":\"Person\",\"@id\":\"https:\\\/\\\/centrourbano.com\\\/revista\\\/#\\\/schema\\\/person\\\/5259f06e282c59482812d0e9a84a6440\",\"name\":\"Redacci\u00f3n Centro Urbano\",\"image\":{\"@type\":\"ImageObject\",\"inLanguage\":\"es\",\"@id\":\"https:\\\/\\\/secure.gravatar.com\\\/avatar\\\/15a789f894398c0f311f3a7a2ee28032bbc0483098539da66b6a045aa810bf35?s=96&d=mm&r=g\",\"url\":\"https:\\\/\\\/secure.gravatar.com\\\/avatar\\\/15a789f894398c0f311f3a7a2ee28032bbc0483098539da66b6a045aa810bf35?s=96&d=mm&r=g\",\"contentUrl\":\"https:\\\/\\\/secure.gravatar.com\\\/avatar\\\/15a789f894398c0f311f3a7a2ee28032bbc0483098539da66b6a045aa810bf35?s=96&d=mm&r=g\",\"caption\":\"Redacci\u00f3n Centro Urbano\"},\"url\":\"https:\\\/\\\/centrourbano.com\\\/revista\\\/author\\\/editorial\\\/\"}]}<\/script>\n<!-- \/ Yoast SEO plugin. -->","yoast_head_json":{"title":"UNAM impulsa ordenamiento de asentamientos irregulares de Xochimilco","description":"Especialistas del IG UNAM realizar\u00e1n censos, diagn\u00f3sticos urbanos y an\u00e1lisis de riesgo para fortalecer la toma de decisiones en Xochimilco","robots":{"index":"index","follow":"follow","max-snippet":"max-snippet:-1","max-image-preview":"max-image-preview:large","max-video-preview":"max-video-preview:-1"},"canonical":"https:\/\/centrourbano.com\/revista\/urbanismo\/unam-asentamientos-irregulares-xochimilco\/","og_locale":"es_ES","og_type":"article","og_title":"UNAM impulsa ordenamiento de asentamientos irregulares de Xochimilco","og_description":"Especialistas del IG UNAM realizar\u00e1n censos, diagn\u00f3sticos urbanos y an\u00e1lisis de riesgo para fortalecer la toma de decisiones en Xochimilco","og_url":"https:\/\/centrourbano.com\/revista\/urbanismo\/unam-asentamientos-irregulares-xochimilco\/","og_site_name":"Centro Urbano","article_publisher":"https:\/\/www.facebook.com\/portalcentrourbano","article_published_time":"2026-04-29T23:38:58+00:00","og_image":[{"width":1400,"height":1230,"url":"https:\/\/centrourbano.com\/revista\/wp-content\/uploads\/UNAM-impulsa-ordenamiento-de-asentamientos-irregulares-de-Xochimilco.jpg","type":"image\/jpeg"}],"author":"Redacci\u00f3n Centro Urbano","twitter_card":"summary_large_image","twitter_creator":"@CentroUrbano","twitter_site":"@CentroUrbano","twitter_misc":{"Escrito por":"Redacci\u00f3n Centro Urbano","Tiempo de lectura":"3 minutos"},"schema":{"@context":"https:\/\/schema.org","@graph":[{"@type":"Article","@id":"https:\/\/centrourbano.com\/revista\/urbanismo\/unam-asentamientos-irregulares-xochimilco\/#article","isPartOf":{"@id":"https:\/\/centrourbano.com\/revista\/urbanismo\/unam-asentamientos-irregulares-xochimilco\/"},"author":{"name":"Redacci\u00f3n Centro Urbano","@id":"https:\/\/centrourbano.com\/revista\/#\/schema\/person\/5259f06e282c59482812d0e9a84a6440"},"headline":"UNAM impulsa ordenamiento de asentamientos irregulares de Xochimilco","datePublished":"2026-04-29T23:38:58+00:00","mainEntityOfPage":{"@id":"https:\/\/centrourbano.com\/revista\/urbanismo\/unam-asentamientos-irregulares-xochimilco\/"},"wordCount":479,"commentCount":0,"publisher":{"@id":"https:\/\/centrourbano.com\/revista\/#organization"},"image":{"@id":"https:\/\/centrourbano.com\/revista\/urbanismo\/unam-asentamientos-irregulares-xochimilco\/#primaryimage"},"thumbnailUrl":"https:\/\/centrourbano.com\/revista\/wp-content\/uploads\/UNAM-impulsa-ordenamiento-de-asentamientos-irregulares-de-Xochimilco.jpg","keywords":["Asentamientos irregulares","Instituto de Geograf\u00eda","ordenamiento territorial","UNAM","Xochimilco"],"articleSection":["Urbanismo"],"inLanguage":"es","potentialAction":[{"@type":"CommentAction","name":"Comment","target":["https:\/\/centrourbano.com\/revista\/urbanismo\/unam-asentamientos-irregulares-xochimilco\/#respond"]}]},{"@type":"WebPage","@id":"https:\/\/centrourbano.com\/revista\/urbanismo\/unam-asentamientos-irregulares-xochimilco\/","url":"https:\/\/centrourbano.com\/revista\/urbanismo\/unam-asentamientos-irregulares-xochimilco\/","name":"UNAM impulsa ordenamiento de asentamientos irregulares de Xochimilco","isPartOf":{"@id":"https:\/\/centrourbano.com\/revista\/#website"},"primaryImageOfPage":{"@id":"https:\/\/centrourbano.com\/revista\/urbanismo\/unam-asentamientos-irregulares-xochimilco\/#primaryimage"},"image":{"@id":"https:\/\/centrourbano.com\/revista\/urbanismo\/unam-asentamientos-irregulares-xochimilco\/#primaryimage"},"thumbnailUrl":"https:\/\/centrourbano.com\/revista\/wp-content\/uploads\/UNAM-impulsa-ordenamiento-de-asentamientos-irregulares-de-Xochimilco.jpg","datePublished":"2026-04-29T23:38:58+00:00","description":"Especialistas del IG UNAM realizar\u00e1n censos, diagn\u00f3sticos urbanos y an\u00e1lisis de riesgo para fortalecer la toma de decisiones en Xochimilco","breadcrumb":{"@id":"https:\/\/centrourbano.com\/revista\/urbanismo\/unam-asentamientos-irregulares-xochimilco\/#breadcrumb"},"inLanguage":"es","potentialAction":[{"@type":"ReadAction","target":["https:\/\/centrourbano.com\/revista\/urbanismo\/unam-asentamientos-irregulares-xochimilco\/"]}]},{"@type":"ImageObject","inLanguage":"es","@id":"https:\/\/centrourbano.com\/revista\/urbanismo\/unam-asentamientos-irregulares-xochimilco\/#primaryimage","url":"https:\/\/centrourbano.com\/revista\/wp-content\/uploads\/UNAM-impulsa-ordenamiento-de-asentamientos-irregulares-de-Xochimilco.jpg","contentUrl":"https:\/\/centrourbano.com\/revista\/wp-content\/uploads\/UNAM-impulsa-ordenamiento-de-asentamientos-irregulares-de-Xochimilco.jpg","width":1400,"height":1230,"caption":"Especialistas del IG UNAM realizar\u00e1n censos, diagn\u00f3sticos urbanos y an\u00e1lisis de riesgo para fortalecer la toma de decisiones en Xochimilco"},{"@type":"BreadcrumbList","@id":"https:\/\/centrourbano.com\/revista\/urbanismo\/unam-asentamientos-irregulares-xochimilco\/#breadcrumb","itemListElement":[{"@type":"ListItem","position":1,"name":"Portada","item":"https:\/\/centrourbano.com\/revista\/"},{"@type":"ListItem","position":2,"name":"UNAM impulsa ordenamiento de asentamientos irregulares de Xochimilco"}]},{"@type":"WebSite","@id":"https:\/\/centrourbano.com\/revista\/#website","url":"https:\/\/centrourbano.com\/revista\/","name":"Centro Urbano","description":"Medio especializado en los sectores vivienda, inmobiliario, construcci\u00f3n, arquitectura y urbanismo.","publisher":{"@id":"https:\/\/centrourbano.com\/revista\/#organization"},"potentialAction":[{"@type":"SearchAction","target":{"@type":"EntryPoint","urlTemplate":"https:\/\/centrourbano.com\/revista\/?s={search_term_string}"},"query-input":{"@type":"PropertyValueSpecification","valueRequired":true,"valueName":"search_term_string"}}],"inLanguage":"es"},{"@type":"Organization","@id":"https:\/\/centrourbano.com\/revista\/#organization","name":"Centro Urbano","url":"https:\/\/centrourbano.com\/revista\/","logo":{"@type":"ImageObject","inLanguage":"es","@id":"https:\/\/centrourbano.com\/revista\/#\/schema\/logo\/image\/","url":"https:\/\/centrourbano.com\/revista\/wp-content\/uploads\/web_CU_logo-1.png","contentUrl":"https:\/\/centrourbano.com\/revista\/wp-content\/uploads\/web_CU_logo-1.png","width":350,"height":91,"caption":"Centro Urbano"},"image":{"@id":"https:\/\/centrourbano.com\/revista\/#\/schema\/logo\/image\/"},"sameAs":["https:\/\/www.facebook.com\/portalcentrourbano","https:\/\/x.com\/CentroUrbano","https:\/\/www.instagram.com\/centro_urbano\/","https:\/\/www.linkedin.com\/company\/centro-urbano\/","http:\/\/www.youtube.com\/user\/portalcentrourbano"]},{"@type":"Person","@id":"https:\/\/centrourbano.com\/revista\/#\/schema\/person\/5259f06e282c59482812d0e9a84a6440","name":"Redacci\u00f3n Centro Urbano","image":{"@type":"ImageObject","inLanguage":"es","@id":"https:\/\/secure.gravatar.com\/avatar\/15a789f894398c0f311f3a7a2ee28032bbc0483098539da66b6a045aa810bf35?s=96&d=mm&r=g","url":"https:\/\/secure.gravatar.com\/avatar\/15a789f894398c0f311f3a7a2ee28032bbc0483098539da66b6a045aa810bf35?s=96&d=mm&r=g","contentUrl":"https:\/\/secure.gravatar.com\/avatar\/15a789f894398c0f311f3a7a2ee28032bbc0483098539da66b6a045aa810bf35?s=96&d=mm&r=g","caption":"Redacci\u00f3n Centro Urbano"},"url":"https:\/\/centrourbano.com\/revista\/author\/editorial\/"}]}},"_links":{"self":[{"href":"https:\/\/centrourbano.com\/revista\/wp-json\/wp\/v2\/posts\/161467","targetHints":{"allow":["GET"]}}],"collection":[{"href":"https:\/\/centrourbano.com\/revista\/wp-json\/wp\/v2\/posts"}],"about":[{"href":"https:\/\/centrourbano.com\/revista\/wp-json\/wp\/v2\/types\/post"}],"author":[{"embeddable":true,"href":"https:\/\/centrourbano.com\/revista\/wp-json\/wp\/v2\/users\/14"}],"replies":[{"embeddable":true,"href":"https:\/\/centrourbano.com\/revista\/wp-json\/wp\/v2\/comments?post=161467"}],"version-history":[{"count":1,"href":"https:\/\/centrourbano.com\/revista\/wp-json\/wp\/v2\/posts\/161467\/revisions"}],"predecessor-version":[{"id":161469,"href":"https:\/\/centrourbano.com\/revista\/wp-json\/wp\/v2\/posts\/161467\/revisions\/161469"}],"wp:featuredmedia":[{"embeddable":true,"href":"https:\/\/centrourbano.com\/revista\/wp-json\/wp\/v2\/media\/161468"}],"wp:attachment":[{"href":"https:\/\/centrourbano.com\/revista\/wp-json\/wp\/v2\/media?parent=161467"}],"wp:term":[{"taxonomy":"category","embeddable":true,"href":"https:\/\/centrourbano.com\/revista\/wp-json\/wp\/v2\/categories?post=161467"},{"taxonomy":"post_tag","embeddable":true,"href":"https:\/\/centrourbano.com\/revista\/wp-json\/wp\/v2\/tags?post=161467"}],"curies":[{"name":"wp","href":"https:\/\/api.w.org\/{rel}","templated":true}]}}