{"id":161464,"date":"2026-04-29T16:35:26","date_gmt":"2026-04-29T22:35:26","guid":{"rendered":"https:\/\/centrourbano.com\/revista\/?p=161464"},"modified":"2026-04-29T16:35:26","modified_gmt":"2026-04-29T22:35:26","slug":"imposible-generar-vivienda-alcaldias-gordon","status":"publish","type":"post","link":"https:\/\/centrourbano.com\/revista\/vivienda\/imposible-generar-vivienda-alcaldias-gordon\/","title":{"rendered":"Imposible generar vivienda en la mitad de las alcald\u00edas de CDMX: Gordon"},"content":{"rendered":"<p><em>El Presidente de Canadevi VM advierte que la falta de agua y un marco normativo obsoleto frenan la construcci\u00f3n de vivienda en la CDMX<\/em><\/p>\n<p><!--more--><\/p>\n<p>La <strong>generaci\u00f3n de vivienda en la Ciudad de M\u00e9xico enfrenta bloqueos estructurales<\/strong> que, en algunos casos, hacen inviable el desarrollo de nuevos proyectos, particularmente en el \u00e1mbito local, advirti\u00f3 Jorge Gordon, presidente de Canadevi Valle de M\u00e9xico.<\/p>\n<p>En el marco del<a href=\"https:\/\/www.youtube.com\/watch?v=Hj_nboYaCcY\" target=\"_blank\" rel=\"noopener\"> Foro Los Nuevos Retos de la Vivienda<\/a>, se\u00f1al\u00f3 que al menos la <strong>mitad de las alcald\u00edas carece de condiciones b\u00e1sicas<\/strong> <strong>para detonar oferta habitacional<\/strong>, lo que agrava el rezago en una de las zonas con mayor demanda del pa\u00eds.<\/p>\n<blockquote><p>\u201cHoy generar vivienda, que va a ser a trav\u00e9s de una alcald\u00eda, no se puede generar en la Ciudad de M\u00e9xico; yo dir\u00eda que la mitad de las alcald\u00edas no hay, por ejemplo, dotaci\u00f3n de agua en la gran mayor\u00eda\u201d, afirm\u00f3.<\/p><\/blockquote>\n<p>Este panorama cobra relevancia ante un <strong>d\u00e9ficit habitacional que contin\u00faa ampli\u00e1ndose<\/strong>. De acuerdo con Gordon, la producci\u00f3n de vivienda se mantiene en niveles m\u00ednimos frente al tama\u00f1o de la ciudad.<\/p>\n<blockquote><p>\u201cTenemos un d\u00e9ficit de vivienda terrible. 2025 yo creo que cerr\u00f3 con 4,000 viviendas en una ciudad de 9.3 millones de habitantes. Por supuesto que tenemos que pensar de manera metropolitana\u201d, indic\u00f3.<\/p><\/blockquote>\n<h2><strong>Normativa rezagada, el principal freno<\/strong><\/h2>\n<p>M\u00e1s all\u00e1 de las condiciones operativas, el principal obst\u00e1culo para detonar nueva vivienda es la <strong>falta de actualizaci\u00f3n del marco normativo<\/strong>, el cual ya no responde a la din\u00e1mica actual del mercado ni a las necesidades urbanas.<\/p>\n<p>En ese sentido, explic\u00f3 que, <strong>mientras la<\/strong> <strong>industria ha evolucionado, la regulaci\u00f3n<\/strong> se ha mantenido pr\u00e1cticamente <strong>sin cambios durante d\u00e9cadas<\/strong>, lo que limita la viabilidad de nuevos proyectos, especialmente en zonas intraurbanas.<\/p>\n<blockquote><p>\u201cTenemos un mercado que, por supuesto, ha avanzado, pero el entorno se ha quedado est\u00e1tico; es decir, las normas de la Ciudad de M\u00e9xico datan de 2005; en el Estado de M\u00e9xico tienen m\u00e1s de 60 a\u00f1os, su \u00faltima actualizaci\u00f3n fue en 2021\u201d, detall\u00f3.<\/p><\/blockquote>\n<p>El impacto de este rezago se refleja en <strong>mayores costos y restricciones para el desarrollo de vivienda vertical y asequible<\/strong>, particularmente en zonas consolidadas donde existe mayor demanda.<\/p>\n<p>Aunque existe una narrativa institucional para impulsar la vivienda asequible, en la pr\u00e1ctica su desarrollo enfrenta m\u00faltiples limitantes normativas y sociales, lo que<strong> limita su construcci\u00f3n en \u00e1reas con alta presi\u00f3n urbana.<\/strong><\/p>\n<p>En entidades como el Estado de M\u00e9xico, las cargas regulatorias encarecen y limitan la vivienda intraurbana, mientras que en la capital las restricciones de uso de suelo y densidad tambi\u00e9n acotan su desarrollo.<\/p>\n<blockquote><p>\u201cEl problema es que la vivienda asequible en colonias con presi\u00f3n social es imposible hacerla, s\u00f3lo se puede hacer con un instrumento que se llama norma 26 y no aplica en solo de en zonas de conservaci\u00f3n\u201d, explic\u00f3.<\/p><\/blockquote>\n<p>Incluso en zonas con alta demanda, como la colonia Del Valle, las <strong>condiciones actuales impiden desarrollar vivienda de menor tama\u00f1o<\/strong>, lo que limita la oferta para segmentos de ingresos medios y bajos.<\/p>\n<h2><strong>Obst\u00e1culos locales y falta de alineaci\u00f3n<\/strong><\/h2>\n<p>A la par de los retos normativos, Gordon se\u00f1al\u00f3 que <strong>existen barreras a nivel de alcald\u00edas<\/strong> que dificultan a\u00fan m\u00e1s la ejecuci\u00f3n de proyectos, desde problemas de infraestructura hasta falta de alineaci\u00f3n institucional.<\/p>\n<blockquote><p>\u201cExisten muchas alcald\u00edas que es muy corrupta y es muy complicado que avance, es decir, la alcald\u00eda es muy f\u00e1cil decir \u2018yo no tengo inter\u00e9s de que haya vivienda\u2019 y no se alinean con la narrativa del gobierno federal y con la necesidad\u201d, afirm\u00f3.<\/p><\/blockquote>\n<p>Este contexto, dijo, genera incertidumbre para los desarrolladores y <strong>limita la capacidad de respuesta del sector<\/strong>, a pesar de que la demanda se mantiene s\u00f3lida.<\/p>\n<blockquote><p>\u201cEl mercado existe, realmente para una empresa como la que represento el problema no es la venta, el problema es tener producto para vender\u201d, sostuvo.<\/p><\/blockquote>\n<p>Destac\u00f3 que, si bien actualmente existe una narrativa en la que los gobiernos federal y estatal contemplan la construcci\u00f3n de vivienda, lo que ha facilitado la presentaci\u00f3n de proyectos, con \u00e9nfasis en unidades de inter\u00e9s social, <strong>a\u00fan es necesario que los gobiernos locales se alineen a esta estrategia.<\/strong><\/p>\n<p>Frente a este escenario, el Presidente de<a href=\"https:\/\/centrourbano.com\/revista\/?s=canadevi+vm\" target=\"_blank\" rel=\"noopener\"> Canadevi VM<\/a> consider\u00f3 que el Plan General de Desarrollo representa una <strong>oportunidad para actualizar las reglas del sector<\/strong> y alinear la pol\u00edtica urbana con la realidad del mercado.<\/p>\n<blockquote><p>\u201cSi no actualizamos el marco normativo estamos fritos, esa es la realidad. Realmente el llamado es a que nos actualicemos con el marco normativo, porque la realidad no corresponde al momento en que se hizo. Tenemos una oportunidad con el Plan General de Desarrollo, tenemos que en cierta manera apoyarlo, tenemos que ver que suceda y que de ah\u00ed se emanen nuevas normas para que pueda haber vivienda\u201d<\/p><\/blockquote>\n<p>Finalmente, Gordon subray\u00f3 la necesidad de adoptar una visi\u00f3n metropolitana que articule a la Ciudad de M\u00e9xico y al Estado de M\u00e9xico, a fin de <strong>atender el rezago habitacional con una estrategia conjunta.<\/strong><\/p>\n<blockquote><p>\u201cEl Estado de M\u00e9xico y la Ciudad de M\u00e9xico por supuesto que est\u00e1n vinculadas y deber\u00eda de haber un plan en donde trabajen de la mano, pero tenemos que lograr que eso suceda. Mi gesti\u00f3n se tiene que basar en que se actualicen, se actualicen las reglas del juego\u201d, concluy\u00f3.<\/p><\/blockquote>\n","protected":false},"excerpt":{"rendered":"<p>El Presidente de Canadevi VM advierte que la falta de agua y un marco normativo obsoleto frenan la construcci\u00f3n de vivienda en la CDMX<\/p>\n","protected":false},"author":88,"featured_media":161465,"comment_status":"open","ping_status":"closed","sticky":false,"template":"","format":"standard","meta":{"om_disable_all_campaigns":false,"inline_featured_image":false,"_monsterinsights_skip_tracking":false,"_monsterinsights_sitenote_active":false,"_monsterinsights_sitenote_note":"","_monsterinsights_sitenote_category":0,"footnotes":""},"categories":[12],"tags":[985,3364,60],"class_list":["post-161464","post","type-post","status-publish","format-standard","has-post-thumbnail","hentry","category-vivienda","tag-canadevi-vm","tag-construccion-de-vivienda","tag-vivienda-2"],"yoast_head":"<!-- This site is optimized with the Yoast SEO plugin v27.5 - https:\/\/yoast.com\/product\/yoast-seo-wordpress\/ -->\n<title>Imposible generar vivienda en la mitad de las alcald\u00edas de CDMX: Gordon<\/title>\n<meta name=\"description\" content=\"El Presidente de Canadevi VM advierte que la falta de agua y un marco normativo obsoleto frenan la construcci\u00f3n de vivienda en la CDMX\" \/>\n<meta name=\"robots\" content=\"index, follow, max-snippet:-1, max-image-preview:large, max-video-preview:-1\" \/>\n<link rel=\"canonical\" href=\"https:\/\/centrourbano.com\/revista\/vivienda\/imposible-generar-vivienda-alcaldias-gordon\/\" \/>\n<meta property=\"og:locale\" content=\"es_ES\" \/>\n<meta property=\"og:type\" content=\"article\" \/>\n<meta property=\"og:title\" content=\"Imposible generar vivienda en la mitad de las alcald\u00edas de CDMX: Gordon\" \/>\n<meta property=\"og:description\" content=\"El Presidente de Canadevi VM advierte que la falta de agua y un marco normativo obsoleto frenan la construcci\u00f3n de vivienda en la CDMX\" \/>\n<meta property=\"og:url\" content=\"https:\/\/centrourbano.com\/revista\/vivienda\/imposible-generar-vivienda-alcaldias-gordon\/\" \/>\n<meta property=\"og:site_name\" content=\"Centro Urbano\" \/>\n<meta property=\"article:publisher\" content=\"https:\/\/www.facebook.com\/portalcentrourbano\" \/>\n<meta property=\"article:published_time\" content=\"2026-04-29T22:35:26+00:00\" \/>\n<meta property=\"og:image\" content=\"https:\/\/centrourbano.com\/revista\/wp-content\/uploads\/Gordon.jpg\" \/>\n\t<meta property=\"og:image:width\" content=\"800\" \/>\n\t<meta property=\"og:image:height\" content=\"800\" \/>\n\t<meta property=\"og:image:type\" content=\"image\/jpeg\" \/>\n<meta name=\"author\" content=\"Rebeca Romero\" \/>\n<meta name=\"twitter:card\" content=\"summary_large_image\" \/>\n<meta name=\"twitter:creator\" content=\"@CentroUrbano\" \/>\n<meta name=\"twitter:site\" content=\"@CentroUrbano\" \/>\n<meta name=\"twitter:label1\" content=\"Escrito por\" \/>\n\t<meta name=\"twitter:data1\" content=\"Rebeca Romero\" \/>\n\t<meta name=\"twitter:label2\" content=\"Tiempo de lectura\" \/>\n\t<meta name=\"twitter:data2\" content=\"3 minutos\" \/>\n<script type=\"application\/ld+json\" class=\"yoast-schema-graph\">{\"@context\":\"https:\\\/\\\/schema.org\",\"@graph\":[{\"@type\":\"Article\",\"@id\":\"https:\\\/\\\/centrourbano.com\\\/revista\\\/vivienda\\\/imposible-generar-vivienda-alcaldias-gordon\\\/#article\",\"isPartOf\":{\"@id\":\"https:\\\/\\\/centrourbano.com\\\/revista\\\/vivienda\\\/imposible-generar-vivienda-alcaldias-gordon\\\/\"},\"author\":{\"name\":\"Rebeca Romero\",\"@id\":\"https:\\\/\\\/centrourbano.com\\\/revista\\\/#\\\/schema\\\/person\\\/585fcd52a02a59422de60d5ae8e0f491\"},\"headline\":\"Imposible generar vivienda en la mitad de las alcald\u00edas de CDMX: Gordon\",\"datePublished\":\"2026-04-29T22:35:26+00:00\",\"mainEntityOfPage\":{\"@id\":\"https:\\\/\\\/centrourbano.com\\\/revista\\\/vivienda\\\/imposible-generar-vivienda-alcaldias-gordon\\\/\"},\"wordCount\":932,\"commentCount\":0,\"publisher\":{\"@id\":\"https:\\\/\\\/centrourbano.com\\\/revista\\\/#organization\"},\"image\":{\"@id\":\"https:\\\/\\\/centrourbano.com\\\/revista\\\/vivienda\\\/imposible-generar-vivienda-alcaldias-gordon\\\/#primaryimage\"},\"thumbnailUrl\":\"https:\\\/\\\/centrourbano.com\\\/revista\\\/wp-content\\\/uploads\\\/Gordon.jpg\",\"keywords\":[\"Canadevi VM\",\"construccion de vivienda\",\"vivienda\"],\"articleSection\":[\"Vivienda\"],\"inLanguage\":\"es\",\"potentialAction\":[{\"@type\":\"CommentAction\",\"name\":\"Comment\",\"target\":[\"https:\\\/\\\/centrourbano.com\\\/revista\\\/vivienda\\\/imposible-generar-vivienda-alcaldias-gordon\\\/#respond\"]}]},{\"@type\":\"WebPage\",\"@id\":\"https:\\\/\\\/centrourbano.com\\\/revista\\\/vivienda\\\/imposible-generar-vivienda-alcaldias-gordon\\\/\",\"url\":\"https:\\\/\\\/centrourbano.com\\\/revista\\\/vivienda\\\/imposible-generar-vivienda-alcaldias-gordon\\\/\",\"name\":\"Imposible generar vivienda en la mitad de las alcald\u00edas de CDMX: Gordon\",\"isPartOf\":{\"@id\":\"https:\\\/\\\/centrourbano.com\\\/revista\\\/#website\"},\"primaryImageOfPage\":{\"@id\":\"https:\\\/\\\/centrourbano.com\\\/revista\\\/vivienda\\\/imposible-generar-vivienda-alcaldias-gordon\\\/#primaryimage\"},\"image\":{\"@id\":\"https:\\\/\\\/centrourbano.com\\\/revista\\\/vivienda\\\/imposible-generar-vivienda-alcaldias-gordon\\\/#primaryimage\"},\"thumbnailUrl\":\"https:\\\/\\\/centrourbano.com\\\/revista\\\/wp-content\\\/uploads\\\/Gordon.jpg\",\"datePublished\":\"2026-04-29T22:35:26+00:00\",\"description\":\"El Presidente de Canadevi VM advierte que la falta de agua y un marco normativo obsoleto frenan la construcci\u00f3n de vivienda en la CDMX\",\"breadcrumb\":{\"@id\":\"https:\\\/\\\/centrourbano.com\\\/revista\\\/vivienda\\\/imposible-generar-vivienda-alcaldias-gordon\\\/#breadcrumb\"},\"inLanguage\":\"es\",\"potentialAction\":[{\"@type\":\"ReadAction\",\"target\":[\"https:\\\/\\\/centrourbano.com\\\/revista\\\/vivienda\\\/imposible-generar-vivienda-alcaldias-gordon\\\/\"]}]},{\"@type\":\"ImageObject\",\"inLanguage\":\"es\",\"@id\":\"https:\\\/\\\/centrourbano.com\\\/revista\\\/vivienda\\\/imposible-generar-vivienda-alcaldias-gordon\\\/#primaryimage\",\"url\":\"https:\\\/\\\/centrourbano.com\\\/revista\\\/wp-content\\\/uploads\\\/Gordon.jpg\",\"contentUrl\":\"https:\\\/\\\/centrourbano.com\\\/revista\\\/wp-content\\\/uploads\\\/Gordon.jpg\",\"width\":800,\"height\":800,\"caption\":\"Imposible generar vivienda en la mitad de las alcald\u00edas de CDMX: Gordon\"},{\"@type\":\"BreadcrumbList\",\"@id\":\"https:\\\/\\\/centrourbano.com\\\/revista\\\/vivienda\\\/imposible-generar-vivienda-alcaldias-gordon\\\/#breadcrumb\",\"itemListElement\":[{\"@type\":\"ListItem\",\"position\":1,\"name\":\"Portada\",\"item\":\"https:\\\/\\\/centrourbano.com\\\/revista\\\/\"},{\"@type\":\"ListItem\",\"position\":2,\"name\":\"Imposible generar vivienda en la mitad de las alcald\u00edas de CDMX: Gordon\"}]},{\"@type\":\"WebSite\",\"@id\":\"https:\\\/\\\/centrourbano.com\\\/revista\\\/#website\",\"url\":\"https:\\\/\\\/centrourbano.com\\\/revista\\\/\",\"name\":\"Centro Urbano\",\"description\":\"Medio especializado en los sectores vivienda, inmobiliario, construcci\u00f3n, arquitectura y urbanismo.\",\"publisher\":{\"@id\":\"https:\\\/\\\/centrourbano.com\\\/revista\\\/#organization\"},\"potentialAction\":[{\"@type\":\"SearchAction\",\"target\":{\"@type\":\"EntryPoint\",\"urlTemplate\":\"https:\\\/\\\/centrourbano.com\\\/revista\\\/?s={search_term_string}\"},\"query-input\":{\"@type\":\"PropertyValueSpecification\",\"valueRequired\":true,\"valueName\":\"search_term_string\"}}],\"inLanguage\":\"es\"},{\"@type\":\"Organization\",\"@id\":\"https:\\\/\\\/centrourbano.com\\\/revista\\\/#organization\",\"name\":\"Centro Urbano\",\"url\":\"https:\\\/\\\/centrourbano.com\\\/revista\\\/\",\"logo\":{\"@type\":\"ImageObject\",\"inLanguage\":\"es\",\"@id\":\"https:\\\/\\\/centrourbano.com\\\/revista\\\/#\\\/schema\\\/logo\\\/image\\\/\",\"url\":\"https:\\\/\\\/centrourbano.com\\\/revista\\\/wp-content\\\/uploads\\\/web_CU_logo-1.png\",\"contentUrl\":\"https:\\\/\\\/centrourbano.com\\\/revista\\\/wp-content\\\/uploads\\\/web_CU_logo-1.png\",\"width\":350,\"height\":91,\"caption\":\"Centro Urbano\"},\"image\":{\"@id\":\"https:\\\/\\\/centrourbano.com\\\/revista\\\/#\\\/schema\\\/logo\\\/image\\\/\"},\"sameAs\":[\"https:\\\/\\\/www.facebook.com\\\/portalcentrourbano\",\"https:\\\/\\\/x.com\\\/CentroUrbano\",\"https:\\\/\\\/www.instagram.com\\\/centro_urbano\\\/\",\"https:\\\/\\\/www.linkedin.com\\\/company\\\/centro-urbano\\\/\",\"http:\\\/\\\/www.youtube.com\\\/user\\\/portalcentrourbano\"]},{\"@type\":\"Person\",\"@id\":\"https:\\\/\\\/centrourbano.com\\\/revista\\\/#\\\/schema\\\/person\\\/585fcd52a02a59422de60d5ae8e0f491\",\"name\":\"Rebeca Romero\",\"image\":{\"@type\":\"ImageObject\",\"inLanguage\":\"es\",\"@id\":\"https:\\\/\\\/secure.gravatar.com\\\/avatar\\\/aee0068ae3cc041082e0e84a8258fe5ccc00a733f187bde73b0b40d86b892826?s=96&d=mm&r=g\",\"url\":\"https:\\\/\\\/secure.gravatar.com\\\/avatar\\\/aee0068ae3cc041082e0e84a8258fe5ccc00a733f187bde73b0b40d86b892826?s=96&d=mm&r=g\",\"contentUrl\":\"https:\\\/\\\/secure.gravatar.com\\\/avatar\\\/aee0068ae3cc041082e0e84a8258fe5ccc00a733f187bde73b0b40d86b892826?s=96&d=mm&r=g\",\"caption\":\"Rebeca Romero\"},\"url\":\"https:\\\/\\\/centrourbano.com\\\/revista\\\/author\\\/rebeca-romero\\\/\"}]}<\/script>\n<!-- \/ Yoast SEO plugin. -->","yoast_head_json":{"title":"Imposible generar vivienda en la mitad de las alcald\u00edas de CDMX: Gordon","description":"El Presidente de Canadevi VM advierte que la falta de agua y un marco normativo obsoleto frenan la construcci\u00f3n de vivienda en la CDMX","robots":{"index":"index","follow":"follow","max-snippet":"max-snippet:-1","max-image-preview":"max-image-preview:large","max-video-preview":"max-video-preview:-1"},"canonical":"https:\/\/centrourbano.com\/revista\/vivienda\/imposible-generar-vivienda-alcaldias-gordon\/","og_locale":"es_ES","og_type":"article","og_title":"Imposible generar vivienda en la mitad de las alcald\u00edas de CDMX: Gordon","og_description":"El Presidente de Canadevi VM advierte que la falta de agua y un marco normativo obsoleto frenan la construcci\u00f3n de vivienda en la CDMX","og_url":"https:\/\/centrourbano.com\/revista\/vivienda\/imposible-generar-vivienda-alcaldias-gordon\/","og_site_name":"Centro Urbano","article_publisher":"https:\/\/www.facebook.com\/portalcentrourbano","article_published_time":"2026-04-29T22:35:26+00:00","og_image":[{"width":800,"height":800,"url":"https:\/\/centrourbano.com\/revista\/wp-content\/uploads\/Gordon.jpg","type":"image\/jpeg"}],"author":"Rebeca Romero","twitter_card":"summary_large_image","twitter_creator":"@CentroUrbano","twitter_site":"@CentroUrbano","twitter_misc":{"Escrito por":"Rebeca Romero","Tiempo de lectura":"3 minutos"},"schema":{"@context":"https:\/\/schema.org","@graph":[{"@type":"Article","@id":"https:\/\/centrourbano.com\/revista\/vivienda\/imposible-generar-vivienda-alcaldias-gordon\/#article","isPartOf":{"@id":"https:\/\/centrourbano.com\/revista\/vivienda\/imposible-generar-vivienda-alcaldias-gordon\/"},"author":{"name":"Rebeca Romero","@id":"https:\/\/centrourbano.com\/revista\/#\/schema\/person\/585fcd52a02a59422de60d5ae8e0f491"},"headline":"Imposible generar vivienda en la mitad de las alcald\u00edas de CDMX: Gordon","datePublished":"2026-04-29T22:35:26+00:00","mainEntityOfPage":{"@id":"https:\/\/centrourbano.com\/revista\/vivienda\/imposible-generar-vivienda-alcaldias-gordon\/"},"wordCount":932,"commentCount":0,"publisher":{"@id":"https:\/\/centrourbano.com\/revista\/#organization"},"image":{"@id":"https:\/\/centrourbano.com\/revista\/vivienda\/imposible-generar-vivienda-alcaldias-gordon\/#primaryimage"},"thumbnailUrl":"https:\/\/centrourbano.com\/revista\/wp-content\/uploads\/Gordon.jpg","keywords":["Canadevi VM","construccion de vivienda","vivienda"],"articleSection":["Vivienda"],"inLanguage":"es","potentialAction":[{"@type":"CommentAction","name":"Comment","target":["https:\/\/centrourbano.com\/revista\/vivienda\/imposible-generar-vivienda-alcaldias-gordon\/#respond"]}]},{"@type":"WebPage","@id":"https:\/\/centrourbano.com\/revista\/vivienda\/imposible-generar-vivienda-alcaldias-gordon\/","url":"https:\/\/centrourbano.com\/revista\/vivienda\/imposible-generar-vivienda-alcaldias-gordon\/","name":"Imposible generar vivienda en la mitad de las alcald\u00edas de CDMX: Gordon","isPartOf":{"@id":"https:\/\/centrourbano.com\/revista\/#website"},"primaryImageOfPage":{"@id":"https:\/\/centrourbano.com\/revista\/vivienda\/imposible-generar-vivienda-alcaldias-gordon\/#primaryimage"},"image":{"@id":"https:\/\/centrourbano.com\/revista\/vivienda\/imposible-generar-vivienda-alcaldias-gordon\/#primaryimage"},"thumbnailUrl":"https:\/\/centrourbano.com\/revista\/wp-content\/uploads\/Gordon.jpg","datePublished":"2026-04-29T22:35:26+00:00","description":"El Presidente de Canadevi VM advierte que la falta de agua y un marco normativo obsoleto frenan la construcci\u00f3n de vivienda en la CDMX","breadcrumb":{"@id":"https:\/\/centrourbano.com\/revista\/vivienda\/imposible-generar-vivienda-alcaldias-gordon\/#breadcrumb"},"inLanguage":"es","potentialAction":[{"@type":"ReadAction","target":["https:\/\/centrourbano.com\/revista\/vivienda\/imposible-generar-vivienda-alcaldias-gordon\/"]}]},{"@type":"ImageObject","inLanguage":"es","@id":"https:\/\/centrourbano.com\/revista\/vivienda\/imposible-generar-vivienda-alcaldias-gordon\/#primaryimage","url":"https:\/\/centrourbano.com\/revista\/wp-content\/uploads\/Gordon.jpg","contentUrl":"https:\/\/centrourbano.com\/revista\/wp-content\/uploads\/Gordon.jpg","width":800,"height":800,"caption":"Imposible generar vivienda en la mitad de las alcald\u00edas de CDMX: Gordon"},{"@type":"BreadcrumbList","@id":"https:\/\/centrourbano.com\/revista\/vivienda\/imposible-generar-vivienda-alcaldias-gordon\/#breadcrumb","itemListElement":[{"@type":"ListItem","position":1,"name":"Portada","item":"https:\/\/centrourbano.com\/revista\/"},{"@type":"ListItem","position":2,"name":"Imposible generar vivienda en la mitad de las alcald\u00edas de CDMX: Gordon"}]},{"@type":"WebSite","@id":"https:\/\/centrourbano.com\/revista\/#website","url":"https:\/\/centrourbano.com\/revista\/","name":"Centro Urbano","description":"Medio especializado en los sectores vivienda, inmobiliario, construcci\u00f3n, arquitectura y urbanismo.","publisher":{"@id":"https:\/\/centrourbano.com\/revista\/#organization"},"potentialAction":[{"@type":"SearchAction","target":{"@type":"EntryPoint","urlTemplate":"https:\/\/centrourbano.com\/revista\/?s={search_term_string}"},"query-input":{"@type":"PropertyValueSpecification","valueRequired":true,"valueName":"search_term_string"}}],"inLanguage":"es"},{"@type":"Organization","@id":"https:\/\/centrourbano.com\/revista\/#organization","name":"Centro Urbano","url":"https:\/\/centrourbano.com\/revista\/","logo":{"@type":"ImageObject","inLanguage":"es","@id":"https:\/\/centrourbano.com\/revista\/#\/schema\/logo\/image\/","url":"https:\/\/centrourbano.com\/revista\/wp-content\/uploads\/web_CU_logo-1.png","contentUrl":"https:\/\/centrourbano.com\/revista\/wp-content\/uploads\/web_CU_logo-1.png","width":350,"height":91,"caption":"Centro Urbano"},"image":{"@id":"https:\/\/centrourbano.com\/revista\/#\/schema\/logo\/image\/"},"sameAs":["https:\/\/www.facebook.com\/portalcentrourbano","https:\/\/x.com\/CentroUrbano","https:\/\/www.instagram.com\/centro_urbano\/","https:\/\/www.linkedin.com\/company\/centro-urbano\/","http:\/\/www.youtube.com\/user\/portalcentrourbano"]},{"@type":"Person","@id":"https:\/\/centrourbano.com\/revista\/#\/schema\/person\/585fcd52a02a59422de60d5ae8e0f491","name":"Rebeca Romero","image":{"@type":"ImageObject","inLanguage":"es","@id":"https:\/\/secure.gravatar.com\/avatar\/aee0068ae3cc041082e0e84a8258fe5ccc00a733f187bde73b0b40d86b892826?s=96&d=mm&r=g","url":"https:\/\/secure.gravatar.com\/avatar\/aee0068ae3cc041082e0e84a8258fe5ccc00a733f187bde73b0b40d86b892826?s=96&d=mm&r=g","contentUrl":"https:\/\/secure.gravatar.com\/avatar\/aee0068ae3cc041082e0e84a8258fe5ccc00a733f187bde73b0b40d86b892826?s=96&d=mm&r=g","caption":"Rebeca Romero"},"url":"https:\/\/centrourbano.com\/revista\/author\/rebeca-romero\/"}]}},"_links":{"self":[{"href":"https:\/\/centrourbano.com\/revista\/wp-json\/wp\/v2\/posts\/161464","targetHints":{"allow":["GET"]}}],"collection":[{"href":"https:\/\/centrourbano.com\/revista\/wp-json\/wp\/v2\/posts"}],"about":[{"href":"https:\/\/centrourbano.com\/revista\/wp-json\/wp\/v2\/types\/post"}],"author":[{"embeddable":true,"href":"https:\/\/centrourbano.com\/revista\/wp-json\/wp\/v2\/users\/88"}],"replies":[{"embeddable":true,"href":"https:\/\/centrourbano.com\/revista\/wp-json\/wp\/v2\/comments?post=161464"}],"version-history":[{"count":1,"href":"https:\/\/centrourbano.com\/revista\/wp-json\/wp\/v2\/posts\/161464\/revisions"}],"predecessor-version":[{"id":161466,"href":"https:\/\/centrourbano.com\/revista\/wp-json\/wp\/v2\/posts\/161464\/revisions\/161466"}],"wp:featuredmedia":[{"embeddable":true,"href":"https:\/\/centrourbano.com\/revista\/wp-json\/wp\/v2\/media\/161465"}],"wp:attachment":[{"href":"https:\/\/centrourbano.com\/revista\/wp-json\/wp\/v2\/media?parent=161464"}],"wp:term":[{"taxonomy":"category","embeddable":true,"href":"https:\/\/centrourbano.com\/revista\/wp-json\/wp\/v2\/categories?post=161464"},{"taxonomy":"post_tag","embeddable":true,"href":"https:\/\/centrourbano.com\/revista\/wp-json\/wp\/v2\/tags?post=161464"}],"curies":[{"name":"wp","href":"https:\/\/api.w.org\/{rel}","templated":true}]}}