{"id":161456,"date":"2026-04-29T13:01:40","date_gmt":"2026-04-29T19:01:40","guid":{"rendered":"https:\/\/centrourbano.com\/revista\/?p=161456"},"modified":"2026-04-29T13:01:40","modified_gmt":"2026-04-29T19:01:40","slug":"infonavit-extiende-piloto-trabajadores-apps","status":"publish","type":"post","link":"https:\/\/centrourbano.com\/revista\/vivienda\/infonavit-extiende-piloto-trabajadores-apps\/","title":{"rendered":"Infonavit extiende prueba piloto para trabajadores de plataformas digitales"},"content":{"rendered":"<p><em>Infonavit mantiene sin cambios el esquema mientras autoridades eval\u00faan resultados y posibles modificaciones a las obligaciones patronales<\/em><!--more--><\/p>\n<p data-start=\"371\" data-end=\"592\">El Infonavit <strong>ampli\u00f3 la vigencia de las reglas<\/strong> que regulan su participaci\u00f3n en la <strong>prueba piloto para la incorporaci\u00f3n de trabajadores de plataformas<\/strong> digitales al sistema de vivienda.<\/p>\n<p data-start=\"594\" data-end=\"839\">La medida, publicada en el Diario Oficial de la Federaci\u00f3n (DOF), da continuidad al <a href=\"https:\/\/centrourbano.com\/revista\/vivienda\/trabajadores-apps-infonavit\/\" target=\"_blank\" rel=\"noopener\">marco operativo emitido en 2025<\/a>, sin introducir cambios de fondo, pero con el objetivo de evitar interrupciones mientras <strong>se analizan los resultados del programa<\/strong>.<\/p>\n<p data-start=\"841\" data-end=\"1121\">El esquema deriva del decreto que reform\u00f3 la <span class=\"hover:entity-accent entity-underline inline cursor-pointer align-baseline\"><span class=\"whitespace-normal\">Ley Federal del Trabajo en materia de plataformas digitales<\/span><\/span>, publicado el 24 de diciembre de 2024, el cual reconoce la relaci\u00f3n laboral de quienes prestan servicios a trav\u00e9s de aplicaciones y establece <strong>obligaciones patronales en materia de seguridad social.<\/strong><\/p>\n<p data-start=\"1123\" data-end=\"1400\">En ese sentido, las plataformas digitales deben registrar a sus trabajadores desde el inicio de la relaci\u00f3n laboral ante el <span class=\"hover:entity-accent entity-underline inline cursor-pointer align-baseline\"><span class=\"whitespace-normal\">Instituto Mexicano del Seguro Social<\/span><\/span> (IMSS) y, en consecuencia, ante el Infonavit, lo que habilita su <strong>acceso al sistema de financiamiento a la vivienda.<\/strong><\/p>\n<p data-start=\"1402\" data-end=\"1586\">Adem\u00e1s, las empresas est\u00e1n obligadas a aportar el equivalente al <strong>5% del salario de los trabajadores al fondo de vivienda<\/strong>, con pagos bimestrales calculados sobre mensualidades vencidas.<\/p>\n<p data-start=\"1588\" data-end=\"1880\">Las disposiciones tambi\u00e9n consideran obligaciones operativas, como reportar movimientos laborales, permitir actos de verificaci\u00f3n por parte de la autoridad y mantener actualizada su informaci\u00f3n fiscal. El incumplimiento puede derivar en sanciones econ\u00f3micas conforme a la legislaci\u00f3n vigente.<\/p>\n<p data-start=\"1882\" data-end=\"2180\">Con la ampliaci\u00f3n, el Instituto establece que las <strong>reglas se mantendr\u00e1n vigentes hasta que se emitan nuevas disposiciones<\/strong>, en l\u00ednea con el proceso de evaluaci\u00f3n interinstitucional que se desarrolla junto con el <span class=\"hover:entity-accent entity-underline inline cursor-pointer align-baseline\"><span class=\"whitespace-normal\">Instituto Mexicano del Seguro Social<\/span><\/span> y la <span class=\"hover:entity-accent entity-underline inline cursor-pointer align-baseline\"><span class=\"whitespace-normal\">Secretar\u00eda del Trabajo y Previsi\u00f3n Social<\/span><\/span> (STPS).<\/p>\n<p data-start=\"2182\" data-end=\"2398\">Este an\u00e1lisis considera los resultados de la prueba piloto y el nivel de cumplimiento de las plataformas digitales, con el fin de <strong>determinar si es necesario ajustar las obligaciones patronales<\/strong> en materia de vivienda.<\/p>\n","protected":false},"excerpt":{"rendered":"<p>Infonavit mantiene sin cambios el esquema mientras autoridades eval\u00faan resultados y posibles modificaciones a las obligaciones patronales<\/p>\n","protected":false},"author":14,"featured_media":161458,"comment_status":"open","ping_status":"closed","sticky":false,"template":"","format":"standard","meta":{"om_disable_all_campaigns":false,"inline_featured_image":false,"_monsterinsights_skip_tracking":false,"_monsterinsights_sitenote_active":false,"_monsterinsights_sitenote_note":"","_monsterinsights_sitenote_category":0,"footnotes":""},"categories":[12],"tags":[15296,100,5733],"class_list":["post-161456","post","type-post","status-publish","format-standard","has-post-thumbnail","hentry","category-vivienda","tag-didi","tag-infonavit","tag-uber"],"yoast_head":"<!-- This site is optimized with the Yoast SEO plugin v27.5 - https:\/\/yoast.com\/product\/yoast-seo-wordpress\/ -->\n<title>Infonavit extiende prueba piloto para trabajadores de plataformas digitales<\/title>\n<meta name=\"description\" content=\"Infonavit mantiene sin cambios el esquema mientras autoridades eval\u00faan resultados y posibles modificaciones a las obligaciones patronales\" \/>\n<meta name=\"robots\" content=\"index, follow, max-snippet:-1, max-image-preview:large, max-video-preview:-1\" \/>\n<link rel=\"canonical\" href=\"https:\/\/centrourbano.com\/revista\/vivienda\/infonavit-extiende-piloto-trabajadores-apps\/\" \/>\n<meta property=\"og:locale\" content=\"es_ES\" \/>\n<meta property=\"og:type\" content=\"article\" \/>\n<meta property=\"og:title\" content=\"Infonavit extiende prueba piloto para trabajadores de plataformas digitales\" \/>\n<meta property=\"og:description\" content=\"Infonavit mantiene sin cambios el esquema mientras autoridades eval\u00faan resultados y posibles modificaciones a las obligaciones patronales\" \/>\n<meta property=\"og:url\" content=\"https:\/\/centrourbano.com\/revista\/vivienda\/infonavit-extiende-piloto-trabajadores-apps\/\" \/>\n<meta property=\"og:site_name\" content=\"Centro Urbano\" \/>\n<meta property=\"article:publisher\" content=\"https:\/\/www.facebook.com\/portalcentrourbano\" \/>\n<meta property=\"article:published_time\" content=\"2026-04-29T19:01:40+00:00\" \/>\n<meta property=\"og:image\" content=\"https:\/\/centrourbano.com\/revista\/wp-content\/uploads\/repartidores-1.jpg\" \/>\n\t<meta property=\"og:image:width\" content=\"800\" \/>\n\t<meta property=\"og:image:height\" content=\"800\" \/>\n\t<meta property=\"og:image:type\" content=\"image\/jpeg\" \/>\n<meta name=\"author\" content=\"Redacci\u00f3n Centro Urbano\" \/>\n<meta name=\"twitter:card\" content=\"summary_large_image\" \/>\n<meta name=\"twitter:creator\" content=\"@CentroUrbano\" \/>\n<meta name=\"twitter:site\" content=\"@CentroUrbano\" \/>\n<meta name=\"twitter:label1\" content=\"Escrito por\" \/>\n\t<meta name=\"twitter:data1\" content=\"Redacci\u00f3n Centro Urbano\" \/>\n\t<meta name=\"twitter:label2\" content=\"Tiempo de lectura\" \/>\n\t<meta name=\"twitter:data2\" content=\"2 minutos\" \/>\n<script type=\"application\/ld+json\" class=\"yoast-schema-graph\">{\"@context\":\"https:\\\/\\\/schema.org\",\"@graph\":[{\"@type\":\"Article\",\"@id\":\"https:\\\/\\\/centrourbano.com\\\/revista\\\/vivienda\\\/infonavit-extiende-piloto-trabajadores-apps\\\/#article\",\"isPartOf\":{\"@id\":\"https:\\\/\\\/centrourbano.com\\\/revista\\\/vivienda\\\/infonavit-extiende-piloto-trabajadores-apps\\\/\"},\"author\":{\"name\":\"Redacci\u00f3n Centro Urbano\",\"@id\":\"https:\\\/\\\/centrourbano.com\\\/revista\\\/#\\\/schema\\\/person\\\/5259f06e282c59482812d0e9a84a6440\"},\"headline\":\"Infonavit extiende prueba piloto para trabajadores de plataformas digitales\",\"datePublished\":\"2026-04-29T19:01:40+00:00\",\"mainEntityOfPage\":{\"@id\":\"https:\\\/\\\/centrourbano.com\\\/revista\\\/vivienda\\\/infonavit-extiende-piloto-trabajadores-apps\\\/\"},\"wordCount\":344,\"commentCount\":0,\"publisher\":{\"@id\":\"https:\\\/\\\/centrourbano.com\\\/revista\\\/#organization\"},\"image\":{\"@id\":\"https:\\\/\\\/centrourbano.com\\\/revista\\\/vivienda\\\/infonavit-extiende-piloto-trabajadores-apps\\\/#primaryimage\"},\"thumbnailUrl\":\"https:\\\/\\\/centrourbano.com\\\/revista\\\/wp-content\\\/uploads\\\/repartidores-1.jpg\",\"keywords\":[\"DiDi\",\"Infonavit\",\"Uber\"],\"articleSection\":[\"Vivienda\"],\"inLanguage\":\"es\",\"potentialAction\":[{\"@type\":\"CommentAction\",\"name\":\"Comment\",\"target\":[\"https:\\\/\\\/centrourbano.com\\\/revista\\\/vivienda\\\/infonavit-extiende-piloto-trabajadores-apps\\\/#respond\"]}]},{\"@type\":\"WebPage\",\"@id\":\"https:\\\/\\\/centrourbano.com\\\/revista\\\/vivienda\\\/infonavit-extiende-piloto-trabajadores-apps\\\/\",\"url\":\"https:\\\/\\\/centrourbano.com\\\/revista\\\/vivienda\\\/infonavit-extiende-piloto-trabajadores-apps\\\/\",\"name\":\"Infonavit extiende prueba piloto para trabajadores de plataformas digitales\",\"isPartOf\":{\"@id\":\"https:\\\/\\\/centrourbano.com\\\/revista\\\/#website\"},\"primaryImageOfPage\":{\"@id\":\"https:\\\/\\\/centrourbano.com\\\/revista\\\/vivienda\\\/infonavit-extiende-piloto-trabajadores-apps\\\/#primaryimage\"},\"image\":{\"@id\":\"https:\\\/\\\/centrourbano.com\\\/revista\\\/vivienda\\\/infonavit-extiende-piloto-trabajadores-apps\\\/#primaryimage\"},\"thumbnailUrl\":\"https:\\\/\\\/centrourbano.com\\\/revista\\\/wp-content\\\/uploads\\\/repartidores-1.jpg\",\"datePublished\":\"2026-04-29T19:01:40+00:00\",\"description\":\"Infonavit mantiene sin cambios el esquema mientras autoridades eval\u00faan resultados y posibles modificaciones a las obligaciones patronales\",\"breadcrumb\":{\"@id\":\"https:\\\/\\\/centrourbano.com\\\/revista\\\/vivienda\\\/infonavit-extiende-piloto-trabajadores-apps\\\/#breadcrumb\"},\"inLanguage\":\"es\",\"potentialAction\":[{\"@type\":\"ReadAction\",\"target\":[\"https:\\\/\\\/centrourbano.com\\\/revista\\\/vivienda\\\/infonavit-extiende-piloto-trabajadores-apps\\\/\"]}]},{\"@type\":\"ImageObject\",\"inLanguage\":\"es\",\"@id\":\"https:\\\/\\\/centrourbano.com\\\/revista\\\/vivienda\\\/infonavit-extiende-piloto-trabajadores-apps\\\/#primaryimage\",\"url\":\"https:\\\/\\\/centrourbano.com\\\/revista\\\/wp-content\\\/uploads\\\/repartidores-1.jpg\",\"contentUrl\":\"https:\\\/\\\/centrourbano.com\\\/revista\\\/wp-content\\\/uploads\\\/repartidores-1.jpg\",\"width\":800,\"height\":800,\"caption\":\"Infonavit extiende prueba piloto para trabajadores de plataformas digitales\"},{\"@type\":\"BreadcrumbList\",\"@id\":\"https:\\\/\\\/centrourbano.com\\\/revista\\\/vivienda\\\/infonavit-extiende-piloto-trabajadores-apps\\\/#breadcrumb\",\"itemListElement\":[{\"@type\":\"ListItem\",\"position\":1,\"name\":\"Portada\",\"item\":\"https:\\\/\\\/centrourbano.com\\\/revista\\\/\"},{\"@type\":\"ListItem\",\"position\":2,\"name\":\"Infonavit extiende prueba piloto para trabajadores de plataformas digitales\"}]},{\"@type\":\"WebSite\",\"@id\":\"https:\\\/\\\/centrourbano.com\\\/revista\\\/#website\",\"url\":\"https:\\\/\\\/centrourbano.com\\\/revista\\\/\",\"name\":\"Centro Urbano\",\"description\":\"Medio especializado en los sectores vivienda, inmobiliario, construcci\u00f3n, arquitectura y urbanismo.\",\"publisher\":{\"@id\":\"https:\\\/\\\/centrourbano.com\\\/revista\\\/#organization\"},\"potentialAction\":[{\"@type\":\"SearchAction\",\"target\":{\"@type\":\"EntryPoint\",\"urlTemplate\":\"https:\\\/\\\/centrourbano.com\\\/revista\\\/?s={search_term_string}\"},\"query-input\":{\"@type\":\"PropertyValueSpecification\",\"valueRequired\":true,\"valueName\":\"search_term_string\"}}],\"inLanguage\":\"es\"},{\"@type\":\"Organization\",\"@id\":\"https:\\\/\\\/centrourbano.com\\\/revista\\\/#organization\",\"name\":\"Centro Urbano\",\"url\":\"https:\\\/\\\/centrourbano.com\\\/revista\\\/\",\"logo\":{\"@type\":\"ImageObject\",\"inLanguage\":\"es\",\"@id\":\"https:\\\/\\\/centrourbano.com\\\/revista\\\/#\\\/schema\\\/logo\\\/image\\\/\",\"url\":\"https:\\\/\\\/centrourbano.com\\\/revista\\\/wp-content\\\/uploads\\\/web_CU_logo-1.png\",\"contentUrl\":\"https:\\\/\\\/centrourbano.com\\\/revista\\\/wp-content\\\/uploads\\\/web_CU_logo-1.png\",\"width\":350,\"height\":91,\"caption\":\"Centro Urbano\"},\"image\":{\"@id\":\"https:\\\/\\\/centrourbano.com\\\/revista\\\/#\\\/schema\\\/logo\\\/image\\\/\"},\"sameAs\":[\"https:\\\/\\\/www.facebook.com\\\/portalcentrourbano\",\"https:\\\/\\\/x.com\\\/CentroUrbano\",\"https:\\\/\\\/www.instagram.com\\\/centro_urbano\\\/\",\"https:\\\/\\\/www.linkedin.com\\\/company\\\/centro-urbano\\\/\",\"http:\\\/\\\/www.youtube.com\\\/user\\\/portalcentrourbano\"]},{\"@type\":\"Person\",\"@id\":\"https:\\\/\\\/centrourbano.com\\\/revista\\\/#\\\/schema\\\/person\\\/5259f06e282c59482812d0e9a84a6440\",\"name\":\"Redacci\u00f3n Centro Urbano\",\"image\":{\"@type\":\"ImageObject\",\"inLanguage\":\"es\",\"@id\":\"https:\\\/\\\/secure.gravatar.com\\\/avatar\\\/15a789f894398c0f311f3a7a2ee28032bbc0483098539da66b6a045aa810bf35?s=96&d=mm&r=g\",\"url\":\"https:\\\/\\\/secure.gravatar.com\\\/avatar\\\/15a789f894398c0f311f3a7a2ee28032bbc0483098539da66b6a045aa810bf35?s=96&d=mm&r=g\",\"contentUrl\":\"https:\\\/\\\/secure.gravatar.com\\\/avatar\\\/15a789f894398c0f311f3a7a2ee28032bbc0483098539da66b6a045aa810bf35?s=96&d=mm&r=g\",\"caption\":\"Redacci\u00f3n Centro Urbano\"},\"url\":\"https:\\\/\\\/centrourbano.com\\\/revista\\\/author\\\/editorial\\\/\"}]}<\/script>\n<!-- \/ Yoast SEO plugin. -->","yoast_head_json":{"title":"Infonavit extiende prueba piloto para trabajadores de plataformas digitales","description":"Infonavit mantiene sin cambios el esquema mientras autoridades eval\u00faan resultados y posibles modificaciones a las obligaciones patronales","robots":{"index":"index","follow":"follow","max-snippet":"max-snippet:-1","max-image-preview":"max-image-preview:large","max-video-preview":"max-video-preview:-1"},"canonical":"https:\/\/centrourbano.com\/revista\/vivienda\/infonavit-extiende-piloto-trabajadores-apps\/","og_locale":"es_ES","og_type":"article","og_title":"Infonavit extiende prueba piloto para trabajadores de plataformas digitales","og_description":"Infonavit mantiene sin cambios el esquema mientras autoridades eval\u00faan resultados y posibles modificaciones a las obligaciones patronales","og_url":"https:\/\/centrourbano.com\/revista\/vivienda\/infonavit-extiende-piloto-trabajadores-apps\/","og_site_name":"Centro Urbano","article_publisher":"https:\/\/www.facebook.com\/portalcentrourbano","article_published_time":"2026-04-29T19:01:40+00:00","og_image":[{"width":800,"height":800,"url":"https:\/\/centrourbano.com\/revista\/wp-content\/uploads\/repartidores-1.jpg","type":"image\/jpeg"}],"author":"Redacci\u00f3n Centro Urbano","twitter_card":"summary_large_image","twitter_creator":"@CentroUrbano","twitter_site":"@CentroUrbano","twitter_misc":{"Escrito por":"Redacci\u00f3n Centro Urbano","Tiempo de lectura":"2 minutos"},"schema":{"@context":"https:\/\/schema.org","@graph":[{"@type":"Article","@id":"https:\/\/centrourbano.com\/revista\/vivienda\/infonavit-extiende-piloto-trabajadores-apps\/#article","isPartOf":{"@id":"https:\/\/centrourbano.com\/revista\/vivienda\/infonavit-extiende-piloto-trabajadores-apps\/"},"author":{"name":"Redacci\u00f3n Centro Urbano","@id":"https:\/\/centrourbano.com\/revista\/#\/schema\/person\/5259f06e282c59482812d0e9a84a6440"},"headline":"Infonavit extiende prueba piloto para trabajadores de plataformas digitales","datePublished":"2026-04-29T19:01:40+00:00","mainEntityOfPage":{"@id":"https:\/\/centrourbano.com\/revista\/vivienda\/infonavit-extiende-piloto-trabajadores-apps\/"},"wordCount":344,"commentCount":0,"publisher":{"@id":"https:\/\/centrourbano.com\/revista\/#organization"},"image":{"@id":"https:\/\/centrourbano.com\/revista\/vivienda\/infonavit-extiende-piloto-trabajadores-apps\/#primaryimage"},"thumbnailUrl":"https:\/\/centrourbano.com\/revista\/wp-content\/uploads\/repartidores-1.jpg","keywords":["DiDi","Infonavit","Uber"],"articleSection":["Vivienda"],"inLanguage":"es","potentialAction":[{"@type":"CommentAction","name":"Comment","target":["https:\/\/centrourbano.com\/revista\/vivienda\/infonavit-extiende-piloto-trabajadores-apps\/#respond"]}]},{"@type":"WebPage","@id":"https:\/\/centrourbano.com\/revista\/vivienda\/infonavit-extiende-piloto-trabajadores-apps\/","url":"https:\/\/centrourbano.com\/revista\/vivienda\/infonavit-extiende-piloto-trabajadores-apps\/","name":"Infonavit extiende prueba piloto para trabajadores de plataformas digitales","isPartOf":{"@id":"https:\/\/centrourbano.com\/revista\/#website"},"primaryImageOfPage":{"@id":"https:\/\/centrourbano.com\/revista\/vivienda\/infonavit-extiende-piloto-trabajadores-apps\/#primaryimage"},"image":{"@id":"https:\/\/centrourbano.com\/revista\/vivienda\/infonavit-extiende-piloto-trabajadores-apps\/#primaryimage"},"thumbnailUrl":"https:\/\/centrourbano.com\/revista\/wp-content\/uploads\/repartidores-1.jpg","datePublished":"2026-04-29T19:01:40+00:00","description":"Infonavit mantiene sin cambios el esquema mientras autoridades eval\u00faan resultados y posibles modificaciones a las obligaciones patronales","breadcrumb":{"@id":"https:\/\/centrourbano.com\/revista\/vivienda\/infonavit-extiende-piloto-trabajadores-apps\/#breadcrumb"},"inLanguage":"es","potentialAction":[{"@type":"ReadAction","target":["https:\/\/centrourbano.com\/revista\/vivienda\/infonavit-extiende-piloto-trabajadores-apps\/"]}]},{"@type":"ImageObject","inLanguage":"es","@id":"https:\/\/centrourbano.com\/revista\/vivienda\/infonavit-extiende-piloto-trabajadores-apps\/#primaryimage","url":"https:\/\/centrourbano.com\/revista\/wp-content\/uploads\/repartidores-1.jpg","contentUrl":"https:\/\/centrourbano.com\/revista\/wp-content\/uploads\/repartidores-1.jpg","width":800,"height":800,"caption":"Infonavit extiende prueba piloto para trabajadores de plataformas digitales"},{"@type":"BreadcrumbList","@id":"https:\/\/centrourbano.com\/revista\/vivienda\/infonavit-extiende-piloto-trabajadores-apps\/#breadcrumb","itemListElement":[{"@type":"ListItem","position":1,"name":"Portada","item":"https:\/\/centrourbano.com\/revista\/"},{"@type":"ListItem","position":2,"name":"Infonavit extiende prueba piloto para trabajadores de plataformas digitales"}]},{"@type":"WebSite","@id":"https:\/\/centrourbano.com\/revista\/#website","url":"https:\/\/centrourbano.com\/revista\/","name":"Centro Urbano","description":"Medio especializado en los sectores vivienda, inmobiliario, construcci\u00f3n, arquitectura y urbanismo.","publisher":{"@id":"https:\/\/centrourbano.com\/revista\/#organization"},"potentialAction":[{"@type":"SearchAction","target":{"@type":"EntryPoint","urlTemplate":"https:\/\/centrourbano.com\/revista\/?s={search_term_string}"},"query-input":{"@type":"PropertyValueSpecification","valueRequired":true,"valueName":"search_term_string"}}],"inLanguage":"es"},{"@type":"Organization","@id":"https:\/\/centrourbano.com\/revista\/#organization","name":"Centro Urbano","url":"https:\/\/centrourbano.com\/revista\/","logo":{"@type":"ImageObject","inLanguage":"es","@id":"https:\/\/centrourbano.com\/revista\/#\/schema\/logo\/image\/","url":"https:\/\/centrourbano.com\/revista\/wp-content\/uploads\/web_CU_logo-1.png","contentUrl":"https:\/\/centrourbano.com\/revista\/wp-content\/uploads\/web_CU_logo-1.png","width":350,"height":91,"caption":"Centro Urbano"},"image":{"@id":"https:\/\/centrourbano.com\/revista\/#\/schema\/logo\/image\/"},"sameAs":["https:\/\/www.facebook.com\/portalcentrourbano","https:\/\/x.com\/CentroUrbano","https:\/\/www.instagram.com\/centro_urbano\/","https:\/\/www.linkedin.com\/company\/centro-urbano\/","http:\/\/www.youtube.com\/user\/portalcentrourbano"]},{"@type":"Person","@id":"https:\/\/centrourbano.com\/revista\/#\/schema\/person\/5259f06e282c59482812d0e9a84a6440","name":"Redacci\u00f3n Centro Urbano","image":{"@type":"ImageObject","inLanguage":"es","@id":"https:\/\/secure.gravatar.com\/avatar\/15a789f894398c0f311f3a7a2ee28032bbc0483098539da66b6a045aa810bf35?s=96&d=mm&r=g","url":"https:\/\/secure.gravatar.com\/avatar\/15a789f894398c0f311f3a7a2ee28032bbc0483098539da66b6a045aa810bf35?s=96&d=mm&r=g","contentUrl":"https:\/\/secure.gravatar.com\/avatar\/15a789f894398c0f311f3a7a2ee28032bbc0483098539da66b6a045aa810bf35?s=96&d=mm&r=g","caption":"Redacci\u00f3n Centro Urbano"},"url":"https:\/\/centrourbano.com\/revista\/author\/editorial\/"}]}},"_links":{"self":[{"href":"https:\/\/centrourbano.com\/revista\/wp-json\/wp\/v2\/posts\/161456","targetHints":{"allow":["GET"]}}],"collection":[{"href":"https:\/\/centrourbano.com\/revista\/wp-json\/wp\/v2\/posts"}],"about":[{"href":"https:\/\/centrourbano.com\/revista\/wp-json\/wp\/v2\/types\/post"}],"author":[{"embeddable":true,"href":"https:\/\/centrourbano.com\/revista\/wp-json\/wp\/v2\/users\/14"}],"replies":[{"embeddable":true,"href":"https:\/\/centrourbano.com\/revista\/wp-json\/wp\/v2\/comments?post=161456"}],"version-history":[{"count":1,"href":"https:\/\/centrourbano.com\/revista\/wp-json\/wp\/v2\/posts\/161456\/revisions"}],"predecessor-version":[{"id":161459,"href":"https:\/\/centrourbano.com\/revista\/wp-json\/wp\/v2\/posts\/161456\/revisions\/161459"}],"wp:featuredmedia":[{"embeddable":true,"href":"https:\/\/centrourbano.com\/revista\/wp-json\/wp\/v2\/media\/161458"}],"wp:attachment":[{"href":"https:\/\/centrourbano.com\/revista\/wp-json\/wp\/v2\/media?parent=161456"}],"wp:term":[{"taxonomy":"category","embeddable":true,"href":"https:\/\/centrourbano.com\/revista\/wp-json\/wp\/v2\/categories?post=161456"},{"taxonomy":"post_tag","embeddable":true,"href":"https:\/\/centrourbano.com\/revista\/wp-json\/wp\/v2\/tags?post=161456"}],"curies":[{"name":"wp","href":"https:\/\/api.w.org\/{rel}","templated":true}]}}