{"id":161453,"date":"2026-04-29T11:28:05","date_gmt":"2026-04-29T17:28:05","guid":{"rendered":"https:\/\/centrourbano.com\/revista\/?p=161453"},"modified":"2026-04-29T11:28:05","modified_gmt":"2026-04-29T17:28:05","slug":"gobierno-sector-privado-acuerdo-fortalecer-acero","status":"publish","type":"post","link":"https:\/\/centrourbano.com\/revista\/construccion\/gobierno-sector-privado-acuerdo-fortalecer-acero\/","title":{"rendered":"Gobierno y sector privado firman acuerdo para fortalecer la industria del acero"},"content":{"rendered":"<p><em>El acuerdo prioriza el uso de acero nacional en obras, busca reducir importaciones y fortalecer el empleo en sectores como la construcci\u00f3n y la vivienda<\/em><!--more--><\/p>\n<p data-start=\"692\" data-end=\"1025\">El Gobierno Federal, junto con representantes de la industria del acero, la construcci\u00f3n y la vivienda, firm\u00f3 el <strong>Acuerdo para el Fomento de la Industria Sider\u00fargica Mexicana<\/strong>, con el objetivo de priorizar la compra de insumos nacionales en obras p\u00fablicas, reducir la dependencia de importaciones y fortalecer el empleo.<\/p>\n<p data-start=\"1027\" data-end=\"1253\">La estrategia se alinea con el Plan M\u00e9xico y el Plan Nacional de Desarrollo 2025-2030, y busca disminuir las importaciones de acero provenientes de pa\u00edses sin acuerdos comerciales, al tiempo que impulsa la producci\u00f3n nacional.<\/p>\n<p data-start=\"1255\" data-end=\"1601\">Para ello, el acuerdo establece tres l\u00edneas de acci\u00f3n: la defensa frente a pr\u00e1cticas desleales de comercio, la <strong>promoci\u00f3n de proveedores mexicanos<\/strong> y la implementaci\u00f3n de una estrategia de sustituci\u00f3n de importaciones. Adem\u00e1s, contempla el otorgamiento de financiamiento para incentivar que los proyectos de infraestructura utilicen acero nacional.<\/p>\n<p data-start=\"1603\" data-end=\"1767\">En este marco, el sector privado se comprometi\u00f3 a <strong>garantizar la calidad de sus productos, asegurar el abasto con entregas oportunas y mantener precios competitivos.<\/strong><\/p>\n<p data-start=\"1769\" data-end=\"2182\">Sergio de la Maza Jim\u00e9nez, presidente de la C\u00e1mara Nacional de la Industria del Hierro y del Acero, afirm\u00f3 que el acuerdo representa \u201cun paso decisivo para fortalecer a nuestro sector, elevar el contenido nacional y avanzar en la sustituci\u00f3n de importaciones\u201d. Asimismo, se\u00f1al\u00f3 que permitir\u00e1 respaldar cerca de 90,000 empleos directos y dar<strong> certidumbre a inversiones en curso por m\u00e1s de 8,000 millones de d\u00f3lares.<\/strong><\/p>\n<h3 data-section-id=\"16k03f1\" data-start=\"2184\" data-end=\"2243\">Construcci\u00f3n y vivienda, sectores clave para el acero<\/h3>\n<p data-start=\"2245\" data-end=\"2534\">La industria de la <strong>construcci\u00f3n concentra una parte relevante del consumo de acero<\/strong> en el pa\u00eds, lo que la posiciona como un eje estrat\u00e9gico dentro del acuerdo. De acuerdo con la C\u00e1mara Mexicana de la Industria de la Construcci\u00f3n (<a href=\"https:\/\/cmic.org\/\" target=\"_blank\" rel=\"noopener\">CMIC<\/a>), este sector demanda cerca del <strong>60% del acero nacional<\/strong>. Su presidente, Luis Rafael M\u00e9ndez Jaled, explic\u00f3 que este insumo resulta esencial en distintos segmentos de la actividad constructiva.<\/p>\n<blockquote>\n<p data-start=\"2672\" data-end=\"3001\">\u201cLa industria sider\u00fargica nacional ocupa un lugar fundamental y estrat\u00e9gico. Para la industria de la construcci\u00f3n este acuerdo tiene una dimensi\u00f3n directa, el acero es un insumo estrat\u00e9gico en vivienda, agua, energ\u00eda, movilidad, y en infraestructura productiva. Nuestro sector consume cerca del 60% del acero en el pa\u00eds\u201d, indic\u00f3.<\/p>\n<\/blockquote>\n<p data-start=\"3003\" data-end=\"3204\">El representante del organismo agreg\u00f3 que la disponibilidad, calidad y origen del acero inciden en costos, tiempos de ejecuci\u00f3n, participaci\u00f3n de empresas nacionales y contenido local de los proyectos.<\/p>\n<blockquote>\n<p data-start=\"3206\" data-end=\"3490\">\u201cVemos esta firma como una gran oportunidad para vincular mejor la producci\u00f3n nacional con las obras que el pa\u00eds necesita. Fortalecer la industria nacional, tambi\u00e9n fortalece la capacidad de construir, de abastecer y de crecer con mayor calidad de vida a todos los mexicanos\u201d, se\u00f1al\u00f3.<\/p>\n<\/blockquote>\n<p data-start=\"3492\" data-end=\"3697\">En el caso de la vivienda, la C\u00e1mara Nacional de la Industria de Desarrollo y Promoci\u00f3n de Vivienda (Canadevi) destac\u00f3 su papel como impulsor de la demanda de acero y de las cadenas productivas nacionales. <a href=\"https:\/\/centrourbano.com\/revista\/vivienda\/canadevi-acuerdo-industria-acero\/\" target=\"_blank\" rel=\"noopener\">Carlos Ram\u00edrez Cap\u00f3<\/a>, presidente nacional del organismo, subray\u00f3 que la construcci\u00f3n habitacional integra <strong>mayoritariamente insumos de origen nacional<\/strong>, destacando la relevancia de su participaci\u00f3n ene le acuerdo.<\/p>\n<blockquote>\n<p data-start=\"3850\" data-end=\"4347\">\u201cA nombre de la Canadevi nacional estamos muy contentos de poder participar en este gran acuerdo para fortalecer la industria acerera mexicana. Cada vivienda consume alrededor de 1.72 toneladas de acero en sus diferentes modalidades, varilla, malla, alambr\u00f3n, alambre. Adem\u00e1s de esto, pr\u00e1cticamente toda nuestra cadena de valor es de manufactura nacional, por lo que la industria de la vivienda es un gran impulsor de todas nuestras cadenas de valor de contenido nacional Hecho en M\u00e9xico\u201d, afirm\u00f3.<\/p>\n<\/blockquote>\n<p data-start=\"4349\" data-end=\"4620\">El acuerdo involucra al <strong>Gobierno Federal, 19 instituciones p\u00fablicas y tres c\u00e1maras empresariales<\/strong>, que en conjunto buscan fortalecer la industria sider\u00fargica como un componente estrat\u00e9gico para el desarrollo de infraestructura, vivienda y crecimiento econ\u00f3mico en el pa\u00eds.<\/p>\n","protected":false},"excerpt":{"rendered":"<p>El acuerdo prioriza el uso de acero nacional en obras, busca reducir importaciones y fortalecer el empleo en sectores como la construcci\u00f3n y la vivienda<\/p>\n","protected":false},"author":88,"featured_media":161454,"comment_status":"open","ping_status":"closed","sticky":false,"template":"","format":"standard","meta":{"om_disable_all_campaigns":false,"inline_featured_image":false,"_monsterinsights_skip_tracking":false,"_monsterinsights_sitenote_active":false,"_monsterinsights_sitenote_note":"","_monsterinsights_sitenote_category":0,"footnotes":""},"categories":[14],"tags":[1162,22,24827,60],"class_list":["post-161453","post","type-post","status-publish","format-standard","has-post-thumbnail","hentry","category-construccion","tag-acero","tag-construccion-2","tag-plan-mexico","tag-vivienda-2"],"yoast_head":"<!-- This site is optimized with the Yoast SEO plugin v27.5 - https:\/\/yoast.com\/product\/yoast-seo-wordpress\/ -->\n<title>Gobierno y sector privado firman acuerdo para fortalecer la industria del acero<\/title>\n<meta name=\"description\" content=\"Gobierno y sector privado firman acuerdo para impulsar el acero nacional, reducir importaciones y fortalecer la construcci\u00f3n en M\u00e9xico\" \/>\n<meta name=\"robots\" content=\"index, follow, max-snippet:-1, max-image-preview:large, max-video-preview:-1\" \/>\n<link rel=\"canonical\" href=\"https:\/\/centrourbano.com\/revista\/construccion\/gobierno-sector-privado-acuerdo-fortalecer-acero\/\" \/>\n<meta property=\"og:locale\" content=\"es_ES\" \/>\n<meta property=\"og:type\" content=\"article\" \/>\n<meta property=\"og:title\" content=\"Gobierno y sector privado firman acuerdo para fortalecer la industria del acero\" \/>\n<meta property=\"og:description\" content=\"Gobierno y sector privado firman acuerdo para impulsar el acero nacional, reducir importaciones y fortalecer la construcci\u00f3n en M\u00e9xico\" \/>\n<meta property=\"og:url\" content=\"https:\/\/centrourbano.com\/revista\/construccion\/gobierno-sector-privado-acuerdo-fortalecer-acero\/\" \/>\n<meta property=\"og:site_name\" content=\"Centro Urbano\" \/>\n<meta property=\"article:publisher\" content=\"https:\/\/www.facebook.com\/portalcentrourbano\" \/>\n<meta property=\"article:published_time\" content=\"2026-04-29T17:28:05+00:00\" \/>\n<meta property=\"og:image\" content=\"https:\/\/centrourbano.com\/revista\/wp-content\/uploads\/Gobierno-y-sector-privado-firman-acuerdo-para-fortalecer-la-industria-del-acero.jpg\" \/>\n\t<meta property=\"og:image:width\" content=\"800\" \/>\n\t<meta property=\"og:image:height\" content=\"800\" \/>\n\t<meta property=\"og:image:type\" content=\"image\/jpeg\" \/>\n<meta name=\"author\" content=\"Rebeca Romero\" \/>\n<meta name=\"twitter:card\" content=\"summary_large_image\" \/>\n<meta name=\"twitter:creator\" content=\"@CentroUrbano\" \/>\n<meta name=\"twitter:site\" content=\"@CentroUrbano\" \/>\n<meta name=\"twitter:label1\" content=\"Escrito por\" \/>\n\t<meta name=\"twitter:data1\" content=\"Rebeca Romero\" \/>\n\t<meta name=\"twitter:label2\" content=\"Tiempo de lectura\" \/>\n\t<meta name=\"twitter:data2\" content=\"3 minutos\" \/>\n<script type=\"application\/ld+json\" class=\"yoast-schema-graph\">{\"@context\":\"https:\\\/\\\/schema.org\",\"@graph\":[{\"@type\":\"Article\",\"@id\":\"https:\\\/\\\/centrourbano.com\\\/revista\\\/construccion\\\/gobierno-sector-privado-acuerdo-fortalecer-acero\\\/#article\",\"isPartOf\":{\"@id\":\"https:\\\/\\\/centrourbano.com\\\/revista\\\/construccion\\\/gobierno-sector-privado-acuerdo-fortalecer-acero\\\/\"},\"author\":{\"name\":\"Rebeca Romero\",\"@id\":\"https:\\\/\\\/centrourbano.com\\\/revista\\\/#\\\/schema\\\/person\\\/585fcd52a02a59422de60d5ae8e0f491\"},\"headline\":\"Gobierno y sector privado firman acuerdo para fortalecer la industria del acero\",\"datePublished\":\"2026-04-29T17:28:05+00:00\",\"mainEntityOfPage\":{\"@id\":\"https:\\\/\\\/centrourbano.com\\\/revista\\\/construccion\\\/gobierno-sector-privado-acuerdo-fortalecer-acero\\\/\"},\"wordCount\":684,\"commentCount\":0,\"publisher\":{\"@id\":\"https:\\\/\\\/centrourbano.com\\\/revista\\\/#organization\"},\"image\":{\"@id\":\"https:\\\/\\\/centrourbano.com\\\/revista\\\/construccion\\\/gobierno-sector-privado-acuerdo-fortalecer-acero\\\/#primaryimage\"},\"thumbnailUrl\":\"https:\\\/\\\/centrourbano.com\\\/revista\\\/wp-content\\\/uploads\\\/Gobierno-y-sector-privado-firman-acuerdo-para-fortalecer-la-industria-del-acero.jpg\",\"keywords\":[\"acero\",\"construcci\u00f3n\",\"Plan M\u00e9xico\",\"vivienda\"],\"articleSection\":[\"Construcci\u00f3n\"],\"inLanguage\":\"es\",\"potentialAction\":[{\"@type\":\"CommentAction\",\"name\":\"Comment\",\"target\":[\"https:\\\/\\\/centrourbano.com\\\/revista\\\/construccion\\\/gobierno-sector-privado-acuerdo-fortalecer-acero\\\/#respond\"]}]},{\"@type\":\"WebPage\",\"@id\":\"https:\\\/\\\/centrourbano.com\\\/revista\\\/construccion\\\/gobierno-sector-privado-acuerdo-fortalecer-acero\\\/\",\"url\":\"https:\\\/\\\/centrourbano.com\\\/revista\\\/construccion\\\/gobierno-sector-privado-acuerdo-fortalecer-acero\\\/\",\"name\":\"Gobierno y sector privado firman acuerdo para fortalecer la industria del acero\",\"isPartOf\":{\"@id\":\"https:\\\/\\\/centrourbano.com\\\/revista\\\/#website\"},\"primaryImageOfPage\":{\"@id\":\"https:\\\/\\\/centrourbano.com\\\/revista\\\/construccion\\\/gobierno-sector-privado-acuerdo-fortalecer-acero\\\/#primaryimage\"},\"image\":{\"@id\":\"https:\\\/\\\/centrourbano.com\\\/revista\\\/construccion\\\/gobierno-sector-privado-acuerdo-fortalecer-acero\\\/#primaryimage\"},\"thumbnailUrl\":\"https:\\\/\\\/centrourbano.com\\\/revista\\\/wp-content\\\/uploads\\\/Gobierno-y-sector-privado-firman-acuerdo-para-fortalecer-la-industria-del-acero.jpg\",\"datePublished\":\"2026-04-29T17:28:05+00:00\",\"description\":\"Gobierno y sector privado firman acuerdo para impulsar el acero nacional, reducir importaciones y fortalecer la construcci\u00f3n en M\u00e9xico\",\"breadcrumb\":{\"@id\":\"https:\\\/\\\/centrourbano.com\\\/revista\\\/construccion\\\/gobierno-sector-privado-acuerdo-fortalecer-acero\\\/#breadcrumb\"},\"inLanguage\":\"es\",\"potentialAction\":[{\"@type\":\"ReadAction\",\"target\":[\"https:\\\/\\\/centrourbano.com\\\/revista\\\/construccion\\\/gobierno-sector-privado-acuerdo-fortalecer-acero\\\/\"]}]},{\"@type\":\"ImageObject\",\"inLanguage\":\"es\",\"@id\":\"https:\\\/\\\/centrourbano.com\\\/revista\\\/construccion\\\/gobierno-sector-privado-acuerdo-fortalecer-acero\\\/#primaryimage\",\"url\":\"https:\\\/\\\/centrourbano.com\\\/revista\\\/wp-content\\\/uploads\\\/Gobierno-y-sector-privado-firman-acuerdo-para-fortalecer-la-industria-del-acero.jpg\",\"contentUrl\":\"https:\\\/\\\/centrourbano.com\\\/revista\\\/wp-content\\\/uploads\\\/Gobierno-y-sector-privado-firman-acuerdo-para-fortalecer-la-industria-del-acero.jpg\",\"width\":800,\"height\":800,\"caption\":\"Gobierno y sector privado firman acuerdo para fortalecer la industria del acero\"},{\"@type\":\"BreadcrumbList\",\"@id\":\"https:\\\/\\\/centrourbano.com\\\/revista\\\/construccion\\\/gobierno-sector-privado-acuerdo-fortalecer-acero\\\/#breadcrumb\",\"itemListElement\":[{\"@type\":\"ListItem\",\"position\":1,\"name\":\"Portada\",\"item\":\"https:\\\/\\\/centrourbano.com\\\/revista\\\/\"},{\"@type\":\"ListItem\",\"position\":2,\"name\":\"Gobierno y sector privado firman acuerdo para fortalecer la industria del acero\"}]},{\"@type\":\"WebSite\",\"@id\":\"https:\\\/\\\/centrourbano.com\\\/revista\\\/#website\",\"url\":\"https:\\\/\\\/centrourbano.com\\\/revista\\\/\",\"name\":\"Centro Urbano\",\"description\":\"Medio especializado en los sectores vivienda, inmobiliario, construcci\u00f3n, arquitectura y urbanismo.\",\"publisher\":{\"@id\":\"https:\\\/\\\/centrourbano.com\\\/revista\\\/#organization\"},\"potentialAction\":[{\"@type\":\"SearchAction\",\"target\":{\"@type\":\"EntryPoint\",\"urlTemplate\":\"https:\\\/\\\/centrourbano.com\\\/revista\\\/?s={search_term_string}\"},\"query-input\":{\"@type\":\"PropertyValueSpecification\",\"valueRequired\":true,\"valueName\":\"search_term_string\"}}],\"inLanguage\":\"es\"},{\"@type\":\"Organization\",\"@id\":\"https:\\\/\\\/centrourbano.com\\\/revista\\\/#organization\",\"name\":\"Centro Urbano\",\"url\":\"https:\\\/\\\/centrourbano.com\\\/revista\\\/\",\"logo\":{\"@type\":\"ImageObject\",\"inLanguage\":\"es\",\"@id\":\"https:\\\/\\\/centrourbano.com\\\/revista\\\/#\\\/schema\\\/logo\\\/image\\\/\",\"url\":\"https:\\\/\\\/centrourbano.com\\\/revista\\\/wp-content\\\/uploads\\\/web_CU_logo-1.png\",\"contentUrl\":\"https:\\\/\\\/centrourbano.com\\\/revista\\\/wp-content\\\/uploads\\\/web_CU_logo-1.png\",\"width\":350,\"height\":91,\"caption\":\"Centro Urbano\"},\"image\":{\"@id\":\"https:\\\/\\\/centrourbano.com\\\/revista\\\/#\\\/schema\\\/logo\\\/image\\\/\"},\"sameAs\":[\"https:\\\/\\\/www.facebook.com\\\/portalcentrourbano\",\"https:\\\/\\\/x.com\\\/CentroUrbano\",\"https:\\\/\\\/www.instagram.com\\\/centro_urbano\\\/\",\"https:\\\/\\\/www.linkedin.com\\\/company\\\/centro-urbano\\\/\",\"http:\\\/\\\/www.youtube.com\\\/user\\\/portalcentrourbano\"]},{\"@type\":\"Person\",\"@id\":\"https:\\\/\\\/centrourbano.com\\\/revista\\\/#\\\/schema\\\/person\\\/585fcd52a02a59422de60d5ae8e0f491\",\"name\":\"Rebeca Romero\",\"image\":{\"@type\":\"ImageObject\",\"inLanguage\":\"es\",\"@id\":\"https:\\\/\\\/secure.gravatar.com\\\/avatar\\\/aee0068ae3cc041082e0e84a8258fe5ccc00a733f187bde73b0b40d86b892826?s=96&d=mm&r=g\",\"url\":\"https:\\\/\\\/secure.gravatar.com\\\/avatar\\\/aee0068ae3cc041082e0e84a8258fe5ccc00a733f187bde73b0b40d86b892826?s=96&d=mm&r=g\",\"contentUrl\":\"https:\\\/\\\/secure.gravatar.com\\\/avatar\\\/aee0068ae3cc041082e0e84a8258fe5ccc00a733f187bde73b0b40d86b892826?s=96&d=mm&r=g\",\"caption\":\"Rebeca Romero\"},\"url\":\"https:\\\/\\\/centrourbano.com\\\/revista\\\/author\\\/rebeca-romero\\\/\"}]}<\/script>\n<!-- \/ Yoast SEO plugin. -->","yoast_head_json":{"title":"Gobierno y sector privado firman acuerdo para fortalecer la industria del acero","description":"Gobierno y sector privado firman acuerdo para impulsar el acero nacional, reducir importaciones y fortalecer la construcci\u00f3n en M\u00e9xico","robots":{"index":"index","follow":"follow","max-snippet":"max-snippet:-1","max-image-preview":"max-image-preview:large","max-video-preview":"max-video-preview:-1"},"canonical":"https:\/\/centrourbano.com\/revista\/construccion\/gobierno-sector-privado-acuerdo-fortalecer-acero\/","og_locale":"es_ES","og_type":"article","og_title":"Gobierno y sector privado firman acuerdo para fortalecer la industria del acero","og_description":"Gobierno y sector privado firman acuerdo para impulsar el acero nacional, reducir importaciones y fortalecer la construcci\u00f3n en M\u00e9xico","og_url":"https:\/\/centrourbano.com\/revista\/construccion\/gobierno-sector-privado-acuerdo-fortalecer-acero\/","og_site_name":"Centro Urbano","article_publisher":"https:\/\/www.facebook.com\/portalcentrourbano","article_published_time":"2026-04-29T17:28:05+00:00","og_image":[{"width":800,"height":800,"url":"https:\/\/centrourbano.com\/revista\/wp-content\/uploads\/Gobierno-y-sector-privado-firman-acuerdo-para-fortalecer-la-industria-del-acero.jpg","type":"image\/jpeg"}],"author":"Rebeca Romero","twitter_card":"summary_large_image","twitter_creator":"@CentroUrbano","twitter_site":"@CentroUrbano","twitter_misc":{"Escrito por":"Rebeca Romero","Tiempo de lectura":"3 minutos"},"schema":{"@context":"https:\/\/schema.org","@graph":[{"@type":"Article","@id":"https:\/\/centrourbano.com\/revista\/construccion\/gobierno-sector-privado-acuerdo-fortalecer-acero\/#article","isPartOf":{"@id":"https:\/\/centrourbano.com\/revista\/construccion\/gobierno-sector-privado-acuerdo-fortalecer-acero\/"},"author":{"name":"Rebeca Romero","@id":"https:\/\/centrourbano.com\/revista\/#\/schema\/person\/585fcd52a02a59422de60d5ae8e0f491"},"headline":"Gobierno y sector privado firman acuerdo para fortalecer la industria del acero","datePublished":"2026-04-29T17:28:05+00:00","mainEntityOfPage":{"@id":"https:\/\/centrourbano.com\/revista\/construccion\/gobierno-sector-privado-acuerdo-fortalecer-acero\/"},"wordCount":684,"commentCount":0,"publisher":{"@id":"https:\/\/centrourbano.com\/revista\/#organization"},"image":{"@id":"https:\/\/centrourbano.com\/revista\/construccion\/gobierno-sector-privado-acuerdo-fortalecer-acero\/#primaryimage"},"thumbnailUrl":"https:\/\/centrourbano.com\/revista\/wp-content\/uploads\/Gobierno-y-sector-privado-firman-acuerdo-para-fortalecer-la-industria-del-acero.jpg","keywords":["acero","construcci\u00f3n","Plan M\u00e9xico","vivienda"],"articleSection":["Construcci\u00f3n"],"inLanguage":"es","potentialAction":[{"@type":"CommentAction","name":"Comment","target":["https:\/\/centrourbano.com\/revista\/construccion\/gobierno-sector-privado-acuerdo-fortalecer-acero\/#respond"]}]},{"@type":"WebPage","@id":"https:\/\/centrourbano.com\/revista\/construccion\/gobierno-sector-privado-acuerdo-fortalecer-acero\/","url":"https:\/\/centrourbano.com\/revista\/construccion\/gobierno-sector-privado-acuerdo-fortalecer-acero\/","name":"Gobierno y sector privado firman acuerdo para fortalecer la industria del acero","isPartOf":{"@id":"https:\/\/centrourbano.com\/revista\/#website"},"primaryImageOfPage":{"@id":"https:\/\/centrourbano.com\/revista\/construccion\/gobierno-sector-privado-acuerdo-fortalecer-acero\/#primaryimage"},"image":{"@id":"https:\/\/centrourbano.com\/revista\/construccion\/gobierno-sector-privado-acuerdo-fortalecer-acero\/#primaryimage"},"thumbnailUrl":"https:\/\/centrourbano.com\/revista\/wp-content\/uploads\/Gobierno-y-sector-privado-firman-acuerdo-para-fortalecer-la-industria-del-acero.jpg","datePublished":"2026-04-29T17:28:05+00:00","description":"Gobierno y sector privado firman acuerdo para impulsar el acero nacional, reducir importaciones y fortalecer la construcci\u00f3n en M\u00e9xico","breadcrumb":{"@id":"https:\/\/centrourbano.com\/revista\/construccion\/gobierno-sector-privado-acuerdo-fortalecer-acero\/#breadcrumb"},"inLanguage":"es","potentialAction":[{"@type":"ReadAction","target":["https:\/\/centrourbano.com\/revista\/construccion\/gobierno-sector-privado-acuerdo-fortalecer-acero\/"]}]},{"@type":"ImageObject","inLanguage":"es","@id":"https:\/\/centrourbano.com\/revista\/construccion\/gobierno-sector-privado-acuerdo-fortalecer-acero\/#primaryimage","url":"https:\/\/centrourbano.com\/revista\/wp-content\/uploads\/Gobierno-y-sector-privado-firman-acuerdo-para-fortalecer-la-industria-del-acero.jpg","contentUrl":"https:\/\/centrourbano.com\/revista\/wp-content\/uploads\/Gobierno-y-sector-privado-firman-acuerdo-para-fortalecer-la-industria-del-acero.jpg","width":800,"height":800,"caption":"Gobierno y sector privado firman acuerdo para fortalecer la industria del acero"},{"@type":"BreadcrumbList","@id":"https:\/\/centrourbano.com\/revista\/construccion\/gobierno-sector-privado-acuerdo-fortalecer-acero\/#breadcrumb","itemListElement":[{"@type":"ListItem","position":1,"name":"Portada","item":"https:\/\/centrourbano.com\/revista\/"},{"@type":"ListItem","position":2,"name":"Gobierno y sector privado firman acuerdo para fortalecer la industria del acero"}]},{"@type":"WebSite","@id":"https:\/\/centrourbano.com\/revista\/#website","url":"https:\/\/centrourbano.com\/revista\/","name":"Centro Urbano","description":"Medio especializado en los sectores vivienda, inmobiliario, construcci\u00f3n, arquitectura y urbanismo.","publisher":{"@id":"https:\/\/centrourbano.com\/revista\/#organization"},"potentialAction":[{"@type":"SearchAction","target":{"@type":"EntryPoint","urlTemplate":"https:\/\/centrourbano.com\/revista\/?s={search_term_string}"},"query-input":{"@type":"PropertyValueSpecification","valueRequired":true,"valueName":"search_term_string"}}],"inLanguage":"es"},{"@type":"Organization","@id":"https:\/\/centrourbano.com\/revista\/#organization","name":"Centro Urbano","url":"https:\/\/centrourbano.com\/revista\/","logo":{"@type":"ImageObject","inLanguage":"es","@id":"https:\/\/centrourbano.com\/revista\/#\/schema\/logo\/image\/","url":"https:\/\/centrourbano.com\/revista\/wp-content\/uploads\/web_CU_logo-1.png","contentUrl":"https:\/\/centrourbano.com\/revista\/wp-content\/uploads\/web_CU_logo-1.png","width":350,"height":91,"caption":"Centro Urbano"},"image":{"@id":"https:\/\/centrourbano.com\/revista\/#\/schema\/logo\/image\/"},"sameAs":["https:\/\/www.facebook.com\/portalcentrourbano","https:\/\/x.com\/CentroUrbano","https:\/\/www.instagram.com\/centro_urbano\/","https:\/\/www.linkedin.com\/company\/centro-urbano\/","http:\/\/www.youtube.com\/user\/portalcentrourbano"]},{"@type":"Person","@id":"https:\/\/centrourbano.com\/revista\/#\/schema\/person\/585fcd52a02a59422de60d5ae8e0f491","name":"Rebeca Romero","image":{"@type":"ImageObject","inLanguage":"es","@id":"https:\/\/secure.gravatar.com\/avatar\/aee0068ae3cc041082e0e84a8258fe5ccc00a733f187bde73b0b40d86b892826?s=96&d=mm&r=g","url":"https:\/\/secure.gravatar.com\/avatar\/aee0068ae3cc041082e0e84a8258fe5ccc00a733f187bde73b0b40d86b892826?s=96&d=mm&r=g","contentUrl":"https:\/\/secure.gravatar.com\/avatar\/aee0068ae3cc041082e0e84a8258fe5ccc00a733f187bde73b0b40d86b892826?s=96&d=mm&r=g","caption":"Rebeca Romero"},"url":"https:\/\/centrourbano.com\/revista\/author\/rebeca-romero\/"}]}},"_links":{"self":[{"href":"https:\/\/centrourbano.com\/revista\/wp-json\/wp\/v2\/posts\/161453","targetHints":{"allow":["GET"]}}],"collection":[{"href":"https:\/\/centrourbano.com\/revista\/wp-json\/wp\/v2\/posts"}],"about":[{"href":"https:\/\/centrourbano.com\/revista\/wp-json\/wp\/v2\/types\/post"}],"author":[{"embeddable":true,"href":"https:\/\/centrourbano.com\/revista\/wp-json\/wp\/v2\/users\/88"}],"replies":[{"embeddable":true,"href":"https:\/\/centrourbano.com\/revista\/wp-json\/wp\/v2\/comments?post=161453"}],"version-history":[{"count":1,"href":"https:\/\/centrourbano.com\/revista\/wp-json\/wp\/v2\/posts\/161453\/revisions"}],"predecessor-version":[{"id":161455,"href":"https:\/\/centrourbano.com\/revista\/wp-json\/wp\/v2\/posts\/161453\/revisions\/161455"}],"wp:featuredmedia":[{"embeddable":true,"href":"https:\/\/centrourbano.com\/revista\/wp-json\/wp\/v2\/media\/161454"}],"wp:attachment":[{"href":"https:\/\/centrourbano.com\/revista\/wp-json\/wp\/v2\/media?parent=161453"}],"wp:term":[{"taxonomy":"category","embeddable":true,"href":"https:\/\/centrourbano.com\/revista\/wp-json\/wp\/v2\/categories?post=161453"},{"taxonomy":"post_tag","embeddable":true,"href":"https:\/\/centrourbano.com\/revista\/wp-json\/wp\/v2\/tags?post=161453"}],"curies":[{"name":"wp","href":"https:\/\/api.w.org\/{rel}","templated":true}]}}