{"id":161446,"date":"2026-04-29T10:11:20","date_gmt":"2026-04-29T16:11:20","guid":{"rendered":"https:\/\/centrourbano.com\/revista\/?p=161446"},"modified":"2026-04-29T10:52:12","modified_gmt":"2026-04-29T16:52:12","slug":"canadevi-acuerdo-industria-acero","status":"publish","type":"post","link":"https:\/\/centrourbano.com\/revista\/vivienda\/canadevi-acuerdo-industria-acero\/","title":{"rendered":"Canadevi se suma a acuerdo para fortalecer la industria del acero en M\u00e9xico"},"content":{"rendered":"<p><em>Canadevi respalda el fortalecimiento del acero nacional y subraya el papel de la vivienda en la manufactura mexicana<\/em><\/p>\n<p><!--more--><\/p>\n<p data-start=\"559\" data-end=\"949\">La C\u00e1mara Nacional de la Industria de Desarrollo y Promoci\u00f3n de Vivienda (Canadevi) se integr\u00f3 al <strong>Acuerdo para el Fomento de la Industria Sider\u00fargica Mexicana<\/strong>, firmado este mi\u00e9rcoles entre el gobierno federal y representantes de los sectores del acero, la construcci\u00f3n y la vivienda, con el objetivo de priorizar el uso de insumos nacionales, sustituir importaciones y fortalecer el empleo.<\/p>\n<p data-start=\"951\" data-end=\"1211\">Durante su participaci\u00f3n en la conferencia matutina, Carlos Ram\u00edrez Cap\u00f3, presidente nacional de Canadevi, subray\u00f3 la relevancia del sector vivienda dentro de esta estrategia industrial, al tratarse de uno de los<strong> principales consumidores de acero en el pa\u00eds<\/strong>.<\/p>\n<blockquote>\n<p data-start=\"1213\" data-end=\"1711\">\u201cA nombre de la Canadevi nacional estamos muy contentos de poder participar en este gran acuerdo para fortalecer la industria acerera mexicana. Cada vivienda consume alrededor de 1.72 toneladas de acero en sus diferentes modalidades, varilla, malla, alambr\u00f3n, alambre. Adem\u00e1s de esto, pr\u00e1cticamente toda nuestra cadena de valor es de manufactura nacional, por lo que la industria de la vivienda es un gran impulsor de todas nuestras cadenas de valor de contenido nacional Hecho en M\u00e9xico\u201d, afirm\u00f3.<\/p>\n<\/blockquote>\n<p data-start=\"1713\" data-end=\"1919\">Destac\u00f3 que la construcci\u00f3n de vivienda no solo detona la demanda de acero, sino que<strong> integra una cadena productiva mayoritariamente nacional<\/strong>, lo que amplifica su impacto en la econom\u00eda.<\/p>\n<h2 data-start=\"1921\" data-end=\"2209\">Canadevi proyecta cosntrucci\u00f3n de 128,000 viviendas<\/h2>\n<section class=\"text-token-text-primary w-full focus:outline-none [--shadow-height:45px] has-data-writing-block:pointer-events-none has-data-writing-block:-mt-(--shadow-height) has-data-writing-block:pt-(--shadow-height) [&amp;:has([data-writing-block])&gt;*]:pointer-events-auto [content-visibility:auto] supports-[content-visibility:auto]:[contain-intrinsic-size:auto_100lvh] R6Vx5W_threadScrollVars scroll-mb-[calc(var(--scroll-root-safe-area-inset-bottom,0px)+var(--thread-response-height))] scroll-mt-[calc(var(--header-height)+min(200px,max(70px,20svh)))]\" dir=\"auto\" data-turn-id=\"request-WEB:15f8fb80-b569-48c0-9509-dc9ffc6d2133-6\" data-testid=\"conversation-turn-14\" data-scroll-anchor=\"false\" data-turn=\"assistant\">\n<div class=\"text-base my-auto mx-auto pb-10 [--thread-content-margin:var(--thread-content-margin-xs,calc(var(--spacing)*4))] @w-sm\/main:[--thread-content-margin:var(--thread-content-margin-sm,calc(var(--spacing)*6))] @w-lg\/main:[--thread-content-margin:var(--thread-content-margin-lg,calc(var(--spacing)*16))] px-(--thread-content-margin)\">\n<div class=\"[--thread-content-max-width:40rem] @w-lg\/main:[--thread-content-max-width:48rem] mx-auto max-w-(--thread-content-max-width) flex-1 group\/turn-messages focus-visible:outline-hidden relative flex w-full min-w-0 flex-col agent-turn\">\n<div class=\"flex max-w-full flex-col gap-4 grow\">\n<div class=\"min-h-8 text-message relative flex w-full flex-col items-end gap-2 text-start break-words whitespace-normal outline-none keyboard-focused:focus-ring [.text-message+&amp;]:mt-1\" dir=\"auto\" tabindex=\"0\" data-message-author-role=\"assistant\" data-message-id=\"168aca4b-5c97-4313-b88b-898ffb0e1075\" data-message-model-slug=\"gpt-5-3\" data-turn-start-message=\"true\">\n<div class=\"flex w-full flex-col gap-1 empty:hidden\">\n<div class=\"markdown prose dark:prose-invert w-full wrap-break-word light markdown-new-styling\">\n<p data-start=\"76\" data-end=\"367\" data-is-last-node=\"\" data-is-only-node=\"\">En este contexto, explic\u00f3 que Canadevi tambi\u00e9n participa activamente en el Programa de Vivienda del Bienestar, al que sumar\u00e1 una<strong> inversi\u00f3n de 640,000 millones de pesos<\/strong> (mdp) destinada a la construcci\u00f3n de viviendas dirigidas a trabajadores con ingresos superiores a dos salarios m\u00ednimos.<\/p>\n<\/div>\n<\/div>\n<\/div>\n<\/div>\n<\/div>\n<\/div>\n<\/section>\n<blockquote>\n<p data-start=\"2211\" data-end=\"2755\">\u201cEmpresas de Canadevi est\u00e1n participando activamente, le agradecemos mucho la confianza y adem\u00e1s del Programa del Bienestar, la Canadevi ha puesto sobre la mesa otros 640,000 millones de pesos en inversiones, que son viviendas arriba de los dos salarios, son viviendas que hacemos con nuestros aliados de la banca, de la Asociaci\u00f3n de Bancos de M\u00e9xico y que son si hablamos de ticket promedio de un mill\u00f3n de pesos por casa, estamos hablando de 128,000 viviendas adicionales que estaremos sumando al Programa de Vivienda del Bienestar\u201d, se\u00f1al\u00f3.<\/p>\n<\/blockquote>\n<p data-start=\"2757\" data-end=\"2959\">Finalmente, Ram\u00edrez Cap\u00f3 indic\u00f3 que la industria de la <strong>vivienda mantiene actividad en todo el pa\u00eds<\/strong>, con efectos directos en el crecimiento econ\u00f3mico y en el acceso a vivienda para millones de mexicanos.<\/p>\n<blockquote>\n<p data-start=\"2961\" data-end=\"3259\">\u201cLa industria de la vivienda est\u00e1 trabajando, est\u00e1 en marcha en todo el pa\u00eds y esto ser\u00e1 tambi\u00e9n de un gran beneficio para la econom\u00eda nacional, por supuesto, para toda nuestra industria nacional y para millones y millones de mexicanos y mexicanas que est\u00e1n esperando tener una vivienda\u201d, concluy\u00f3.<\/p>\n<\/blockquote>\n","protected":false},"excerpt":{"rendered":"<p>Canadevi respalda el fortalecimiento del acero nacional y subraya el papel de la vivienda en la manufactura mexicana<\/p>\n","protected":false},"author":14,"featured_media":161447,"comment_status":"open","ping_status":"closed","sticky":false,"template":"","format":"standard","meta":{"om_disable_all_campaigns":false,"inline_featured_image":false,"_monsterinsights_skip_tracking":false,"_monsterinsights_sitenote_active":false,"_monsterinsights_sitenote_note":"","_monsterinsights_sitenote_category":0,"footnotes":""},"categories":[12],"tags":[99,3364,25372,60],"class_list":["post-161446","post","type-post","status-publish","format-standard","has-post-thumbnail","hentry","category-vivienda","tag-canadevi","tag-construccion-de-vivienda","tag-programa-de-viviendas-para-el-bienestar","tag-vivienda-2"],"yoast_head":"<!-- This site is optimized with the Yoast SEO plugin v27.5 - https:\/\/yoast.com\/product\/yoast-seo-wordpress\/ -->\n<title>Canadevi se suma a acuerdo para fortalecer la industria del acero en M\u00e9xico<\/title>\n<meta name=\"description\" content=\"Canadevi respalda el fortalecimiento del acero nacional y subraya el papel de la vivienda en la manufactura mexicana\" \/>\n<meta name=\"robots\" content=\"index, follow, max-snippet:-1, max-image-preview:large, max-video-preview:-1\" \/>\n<link rel=\"canonical\" href=\"https:\/\/centrourbano.com\/revista\/vivienda\/canadevi-acuerdo-industria-acero\/\" \/>\n<meta property=\"og:locale\" content=\"es_ES\" \/>\n<meta property=\"og:type\" content=\"article\" \/>\n<meta property=\"og:title\" content=\"Canadevi se suma a acuerdo para fortalecer la industria del acero en M\u00e9xico\" \/>\n<meta property=\"og:description\" content=\"Canadevi respalda el fortalecimiento del acero nacional y subraya el papel de la vivienda en la manufactura mexicana\" \/>\n<meta property=\"og:url\" content=\"https:\/\/centrourbano.com\/revista\/vivienda\/canadevi-acuerdo-industria-acero\/\" \/>\n<meta property=\"og:site_name\" content=\"Centro Urbano\" \/>\n<meta property=\"article:publisher\" content=\"https:\/\/www.facebook.com\/portalcentrourbano\" \/>\n<meta property=\"article:published_time\" content=\"2026-04-29T16:11:20+00:00\" \/>\n<meta property=\"article:modified_time\" content=\"2026-04-29T16:52:12+00:00\" \/>\n<meta property=\"og:image\" content=\"https:\/\/centrourbano.com\/revista\/wp-content\/uploads\/Canadevi-alista-128000-viviendas-con-inversion-de-640000-mdp-en-el-pais.jpg\" \/>\n\t<meta property=\"og:image:width\" content=\"800\" \/>\n\t<meta property=\"og:image:height\" content=\"800\" \/>\n\t<meta property=\"og:image:type\" content=\"image\/jpeg\" \/>\n<meta name=\"author\" content=\"Redacci\u00f3n Centro Urbano\" \/>\n<meta name=\"twitter:card\" content=\"summary_large_image\" \/>\n<meta name=\"twitter:creator\" content=\"@CentroUrbano\" \/>\n<meta name=\"twitter:site\" content=\"@CentroUrbano\" \/>\n<meta name=\"twitter:label1\" content=\"Escrito por\" \/>\n\t<meta name=\"twitter:data1\" content=\"Redacci\u00f3n Centro Urbano\" \/>\n\t<meta name=\"twitter:label2\" content=\"Tiempo de lectura\" \/>\n\t<meta name=\"twitter:data2\" content=\"2 minutos\" \/>\n<script type=\"application\/ld+json\" class=\"yoast-schema-graph\">{\"@context\":\"https:\\\/\\\/schema.org\",\"@graph\":[{\"@type\":\"Article\",\"@id\":\"https:\\\/\\\/centrourbano.com\\\/revista\\\/vivienda\\\/canadevi-acuerdo-industria-acero\\\/#article\",\"isPartOf\":{\"@id\":\"https:\\\/\\\/centrourbano.com\\\/revista\\\/vivienda\\\/canadevi-acuerdo-industria-acero\\\/\"},\"author\":{\"name\":\"Redacci\u00f3n Centro Urbano\",\"@id\":\"https:\\\/\\\/centrourbano.com\\\/revista\\\/#\\\/schema\\\/person\\\/5259f06e282c59482812d0e9a84a6440\"},\"headline\":\"Canadevi se suma a acuerdo para fortalecer la industria del acero en M\u00e9xico\",\"datePublished\":\"2026-04-29T16:11:20+00:00\",\"dateModified\":\"2026-04-29T16:52:12+00:00\",\"mainEntityOfPage\":{\"@id\":\"https:\\\/\\\/centrourbano.com\\\/revista\\\/vivienda\\\/canadevi-acuerdo-industria-acero\\\/\"},\"wordCount\":481,\"commentCount\":0,\"publisher\":{\"@id\":\"https:\\\/\\\/centrourbano.com\\\/revista\\\/#organization\"},\"image\":{\"@id\":\"https:\\\/\\\/centrourbano.com\\\/revista\\\/vivienda\\\/canadevi-acuerdo-industria-acero\\\/#primaryimage\"},\"thumbnailUrl\":\"https:\\\/\\\/centrourbano.com\\\/revista\\\/wp-content\\\/uploads\\\/Canadevi-alista-128000-viviendas-con-inversion-de-640000-mdp-en-el-pais.jpg\",\"keywords\":[\"Canadevi\",\"construccion de vivienda\",\"Programa de Viviendas para el Bienestar\",\"vivienda\"],\"articleSection\":[\"Vivienda\"],\"inLanguage\":\"es\",\"potentialAction\":[{\"@type\":\"CommentAction\",\"name\":\"Comment\",\"target\":[\"https:\\\/\\\/centrourbano.com\\\/revista\\\/vivienda\\\/canadevi-acuerdo-industria-acero\\\/#respond\"]}]},{\"@type\":\"WebPage\",\"@id\":\"https:\\\/\\\/centrourbano.com\\\/revista\\\/vivienda\\\/canadevi-acuerdo-industria-acero\\\/\",\"url\":\"https:\\\/\\\/centrourbano.com\\\/revista\\\/vivienda\\\/canadevi-acuerdo-industria-acero\\\/\",\"name\":\"Canadevi se suma a acuerdo para fortalecer la industria del acero en M\u00e9xico\",\"isPartOf\":{\"@id\":\"https:\\\/\\\/centrourbano.com\\\/revista\\\/#website\"},\"primaryImageOfPage\":{\"@id\":\"https:\\\/\\\/centrourbano.com\\\/revista\\\/vivienda\\\/canadevi-acuerdo-industria-acero\\\/#primaryimage\"},\"image\":{\"@id\":\"https:\\\/\\\/centrourbano.com\\\/revista\\\/vivienda\\\/canadevi-acuerdo-industria-acero\\\/#primaryimage\"},\"thumbnailUrl\":\"https:\\\/\\\/centrourbano.com\\\/revista\\\/wp-content\\\/uploads\\\/Canadevi-alista-128000-viviendas-con-inversion-de-640000-mdp-en-el-pais.jpg\",\"datePublished\":\"2026-04-29T16:11:20+00:00\",\"dateModified\":\"2026-04-29T16:52:12+00:00\",\"description\":\"Canadevi respalda el fortalecimiento del acero nacional y subraya el papel de la vivienda en la manufactura mexicana\",\"breadcrumb\":{\"@id\":\"https:\\\/\\\/centrourbano.com\\\/revista\\\/vivienda\\\/canadevi-acuerdo-industria-acero\\\/#breadcrumb\"},\"inLanguage\":\"es\",\"potentialAction\":[{\"@type\":\"ReadAction\",\"target\":[\"https:\\\/\\\/centrourbano.com\\\/revista\\\/vivienda\\\/canadevi-acuerdo-industria-acero\\\/\"]}]},{\"@type\":\"ImageObject\",\"inLanguage\":\"es\",\"@id\":\"https:\\\/\\\/centrourbano.com\\\/revista\\\/vivienda\\\/canadevi-acuerdo-industria-acero\\\/#primaryimage\",\"url\":\"https:\\\/\\\/centrourbano.com\\\/revista\\\/wp-content\\\/uploads\\\/Canadevi-alista-128000-viviendas-con-inversion-de-640000-mdp-en-el-pais.jpg\",\"contentUrl\":\"https:\\\/\\\/centrourbano.com\\\/revista\\\/wp-content\\\/uploads\\\/Canadevi-alista-128000-viviendas-con-inversion-de-640000-mdp-en-el-pais.jpg\",\"width\":800,\"height\":800,\"caption\":\"Canadevi se suma a acuerdo para fortalecer la industria del acero en M\u00e9xico\"},{\"@type\":\"BreadcrumbList\",\"@id\":\"https:\\\/\\\/centrourbano.com\\\/revista\\\/vivienda\\\/canadevi-acuerdo-industria-acero\\\/#breadcrumb\",\"itemListElement\":[{\"@type\":\"ListItem\",\"position\":1,\"name\":\"Portada\",\"item\":\"https:\\\/\\\/centrourbano.com\\\/revista\\\/\"},{\"@type\":\"ListItem\",\"position\":2,\"name\":\"Canadevi se suma a acuerdo para fortalecer la industria del acero en M\u00e9xico\"}]},{\"@type\":\"WebSite\",\"@id\":\"https:\\\/\\\/centrourbano.com\\\/revista\\\/#website\",\"url\":\"https:\\\/\\\/centrourbano.com\\\/revista\\\/\",\"name\":\"Centro Urbano\",\"description\":\"Medio especializado en los sectores vivienda, inmobiliario, construcci\u00f3n, arquitectura y urbanismo.\",\"publisher\":{\"@id\":\"https:\\\/\\\/centrourbano.com\\\/revista\\\/#organization\"},\"potentialAction\":[{\"@type\":\"SearchAction\",\"target\":{\"@type\":\"EntryPoint\",\"urlTemplate\":\"https:\\\/\\\/centrourbano.com\\\/revista\\\/?s={search_term_string}\"},\"query-input\":{\"@type\":\"PropertyValueSpecification\",\"valueRequired\":true,\"valueName\":\"search_term_string\"}}],\"inLanguage\":\"es\"},{\"@type\":\"Organization\",\"@id\":\"https:\\\/\\\/centrourbano.com\\\/revista\\\/#organization\",\"name\":\"Centro Urbano\",\"url\":\"https:\\\/\\\/centrourbano.com\\\/revista\\\/\",\"logo\":{\"@type\":\"ImageObject\",\"inLanguage\":\"es\",\"@id\":\"https:\\\/\\\/centrourbano.com\\\/revista\\\/#\\\/schema\\\/logo\\\/image\\\/\",\"url\":\"https:\\\/\\\/centrourbano.com\\\/revista\\\/wp-content\\\/uploads\\\/web_CU_logo-1.png\",\"contentUrl\":\"https:\\\/\\\/centrourbano.com\\\/revista\\\/wp-content\\\/uploads\\\/web_CU_logo-1.png\",\"width\":350,\"height\":91,\"caption\":\"Centro Urbano\"},\"image\":{\"@id\":\"https:\\\/\\\/centrourbano.com\\\/revista\\\/#\\\/schema\\\/logo\\\/image\\\/\"},\"sameAs\":[\"https:\\\/\\\/www.facebook.com\\\/portalcentrourbano\",\"https:\\\/\\\/x.com\\\/CentroUrbano\",\"https:\\\/\\\/www.instagram.com\\\/centro_urbano\\\/\",\"https:\\\/\\\/www.linkedin.com\\\/company\\\/centro-urbano\\\/\",\"http:\\\/\\\/www.youtube.com\\\/user\\\/portalcentrourbano\"]},{\"@type\":\"Person\",\"@id\":\"https:\\\/\\\/centrourbano.com\\\/revista\\\/#\\\/schema\\\/person\\\/5259f06e282c59482812d0e9a84a6440\",\"name\":\"Redacci\u00f3n Centro Urbano\",\"image\":{\"@type\":\"ImageObject\",\"inLanguage\":\"es\",\"@id\":\"https:\\\/\\\/secure.gravatar.com\\\/avatar\\\/15a789f894398c0f311f3a7a2ee28032bbc0483098539da66b6a045aa810bf35?s=96&d=mm&r=g\",\"url\":\"https:\\\/\\\/secure.gravatar.com\\\/avatar\\\/15a789f894398c0f311f3a7a2ee28032bbc0483098539da66b6a045aa810bf35?s=96&d=mm&r=g\",\"contentUrl\":\"https:\\\/\\\/secure.gravatar.com\\\/avatar\\\/15a789f894398c0f311f3a7a2ee28032bbc0483098539da66b6a045aa810bf35?s=96&d=mm&r=g\",\"caption\":\"Redacci\u00f3n Centro Urbano\"},\"url\":\"https:\\\/\\\/centrourbano.com\\\/revista\\\/author\\\/editorial\\\/\"}]}<\/script>\n<!-- \/ Yoast SEO plugin. -->","yoast_head_json":{"title":"Canadevi se suma a acuerdo para fortalecer la industria del acero en M\u00e9xico","description":"Canadevi respalda el fortalecimiento del acero nacional y subraya el papel de la vivienda en la manufactura mexicana","robots":{"index":"index","follow":"follow","max-snippet":"max-snippet:-1","max-image-preview":"max-image-preview:large","max-video-preview":"max-video-preview:-1"},"canonical":"https:\/\/centrourbano.com\/revista\/vivienda\/canadevi-acuerdo-industria-acero\/","og_locale":"es_ES","og_type":"article","og_title":"Canadevi se suma a acuerdo para fortalecer la industria del acero en M\u00e9xico","og_description":"Canadevi respalda el fortalecimiento del acero nacional y subraya el papel de la vivienda en la manufactura mexicana","og_url":"https:\/\/centrourbano.com\/revista\/vivienda\/canadevi-acuerdo-industria-acero\/","og_site_name":"Centro Urbano","article_publisher":"https:\/\/www.facebook.com\/portalcentrourbano","article_published_time":"2026-04-29T16:11:20+00:00","article_modified_time":"2026-04-29T16:52:12+00:00","og_image":[{"width":800,"height":800,"url":"https:\/\/centrourbano.com\/revista\/wp-content\/uploads\/Canadevi-alista-128000-viviendas-con-inversion-de-640000-mdp-en-el-pais.jpg","type":"image\/jpeg"}],"author":"Redacci\u00f3n Centro Urbano","twitter_card":"summary_large_image","twitter_creator":"@CentroUrbano","twitter_site":"@CentroUrbano","twitter_misc":{"Escrito por":"Redacci\u00f3n Centro Urbano","Tiempo de lectura":"2 minutos"},"schema":{"@context":"https:\/\/schema.org","@graph":[{"@type":"Article","@id":"https:\/\/centrourbano.com\/revista\/vivienda\/canadevi-acuerdo-industria-acero\/#article","isPartOf":{"@id":"https:\/\/centrourbano.com\/revista\/vivienda\/canadevi-acuerdo-industria-acero\/"},"author":{"name":"Redacci\u00f3n Centro Urbano","@id":"https:\/\/centrourbano.com\/revista\/#\/schema\/person\/5259f06e282c59482812d0e9a84a6440"},"headline":"Canadevi se suma a acuerdo para fortalecer la industria del acero en M\u00e9xico","datePublished":"2026-04-29T16:11:20+00:00","dateModified":"2026-04-29T16:52:12+00:00","mainEntityOfPage":{"@id":"https:\/\/centrourbano.com\/revista\/vivienda\/canadevi-acuerdo-industria-acero\/"},"wordCount":481,"commentCount":0,"publisher":{"@id":"https:\/\/centrourbano.com\/revista\/#organization"},"image":{"@id":"https:\/\/centrourbano.com\/revista\/vivienda\/canadevi-acuerdo-industria-acero\/#primaryimage"},"thumbnailUrl":"https:\/\/centrourbano.com\/revista\/wp-content\/uploads\/Canadevi-alista-128000-viviendas-con-inversion-de-640000-mdp-en-el-pais.jpg","keywords":["Canadevi","construccion de vivienda","Programa de Viviendas para el Bienestar","vivienda"],"articleSection":["Vivienda"],"inLanguage":"es","potentialAction":[{"@type":"CommentAction","name":"Comment","target":["https:\/\/centrourbano.com\/revista\/vivienda\/canadevi-acuerdo-industria-acero\/#respond"]}]},{"@type":"WebPage","@id":"https:\/\/centrourbano.com\/revista\/vivienda\/canadevi-acuerdo-industria-acero\/","url":"https:\/\/centrourbano.com\/revista\/vivienda\/canadevi-acuerdo-industria-acero\/","name":"Canadevi se suma a acuerdo para fortalecer la industria del acero en M\u00e9xico","isPartOf":{"@id":"https:\/\/centrourbano.com\/revista\/#website"},"primaryImageOfPage":{"@id":"https:\/\/centrourbano.com\/revista\/vivienda\/canadevi-acuerdo-industria-acero\/#primaryimage"},"image":{"@id":"https:\/\/centrourbano.com\/revista\/vivienda\/canadevi-acuerdo-industria-acero\/#primaryimage"},"thumbnailUrl":"https:\/\/centrourbano.com\/revista\/wp-content\/uploads\/Canadevi-alista-128000-viviendas-con-inversion-de-640000-mdp-en-el-pais.jpg","datePublished":"2026-04-29T16:11:20+00:00","dateModified":"2026-04-29T16:52:12+00:00","description":"Canadevi respalda el fortalecimiento del acero nacional y subraya el papel de la vivienda en la manufactura mexicana","breadcrumb":{"@id":"https:\/\/centrourbano.com\/revista\/vivienda\/canadevi-acuerdo-industria-acero\/#breadcrumb"},"inLanguage":"es","potentialAction":[{"@type":"ReadAction","target":["https:\/\/centrourbano.com\/revista\/vivienda\/canadevi-acuerdo-industria-acero\/"]}]},{"@type":"ImageObject","inLanguage":"es","@id":"https:\/\/centrourbano.com\/revista\/vivienda\/canadevi-acuerdo-industria-acero\/#primaryimage","url":"https:\/\/centrourbano.com\/revista\/wp-content\/uploads\/Canadevi-alista-128000-viviendas-con-inversion-de-640000-mdp-en-el-pais.jpg","contentUrl":"https:\/\/centrourbano.com\/revista\/wp-content\/uploads\/Canadevi-alista-128000-viviendas-con-inversion-de-640000-mdp-en-el-pais.jpg","width":800,"height":800,"caption":"Canadevi se suma a acuerdo para fortalecer la industria del acero en M\u00e9xico"},{"@type":"BreadcrumbList","@id":"https:\/\/centrourbano.com\/revista\/vivienda\/canadevi-acuerdo-industria-acero\/#breadcrumb","itemListElement":[{"@type":"ListItem","position":1,"name":"Portada","item":"https:\/\/centrourbano.com\/revista\/"},{"@type":"ListItem","position":2,"name":"Canadevi se suma a acuerdo para fortalecer la industria del acero en M\u00e9xico"}]},{"@type":"WebSite","@id":"https:\/\/centrourbano.com\/revista\/#website","url":"https:\/\/centrourbano.com\/revista\/","name":"Centro Urbano","description":"Medio especializado en los sectores vivienda, inmobiliario, construcci\u00f3n, arquitectura y urbanismo.","publisher":{"@id":"https:\/\/centrourbano.com\/revista\/#organization"},"potentialAction":[{"@type":"SearchAction","target":{"@type":"EntryPoint","urlTemplate":"https:\/\/centrourbano.com\/revista\/?s={search_term_string}"},"query-input":{"@type":"PropertyValueSpecification","valueRequired":true,"valueName":"search_term_string"}}],"inLanguage":"es"},{"@type":"Organization","@id":"https:\/\/centrourbano.com\/revista\/#organization","name":"Centro Urbano","url":"https:\/\/centrourbano.com\/revista\/","logo":{"@type":"ImageObject","inLanguage":"es","@id":"https:\/\/centrourbano.com\/revista\/#\/schema\/logo\/image\/","url":"https:\/\/centrourbano.com\/revista\/wp-content\/uploads\/web_CU_logo-1.png","contentUrl":"https:\/\/centrourbano.com\/revista\/wp-content\/uploads\/web_CU_logo-1.png","width":350,"height":91,"caption":"Centro Urbano"},"image":{"@id":"https:\/\/centrourbano.com\/revista\/#\/schema\/logo\/image\/"},"sameAs":["https:\/\/www.facebook.com\/portalcentrourbano","https:\/\/x.com\/CentroUrbano","https:\/\/www.instagram.com\/centro_urbano\/","https:\/\/www.linkedin.com\/company\/centro-urbano\/","http:\/\/www.youtube.com\/user\/portalcentrourbano"]},{"@type":"Person","@id":"https:\/\/centrourbano.com\/revista\/#\/schema\/person\/5259f06e282c59482812d0e9a84a6440","name":"Redacci\u00f3n Centro Urbano","image":{"@type":"ImageObject","inLanguage":"es","@id":"https:\/\/secure.gravatar.com\/avatar\/15a789f894398c0f311f3a7a2ee28032bbc0483098539da66b6a045aa810bf35?s=96&d=mm&r=g","url":"https:\/\/secure.gravatar.com\/avatar\/15a789f894398c0f311f3a7a2ee28032bbc0483098539da66b6a045aa810bf35?s=96&d=mm&r=g","contentUrl":"https:\/\/secure.gravatar.com\/avatar\/15a789f894398c0f311f3a7a2ee28032bbc0483098539da66b6a045aa810bf35?s=96&d=mm&r=g","caption":"Redacci\u00f3n Centro Urbano"},"url":"https:\/\/centrourbano.com\/revista\/author\/editorial\/"}]}},"_links":{"self":[{"href":"https:\/\/centrourbano.com\/revista\/wp-json\/wp\/v2\/posts\/161446","targetHints":{"allow":["GET"]}}],"collection":[{"href":"https:\/\/centrourbano.com\/revista\/wp-json\/wp\/v2\/posts"}],"about":[{"href":"https:\/\/centrourbano.com\/revista\/wp-json\/wp\/v2\/types\/post"}],"author":[{"embeddable":true,"href":"https:\/\/centrourbano.com\/revista\/wp-json\/wp\/v2\/users\/14"}],"replies":[{"embeddable":true,"href":"https:\/\/centrourbano.com\/revista\/wp-json\/wp\/v2\/comments?post=161446"}],"version-history":[{"count":5,"href":"https:\/\/centrourbano.com\/revista\/wp-json\/wp\/v2\/posts\/161446\/revisions"}],"predecessor-version":[{"id":161452,"href":"https:\/\/centrourbano.com\/revista\/wp-json\/wp\/v2\/posts\/161446\/revisions\/161452"}],"wp:featuredmedia":[{"embeddable":true,"href":"https:\/\/centrourbano.com\/revista\/wp-json\/wp\/v2\/media\/161447"}],"wp:attachment":[{"href":"https:\/\/centrourbano.com\/revista\/wp-json\/wp\/v2\/media?parent=161446"}],"wp:term":[{"taxonomy":"category","embeddable":true,"href":"https:\/\/centrourbano.com\/revista\/wp-json\/wp\/v2\/categories?post=161446"},{"taxonomy":"post_tag","embeddable":true,"href":"https:\/\/centrourbano.com\/revista\/wp-json\/wp\/v2\/tags?post=161446"}],"curies":[{"name":"wp","href":"https:\/\/api.w.org\/{rel}","templated":true}]}}