{"id":161440,"date":"2026-04-29T09:00:07","date_gmt":"2026-04-29T15:00:07","guid":{"rendered":"https:\/\/centrourbano.com\/revista\/?p=161440"},"modified":"2026-04-29T00:16:10","modified_gmt":"2026-04-29T06:16:10","slug":"kengo-kuma-ecuador-usos-mixtos","status":"publish","type":"post","link":"https:\/\/centrourbano.com\/revista\/arquitectura-2\/kengo-kuma-ecuador-usos-mixtos\/","title":{"rendered":"Kengo Kuma debutar\u00e1 en Ecuador con torre de usos mixtos en Quito"},"content":{"rendered":"<p><em>Kengo Kuma present\u00f3 Qapital Tower, un proyecto residencial y comercial que apuesta por la integraci\u00f3n con la naturaleza <\/em><!--more--><\/p>\n<p>El arquitecto japon\u00e9s <strong>Kengo Kuma<\/strong> debutar\u00e1 en Ecuador con <strong>Qapital Tower<\/strong>, una torre de usos mixtos de 32 niveles que se construir\u00e1 en Quito y que marcar\u00e1 el primer proyecto del despacho <strong>Kengo Kuma &amp; Associates<\/strong> en ese pa\u00eds sudamericano.<\/p>\n<p>El desarrollo, realizado en colaboraci\u00f3n con la firma local <strong>Uribe Schwarzkopf<\/strong>, se ubicar\u00e1 frente al parque La Carolina, en el distrito central de negocios de la capital ecuatoriana, y contempla una altura de 125.8 metros, con entrega prevista para 2029.<\/p>\n<p>Asimismo, <strong>Qapital Tower<\/strong> integrar\u00e1 un programa vertical de <strong>usos mixtos<\/strong> que combina vivienda, comercio y amenidades compartidas, en una propuesta que busca diluir los l\u00edmites entre arquitectura, naturaleza y ciudad.<\/p>\n<p>El proyecto contar\u00e1 con tres <strong>locales comerciales<\/strong> en planta baja y 509 <strong>microapartamentos<\/strong> tipo estudio con superficies de entre 21 y 36.15 metros cuadrados, dise\u00f1ados como espacios compactos y flexibles que responden a la creciente demanda de vivienda adaptable en zonas urbanas densas.<\/p>\n<a href=\"https:\/\/centrourbano.com\/revista\/wp-content\/uploads\/kengo-kuma-and-associates-unveils-its-first-project-in-ecuador-with-qapital-tower_1.jpg\" target=\"_blank\" rel=\"noopener\"><img loading=\"lazy\" decoding=\"async\" class=\"aligncenter wp-image-161442 \" src=\"https:\/\/centrourbano.com\/revista\/wp-content\/uploads\/kengo-kuma-and-associates-unveils-its-first-project-in-ecuador-with-qapital-tower_1.jpg\" alt=\"\" width=\"800\" height=\"487\" srcset=\"https:\/\/centrourbano.com\/revista\/wp-content\/uploads\/kengo-kuma-and-associates-unveils-its-first-project-in-ecuador-with-qapital-tower_1.jpg 1582w, https:\/\/centrourbano.com\/revista\/wp-content\/uploads\/kengo-kuma-and-associates-unveils-its-first-project-in-ecuador-with-qapital-tower_1-300x182.jpg 300w, https:\/\/centrourbano.com\/revista\/wp-content\/uploads\/kengo-kuma-and-associates-unveils-its-first-project-in-ecuador-with-qapital-tower_1-1000x608.jpg 1000w, https:\/\/centrourbano.com\/revista\/wp-content\/uploads\/kengo-kuma-and-associates-unveils-its-first-project-in-ecuador-with-qapital-tower_1-768x467.jpg 768w, https:\/\/centrourbano.com\/revista\/wp-content\/uploads\/kengo-kuma-and-associates-unveils-its-first-project-in-ecuador-with-qapital-tower_1-1536x934.jpg 1536w\" sizes=\"auto, (max-width: 800px) 100vw, 800px\" \/><\/a>\n<p><!--more--><\/p>\n<h2><strong>Inspiraci\u00f3n andina y dise\u00f1o org\u00e1nico<\/strong><\/h2>\n<p>Uno de los principales elementos del proyecto ser\u00e1 su <strong>fachada texturizada<\/strong>, inspirada en la geolog\u00eda de los Andes y en la relaci\u00f3n entre las culturas materiales de Jap\u00f3n y Ecuador.<\/p>\n<p>De acuerdo con el <strong>Kengo Kuma &amp; Associates<\/strong>, los balcones se concibieron como cavidades talladas dentro del volumen principal, generando nichos profundos donde la vegetaci\u00f3n se integra en distintos niveles del edificio. Esta estrategia busca replicar la porosidad natural de las formaciones rocosas andinas, donde las plantas crecen dentro de sus grietas.<\/p>\n<p>Adem\u00e1s, los ventanales de piso a techo permitir\u00e1n vistas hacia el paisaje urbano y reforzar\u00e1n la <strong>conexi\u00f3n entre los interiores y la ciudad<\/strong>, mientras que la incorporaci\u00f3n de vegetaci\u00f3n en la envolvente responde a la intenci\u00f3n de crear una <strong>arquitectura m\u00e1s org\u00e1nica y permeable<\/strong>.<\/p>\n<a href=\"https:\/\/centrourbano.com\/revista\/wp-content\/uploads\/kengo-kuma-and-associates-unveils-its-first-project-in-ecuador-with-qapital-tower_4.jpg\" target=\"_blank\" rel=\"noopener\"><img loading=\"lazy\" decoding=\"async\" class=\"aligncenter wp-image-161443 \" src=\"https:\/\/centrourbano.com\/revista\/wp-content\/uploads\/kengo-kuma-and-associates-unveils-its-first-project-in-ecuador-with-qapital-tower_4.jpg\" alt=\"\" width=\"801\" height=\"566\" srcset=\"https:\/\/centrourbano.com\/revista\/wp-content\/uploads\/kengo-kuma-and-associates-unveils-its-first-project-in-ecuador-with-qapital-tower_4.jpg 1414w, https:\/\/centrourbano.com\/revista\/wp-content\/uploads\/kengo-kuma-and-associates-unveils-its-first-project-in-ecuador-with-qapital-tower_4-300x212.jpg 300w, https:\/\/centrourbano.com\/revista\/wp-content\/uploads\/kengo-kuma-and-associates-unveils-its-first-project-in-ecuador-with-qapital-tower_4-1000x707.jpg 1000w, https:\/\/centrourbano.com\/revista\/wp-content\/uploads\/kengo-kuma-and-associates-unveils-its-first-project-in-ecuador-with-qapital-tower_4-768x543.jpg 768w\" sizes=\"auto, (max-width: 801px) 100vw, 801px\" \/><\/a>\n<p><!--more--><\/p>\n<h2><strong>Amenidades y apuesta internacional<\/strong><\/h2>\n<p>En la parte superior, la torre contar\u00e1 con una <strong>alberca exterior<\/strong> en la azotea con un mosaico dise\u00f1ado por <strong>Fornasetti<\/strong>, en lo que ser\u00e1 el primer proyecto de esta firma italiana en Sudam\u00e9rica.<\/p>\n<p>Tambi\u00e9n incluir\u00e1 un <strong>\u00e1rea de wellness<\/strong>, <strong>gimnasio<\/strong>, <strong>cine privado<\/strong>, <strong>sala de juegos<\/strong>, <strong>pet spa<\/strong> y diversos espacios sociales compartidos que complementan la experiencia residencial.<\/p>\n<p>Adem\u00e1s, cabe destacar que la torre cuenta con una <strong>fuerte aceptaci\u00f3n inicial del mercado<\/strong>, ya que, aunque la construcci\u00f3n apenas est\u00e1 por comenzar, ya se vendi\u00f3 una gran parte de las unidades.<\/p>\n<a href=\"https:\/\/centrourbano.com\/revista\/wp-content\/uploads\/kengo-kuma-and-associates-unveils-its-first-project-in-ecuador-with-qapital-tower_8.jpg\" target=\"_blank\" rel=\"noopener\"><img loading=\"lazy\" decoding=\"async\" class=\"aligncenter wp-image-161444 \" src=\"https:\/\/centrourbano.com\/revista\/wp-content\/uploads\/kengo-kuma-and-associates-unveils-its-first-project-in-ecuador-with-qapital-tower_8.jpg\" alt=\"\" width=\"800\" height=\"566\" srcset=\"https:\/\/centrourbano.com\/revista\/wp-content\/uploads\/kengo-kuma-and-associates-unveils-its-first-project-in-ecuador-with-qapital-tower_8.jpg 1414w, https:\/\/centrourbano.com\/revista\/wp-content\/uploads\/kengo-kuma-and-associates-unveils-its-first-project-in-ecuador-with-qapital-tower_8-300x212.jpg 300w, https:\/\/centrourbano.com\/revista\/wp-content\/uploads\/kengo-kuma-and-associates-unveils-its-first-project-in-ecuador-with-qapital-tower_8-1000x707.jpg 1000w, https:\/\/centrourbano.com\/revista\/wp-content\/uploads\/kengo-kuma-and-associates-unveils-its-first-project-in-ecuador-with-qapital-tower_8-768x543.jpg 768w\" sizes=\"auto, (max-width: 800px) 100vw, 800px\" \/><\/a>\n","protected":false},"excerpt":{"rendered":"<p>Kengo Kuma present\u00f3 Qapital Tower, un proyecto residencial y comercial que apuesta por la integraci\u00f3n con la naturaleza<\/p>\n","protected":false},"author":14,"featured_media":161441,"comment_status":"open","ping_status":"closed","sticky":false,"template":"","format":"standard","meta":{"om_disable_all_campaigns":false,"inline_featured_image":false,"_monsterinsights_skip_tracking":false,"_monsterinsights_sitenote_active":false,"_monsterinsights_sitenote_note":"","_monsterinsights_sitenote_category":0,"footnotes":""},"categories":[81],"tags":[],"class_list":["post-161440","post","type-post","status-publish","format-standard","has-post-thumbnail","hentry","category-arquitectura-2"],"yoast_head":"<!-- This site is optimized with the Yoast SEO plugin v27.5 - https:\/\/yoast.com\/product\/yoast-seo-wordpress\/ -->\n<title>Kengo Kuma debutar\u00e1 en Ecuador con torre de usos mixtos<\/title>\n<meta name=\"description\" content=\"Kengo Kuma present\u00f3 Qapital Tower, un proyecto residencial y comercial que apuesta por la integraci\u00f3n con la naturaleza\" \/>\n<meta name=\"robots\" content=\"index, follow, max-snippet:-1, max-image-preview:large, max-video-preview:-1\" \/>\n<link rel=\"canonical\" href=\"https:\/\/centrourbano.com\/revista\/arquitectura-2\/kengo-kuma-ecuador-usos-mixtos\/\" \/>\n<meta property=\"og:locale\" content=\"es_ES\" \/>\n<meta property=\"og:type\" content=\"article\" \/>\n<meta property=\"og:title\" content=\"Kengo Kuma debutar\u00e1 en Ecuador con torre de usos mixtos\" \/>\n<meta property=\"og:description\" content=\"Kengo Kuma present\u00f3 Qapital Tower, un proyecto residencial y comercial que apuesta por la integraci\u00f3n con la naturaleza\" \/>\n<meta property=\"og:url\" content=\"https:\/\/centrourbano.com\/revista\/arquitectura-2\/kengo-kuma-ecuador-usos-mixtos\/\" \/>\n<meta property=\"og:site_name\" content=\"Centro Urbano\" \/>\n<meta property=\"article:publisher\" content=\"https:\/\/www.facebook.com\/portalcentrourbano\" \/>\n<meta property=\"article:published_time\" content=\"2026-04-29T15:00:07+00:00\" \/>\n<meta property=\"og:image\" content=\"https:\/\/centrourbano.com\/revista\/wp-content\/uploads\/Kengo-Kuma-debutara\u0301-en-Ecuador-con-torre-de-usos-mixtos-en-Quito.jpg\" \/>\n\t<meta property=\"og:image:width\" content=\"1000\" \/>\n\t<meta property=\"og:image:height\" content=\"1000\" \/>\n\t<meta property=\"og:image:type\" content=\"image\/jpeg\" \/>\n<meta name=\"author\" content=\"Redacci\u00f3n Centro Urbano\" \/>\n<meta name=\"twitter:card\" content=\"summary_large_image\" \/>\n<meta name=\"twitter:creator\" content=\"@CentroUrbano\" \/>\n<meta name=\"twitter:site\" content=\"@CentroUrbano\" \/>\n<meta name=\"twitter:label1\" content=\"Escrito por\" \/>\n\t<meta name=\"twitter:data1\" content=\"Redacci\u00f3n Centro Urbano\" \/>\n\t<meta name=\"twitter:label2\" content=\"Tiempo de lectura\" \/>\n\t<meta name=\"twitter:data2\" content=\"3 minutos\" \/>\n<script type=\"application\/ld+json\" class=\"yoast-schema-graph\">{\"@context\":\"https:\\\/\\\/schema.org\",\"@graph\":[{\"@type\":\"Article\",\"@id\":\"https:\\\/\\\/centrourbano.com\\\/revista\\\/arquitectura-2\\\/kengo-kuma-ecuador-usos-mixtos\\\/#article\",\"isPartOf\":{\"@id\":\"https:\\\/\\\/centrourbano.com\\\/revista\\\/arquitectura-2\\\/kengo-kuma-ecuador-usos-mixtos\\\/\"},\"author\":{\"name\":\"Redacci\u00f3n Centro Urbano\",\"@id\":\"https:\\\/\\\/centrourbano.com\\\/revista\\\/#\\\/schema\\\/person\\\/680e7c50f9d6e917e416c9efdc26f996\"},\"headline\":\"Kengo Kuma debutar\u00e1 en Ecuador con torre de usos mixtos en Quito\",\"datePublished\":\"2026-04-29T15:00:07+00:00\",\"mainEntityOfPage\":{\"@id\":\"https:\\\/\\\/centrourbano.com\\\/revista\\\/arquitectura-2\\\/kengo-kuma-ecuador-usos-mixtos\\\/\"},\"wordCount\":429,\"commentCount\":0,\"publisher\":{\"@id\":\"https:\\\/\\\/centrourbano.com\\\/revista\\\/#organization\"},\"image\":{\"@id\":\"https:\\\/\\\/centrourbano.com\\\/revista\\\/arquitectura-2\\\/kengo-kuma-ecuador-usos-mixtos\\\/#primaryimage\"},\"thumbnailUrl\":\"https:\\\/\\\/centrourbano.com\\\/revista\\\/wp-content\\\/uploads\\\/Kengo-Kuma-debutara\u0301-en-Ecuador-con-torre-de-usos-mixtos-en-Quito.jpg\",\"articleSection\":[\"Arquitectura\"],\"inLanguage\":\"es\",\"potentialAction\":[{\"@type\":\"CommentAction\",\"name\":\"Comment\",\"target\":[\"https:\\\/\\\/centrourbano.com\\\/revista\\\/arquitectura-2\\\/kengo-kuma-ecuador-usos-mixtos\\\/#respond\"]}]},{\"@type\":\"WebPage\",\"@id\":\"https:\\\/\\\/centrourbano.com\\\/revista\\\/arquitectura-2\\\/kengo-kuma-ecuador-usos-mixtos\\\/\",\"url\":\"https:\\\/\\\/centrourbano.com\\\/revista\\\/arquitectura-2\\\/kengo-kuma-ecuador-usos-mixtos\\\/\",\"name\":\"Kengo Kuma debutar\u00e1 en Ecuador con torre de usos mixtos\",\"isPartOf\":{\"@id\":\"https:\\\/\\\/centrourbano.com\\\/revista\\\/#website\"},\"primaryImageOfPage\":{\"@id\":\"https:\\\/\\\/centrourbano.com\\\/revista\\\/arquitectura-2\\\/kengo-kuma-ecuador-usos-mixtos\\\/#primaryimage\"},\"image\":{\"@id\":\"https:\\\/\\\/centrourbano.com\\\/revista\\\/arquitectura-2\\\/kengo-kuma-ecuador-usos-mixtos\\\/#primaryimage\"},\"thumbnailUrl\":\"https:\\\/\\\/centrourbano.com\\\/revista\\\/wp-content\\\/uploads\\\/Kengo-Kuma-debutara\u0301-en-Ecuador-con-torre-de-usos-mixtos-en-Quito.jpg\",\"datePublished\":\"2026-04-29T15:00:07+00:00\",\"description\":\"Kengo Kuma present\u00f3 Qapital Tower, un proyecto residencial y comercial que apuesta por la integraci\u00f3n con la naturaleza\",\"breadcrumb\":{\"@id\":\"https:\\\/\\\/centrourbano.com\\\/revista\\\/arquitectura-2\\\/kengo-kuma-ecuador-usos-mixtos\\\/#breadcrumb\"},\"inLanguage\":\"es\",\"potentialAction\":[{\"@type\":\"ReadAction\",\"target\":[\"https:\\\/\\\/centrourbano.com\\\/revista\\\/arquitectura-2\\\/kengo-kuma-ecuador-usos-mixtos\\\/\"]}]},{\"@type\":\"ImageObject\",\"inLanguage\":\"es\",\"@id\":\"https:\\\/\\\/centrourbano.com\\\/revista\\\/arquitectura-2\\\/kengo-kuma-ecuador-usos-mixtos\\\/#primaryimage\",\"url\":\"https:\\\/\\\/centrourbano.com\\\/revista\\\/wp-content\\\/uploads\\\/Kengo-Kuma-debutara\u0301-en-Ecuador-con-torre-de-usos-mixtos-en-Quito.jpg\",\"contentUrl\":\"https:\\\/\\\/centrourbano.com\\\/revista\\\/wp-content\\\/uploads\\\/Kengo-Kuma-debutara\u0301-en-Ecuador-con-torre-de-usos-mixtos-en-Quito.jpg\",\"width\":1000,\"height\":1000,\"caption\":\"Kengo Kuma present\u00f3 Qapital Tower, un proyecto residencial y comercial que apuesta por la integraci\u00f3n con la naturaleza\"},{\"@type\":\"BreadcrumbList\",\"@id\":\"https:\\\/\\\/centrourbano.com\\\/revista\\\/arquitectura-2\\\/kengo-kuma-ecuador-usos-mixtos\\\/#breadcrumb\",\"itemListElement\":[{\"@type\":\"ListItem\",\"position\":1,\"name\":\"Portada\",\"item\":\"https:\\\/\\\/centrourbano.com\\\/revista\\\/\"},{\"@type\":\"ListItem\",\"position\":2,\"name\":\"Kengo Kuma debutar\u00e1 en Ecuador con torre de usos mixtos en Quito\"}]},{\"@type\":\"WebSite\",\"@id\":\"https:\\\/\\\/centrourbano.com\\\/revista\\\/#website\",\"url\":\"https:\\\/\\\/centrourbano.com\\\/revista\\\/\",\"name\":\"Centro Urbano\",\"description\":\"Medio especializado en los sectores vivienda, inmobiliario, construcci\u00f3n, arquitectura y urbanismo.\",\"publisher\":{\"@id\":\"https:\\\/\\\/centrourbano.com\\\/revista\\\/#organization\"},\"potentialAction\":[{\"@type\":\"SearchAction\",\"target\":{\"@type\":\"EntryPoint\",\"urlTemplate\":\"https:\\\/\\\/centrourbano.com\\\/revista\\\/?s={search_term_string}\"},\"query-input\":{\"@type\":\"PropertyValueSpecification\",\"valueRequired\":true,\"valueName\":\"search_term_string\"}}],\"inLanguage\":\"es\"},{\"@type\":\"Organization\",\"@id\":\"https:\\\/\\\/centrourbano.com\\\/revista\\\/#organization\",\"name\":\"Centro Urbano\",\"url\":\"https:\\\/\\\/centrourbano.com\\\/revista\\\/\",\"logo\":{\"@type\":\"ImageObject\",\"inLanguage\":\"es\",\"@id\":\"https:\\\/\\\/centrourbano.com\\\/revista\\\/#\\\/schema\\\/logo\\\/image\\\/\",\"url\":\"https:\\\/\\\/centrourbano.com\\\/revista\\\/wp-content\\\/uploads\\\/web_CU_logo-1.png\",\"contentUrl\":\"https:\\\/\\\/centrourbano.com\\\/revista\\\/wp-content\\\/uploads\\\/web_CU_logo-1.png\",\"width\":350,\"height\":91,\"caption\":\"Centro Urbano\"},\"image\":{\"@id\":\"https:\\\/\\\/centrourbano.com\\\/revista\\\/#\\\/schema\\\/logo\\\/image\\\/\"},\"sameAs\":[\"https:\\\/\\\/www.facebook.com\\\/portalcentrourbano\",\"https:\\\/\\\/x.com\\\/CentroUrbano\",\"https:\\\/\\\/www.instagram.com\\\/centro_urbano\\\/\",\"https:\\\/\\\/www.linkedin.com\\\/company\\\/centro-urbano\\\/\",\"http:\\\/\\\/www.youtube.com\\\/user\\\/portalcentrourbano\"]},{\"@type\":\"Person\",\"@id\":\"https:\\\/\\\/centrourbano.com\\\/revista\\\/#\\\/schema\\\/person\\\/680e7c50f9d6e917e416c9efdc26f996\",\"name\":\"Redacci\u00f3n Centro Urbano\",\"image\":{\"@type\":\"ImageObject\",\"inLanguage\":\"es\",\"@id\":\"https:\\\/\\\/secure.gravatar.com\\\/avatar\\\/15a789f894398c0f311f3a7a2ee28032bbc0483098539da66b6a045aa810bf35?s=96&d=mm&r=g\",\"url\":\"https:\\\/\\\/secure.gravatar.com\\\/avatar\\\/15a789f894398c0f311f3a7a2ee28032bbc0483098539da66b6a045aa810bf35?s=96&d=mm&r=g\",\"contentUrl\":\"https:\\\/\\\/secure.gravatar.com\\\/avatar\\\/15a789f894398c0f311f3a7a2ee28032bbc0483098539da66b6a045aa810bf35?s=96&d=mm&r=g\",\"caption\":\"Redacci\u00f3n Centro Urbano\"},\"url\":\"https:\\\/\\\/centrourbano.com\\\/revista\\\/author\\\/editorial\\\/\"}]}<\/script>\n<!-- \/ Yoast SEO plugin. -->","yoast_head_json":{"title":"Kengo Kuma debutar\u00e1 en Ecuador con torre de usos mixtos","description":"Kengo Kuma present\u00f3 Qapital Tower, un proyecto residencial y comercial que apuesta por la integraci\u00f3n con la naturaleza","robots":{"index":"index","follow":"follow","max-snippet":"max-snippet:-1","max-image-preview":"max-image-preview:large","max-video-preview":"max-video-preview:-1"},"canonical":"https:\/\/centrourbano.com\/revista\/arquitectura-2\/kengo-kuma-ecuador-usos-mixtos\/","og_locale":"es_ES","og_type":"article","og_title":"Kengo Kuma debutar\u00e1 en Ecuador con torre de usos mixtos","og_description":"Kengo Kuma present\u00f3 Qapital Tower, un proyecto residencial y comercial que apuesta por la integraci\u00f3n con la naturaleza","og_url":"https:\/\/centrourbano.com\/revista\/arquitectura-2\/kengo-kuma-ecuador-usos-mixtos\/","og_site_name":"Centro Urbano","article_publisher":"https:\/\/www.facebook.com\/portalcentrourbano","article_published_time":"2026-04-29T15:00:07+00:00","og_image":[{"width":1000,"height":1000,"url":"https:\/\/centrourbano.com\/revista\/wp-content\/uploads\/Kengo-Kuma-debutara\u0301-en-Ecuador-con-torre-de-usos-mixtos-en-Quito.jpg","type":"image\/jpeg"}],"author":"Redacci\u00f3n Centro Urbano","twitter_card":"summary_large_image","twitter_creator":"@CentroUrbano","twitter_site":"@CentroUrbano","twitter_misc":{"Escrito por":"Redacci\u00f3n Centro Urbano","Tiempo de lectura":"3 minutos"},"schema":{"@context":"https:\/\/schema.org","@graph":[{"@type":"Article","@id":"https:\/\/centrourbano.com\/revista\/arquitectura-2\/kengo-kuma-ecuador-usos-mixtos\/#article","isPartOf":{"@id":"https:\/\/centrourbano.com\/revista\/arquitectura-2\/kengo-kuma-ecuador-usos-mixtos\/"},"author":{"name":"Redacci\u00f3n Centro Urbano","@id":"https:\/\/centrourbano.com\/revista\/#\/schema\/person\/680e7c50f9d6e917e416c9efdc26f996"},"headline":"Kengo Kuma debutar\u00e1 en Ecuador con torre de usos mixtos en Quito","datePublished":"2026-04-29T15:00:07+00:00","mainEntityOfPage":{"@id":"https:\/\/centrourbano.com\/revista\/arquitectura-2\/kengo-kuma-ecuador-usos-mixtos\/"},"wordCount":429,"commentCount":0,"publisher":{"@id":"https:\/\/centrourbano.com\/revista\/#organization"},"image":{"@id":"https:\/\/centrourbano.com\/revista\/arquitectura-2\/kengo-kuma-ecuador-usos-mixtos\/#primaryimage"},"thumbnailUrl":"https:\/\/centrourbano.com\/revista\/wp-content\/uploads\/Kengo-Kuma-debutara\u0301-en-Ecuador-con-torre-de-usos-mixtos-en-Quito.jpg","articleSection":["Arquitectura"],"inLanguage":"es","potentialAction":[{"@type":"CommentAction","name":"Comment","target":["https:\/\/centrourbano.com\/revista\/arquitectura-2\/kengo-kuma-ecuador-usos-mixtos\/#respond"]}]},{"@type":"WebPage","@id":"https:\/\/centrourbano.com\/revista\/arquitectura-2\/kengo-kuma-ecuador-usos-mixtos\/","url":"https:\/\/centrourbano.com\/revista\/arquitectura-2\/kengo-kuma-ecuador-usos-mixtos\/","name":"Kengo Kuma debutar\u00e1 en Ecuador con torre de usos mixtos","isPartOf":{"@id":"https:\/\/centrourbano.com\/revista\/#website"},"primaryImageOfPage":{"@id":"https:\/\/centrourbano.com\/revista\/arquitectura-2\/kengo-kuma-ecuador-usos-mixtos\/#primaryimage"},"image":{"@id":"https:\/\/centrourbano.com\/revista\/arquitectura-2\/kengo-kuma-ecuador-usos-mixtos\/#primaryimage"},"thumbnailUrl":"https:\/\/centrourbano.com\/revista\/wp-content\/uploads\/Kengo-Kuma-debutara\u0301-en-Ecuador-con-torre-de-usos-mixtos-en-Quito.jpg","datePublished":"2026-04-29T15:00:07+00:00","description":"Kengo Kuma present\u00f3 Qapital Tower, un proyecto residencial y comercial que apuesta por la integraci\u00f3n con la naturaleza","breadcrumb":{"@id":"https:\/\/centrourbano.com\/revista\/arquitectura-2\/kengo-kuma-ecuador-usos-mixtos\/#breadcrumb"},"inLanguage":"es","potentialAction":[{"@type":"ReadAction","target":["https:\/\/centrourbano.com\/revista\/arquitectura-2\/kengo-kuma-ecuador-usos-mixtos\/"]}]},{"@type":"ImageObject","inLanguage":"es","@id":"https:\/\/centrourbano.com\/revista\/arquitectura-2\/kengo-kuma-ecuador-usos-mixtos\/#primaryimage","url":"https:\/\/centrourbano.com\/revista\/wp-content\/uploads\/Kengo-Kuma-debutara\u0301-en-Ecuador-con-torre-de-usos-mixtos-en-Quito.jpg","contentUrl":"https:\/\/centrourbano.com\/revista\/wp-content\/uploads\/Kengo-Kuma-debutara\u0301-en-Ecuador-con-torre-de-usos-mixtos-en-Quito.jpg","width":1000,"height":1000,"caption":"Kengo Kuma present\u00f3 Qapital Tower, un proyecto residencial y comercial que apuesta por la integraci\u00f3n con la naturaleza"},{"@type":"BreadcrumbList","@id":"https:\/\/centrourbano.com\/revista\/arquitectura-2\/kengo-kuma-ecuador-usos-mixtos\/#breadcrumb","itemListElement":[{"@type":"ListItem","position":1,"name":"Portada","item":"https:\/\/centrourbano.com\/revista\/"},{"@type":"ListItem","position":2,"name":"Kengo Kuma debutar\u00e1 en Ecuador con torre de usos mixtos en Quito"}]},{"@type":"WebSite","@id":"https:\/\/centrourbano.com\/revista\/#website","url":"https:\/\/centrourbano.com\/revista\/","name":"Centro Urbano","description":"Medio especializado en los sectores vivienda, inmobiliario, construcci\u00f3n, arquitectura y urbanismo.","publisher":{"@id":"https:\/\/centrourbano.com\/revista\/#organization"},"potentialAction":[{"@type":"SearchAction","target":{"@type":"EntryPoint","urlTemplate":"https:\/\/centrourbano.com\/revista\/?s={search_term_string}"},"query-input":{"@type":"PropertyValueSpecification","valueRequired":true,"valueName":"search_term_string"}}],"inLanguage":"es"},{"@type":"Organization","@id":"https:\/\/centrourbano.com\/revista\/#organization","name":"Centro Urbano","url":"https:\/\/centrourbano.com\/revista\/","logo":{"@type":"ImageObject","inLanguage":"es","@id":"https:\/\/centrourbano.com\/revista\/#\/schema\/logo\/image\/","url":"https:\/\/centrourbano.com\/revista\/wp-content\/uploads\/web_CU_logo-1.png","contentUrl":"https:\/\/centrourbano.com\/revista\/wp-content\/uploads\/web_CU_logo-1.png","width":350,"height":91,"caption":"Centro Urbano"},"image":{"@id":"https:\/\/centrourbano.com\/revista\/#\/schema\/logo\/image\/"},"sameAs":["https:\/\/www.facebook.com\/portalcentrourbano","https:\/\/x.com\/CentroUrbano","https:\/\/www.instagram.com\/centro_urbano\/","https:\/\/www.linkedin.com\/company\/centro-urbano\/","http:\/\/www.youtube.com\/user\/portalcentrourbano"]},{"@type":"Person","@id":"https:\/\/centrourbano.com\/revista\/#\/schema\/person\/680e7c50f9d6e917e416c9efdc26f996","name":"Redacci\u00f3n Centro Urbano","image":{"@type":"ImageObject","inLanguage":"es","@id":"https:\/\/secure.gravatar.com\/avatar\/15a789f894398c0f311f3a7a2ee28032bbc0483098539da66b6a045aa810bf35?s=96&d=mm&r=g","url":"https:\/\/secure.gravatar.com\/avatar\/15a789f894398c0f311f3a7a2ee28032bbc0483098539da66b6a045aa810bf35?s=96&d=mm&r=g","contentUrl":"https:\/\/secure.gravatar.com\/avatar\/15a789f894398c0f311f3a7a2ee28032bbc0483098539da66b6a045aa810bf35?s=96&d=mm&r=g","caption":"Redacci\u00f3n Centro Urbano"},"url":"https:\/\/centrourbano.com\/revista\/author\/editorial\/"}]}},"_links":{"self":[{"href":"https:\/\/centrourbano.com\/revista\/wp-json\/wp\/v2\/posts\/161440","targetHints":{"allow":["GET"]}}],"collection":[{"href":"https:\/\/centrourbano.com\/revista\/wp-json\/wp\/v2\/posts"}],"about":[{"href":"https:\/\/centrourbano.com\/revista\/wp-json\/wp\/v2\/types\/post"}],"author":[{"embeddable":true,"href":"https:\/\/centrourbano.com\/revista\/wp-json\/wp\/v2\/users\/14"}],"replies":[{"embeddable":true,"href":"https:\/\/centrourbano.com\/revista\/wp-json\/wp\/v2\/comments?post=161440"}],"version-history":[{"count":1,"href":"https:\/\/centrourbano.com\/revista\/wp-json\/wp\/v2\/posts\/161440\/revisions"}],"predecessor-version":[{"id":161445,"href":"https:\/\/centrourbano.com\/revista\/wp-json\/wp\/v2\/posts\/161440\/revisions\/161445"}],"wp:featuredmedia":[{"embeddable":true,"href":"https:\/\/centrourbano.com\/revista\/wp-json\/wp\/v2\/media\/161441"}],"wp:attachment":[{"href":"https:\/\/centrourbano.com\/revista\/wp-json\/wp\/v2\/media?parent=161440"}],"wp:term":[{"taxonomy":"category","embeddable":true,"href":"https:\/\/centrourbano.com\/revista\/wp-json\/wp\/v2\/categories?post=161440"},{"taxonomy":"post_tag","embeddable":true,"href":"https:\/\/centrourbano.com\/revista\/wp-json\/wp\/v2\/tags?post=161440"}],"curies":[{"name":"wp","href":"https:\/\/api.w.org\/{rel}","templated":true}]}}