{"id":161437,"date":"2026-04-28T16:53:28","date_gmt":"2026-04-28T22:53:28","guid":{"rendered":"https:\/\/centrourbano.com\/revista\/?p=161437"},"modified":"2026-04-28T16:53:28","modified_gmt":"2026-04-28T22:53:28","slug":"monitoreo-estructural-escuelas","status":"publish","type":"post","link":"https:\/\/centrourbano.com\/revista\/opinion\/monitoreo-estructural-escuelas\/","title":{"rendered":"Lo que no se ve tambi\u00e9n ense\u00f1a: la importancia del monitoreo estructural en las escuelas"},"content":{"rendered":"<p><em>Por Felipe Mart\u00ednez*<\/em><!--more--><\/p>\n<p>En un pa\u00eds donde m\u00e1s de 24 millones de estudiantes asisten a la escuela cada d\u00eda, este mes cerca de 230 mil planteles en M\u00e9xico se preparan para celebrar el D\u00eda del Ni\u00f1o. Desde mi perspectiva, el verdadero valor est\u00e1 en fortalecer los espacios donde aprenden. Porque cada aula, pasillo y patio no solo forma parte de su experiencia educativa, tambi\u00e9n define un entorno que debe ser seguro, confiable y capaz de acompa\u00f1ar su desarrollo todos los d\u00edas.<\/p>\n<p>Mi experiencia en monitoreo de salud estructural me ha mostrado que los riesgos m\u00e1s importantes no siempre son evidentes. Una escuela puede parecer en buen estado a simple vista y, aun as\u00ed, acumular afectaciones por el paso del tiempo, el uso continuo o fen\u00f3menos como los sismos. La diferencia entre un incidente y una historia de prevenci\u00f3n suele estar en la anticipaci\u00f3n.<\/p>\n<p>Hablar del estado de las escuelas no es enfocarse en riesgos, sino en permanencia. Cuando un plantel tiene que cerrar por da\u00f1os, aunque sean menores, el impacto va mucho m\u00e1s all\u00e1 del edificio: se interrumpe el aprendizaje, se reorganiza la vida familiar y se generan costos imprevistos. Por eso, mantener las escuelas en operaci\u00f3n segura no solo es una prioridad social, es una decisi\u00f3n econ\u00f3micamente inteligente.<\/p>\n<p>La prevenci\u00f3n, en este contexto, se vuelve una de las herramientas m\u00e1s poderosas. Invertir en mantenimiento y monitoreo permite detectar a tiempo peque\u00f1as variaciones que, de no atenderse, podr\u00edan escalar. Es un enfoque que cambia la l\u00f3gica tradicional: en lugar de reaccionar ante el problema, se construyen condiciones para evitarlo.<\/p>\n<p>Hoy existen soluciones tecnol\u00f3gicas que hacen esto posible. Los sistemas de monitoreo estructural permanente mediante sensores permiten observar en tiempo real el comportamiento de los edificios: c\u00f3mo vibran, c\u00f3mo se desplazan o c\u00f3mo responden a su entorno. Esta informaci\u00f3n, bien utilizada, facilita decisiones oportunas y reduce significativamente la incertidumbre.<\/p>\n<p>Sin embargo, la tecnolog\u00eda es solo una parte de la ecuaci\u00f3n. Hay tres elementos clave que definen el buen estado de la infraestructura escolar. Primero, la inspecci\u00f3n peri\u00f3dica realizada por especialistas, que permita tener diagn\u00f3sticos claros y actualizados. Segundo, el mantenimiento preventivo como una pr\u00e1ctica constante. Y tercero, la gesti\u00f3n inteligente de la informaci\u00f3n, que permita priorizar intervenciones y optimizar recursos.<\/p>\n<h2><strong>Prevenci\u00f3n activa<\/strong><\/h2>\n<p>En este contexto, M\u00e9xico ya avanza en la direcci\u00f3n correcta. Existe un marco como la Ley General de Protecci\u00f3n Civil y regulaciones locales que obligan a contar con certificados de seguridad estructural despu\u00e9s de un sismo, lo que ha fortalecido la cultura de prevenci\u00f3n.<\/p>\n<p>Sobre esa base, avanzamos en conjunto con la Secretar\u00eda de Protecci\u00f3n Civil en la implementaci\u00f3n de un plan piloto para instalar sensores en alrededor de mil escuelas p\u00fablicas. M\u00e1s que un proyecto tecnol\u00f3gico, representa un cambio de enfoque: evolucionar de revisiones peri\u00f3dicas a una vigilancia continua, con un objetivo claro: reducir riesgos, evitar cierres innecesarios y dar mayor certidumbre a las comunidades escolares.<\/p>\n<p>El mantenimiento de la infraestructura educativa tambi\u00e9n requiere una transformaci\u00f3n cultural. Durante a\u00f1os se ha visto como un gasto que puede postergarse, cuando en realidad es una inversi\u00f3n que protege tanto a las personas como a la econom\u00eda. Una escuela que opera con normalidad permite que madres y padres trabajen, que los estudiantes mantengan su ritmo de aprendizaje y que el sistema educativo funcione sin interrupciones.<\/p>\n<p>M\u00e9xico tiene frente a s\u00ed una oportunidad relevante. Con el uso de tecnolog\u00eda, la coordinaci\u00f3n institucional y una visi\u00f3n preventiva, puede posicionarse como un referente regional en la gesti\u00f3n de infraestructura escolar y con ello, construir confianza a largo plazo.<!--more--><\/p>\n<p style=\"text-align: right;\"><strong>*Felipe Mart\u00ednez<\/strong><\/p>\n<p style=\"text-align: right;\"><strong>CEO de Huella Estructural <\/strong><\/p>\n","protected":false},"excerpt":{"rendered":"<p>Por Felipe Mart\u00ednez*<\/p>\n","protected":false},"author":79,"featured_media":161438,"comment_status":"open","ping_status":"closed","sticky":false,"template":"","format":"standard","meta":{"om_disable_all_campaigns":false,"inline_featured_image":false,"_monsterinsights_skip_tracking":false,"_monsterinsights_sitenote_active":false,"_monsterinsights_sitenote_note":"","_monsterinsights_sitenote_category":0,"footnotes":""},"categories":[242,5],"tags":[441,311,25541,4897,11171],"class_list":["post-161437","post","type-post","status-publish","format-standard","has-post-thumbnail","hentry","category-blog-de-invitado","category-opinion","tag-escuelas","tag-infraestructura","tag-monitoreo-estructural","tag-prevencion","tag-riesgos"],"yoast_head":"<!-- This site is optimized with the Yoast SEO plugin v27.4 - https:\/\/yoast.com\/product\/yoast-seo-wordpress\/ -->\n<title>Lo que no se ve tambi\u00e9n ense\u00f1a: la importancia del monitoreo estructural en las escuelas<\/title>\n<meta name=\"description\" content=\"Mi experiencia en monitoreo de salud estructural me ha mostrado que los riesgos m\u00e1s importantes no siempre son evidentes\" \/>\n<meta name=\"robots\" content=\"index, follow, max-snippet:-1, max-image-preview:large, max-video-preview:-1\" \/>\n<link rel=\"canonical\" href=\"https:\/\/centrourbano.com\/revista\/opinion\/monitoreo-estructural-escuelas\/\" \/>\n<meta property=\"og:locale\" content=\"es_ES\" \/>\n<meta property=\"og:type\" content=\"article\" \/>\n<meta property=\"og:title\" content=\"Lo que no se ve tambi\u00e9n ense\u00f1a: la importancia del monitoreo estructural en las escuelas\" \/>\n<meta property=\"og:description\" content=\"Mi experiencia en monitoreo de salud estructural me ha mostrado que los riesgos m\u00e1s importantes no siempre son evidentes\" \/>\n<meta property=\"og:url\" content=\"https:\/\/centrourbano.com\/revista\/opinion\/monitoreo-estructural-escuelas\/\" \/>\n<meta property=\"og:site_name\" content=\"Centro Urbano\" \/>\n<meta property=\"article:publisher\" content=\"https:\/\/www.facebook.com\/portalcentrourbano\" \/>\n<meta property=\"article:published_time\" content=\"2026-04-28T22:53:28+00:00\" \/>\n<meta property=\"og:image\" content=\"https:\/\/centrourbano.com\/revista\/wp-content\/uploads\/WhatsApp-Image-2026-04-28-at-3.16.40-PM.jpeg\" \/>\n\t<meta property=\"og:image:width\" content=\"634\" \/>\n\t<meta property=\"og:image:height\" content=\"706\" \/>\n\t<meta property=\"og:image:type\" content=\"image\/jpeg\" \/>\n<meta name=\"author\" content=\"Columnista invitado\" \/>\n<meta name=\"twitter:card\" content=\"summary_large_image\" \/>\n<meta name=\"twitter:creator\" content=\"@CentroUrbano\" \/>\n<meta name=\"twitter:site\" content=\"@CentroUrbano\" \/>\n<meta name=\"twitter:label1\" content=\"Escrito por\" \/>\n\t<meta name=\"twitter:data1\" content=\"Columnista invitado\" \/>\n\t<meta name=\"twitter:label2\" content=\"Tiempo de lectura\" \/>\n\t<meta name=\"twitter:data2\" content=\"3 minutos\" \/>\n<script type=\"application\/ld+json\" class=\"yoast-schema-graph\">{\"@context\":\"https:\\\/\\\/schema.org\",\"@graph\":[{\"@type\":\"Article\",\"@id\":\"https:\\\/\\\/centrourbano.com\\\/revista\\\/opinion\\\/monitoreo-estructural-escuelas\\\/#article\",\"isPartOf\":{\"@id\":\"https:\\\/\\\/centrourbano.com\\\/revista\\\/opinion\\\/monitoreo-estructural-escuelas\\\/\"},\"author\":{\"name\":\"Columnista invitado\",\"@id\":\"https:\\\/\\\/centrourbano.com\\\/revista\\\/#\\\/schema\\\/person\\\/e6418535cf1773eb361a8547aef500f5\"},\"headline\":\"Lo que no se ve tambi\u00e9n ense\u00f1a: la importancia del monitoreo estructural en las escuelas\",\"datePublished\":\"2026-04-28T22:53:28+00:00\",\"mainEntityOfPage\":{\"@id\":\"https:\\\/\\\/centrourbano.com\\\/revista\\\/opinion\\\/monitoreo-estructural-escuelas\\\/\"},\"wordCount\":666,\"commentCount\":0,\"publisher\":{\"@id\":\"https:\\\/\\\/centrourbano.com\\\/revista\\\/#organization\"},\"image\":{\"@id\":\"https:\\\/\\\/centrourbano.com\\\/revista\\\/opinion\\\/monitoreo-estructural-escuelas\\\/#primaryimage\"},\"thumbnailUrl\":\"https:\\\/\\\/centrourbano.com\\\/revista\\\/wp-content\\\/uploads\\\/WhatsApp-Image-2026-04-28-at-3.16.40-PM.jpeg\",\"keywords\":[\"escuelas\",\"infraestructura\",\"Monitoreo Estructural\",\"prevenci\u00f3n\",\"riesgos\"],\"articleSection\":[\"En la opini\u00f3n de\",\"Opini\u00f3n\"],\"inLanguage\":\"es\",\"potentialAction\":[{\"@type\":\"CommentAction\",\"name\":\"Comment\",\"target\":[\"https:\\\/\\\/centrourbano.com\\\/revista\\\/opinion\\\/monitoreo-estructural-escuelas\\\/#respond\"]}]},{\"@type\":\"WebPage\",\"@id\":\"https:\\\/\\\/centrourbano.com\\\/revista\\\/opinion\\\/monitoreo-estructural-escuelas\\\/\",\"url\":\"https:\\\/\\\/centrourbano.com\\\/revista\\\/opinion\\\/monitoreo-estructural-escuelas\\\/\",\"name\":\"Lo que no se ve tambi\u00e9n ense\u00f1a: la importancia del monitoreo estructural en las escuelas\",\"isPartOf\":{\"@id\":\"https:\\\/\\\/centrourbano.com\\\/revista\\\/#website\"},\"primaryImageOfPage\":{\"@id\":\"https:\\\/\\\/centrourbano.com\\\/revista\\\/opinion\\\/monitoreo-estructural-escuelas\\\/#primaryimage\"},\"image\":{\"@id\":\"https:\\\/\\\/centrourbano.com\\\/revista\\\/opinion\\\/monitoreo-estructural-escuelas\\\/#primaryimage\"},\"thumbnailUrl\":\"https:\\\/\\\/centrourbano.com\\\/revista\\\/wp-content\\\/uploads\\\/WhatsApp-Image-2026-04-28-at-3.16.40-PM.jpeg\",\"datePublished\":\"2026-04-28T22:53:28+00:00\",\"description\":\"Mi experiencia en monitoreo de salud estructural me ha mostrado que los riesgos m\u00e1s importantes no siempre son evidentes\",\"breadcrumb\":{\"@id\":\"https:\\\/\\\/centrourbano.com\\\/revista\\\/opinion\\\/monitoreo-estructural-escuelas\\\/#breadcrumb\"},\"inLanguage\":\"es\",\"potentialAction\":[{\"@type\":\"ReadAction\",\"target\":[\"https:\\\/\\\/centrourbano.com\\\/revista\\\/opinion\\\/monitoreo-estructural-escuelas\\\/\"]}]},{\"@type\":\"ImageObject\",\"inLanguage\":\"es\",\"@id\":\"https:\\\/\\\/centrourbano.com\\\/revista\\\/opinion\\\/monitoreo-estructural-escuelas\\\/#primaryimage\",\"url\":\"https:\\\/\\\/centrourbano.com\\\/revista\\\/wp-content\\\/uploads\\\/WhatsApp-Image-2026-04-28-at-3.16.40-PM.jpeg\",\"contentUrl\":\"https:\\\/\\\/centrourbano.com\\\/revista\\\/wp-content\\\/uploads\\\/WhatsApp-Image-2026-04-28-at-3.16.40-PM.jpeg\",\"width\":634,\"height\":706,\"caption\":\"Lo que no se ve tambi\u00e9n ense\u00f1a: la importancia del monitoreo estructural en las escuelas\"},{\"@type\":\"BreadcrumbList\",\"@id\":\"https:\\\/\\\/centrourbano.com\\\/revista\\\/opinion\\\/monitoreo-estructural-escuelas\\\/#breadcrumb\",\"itemListElement\":[{\"@type\":\"ListItem\",\"position\":1,\"name\":\"Portada\",\"item\":\"https:\\\/\\\/centrourbano.com\\\/revista\\\/\"},{\"@type\":\"ListItem\",\"position\":2,\"name\":\"Lo que no se ve tambi\u00e9n ense\u00f1a: la importancia del monitoreo estructural en las escuelas\"}]},{\"@type\":\"WebSite\",\"@id\":\"https:\\\/\\\/centrourbano.com\\\/revista\\\/#website\",\"url\":\"https:\\\/\\\/centrourbano.com\\\/revista\\\/\",\"name\":\"Centro Urbano\",\"description\":\"Medio especializado en los sectores vivienda, inmobiliario, construcci\u00f3n, arquitectura y urbanismo.\",\"publisher\":{\"@id\":\"https:\\\/\\\/centrourbano.com\\\/revista\\\/#organization\"},\"potentialAction\":[{\"@type\":\"SearchAction\",\"target\":{\"@type\":\"EntryPoint\",\"urlTemplate\":\"https:\\\/\\\/centrourbano.com\\\/revista\\\/?s={search_term_string}\"},\"query-input\":{\"@type\":\"PropertyValueSpecification\",\"valueRequired\":true,\"valueName\":\"search_term_string\"}}],\"inLanguage\":\"es\"},{\"@type\":\"Organization\",\"@id\":\"https:\\\/\\\/centrourbano.com\\\/revista\\\/#organization\",\"name\":\"Centro Urbano\",\"url\":\"https:\\\/\\\/centrourbano.com\\\/revista\\\/\",\"logo\":{\"@type\":\"ImageObject\",\"inLanguage\":\"es\",\"@id\":\"https:\\\/\\\/centrourbano.com\\\/revista\\\/#\\\/schema\\\/logo\\\/image\\\/\",\"url\":\"https:\\\/\\\/centrourbano.com\\\/revista\\\/wp-content\\\/uploads\\\/web_CU_logo-1.png\",\"contentUrl\":\"https:\\\/\\\/centrourbano.com\\\/revista\\\/wp-content\\\/uploads\\\/web_CU_logo-1.png\",\"width\":350,\"height\":91,\"caption\":\"Centro Urbano\"},\"image\":{\"@id\":\"https:\\\/\\\/centrourbano.com\\\/revista\\\/#\\\/schema\\\/logo\\\/image\\\/\"},\"sameAs\":[\"https:\\\/\\\/www.facebook.com\\\/portalcentrourbano\",\"https:\\\/\\\/x.com\\\/CentroUrbano\",\"https:\\\/\\\/www.instagram.com\\\/centro_urbano\\\/\",\"https:\\\/\\\/www.linkedin.com\\\/company\\\/centro-urbano\\\/\",\"http:\\\/\\\/www.youtube.com\\\/user\\\/portalcentrourbano\"]},{\"@type\":\"Person\",\"@id\":\"https:\\\/\\\/centrourbano.com\\\/revista\\\/#\\\/schema\\\/person\\\/e6418535cf1773eb361a8547aef500f5\",\"name\":\"Columnista invitado\",\"image\":{\"@type\":\"ImageObject\",\"inLanguage\":\"es\",\"@id\":\"https:\\\/\\\/secure.gravatar.com\\\/avatar\\\/28ad1e0627b854b5cf28ba6c846a14c308bb67d33df98f6677cc46fe92222ece?s=96&d=mm&r=g\",\"url\":\"https:\\\/\\\/secure.gravatar.com\\\/avatar\\\/28ad1e0627b854b5cf28ba6c846a14c308bb67d33df98f6677cc46fe92222ece?s=96&d=mm&r=g\",\"contentUrl\":\"https:\\\/\\\/secure.gravatar.com\\\/avatar\\\/28ad1e0627b854b5cf28ba6c846a14c308bb67d33df98f6677cc46fe92222ece?s=96&d=mm&r=g\",\"caption\":\"Columnista invitado\"},\"url\":\"https:\\\/\\\/centrourbano.com\\\/revista\\\/author\\\/columnista-invitado\\\/\"}]}<\/script>\n<!-- \/ Yoast SEO plugin. -->","yoast_head_json":{"title":"Lo que no se ve tambi\u00e9n ense\u00f1a: la importancia del monitoreo estructural en las escuelas","description":"Mi experiencia en monitoreo de salud estructural me ha mostrado que los riesgos m\u00e1s importantes no siempre son evidentes","robots":{"index":"index","follow":"follow","max-snippet":"max-snippet:-1","max-image-preview":"max-image-preview:large","max-video-preview":"max-video-preview:-1"},"canonical":"https:\/\/centrourbano.com\/revista\/opinion\/monitoreo-estructural-escuelas\/","og_locale":"es_ES","og_type":"article","og_title":"Lo que no se ve tambi\u00e9n ense\u00f1a: la importancia del monitoreo estructural en las escuelas","og_description":"Mi experiencia en monitoreo de salud estructural me ha mostrado que los riesgos m\u00e1s importantes no siempre son evidentes","og_url":"https:\/\/centrourbano.com\/revista\/opinion\/monitoreo-estructural-escuelas\/","og_site_name":"Centro Urbano","article_publisher":"https:\/\/www.facebook.com\/portalcentrourbano","article_published_time":"2026-04-28T22:53:28+00:00","og_image":[{"width":634,"height":706,"url":"https:\/\/centrourbano.com\/revista\/wp-content\/uploads\/WhatsApp-Image-2026-04-28-at-3.16.40-PM.jpeg","type":"image\/jpeg"}],"author":"Columnista invitado","twitter_card":"summary_large_image","twitter_creator":"@CentroUrbano","twitter_site":"@CentroUrbano","twitter_misc":{"Escrito por":"Columnista invitado","Tiempo de lectura":"3 minutos"},"schema":{"@context":"https:\/\/schema.org","@graph":[{"@type":"Article","@id":"https:\/\/centrourbano.com\/revista\/opinion\/monitoreo-estructural-escuelas\/#article","isPartOf":{"@id":"https:\/\/centrourbano.com\/revista\/opinion\/monitoreo-estructural-escuelas\/"},"author":{"name":"Columnista invitado","@id":"https:\/\/centrourbano.com\/revista\/#\/schema\/person\/e6418535cf1773eb361a8547aef500f5"},"headline":"Lo que no se ve tambi\u00e9n ense\u00f1a: la importancia del monitoreo estructural en las escuelas","datePublished":"2026-04-28T22:53:28+00:00","mainEntityOfPage":{"@id":"https:\/\/centrourbano.com\/revista\/opinion\/monitoreo-estructural-escuelas\/"},"wordCount":666,"commentCount":0,"publisher":{"@id":"https:\/\/centrourbano.com\/revista\/#organization"},"image":{"@id":"https:\/\/centrourbano.com\/revista\/opinion\/monitoreo-estructural-escuelas\/#primaryimage"},"thumbnailUrl":"https:\/\/centrourbano.com\/revista\/wp-content\/uploads\/WhatsApp-Image-2026-04-28-at-3.16.40-PM.jpeg","keywords":["escuelas","infraestructura","Monitoreo Estructural","prevenci\u00f3n","riesgos"],"articleSection":["En la opini\u00f3n de","Opini\u00f3n"],"inLanguage":"es","potentialAction":[{"@type":"CommentAction","name":"Comment","target":["https:\/\/centrourbano.com\/revista\/opinion\/monitoreo-estructural-escuelas\/#respond"]}]},{"@type":"WebPage","@id":"https:\/\/centrourbano.com\/revista\/opinion\/monitoreo-estructural-escuelas\/","url":"https:\/\/centrourbano.com\/revista\/opinion\/monitoreo-estructural-escuelas\/","name":"Lo que no se ve tambi\u00e9n ense\u00f1a: la importancia del monitoreo estructural en las escuelas","isPartOf":{"@id":"https:\/\/centrourbano.com\/revista\/#website"},"primaryImageOfPage":{"@id":"https:\/\/centrourbano.com\/revista\/opinion\/monitoreo-estructural-escuelas\/#primaryimage"},"image":{"@id":"https:\/\/centrourbano.com\/revista\/opinion\/monitoreo-estructural-escuelas\/#primaryimage"},"thumbnailUrl":"https:\/\/centrourbano.com\/revista\/wp-content\/uploads\/WhatsApp-Image-2026-04-28-at-3.16.40-PM.jpeg","datePublished":"2026-04-28T22:53:28+00:00","description":"Mi experiencia en monitoreo de salud estructural me ha mostrado que los riesgos m\u00e1s importantes no siempre son evidentes","breadcrumb":{"@id":"https:\/\/centrourbano.com\/revista\/opinion\/monitoreo-estructural-escuelas\/#breadcrumb"},"inLanguage":"es","potentialAction":[{"@type":"ReadAction","target":["https:\/\/centrourbano.com\/revista\/opinion\/monitoreo-estructural-escuelas\/"]}]},{"@type":"ImageObject","inLanguage":"es","@id":"https:\/\/centrourbano.com\/revista\/opinion\/monitoreo-estructural-escuelas\/#primaryimage","url":"https:\/\/centrourbano.com\/revista\/wp-content\/uploads\/WhatsApp-Image-2026-04-28-at-3.16.40-PM.jpeg","contentUrl":"https:\/\/centrourbano.com\/revista\/wp-content\/uploads\/WhatsApp-Image-2026-04-28-at-3.16.40-PM.jpeg","width":634,"height":706,"caption":"Lo que no se ve tambi\u00e9n ense\u00f1a: la importancia del monitoreo estructural en las escuelas"},{"@type":"BreadcrumbList","@id":"https:\/\/centrourbano.com\/revista\/opinion\/monitoreo-estructural-escuelas\/#breadcrumb","itemListElement":[{"@type":"ListItem","position":1,"name":"Portada","item":"https:\/\/centrourbano.com\/revista\/"},{"@type":"ListItem","position":2,"name":"Lo que no se ve tambi\u00e9n ense\u00f1a: la importancia del monitoreo estructural en las escuelas"}]},{"@type":"WebSite","@id":"https:\/\/centrourbano.com\/revista\/#website","url":"https:\/\/centrourbano.com\/revista\/","name":"Centro Urbano","description":"Medio especializado en los sectores vivienda, inmobiliario, construcci\u00f3n, arquitectura y urbanismo.","publisher":{"@id":"https:\/\/centrourbano.com\/revista\/#organization"},"potentialAction":[{"@type":"SearchAction","target":{"@type":"EntryPoint","urlTemplate":"https:\/\/centrourbano.com\/revista\/?s={search_term_string}"},"query-input":{"@type":"PropertyValueSpecification","valueRequired":true,"valueName":"search_term_string"}}],"inLanguage":"es"},{"@type":"Organization","@id":"https:\/\/centrourbano.com\/revista\/#organization","name":"Centro Urbano","url":"https:\/\/centrourbano.com\/revista\/","logo":{"@type":"ImageObject","inLanguage":"es","@id":"https:\/\/centrourbano.com\/revista\/#\/schema\/logo\/image\/","url":"https:\/\/centrourbano.com\/revista\/wp-content\/uploads\/web_CU_logo-1.png","contentUrl":"https:\/\/centrourbano.com\/revista\/wp-content\/uploads\/web_CU_logo-1.png","width":350,"height":91,"caption":"Centro Urbano"},"image":{"@id":"https:\/\/centrourbano.com\/revista\/#\/schema\/logo\/image\/"},"sameAs":["https:\/\/www.facebook.com\/portalcentrourbano","https:\/\/x.com\/CentroUrbano","https:\/\/www.instagram.com\/centro_urbano\/","https:\/\/www.linkedin.com\/company\/centro-urbano\/","http:\/\/www.youtube.com\/user\/portalcentrourbano"]},{"@type":"Person","@id":"https:\/\/centrourbano.com\/revista\/#\/schema\/person\/e6418535cf1773eb361a8547aef500f5","name":"Columnista invitado","image":{"@type":"ImageObject","inLanguage":"es","@id":"https:\/\/secure.gravatar.com\/avatar\/28ad1e0627b854b5cf28ba6c846a14c308bb67d33df98f6677cc46fe92222ece?s=96&d=mm&r=g","url":"https:\/\/secure.gravatar.com\/avatar\/28ad1e0627b854b5cf28ba6c846a14c308bb67d33df98f6677cc46fe92222ece?s=96&d=mm&r=g","contentUrl":"https:\/\/secure.gravatar.com\/avatar\/28ad1e0627b854b5cf28ba6c846a14c308bb67d33df98f6677cc46fe92222ece?s=96&d=mm&r=g","caption":"Columnista invitado"},"url":"https:\/\/centrourbano.com\/revista\/author\/columnista-invitado\/"}]}},"_links":{"self":[{"href":"https:\/\/centrourbano.com\/revista\/wp-json\/wp\/v2\/posts\/161437","targetHints":{"allow":["GET"]}}],"collection":[{"href":"https:\/\/centrourbano.com\/revista\/wp-json\/wp\/v2\/posts"}],"about":[{"href":"https:\/\/centrourbano.com\/revista\/wp-json\/wp\/v2\/types\/post"}],"author":[{"embeddable":true,"href":"https:\/\/centrourbano.com\/revista\/wp-json\/wp\/v2\/users\/79"}],"replies":[{"embeddable":true,"href":"https:\/\/centrourbano.com\/revista\/wp-json\/wp\/v2\/comments?post=161437"}],"version-history":[{"count":1,"href":"https:\/\/centrourbano.com\/revista\/wp-json\/wp\/v2\/posts\/161437\/revisions"}],"predecessor-version":[{"id":161439,"href":"https:\/\/centrourbano.com\/revista\/wp-json\/wp\/v2\/posts\/161437\/revisions\/161439"}],"wp:featuredmedia":[{"embeddable":true,"href":"https:\/\/centrourbano.com\/revista\/wp-json\/wp\/v2\/media\/161438"}],"wp:attachment":[{"href":"https:\/\/centrourbano.com\/revista\/wp-json\/wp\/v2\/media?parent=161437"}],"wp:term":[{"taxonomy":"category","embeddable":true,"href":"https:\/\/centrourbano.com\/revista\/wp-json\/wp\/v2\/categories?post=161437"},{"taxonomy":"post_tag","embeddable":true,"href":"https:\/\/centrourbano.com\/revista\/wp-json\/wp\/v2\/tags?post=161437"}],"curies":[{"name":"wp","href":"https:\/\/api.w.org\/{rel}","templated":true}]}}