{"id":161434,"date":"2026-04-28T16:48:56","date_gmt":"2026-04-28T22:48:56","guid":{"rendered":"https:\/\/centrourbano.com\/revista\/?p=161434"},"modified":"2026-04-28T16:48:56","modified_gmt":"2026-04-28T22:48:56","slug":"congreso-cdmx-septiembre-tope-rentas","status":"publish","type":"post","link":"https:\/\/centrourbano.com\/revista\/vivienda\/congreso-cdmx-septiembre-tope-rentas\/","title":{"rendered":"Congreso de CDMX aplaza hasta septiembre discusi\u00f3n sobre tope a rentas"},"content":{"rendered":"<p><em>La iniciativa de Clara Brugada plantea que el precio de las rentas no puedan aumentar anualmente por encima de la inflaci\u00f3n reportada por el INEGI<\/em><!--more--><\/p>\n<p>La discusi\u00f3n sobre la iniciativa para poner un <strong>tope al alza de las rentas<\/strong> en la Ciudad de M\u00e9xico se aplazar\u00e1 hasta septiembre, luego de que la <strong>Mesa Directiva del Congreso capitalino <\/strong>turn\u00f3 la propuesta a las comisiones unidas de <strong>Puntos Constitucionales<\/strong> y <strong>Vivienda<\/strong> para su an\u00e1lisis.<\/p>\n<p>La reforma, impulsada por la <strong>jefa de Gobierno, Clara Brugada<\/strong>, busca modificar el <strong>art\u00edculo 9 de la Constituci\u00f3n Pol\u00edtica de la CDMX<\/strong> para establecer que, en los contratos de arrendamiento de inmuebles de uso habitacional, la renta no podr\u00e1 incrementarse anualmente m\u00e1s all\u00e1 de la inflaci\u00f3n del a\u00f1o anterior reportada por el Instituto Nacional de Estad\u00edstica y Geograf\u00eda (Inegi).<\/p>\n<p>Sin embargo, debido a que el actual <strong>periodo ordinario de sesiones<\/strong> concluye el pr\u00f3ximo 31 de mayo, la propuesta no podr\u00eda aprobarse en este ciclo legislativo, por lo que su eventual discusi\u00f3n en el pleno se realizar\u00eda a partir de septiembre.<\/p>\n<h2><strong>Reforma busca fortalecer derecho a la vivienda<\/strong><\/h2>\n<p>Adem\u00e1s del <strong>l\u00edmite al incremento de rentas<\/strong>, la iniciativa contempla una pol\u00edtica integral para fortalecer el <strong>acceso a vivienda adecuada, social y asequible<\/strong>, especialmente para j\u00f3venes y grupos de atenci\u00f3n prioritaria.<\/p>\n<p>El texto se\u00f1ala que el Gobierno capitalino deber\u00e1 incrementar de manera significativa la <strong>oferta de vivienda social en renta<\/strong>, as\u00ed como ampliar permanentemente su reserva territorial mediante la adquisici\u00f3n de suelo para garantizar el <strong>derecho a la vivienda adecuada y asequible<\/strong>.<\/p>\n<p>Tambi\u00e9n se propone incorporar el <strong>derecho al arraigo vecinal y comunitario<\/strong>, con el objetivo de evitar desplazamientos forzados y garantizar que las personas puedan permanecer en las zonas donde han desarrollado sus proyectos de vida.<\/p>\n<p>La reforma forma parte de la <strong>estrategia de rentas justas<\/strong> impulsada por Brugada para combatir fen\u00f3menos como la <strong>gentrificaci\u00f3n<\/strong> y reducir las <strong>desigualdades territoriales<\/strong> en la capital.<\/p>\n<h2><strong>Nueva instituci\u00f3n para relaciones inquilinarias<\/strong><\/h2>\n<p>Otro de los puntos centrales de la propuesta es la creaci\u00f3n de una <strong>instituci\u00f3n p\u00fablica<\/strong> encargada de la promoci\u00f3n y defensa de los derechos en materia de arrendamiento habitacional.<\/p>\n<p>Este organismo tendr\u00eda un <strong>mandato conciliador<\/strong> y estar\u00eda enfocado en orientar, difundir y promover relaciones inquilinarias justas, equilibradas y con certidumbre tanto para arrendadores como para arrendatarios.<\/p>\n<p>Adem\u00e1s, uno de los art\u00edculos transitorios establece que la futura <strong>Ley de Rentas Justas<\/strong> deber\u00e1 definir la naturaleza administrativa de esta instituci\u00f3n, que ser\u00e1 responsable de mediar y acompa\u00f1ar los conflictos relacionados con vivienda en renta.<\/p>\n<p>La administraci\u00f3n capitalina ha se\u00f1alado que elevar este esquema a rango constitucional busca dar mayor estabilidad jur\u00eddica a la <strong>regulaci\u00f3n de rentas<\/strong> y consolidar una pol\u00edtica p\u00fablica de largo plazo para <strong>garantizar vivienda asequible<\/strong> en la CDMX.<\/p>\n","protected":false},"excerpt":{"rendered":"<p>La iniciativa de Clara Brugada plantea que el precio de las rentas no puedan aumentar anualmente por encima de la inflaci\u00f3n reportada por el INEGI<\/p>\n","protected":false},"author":14,"featured_media":161435,"comment_status":"open","ping_status":"closed","sticky":false,"template":"","format":"standard","meta":{"om_disable_all_campaigns":false,"inline_featured_image":false,"_monsterinsights_skip_tracking":false,"_monsterinsights_sitenote_active":false,"_monsterinsights_sitenote_note":"","_monsterinsights_sitenote_category":0,"footnotes":""},"categories":[12],"tags":[15463,6554,193,4919,4858],"class_list":["post-161434","post","type-post","status-publish","format-standard","has-post-thumbnail","hentry","category-vivienda","tag-congreso-de-la-ciudad-de-mexico","tag-derecho-a-la-vivienda","tag-reforma","tag-rentas","tag-vivienda-adecuada"],"yoast_head":"<!-- This site is optimized with the Yoast SEO plugin v27.4 - https:\/\/yoast.com\/product\/yoast-seo-wordpress\/ -->\n<title>Congreso de CDMX aplaza hasta septiembre discusi\u00f3n sobre tope a rentas<\/title>\n<meta name=\"description\" content=\"La iniciativa de Clara Brugada plantea que el precio de las rentas no puedan aumentar por encima de la inflaci\u00f3n reportada por el INEGI\" \/>\n<meta name=\"robots\" content=\"index, follow, max-snippet:-1, max-image-preview:large, max-video-preview:-1\" \/>\n<link rel=\"canonical\" href=\"https:\/\/centrourbano.com\/revista\/vivienda\/congreso-cdmx-septiembre-tope-rentas\/\" \/>\n<meta property=\"og:locale\" content=\"es_ES\" \/>\n<meta property=\"og:type\" content=\"article\" \/>\n<meta property=\"og:title\" content=\"Congreso de CDMX aplaza hasta septiembre discusi\u00f3n sobre tope a rentas\" \/>\n<meta property=\"og:description\" content=\"La iniciativa de Clara Brugada plantea que el precio de las rentas no puedan aumentar por encima de la inflaci\u00f3n reportada por el INEGI\" \/>\n<meta property=\"og:url\" content=\"https:\/\/centrourbano.com\/revista\/vivienda\/congreso-cdmx-septiembre-tope-rentas\/\" \/>\n<meta property=\"og:site_name\" content=\"Centro Urbano\" \/>\n<meta property=\"article:publisher\" content=\"https:\/\/www.facebook.com\/portalcentrourbano\" \/>\n<meta property=\"article:published_time\" content=\"2026-04-28T22:48:56+00:00\" \/>\n<meta property=\"og:image\" content=\"https:\/\/centrourbano.com\/revista\/wp-content\/uploads\/Congreso-de-CDMX-aplaza-hasta-septiembre-discusio\u0301n-sobre-tope-a-rentas.jpg\" \/>\n\t<meta property=\"og:image:width\" content=\"1600\" \/>\n\t<meta property=\"og:image:height\" content=\"1440\" \/>\n\t<meta property=\"og:image:type\" content=\"image\/jpeg\" \/>\n<meta name=\"author\" content=\"Redacci\u00f3n Centro Urbano\" \/>\n<meta name=\"twitter:card\" content=\"summary_large_image\" \/>\n<meta name=\"twitter:creator\" content=\"@CentroUrbano\" \/>\n<meta name=\"twitter:site\" content=\"@CentroUrbano\" \/>\n<meta name=\"twitter:label1\" content=\"Escrito por\" \/>\n\t<meta name=\"twitter:data1\" content=\"Redacci\u00f3n Centro Urbano\" \/>\n\t<meta name=\"twitter:label2\" content=\"Tiempo de lectura\" \/>\n\t<meta name=\"twitter:data2\" content=\"3 minutos\" \/>\n<script type=\"application\/ld+json\" class=\"yoast-schema-graph\">{\"@context\":\"https:\\\/\\\/schema.org\",\"@graph\":[{\"@type\":\"Article\",\"@id\":\"https:\\\/\\\/centrourbano.com\\\/revista\\\/vivienda\\\/congreso-cdmx-septiembre-tope-rentas\\\/#article\",\"isPartOf\":{\"@id\":\"https:\\\/\\\/centrourbano.com\\\/revista\\\/vivienda\\\/congreso-cdmx-septiembre-tope-rentas\\\/\"},\"author\":{\"name\":\"Redacci\u00f3n Centro Urbano\",\"@id\":\"https:\\\/\\\/centrourbano.com\\\/revista\\\/#\\\/schema\\\/person\\\/680e7c50f9d6e917e416c9efdc26f996\"},\"headline\":\"Congreso de CDMX aplaza hasta septiembre discusi\u00f3n sobre tope a rentas\",\"datePublished\":\"2026-04-28T22:48:56+00:00\",\"mainEntityOfPage\":{\"@id\":\"https:\\\/\\\/centrourbano.com\\\/revista\\\/vivienda\\\/congreso-cdmx-septiembre-tope-rentas\\\/\"},\"wordCount\":500,\"commentCount\":0,\"publisher\":{\"@id\":\"https:\\\/\\\/centrourbano.com\\\/revista\\\/#organization\"},\"image\":{\"@id\":\"https:\\\/\\\/centrourbano.com\\\/revista\\\/vivienda\\\/congreso-cdmx-septiembre-tope-rentas\\\/#primaryimage\"},\"thumbnailUrl\":\"https:\\\/\\\/centrourbano.com\\\/revista\\\/wp-content\\\/uploads\\\/Congreso-de-CDMX-aplaza-hasta-septiembre-discusio\u0301n-sobre-tope-a-rentas.jpg\",\"keywords\":[\"Congreso de la Ciudad de M\u00e9xico\",\"derecho a la vivienda\",\"reforma\",\"rentas\",\"vivienda adecuada\"],\"articleSection\":[\"Vivienda\"],\"inLanguage\":\"es\",\"potentialAction\":[{\"@type\":\"CommentAction\",\"name\":\"Comment\",\"target\":[\"https:\\\/\\\/centrourbano.com\\\/revista\\\/vivienda\\\/congreso-cdmx-septiembre-tope-rentas\\\/#respond\"]}]},{\"@type\":\"WebPage\",\"@id\":\"https:\\\/\\\/centrourbano.com\\\/revista\\\/vivienda\\\/congreso-cdmx-septiembre-tope-rentas\\\/\",\"url\":\"https:\\\/\\\/centrourbano.com\\\/revista\\\/vivienda\\\/congreso-cdmx-septiembre-tope-rentas\\\/\",\"name\":\"Congreso de CDMX aplaza hasta septiembre discusi\u00f3n sobre tope a rentas\",\"isPartOf\":{\"@id\":\"https:\\\/\\\/centrourbano.com\\\/revista\\\/#website\"},\"primaryImageOfPage\":{\"@id\":\"https:\\\/\\\/centrourbano.com\\\/revista\\\/vivienda\\\/congreso-cdmx-septiembre-tope-rentas\\\/#primaryimage\"},\"image\":{\"@id\":\"https:\\\/\\\/centrourbano.com\\\/revista\\\/vivienda\\\/congreso-cdmx-septiembre-tope-rentas\\\/#primaryimage\"},\"thumbnailUrl\":\"https:\\\/\\\/centrourbano.com\\\/revista\\\/wp-content\\\/uploads\\\/Congreso-de-CDMX-aplaza-hasta-septiembre-discusio\u0301n-sobre-tope-a-rentas.jpg\",\"datePublished\":\"2026-04-28T22:48:56+00:00\",\"description\":\"La iniciativa de Clara Brugada plantea que el precio de las rentas no puedan aumentar por encima de la inflaci\u00f3n reportada por el INEGI\",\"breadcrumb\":{\"@id\":\"https:\\\/\\\/centrourbano.com\\\/revista\\\/vivienda\\\/congreso-cdmx-septiembre-tope-rentas\\\/#breadcrumb\"},\"inLanguage\":\"es\",\"potentialAction\":[{\"@type\":\"ReadAction\",\"target\":[\"https:\\\/\\\/centrourbano.com\\\/revista\\\/vivienda\\\/congreso-cdmx-septiembre-tope-rentas\\\/\"]}]},{\"@type\":\"ImageObject\",\"inLanguage\":\"es\",\"@id\":\"https:\\\/\\\/centrourbano.com\\\/revista\\\/vivienda\\\/congreso-cdmx-septiembre-tope-rentas\\\/#primaryimage\",\"url\":\"https:\\\/\\\/centrourbano.com\\\/revista\\\/wp-content\\\/uploads\\\/Congreso-de-CDMX-aplaza-hasta-septiembre-discusio\u0301n-sobre-tope-a-rentas.jpg\",\"contentUrl\":\"https:\\\/\\\/centrourbano.com\\\/revista\\\/wp-content\\\/uploads\\\/Congreso-de-CDMX-aplaza-hasta-septiembre-discusio\u0301n-sobre-tope-a-rentas.jpg\",\"width\":1600,\"height\":1440,\"caption\":\"La iniciativa de Clara Brugada plantea que el precio de las rentas no puedan aumentar anualmente por encima de la inflaci\u00f3n reportada por el INEGI\"},{\"@type\":\"BreadcrumbList\",\"@id\":\"https:\\\/\\\/centrourbano.com\\\/revista\\\/vivienda\\\/congreso-cdmx-septiembre-tope-rentas\\\/#breadcrumb\",\"itemListElement\":[{\"@type\":\"ListItem\",\"position\":1,\"name\":\"Portada\",\"item\":\"https:\\\/\\\/centrourbano.com\\\/revista\\\/\"},{\"@type\":\"ListItem\",\"position\":2,\"name\":\"Congreso de CDMX aplaza hasta septiembre discusi\u00f3n sobre tope a rentas\"}]},{\"@type\":\"WebSite\",\"@id\":\"https:\\\/\\\/centrourbano.com\\\/revista\\\/#website\",\"url\":\"https:\\\/\\\/centrourbano.com\\\/revista\\\/\",\"name\":\"Centro Urbano\",\"description\":\"Medio especializado en los sectores vivienda, inmobiliario, construcci\u00f3n, arquitectura y urbanismo.\",\"publisher\":{\"@id\":\"https:\\\/\\\/centrourbano.com\\\/revista\\\/#organization\"},\"potentialAction\":[{\"@type\":\"SearchAction\",\"target\":{\"@type\":\"EntryPoint\",\"urlTemplate\":\"https:\\\/\\\/centrourbano.com\\\/revista\\\/?s={search_term_string}\"},\"query-input\":{\"@type\":\"PropertyValueSpecification\",\"valueRequired\":true,\"valueName\":\"search_term_string\"}}],\"inLanguage\":\"es\"},{\"@type\":\"Organization\",\"@id\":\"https:\\\/\\\/centrourbano.com\\\/revista\\\/#organization\",\"name\":\"Centro Urbano\",\"url\":\"https:\\\/\\\/centrourbano.com\\\/revista\\\/\",\"logo\":{\"@type\":\"ImageObject\",\"inLanguage\":\"es\",\"@id\":\"https:\\\/\\\/centrourbano.com\\\/revista\\\/#\\\/schema\\\/logo\\\/image\\\/\",\"url\":\"https:\\\/\\\/centrourbano.com\\\/revista\\\/wp-content\\\/uploads\\\/web_CU_logo-1.png\",\"contentUrl\":\"https:\\\/\\\/centrourbano.com\\\/revista\\\/wp-content\\\/uploads\\\/web_CU_logo-1.png\",\"width\":350,\"height\":91,\"caption\":\"Centro Urbano\"},\"image\":{\"@id\":\"https:\\\/\\\/centrourbano.com\\\/revista\\\/#\\\/schema\\\/logo\\\/image\\\/\"},\"sameAs\":[\"https:\\\/\\\/www.facebook.com\\\/portalcentrourbano\",\"https:\\\/\\\/x.com\\\/CentroUrbano\",\"https:\\\/\\\/www.instagram.com\\\/centro_urbano\\\/\",\"https:\\\/\\\/www.linkedin.com\\\/company\\\/centro-urbano\\\/\",\"http:\\\/\\\/www.youtube.com\\\/user\\\/portalcentrourbano\"]},{\"@type\":\"Person\",\"@id\":\"https:\\\/\\\/centrourbano.com\\\/revista\\\/#\\\/schema\\\/person\\\/680e7c50f9d6e917e416c9efdc26f996\",\"name\":\"Redacci\u00f3n Centro Urbano\",\"image\":{\"@type\":\"ImageObject\",\"inLanguage\":\"es\",\"@id\":\"https:\\\/\\\/secure.gravatar.com\\\/avatar\\\/15a789f894398c0f311f3a7a2ee28032bbc0483098539da66b6a045aa810bf35?s=96&d=mm&r=g\",\"url\":\"https:\\\/\\\/secure.gravatar.com\\\/avatar\\\/15a789f894398c0f311f3a7a2ee28032bbc0483098539da66b6a045aa810bf35?s=96&d=mm&r=g\",\"contentUrl\":\"https:\\\/\\\/secure.gravatar.com\\\/avatar\\\/15a789f894398c0f311f3a7a2ee28032bbc0483098539da66b6a045aa810bf35?s=96&d=mm&r=g\",\"caption\":\"Redacci\u00f3n Centro Urbano\"},\"url\":\"https:\\\/\\\/centrourbano.com\\\/revista\\\/author\\\/editorial\\\/\"}]}<\/script>\n<!-- \/ Yoast SEO plugin. -->","yoast_head_json":{"title":"Congreso de CDMX aplaza hasta septiembre discusi\u00f3n sobre tope a rentas","description":"La iniciativa de Clara Brugada plantea que el precio de las rentas no puedan aumentar por encima de la inflaci\u00f3n reportada por el INEGI","robots":{"index":"index","follow":"follow","max-snippet":"max-snippet:-1","max-image-preview":"max-image-preview:large","max-video-preview":"max-video-preview:-1"},"canonical":"https:\/\/centrourbano.com\/revista\/vivienda\/congreso-cdmx-septiembre-tope-rentas\/","og_locale":"es_ES","og_type":"article","og_title":"Congreso de CDMX aplaza hasta septiembre discusi\u00f3n sobre tope a rentas","og_description":"La iniciativa de Clara Brugada plantea que el precio de las rentas no puedan aumentar por encima de la inflaci\u00f3n reportada por el INEGI","og_url":"https:\/\/centrourbano.com\/revista\/vivienda\/congreso-cdmx-septiembre-tope-rentas\/","og_site_name":"Centro Urbano","article_publisher":"https:\/\/www.facebook.com\/portalcentrourbano","article_published_time":"2026-04-28T22:48:56+00:00","og_image":[{"width":1600,"height":1440,"url":"https:\/\/centrourbano.com\/revista\/wp-content\/uploads\/Congreso-de-CDMX-aplaza-hasta-septiembre-discusio\u0301n-sobre-tope-a-rentas.jpg","type":"image\/jpeg"}],"author":"Redacci\u00f3n Centro Urbano","twitter_card":"summary_large_image","twitter_creator":"@CentroUrbano","twitter_site":"@CentroUrbano","twitter_misc":{"Escrito por":"Redacci\u00f3n Centro Urbano","Tiempo de lectura":"3 minutos"},"schema":{"@context":"https:\/\/schema.org","@graph":[{"@type":"Article","@id":"https:\/\/centrourbano.com\/revista\/vivienda\/congreso-cdmx-septiembre-tope-rentas\/#article","isPartOf":{"@id":"https:\/\/centrourbano.com\/revista\/vivienda\/congreso-cdmx-septiembre-tope-rentas\/"},"author":{"name":"Redacci\u00f3n Centro Urbano","@id":"https:\/\/centrourbano.com\/revista\/#\/schema\/person\/680e7c50f9d6e917e416c9efdc26f996"},"headline":"Congreso de CDMX aplaza hasta septiembre discusi\u00f3n sobre tope a rentas","datePublished":"2026-04-28T22:48:56+00:00","mainEntityOfPage":{"@id":"https:\/\/centrourbano.com\/revista\/vivienda\/congreso-cdmx-septiembre-tope-rentas\/"},"wordCount":500,"commentCount":0,"publisher":{"@id":"https:\/\/centrourbano.com\/revista\/#organization"},"image":{"@id":"https:\/\/centrourbano.com\/revista\/vivienda\/congreso-cdmx-septiembre-tope-rentas\/#primaryimage"},"thumbnailUrl":"https:\/\/centrourbano.com\/revista\/wp-content\/uploads\/Congreso-de-CDMX-aplaza-hasta-septiembre-discusio\u0301n-sobre-tope-a-rentas.jpg","keywords":["Congreso de la Ciudad de M\u00e9xico","derecho a la vivienda","reforma","rentas","vivienda adecuada"],"articleSection":["Vivienda"],"inLanguage":"es","potentialAction":[{"@type":"CommentAction","name":"Comment","target":["https:\/\/centrourbano.com\/revista\/vivienda\/congreso-cdmx-septiembre-tope-rentas\/#respond"]}]},{"@type":"WebPage","@id":"https:\/\/centrourbano.com\/revista\/vivienda\/congreso-cdmx-septiembre-tope-rentas\/","url":"https:\/\/centrourbano.com\/revista\/vivienda\/congreso-cdmx-septiembre-tope-rentas\/","name":"Congreso de CDMX aplaza hasta septiembre discusi\u00f3n sobre tope a rentas","isPartOf":{"@id":"https:\/\/centrourbano.com\/revista\/#website"},"primaryImageOfPage":{"@id":"https:\/\/centrourbano.com\/revista\/vivienda\/congreso-cdmx-septiembre-tope-rentas\/#primaryimage"},"image":{"@id":"https:\/\/centrourbano.com\/revista\/vivienda\/congreso-cdmx-septiembre-tope-rentas\/#primaryimage"},"thumbnailUrl":"https:\/\/centrourbano.com\/revista\/wp-content\/uploads\/Congreso-de-CDMX-aplaza-hasta-septiembre-discusio\u0301n-sobre-tope-a-rentas.jpg","datePublished":"2026-04-28T22:48:56+00:00","description":"La iniciativa de Clara Brugada plantea que el precio de las rentas no puedan aumentar por encima de la inflaci\u00f3n reportada por el INEGI","breadcrumb":{"@id":"https:\/\/centrourbano.com\/revista\/vivienda\/congreso-cdmx-septiembre-tope-rentas\/#breadcrumb"},"inLanguage":"es","potentialAction":[{"@type":"ReadAction","target":["https:\/\/centrourbano.com\/revista\/vivienda\/congreso-cdmx-septiembre-tope-rentas\/"]}]},{"@type":"ImageObject","inLanguage":"es","@id":"https:\/\/centrourbano.com\/revista\/vivienda\/congreso-cdmx-septiembre-tope-rentas\/#primaryimage","url":"https:\/\/centrourbano.com\/revista\/wp-content\/uploads\/Congreso-de-CDMX-aplaza-hasta-septiembre-discusio\u0301n-sobre-tope-a-rentas.jpg","contentUrl":"https:\/\/centrourbano.com\/revista\/wp-content\/uploads\/Congreso-de-CDMX-aplaza-hasta-septiembre-discusio\u0301n-sobre-tope-a-rentas.jpg","width":1600,"height":1440,"caption":"La iniciativa de Clara Brugada plantea que el precio de las rentas no puedan aumentar anualmente por encima de la inflaci\u00f3n reportada por el INEGI"},{"@type":"BreadcrumbList","@id":"https:\/\/centrourbano.com\/revista\/vivienda\/congreso-cdmx-septiembre-tope-rentas\/#breadcrumb","itemListElement":[{"@type":"ListItem","position":1,"name":"Portada","item":"https:\/\/centrourbano.com\/revista\/"},{"@type":"ListItem","position":2,"name":"Congreso de CDMX aplaza hasta septiembre discusi\u00f3n sobre tope a rentas"}]},{"@type":"WebSite","@id":"https:\/\/centrourbano.com\/revista\/#website","url":"https:\/\/centrourbano.com\/revista\/","name":"Centro Urbano","description":"Medio especializado en los sectores vivienda, inmobiliario, construcci\u00f3n, arquitectura y urbanismo.","publisher":{"@id":"https:\/\/centrourbano.com\/revista\/#organization"},"potentialAction":[{"@type":"SearchAction","target":{"@type":"EntryPoint","urlTemplate":"https:\/\/centrourbano.com\/revista\/?s={search_term_string}"},"query-input":{"@type":"PropertyValueSpecification","valueRequired":true,"valueName":"search_term_string"}}],"inLanguage":"es"},{"@type":"Organization","@id":"https:\/\/centrourbano.com\/revista\/#organization","name":"Centro Urbano","url":"https:\/\/centrourbano.com\/revista\/","logo":{"@type":"ImageObject","inLanguage":"es","@id":"https:\/\/centrourbano.com\/revista\/#\/schema\/logo\/image\/","url":"https:\/\/centrourbano.com\/revista\/wp-content\/uploads\/web_CU_logo-1.png","contentUrl":"https:\/\/centrourbano.com\/revista\/wp-content\/uploads\/web_CU_logo-1.png","width":350,"height":91,"caption":"Centro Urbano"},"image":{"@id":"https:\/\/centrourbano.com\/revista\/#\/schema\/logo\/image\/"},"sameAs":["https:\/\/www.facebook.com\/portalcentrourbano","https:\/\/x.com\/CentroUrbano","https:\/\/www.instagram.com\/centro_urbano\/","https:\/\/www.linkedin.com\/company\/centro-urbano\/","http:\/\/www.youtube.com\/user\/portalcentrourbano"]},{"@type":"Person","@id":"https:\/\/centrourbano.com\/revista\/#\/schema\/person\/680e7c50f9d6e917e416c9efdc26f996","name":"Redacci\u00f3n Centro Urbano","image":{"@type":"ImageObject","inLanguage":"es","@id":"https:\/\/secure.gravatar.com\/avatar\/15a789f894398c0f311f3a7a2ee28032bbc0483098539da66b6a045aa810bf35?s=96&d=mm&r=g","url":"https:\/\/secure.gravatar.com\/avatar\/15a789f894398c0f311f3a7a2ee28032bbc0483098539da66b6a045aa810bf35?s=96&d=mm&r=g","contentUrl":"https:\/\/secure.gravatar.com\/avatar\/15a789f894398c0f311f3a7a2ee28032bbc0483098539da66b6a045aa810bf35?s=96&d=mm&r=g","caption":"Redacci\u00f3n Centro Urbano"},"url":"https:\/\/centrourbano.com\/revista\/author\/editorial\/"}]}},"_links":{"self":[{"href":"https:\/\/centrourbano.com\/revista\/wp-json\/wp\/v2\/posts\/161434","targetHints":{"allow":["GET"]}}],"collection":[{"href":"https:\/\/centrourbano.com\/revista\/wp-json\/wp\/v2\/posts"}],"about":[{"href":"https:\/\/centrourbano.com\/revista\/wp-json\/wp\/v2\/types\/post"}],"author":[{"embeddable":true,"href":"https:\/\/centrourbano.com\/revista\/wp-json\/wp\/v2\/users\/14"}],"replies":[{"embeddable":true,"href":"https:\/\/centrourbano.com\/revista\/wp-json\/wp\/v2\/comments?post=161434"}],"version-history":[{"count":1,"href":"https:\/\/centrourbano.com\/revista\/wp-json\/wp\/v2\/posts\/161434\/revisions"}],"predecessor-version":[{"id":161436,"href":"https:\/\/centrourbano.com\/revista\/wp-json\/wp\/v2\/posts\/161434\/revisions\/161436"}],"wp:featuredmedia":[{"embeddable":true,"href":"https:\/\/centrourbano.com\/revista\/wp-json\/wp\/v2\/media\/161435"}],"wp:attachment":[{"href":"https:\/\/centrourbano.com\/revista\/wp-json\/wp\/v2\/media?parent=161434"}],"wp:term":[{"taxonomy":"category","embeddable":true,"href":"https:\/\/centrourbano.com\/revista\/wp-json\/wp\/v2\/categories?post=161434"},{"taxonomy":"post_tag","embeddable":true,"href":"https:\/\/centrourbano.com\/revista\/wp-json\/wp\/v2\/tags?post=161434"}],"curies":[{"name":"wp","href":"https:\/\/api.w.org\/{rel}","templated":true}]}}