{"id":161423,"date":"2026-04-28T14:21:19","date_gmt":"2026-04-28T20:21:19","guid":{"rendered":"https:\/\/centrourbano.com\/revista\/?p=161423"},"modified":"2026-04-28T14:22:29","modified_gmt":"2026-04-28T20:22:29","slug":"trabajo-presencial-satura-oficinas-presiona-portafolio","status":"publish","type":"post","link":"https:\/\/centrourbano.com\/revista\/inmobiliario\/trabajo-presencial-satura-oficinas-presiona-portafolio\/","title":{"rendered":"Regreso presencial satura oficinas y presiona el portafolio en CDMX"},"content":{"rendered":"<p data-path-to-node=\"1\"><em>El 54% de los empleados reporta falta de espacio e instalaciones adecuadas ante la reactivaci\u00f3n laboral f\u00edsica y la ca\u00edda en la disponibilidad de oficinas<\/em><!--more--><\/p>\n<p data-path-to-node=\"2\">El regreso a la presencialidad genera una presi\u00f3n creciente en la infraestructura corporativa de la Ciudad de M\u00e9xico. Las empresas demandan m\u00e1s metros cuadrados para alojar a su personal, mientras los <strong>trabajadores enfrentan instalaciones que ya no responden a sus necesidades operativas diarias.<\/strong><\/p>\n<p data-path-to-node=\"3\">El estudio &#8216;IA y presencialidad: el nuevo panorama laboral&#8217;, elaborado por <a href=\"https:\/\/centrourbano.com\/revista\/inmobiliario\/wework-cabinas-espacios-alto-transito\/\" target=\"_blank\" rel=\"noopener\">WeWork<\/a> y PageGroup, revel\u00f3 que el <strong>54% de los empleados percibe una insuficiencia de espacios en sus corporativos.<\/strong> Esta cifra refleja una brecha importante entre el aumento de la asistencia f\u00edsica y la capacidad real de los inmuebles para recibir al talento.<\/p>\n<p data-path-to-node=\"4\">El an\u00e1lisis arroj\u00f3 que la <a href=\"https:\/\/centrourbano.com\/revista\/inmobiliario\/demanda-oficinas-vacancia-baja\/\" target=\"_blank\" rel=\"noopener\"><strong>vacancia de oficinas<\/strong><\/a> en la capital del pa\u00eds baj\u00f3 de un <strong>30% durante la pandemia a un 20% en la actualidad<\/strong>. Tan solo durante 2023, la ciudad registr\u00f3 una absorci\u00f3n neta que super\u00f3 los 200,000 metros cuadrados, de los cuales 70,000 correspondieron a nuevos lugares ocupados.<\/p>\n<p data-path-to-node=\"5\">A pesar de esta recuperaci\u00f3n en la demanda, los colaboradores reportan otras limitantes estructurales en su entorno f\u00edsico. El <strong>58% de los encuestados se\u00f1al\u00f3 una falta de infraestructura adecuada<\/strong>, como estacionamientos y servicios b\u00e1sicos, adem\u00e1s de manifestar dificultades para trabajar y concentrarse en esquemas de dise\u00f1o abierto.<\/p>\n<p data-path-to-node=\"6\">Al respecto, Claudio Hidalgo, presidente de <a href=\"https:\/\/www.wework.com\/es-LA\" target=\"_blank\" rel=\"noopener\">WeWork<\/a> para Latinoam\u00e9rica, explic\u00f3 que, aunque las compa\u00f1\u00edas buscan fomentar la convivencia en los lugares de trabajo, el formato tradicional ha dejado de responder a las necesidades operativas debido a la <strong>presi\u00f3n econ\u00f3mica y a los eventos de talla global.<\/strong><\/p>\n<blockquote>\n<p data-path-to-node=\"7\">\u201cHoy estamos viendo algo muy claro: las empresas sin duda siguen impulsando la convivencia en los espacios f\u00edsicos, pero el modelo tradicional ya no responde a esa nueva realidad. Entre el aumento en la demanda, la presi\u00f3n en costos y eventos de escala global como el Mundial, el reto ya no es solo tener oficinas, sino tener la capacidad de adaptarlas en tiempo real. Por eso, los espacios flexibles se est\u00e1n volviendo una herramienta clave para operar con eficiencia, crecer cuando se necesita y no asumir costos innecesarios en momentos de menor demanda\u201d, coment\u00f3.<\/p>\n<\/blockquote>\n<p data-path-to-node=\"8\">A esto se suma una <strong>presi\u00f3n inmobiliaria<\/strong> cada vez m\u00e1s visible que <strong>eleva los costos operativos para las empresas.<\/strong> En zonas premium como Polanco, los precios alcanzan hasta los 4,850 d\u00f3lares por metro cuadrado, con crecimientos de hasta 10% anual en ubicaciones bien conectadas.<\/p>\n<p data-path-to-node=\"9\">El fen\u00f3meno tambi\u00e9n se refleja a nivel submercado. En el sur de la ciudad, particularmente en la zona del Estadio Azteca, uno de los puntos clave para el Mundial, el submercado <strong>Perif\u00e9rico Sur concentra alrededor del 10% del inventario de oficinas<\/strong> de la CDMX.<\/p>\n<p data-path-to-node=\"10\">Ante este escenario, Hidalgo indic\u00f3 que las organizaciones est\u00e1n obligadas a <strong>buscar alternativas m\u00e1s \u00e1giles y replantear el uso de sus metros cuadrados<\/strong> ante las limitantes de espacio y costo en las grandes urbes.<\/p>\n<blockquote>\n<p data-path-to-node=\"11\">\u201cPor un lado, las empresas necesitan ser m\u00e1s \u00e1giles para responder a cambios en la demanda, y por otro, operan en ciudades donde el espacio es cada vez m\u00e1s limitado y costoso. Esa combinaci\u00f3n est\u00e1 obligando a replantear cu\u00e1ntos metros cuadrados se ocupan y c\u00f3mo se usan. Hoy, la eficiencia en el uso del espacio se vuelve tan importante como la gesti\u00f3n del talento\u201d, agreg\u00f3.<\/p>\n<\/blockquote>\n<p data-path-to-node=\"12\">En este contexto, la compa\u00f1\u00eda se\u00f1al\u00f3 que los <strong>modelos de trabajo flexibles se consolidan como una soluci\u00f3n clave<\/strong>. En M\u00e9xico, donde el empleo est\u00e1 profundamente ligado a la din\u00e1mica de las ciudades, el espacio f\u00edsico deja de ser un recurso operativo para convertirse en un factor estrat\u00e9gico que impacta directamente en la productividad, el bienestar y la competitividad de las organizaciones.<\/p>\n","protected":false},"excerpt":{"rendered":"<p>El 54% de los empleados reporta falta de espacio e instalaciones adecuadas ante la reactivaci\u00f3n laboral f\u00edsica y la ca\u00edda en la disponibilidad de oficinas<\/p>\n","protected":false},"author":14,"featured_media":161424,"comment_status":"open","ping_status":"closed","sticky":false,"template":"","format":"standard","meta":{"om_disable_all_campaigns":false,"inline_featured_image":false,"_monsterinsights_skip_tracking":false,"_monsterinsights_sitenote_active":false,"_monsterinsights_sitenote_note":"","_monsterinsights_sitenote_category":0,"footnotes":""},"categories":[15],"tags":[58,25540,8880],"class_list":["post-161423","post","type-post","status-publish","format-standard","has-post-thumbnail","hentry","category-inmobiliario","tag-oficinas","tag-portafolio-corporativo","tag-wework"],"yoast_head":"<!-- This site is optimized with the Yoast SEO plugin v27.4 - https:\/\/yoast.com\/product\/yoast-seo-wordpress\/ -->\n<title>Regreso presencial satura oficinas y presiona el portafolio en CDMX<\/title>\n<meta name=\"description\" content=\"El 54% de los trabajadores en CDMX reporta falta de espacio en las oficinas ante el regreso presencial y la baja disponibilidad de inmuebles\" \/>\n<meta name=\"robots\" content=\"index, follow, max-snippet:-1, max-image-preview:large, max-video-preview:-1\" \/>\n<link rel=\"canonical\" href=\"https:\/\/centrourbano.com\/revista\/inmobiliario\/trabajo-presencial-satura-oficinas-presiona-portafolio\/\" \/>\n<meta property=\"og:locale\" content=\"es_ES\" \/>\n<meta property=\"og:type\" content=\"article\" \/>\n<meta property=\"og:title\" content=\"Regreso presencial satura oficinas y presiona el portafolio en CDMX\" \/>\n<meta property=\"og:description\" content=\"El 54% de los trabajadores en CDMX reporta falta de espacio en las oficinas ante el regreso presencial y la baja disponibilidad de inmuebles\" \/>\n<meta property=\"og:url\" content=\"https:\/\/centrourbano.com\/revista\/inmobiliario\/trabajo-presencial-satura-oficinas-presiona-portafolio\/\" \/>\n<meta property=\"og:site_name\" content=\"Centro Urbano\" \/>\n<meta property=\"article:publisher\" content=\"https:\/\/www.facebook.com\/portalcentrourbano\" \/>\n<meta property=\"article:published_time\" content=\"2026-04-28T20:21:19+00:00\" \/>\n<meta property=\"article:modified_time\" content=\"2026-04-28T20:22:29+00:00\" \/>\n<meta property=\"og:image\" content=\"https:\/\/centrourbano.com\/revista\/wp-content\/uploads\/800-oficina-1-1.jpg\" \/>\n\t<meta property=\"og:image:width\" content=\"800\" \/>\n\t<meta property=\"og:image:height\" content=\"800\" \/>\n\t<meta property=\"og:image:type\" content=\"image\/jpeg\" \/>\n<meta name=\"author\" content=\"Redacci\u00f3n Centro Urbano\" \/>\n<meta name=\"twitter:card\" content=\"summary_large_image\" \/>\n<meta name=\"twitter:creator\" content=\"@CentroUrbano\" \/>\n<meta name=\"twitter:site\" content=\"@CentroUrbano\" \/>\n<meta name=\"twitter:label1\" content=\"Escrito por\" \/>\n\t<meta name=\"twitter:data1\" content=\"Redacci\u00f3n Centro Urbano\" \/>\n\t<meta name=\"twitter:label2\" content=\"Tiempo de lectura\" \/>\n\t<meta name=\"twitter:data2\" content=\"3 minutos\" \/>\n<script type=\"application\/ld+json\" class=\"yoast-schema-graph\">{\"@context\":\"https:\\\/\\\/schema.org\",\"@graph\":[{\"@type\":\"Article\",\"@id\":\"https:\\\/\\\/centrourbano.com\\\/revista\\\/inmobiliario\\\/trabajo-presencial-satura-oficinas-presiona-portafolio\\\/#article\",\"isPartOf\":{\"@id\":\"https:\\\/\\\/centrourbano.com\\\/revista\\\/inmobiliario\\\/trabajo-presencial-satura-oficinas-presiona-portafolio\\\/\"},\"author\":{\"name\":\"Redacci\u00f3n Centro Urbano\",\"@id\":\"https:\\\/\\\/centrourbano.com\\\/revista\\\/#\\\/schema\\\/person\\\/680e7c50f9d6e917e416c9efdc26f996\"},\"headline\":\"Regreso presencial satura oficinas y presiona el portafolio en CDMX\",\"datePublished\":\"2026-04-28T20:21:19+00:00\",\"dateModified\":\"2026-04-28T20:22:29+00:00\",\"mainEntityOfPage\":{\"@id\":\"https:\\\/\\\/centrourbano.com\\\/revista\\\/inmobiliario\\\/trabajo-presencial-satura-oficinas-presiona-portafolio\\\/\"},\"wordCount\":650,\"commentCount\":0,\"publisher\":{\"@id\":\"https:\\\/\\\/centrourbano.com\\\/revista\\\/#organization\"},\"image\":{\"@id\":\"https:\\\/\\\/centrourbano.com\\\/revista\\\/inmobiliario\\\/trabajo-presencial-satura-oficinas-presiona-portafolio\\\/#primaryimage\"},\"thumbnailUrl\":\"https:\\\/\\\/centrourbano.com\\\/revista\\\/wp-content\\\/uploads\\\/800-oficina-1-1.jpg\",\"keywords\":[\"oficinas\",\"portafolio corporativo\",\"WeWork\"],\"articleSection\":[\"Inmobiliario\"],\"inLanguage\":\"es\",\"potentialAction\":[{\"@type\":\"CommentAction\",\"name\":\"Comment\",\"target\":[\"https:\\\/\\\/centrourbano.com\\\/revista\\\/inmobiliario\\\/trabajo-presencial-satura-oficinas-presiona-portafolio\\\/#respond\"]}]},{\"@type\":\"WebPage\",\"@id\":\"https:\\\/\\\/centrourbano.com\\\/revista\\\/inmobiliario\\\/trabajo-presencial-satura-oficinas-presiona-portafolio\\\/\",\"url\":\"https:\\\/\\\/centrourbano.com\\\/revista\\\/inmobiliario\\\/trabajo-presencial-satura-oficinas-presiona-portafolio\\\/\",\"name\":\"Regreso presencial satura oficinas y presiona el portafolio en CDMX\",\"isPartOf\":{\"@id\":\"https:\\\/\\\/centrourbano.com\\\/revista\\\/#website\"},\"primaryImageOfPage\":{\"@id\":\"https:\\\/\\\/centrourbano.com\\\/revista\\\/inmobiliario\\\/trabajo-presencial-satura-oficinas-presiona-portafolio\\\/#primaryimage\"},\"image\":{\"@id\":\"https:\\\/\\\/centrourbano.com\\\/revista\\\/inmobiliario\\\/trabajo-presencial-satura-oficinas-presiona-portafolio\\\/#primaryimage\"},\"thumbnailUrl\":\"https:\\\/\\\/centrourbano.com\\\/revista\\\/wp-content\\\/uploads\\\/800-oficina-1-1.jpg\",\"datePublished\":\"2026-04-28T20:21:19+00:00\",\"dateModified\":\"2026-04-28T20:22:29+00:00\",\"description\":\"El 54% de los trabajadores en CDMX reporta falta de espacio en las oficinas ante el regreso presencial y la baja disponibilidad de inmuebles\",\"breadcrumb\":{\"@id\":\"https:\\\/\\\/centrourbano.com\\\/revista\\\/inmobiliario\\\/trabajo-presencial-satura-oficinas-presiona-portafolio\\\/#breadcrumb\"},\"inLanguage\":\"es\",\"potentialAction\":[{\"@type\":\"ReadAction\",\"target\":[\"https:\\\/\\\/centrourbano.com\\\/revista\\\/inmobiliario\\\/trabajo-presencial-satura-oficinas-presiona-portafolio\\\/\"]}]},{\"@type\":\"ImageObject\",\"inLanguage\":\"es\",\"@id\":\"https:\\\/\\\/centrourbano.com\\\/revista\\\/inmobiliario\\\/trabajo-presencial-satura-oficinas-presiona-portafolio\\\/#primaryimage\",\"url\":\"https:\\\/\\\/centrourbano.com\\\/revista\\\/wp-content\\\/uploads\\\/800-oficina-1-1.jpg\",\"contentUrl\":\"https:\\\/\\\/centrourbano.com\\\/revista\\\/wp-content\\\/uploads\\\/800-oficina-1-1.jpg\",\"width\":800,\"height\":800,\"caption\":\"Regreso presencial satura oficinas y presiona el portafolio en CDMX\"},{\"@type\":\"BreadcrumbList\",\"@id\":\"https:\\\/\\\/centrourbano.com\\\/revista\\\/inmobiliario\\\/trabajo-presencial-satura-oficinas-presiona-portafolio\\\/#breadcrumb\",\"itemListElement\":[{\"@type\":\"ListItem\",\"position\":1,\"name\":\"Portada\",\"item\":\"https:\\\/\\\/centrourbano.com\\\/revista\\\/\"},{\"@type\":\"ListItem\",\"position\":2,\"name\":\"Regreso presencial satura oficinas y presiona el portafolio en CDMX\"}]},{\"@type\":\"WebSite\",\"@id\":\"https:\\\/\\\/centrourbano.com\\\/revista\\\/#website\",\"url\":\"https:\\\/\\\/centrourbano.com\\\/revista\\\/\",\"name\":\"Centro Urbano\",\"description\":\"Medio especializado en los sectores vivienda, inmobiliario, construcci\u00f3n, arquitectura y urbanismo.\",\"publisher\":{\"@id\":\"https:\\\/\\\/centrourbano.com\\\/revista\\\/#organization\"},\"potentialAction\":[{\"@type\":\"SearchAction\",\"target\":{\"@type\":\"EntryPoint\",\"urlTemplate\":\"https:\\\/\\\/centrourbano.com\\\/revista\\\/?s={search_term_string}\"},\"query-input\":{\"@type\":\"PropertyValueSpecification\",\"valueRequired\":true,\"valueName\":\"search_term_string\"}}],\"inLanguage\":\"es\"},{\"@type\":\"Organization\",\"@id\":\"https:\\\/\\\/centrourbano.com\\\/revista\\\/#organization\",\"name\":\"Centro Urbano\",\"url\":\"https:\\\/\\\/centrourbano.com\\\/revista\\\/\",\"logo\":{\"@type\":\"ImageObject\",\"inLanguage\":\"es\",\"@id\":\"https:\\\/\\\/centrourbano.com\\\/revista\\\/#\\\/schema\\\/logo\\\/image\\\/\",\"url\":\"https:\\\/\\\/centrourbano.com\\\/revista\\\/wp-content\\\/uploads\\\/web_CU_logo-1.png\",\"contentUrl\":\"https:\\\/\\\/centrourbano.com\\\/revista\\\/wp-content\\\/uploads\\\/web_CU_logo-1.png\",\"width\":350,\"height\":91,\"caption\":\"Centro Urbano\"},\"image\":{\"@id\":\"https:\\\/\\\/centrourbano.com\\\/revista\\\/#\\\/schema\\\/logo\\\/image\\\/\"},\"sameAs\":[\"https:\\\/\\\/www.facebook.com\\\/portalcentrourbano\",\"https:\\\/\\\/x.com\\\/CentroUrbano\",\"https:\\\/\\\/www.instagram.com\\\/centro_urbano\\\/\",\"https:\\\/\\\/www.linkedin.com\\\/company\\\/centro-urbano\\\/\",\"http:\\\/\\\/www.youtube.com\\\/user\\\/portalcentrourbano\"]},{\"@type\":\"Person\",\"@id\":\"https:\\\/\\\/centrourbano.com\\\/revista\\\/#\\\/schema\\\/person\\\/680e7c50f9d6e917e416c9efdc26f996\",\"name\":\"Redacci\u00f3n Centro Urbano\",\"image\":{\"@type\":\"ImageObject\",\"inLanguage\":\"es\",\"@id\":\"https:\\\/\\\/secure.gravatar.com\\\/avatar\\\/15a789f894398c0f311f3a7a2ee28032bbc0483098539da66b6a045aa810bf35?s=96&d=mm&r=g\",\"url\":\"https:\\\/\\\/secure.gravatar.com\\\/avatar\\\/15a789f894398c0f311f3a7a2ee28032bbc0483098539da66b6a045aa810bf35?s=96&d=mm&r=g\",\"contentUrl\":\"https:\\\/\\\/secure.gravatar.com\\\/avatar\\\/15a789f894398c0f311f3a7a2ee28032bbc0483098539da66b6a045aa810bf35?s=96&d=mm&r=g\",\"caption\":\"Redacci\u00f3n Centro Urbano\"},\"url\":\"https:\\\/\\\/centrourbano.com\\\/revista\\\/author\\\/editorial\\\/\"}]}<\/script>\n<!-- \/ Yoast SEO plugin. -->","yoast_head_json":{"title":"Regreso presencial satura oficinas y presiona el portafolio en CDMX","description":"El 54% de los trabajadores en CDMX reporta falta de espacio en las oficinas ante el regreso presencial y la baja disponibilidad de inmuebles","robots":{"index":"index","follow":"follow","max-snippet":"max-snippet:-1","max-image-preview":"max-image-preview:large","max-video-preview":"max-video-preview:-1"},"canonical":"https:\/\/centrourbano.com\/revista\/inmobiliario\/trabajo-presencial-satura-oficinas-presiona-portafolio\/","og_locale":"es_ES","og_type":"article","og_title":"Regreso presencial satura oficinas y presiona el portafolio en CDMX","og_description":"El 54% de los trabajadores en CDMX reporta falta de espacio en las oficinas ante el regreso presencial y la baja disponibilidad de inmuebles","og_url":"https:\/\/centrourbano.com\/revista\/inmobiliario\/trabajo-presencial-satura-oficinas-presiona-portafolio\/","og_site_name":"Centro Urbano","article_publisher":"https:\/\/www.facebook.com\/portalcentrourbano","article_published_time":"2026-04-28T20:21:19+00:00","article_modified_time":"2026-04-28T20:22:29+00:00","og_image":[{"width":800,"height":800,"url":"https:\/\/centrourbano.com\/revista\/wp-content\/uploads\/800-oficina-1-1.jpg","type":"image\/jpeg"}],"author":"Redacci\u00f3n Centro Urbano","twitter_card":"summary_large_image","twitter_creator":"@CentroUrbano","twitter_site":"@CentroUrbano","twitter_misc":{"Escrito por":"Redacci\u00f3n Centro Urbano","Tiempo de lectura":"3 minutos"},"schema":{"@context":"https:\/\/schema.org","@graph":[{"@type":"Article","@id":"https:\/\/centrourbano.com\/revista\/inmobiliario\/trabajo-presencial-satura-oficinas-presiona-portafolio\/#article","isPartOf":{"@id":"https:\/\/centrourbano.com\/revista\/inmobiliario\/trabajo-presencial-satura-oficinas-presiona-portafolio\/"},"author":{"name":"Redacci\u00f3n Centro Urbano","@id":"https:\/\/centrourbano.com\/revista\/#\/schema\/person\/680e7c50f9d6e917e416c9efdc26f996"},"headline":"Regreso presencial satura oficinas y presiona el portafolio en CDMX","datePublished":"2026-04-28T20:21:19+00:00","dateModified":"2026-04-28T20:22:29+00:00","mainEntityOfPage":{"@id":"https:\/\/centrourbano.com\/revista\/inmobiliario\/trabajo-presencial-satura-oficinas-presiona-portafolio\/"},"wordCount":650,"commentCount":0,"publisher":{"@id":"https:\/\/centrourbano.com\/revista\/#organization"},"image":{"@id":"https:\/\/centrourbano.com\/revista\/inmobiliario\/trabajo-presencial-satura-oficinas-presiona-portafolio\/#primaryimage"},"thumbnailUrl":"https:\/\/centrourbano.com\/revista\/wp-content\/uploads\/800-oficina-1-1.jpg","keywords":["oficinas","portafolio corporativo","WeWork"],"articleSection":["Inmobiliario"],"inLanguage":"es","potentialAction":[{"@type":"CommentAction","name":"Comment","target":["https:\/\/centrourbano.com\/revista\/inmobiliario\/trabajo-presencial-satura-oficinas-presiona-portafolio\/#respond"]}]},{"@type":"WebPage","@id":"https:\/\/centrourbano.com\/revista\/inmobiliario\/trabajo-presencial-satura-oficinas-presiona-portafolio\/","url":"https:\/\/centrourbano.com\/revista\/inmobiliario\/trabajo-presencial-satura-oficinas-presiona-portafolio\/","name":"Regreso presencial satura oficinas y presiona el portafolio en CDMX","isPartOf":{"@id":"https:\/\/centrourbano.com\/revista\/#website"},"primaryImageOfPage":{"@id":"https:\/\/centrourbano.com\/revista\/inmobiliario\/trabajo-presencial-satura-oficinas-presiona-portafolio\/#primaryimage"},"image":{"@id":"https:\/\/centrourbano.com\/revista\/inmobiliario\/trabajo-presencial-satura-oficinas-presiona-portafolio\/#primaryimage"},"thumbnailUrl":"https:\/\/centrourbano.com\/revista\/wp-content\/uploads\/800-oficina-1-1.jpg","datePublished":"2026-04-28T20:21:19+00:00","dateModified":"2026-04-28T20:22:29+00:00","description":"El 54% de los trabajadores en CDMX reporta falta de espacio en las oficinas ante el regreso presencial y la baja disponibilidad de inmuebles","breadcrumb":{"@id":"https:\/\/centrourbano.com\/revista\/inmobiliario\/trabajo-presencial-satura-oficinas-presiona-portafolio\/#breadcrumb"},"inLanguage":"es","potentialAction":[{"@type":"ReadAction","target":["https:\/\/centrourbano.com\/revista\/inmobiliario\/trabajo-presencial-satura-oficinas-presiona-portafolio\/"]}]},{"@type":"ImageObject","inLanguage":"es","@id":"https:\/\/centrourbano.com\/revista\/inmobiliario\/trabajo-presencial-satura-oficinas-presiona-portafolio\/#primaryimage","url":"https:\/\/centrourbano.com\/revista\/wp-content\/uploads\/800-oficina-1-1.jpg","contentUrl":"https:\/\/centrourbano.com\/revista\/wp-content\/uploads\/800-oficina-1-1.jpg","width":800,"height":800,"caption":"Regreso presencial satura oficinas y presiona el portafolio en CDMX"},{"@type":"BreadcrumbList","@id":"https:\/\/centrourbano.com\/revista\/inmobiliario\/trabajo-presencial-satura-oficinas-presiona-portafolio\/#breadcrumb","itemListElement":[{"@type":"ListItem","position":1,"name":"Portada","item":"https:\/\/centrourbano.com\/revista\/"},{"@type":"ListItem","position":2,"name":"Regreso presencial satura oficinas y presiona el portafolio en CDMX"}]},{"@type":"WebSite","@id":"https:\/\/centrourbano.com\/revista\/#website","url":"https:\/\/centrourbano.com\/revista\/","name":"Centro Urbano","description":"Medio especializado en los sectores vivienda, inmobiliario, construcci\u00f3n, arquitectura y urbanismo.","publisher":{"@id":"https:\/\/centrourbano.com\/revista\/#organization"},"potentialAction":[{"@type":"SearchAction","target":{"@type":"EntryPoint","urlTemplate":"https:\/\/centrourbano.com\/revista\/?s={search_term_string}"},"query-input":{"@type":"PropertyValueSpecification","valueRequired":true,"valueName":"search_term_string"}}],"inLanguage":"es"},{"@type":"Organization","@id":"https:\/\/centrourbano.com\/revista\/#organization","name":"Centro Urbano","url":"https:\/\/centrourbano.com\/revista\/","logo":{"@type":"ImageObject","inLanguage":"es","@id":"https:\/\/centrourbano.com\/revista\/#\/schema\/logo\/image\/","url":"https:\/\/centrourbano.com\/revista\/wp-content\/uploads\/web_CU_logo-1.png","contentUrl":"https:\/\/centrourbano.com\/revista\/wp-content\/uploads\/web_CU_logo-1.png","width":350,"height":91,"caption":"Centro Urbano"},"image":{"@id":"https:\/\/centrourbano.com\/revista\/#\/schema\/logo\/image\/"},"sameAs":["https:\/\/www.facebook.com\/portalcentrourbano","https:\/\/x.com\/CentroUrbano","https:\/\/www.instagram.com\/centro_urbano\/","https:\/\/www.linkedin.com\/company\/centro-urbano\/","http:\/\/www.youtube.com\/user\/portalcentrourbano"]},{"@type":"Person","@id":"https:\/\/centrourbano.com\/revista\/#\/schema\/person\/680e7c50f9d6e917e416c9efdc26f996","name":"Redacci\u00f3n Centro Urbano","image":{"@type":"ImageObject","inLanguage":"es","@id":"https:\/\/secure.gravatar.com\/avatar\/15a789f894398c0f311f3a7a2ee28032bbc0483098539da66b6a045aa810bf35?s=96&d=mm&r=g","url":"https:\/\/secure.gravatar.com\/avatar\/15a789f894398c0f311f3a7a2ee28032bbc0483098539da66b6a045aa810bf35?s=96&d=mm&r=g","contentUrl":"https:\/\/secure.gravatar.com\/avatar\/15a789f894398c0f311f3a7a2ee28032bbc0483098539da66b6a045aa810bf35?s=96&d=mm&r=g","caption":"Redacci\u00f3n Centro Urbano"},"url":"https:\/\/centrourbano.com\/revista\/author\/editorial\/"}]}},"_links":{"self":[{"href":"https:\/\/centrourbano.com\/revista\/wp-json\/wp\/v2\/posts\/161423","targetHints":{"allow":["GET"]}}],"collection":[{"href":"https:\/\/centrourbano.com\/revista\/wp-json\/wp\/v2\/posts"}],"about":[{"href":"https:\/\/centrourbano.com\/revista\/wp-json\/wp\/v2\/types\/post"}],"author":[{"embeddable":true,"href":"https:\/\/centrourbano.com\/revista\/wp-json\/wp\/v2\/users\/14"}],"replies":[{"embeddable":true,"href":"https:\/\/centrourbano.com\/revista\/wp-json\/wp\/v2\/comments?post=161423"}],"version-history":[{"count":2,"href":"https:\/\/centrourbano.com\/revista\/wp-json\/wp\/v2\/posts\/161423\/revisions"}],"predecessor-version":[{"id":161426,"href":"https:\/\/centrourbano.com\/revista\/wp-json\/wp\/v2\/posts\/161423\/revisions\/161426"}],"wp:featuredmedia":[{"embeddable":true,"href":"https:\/\/centrourbano.com\/revista\/wp-json\/wp\/v2\/media\/161424"}],"wp:attachment":[{"href":"https:\/\/centrourbano.com\/revista\/wp-json\/wp\/v2\/media?parent=161423"}],"wp:term":[{"taxonomy":"category","embeddable":true,"href":"https:\/\/centrourbano.com\/revista\/wp-json\/wp\/v2\/categories?post=161423"},{"taxonomy":"post_tag","embeddable":true,"href":"https:\/\/centrourbano.com\/revista\/wp-json\/wp\/v2\/tags?post=161423"}],"curies":[{"name":"wp","href":"https:\/\/api.w.org\/{rel}","templated":true}]}}