{"id":161420,"date":"2026-04-28T13:41:02","date_gmt":"2026-04-28T19:41:02","guid":{"rendered":"https:\/\/centrourbano.com\/revista\/?p=161420"},"modified":"2026-04-28T13:41:02","modified_gmt":"2026-04-28T19:41:02","slug":"sectur-anuncia-inversion-proyectos-turisticos","status":"publish","type":"post","link":"https:\/\/centrourbano.com\/revista\/actualidad\/sectur-anuncia-inversion-proyectos-turisticos\/","title":{"rendered":"Sectur anuncia inversi\u00f3n de 150 mdd para impulsar proyectos tur\u00edsticos"},"content":{"rendered":"<p data-path-to-node=\"1\"><em>A trav\u00e9s del Plan M\u00e9xico, Sectur impulsa el desarrollo en diez entidades clave y anuncian la expansi\u00f3n de rutas a\u00e9reas para consolidar la llegada de visitantes<\/em><!--more--><\/p>\n<p data-path-to-node=\"1\">Josefina Rodr\u00edguez Zamora, titular de la Secretar\u00eda de Turismo (Sectur), anunci\u00f3 durante el Tianguis Tur\u00edstico M\u00e9xico 2026 el arranque de una inversi\u00f3n de<strong> 150 millones de d\u00f3lares (mdd)\u00a0 para desarrollar nuevos proyectos<\/strong> en el sector.<\/p>\n<p data-path-to-node=\"2\">Como parte del <a href=\"https:\/\/centrourbano.com\/revista\/?s=plan+m%C3%A9xico\" target=\"_blank\" rel=\"noopener\">Plan M\u00e9xico<\/a>, la dependencia contempla una cartera total de 42,452 millones de d\u00f3lares. Respecto a estos recursos, Rodr\u00edguez Zamora se\u00f1al\u00f3 que <strong>diez entidades concentran el mayor n\u00famero de proyectos<\/strong>: Quintana Roo, Nayarit, Jalisco, Baja California Sur, Guerrero, Nuevo Le\u00f3n, Hidalgo, Baja California, Sonora y Yucat\u00e1n. Estos estados registran montos que oscilan entre los 1,300 y los 8,300 millones de d\u00f3lares.<\/p>\n<blockquote>\n<p data-path-to-node=\"3\">\u201cHoy iniciamos una nueva etapa para el turismo en M\u00e9xico, con inversiones que no solo fortalecen al sector, sino que generan bienestar, desarrollo regional y nuevas oportunidades para miles de familias. Esta cartera de inversi\u00f3n es reflejo de la confianza en nuestro pa\u00eds y del trabajo coordinado entre los sectores p\u00fablico y privado\u201d, destac\u00f3.<\/p>\n<\/blockquote>\n<h2 data-path-to-node=\"4\"><b data-path-to-node=\"4\" data-index-in-node=\"0\">Estrategias para fortalecer la conectividad a\u00e9rea<\/b><\/h2>\n<p data-path-to-node=\"5\">En este contexto, el sector p\u00fablico y el sector empresarial trabajan en una pol\u00edtica integral donde cuatro aerol\u00edneas anunciaron acciones inmediatas para<strong> fortalecer la conectividad a\u00e9rea<\/strong>, consolidando as\u00ed a M\u00e9xico como un destino estrat\u00e9gico a nivel internacional.<\/p>\n<p data-path-to-node=\"6\">Por un lado, <strong>Aerom\u00e9xico inform\u00f3 la apertura de nuevas rutas internacionales<\/strong> para 2025 y 2026, y estableci\u00f3 la permanencia del vuelo Ciudad de M\u00e9xico\u2013Barcelona, el cual operaba temporalmente y ahora consolida su estatus como ruta regular.<\/p>\n<p data-path-to-node=\"7\">Por su parte, <strong>Mexicana de Aviaci\u00f3n<\/strong> adelant\u00f3 el inicio de operaciones de su nueva ruta hacia Acapulco a partir de junio. Tambi\u00e9n sum\u00f3 cuatro trayectos adicionales, con lo que <strong>alcanzar\u00e1 un total de 19 destinos<\/strong> en su red.<\/p>\n<p data-path-to-node=\"8\">Adem\u00e1s, <strong>Viva anunci\u00f3 la incorporaci\u00f3n de nuevos vuelos nacionales<\/strong> hacia Colima y Saltillo, as\u00ed como rutas internacionales hacia Cartagena y Medell\u00edn, en Colombia, con salidas desde el Aeropuerto Internacional Felipe \u00c1ngeles (AIFA).<\/p>\n<p data-path-to-node=\"9\">Finalmente, <strong>Volaris inform\u00f3 la apertura de 35 nuevas<\/strong> rutas para 2026. Con esta expansi\u00f3n, la empresa llegar\u00e1 a un total de 259 trayectos, fortaleciendo significativamente la oferta de vuelos nacionales e internacionales.<\/p>\n","protected":false},"excerpt":{"rendered":"<p>A trav\u00e9s del Plan M\u00e9xico, Sectur impulsa el desarrollo en diez entidades clave y anuncian la expansi\u00f3n de rutas a\u00e9reas para consolidar la llegada de visitantes<\/p>\n","protected":false},"author":14,"featured_media":161421,"comment_status":"open","ping_status":"closed","sticky":false,"template":"","format":"standard","meta":{"om_disable_all_campaigns":false,"inline_featured_image":false,"_monsterinsights_skip_tracking":false,"_monsterinsights_sitenote_active":false,"_monsterinsights_sitenote_note":"","_monsterinsights_sitenote_category":0,"footnotes":""},"categories":[80],"tags":[25539,784,54],"class_list":["post-161420","post","type-post","status-publish","format-standard","has-post-thumbnail","hentry","category-actualidad","tag-inverison-turistica","tag-sectur","tag-turismo"],"yoast_head":"<!-- This site is optimized with the Yoast SEO plugin v27.4 - https:\/\/yoast.com\/product\/yoast-seo-wordpress\/ -->\n<title>Sectur anuncia inversi\u00f3n de 150 mdd para impulsar proyectos tur\u00edsticos<\/title>\n<meta name=\"description\" content=\"A trav\u00e9s del Plan M\u00e9xico, Sectur impulsa el desarrollo en diez entidades clave y anuncian la expansi\u00f3n de rutas a\u00e9reas\" \/>\n<meta name=\"robots\" content=\"index, follow, max-snippet:-1, max-image-preview:large, max-video-preview:-1\" \/>\n<link rel=\"canonical\" href=\"https:\/\/centrourbano.com\/revista\/actualidad\/sectur-anuncia-inversion-proyectos-turisticos\/\" \/>\n<meta property=\"og:locale\" content=\"es_ES\" \/>\n<meta property=\"og:type\" content=\"article\" \/>\n<meta property=\"og:title\" content=\"Sectur anuncia inversi\u00f3n de 150 mdd para impulsar proyectos tur\u00edsticos\" \/>\n<meta property=\"og:description\" content=\"A trav\u00e9s del Plan M\u00e9xico, Sectur impulsa el desarrollo en diez entidades clave y anuncian la expansi\u00f3n de rutas a\u00e9reas\" \/>\n<meta property=\"og:url\" content=\"https:\/\/centrourbano.com\/revista\/actualidad\/sectur-anuncia-inversion-proyectos-turisticos\/\" \/>\n<meta property=\"og:site_name\" content=\"Centro Urbano\" \/>\n<meta property=\"article:publisher\" content=\"https:\/\/www.facebook.com\/portalcentrourbano\" \/>\n<meta property=\"article:published_time\" content=\"2026-04-28T19:41:02+00:00\" \/>\n<meta property=\"og:image\" content=\"https:\/\/centrourbano.com\/revista\/wp-content\/uploads\/Sectur-anuncia-inversion-de-150-mdd-para-impulsar-proyectos-turisticos.jpg\" \/>\n\t<meta property=\"og:image:width\" content=\"800\" \/>\n\t<meta property=\"og:image:height\" content=\"800\" \/>\n\t<meta property=\"og:image:type\" content=\"image\/jpeg\" \/>\n<meta name=\"author\" content=\"Redacci\u00f3n Centro Urbano\" \/>\n<meta name=\"twitter:card\" content=\"summary_large_image\" \/>\n<meta name=\"twitter:creator\" content=\"@CentroUrbano\" \/>\n<meta name=\"twitter:site\" content=\"@CentroUrbano\" \/>\n<meta name=\"twitter:label1\" content=\"Escrito por\" \/>\n\t<meta name=\"twitter:data1\" content=\"Redacci\u00f3n Centro Urbano\" \/>\n\t<meta name=\"twitter:label2\" content=\"Tiempo de lectura\" \/>\n\t<meta name=\"twitter:data2\" content=\"2 minutos\" \/>\n<script type=\"application\/ld+json\" class=\"yoast-schema-graph\">{\"@context\":\"https:\\\/\\\/schema.org\",\"@graph\":[{\"@type\":\"Article\",\"@id\":\"https:\\\/\\\/centrourbano.com\\\/revista\\\/actualidad\\\/sectur-anuncia-inversion-proyectos-turisticos\\\/#article\",\"isPartOf\":{\"@id\":\"https:\\\/\\\/centrourbano.com\\\/revista\\\/actualidad\\\/sectur-anuncia-inversion-proyectos-turisticos\\\/\"},\"author\":{\"name\":\"Redacci\u00f3n Centro Urbano\",\"@id\":\"https:\\\/\\\/centrourbano.com\\\/revista\\\/#\\\/schema\\\/person\\\/680e7c50f9d6e917e416c9efdc26f996\"},\"headline\":\"Sectur anuncia inversi\u00f3n de 150 mdd para impulsar proyectos tur\u00edsticos\",\"datePublished\":\"2026-04-28T19:41:02+00:00\",\"mainEntityOfPage\":{\"@id\":\"https:\\\/\\\/centrourbano.com\\\/revista\\\/actualidad\\\/sectur-anuncia-inversion-proyectos-turisticos\\\/\"},\"wordCount\":397,\"commentCount\":0,\"publisher\":{\"@id\":\"https:\\\/\\\/centrourbano.com\\\/revista\\\/#organization\"},\"image\":{\"@id\":\"https:\\\/\\\/centrourbano.com\\\/revista\\\/actualidad\\\/sectur-anuncia-inversion-proyectos-turisticos\\\/#primaryimage\"},\"thumbnailUrl\":\"https:\\\/\\\/centrourbano.com\\\/revista\\\/wp-content\\\/uploads\\\/Sectur-anuncia-inversion-de-150-mdd-para-impulsar-proyectos-turisticos.jpg\",\"keywords\":[\"inveris\u00f3n tur\u00edstica\",\"Sectur\",\"turismo\"],\"articleSection\":[\"Actualidad\"],\"inLanguage\":\"es\",\"potentialAction\":[{\"@type\":\"CommentAction\",\"name\":\"Comment\",\"target\":[\"https:\\\/\\\/centrourbano.com\\\/revista\\\/actualidad\\\/sectur-anuncia-inversion-proyectos-turisticos\\\/#respond\"]}]},{\"@type\":\"WebPage\",\"@id\":\"https:\\\/\\\/centrourbano.com\\\/revista\\\/actualidad\\\/sectur-anuncia-inversion-proyectos-turisticos\\\/\",\"url\":\"https:\\\/\\\/centrourbano.com\\\/revista\\\/actualidad\\\/sectur-anuncia-inversion-proyectos-turisticos\\\/\",\"name\":\"Sectur anuncia inversi\u00f3n de 150 mdd para impulsar proyectos tur\u00edsticos\",\"isPartOf\":{\"@id\":\"https:\\\/\\\/centrourbano.com\\\/revista\\\/#website\"},\"primaryImageOfPage\":{\"@id\":\"https:\\\/\\\/centrourbano.com\\\/revista\\\/actualidad\\\/sectur-anuncia-inversion-proyectos-turisticos\\\/#primaryimage\"},\"image\":{\"@id\":\"https:\\\/\\\/centrourbano.com\\\/revista\\\/actualidad\\\/sectur-anuncia-inversion-proyectos-turisticos\\\/#primaryimage\"},\"thumbnailUrl\":\"https:\\\/\\\/centrourbano.com\\\/revista\\\/wp-content\\\/uploads\\\/Sectur-anuncia-inversion-de-150-mdd-para-impulsar-proyectos-turisticos.jpg\",\"datePublished\":\"2026-04-28T19:41:02+00:00\",\"description\":\"A trav\u00e9s del Plan M\u00e9xico, Sectur impulsa el desarrollo en diez entidades clave y anuncian la expansi\u00f3n de rutas a\u00e9reas\",\"breadcrumb\":{\"@id\":\"https:\\\/\\\/centrourbano.com\\\/revista\\\/actualidad\\\/sectur-anuncia-inversion-proyectos-turisticos\\\/#breadcrumb\"},\"inLanguage\":\"es\",\"potentialAction\":[{\"@type\":\"ReadAction\",\"target\":[\"https:\\\/\\\/centrourbano.com\\\/revista\\\/actualidad\\\/sectur-anuncia-inversion-proyectos-turisticos\\\/\"]}]},{\"@type\":\"ImageObject\",\"inLanguage\":\"es\",\"@id\":\"https:\\\/\\\/centrourbano.com\\\/revista\\\/actualidad\\\/sectur-anuncia-inversion-proyectos-turisticos\\\/#primaryimage\",\"url\":\"https:\\\/\\\/centrourbano.com\\\/revista\\\/wp-content\\\/uploads\\\/Sectur-anuncia-inversion-de-150-mdd-para-impulsar-proyectos-turisticos.jpg\",\"contentUrl\":\"https:\\\/\\\/centrourbano.com\\\/revista\\\/wp-content\\\/uploads\\\/Sectur-anuncia-inversion-de-150-mdd-para-impulsar-proyectos-turisticos.jpg\",\"width\":800,\"height\":800,\"caption\":\"Sectur anuncia inversi\u00f3n de 150 mdd para impulsar proyectos tur\u00edsticos\"},{\"@type\":\"BreadcrumbList\",\"@id\":\"https:\\\/\\\/centrourbano.com\\\/revista\\\/actualidad\\\/sectur-anuncia-inversion-proyectos-turisticos\\\/#breadcrumb\",\"itemListElement\":[{\"@type\":\"ListItem\",\"position\":1,\"name\":\"Portada\",\"item\":\"https:\\\/\\\/centrourbano.com\\\/revista\\\/\"},{\"@type\":\"ListItem\",\"position\":2,\"name\":\"Sectur anuncia inversi\u00f3n de 150 mdd para impulsar proyectos tur\u00edsticos\"}]},{\"@type\":\"WebSite\",\"@id\":\"https:\\\/\\\/centrourbano.com\\\/revista\\\/#website\",\"url\":\"https:\\\/\\\/centrourbano.com\\\/revista\\\/\",\"name\":\"Centro Urbano\",\"description\":\"Medio especializado en los sectores vivienda, inmobiliario, construcci\u00f3n, arquitectura y urbanismo.\",\"publisher\":{\"@id\":\"https:\\\/\\\/centrourbano.com\\\/revista\\\/#organization\"},\"potentialAction\":[{\"@type\":\"SearchAction\",\"target\":{\"@type\":\"EntryPoint\",\"urlTemplate\":\"https:\\\/\\\/centrourbano.com\\\/revista\\\/?s={search_term_string}\"},\"query-input\":{\"@type\":\"PropertyValueSpecification\",\"valueRequired\":true,\"valueName\":\"search_term_string\"}}],\"inLanguage\":\"es\"},{\"@type\":\"Organization\",\"@id\":\"https:\\\/\\\/centrourbano.com\\\/revista\\\/#organization\",\"name\":\"Centro Urbano\",\"url\":\"https:\\\/\\\/centrourbano.com\\\/revista\\\/\",\"logo\":{\"@type\":\"ImageObject\",\"inLanguage\":\"es\",\"@id\":\"https:\\\/\\\/centrourbano.com\\\/revista\\\/#\\\/schema\\\/logo\\\/image\\\/\",\"url\":\"https:\\\/\\\/centrourbano.com\\\/revista\\\/wp-content\\\/uploads\\\/web_CU_logo-1.png\",\"contentUrl\":\"https:\\\/\\\/centrourbano.com\\\/revista\\\/wp-content\\\/uploads\\\/web_CU_logo-1.png\",\"width\":350,\"height\":91,\"caption\":\"Centro Urbano\"},\"image\":{\"@id\":\"https:\\\/\\\/centrourbano.com\\\/revista\\\/#\\\/schema\\\/logo\\\/image\\\/\"},\"sameAs\":[\"https:\\\/\\\/www.facebook.com\\\/portalcentrourbano\",\"https:\\\/\\\/x.com\\\/CentroUrbano\",\"https:\\\/\\\/www.instagram.com\\\/centro_urbano\\\/\",\"https:\\\/\\\/www.linkedin.com\\\/company\\\/centro-urbano\\\/\",\"http:\\\/\\\/www.youtube.com\\\/user\\\/portalcentrourbano\"]},{\"@type\":\"Person\",\"@id\":\"https:\\\/\\\/centrourbano.com\\\/revista\\\/#\\\/schema\\\/person\\\/680e7c50f9d6e917e416c9efdc26f996\",\"name\":\"Redacci\u00f3n Centro Urbano\",\"image\":{\"@type\":\"ImageObject\",\"inLanguage\":\"es\",\"@id\":\"https:\\\/\\\/secure.gravatar.com\\\/avatar\\\/15a789f894398c0f311f3a7a2ee28032bbc0483098539da66b6a045aa810bf35?s=96&d=mm&r=g\",\"url\":\"https:\\\/\\\/secure.gravatar.com\\\/avatar\\\/15a789f894398c0f311f3a7a2ee28032bbc0483098539da66b6a045aa810bf35?s=96&d=mm&r=g\",\"contentUrl\":\"https:\\\/\\\/secure.gravatar.com\\\/avatar\\\/15a789f894398c0f311f3a7a2ee28032bbc0483098539da66b6a045aa810bf35?s=96&d=mm&r=g\",\"caption\":\"Redacci\u00f3n Centro Urbano\"},\"url\":\"https:\\\/\\\/centrourbano.com\\\/revista\\\/author\\\/editorial\\\/\"}]}<\/script>\n<!-- \/ Yoast SEO plugin. -->","yoast_head_json":{"title":"Sectur anuncia inversi\u00f3n de 150 mdd para impulsar proyectos tur\u00edsticos","description":"A trav\u00e9s del Plan M\u00e9xico, Sectur impulsa el desarrollo en diez entidades clave y anuncian la expansi\u00f3n de rutas a\u00e9reas","robots":{"index":"index","follow":"follow","max-snippet":"max-snippet:-1","max-image-preview":"max-image-preview:large","max-video-preview":"max-video-preview:-1"},"canonical":"https:\/\/centrourbano.com\/revista\/actualidad\/sectur-anuncia-inversion-proyectos-turisticos\/","og_locale":"es_ES","og_type":"article","og_title":"Sectur anuncia inversi\u00f3n de 150 mdd para impulsar proyectos tur\u00edsticos","og_description":"A trav\u00e9s del Plan M\u00e9xico, Sectur impulsa el desarrollo en diez entidades clave y anuncian la expansi\u00f3n de rutas a\u00e9reas","og_url":"https:\/\/centrourbano.com\/revista\/actualidad\/sectur-anuncia-inversion-proyectos-turisticos\/","og_site_name":"Centro Urbano","article_publisher":"https:\/\/www.facebook.com\/portalcentrourbano","article_published_time":"2026-04-28T19:41:02+00:00","og_image":[{"width":800,"height":800,"url":"https:\/\/centrourbano.com\/revista\/wp-content\/uploads\/Sectur-anuncia-inversion-de-150-mdd-para-impulsar-proyectos-turisticos.jpg","type":"image\/jpeg"}],"author":"Redacci\u00f3n Centro Urbano","twitter_card":"summary_large_image","twitter_creator":"@CentroUrbano","twitter_site":"@CentroUrbano","twitter_misc":{"Escrito por":"Redacci\u00f3n Centro Urbano","Tiempo de lectura":"2 minutos"},"schema":{"@context":"https:\/\/schema.org","@graph":[{"@type":"Article","@id":"https:\/\/centrourbano.com\/revista\/actualidad\/sectur-anuncia-inversion-proyectos-turisticos\/#article","isPartOf":{"@id":"https:\/\/centrourbano.com\/revista\/actualidad\/sectur-anuncia-inversion-proyectos-turisticos\/"},"author":{"name":"Redacci\u00f3n Centro Urbano","@id":"https:\/\/centrourbano.com\/revista\/#\/schema\/person\/680e7c50f9d6e917e416c9efdc26f996"},"headline":"Sectur anuncia inversi\u00f3n de 150 mdd para impulsar proyectos tur\u00edsticos","datePublished":"2026-04-28T19:41:02+00:00","mainEntityOfPage":{"@id":"https:\/\/centrourbano.com\/revista\/actualidad\/sectur-anuncia-inversion-proyectos-turisticos\/"},"wordCount":397,"commentCount":0,"publisher":{"@id":"https:\/\/centrourbano.com\/revista\/#organization"},"image":{"@id":"https:\/\/centrourbano.com\/revista\/actualidad\/sectur-anuncia-inversion-proyectos-turisticos\/#primaryimage"},"thumbnailUrl":"https:\/\/centrourbano.com\/revista\/wp-content\/uploads\/Sectur-anuncia-inversion-de-150-mdd-para-impulsar-proyectos-turisticos.jpg","keywords":["inveris\u00f3n tur\u00edstica","Sectur","turismo"],"articleSection":["Actualidad"],"inLanguage":"es","potentialAction":[{"@type":"CommentAction","name":"Comment","target":["https:\/\/centrourbano.com\/revista\/actualidad\/sectur-anuncia-inversion-proyectos-turisticos\/#respond"]}]},{"@type":"WebPage","@id":"https:\/\/centrourbano.com\/revista\/actualidad\/sectur-anuncia-inversion-proyectos-turisticos\/","url":"https:\/\/centrourbano.com\/revista\/actualidad\/sectur-anuncia-inversion-proyectos-turisticos\/","name":"Sectur anuncia inversi\u00f3n de 150 mdd para impulsar proyectos tur\u00edsticos","isPartOf":{"@id":"https:\/\/centrourbano.com\/revista\/#website"},"primaryImageOfPage":{"@id":"https:\/\/centrourbano.com\/revista\/actualidad\/sectur-anuncia-inversion-proyectos-turisticos\/#primaryimage"},"image":{"@id":"https:\/\/centrourbano.com\/revista\/actualidad\/sectur-anuncia-inversion-proyectos-turisticos\/#primaryimage"},"thumbnailUrl":"https:\/\/centrourbano.com\/revista\/wp-content\/uploads\/Sectur-anuncia-inversion-de-150-mdd-para-impulsar-proyectos-turisticos.jpg","datePublished":"2026-04-28T19:41:02+00:00","description":"A trav\u00e9s del Plan M\u00e9xico, Sectur impulsa el desarrollo en diez entidades clave y anuncian la expansi\u00f3n de rutas a\u00e9reas","breadcrumb":{"@id":"https:\/\/centrourbano.com\/revista\/actualidad\/sectur-anuncia-inversion-proyectos-turisticos\/#breadcrumb"},"inLanguage":"es","potentialAction":[{"@type":"ReadAction","target":["https:\/\/centrourbano.com\/revista\/actualidad\/sectur-anuncia-inversion-proyectos-turisticos\/"]}]},{"@type":"ImageObject","inLanguage":"es","@id":"https:\/\/centrourbano.com\/revista\/actualidad\/sectur-anuncia-inversion-proyectos-turisticos\/#primaryimage","url":"https:\/\/centrourbano.com\/revista\/wp-content\/uploads\/Sectur-anuncia-inversion-de-150-mdd-para-impulsar-proyectos-turisticos.jpg","contentUrl":"https:\/\/centrourbano.com\/revista\/wp-content\/uploads\/Sectur-anuncia-inversion-de-150-mdd-para-impulsar-proyectos-turisticos.jpg","width":800,"height":800,"caption":"Sectur anuncia inversi\u00f3n de 150 mdd para impulsar proyectos tur\u00edsticos"},{"@type":"BreadcrumbList","@id":"https:\/\/centrourbano.com\/revista\/actualidad\/sectur-anuncia-inversion-proyectos-turisticos\/#breadcrumb","itemListElement":[{"@type":"ListItem","position":1,"name":"Portada","item":"https:\/\/centrourbano.com\/revista\/"},{"@type":"ListItem","position":2,"name":"Sectur anuncia inversi\u00f3n de 150 mdd para impulsar proyectos tur\u00edsticos"}]},{"@type":"WebSite","@id":"https:\/\/centrourbano.com\/revista\/#website","url":"https:\/\/centrourbano.com\/revista\/","name":"Centro Urbano","description":"Medio especializado en los sectores vivienda, inmobiliario, construcci\u00f3n, arquitectura y urbanismo.","publisher":{"@id":"https:\/\/centrourbano.com\/revista\/#organization"},"potentialAction":[{"@type":"SearchAction","target":{"@type":"EntryPoint","urlTemplate":"https:\/\/centrourbano.com\/revista\/?s={search_term_string}"},"query-input":{"@type":"PropertyValueSpecification","valueRequired":true,"valueName":"search_term_string"}}],"inLanguage":"es"},{"@type":"Organization","@id":"https:\/\/centrourbano.com\/revista\/#organization","name":"Centro Urbano","url":"https:\/\/centrourbano.com\/revista\/","logo":{"@type":"ImageObject","inLanguage":"es","@id":"https:\/\/centrourbano.com\/revista\/#\/schema\/logo\/image\/","url":"https:\/\/centrourbano.com\/revista\/wp-content\/uploads\/web_CU_logo-1.png","contentUrl":"https:\/\/centrourbano.com\/revista\/wp-content\/uploads\/web_CU_logo-1.png","width":350,"height":91,"caption":"Centro Urbano"},"image":{"@id":"https:\/\/centrourbano.com\/revista\/#\/schema\/logo\/image\/"},"sameAs":["https:\/\/www.facebook.com\/portalcentrourbano","https:\/\/x.com\/CentroUrbano","https:\/\/www.instagram.com\/centro_urbano\/","https:\/\/www.linkedin.com\/company\/centro-urbano\/","http:\/\/www.youtube.com\/user\/portalcentrourbano"]},{"@type":"Person","@id":"https:\/\/centrourbano.com\/revista\/#\/schema\/person\/680e7c50f9d6e917e416c9efdc26f996","name":"Redacci\u00f3n Centro Urbano","image":{"@type":"ImageObject","inLanguage":"es","@id":"https:\/\/secure.gravatar.com\/avatar\/15a789f894398c0f311f3a7a2ee28032bbc0483098539da66b6a045aa810bf35?s=96&d=mm&r=g","url":"https:\/\/secure.gravatar.com\/avatar\/15a789f894398c0f311f3a7a2ee28032bbc0483098539da66b6a045aa810bf35?s=96&d=mm&r=g","contentUrl":"https:\/\/secure.gravatar.com\/avatar\/15a789f894398c0f311f3a7a2ee28032bbc0483098539da66b6a045aa810bf35?s=96&d=mm&r=g","caption":"Redacci\u00f3n Centro Urbano"},"url":"https:\/\/centrourbano.com\/revista\/author\/editorial\/"}]}},"_links":{"self":[{"href":"https:\/\/centrourbano.com\/revista\/wp-json\/wp\/v2\/posts\/161420","targetHints":{"allow":["GET"]}}],"collection":[{"href":"https:\/\/centrourbano.com\/revista\/wp-json\/wp\/v2\/posts"}],"about":[{"href":"https:\/\/centrourbano.com\/revista\/wp-json\/wp\/v2\/types\/post"}],"author":[{"embeddable":true,"href":"https:\/\/centrourbano.com\/revista\/wp-json\/wp\/v2\/users\/14"}],"replies":[{"embeddable":true,"href":"https:\/\/centrourbano.com\/revista\/wp-json\/wp\/v2\/comments?post=161420"}],"version-history":[{"count":1,"href":"https:\/\/centrourbano.com\/revista\/wp-json\/wp\/v2\/posts\/161420\/revisions"}],"predecessor-version":[{"id":161422,"href":"https:\/\/centrourbano.com\/revista\/wp-json\/wp\/v2\/posts\/161420\/revisions\/161422"}],"wp:featuredmedia":[{"embeddable":true,"href":"https:\/\/centrourbano.com\/revista\/wp-json\/wp\/v2\/media\/161421"}],"wp:attachment":[{"href":"https:\/\/centrourbano.com\/revista\/wp-json\/wp\/v2\/media?parent=161420"}],"wp:term":[{"taxonomy":"category","embeddable":true,"href":"https:\/\/centrourbano.com\/revista\/wp-json\/wp\/v2\/categories?post=161420"},{"taxonomy":"post_tag","embeddable":true,"href":"https:\/\/centrourbano.com\/revista\/wp-json\/wp\/v2\/tags?post=161420"}],"curies":[{"name":"wp","href":"https:\/\/api.w.org\/{rel}","templated":true}]}}