{"id":161417,"date":"2026-04-28T12:59:36","date_gmt":"2026-04-28T18:59:36","guid":{"rendered":"https:\/\/centrourbano.com\/revista\/?p=161417"},"modified":"2026-04-28T12:59:36","modified_gmt":"2026-04-28T18:59:36","slug":"demanda-oficinas-vacancia-baja","status":"publish","type":"post","link":"https:\/\/centrourbano.com\/revista\/inmobiliario\/demanda-oficinas-vacancia-baja\/","title":{"rendered":"Demanda de oficinas en CDMX se reactiva; vacancia baja a 17.2%"},"content":{"rendered":"<p><em>El mercado de oficinas capitalino registr\u00f3 una absorci\u00f3n bruta de 110,000 m\u00b2, impulsada principalmente por renovaciones y expansiones <\/em><!--more--><\/p>\n<p>El <strong>mercado de oficinas de la Ciudad de M\u00e9xico<\/strong> mostr\u00f3 se\u00f1ales de recuperaci\u00f3n durante el primer trimestre de 2026 (1T2026), al registrar una <strong>disminuci\u00f3n en la tasa de vacancia<\/strong> a 17.2%, impulsada por una mayor ocupaci\u00f3n de espacios y una demanda sostenida en los principales corredores corporativos.<\/p>\n<p>De acuerdo con el reporte MarketView del sector de oficinas de CBRE, al cierre del 1T2026 el <strong>inventario total de oficinas Clase A\/A+<\/strong> en la capital alcanz\u00f3 los 7.4 millones de metros cuadrados (m\u00b2), mientras que el <strong>espacio corporativo ocupado<\/strong> lleg\u00f3 a 6.2 millones de m\u00b2, reflejando una mayor actividad en el mercado.<\/p>\n<p>Adem\u00e1s, la <strong>absorci\u00f3n bruta<\/strong> registr\u00f3 110,000 m\u00b2 en este inicio de a\u00f1o, de los cuales el 75% fueron por transacciones de renovaci\u00f3n, expansi\u00f3n, subarriendo y pre-arrendamiento, lo que refleja nuevas estrategias de ocupaci\u00f3n por parte de las empresas.<\/p>\n<h2><strong>CBD mantiene liderazgo<\/strong><\/h2>\n<p>El reporte tambi\u00e9n destaca que el <strong>Centro de Negocios de la Ciudad de M\u00e9xico<\/strong> (<strong>CBD<\/strong>), conformado por Polanco, Lomas Palmas y Reforma, se mantuvo como el epicentro de la actividad, al concentrar el 80% del total de las operaciones y consolidar su atractivo para los principales arrendatarios.<\/p>\n<p>Asimismo, este corredor lider\u00f3 la absorci\u00f3n neta con el 44%, seguido por <strong>Insurgentes<\/strong> con 36%. En particular, <strong>Polanco<\/strong> destac\u00f3 con el 38% de las transacciones, impulsadas principalmente por los sectores de Tecnolog\u00eda &amp; IT y Farmac\u00e9utico, mientras que <strong>Lomas Palmas<\/strong> concentr\u00f3 el 37% de las operaciones.<\/p>\n<p>Al respecto, <strong>Lyman Daniels, presidente de CBRE M\u00e9xico<\/strong>, se\u00f1al\u00f3 que este comportamiento \u201cdemuestra la confianza de las empresas en el mercado y su estrategia de crecimiento a largo plazo\u201d.<\/p>\n<h2><strong>Menor vacancia y m\u00e1s flexibilidad<\/strong><\/h2>\n<p>Por otro lado, la <strong>tasa de vacancia<\/strong> cerr\u00f3 el 1T2026 en 17.2%, lo que represent\u00f3 una disminuci\u00f3n de 2.3 puntos porcentuales respecto al mismo periodo de 2025. En el caso espec\u00edfico del CBD, la vacancia fue de 11.1%, con una mejora significativa frente al 13.9% reportado un a\u00f1o antes.<\/p>\n<p>Sin embargo, uno de los principales retos del mercado contin\u00faa siendo la <strong>limitada disponibilidad de espacios contiguos de gran tama\u00f1o<\/strong>, pues, durante el 1T2026, solo el 8.5% de los edificios vacantes en la CDMX ofrecieron espacios continuos a partir de 9,000 metros cuadrados.<\/p>\n<p><strong>Perinorte<\/strong> y <strong>Santa Fe<\/strong> concentraron la mayor parte de esta disponibilidad, al reunir el 59% de la oferta de gran escala, lo que representa una oportunidad importante para grandes usuarios corporativos.<\/p>\n<p>Adem\u00e1s, el 50% de los espacios disponibles tanto en la ciudad como en el CBD se ofrecen bajo formatos flexibles como <strong>acondicionado<\/strong>, <strong>Plug&amp;Play<\/strong> y <strong>subarriendo<\/strong>, una tendencia que confirma la adaptaci\u00f3n del mercado a las nuevas necesidades de ocupaci\u00f3n empresarial.<\/p>\n<h2><strong>Nueva oferta en camino<\/strong><\/h2>\n<p>Finalmente, en cuanto al indicador de <strong>construcci\u00f3n<\/strong>, al cierre del 1T2026 se contabilizaron 351,000 m\u00b2 en desarrollo, distribuidos en nueve proyectos activos con entregas previstas entre 2026 y 2028.<\/p>\n<p>Para este a\u00f1o, se anticipa la incorporaci\u00f3n de 318,000 m\u00b2 como nueva oferta, principalmente en los corredores <strong>Bosques<\/strong>, <strong>Insurgentes<\/strong>, <strong>Reforma<\/strong>, <strong>Polanco<\/strong> y <strong>Lomas Palmas<\/strong>.<\/p>\n<p>Adem\u00e1s, se integraron 102,000 m\u00b2 adicionales en <strong>Polanco<\/strong> destinados ahora al uso de oficinas que anteriormente no estaban contemplados con este fin.<\/p>\n<p><strong>CBRE<\/strong> prev\u00e9 que esta nueva oferta tendr\u00e1 impacto en la tasa de vacancia con ligeros incrementos; sin embargo, tambi\u00e9n representa una oportunidad relevante para inversionistas y arrendatarios, particularmente en un contexto donde la CDMX contin\u00faa consolid\u00e1ndose como el principal destino de inversi\u00f3n extranjera directa del pa\u00eds.<\/p>\n","protected":false},"excerpt":{"rendered":"<p>El mercado de oficinas capitalino registr\u00f3 una absorci\u00f3n bruta de 110,000 m\u00b2, impulsada principalmente por renovaciones y expansiones<\/p>\n","protected":false},"author":14,"featured_media":161418,"comment_status":"open","ping_status":"closed","sticky":false,"template":"","format":"standard","meta":{"om_disable_all_campaigns":false,"inline_featured_image":false,"_monsterinsights_skip_tracking":false,"_monsterinsights_sitenote_active":false,"_monsterinsights_sitenote_note":"","_monsterinsights_sitenote_category":0,"footnotes":""},"categories":[15],"tags":[13880,23441,606,10529,58,18044],"class_list":["post-161417","post","type-post","status-publish","format-standard","has-post-thumbnail","hentry","category-inmobiliario","tag-absorcion","tag-cbd","tag-cdmx","tag-inventario","tag-oficinas","tag-tasa-de-vacancia"],"yoast_head":"<!-- This site is optimized with the Yoast SEO plugin v27.4 - https:\/\/yoast.com\/product\/yoast-seo-wordpress\/ -->\n<title>Demanda de oficinas en CDMX se reactiva; vacancia baja a 17.2%<\/title>\n<meta name=\"description\" content=\"El mercado de oficinas capitalino registr\u00f3 una absorci\u00f3n bruta de 110,000 m\u00b2, impulsada principalmente por renovaciones y expansiones\" \/>\n<meta name=\"robots\" content=\"index, follow, max-snippet:-1, max-image-preview:large, max-video-preview:-1\" \/>\n<link rel=\"canonical\" href=\"https:\/\/centrourbano.com\/revista\/inmobiliario\/demanda-oficinas-vacancia-baja\/\" \/>\n<meta property=\"og:locale\" content=\"es_ES\" \/>\n<meta property=\"og:type\" content=\"article\" \/>\n<meta property=\"og:title\" content=\"Demanda de oficinas en CDMX se reactiva; vacancia baja a 17.2%\" \/>\n<meta property=\"og:description\" content=\"El mercado de oficinas capitalino registr\u00f3 una absorci\u00f3n bruta de 110,000 m\u00b2, impulsada principalmente por renovaciones y expansiones\" \/>\n<meta property=\"og:url\" content=\"https:\/\/centrourbano.com\/revista\/inmobiliario\/demanda-oficinas-vacancia-baja\/\" \/>\n<meta property=\"og:site_name\" content=\"Centro Urbano\" \/>\n<meta property=\"article:publisher\" content=\"https:\/\/www.facebook.com\/portalcentrourbano\" \/>\n<meta property=\"article:published_time\" content=\"2026-04-28T18:59:36+00:00\" \/>\n<meta property=\"og:image\" content=\"https:\/\/centrourbano.com\/revista\/wp-content\/uploads\/Demanda-de-oficinas-en-CDMX-se-reactiva-vacancia-baja-a-17.2_.jpg\" \/>\n\t<meta property=\"og:image:width\" content=\"800\" \/>\n\t<meta property=\"og:image:height\" content=\"600\" \/>\n\t<meta property=\"og:image:type\" content=\"image\/jpeg\" \/>\n<meta name=\"author\" content=\"Redacci\u00f3n Centro Urbano\" \/>\n<meta name=\"twitter:card\" content=\"summary_large_image\" \/>\n<meta name=\"twitter:creator\" content=\"@CentroUrbano\" \/>\n<meta name=\"twitter:site\" content=\"@CentroUrbano\" \/>\n<meta name=\"twitter:label1\" content=\"Escrito por\" \/>\n\t<meta name=\"twitter:data1\" content=\"Redacci\u00f3n Centro Urbano\" \/>\n\t<meta name=\"twitter:label2\" content=\"Tiempo de lectura\" \/>\n\t<meta name=\"twitter:data2\" content=\"3 minutos\" \/>\n<script type=\"application\/ld+json\" class=\"yoast-schema-graph\">{\"@context\":\"https:\\\/\\\/schema.org\",\"@graph\":[{\"@type\":\"Article\",\"@id\":\"https:\\\/\\\/centrourbano.com\\\/revista\\\/inmobiliario\\\/demanda-oficinas-vacancia-baja\\\/#article\",\"isPartOf\":{\"@id\":\"https:\\\/\\\/centrourbano.com\\\/revista\\\/inmobiliario\\\/demanda-oficinas-vacancia-baja\\\/\"},\"author\":{\"name\":\"Redacci\u00f3n Centro Urbano\",\"@id\":\"https:\\\/\\\/centrourbano.com\\\/revista\\\/#\\\/schema\\\/person\\\/680e7c50f9d6e917e416c9efdc26f996\"},\"headline\":\"Demanda de oficinas en CDMX se reactiva; vacancia baja a 17.2%\",\"datePublished\":\"2026-04-28T18:59:36+00:00\",\"mainEntityOfPage\":{\"@id\":\"https:\\\/\\\/centrourbano.com\\\/revista\\\/inmobiliario\\\/demanda-oficinas-vacancia-baja\\\/\"},\"wordCount\":598,\"commentCount\":0,\"publisher\":{\"@id\":\"https:\\\/\\\/centrourbano.com\\\/revista\\\/#organization\"},\"image\":{\"@id\":\"https:\\\/\\\/centrourbano.com\\\/revista\\\/inmobiliario\\\/demanda-oficinas-vacancia-baja\\\/#primaryimage\"},\"thumbnailUrl\":\"https:\\\/\\\/centrourbano.com\\\/revista\\\/wp-content\\\/uploads\\\/Demanda-de-oficinas-en-CDMX-se-reactiva-vacancia-baja-a-17.2_.jpg\",\"keywords\":[\"Absorci\u00f3n\",\"CBD\",\"CDMX\",\"Inventario\",\"oficinas\",\"tasa de vacancia\"],\"articleSection\":[\"Inmobiliario\"],\"inLanguage\":\"es\",\"potentialAction\":[{\"@type\":\"CommentAction\",\"name\":\"Comment\",\"target\":[\"https:\\\/\\\/centrourbano.com\\\/revista\\\/inmobiliario\\\/demanda-oficinas-vacancia-baja\\\/#respond\"]}]},{\"@type\":\"WebPage\",\"@id\":\"https:\\\/\\\/centrourbano.com\\\/revista\\\/inmobiliario\\\/demanda-oficinas-vacancia-baja\\\/\",\"url\":\"https:\\\/\\\/centrourbano.com\\\/revista\\\/inmobiliario\\\/demanda-oficinas-vacancia-baja\\\/\",\"name\":\"Demanda de oficinas en CDMX se reactiva; vacancia baja a 17.2%\",\"isPartOf\":{\"@id\":\"https:\\\/\\\/centrourbano.com\\\/revista\\\/#website\"},\"primaryImageOfPage\":{\"@id\":\"https:\\\/\\\/centrourbano.com\\\/revista\\\/inmobiliario\\\/demanda-oficinas-vacancia-baja\\\/#primaryimage\"},\"image\":{\"@id\":\"https:\\\/\\\/centrourbano.com\\\/revista\\\/inmobiliario\\\/demanda-oficinas-vacancia-baja\\\/#primaryimage\"},\"thumbnailUrl\":\"https:\\\/\\\/centrourbano.com\\\/revista\\\/wp-content\\\/uploads\\\/Demanda-de-oficinas-en-CDMX-se-reactiva-vacancia-baja-a-17.2_.jpg\",\"datePublished\":\"2026-04-28T18:59:36+00:00\",\"description\":\"El mercado de oficinas capitalino registr\u00f3 una absorci\u00f3n bruta de 110,000 m\u00b2, impulsada principalmente por renovaciones y expansiones\",\"breadcrumb\":{\"@id\":\"https:\\\/\\\/centrourbano.com\\\/revista\\\/inmobiliario\\\/demanda-oficinas-vacancia-baja\\\/#breadcrumb\"},\"inLanguage\":\"es\",\"potentialAction\":[{\"@type\":\"ReadAction\",\"target\":[\"https:\\\/\\\/centrourbano.com\\\/revista\\\/inmobiliario\\\/demanda-oficinas-vacancia-baja\\\/\"]}]},{\"@type\":\"ImageObject\",\"inLanguage\":\"es\",\"@id\":\"https:\\\/\\\/centrourbano.com\\\/revista\\\/inmobiliario\\\/demanda-oficinas-vacancia-baja\\\/#primaryimage\",\"url\":\"https:\\\/\\\/centrourbano.com\\\/revista\\\/wp-content\\\/uploads\\\/Demanda-de-oficinas-en-CDMX-se-reactiva-vacancia-baja-a-17.2_.jpg\",\"contentUrl\":\"https:\\\/\\\/centrourbano.com\\\/revista\\\/wp-content\\\/uploads\\\/Demanda-de-oficinas-en-CDMX-se-reactiva-vacancia-baja-a-17.2_.jpg\",\"width\":800,\"height\":600,\"caption\":\"El mercado de oficinas capitalino registr\u00f3 una absorci\u00f3n bruta de 110,000 m\u00b2, impulsada principalmente por renovaciones y expansiones\"},{\"@type\":\"BreadcrumbList\",\"@id\":\"https:\\\/\\\/centrourbano.com\\\/revista\\\/inmobiliario\\\/demanda-oficinas-vacancia-baja\\\/#breadcrumb\",\"itemListElement\":[{\"@type\":\"ListItem\",\"position\":1,\"name\":\"Portada\",\"item\":\"https:\\\/\\\/centrourbano.com\\\/revista\\\/\"},{\"@type\":\"ListItem\",\"position\":2,\"name\":\"Demanda de oficinas en CDMX se reactiva; vacancia baja a 17.2%\"}]},{\"@type\":\"WebSite\",\"@id\":\"https:\\\/\\\/centrourbano.com\\\/revista\\\/#website\",\"url\":\"https:\\\/\\\/centrourbano.com\\\/revista\\\/\",\"name\":\"Centro Urbano\",\"description\":\"Medio especializado en los sectores vivienda, inmobiliario, construcci\u00f3n, arquitectura y urbanismo.\",\"publisher\":{\"@id\":\"https:\\\/\\\/centrourbano.com\\\/revista\\\/#organization\"},\"potentialAction\":[{\"@type\":\"SearchAction\",\"target\":{\"@type\":\"EntryPoint\",\"urlTemplate\":\"https:\\\/\\\/centrourbano.com\\\/revista\\\/?s={search_term_string}\"},\"query-input\":{\"@type\":\"PropertyValueSpecification\",\"valueRequired\":true,\"valueName\":\"search_term_string\"}}],\"inLanguage\":\"es\"},{\"@type\":\"Organization\",\"@id\":\"https:\\\/\\\/centrourbano.com\\\/revista\\\/#organization\",\"name\":\"Centro Urbano\",\"url\":\"https:\\\/\\\/centrourbano.com\\\/revista\\\/\",\"logo\":{\"@type\":\"ImageObject\",\"inLanguage\":\"es\",\"@id\":\"https:\\\/\\\/centrourbano.com\\\/revista\\\/#\\\/schema\\\/logo\\\/image\\\/\",\"url\":\"https:\\\/\\\/centrourbano.com\\\/revista\\\/wp-content\\\/uploads\\\/web_CU_logo-1.png\",\"contentUrl\":\"https:\\\/\\\/centrourbano.com\\\/revista\\\/wp-content\\\/uploads\\\/web_CU_logo-1.png\",\"width\":350,\"height\":91,\"caption\":\"Centro Urbano\"},\"image\":{\"@id\":\"https:\\\/\\\/centrourbano.com\\\/revista\\\/#\\\/schema\\\/logo\\\/image\\\/\"},\"sameAs\":[\"https:\\\/\\\/www.facebook.com\\\/portalcentrourbano\",\"https:\\\/\\\/x.com\\\/CentroUrbano\",\"https:\\\/\\\/www.instagram.com\\\/centro_urbano\\\/\",\"https:\\\/\\\/www.linkedin.com\\\/company\\\/centro-urbano\\\/\",\"http:\\\/\\\/www.youtube.com\\\/user\\\/portalcentrourbano\"]},{\"@type\":\"Person\",\"@id\":\"https:\\\/\\\/centrourbano.com\\\/revista\\\/#\\\/schema\\\/person\\\/680e7c50f9d6e917e416c9efdc26f996\",\"name\":\"Redacci\u00f3n Centro Urbano\",\"image\":{\"@type\":\"ImageObject\",\"inLanguage\":\"es\",\"@id\":\"https:\\\/\\\/secure.gravatar.com\\\/avatar\\\/15a789f894398c0f311f3a7a2ee28032bbc0483098539da66b6a045aa810bf35?s=96&d=mm&r=g\",\"url\":\"https:\\\/\\\/secure.gravatar.com\\\/avatar\\\/15a789f894398c0f311f3a7a2ee28032bbc0483098539da66b6a045aa810bf35?s=96&d=mm&r=g\",\"contentUrl\":\"https:\\\/\\\/secure.gravatar.com\\\/avatar\\\/15a789f894398c0f311f3a7a2ee28032bbc0483098539da66b6a045aa810bf35?s=96&d=mm&r=g\",\"caption\":\"Redacci\u00f3n Centro Urbano\"},\"url\":\"https:\\\/\\\/centrourbano.com\\\/revista\\\/author\\\/editorial\\\/\"}]}<\/script>\n<!-- \/ Yoast SEO plugin. -->","yoast_head_json":{"title":"Demanda de oficinas en CDMX se reactiva; vacancia baja a 17.2%","description":"El mercado de oficinas capitalino registr\u00f3 una absorci\u00f3n bruta de 110,000 m\u00b2, impulsada principalmente por renovaciones y expansiones","robots":{"index":"index","follow":"follow","max-snippet":"max-snippet:-1","max-image-preview":"max-image-preview:large","max-video-preview":"max-video-preview:-1"},"canonical":"https:\/\/centrourbano.com\/revista\/inmobiliario\/demanda-oficinas-vacancia-baja\/","og_locale":"es_ES","og_type":"article","og_title":"Demanda de oficinas en CDMX se reactiva; vacancia baja a 17.2%","og_description":"El mercado de oficinas capitalino registr\u00f3 una absorci\u00f3n bruta de 110,000 m\u00b2, impulsada principalmente por renovaciones y expansiones","og_url":"https:\/\/centrourbano.com\/revista\/inmobiliario\/demanda-oficinas-vacancia-baja\/","og_site_name":"Centro Urbano","article_publisher":"https:\/\/www.facebook.com\/portalcentrourbano","article_published_time":"2026-04-28T18:59:36+00:00","og_image":[{"width":800,"height":600,"url":"https:\/\/centrourbano.com\/revista\/wp-content\/uploads\/Demanda-de-oficinas-en-CDMX-se-reactiva-vacancia-baja-a-17.2_.jpg","type":"image\/jpeg"}],"author":"Redacci\u00f3n Centro Urbano","twitter_card":"summary_large_image","twitter_creator":"@CentroUrbano","twitter_site":"@CentroUrbano","twitter_misc":{"Escrito por":"Redacci\u00f3n Centro Urbano","Tiempo de lectura":"3 minutos"},"schema":{"@context":"https:\/\/schema.org","@graph":[{"@type":"Article","@id":"https:\/\/centrourbano.com\/revista\/inmobiliario\/demanda-oficinas-vacancia-baja\/#article","isPartOf":{"@id":"https:\/\/centrourbano.com\/revista\/inmobiliario\/demanda-oficinas-vacancia-baja\/"},"author":{"name":"Redacci\u00f3n Centro Urbano","@id":"https:\/\/centrourbano.com\/revista\/#\/schema\/person\/680e7c50f9d6e917e416c9efdc26f996"},"headline":"Demanda de oficinas en CDMX se reactiva; vacancia baja a 17.2%","datePublished":"2026-04-28T18:59:36+00:00","mainEntityOfPage":{"@id":"https:\/\/centrourbano.com\/revista\/inmobiliario\/demanda-oficinas-vacancia-baja\/"},"wordCount":598,"commentCount":0,"publisher":{"@id":"https:\/\/centrourbano.com\/revista\/#organization"},"image":{"@id":"https:\/\/centrourbano.com\/revista\/inmobiliario\/demanda-oficinas-vacancia-baja\/#primaryimage"},"thumbnailUrl":"https:\/\/centrourbano.com\/revista\/wp-content\/uploads\/Demanda-de-oficinas-en-CDMX-se-reactiva-vacancia-baja-a-17.2_.jpg","keywords":["Absorci\u00f3n","CBD","CDMX","Inventario","oficinas","tasa de vacancia"],"articleSection":["Inmobiliario"],"inLanguage":"es","potentialAction":[{"@type":"CommentAction","name":"Comment","target":["https:\/\/centrourbano.com\/revista\/inmobiliario\/demanda-oficinas-vacancia-baja\/#respond"]}]},{"@type":"WebPage","@id":"https:\/\/centrourbano.com\/revista\/inmobiliario\/demanda-oficinas-vacancia-baja\/","url":"https:\/\/centrourbano.com\/revista\/inmobiliario\/demanda-oficinas-vacancia-baja\/","name":"Demanda de oficinas en CDMX se reactiva; vacancia baja a 17.2%","isPartOf":{"@id":"https:\/\/centrourbano.com\/revista\/#website"},"primaryImageOfPage":{"@id":"https:\/\/centrourbano.com\/revista\/inmobiliario\/demanda-oficinas-vacancia-baja\/#primaryimage"},"image":{"@id":"https:\/\/centrourbano.com\/revista\/inmobiliario\/demanda-oficinas-vacancia-baja\/#primaryimage"},"thumbnailUrl":"https:\/\/centrourbano.com\/revista\/wp-content\/uploads\/Demanda-de-oficinas-en-CDMX-se-reactiva-vacancia-baja-a-17.2_.jpg","datePublished":"2026-04-28T18:59:36+00:00","description":"El mercado de oficinas capitalino registr\u00f3 una absorci\u00f3n bruta de 110,000 m\u00b2, impulsada principalmente por renovaciones y expansiones","breadcrumb":{"@id":"https:\/\/centrourbano.com\/revista\/inmobiliario\/demanda-oficinas-vacancia-baja\/#breadcrumb"},"inLanguage":"es","potentialAction":[{"@type":"ReadAction","target":["https:\/\/centrourbano.com\/revista\/inmobiliario\/demanda-oficinas-vacancia-baja\/"]}]},{"@type":"ImageObject","inLanguage":"es","@id":"https:\/\/centrourbano.com\/revista\/inmobiliario\/demanda-oficinas-vacancia-baja\/#primaryimage","url":"https:\/\/centrourbano.com\/revista\/wp-content\/uploads\/Demanda-de-oficinas-en-CDMX-se-reactiva-vacancia-baja-a-17.2_.jpg","contentUrl":"https:\/\/centrourbano.com\/revista\/wp-content\/uploads\/Demanda-de-oficinas-en-CDMX-se-reactiva-vacancia-baja-a-17.2_.jpg","width":800,"height":600,"caption":"El mercado de oficinas capitalino registr\u00f3 una absorci\u00f3n bruta de 110,000 m\u00b2, impulsada principalmente por renovaciones y expansiones"},{"@type":"BreadcrumbList","@id":"https:\/\/centrourbano.com\/revista\/inmobiliario\/demanda-oficinas-vacancia-baja\/#breadcrumb","itemListElement":[{"@type":"ListItem","position":1,"name":"Portada","item":"https:\/\/centrourbano.com\/revista\/"},{"@type":"ListItem","position":2,"name":"Demanda de oficinas en CDMX se reactiva; vacancia baja a 17.2%"}]},{"@type":"WebSite","@id":"https:\/\/centrourbano.com\/revista\/#website","url":"https:\/\/centrourbano.com\/revista\/","name":"Centro Urbano","description":"Medio especializado en los sectores vivienda, inmobiliario, construcci\u00f3n, arquitectura y urbanismo.","publisher":{"@id":"https:\/\/centrourbano.com\/revista\/#organization"},"potentialAction":[{"@type":"SearchAction","target":{"@type":"EntryPoint","urlTemplate":"https:\/\/centrourbano.com\/revista\/?s={search_term_string}"},"query-input":{"@type":"PropertyValueSpecification","valueRequired":true,"valueName":"search_term_string"}}],"inLanguage":"es"},{"@type":"Organization","@id":"https:\/\/centrourbano.com\/revista\/#organization","name":"Centro Urbano","url":"https:\/\/centrourbano.com\/revista\/","logo":{"@type":"ImageObject","inLanguage":"es","@id":"https:\/\/centrourbano.com\/revista\/#\/schema\/logo\/image\/","url":"https:\/\/centrourbano.com\/revista\/wp-content\/uploads\/web_CU_logo-1.png","contentUrl":"https:\/\/centrourbano.com\/revista\/wp-content\/uploads\/web_CU_logo-1.png","width":350,"height":91,"caption":"Centro Urbano"},"image":{"@id":"https:\/\/centrourbano.com\/revista\/#\/schema\/logo\/image\/"},"sameAs":["https:\/\/www.facebook.com\/portalcentrourbano","https:\/\/x.com\/CentroUrbano","https:\/\/www.instagram.com\/centro_urbano\/","https:\/\/www.linkedin.com\/company\/centro-urbano\/","http:\/\/www.youtube.com\/user\/portalcentrourbano"]},{"@type":"Person","@id":"https:\/\/centrourbano.com\/revista\/#\/schema\/person\/680e7c50f9d6e917e416c9efdc26f996","name":"Redacci\u00f3n Centro Urbano","image":{"@type":"ImageObject","inLanguage":"es","@id":"https:\/\/secure.gravatar.com\/avatar\/15a789f894398c0f311f3a7a2ee28032bbc0483098539da66b6a045aa810bf35?s=96&d=mm&r=g","url":"https:\/\/secure.gravatar.com\/avatar\/15a789f894398c0f311f3a7a2ee28032bbc0483098539da66b6a045aa810bf35?s=96&d=mm&r=g","contentUrl":"https:\/\/secure.gravatar.com\/avatar\/15a789f894398c0f311f3a7a2ee28032bbc0483098539da66b6a045aa810bf35?s=96&d=mm&r=g","caption":"Redacci\u00f3n Centro Urbano"},"url":"https:\/\/centrourbano.com\/revista\/author\/editorial\/"}]}},"_links":{"self":[{"href":"https:\/\/centrourbano.com\/revista\/wp-json\/wp\/v2\/posts\/161417","targetHints":{"allow":["GET"]}}],"collection":[{"href":"https:\/\/centrourbano.com\/revista\/wp-json\/wp\/v2\/posts"}],"about":[{"href":"https:\/\/centrourbano.com\/revista\/wp-json\/wp\/v2\/types\/post"}],"author":[{"embeddable":true,"href":"https:\/\/centrourbano.com\/revista\/wp-json\/wp\/v2\/users\/14"}],"replies":[{"embeddable":true,"href":"https:\/\/centrourbano.com\/revista\/wp-json\/wp\/v2\/comments?post=161417"}],"version-history":[{"count":1,"href":"https:\/\/centrourbano.com\/revista\/wp-json\/wp\/v2\/posts\/161417\/revisions"}],"predecessor-version":[{"id":161419,"href":"https:\/\/centrourbano.com\/revista\/wp-json\/wp\/v2\/posts\/161417\/revisions\/161419"}],"wp:featuredmedia":[{"embeddable":true,"href":"https:\/\/centrourbano.com\/revista\/wp-json\/wp\/v2\/media\/161418"}],"wp:attachment":[{"href":"https:\/\/centrourbano.com\/revista\/wp-json\/wp\/v2\/media?parent=161417"}],"wp:term":[{"taxonomy":"category","embeddable":true,"href":"https:\/\/centrourbano.com\/revista\/wp-json\/wp\/v2\/categories?post=161417"},{"taxonomy":"post_tag","embeddable":true,"href":"https:\/\/centrourbano.com\/revista\/wp-json\/wp\/v2\/tags?post=161417"}],"curies":[{"name":"wp","href":"https:\/\/api.w.org\/{rel}","templated":true}]}}