{"id":161402,"date":"2026-04-27T13:22:13","date_gmt":"2026-04-27T19:22:13","guid":{"rendered":"https:\/\/centrourbano.com\/revista\/?p=161402"},"modified":"2026-04-27T13:22:13","modified_gmt":"2026-04-27T19:22:13","slug":"vinte-inaugura-retail-real-segovia","status":"publish","type":"post","link":"https:\/\/centrourbano.com\/revista\/vivienda\/vinte-inaugura-retail-real-segovia\/","title":{"rendered":"Vinte inaugura su primera tienda de formato retail en Real Segovia"},"content":{"rendered":"<p data-path-to-node=\"4,0,0\"><em>Con la apertura de una sucursal Supercito Chedraui, Vinte consolida su modelo de desarrollos urbanos 360\u00b0 al integrar espacios comerciales dentro de sus complejos habitacionales<\/em><!--more--><\/p>\n<p>Alineado con su modelo de\u00a0<strong><a href=\"https:\/\/centrourbano.com\/revista\/vivienda\/vinte-desarrollos-360\/\" target=\"_blank\" rel=\"noopener\">desarrollos urbanos 360\u00b0<\/a>,<\/strong>\u00a0Vinte contin\u00faa consolidando comunidades integrales donde la vivienda se complementa con servicios, comercio y espacios p\u00fablicos que\u00a0<strong>fortalecen la convivencia y el bienestar de las familias<\/strong>.<\/p>\n<p>La desarrolladora de vivienda ha enfocado su estrategia en crear entornos donde los habitantes cuenten con\u00a0<strong>hospitales, escuelas, centros de comercio, vialidades y \u00e1reas de trabajo cercanas<\/strong>, reduciendo los tiempos de traslado y mejorando la conectividad. Con ello, busca ofrecer a las familias un estilo de vida m\u00e1s pr\u00e1ctico y sostenible.<\/p>\n<p>En cada uno de sus proyectos, Vinte incorpora amenidades que fomentan la convivencia y la calidad de vida, como zonas deportivas, albercas, parques para mascotas, \u00e1reas comerciales y escuelas. Adem\u00e1s, la viviendera implementa el modelo de\u00a0<strong>Plan Maestro Comunitario, mediante el cual impulsa la integraci\u00f3n social<\/strong>, el mantenimiento de los condominios y la organizaci\u00f3n de actividades culturales y comunitarias<strong>.<\/strong><\/p>\n<p data-path-to-node=\"6\">En ese contexto, el <strong>sector minorista llega al complejo Real Segovia,<\/strong> ubicado en Puebla. A trav\u00e9s de redes sociales, Sergio Leal Aguirre, presidente del Consejo de Administraci\u00f3n de Vinte, anunci\u00f3 la inauguraci\u00f3n del primer comercio retail en la zona. El establecimiento corresponde a una <strong>tienda Supercito Chedraui,<\/strong> la cual brindar\u00e1 servicio a los residentes desde su primer d\u00eda de operaciones.<\/p>\n<blockquote>\n<p data-path-to-node=\"7\">\u201cEn VINTE no solo desarrollamos vivienda construimos comunidades completas. Y hoy, ese concepto cobra vida de una forma muy concreta: inauguramos el primer local comercial de Vinte Comercial en Real Segovia, Puebla\u201d, indic\u00f3.<\/p>\n<\/blockquote>\n<p data-path-to-node=\"8\">Adem\u00e1s, Leal Aguirre precis\u00f3 que la empresa proyecta expandir la presencia de supermercados y tiendas dentro de sus complejos habitacionales para <strong>diversificar su modelo de negocio<\/strong>.<\/p>\n<blockquote>\n<p data-path-to-node=\"9\">\u201cEste hito marca el inicio de algo m\u00e1s grande: la consolidaci\u00f3n de Vinte Comercial como plataforma de desarrollo de uso mixto, donde las marcas l\u00edderes del retail mexicano encontrar\u00e1n ubicaciones estrat\u00e9gicas dentro de comunidades ya habitadas, con demanda real y cautiva\u201d, afirm\u00f3.<\/p>\n<\/blockquote>\n<h2 data-path-to-node=\"10\">Vinte y su estrategia comercial<\/h2>\n<p data-path-to-node=\"11\">Actualmente, Vinte mantiene presencia en m\u00e1s de 15 estados de la Rep\u00fablica Mexicana, lo que conforma una reserva territorial con comunidades activas. <a href=\"https:\/\/www.facebook.com\/share\/p\/1BG7cp6VH9\/\" target=\"_blank\" rel=\"noopener\">Sergio Leal<\/a> explic\u00f3 que <strong>estos complejos resultan de alto inter\u00e9s para las marcas<\/strong> debido a que agrupan comunidades con alta densidad poblacional y un perfil socioecon\u00f3mico definido.<\/p>\n<p data-path-to-node=\"12\">Asimismo, al disponer de terrenos comerciales dentro de desarrollos planeados, las empresas minoristas obtienen visibilidad inmediata y acceso directo a una base de clientes permanente. Bajo esta estrategia, la <strong>viviendera planea multiplicar sus aperturas a nivel nacional.<\/strong><\/p>\n<blockquote>\n<p data-path-to-node=\"13\">\u201cY esto apenas empieza: hoy tenemos 2 proyectos m\u00e1s en construcci\u00f3n, 3 por arrancar obra, y una meta clara de cerrar el a\u00f1o con 12 activos comerciales operando dentro de nuestros fraccionamientos. Este es el primer paso de una estrategia con visi\u00f3n de largo plazo\u201d, se\u00f1al\u00f3.<\/p>\n<\/blockquote>\n","protected":false},"excerpt":{"rendered":"<p>Con la apertura de una sucursal Supercito Chedraui, Vinte consolida su modelo de desarrollos urbanos 360\u00b0 al integrar espacios comerciales dentro de sus complejos habitacionales<\/p>\n","protected":false},"author":14,"featured_media":161403,"comment_status":"open","ping_status":"closed","sticky":false,"template":"","format":"standard","meta":{"om_disable_all_campaigns":false,"inline_featured_image":false,"_monsterinsights_skip_tracking":false,"_monsterinsights_sitenote_active":false,"_monsterinsights_sitenote_note":"","_monsterinsights_sitenote_category":0,"footnotes":""},"categories":[12],"tags":[24499,24188,373,24290],"class_list":["post-161402","post","type-post","status-publish","format-standard","has-post-thumbnail","hentry","category-vivienda","tag-desarrollos-urbanos-360","tag-real-segovia","tag-vinte","tag-viviendas-vinte"],"yoast_head":"<!-- This site is optimized with the Yoast SEO plugin v27.4 - https:\/\/yoast.com\/product\/yoast-seo-wordpress\/ -->\n<title>Vinte inaugura su primera tienda de formato retail en Real Segovia<\/title>\n<meta name=\"description\" content=\"Vinte abre su primera tienda retail en Real Segovia, consolidando su modelo de desarrollos urbanos 360\u00b0 al sumar espacios comerciales\" \/>\n<meta name=\"robots\" content=\"index, follow, max-snippet:-1, max-image-preview:large, max-video-preview:-1\" \/>\n<link rel=\"canonical\" href=\"https:\/\/centrourbano.com\/revista\/vivienda\/vinte-inaugura-retail-real-segovia\/\" \/>\n<meta property=\"og:locale\" content=\"es_ES\" \/>\n<meta property=\"og:type\" content=\"article\" \/>\n<meta property=\"og:title\" content=\"Vinte inaugura su primera tienda de formato retail en Real Segovia\" \/>\n<meta property=\"og:description\" content=\"Vinte abre su primera tienda retail en Real Segovia, consolidando su modelo de desarrollos urbanos 360\u00b0 al sumar espacios comerciales\" \/>\n<meta property=\"og:url\" content=\"https:\/\/centrourbano.com\/revista\/vivienda\/vinte-inaugura-retail-real-segovia\/\" \/>\n<meta property=\"og:site_name\" content=\"Centro Urbano\" \/>\n<meta property=\"article:publisher\" content=\"https:\/\/www.facebook.com\/portalcentrourbano\" \/>\n<meta property=\"article:published_time\" content=\"2026-04-27T19:22:13+00:00\" \/>\n<meta property=\"og:image\" content=\"https:\/\/centrourbano.com\/revista\/wp-content\/uploads\/Vinte-inaugura-su-primera-tienda-de-formato-retail-en-Real-Segovia.jpg\" \/>\n\t<meta property=\"og:image:width\" content=\"800\" \/>\n\t<meta property=\"og:image:height\" content=\"800\" \/>\n\t<meta property=\"og:image:type\" content=\"image\/jpeg\" \/>\n<meta name=\"author\" content=\"Redacci\u00f3n Centro Urbano\" \/>\n<meta name=\"twitter:card\" content=\"summary_large_image\" \/>\n<meta name=\"twitter:creator\" content=\"@CentroUrbano\" \/>\n<meta name=\"twitter:site\" content=\"@CentroUrbano\" \/>\n<meta name=\"twitter:label1\" content=\"Escrito por\" \/>\n\t<meta name=\"twitter:data1\" content=\"Redacci\u00f3n Centro Urbano\" \/>\n\t<meta name=\"twitter:label2\" content=\"Tiempo de lectura\" \/>\n\t<meta name=\"twitter:data2\" content=\"2 minutos\" \/>\n<script type=\"application\/ld+json\" class=\"yoast-schema-graph\">{\"@context\":\"https:\\\/\\\/schema.org\",\"@graph\":[{\"@type\":\"Article\",\"@id\":\"https:\\\/\\\/centrourbano.com\\\/revista\\\/vivienda\\\/vinte-inaugura-retail-real-segovia\\\/#article\",\"isPartOf\":{\"@id\":\"https:\\\/\\\/centrourbano.com\\\/revista\\\/vivienda\\\/vinte-inaugura-retail-real-segovia\\\/\"},\"author\":{\"name\":\"Redacci\u00f3n Centro Urbano\",\"@id\":\"https:\\\/\\\/centrourbano.com\\\/revista\\\/#\\\/schema\\\/person\\\/680e7c50f9d6e917e416c9efdc26f996\"},\"headline\":\"Vinte inaugura su primera tienda de formato retail en Real Segovia\",\"datePublished\":\"2026-04-27T19:22:13+00:00\",\"mainEntityOfPage\":{\"@id\":\"https:\\\/\\\/centrourbano.com\\\/revista\\\/vivienda\\\/vinte-inaugura-retail-real-segovia\\\/\"},\"wordCount\":498,\"commentCount\":0,\"publisher\":{\"@id\":\"https:\\\/\\\/centrourbano.com\\\/revista\\\/#organization\"},\"image\":{\"@id\":\"https:\\\/\\\/centrourbano.com\\\/revista\\\/vivienda\\\/vinte-inaugura-retail-real-segovia\\\/#primaryimage\"},\"thumbnailUrl\":\"https:\\\/\\\/centrourbano.com\\\/revista\\\/wp-content\\\/uploads\\\/Vinte-inaugura-su-primera-tienda-de-formato-retail-en-Real-Segovia.jpg\",\"keywords\":[\"desarrollos urbanos 360\u00b0\",\"Real Segovia\",\"Vinte\",\"viviendas Vinte\"],\"articleSection\":[\"Vivienda\"],\"inLanguage\":\"es\",\"potentialAction\":[{\"@type\":\"CommentAction\",\"name\":\"Comment\",\"target\":[\"https:\\\/\\\/centrourbano.com\\\/revista\\\/vivienda\\\/vinte-inaugura-retail-real-segovia\\\/#respond\"]}]},{\"@type\":\"WebPage\",\"@id\":\"https:\\\/\\\/centrourbano.com\\\/revista\\\/vivienda\\\/vinte-inaugura-retail-real-segovia\\\/\",\"url\":\"https:\\\/\\\/centrourbano.com\\\/revista\\\/vivienda\\\/vinte-inaugura-retail-real-segovia\\\/\",\"name\":\"Vinte inaugura su primera tienda de formato retail en Real Segovia\",\"isPartOf\":{\"@id\":\"https:\\\/\\\/centrourbano.com\\\/revista\\\/#website\"},\"primaryImageOfPage\":{\"@id\":\"https:\\\/\\\/centrourbano.com\\\/revista\\\/vivienda\\\/vinte-inaugura-retail-real-segovia\\\/#primaryimage\"},\"image\":{\"@id\":\"https:\\\/\\\/centrourbano.com\\\/revista\\\/vivienda\\\/vinte-inaugura-retail-real-segovia\\\/#primaryimage\"},\"thumbnailUrl\":\"https:\\\/\\\/centrourbano.com\\\/revista\\\/wp-content\\\/uploads\\\/Vinte-inaugura-su-primera-tienda-de-formato-retail-en-Real-Segovia.jpg\",\"datePublished\":\"2026-04-27T19:22:13+00:00\",\"description\":\"Vinte abre su primera tienda retail en Real Segovia, consolidando su modelo de desarrollos urbanos 360\u00b0 al sumar espacios comerciales\",\"breadcrumb\":{\"@id\":\"https:\\\/\\\/centrourbano.com\\\/revista\\\/vivienda\\\/vinte-inaugura-retail-real-segovia\\\/#breadcrumb\"},\"inLanguage\":\"es\",\"potentialAction\":[{\"@type\":\"ReadAction\",\"target\":[\"https:\\\/\\\/centrourbano.com\\\/revista\\\/vivienda\\\/vinte-inaugura-retail-real-segovia\\\/\"]}]},{\"@type\":\"ImageObject\",\"inLanguage\":\"es\",\"@id\":\"https:\\\/\\\/centrourbano.com\\\/revista\\\/vivienda\\\/vinte-inaugura-retail-real-segovia\\\/#primaryimage\",\"url\":\"https:\\\/\\\/centrourbano.com\\\/revista\\\/wp-content\\\/uploads\\\/Vinte-inaugura-su-primera-tienda-de-formato-retail-en-Real-Segovia.jpg\",\"contentUrl\":\"https:\\\/\\\/centrourbano.com\\\/revista\\\/wp-content\\\/uploads\\\/Vinte-inaugura-su-primera-tienda-de-formato-retail-en-Real-Segovia.jpg\",\"width\":800,\"height\":800,\"caption\":\"Vinte inaugura su primera tienda de formato retail en Real Segovia\"},{\"@type\":\"BreadcrumbList\",\"@id\":\"https:\\\/\\\/centrourbano.com\\\/revista\\\/vivienda\\\/vinte-inaugura-retail-real-segovia\\\/#breadcrumb\",\"itemListElement\":[{\"@type\":\"ListItem\",\"position\":1,\"name\":\"Portada\",\"item\":\"https:\\\/\\\/centrourbano.com\\\/revista\\\/\"},{\"@type\":\"ListItem\",\"position\":2,\"name\":\"Vinte inaugura su primera tienda de formato retail en Real Segovia\"}]},{\"@type\":\"WebSite\",\"@id\":\"https:\\\/\\\/centrourbano.com\\\/revista\\\/#website\",\"url\":\"https:\\\/\\\/centrourbano.com\\\/revista\\\/\",\"name\":\"Centro Urbano\",\"description\":\"Medio especializado en los sectores vivienda, inmobiliario, construcci\u00f3n, arquitectura y urbanismo.\",\"publisher\":{\"@id\":\"https:\\\/\\\/centrourbano.com\\\/revista\\\/#organization\"},\"potentialAction\":[{\"@type\":\"SearchAction\",\"target\":{\"@type\":\"EntryPoint\",\"urlTemplate\":\"https:\\\/\\\/centrourbano.com\\\/revista\\\/?s={search_term_string}\"},\"query-input\":{\"@type\":\"PropertyValueSpecification\",\"valueRequired\":true,\"valueName\":\"search_term_string\"}}],\"inLanguage\":\"es\"},{\"@type\":\"Organization\",\"@id\":\"https:\\\/\\\/centrourbano.com\\\/revista\\\/#organization\",\"name\":\"Centro Urbano\",\"url\":\"https:\\\/\\\/centrourbano.com\\\/revista\\\/\",\"logo\":{\"@type\":\"ImageObject\",\"inLanguage\":\"es\",\"@id\":\"https:\\\/\\\/centrourbano.com\\\/revista\\\/#\\\/schema\\\/logo\\\/image\\\/\",\"url\":\"https:\\\/\\\/centrourbano.com\\\/revista\\\/wp-content\\\/uploads\\\/web_CU_logo-1.png\",\"contentUrl\":\"https:\\\/\\\/centrourbano.com\\\/revista\\\/wp-content\\\/uploads\\\/web_CU_logo-1.png\",\"width\":350,\"height\":91,\"caption\":\"Centro Urbano\"},\"image\":{\"@id\":\"https:\\\/\\\/centrourbano.com\\\/revista\\\/#\\\/schema\\\/logo\\\/image\\\/\"},\"sameAs\":[\"https:\\\/\\\/www.facebook.com\\\/portalcentrourbano\",\"https:\\\/\\\/x.com\\\/CentroUrbano\",\"https:\\\/\\\/www.instagram.com\\\/centro_urbano\\\/\",\"https:\\\/\\\/www.linkedin.com\\\/company\\\/centro-urbano\\\/\",\"http:\\\/\\\/www.youtube.com\\\/user\\\/portalcentrourbano\"]},{\"@type\":\"Person\",\"@id\":\"https:\\\/\\\/centrourbano.com\\\/revista\\\/#\\\/schema\\\/person\\\/680e7c50f9d6e917e416c9efdc26f996\",\"name\":\"Redacci\u00f3n Centro Urbano\",\"image\":{\"@type\":\"ImageObject\",\"inLanguage\":\"es\",\"@id\":\"https:\\\/\\\/secure.gravatar.com\\\/avatar\\\/15a789f894398c0f311f3a7a2ee28032bbc0483098539da66b6a045aa810bf35?s=96&d=mm&r=g\",\"url\":\"https:\\\/\\\/secure.gravatar.com\\\/avatar\\\/15a789f894398c0f311f3a7a2ee28032bbc0483098539da66b6a045aa810bf35?s=96&d=mm&r=g\",\"contentUrl\":\"https:\\\/\\\/secure.gravatar.com\\\/avatar\\\/15a789f894398c0f311f3a7a2ee28032bbc0483098539da66b6a045aa810bf35?s=96&d=mm&r=g\",\"caption\":\"Redacci\u00f3n Centro Urbano\"},\"url\":\"https:\\\/\\\/centrourbano.com\\\/revista\\\/author\\\/editorial\\\/\"}]}<\/script>\n<!-- \/ Yoast SEO plugin. -->","yoast_head_json":{"title":"Vinte inaugura su primera tienda de formato retail en Real Segovia","description":"Vinte abre su primera tienda retail en Real Segovia, consolidando su modelo de desarrollos urbanos 360\u00b0 al sumar espacios comerciales","robots":{"index":"index","follow":"follow","max-snippet":"max-snippet:-1","max-image-preview":"max-image-preview:large","max-video-preview":"max-video-preview:-1"},"canonical":"https:\/\/centrourbano.com\/revista\/vivienda\/vinte-inaugura-retail-real-segovia\/","og_locale":"es_ES","og_type":"article","og_title":"Vinte inaugura su primera tienda de formato retail en Real Segovia","og_description":"Vinte abre su primera tienda retail en Real Segovia, consolidando su modelo de desarrollos urbanos 360\u00b0 al sumar espacios comerciales","og_url":"https:\/\/centrourbano.com\/revista\/vivienda\/vinte-inaugura-retail-real-segovia\/","og_site_name":"Centro Urbano","article_publisher":"https:\/\/www.facebook.com\/portalcentrourbano","article_published_time":"2026-04-27T19:22:13+00:00","og_image":[{"width":800,"height":800,"url":"https:\/\/centrourbano.com\/revista\/wp-content\/uploads\/Vinte-inaugura-su-primera-tienda-de-formato-retail-en-Real-Segovia.jpg","type":"image\/jpeg"}],"author":"Redacci\u00f3n Centro Urbano","twitter_card":"summary_large_image","twitter_creator":"@CentroUrbano","twitter_site":"@CentroUrbano","twitter_misc":{"Escrito por":"Redacci\u00f3n Centro Urbano","Tiempo de lectura":"2 minutos"},"schema":{"@context":"https:\/\/schema.org","@graph":[{"@type":"Article","@id":"https:\/\/centrourbano.com\/revista\/vivienda\/vinte-inaugura-retail-real-segovia\/#article","isPartOf":{"@id":"https:\/\/centrourbano.com\/revista\/vivienda\/vinte-inaugura-retail-real-segovia\/"},"author":{"name":"Redacci\u00f3n Centro Urbano","@id":"https:\/\/centrourbano.com\/revista\/#\/schema\/person\/680e7c50f9d6e917e416c9efdc26f996"},"headline":"Vinte inaugura su primera tienda de formato retail en Real Segovia","datePublished":"2026-04-27T19:22:13+00:00","mainEntityOfPage":{"@id":"https:\/\/centrourbano.com\/revista\/vivienda\/vinte-inaugura-retail-real-segovia\/"},"wordCount":498,"commentCount":0,"publisher":{"@id":"https:\/\/centrourbano.com\/revista\/#organization"},"image":{"@id":"https:\/\/centrourbano.com\/revista\/vivienda\/vinte-inaugura-retail-real-segovia\/#primaryimage"},"thumbnailUrl":"https:\/\/centrourbano.com\/revista\/wp-content\/uploads\/Vinte-inaugura-su-primera-tienda-de-formato-retail-en-Real-Segovia.jpg","keywords":["desarrollos urbanos 360\u00b0","Real Segovia","Vinte","viviendas Vinte"],"articleSection":["Vivienda"],"inLanguage":"es","potentialAction":[{"@type":"CommentAction","name":"Comment","target":["https:\/\/centrourbano.com\/revista\/vivienda\/vinte-inaugura-retail-real-segovia\/#respond"]}]},{"@type":"WebPage","@id":"https:\/\/centrourbano.com\/revista\/vivienda\/vinte-inaugura-retail-real-segovia\/","url":"https:\/\/centrourbano.com\/revista\/vivienda\/vinte-inaugura-retail-real-segovia\/","name":"Vinte inaugura su primera tienda de formato retail en Real Segovia","isPartOf":{"@id":"https:\/\/centrourbano.com\/revista\/#website"},"primaryImageOfPage":{"@id":"https:\/\/centrourbano.com\/revista\/vivienda\/vinte-inaugura-retail-real-segovia\/#primaryimage"},"image":{"@id":"https:\/\/centrourbano.com\/revista\/vivienda\/vinte-inaugura-retail-real-segovia\/#primaryimage"},"thumbnailUrl":"https:\/\/centrourbano.com\/revista\/wp-content\/uploads\/Vinte-inaugura-su-primera-tienda-de-formato-retail-en-Real-Segovia.jpg","datePublished":"2026-04-27T19:22:13+00:00","description":"Vinte abre su primera tienda retail en Real Segovia, consolidando su modelo de desarrollos urbanos 360\u00b0 al sumar espacios comerciales","breadcrumb":{"@id":"https:\/\/centrourbano.com\/revista\/vivienda\/vinte-inaugura-retail-real-segovia\/#breadcrumb"},"inLanguage":"es","potentialAction":[{"@type":"ReadAction","target":["https:\/\/centrourbano.com\/revista\/vivienda\/vinte-inaugura-retail-real-segovia\/"]}]},{"@type":"ImageObject","inLanguage":"es","@id":"https:\/\/centrourbano.com\/revista\/vivienda\/vinte-inaugura-retail-real-segovia\/#primaryimage","url":"https:\/\/centrourbano.com\/revista\/wp-content\/uploads\/Vinte-inaugura-su-primera-tienda-de-formato-retail-en-Real-Segovia.jpg","contentUrl":"https:\/\/centrourbano.com\/revista\/wp-content\/uploads\/Vinte-inaugura-su-primera-tienda-de-formato-retail-en-Real-Segovia.jpg","width":800,"height":800,"caption":"Vinte inaugura su primera tienda de formato retail en Real Segovia"},{"@type":"BreadcrumbList","@id":"https:\/\/centrourbano.com\/revista\/vivienda\/vinte-inaugura-retail-real-segovia\/#breadcrumb","itemListElement":[{"@type":"ListItem","position":1,"name":"Portada","item":"https:\/\/centrourbano.com\/revista\/"},{"@type":"ListItem","position":2,"name":"Vinte inaugura su primera tienda de formato retail en Real Segovia"}]},{"@type":"WebSite","@id":"https:\/\/centrourbano.com\/revista\/#website","url":"https:\/\/centrourbano.com\/revista\/","name":"Centro Urbano","description":"Medio especializado en los sectores vivienda, inmobiliario, construcci\u00f3n, arquitectura y urbanismo.","publisher":{"@id":"https:\/\/centrourbano.com\/revista\/#organization"},"potentialAction":[{"@type":"SearchAction","target":{"@type":"EntryPoint","urlTemplate":"https:\/\/centrourbano.com\/revista\/?s={search_term_string}"},"query-input":{"@type":"PropertyValueSpecification","valueRequired":true,"valueName":"search_term_string"}}],"inLanguage":"es"},{"@type":"Organization","@id":"https:\/\/centrourbano.com\/revista\/#organization","name":"Centro Urbano","url":"https:\/\/centrourbano.com\/revista\/","logo":{"@type":"ImageObject","inLanguage":"es","@id":"https:\/\/centrourbano.com\/revista\/#\/schema\/logo\/image\/","url":"https:\/\/centrourbano.com\/revista\/wp-content\/uploads\/web_CU_logo-1.png","contentUrl":"https:\/\/centrourbano.com\/revista\/wp-content\/uploads\/web_CU_logo-1.png","width":350,"height":91,"caption":"Centro Urbano"},"image":{"@id":"https:\/\/centrourbano.com\/revista\/#\/schema\/logo\/image\/"},"sameAs":["https:\/\/www.facebook.com\/portalcentrourbano","https:\/\/x.com\/CentroUrbano","https:\/\/www.instagram.com\/centro_urbano\/","https:\/\/www.linkedin.com\/company\/centro-urbano\/","http:\/\/www.youtube.com\/user\/portalcentrourbano"]},{"@type":"Person","@id":"https:\/\/centrourbano.com\/revista\/#\/schema\/person\/680e7c50f9d6e917e416c9efdc26f996","name":"Redacci\u00f3n Centro Urbano","image":{"@type":"ImageObject","inLanguage":"es","@id":"https:\/\/secure.gravatar.com\/avatar\/15a789f894398c0f311f3a7a2ee28032bbc0483098539da66b6a045aa810bf35?s=96&d=mm&r=g","url":"https:\/\/secure.gravatar.com\/avatar\/15a789f894398c0f311f3a7a2ee28032bbc0483098539da66b6a045aa810bf35?s=96&d=mm&r=g","contentUrl":"https:\/\/secure.gravatar.com\/avatar\/15a789f894398c0f311f3a7a2ee28032bbc0483098539da66b6a045aa810bf35?s=96&d=mm&r=g","caption":"Redacci\u00f3n Centro Urbano"},"url":"https:\/\/centrourbano.com\/revista\/author\/editorial\/"}]}},"_links":{"self":[{"href":"https:\/\/centrourbano.com\/revista\/wp-json\/wp\/v2\/posts\/161402","targetHints":{"allow":["GET"]}}],"collection":[{"href":"https:\/\/centrourbano.com\/revista\/wp-json\/wp\/v2\/posts"}],"about":[{"href":"https:\/\/centrourbano.com\/revista\/wp-json\/wp\/v2\/types\/post"}],"author":[{"embeddable":true,"href":"https:\/\/centrourbano.com\/revista\/wp-json\/wp\/v2\/users\/14"}],"replies":[{"embeddable":true,"href":"https:\/\/centrourbano.com\/revista\/wp-json\/wp\/v2\/comments?post=161402"}],"version-history":[{"count":1,"href":"https:\/\/centrourbano.com\/revista\/wp-json\/wp\/v2\/posts\/161402\/revisions"}],"predecessor-version":[{"id":161404,"href":"https:\/\/centrourbano.com\/revista\/wp-json\/wp\/v2\/posts\/161402\/revisions\/161404"}],"wp:featuredmedia":[{"embeddable":true,"href":"https:\/\/centrourbano.com\/revista\/wp-json\/wp\/v2\/media\/161403"}],"wp:attachment":[{"href":"https:\/\/centrourbano.com\/revista\/wp-json\/wp\/v2\/media?parent=161402"}],"wp:term":[{"taxonomy":"category","embeddable":true,"href":"https:\/\/centrourbano.com\/revista\/wp-json\/wp\/v2\/categories?post=161402"},{"taxonomy":"post_tag","embeddable":true,"href":"https:\/\/centrourbano.com\/revista\/wp-json\/wp\/v2\/tags?post=161402"}],"curies":[{"name":"wp","href":"https:\/\/api.w.org\/{rel}","templated":true}]}}