{"id":161396,"date":"2026-04-27T10:48:18","date_gmt":"2026-04-27T16:48:18","guid":{"rendered":"https:\/\/centrourbano.com\/revista\/?p=161396"},"modified":"2026-04-27T10:48:18","modified_gmt":"2026-04-27T16:48:18","slug":"tren-suburbano-buenavista-aifa-2","status":"publish","type":"post","link":"https:\/\/centrourbano.com\/revista\/urbanismo\/tren-suburbano-buenavista-aifa-2\/","title":{"rendered":"Tren Suburbano Buenavista-AIFA inicia operaciones en el Edomex"},"content":{"rendered":"<p><em>El Tren Suburbano Buenavista-AIFA incorpora siete nuevas estaciones y ofrecer\u00e1 tarifas de 11.50 a 45 pesos <\/em><\/p>\n<p><!--more--><\/p>\n<p>El Gobierno federal inaugur\u00f3 el Tren Suburbano &#8216;Felipe \u00c1ngeles&#8217;, un sistema de transporte que conecta la estaci\u00f3n Buenavista con el Aeropuerto Internacional Felipe \u00c1ngeles (AIFA). Este proyecto se integra al programa \u20182026, A\u00f1o de las Obras en EdoM\u00e9x\u2019; adem\u00e1s, forma parte del<a href=\"https:\/\/centrourbano.com\/revista\/?s=trenes+de+pasajeros\" target=\"_blank\" rel=\"noopener\"> plan para recuperar los trenes de pasajeros<\/a>.<\/p>\n<p>Durante la apertura de la ruta, Delfina G\u00f3mez \u00c1lvarez, gobernadora del Estado de M\u00e9xico, destac\u00f3 que esta obra representa un <strong>impulso a la movilidad de la regi\u00f3n.<\/strong><\/p>\n<blockquote><p>\u201cLa puesta en marcha del Tren Felipe \u00c1ngeles Buenavista-AIFA es un impulso decisivo en la transformaci\u00f3n que vive el Estado de M\u00e9xico. Esta obra acercar\u00e1 oportunidades, reducir\u00e1 distancias, promover\u00e1 el desarrollo regional y mejorar\u00e1 la vida de miles de mexiquenses que todos los d\u00edas se esfuerzan por salir adelante\u201d, indic\u00f3.<\/p><\/blockquote>\n<p>En ese contexto, Clara Brugada Molina, Jefa de Gobierno de la Ciudad de M\u00e9xico, indic\u00f3 que este punto de conexi\u00f3n operar\u00e1 como un nodo del cual partir\u00e1n rutas hacia el norte del pa\u00eds, adem\u00e1s de enlazar con diferentes transportes locales.<\/p>\n<blockquote><p>\u201cEstoy convencida que esta gran obra va a transformar a esta zona metropolitana en una de las m\u00e1s competitivas del mundo; va a consolidar a Buenavista, en la Ciudad de M\u00e9xico, como la estaci\u00f3n ferroviaria de la ciudad\u201d, expres\u00f3.<\/p><\/blockquote>\n<p>Por su parte, Andr\u00e9s Lajous Loaeza, director general de la Agencia de Trenes y Transporte P\u00fablico Integrado (ATTRAPI), detall\u00f3 que la<strong> nueva ruta movilizar\u00e1 a 57,000 pasajeros diarios<\/strong>, con una capacidad instalada para transportar hasta a 80,000 usuarios.<\/p>\n<p>El sistema opera con <strong>10 trenes para 719 pasajeros cada uno<\/strong>, los cuales permiten acoplamientos con unidades adicionales para ampliar el aforo a 1,400 personas en horarios de mayor afluencia.<\/p>\n<p><strong>\u00bfC\u00f3mo operar\u00e1 la nueva ruta del Tren Suburbano?<\/strong><\/p>\n<p>Ahora, la ruta del Tren Suburbano contempla 10 estaciones y dos terminales desde Buenavista, en la Ciudad de M\u00e9xico. A partir del entronque en Lecher\u00eda, el sistema integra seis nuevas paradas: <strong>Cueyamil, La Loma, Teyahualco, Prados Sur, Cajiga y Xaltocan,<\/strong> adem\u00e1s de la terminal AIFA, ubicadas en el Edomex.<\/p>\n<p>Esta ruta cuenta con diversas conexiones, tanto en territorio mexiquense como en la CDMX. Adem\u00e1s de su enlace con Cuautitl\u00e1n, la <a href=\"https:\/\/x.com\/TrenAIFA\/status\/2048617366301401280\" target=\"_blank\" rel=\"noopener\">ruta Bienavista-AIFA<\/a> puede enlazar a los usuarios con la L\u00ednea B del Metro, las l\u00edneas 1, 3 y 4 del Metrob\u00fas y la red de Ecobici.<\/p>\n<p>Jorge Mendoza S\u00e1nchez, director general del Banco Nacional de Obras y Servicios P\u00fablicos (Banobras), inform\u00f3 que los horarios de operaci\u00f3n son de lunes a viernes de 5:00 a 00:00 horas, s\u00e1bados de 6:00 a 00:00 horas y domingos y d\u00edas festivos de 7:00 a 00:00 horas. Explic\u00f3 que la <strong>frecuencia de salida inicia en 30 minutos<\/strong>, con el objetivo de reducir el tiempo de espera a 12 minutos tras la incorporaci\u00f3n de la flota restante.<\/p>\n<p>Asimismo, durante el primer mes de funcionamiento, el pasaje tendr\u00e1 una tarifa promocional de 45 pesos desde cualquier estaci\u00f3n hacia y desde el aeropuerto, y de 11.50 pesos en las estaciones intermedias. Posteriormente, las autoridades publicar\u00e1n las tarifas definitivas. El sistema de peaje recibe la <strong>Tarjeta de Movilidad Integrada<\/strong> de la Ciudad de M\u00e9xico y, en la pr\u00f3xima semana, habilitar\u00e1 el cobro con la tarjeta del Suburbano.<\/p>\n<p>Finalmente, Jes\u00fas Esteva Medina, secretario de Infraestructura, Comunicaciones y Transportes (SICT), se\u00f1al\u00f3 esta<strong> ruta ser\u00e1 inclusiva,<\/strong> por lo que cuenta con las instalaciones necesarias para que cualquier persona utilice el servicio.<\/p>\n<blockquote><p>\u201cSe garantiza que en todas las estaciones nuevas haya elevadores y gu\u00edas podo t\u00e1ctiles, de tal forma que sea 100% accesible; en los trenes tenemos acceso a nivel, eso es m\u00e1s sencillo para las personas que tienen alguna discapacidad. Y en el caso de la Terminal del AIFA, se cuenta con seis escaleras el\u00e9ctricas\u201d, se\u00f1al\u00f3.<\/p><\/blockquote>\n","protected":false},"excerpt":{"rendered":"<p>El Tren Suburbano Buenavista-AIFA incorpora siete nuevas estaciones y ofrecer\u00e1 tarifas de 11.50 a 45 pesos<\/p>\n","protected":false},"author":14,"featured_media":161397,"comment_status":"open","ping_status":"closed","sticky":false,"template":"","format":"standard","meta":{"om_disable_all_campaigns":false,"inline_featured_image":false,"_monsterinsights_skip_tracking":false,"_monsterinsights_sitenote_active":false,"_monsterinsights_sitenote_note":"","_monsterinsights_sitenote_category":0,"footnotes":""},"categories":[82],"tags":[25537,25281,4065,23715],"class_list":["post-161396","post","type-post","status-publish","format-standard","has-post-thumbnail","hentry","category-urbanismo","tag-buenavista-aifa","tag-tren-cdmx-aifa","tag-tren-suburbano","tag-trenes-de-pasajeros"],"yoast_head":"<!-- This site is optimized with the Yoast SEO plugin v27.4 - https:\/\/yoast.com\/product\/yoast-seo-wordpress\/ -->\n<title>Tren Suburbano Buenavista-AIFA inicia operaciones en el Edomex<\/title>\n<meta name=\"description\" content=\"El Tren Suburbano Buenavista-AIFA incorpora siete nuevas estaciones y ofrecer\u00e1 tarifas de 11.50 a 45 pesos\" \/>\n<meta name=\"robots\" content=\"index, follow, max-snippet:-1, max-image-preview:large, max-video-preview:-1\" \/>\n<link rel=\"canonical\" href=\"https:\/\/centrourbano.com\/revista\/urbanismo\/tren-suburbano-buenavista-aifa-2\/\" \/>\n<meta property=\"og:locale\" content=\"es_ES\" \/>\n<meta property=\"og:type\" content=\"article\" \/>\n<meta property=\"og:title\" content=\"Tren Suburbano Buenavista-AIFA inicia operaciones en el Edomex\" \/>\n<meta property=\"og:description\" content=\"El Tren Suburbano Buenavista-AIFA incorpora siete nuevas estaciones y ofrecer\u00e1 tarifas de 11.50 a 45 pesos\" \/>\n<meta property=\"og:url\" content=\"https:\/\/centrourbano.com\/revista\/urbanismo\/tren-suburbano-buenavista-aifa-2\/\" \/>\n<meta property=\"og:site_name\" content=\"Centro Urbano\" \/>\n<meta property=\"article:publisher\" content=\"https:\/\/www.facebook.com\/portalcentrourbano\" \/>\n<meta property=\"article:published_time\" content=\"2026-04-27T16:48:18+00:00\" \/>\n<meta property=\"og:image\" content=\"https:\/\/centrourbano.com\/revista\/wp-content\/uploads\/Tren-Suburbano-Buenavista-AIFA-inicia-operaciones-en-el-Edomex.jpg\" \/>\n\t<meta property=\"og:image:width\" content=\"800\" \/>\n\t<meta property=\"og:image:height\" content=\"800\" \/>\n\t<meta property=\"og:image:type\" content=\"image\/jpeg\" \/>\n<meta name=\"author\" content=\"Redacci\u00f3n Centro Urbano\" \/>\n<meta name=\"twitter:card\" content=\"summary_large_image\" \/>\n<meta name=\"twitter:creator\" content=\"@CentroUrbano\" \/>\n<meta name=\"twitter:site\" content=\"@CentroUrbano\" \/>\n<meta name=\"twitter:label1\" content=\"Escrito por\" \/>\n\t<meta name=\"twitter:data1\" content=\"Redacci\u00f3n Centro Urbano\" \/>\n\t<meta name=\"twitter:label2\" content=\"Tiempo de lectura\" \/>\n\t<meta name=\"twitter:data2\" content=\"3 minutos\" \/>\n<script type=\"application\/ld+json\" class=\"yoast-schema-graph\">{\"@context\":\"https:\\\/\\\/schema.org\",\"@graph\":[{\"@type\":\"Article\",\"@id\":\"https:\\\/\\\/centrourbano.com\\\/revista\\\/urbanismo\\\/tren-suburbano-buenavista-aifa-2\\\/#article\",\"isPartOf\":{\"@id\":\"https:\\\/\\\/centrourbano.com\\\/revista\\\/urbanismo\\\/tren-suburbano-buenavista-aifa-2\\\/\"},\"author\":{\"name\":\"Redacci\u00f3n Centro Urbano\",\"@id\":\"https:\\\/\\\/centrourbano.com\\\/revista\\\/#\\\/schema\\\/person\\\/680e7c50f9d6e917e416c9efdc26f996\"},\"headline\":\"Tren Suburbano Buenavista-AIFA inicia operaciones en el Edomex\",\"datePublished\":\"2026-04-27T16:48:18+00:00\",\"mainEntityOfPage\":{\"@id\":\"https:\\\/\\\/centrourbano.com\\\/revista\\\/urbanismo\\\/tren-suburbano-buenavista-aifa-2\\\/\"},\"wordCount\":652,\"commentCount\":0,\"publisher\":{\"@id\":\"https:\\\/\\\/centrourbano.com\\\/revista\\\/#organization\"},\"image\":{\"@id\":\"https:\\\/\\\/centrourbano.com\\\/revista\\\/urbanismo\\\/tren-suburbano-buenavista-aifa-2\\\/#primaryimage\"},\"thumbnailUrl\":\"https:\\\/\\\/centrourbano.com\\\/revista\\\/wp-content\\\/uploads\\\/Tren-Suburbano-Buenavista-AIFA-inicia-operaciones-en-el-Edomex.jpg\",\"keywords\":[\"Buenavista-AIFA\",\"Tren CDMX-AIFA\",\"Tren Suburbano\",\"Trenes de pasajeros\"],\"articleSection\":[\"Urbanismo\"],\"inLanguage\":\"es\",\"potentialAction\":[{\"@type\":\"CommentAction\",\"name\":\"Comment\",\"target\":[\"https:\\\/\\\/centrourbano.com\\\/revista\\\/urbanismo\\\/tren-suburbano-buenavista-aifa-2\\\/#respond\"]}]},{\"@type\":\"WebPage\",\"@id\":\"https:\\\/\\\/centrourbano.com\\\/revista\\\/urbanismo\\\/tren-suburbano-buenavista-aifa-2\\\/\",\"url\":\"https:\\\/\\\/centrourbano.com\\\/revista\\\/urbanismo\\\/tren-suburbano-buenavista-aifa-2\\\/\",\"name\":\"Tren Suburbano Buenavista-AIFA inicia operaciones en el Edomex\",\"isPartOf\":{\"@id\":\"https:\\\/\\\/centrourbano.com\\\/revista\\\/#website\"},\"primaryImageOfPage\":{\"@id\":\"https:\\\/\\\/centrourbano.com\\\/revista\\\/urbanismo\\\/tren-suburbano-buenavista-aifa-2\\\/#primaryimage\"},\"image\":{\"@id\":\"https:\\\/\\\/centrourbano.com\\\/revista\\\/urbanismo\\\/tren-suburbano-buenavista-aifa-2\\\/#primaryimage\"},\"thumbnailUrl\":\"https:\\\/\\\/centrourbano.com\\\/revista\\\/wp-content\\\/uploads\\\/Tren-Suburbano-Buenavista-AIFA-inicia-operaciones-en-el-Edomex.jpg\",\"datePublished\":\"2026-04-27T16:48:18+00:00\",\"description\":\"El Tren Suburbano Buenavista-AIFA incorpora siete nuevas estaciones y ofrecer\u00e1 tarifas de 11.50 a 45 pesos\",\"breadcrumb\":{\"@id\":\"https:\\\/\\\/centrourbano.com\\\/revista\\\/urbanismo\\\/tren-suburbano-buenavista-aifa-2\\\/#breadcrumb\"},\"inLanguage\":\"es\",\"potentialAction\":[{\"@type\":\"ReadAction\",\"target\":[\"https:\\\/\\\/centrourbano.com\\\/revista\\\/urbanismo\\\/tren-suburbano-buenavista-aifa-2\\\/\"]}]},{\"@type\":\"ImageObject\",\"inLanguage\":\"es\",\"@id\":\"https:\\\/\\\/centrourbano.com\\\/revista\\\/urbanismo\\\/tren-suburbano-buenavista-aifa-2\\\/#primaryimage\",\"url\":\"https:\\\/\\\/centrourbano.com\\\/revista\\\/wp-content\\\/uploads\\\/Tren-Suburbano-Buenavista-AIFA-inicia-operaciones-en-el-Edomex.jpg\",\"contentUrl\":\"https:\\\/\\\/centrourbano.com\\\/revista\\\/wp-content\\\/uploads\\\/Tren-Suburbano-Buenavista-AIFA-inicia-operaciones-en-el-Edomex.jpg\",\"width\":800,\"height\":800,\"caption\":\"Tren Suburbano Buenavista-AIFA inicia operaciones en el Edomex\"},{\"@type\":\"BreadcrumbList\",\"@id\":\"https:\\\/\\\/centrourbano.com\\\/revista\\\/urbanismo\\\/tren-suburbano-buenavista-aifa-2\\\/#breadcrumb\",\"itemListElement\":[{\"@type\":\"ListItem\",\"position\":1,\"name\":\"Portada\",\"item\":\"https:\\\/\\\/centrourbano.com\\\/revista\\\/\"},{\"@type\":\"ListItem\",\"position\":2,\"name\":\"Tren Suburbano Buenavista-AIFA inicia operaciones en el Edomex\"}]},{\"@type\":\"WebSite\",\"@id\":\"https:\\\/\\\/centrourbano.com\\\/revista\\\/#website\",\"url\":\"https:\\\/\\\/centrourbano.com\\\/revista\\\/\",\"name\":\"Centro Urbano\",\"description\":\"Medio especializado en los sectores vivienda, inmobiliario, construcci\u00f3n, arquitectura y urbanismo.\",\"publisher\":{\"@id\":\"https:\\\/\\\/centrourbano.com\\\/revista\\\/#organization\"},\"potentialAction\":[{\"@type\":\"SearchAction\",\"target\":{\"@type\":\"EntryPoint\",\"urlTemplate\":\"https:\\\/\\\/centrourbano.com\\\/revista\\\/?s={search_term_string}\"},\"query-input\":{\"@type\":\"PropertyValueSpecification\",\"valueRequired\":true,\"valueName\":\"search_term_string\"}}],\"inLanguage\":\"es\"},{\"@type\":\"Organization\",\"@id\":\"https:\\\/\\\/centrourbano.com\\\/revista\\\/#organization\",\"name\":\"Centro Urbano\",\"url\":\"https:\\\/\\\/centrourbano.com\\\/revista\\\/\",\"logo\":{\"@type\":\"ImageObject\",\"inLanguage\":\"es\",\"@id\":\"https:\\\/\\\/centrourbano.com\\\/revista\\\/#\\\/schema\\\/logo\\\/image\\\/\",\"url\":\"https:\\\/\\\/centrourbano.com\\\/revista\\\/wp-content\\\/uploads\\\/web_CU_logo-1.png\",\"contentUrl\":\"https:\\\/\\\/centrourbano.com\\\/revista\\\/wp-content\\\/uploads\\\/web_CU_logo-1.png\",\"width\":350,\"height\":91,\"caption\":\"Centro Urbano\"},\"image\":{\"@id\":\"https:\\\/\\\/centrourbano.com\\\/revista\\\/#\\\/schema\\\/logo\\\/image\\\/\"},\"sameAs\":[\"https:\\\/\\\/www.facebook.com\\\/portalcentrourbano\",\"https:\\\/\\\/x.com\\\/CentroUrbano\",\"https:\\\/\\\/www.instagram.com\\\/centro_urbano\\\/\",\"https:\\\/\\\/www.linkedin.com\\\/company\\\/centro-urbano\\\/\",\"http:\\\/\\\/www.youtube.com\\\/user\\\/portalcentrourbano\"]},{\"@type\":\"Person\",\"@id\":\"https:\\\/\\\/centrourbano.com\\\/revista\\\/#\\\/schema\\\/person\\\/680e7c50f9d6e917e416c9efdc26f996\",\"name\":\"Redacci\u00f3n Centro Urbano\",\"image\":{\"@type\":\"ImageObject\",\"inLanguage\":\"es\",\"@id\":\"https:\\\/\\\/secure.gravatar.com\\\/avatar\\\/15a789f894398c0f311f3a7a2ee28032bbc0483098539da66b6a045aa810bf35?s=96&d=mm&r=g\",\"url\":\"https:\\\/\\\/secure.gravatar.com\\\/avatar\\\/15a789f894398c0f311f3a7a2ee28032bbc0483098539da66b6a045aa810bf35?s=96&d=mm&r=g\",\"contentUrl\":\"https:\\\/\\\/secure.gravatar.com\\\/avatar\\\/15a789f894398c0f311f3a7a2ee28032bbc0483098539da66b6a045aa810bf35?s=96&d=mm&r=g\",\"caption\":\"Redacci\u00f3n Centro Urbano\"},\"url\":\"https:\\\/\\\/centrourbano.com\\\/revista\\\/author\\\/editorial\\\/\"}]}<\/script>\n<!-- \/ Yoast SEO plugin. -->","yoast_head_json":{"title":"Tren Suburbano Buenavista-AIFA inicia operaciones en el Edomex","description":"El Tren Suburbano Buenavista-AIFA incorpora siete nuevas estaciones y ofrecer\u00e1 tarifas de 11.50 a 45 pesos","robots":{"index":"index","follow":"follow","max-snippet":"max-snippet:-1","max-image-preview":"max-image-preview:large","max-video-preview":"max-video-preview:-1"},"canonical":"https:\/\/centrourbano.com\/revista\/urbanismo\/tren-suburbano-buenavista-aifa-2\/","og_locale":"es_ES","og_type":"article","og_title":"Tren Suburbano Buenavista-AIFA inicia operaciones en el Edomex","og_description":"El Tren Suburbano Buenavista-AIFA incorpora siete nuevas estaciones y ofrecer\u00e1 tarifas de 11.50 a 45 pesos","og_url":"https:\/\/centrourbano.com\/revista\/urbanismo\/tren-suburbano-buenavista-aifa-2\/","og_site_name":"Centro Urbano","article_publisher":"https:\/\/www.facebook.com\/portalcentrourbano","article_published_time":"2026-04-27T16:48:18+00:00","og_image":[{"width":800,"height":800,"url":"https:\/\/centrourbano.com\/revista\/wp-content\/uploads\/Tren-Suburbano-Buenavista-AIFA-inicia-operaciones-en-el-Edomex.jpg","type":"image\/jpeg"}],"author":"Redacci\u00f3n Centro Urbano","twitter_card":"summary_large_image","twitter_creator":"@CentroUrbano","twitter_site":"@CentroUrbano","twitter_misc":{"Escrito por":"Redacci\u00f3n Centro Urbano","Tiempo de lectura":"3 minutos"},"schema":{"@context":"https:\/\/schema.org","@graph":[{"@type":"Article","@id":"https:\/\/centrourbano.com\/revista\/urbanismo\/tren-suburbano-buenavista-aifa-2\/#article","isPartOf":{"@id":"https:\/\/centrourbano.com\/revista\/urbanismo\/tren-suburbano-buenavista-aifa-2\/"},"author":{"name":"Redacci\u00f3n Centro Urbano","@id":"https:\/\/centrourbano.com\/revista\/#\/schema\/person\/680e7c50f9d6e917e416c9efdc26f996"},"headline":"Tren Suburbano Buenavista-AIFA inicia operaciones en el Edomex","datePublished":"2026-04-27T16:48:18+00:00","mainEntityOfPage":{"@id":"https:\/\/centrourbano.com\/revista\/urbanismo\/tren-suburbano-buenavista-aifa-2\/"},"wordCount":652,"commentCount":0,"publisher":{"@id":"https:\/\/centrourbano.com\/revista\/#organization"},"image":{"@id":"https:\/\/centrourbano.com\/revista\/urbanismo\/tren-suburbano-buenavista-aifa-2\/#primaryimage"},"thumbnailUrl":"https:\/\/centrourbano.com\/revista\/wp-content\/uploads\/Tren-Suburbano-Buenavista-AIFA-inicia-operaciones-en-el-Edomex.jpg","keywords":["Buenavista-AIFA","Tren CDMX-AIFA","Tren Suburbano","Trenes de pasajeros"],"articleSection":["Urbanismo"],"inLanguage":"es","potentialAction":[{"@type":"CommentAction","name":"Comment","target":["https:\/\/centrourbano.com\/revista\/urbanismo\/tren-suburbano-buenavista-aifa-2\/#respond"]}]},{"@type":"WebPage","@id":"https:\/\/centrourbano.com\/revista\/urbanismo\/tren-suburbano-buenavista-aifa-2\/","url":"https:\/\/centrourbano.com\/revista\/urbanismo\/tren-suburbano-buenavista-aifa-2\/","name":"Tren Suburbano Buenavista-AIFA inicia operaciones en el Edomex","isPartOf":{"@id":"https:\/\/centrourbano.com\/revista\/#website"},"primaryImageOfPage":{"@id":"https:\/\/centrourbano.com\/revista\/urbanismo\/tren-suburbano-buenavista-aifa-2\/#primaryimage"},"image":{"@id":"https:\/\/centrourbano.com\/revista\/urbanismo\/tren-suburbano-buenavista-aifa-2\/#primaryimage"},"thumbnailUrl":"https:\/\/centrourbano.com\/revista\/wp-content\/uploads\/Tren-Suburbano-Buenavista-AIFA-inicia-operaciones-en-el-Edomex.jpg","datePublished":"2026-04-27T16:48:18+00:00","description":"El Tren Suburbano Buenavista-AIFA incorpora siete nuevas estaciones y ofrecer\u00e1 tarifas de 11.50 a 45 pesos","breadcrumb":{"@id":"https:\/\/centrourbano.com\/revista\/urbanismo\/tren-suburbano-buenavista-aifa-2\/#breadcrumb"},"inLanguage":"es","potentialAction":[{"@type":"ReadAction","target":["https:\/\/centrourbano.com\/revista\/urbanismo\/tren-suburbano-buenavista-aifa-2\/"]}]},{"@type":"ImageObject","inLanguage":"es","@id":"https:\/\/centrourbano.com\/revista\/urbanismo\/tren-suburbano-buenavista-aifa-2\/#primaryimage","url":"https:\/\/centrourbano.com\/revista\/wp-content\/uploads\/Tren-Suburbano-Buenavista-AIFA-inicia-operaciones-en-el-Edomex.jpg","contentUrl":"https:\/\/centrourbano.com\/revista\/wp-content\/uploads\/Tren-Suburbano-Buenavista-AIFA-inicia-operaciones-en-el-Edomex.jpg","width":800,"height":800,"caption":"Tren Suburbano Buenavista-AIFA inicia operaciones en el Edomex"},{"@type":"BreadcrumbList","@id":"https:\/\/centrourbano.com\/revista\/urbanismo\/tren-suburbano-buenavista-aifa-2\/#breadcrumb","itemListElement":[{"@type":"ListItem","position":1,"name":"Portada","item":"https:\/\/centrourbano.com\/revista\/"},{"@type":"ListItem","position":2,"name":"Tren Suburbano Buenavista-AIFA inicia operaciones en el Edomex"}]},{"@type":"WebSite","@id":"https:\/\/centrourbano.com\/revista\/#website","url":"https:\/\/centrourbano.com\/revista\/","name":"Centro Urbano","description":"Medio especializado en los sectores vivienda, inmobiliario, construcci\u00f3n, arquitectura y urbanismo.","publisher":{"@id":"https:\/\/centrourbano.com\/revista\/#organization"},"potentialAction":[{"@type":"SearchAction","target":{"@type":"EntryPoint","urlTemplate":"https:\/\/centrourbano.com\/revista\/?s={search_term_string}"},"query-input":{"@type":"PropertyValueSpecification","valueRequired":true,"valueName":"search_term_string"}}],"inLanguage":"es"},{"@type":"Organization","@id":"https:\/\/centrourbano.com\/revista\/#organization","name":"Centro Urbano","url":"https:\/\/centrourbano.com\/revista\/","logo":{"@type":"ImageObject","inLanguage":"es","@id":"https:\/\/centrourbano.com\/revista\/#\/schema\/logo\/image\/","url":"https:\/\/centrourbano.com\/revista\/wp-content\/uploads\/web_CU_logo-1.png","contentUrl":"https:\/\/centrourbano.com\/revista\/wp-content\/uploads\/web_CU_logo-1.png","width":350,"height":91,"caption":"Centro Urbano"},"image":{"@id":"https:\/\/centrourbano.com\/revista\/#\/schema\/logo\/image\/"},"sameAs":["https:\/\/www.facebook.com\/portalcentrourbano","https:\/\/x.com\/CentroUrbano","https:\/\/www.instagram.com\/centro_urbano\/","https:\/\/www.linkedin.com\/company\/centro-urbano\/","http:\/\/www.youtube.com\/user\/portalcentrourbano"]},{"@type":"Person","@id":"https:\/\/centrourbano.com\/revista\/#\/schema\/person\/680e7c50f9d6e917e416c9efdc26f996","name":"Redacci\u00f3n Centro Urbano","image":{"@type":"ImageObject","inLanguage":"es","@id":"https:\/\/secure.gravatar.com\/avatar\/15a789f894398c0f311f3a7a2ee28032bbc0483098539da66b6a045aa810bf35?s=96&d=mm&r=g","url":"https:\/\/secure.gravatar.com\/avatar\/15a789f894398c0f311f3a7a2ee28032bbc0483098539da66b6a045aa810bf35?s=96&d=mm&r=g","contentUrl":"https:\/\/secure.gravatar.com\/avatar\/15a789f894398c0f311f3a7a2ee28032bbc0483098539da66b6a045aa810bf35?s=96&d=mm&r=g","caption":"Redacci\u00f3n Centro Urbano"},"url":"https:\/\/centrourbano.com\/revista\/author\/editorial\/"}]}},"_links":{"self":[{"href":"https:\/\/centrourbano.com\/revista\/wp-json\/wp\/v2\/posts\/161396","targetHints":{"allow":["GET"]}}],"collection":[{"href":"https:\/\/centrourbano.com\/revista\/wp-json\/wp\/v2\/posts"}],"about":[{"href":"https:\/\/centrourbano.com\/revista\/wp-json\/wp\/v2\/types\/post"}],"author":[{"embeddable":true,"href":"https:\/\/centrourbano.com\/revista\/wp-json\/wp\/v2\/users\/14"}],"replies":[{"embeddable":true,"href":"https:\/\/centrourbano.com\/revista\/wp-json\/wp\/v2\/comments?post=161396"}],"version-history":[{"count":1,"href":"https:\/\/centrourbano.com\/revista\/wp-json\/wp\/v2\/posts\/161396\/revisions"}],"predecessor-version":[{"id":161398,"href":"https:\/\/centrourbano.com\/revista\/wp-json\/wp\/v2\/posts\/161396\/revisions\/161398"}],"wp:featuredmedia":[{"embeddable":true,"href":"https:\/\/centrourbano.com\/revista\/wp-json\/wp\/v2\/media\/161397"}],"wp:attachment":[{"href":"https:\/\/centrourbano.com\/revista\/wp-json\/wp\/v2\/media?parent=161396"}],"wp:term":[{"taxonomy":"category","embeddable":true,"href":"https:\/\/centrourbano.com\/revista\/wp-json\/wp\/v2\/categories?post=161396"},{"taxonomy":"post_tag","embeddable":true,"href":"https:\/\/centrourbano.com\/revista\/wp-json\/wp\/v2\/tags?post=161396"}],"curies":[{"name":"wp","href":"https:\/\/api.w.org\/{rel}","templated":true}]}}