{"id":161393,"date":"2026-04-27T09:00:26","date_gmt":"2026-04-27T15:00:26","guid":{"rendered":"https:\/\/centrourbano.com\/revista\/?p=161393"},"modified":"2026-04-24T16:57:12","modified_gmt":"2026-04-24T22:57:12","slug":"cdmx-ley-de-rentas","status":"publish","type":"post","link":"https:\/\/centrourbano.com\/revista\/opinion\/cdmx-ley-de-rentas\/","title":{"rendered":"CDMX: \u00bfEn verdad lo que se necesita es una Ley de Rentas?"},"content":{"rendered":"<p><em>CDMX: producci\u00f3n de vivienda en m\u00ednimos hist\u00f3ricos, crisis de vivienda a la alza y un mercado de rentas insuficiente, opaco e informal\u2026 <\/em><em>Cabe preguntar: \u00bfEn verdad lo que se necesita es una Ley de Rentas?<\/em><!--more--><\/p>\n<p><em>Por Horacio Urbano <\/em><!--more--><\/p>\n<p>A ver\u2026 S\u00ed\u2026 S\u00ed se necesita una Ley de Rentas\u2026 Peeeeero\u2026<\/p>\n<p>Quiz\u00e1 no sea lo que m\u00e1s se necesita si lo que se busca es dar verdaderas soluciones a una creciente crisis de vivienda.<\/p>\n<p>Quiz\u00e1 no sea lo que m\u00e1s se necesita porque hay cosas m\u00e1s importantes por hacer si el objetivo es enfrentar en forma contundente el reto habitacional.<\/p>\n<p>Quiz\u00e1 no sea lo que m\u00e1s se necesita, o quiz\u00e1 no lo sea a partir de la forma en que la est\u00e1n proponiendo para la Ciudad de M\u00e9xico.<\/p>\n<p>Quiz\u00e1 no sea lo que m\u00e1s se necesita cuando la producci\u00f3n de vivienda se mantiene en m\u00ednimos hist\u00f3ricos, cuando nunca se hab\u00eda sentido tan fuerte una crisis de vivienda y cuando el mercado de rentas es insuficiente, opaco e informal.<\/p>\n<p>Quiz\u00e1 no sea lo que mas se necesita cuando es evidente que la Ciudad de M\u00e9xico no ha podido atender con oportunidad, eficiencia y suficiencia, las necesidades de vivienda de todos los grupos que forman su poblaci\u00f3n.<\/p>\n<p>Y es que a m\u00ed, como chilango, me gustar\u00eda saber c\u00f3mo piensan hacer frente a las necesidades de vivienda de todos los que vivimos nuestra ciudad\u2026 Porque aunque pareciera que los precios de las rentas son tema prioritario y que su alza se controla regulando, no es el \u00fanico o mayor signo de esta crisis de vivienda, y lo m\u00e1s sensato ser\u00eda ir al fondo del asunto y buscar una soluci\u00f3n definitiva al reto habitacional, rentas incluidas.<\/p>\n<p>Que no se nos olvide que cada vez es m\u00e1s dif\u00edcil construir viviendas en la CDMX\u2026 Viviendas que son mucho m\u00e1s que necesarias\u2026 Que son urgentes.<\/p>\n<p>Porque es m\u00e1s que evidente que antes de lanzar una Ley de Rentas, habr\u00eda que empezar por crear condiciones que permitan entender la actualidad de ese mercado, lo que quisi\u00e9ramos que fuera y lo que habr\u00eda que hacer para hacerlo posible.<\/p>\n<p>Porque de poco sirve empezar por regular, si de entrada el mercado de rentas es absurdamente insuficiente, inmaduro e informal\u2026 De poco sirve, si la demanda supera por mucho a la oferta y todo apunta a que si no se hace algo de verdadero impacto, y se hace ya, esa brecha cada vez se abrir\u00e1 m\u00e1s.<\/p>\n<p>Antes que impulsar una Ley de Rentas habr\u00eda que impulsar el fortalecimiento de una Pol\u00edtica de Vivienda que no solo incluya la renta entre sus urgencias, sino que, adem\u00e1s, asuma como prioridad el fortalecimiento de una oferta que en verdad responda a las necesidades y posibilidades de toda la poblaci\u00f3n\u2026 De toda.<\/p>\n<p>No sobrar\u00eda actualizar pol\u00edtica, leyes, regulaciones, presupuestos y programas relacionados con la vivienda.<\/p>\n<p>No sobrar\u00eda reconocer temas fundamentales como que el rezago habitacional crece por la obsolescencia normativa, los excesos regulatorios, la deficiente coordinaci\u00f3n institucional y la falta de infraestructuras reflejadas en dos temas esenciales, agua y energ\u00eda el\u00e9ctrica.<\/p>\n<p>En verdad creo que el reto habitacional tiene que ser visto a partir de una estrategia integral, que reconozca tama\u00f1o, estructura y caracter\u00edsticas de la demanda, para ofrecer soluciones que respondan a cada una de sus vertientes; rentas incluidas.<\/p>\n<p>Y s\u00ed, llegado el momento, habr\u00eda que regular rentas, buscando fortalecer oferta y crear condiciones que protejan por igual los derechos de inquilinos, propietarios e inversionistas.<\/p>\n<p>Ojo\u2026 Que dije la palabra maldita: in-ver-sio-ins-tas.<\/p>\n<p>Y habr\u00eda que definir temas fundamentales, como la formaci\u00f3n de la oferta, analizando el papel que deben tener la vivienda p\u00fablica y la inversi\u00f3n privada institucional, bajo esquemas que permitan que el gobierno construya, compre y administre portafolios de vivienda destinada a renta social, y que los grandes inversionistas privados puedan canalizar recursos a construir, comprar y administrar portafolios de viviendas destinadas a renta, bajo condiciones de mercado, pero jugando con las reglas que el gobierno establezca.<\/p>\n<p>\u00bfY por qu\u00e9 no pensar en alianzas p\u00fablico-privadas para enfrentar estos retos?<\/p>\n<p>La pregunta es simple, \u00bfc\u00f3mo andamos de inventarios de vivienda en renta?,\u00a0 para, si fueran insuficientes, definir si se quieren fortalecer v\u00eda inversiones p\u00fablicas y privados y bajo qu\u00e9 reglas de juego.<\/p>\n<p>Pero el caso es que la semana pasada, la jefa de gobierno capitalino, <strong>Clara Brugada<\/strong>, anunci\u00f3 que presentar\u00eda una iniciativa de Reforma Constitucional, que buscar\u00eda fijar l\u00edmites al incremento de rentas y sentar bases para una nueva Ley de Rentas de la Ciudad de M\u00e9xico; Ley, que inevitablemente ser\u00eda modelo a seguir a nivel nacional.<\/p>\n<p>La propuesta se basa en cuatro ejes:<\/p>\n<ul>\n<li>Establecer que las rentas no podr\u00e1n subir por encima de inflaci\u00f3n,<\/li>\n<li>Facultar al gobierno capitalino para dise\u00f1ar e implementar estrategias que permitan incrementar la oferta de vivienda social,<\/li>\n<li>Crear una defensor\u00eda de Derechos Inquilinarios que proteja, tanto a inquilinos, como a propietarios, y,<\/li>\n<li>Establecer el Derecho al Arraigo Comunitario, para con ello, buscar mecanismos que permitan combatir la gentrificaci\u00f3n.<\/li>\n<\/ul>\n<p>A ver\u2026 No es que est\u00e9 mal, y que bueno que se haga, es solo que, considero, es insuficiente y hay temas que tendr\u00edan que ir antes que esta Ley de Rentas.<\/p>\n<p>Creo que si ya se habla de cosas tan importantes como Reformas Constitucionales habr\u00eda que ir mucho m\u00e1s al fondo de los problemas.<\/p>\n<p>Pero es lo que hay\u2026 Lo que habr\u00eda que esperar es que esto sea parte del proceso de maduraci\u00f3n de una muy, pero muy s\u00f3lida Pol\u00edtica de Vivienda chilanga, una Pol\u00edtica de Vivienda que reconozca todas las vertientes de la demanda y ofrezca soluciones a todos los grupos de poblaci\u00f3n, soluciones que tengan muy altos impactos de orden social, econ\u00f3mico, ambiental y urbano, que marquen pautas a lo que pueda pasar en el resto del pa\u00eds, y que sean un puente que nos conduzca a mejores escenarios de futuro.<\/p>\n<p>Veremos\u2026 Y trabajemos al lado del gobierno para que esto sea lo que necesitamos\u2026 Y se haga\u2026 Y se haga r\u00e1pido\u2026 Y se haga bien.<\/p>\n<h2><strong>Justino Hirschhorn: Leyenda<\/strong><\/h2>\n<p>La semana pasada se present\u00f3 el libro <strong>Vivir para So\u00f1ar Casas y Cimentar Sue\u00f1os; Memorias de Justino Hirschhorn<\/strong>.<\/p>\n<p>Qu\u00e9 gusto tener un libro que recoja las experiencias de quien, sin duda, es una verdadera leyenda del sector inmobiliario mexicano.<\/p>\n<p>Qu\u00e9 gusto porque cada experiencia es una verdadera Master class sobre diferentes temas que a lo largo de una trayectoria que ya abarca m\u00e1s de seis d\u00e9cadas, han sido fundamentales para modelar lo que hoy es nuestra industria inmobiliaria.<\/p>\n<p>Una Leyenda\u2026 Que adem\u00e1s de ser un extraordinario constructor de empresas y sectores, ha sido adem\u00e1s un l\u00edder que ha formado a varias generaciones de profesionales que hoy definen lo que es el sector inmobiliario.<\/p>\n<p>Voy a disfrutar mucho esa lectura. La voy a disfrutar por el aprendizaje, la admiraci\u00f3n y el cari\u00f1o que le tengo a Justino.<\/p>\n<h2><strong>13 de mayo: Liga Inmobiliaria + Think Tank Inmobiliario<\/strong><\/h2>\n<p>El 13 de mayo se llevar\u00e1 a cabo en la Ciudad de M\u00e9xico, en formato presencial, el cap\u00edtulo tres de <strong>Liga Inmobiliaria + Think Tank Inmobiliario<\/strong>, un ejercicio de creaci\u00f3n de comunidad, que busca el intercambio de conocimientos, actualizar lecturas del sector, la b\u00fasqueda de la innovaci\u00f3n y hacer del networking una poderosa posibilidad de creaci\u00f3n de comunidad.<\/p>\n<p>Asistan y sumen sus marcas para entrar en contacto con quienes dirigen las empresas e instituciones m\u00e1s importantes de la industria inmobiliaria.<\/p>\n<p>Informes: relacionespublicas@centrourbano.com, whatsapp 5543770654.<\/p>\n<h2><strong>\u00bfYa se suscribieron?<\/strong><\/h2>\n<p>Muy atentos; estamos a punto de lanzar un modelo de Comunidad basado en suscripciones personales.<\/p>\n<p>HyM Comunidad, la mejor herramienta de inteligencia, actualizaci\u00f3n y relaciones p\u00fablicas, para los profesionales que trabajan en los diferentes temas relacionados con Ciudades, viviendas y sector inmobiliario.<\/p>\n<p>CON\u00c9CTATE + INF\u00d3RMATE + CRECE<\/p>\n<p>Los invito a ser parte de todo esto.<\/p>\n<p>Suscr\u00edbanse: relacionespublicas@centrourbano.com<\/p>\n<h2><strong>\u00a1Estamos buscando innovadores!<\/strong><\/h2>\n<p>En mayo se llevar\u00e1 a cabo la siguiente edici\u00f3n de Liga Inmobiliaria, y con ello, del Think Tank Inmobiliario que tiene como objetivo identificar y difundir pr\u00e1cticas innovadoras que puedan transformar el sector.<\/p>\n<p>Y como parte de este proceso, ya est\u00e1 abierta la convocatoria para los innovadores que quieran participar en el <strong>Think Tank Inmobiliario<\/strong> que hemos desarrollado como parte de la plataforma de <strong>Liga Inmobiliaria<\/strong>, formada por un potente grupo de empresas y organismos, y que tiene como objetivo identificar y promover ideas que puedan transformar el sector.<\/p>\n<p>La intenci\u00f3n es identificar estas ideas y ponerlas en contacto con los l\u00edderes del sector para que ello pueda traducirse en nuevas oportunidades para fortalecer estos proyectos.<\/p>\n<p>Buscamos innovaci\u00f3n en temas como sustentabilidad, proptech\/fintech y construcci\u00f3n.<\/p>\n<p>Atentos, est\u00e1 abierta la convocatoria para quienes quieran presentar sus proyectos en este ejercicio de innovaci\u00f3n.<\/p>\n<p>\u00bfInteresados?<\/p>\n<p>Informes: relacionespublicas@centrourbano.com.<\/p>\n<p>Dejo aqu\u00ed la liga para que descarguen la <a href=\"https:\/\/centrourbano.com\/revista\/impresos\/revista-vivienda-may-jun-2025\/\" target=\"_blank\" rel=\"noopener\">Edici\u00f3n Especial de la revista Vivienda<\/a>, que tiene como tema central la cr\u00f3nica de la primera edici\u00f3n de Liga Inmobiliaria y Think Tank Inmobiliario.<\/p>\n","protected":false},"excerpt":{"rendered":"<p>CDMX: producci\u00f3n de vivienda en m\u00ednimos hist\u00f3ricos, crisis de vivienda a la alza y un mercado de rentas insuficiente, opaco e informal\u2026 Cabe preguntar: \u00bfEn verdad lo que se necesita es una Ley de Rentas?<\/p>\n","protected":false},"author":13,"featured_media":161394,"comment_status":"open","ping_status":"closed","sticky":false,"template":"","format":"standard","meta":{"om_disable_all_campaigns":false,"inline_featured_image":false,"_monsterinsights_skip_tracking":false,"_monsterinsights_sitenote_active":false,"_monsterinsights_sitenote_note":"","_monsterinsights_sitenote_category":0,"footnotes":""},"categories":[241,5],"tags":[606,24175,25148,60],"class_list":["post-161393","post","type-post","status-publish","format-standard","has-post-thumbnail","hentry","category-blog-desde-la-casa","category-opinion","tag-cdmx","tag-clara-brugada","tag-ley-de-rentas","tag-vivienda-2"],"yoast_head":"<!-- This site is optimized with the Yoast SEO plugin v27.4 - https:\/\/yoast.com\/product\/yoast-seo-wordpress\/ -->\n<title>CDMX: \u00bfEn verdad lo que se necesita es una Ley de Rentas?<\/title>\n<meta name=\"description\" content=\"CDMX: producci\u00f3n de vivienda en m\u00ednimos hist\u00f3ricos, crisis de vivienda a la alza y un mercado de rentas insuficiente, opaco e informal\" \/>\n<meta name=\"robots\" content=\"index, follow, max-snippet:-1, max-image-preview:large, max-video-preview:-1\" \/>\n<link rel=\"canonical\" href=\"https:\/\/centrourbano.com\/revista\/opinion\/cdmx-ley-de-rentas\/\" \/>\n<meta property=\"og:locale\" content=\"es_ES\" \/>\n<meta property=\"og:type\" content=\"article\" \/>\n<meta property=\"og:title\" content=\"CDMX: \u00bfEn verdad lo que se necesita es una Ley de Rentas?\" \/>\n<meta property=\"og:description\" content=\"CDMX: producci\u00f3n de vivienda en m\u00ednimos hist\u00f3ricos, crisis de vivienda a la alza y un mercado de rentas insuficiente, opaco e informal\" \/>\n<meta property=\"og:url\" content=\"https:\/\/centrourbano.com\/revista\/opinion\/cdmx-ley-de-rentas\/\" \/>\n<meta property=\"og:site_name\" content=\"Centro Urbano\" \/>\n<meta property=\"article:publisher\" content=\"https:\/\/www.facebook.com\/portalcentrourbano\" \/>\n<meta property=\"article:author\" content=\"https:\/\/www.facebook.com\/urbano.horacio\/\" \/>\n<meta property=\"article:published_time\" content=\"2026-04-27T15:00:26+00:00\" \/>\n<meta property=\"og:image\" content=\"https:\/\/centrourbano.com\/revista\/wp-content\/uploads\/BlogHoracio-635x635-56.jpg\" \/>\n\t<meta property=\"og:image:width\" content=\"635\" \/>\n\t<meta property=\"og:image:height\" content=\"635\" \/>\n\t<meta property=\"og:image:type\" content=\"image\/jpeg\" \/>\n<meta name=\"author\" content=\"Horacio Urbano\" \/>\n<meta name=\"twitter:card\" content=\"summary_large_image\" \/>\n<meta name=\"twitter:creator\" content=\"@https:\/\/twitter.com\/horacio_urbano\" \/>\n<meta name=\"twitter:site\" content=\"@CentroUrbano\" \/>\n<meta name=\"twitter:label1\" content=\"Escrito por\" \/>\n\t<meta name=\"twitter:data1\" content=\"Horacio Urbano\" \/>\n\t<meta name=\"twitter:label2\" content=\"Tiempo de lectura\" \/>\n\t<meta name=\"twitter:data2\" content=\"7 minutos\" \/>\n<script type=\"application\/ld+json\" class=\"yoast-schema-graph\">{\"@context\":\"https:\\\/\\\/schema.org\",\"@graph\":[{\"@type\":\"Article\",\"@id\":\"https:\\\/\\\/centrourbano.com\\\/revista\\\/opinion\\\/cdmx-ley-de-rentas\\\/#article\",\"isPartOf\":{\"@id\":\"https:\\\/\\\/centrourbano.com\\\/revista\\\/opinion\\\/cdmx-ley-de-rentas\\\/\"},\"author\":{\"name\":\"Horacio Urbano\",\"@id\":\"https:\\\/\\\/centrourbano.com\\\/revista\\\/#\\\/schema\\\/person\\\/69755154fe97eeebe4fe9394cb318d28\"},\"headline\":\"CDMX: \u00bfEn verdad lo que se necesita es una Ley de Rentas?\",\"datePublished\":\"2026-04-27T15:00:26+00:00\",\"mainEntityOfPage\":{\"@id\":\"https:\\\/\\\/centrourbano.com\\\/revista\\\/opinion\\\/cdmx-ley-de-rentas\\\/\"},\"wordCount\":1573,\"commentCount\":0,\"publisher\":{\"@id\":\"https:\\\/\\\/centrourbano.com\\\/revista\\\/#organization\"},\"image\":{\"@id\":\"https:\\\/\\\/centrourbano.com\\\/revista\\\/opinion\\\/cdmx-ley-de-rentas\\\/#primaryimage\"},\"thumbnailUrl\":\"https:\\\/\\\/centrourbano.com\\\/revista\\\/wp-content\\\/uploads\\\/BlogHoracio-635x635-56.jpg\",\"keywords\":[\"CDMX\",\"Clara Brugada\",\"ley de rentas\",\"vivienda\"],\"articleSection\":[\"Desde la Casa\",\"Opini\u00f3n\"],\"inLanguage\":\"es\",\"potentialAction\":[{\"@type\":\"CommentAction\",\"name\":\"Comment\",\"target\":[\"https:\\\/\\\/centrourbano.com\\\/revista\\\/opinion\\\/cdmx-ley-de-rentas\\\/#respond\"]}]},{\"@type\":\"WebPage\",\"@id\":\"https:\\\/\\\/centrourbano.com\\\/revista\\\/opinion\\\/cdmx-ley-de-rentas\\\/\",\"url\":\"https:\\\/\\\/centrourbano.com\\\/revista\\\/opinion\\\/cdmx-ley-de-rentas\\\/\",\"name\":\"CDMX: \u00bfEn verdad lo que se necesita es una Ley de Rentas?\",\"isPartOf\":{\"@id\":\"https:\\\/\\\/centrourbano.com\\\/revista\\\/#website\"},\"primaryImageOfPage\":{\"@id\":\"https:\\\/\\\/centrourbano.com\\\/revista\\\/opinion\\\/cdmx-ley-de-rentas\\\/#primaryimage\"},\"image\":{\"@id\":\"https:\\\/\\\/centrourbano.com\\\/revista\\\/opinion\\\/cdmx-ley-de-rentas\\\/#primaryimage\"},\"thumbnailUrl\":\"https:\\\/\\\/centrourbano.com\\\/revista\\\/wp-content\\\/uploads\\\/BlogHoracio-635x635-56.jpg\",\"datePublished\":\"2026-04-27T15:00:26+00:00\",\"description\":\"CDMX: producci\u00f3n de vivienda en m\u00ednimos hist\u00f3ricos, crisis de vivienda a la alza y un mercado de rentas insuficiente, opaco e informal\",\"breadcrumb\":{\"@id\":\"https:\\\/\\\/centrourbano.com\\\/revista\\\/opinion\\\/cdmx-ley-de-rentas\\\/#breadcrumb\"},\"inLanguage\":\"es\",\"potentialAction\":[{\"@type\":\"ReadAction\",\"target\":[\"https:\\\/\\\/centrourbano.com\\\/revista\\\/opinion\\\/cdmx-ley-de-rentas\\\/\"]}]},{\"@type\":\"ImageObject\",\"inLanguage\":\"es\",\"@id\":\"https:\\\/\\\/centrourbano.com\\\/revista\\\/opinion\\\/cdmx-ley-de-rentas\\\/#primaryimage\",\"url\":\"https:\\\/\\\/centrourbano.com\\\/revista\\\/wp-content\\\/uploads\\\/BlogHoracio-635x635-56.jpg\",\"contentUrl\":\"https:\\\/\\\/centrourbano.com\\\/revista\\\/wp-content\\\/uploads\\\/BlogHoracio-635x635-56.jpg\",\"width\":635,\"height\":635,\"caption\":\"CDMX: \u00bfEn verdad lo que se necesita es una Ley de Rentas?\"},{\"@type\":\"BreadcrumbList\",\"@id\":\"https:\\\/\\\/centrourbano.com\\\/revista\\\/opinion\\\/cdmx-ley-de-rentas\\\/#breadcrumb\",\"itemListElement\":[{\"@type\":\"ListItem\",\"position\":1,\"name\":\"Portada\",\"item\":\"https:\\\/\\\/centrourbano.com\\\/revista\\\/\"},{\"@type\":\"ListItem\",\"position\":2,\"name\":\"CDMX: \u00bfEn verdad lo que se necesita es una Ley de Rentas?\"}]},{\"@type\":\"WebSite\",\"@id\":\"https:\\\/\\\/centrourbano.com\\\/revista\\\/#website\",\"url\":\"https:\\\/\\\/centrourbano.com\\\/revista\\\/\",\"name\":\"Centro Urbano\",\"description\":\"Medio especializado en los sectores vivienda, inmobiliario, construcci\u00f3n, arquitectura y urbanismo.\",\"publisher\":{\"@id\":\"https:\\\/\\\/centrourbano.com\\\/revista\\\/#organization\"},\"potentialAction\":[{\"@type\":\"SearchAction\",\"target\":{\"@type\":\"EntryPoint\",\"urlTemplate\":\"https:\\\/\\\/centrourbano.com\\\/revista\\\/?s={search_term_string}\"},\"query-input\":{\"@type\":\"PropertyValueSpecification\",\"valueRequired\":true,\"valueName\":\"search_term_string\"}}],\"inLanguage\":\"es\"},{\"@type\":\"Organization\",\"@id\":\"https:\\\/\\\/centrourbano.com\\\/revista\\\/#organization\",\"name\":\"Centro Urbano\",\"url\":\"https:\\\/\\\/centrourbano.com\\\/revista\\\/\",\"logo\":{\"@type\":\"ImageObject\",\"inLanguage\":\"es\",\"@id\":\"https:\\\/\\\/centrourbano.com\\\/revista\\\/#\\\/schema\\\/logo\\\/image\\\/\",\"url\":\"https:\\\/\\\/centrourbano.com\\\/revista\\\/wp-content\\\/uploads\\\/web_CU_logo-1.png\",\"contentUrl\":\"https:\\\/\\\/centrourbano.com\\\/revista\\\/wp-content\\\/uploads\\\/web_CU_logo-1.png\",\"width\":350,\"height\":91,\"caption\":\"Centro Urbano\"},\"image\":{\"@id\":\"https:\\\/\\\/centrourbano.com\\\/revista\\\/#\\\/schema\\\/logo\\\/image\\\/\"},\"sameAs\":[\"https:\\\/\\\/www.facebook.com\\\/portalcentrourbano\",\"https:\\\/\\\/x.com\\\/CentroUrbano\",\"https:\\\/\\\/www.instagram.com\\\/centro_urbano\\\/\",\"https:\\\/\\\/www.linkedin.com\\\/company\\\/centro-urbano\\\/\",\"http:\\\/\\\/www.youtube.com\\\/user\\\/portalcentrourbano\"]},{\"@type\":\"Person\",\"@id\":\"https:\\\/\\\/centrourbano.com\\\/revista\\\/#\\\/schema\\\/person\\\/69755154fe97eeebe4fe9394cb318d28\",\"name\":\"Horacio Urbano\",\"image\":{\"@type\":\"ImageObject\",\"inLanguage\":\"es\",\"@id\":\"https:\\\/\\\/secure.gravatar.com\\\/avatar\\\/bf4232bac122249113b7bcc4636a8d0432b9fa8bcce4243f1ed6c1ecb8fe915f?s=96&d=mm&r=g\",\"url\":\"https:\\\/\\\/secure.gravatar.com\\\/avatar\\\/bf4232bac122249113b7bcc4636a8d0432b9fa8bcce4243f1ed6c1ecb8fe915f?s=96&d=mm&r=g\",\"contentUrl\":\"https:\\\/\\\/secure.gravatar.com\\\/avatar\\\/bf4232bac122249113b7bcc4636a8d0432b9fa8bcce4243f1ed6c1ecb8fe915f?s=96&d=mm&r=g\",\"caption\":\"Horacio Urbano\"},\"description\":\"Horacio Urbano es arquitecto. Su experiencia profesional se ha desarrollado en los diferentes \u00e1mbitos que definen la industria de la vivienda. En 1999 inici\u00f3 un proyecto editorial dirigido a los sectores inmobiliario y construcci\u00f3n que a lo largo de los a\u00f1os se ha convertido en una poderosa plataforma multimedios y en una verdadera referencia para esta industria. Fundador, junto con la tambi\u00e9n arquitecta Roxana Fabris, de Grupo Centro Urbano, firma que impulsa y desarrolla una serie de esfuerzos de comunicaci\u00f3n relacionados con estos sectores. Como parte de su trabajo en M\u00e9xico y el extranjero, ha escrito o participado en una serie de libros especializados, es colaborador de diferentes medios impresos y electr\u00f3nicos, es activo conferencista y bajo diferentes modelos colabora tambi\u00e9n con diversas empresas e instituciones p\u00fablicas y privadas del sector.\",\"sameAs\":[\"http:\\\/\\\/horaciourbano.com\\\/home\\\/\",\"https:\\\/\\\/www.facebook.com\\\/urbano.horacio\\\/\",\"https:\\\/\\\/x.com\\\/https:\\\/\\\/twitter.com\\\/horacio_urbano\"],\"url\":\"https:\\\/\\\/centrourbano.com\\\/revista\\\/author\\\/horacio-urbano\\\/\"}]}<\/script>\n<!-- \/ Yoast SEO plugin. -->","yoast_head_json":{"title":"CDMX: \u00bfEn verdad lo que se necesita es una Ley de Rentas?","description":"CDMX: producci\u00f3n de vivienda en m\u00ednimos hist\u00f3ricos, crisis de vivienda a la alza y un mercado de rentas insuficiente, opaco e informal","robots":{"index":"index","follow":"follow","max-snippet":"max-snippet:-1","max-image-preview":"max-image-preview:large","max-video-preview":"max-video-preview:-1"},"canonical":"https:\/\/centrourbano.com\/revista\/opinion\/cdmx-ley-de-rentas\/","og_locale":"es_ES","og_type":"article","og_title":"CDMX: \u00bfEn verdad lo que se necesita es una Ley de Rentas?","og_description":"CDMX: producci\u00f3n de vivienda en m\u00ednimos hist\u00f3ricos, crisis de vivienda a la alza y un mercado de rentas insuficiente, opaco e informal","og_url":"https:\/\/centrourbano.com\/revista\/opinion\/cdmx-ley-de-rentas\/","og_site_name":"Centro Urbano","article_publisher":"https:\/\/www.facebook.com\/portalcentrourbano","article_author":"https:\/\/www.facebook.com\/urbano.horacio\/","article_published_time":"2026-04-27T15:00:26+00:00","og_image":[{"width":635,"height":635,"url":"https:\/\/centrourbano.com\/revista\/wp-content\/uploads\/BlogHoracio-635x635-56.jpg","type":"image\/jpeg"}],"author":"Horacio Urbano","twitter_card":"summary_large_image","twitter_creator":"@https:\/\/twitter.com\/horacio_urbano","twitter_site":"@CentroUrbano","twitter_misc":{"Escrito por":"Horacio Urbano","Tiempo de lectura":"7 minutos"},"schema":{"@context":"https:\/\/schema.org","@graph":[{"@type":"Article","@id":"https:\/\/centrourbano.com\/revista\/opinion\/cdmx-ley-de-rentas\/#article","isPartOf":{"@id":"https:\/\/centrourbano.com\/revista\/opinion\/cdmx-ley-de-rentas\/"},"author":{"name":"Horacio Urbano","@id":"https:\/\/centrourbano.com\/revista\/#\/schema\/person\/69755154fe97eeebe4fe9394cb318d28"},"headline":"CDMX: \u00bfEn verdad lo que se necesita es una Ley de Rentas?","datePublished":"2026-04-27T15:00:26+00:00","mainEntityOfPage":{"@id":"https:\/\/centrourbano.com\/revista\/opinion\/cdmx-ley-de-rentas\/"},"wordCount":1573,"commentCount":0,"publisher":{"@id":"https:\/\/centrourbano.com\/revista\/#organization"},"image":{"@id":"https:\/\/centrourbano.com\/revista\/opinion\/cdmx-ley-de-rentas\/#primaryimage"},"thumbnailUrl":"https:\/\/centrourbano.com\/revista\/wp-content\/uploads\/BlogHoracio-635x635-56.jpg","keywords":["CDMX","Clara Brugada","ley de rentas","vivienda"],"articleSection":["Desde la Casa","Opini\u00f3n"],"inLanguage":"es","potentialAction":[{"@type":"CommentAction","name":"Comment","target":["https:\/\/centrourbano.com\/revista\/opinion\/cdmx-ley-de-rentas\/#respond"]}]},{"@type":"WebPage","@id":"https:\/\/centrourbano.com\/revista\/opinion\/cdmx-ley-de-rentas\/","url":"https:\/\/centrourbano.com\/revista\/opinion\/cdmx-ley-de-rentas\/","name":"CDMX: \u00bfEn verdad lo que se necesita es una Ley de Rentas?","isPartOf":{"@id":"https:\/\/centrourbano.com\/revista\/#website"},"primaryImageOfPage":{"@id":"https:\/\/centrourbano.com\/revista\/opinion\/cdmx-ley-de-rentas\/#primaryimage"},"image":{"@id":"https:\/\/centrourbano.com\/revista\/opinion\/cdmx-ley-de-rentas\/#primaryimage"},"thumbnailUrl":"https:\/\/centrourbano.com\/revista\/wp-content\/uploads\/BlogHoracio-635x635-56.jpg","datePublished":"2026-04-27T15:00:26+00:00","description":"CDMX: producci\u00f3n de vivienda en m\u00ednimos hist\u00f3ricos, crisis de vivienda a la alza y un mercado de rentas insuficiente, opaco e informal","breadcrumb":{"@id":"https:\/\/centrourbano.com\/revista\/opinion\/cdmx-ley-de-rentas\/#breadcrumb"},"inLanguage":"es","potentialAction":[{"@type":"ReadAction","target":["https:\/\/centrourbano.com\/revista\/opinion\/cdmx-ley-de-rentas\/"]}]},{"@type":"ImageObject","inLanguage":"es","@id":"https:\/\/centrourbano.com\/revista\/opinion\/cdmx-ley-de-rentas\/#primaryimage","url":"https:\/\/centrourbano.com\/revista\/wp-content\/uploads\/BlogHoracio-635x635-56.jpg","contentUrl":"https:\/\/centrourbano.com\/revista\/wp-content\/uploads\/BlogHoracio-635x635-56.jpg","width":635,"height":635,"caption":"CDMX: \u00bfEn verdad lo que se necesita es una Ley de Rentas?"},{"@type":"BreadcrumbList","@id":"https:\/\/centrourbano.com\/revista\/opinion\/cdmx-ley-de-rentas\/#breadcrumb","itemListElement":[{"@type":"ListItem","position":1,"name":"Portada","item":"https:\/\/centrourbano.com\/revista\/"},{"@type":"ListItem","position":2,"name":"CDMX: \u00bfEn verdad lo que se necesita es una Ley de Rentas?"}]},{"@type":"WebSite","@id":"https:\/\/centrourbano.com\/revista\/#website","url":"https:\/\/centrourbano.com\/revista\/","name":"Centro Urbano","description":"Medio especializado en los sectores vivienda, inmobiliario, construcci\u00f3n, arquitectura y urbanismo.","publisher":{"@id":"https:\/\/centrourbano.com\/revista\/#organization"},"potentialAction":[{"@type":"SearchAction","target":{"@type":"EntryPoint","urlTemplate":"https:\/\/centrourbano.com\/revista\/?s={search_term_string}"},"query-input":{"@type":"PropertyValueSpecification","valueRequired":true,"valueName":"search_term_string"}}],"inLanguage":"es"},{"@type":"Organization","@id":"https:\/\/centrourbano.com\/revista\/#organization","name":"Centro Urbano","url":"https:\/\/centrourbano.com\/revista\/","logo":{"@type":"ImageObject","inLanguage":"es","@id":"https:\/\/centrourbano.com\/revista\/#\/schema\/logo\/image\/","url":"https:\/\/centrourbano.com\/revista\/wp-content\/uploads\/web_CU_logo-1.png","contentUrl":"https:\/\/centrourbano.com\/revista\/wp-content\/uploads\/web_CU_logo-1.png","width":350,"height":91,"caption":"Centro Urbano"},"image":{"@id":"https:\/\/centrourbano.com\/revista\/#\/schema\/logo\/image\/"},"sameAs":["https:\/\/www.facebook.com\/portalcentrourbano","https:\/\/x.com\/CentroUrbano","https:\/\/www.instagram.com\/centro_urbano\/","https:\/\/www.linkedin.com\/company\/centro-urbano\/","http:\/\/www.youtube.com\/user\/portalcentrourbano"]},{"@type":"Person","@id":"https:\/\/centrourbano.com\/revista\/#\/schema\/person\/69755154fe97eeebe4fe9394cb318d28","name":"Horacio Urbano","image":{"@type":"ImageObject","inLanguage":"es","@id":"https:\/\/secure.gravatar.com\/avatar\/bf4232bac122249113b7bcc4636a8d0432b9fa8bcce4243f1ed6c1ecb8fe915f?s=96&d=mm&r=g","url":"https:\/\/secure.gravatar.com\/avatar\/bf4232bac122249113b7bcc4636a8d0432b9fa8bcce4243f1ed6c1ecb8fe915f?s=96&d=mm&r=g","contentUrl":"https:\/\/secure.gravatar.com\/avatar\/bf4232bac122249113b7bcc4636a8d0432b9fa8bcce4243f1ed6c1ecb8fe915f?s=96&d=mm&r=g","caption":"Horacio Urbano"},"description":"Horacio Urbano es arquitecto. Su experiencia profesional se ha desarrollado en los diferentes \u00e1mbitos que definen la industria de la vivienda. En 1999 inici\u00f3 un proyecto editorial dirigido a los sectores inmobiliario y construcci\u00f3n que a lo largo de los a\u00f1os se ha convertido en una poderosa plataforma multimedios y en una verdadera referencia para esta industria. Fundador, junto con la tambi\u00e9n arquitecta Roxana Fabris, de Grupo Centro Urbano, firma que impulsa y desarrolla una serie de esfuerzos de comunicaci\u00f3n relacionados con estos sectores. Como parte de su trabajo en M\u00e9xico y el extranjero, ha escrito o participado en una serie de libros especializados, es colaborador de diferentes medios impresos y electr\u00f3nicos, es activo conferencista y bajo diferentes modelos colabora tambi\u00e9n con diversas empresas e instituciones p\u00fablicas y privadas del sector.","sameAs":["http:\/\/horaciourbano.com\/home\/","https:\/\/www.facebook.com\/urbano.horacio\/","https:\/\/x.com\/https:\/\/twitter.com\/horacio_urbano"],"url":"https:\/\/centrourbano.com\/revista\/author\/horacio-urbano\/"}]}},"_links":{"self":[{"href":"https:\/\/centrourbano.com\/revista\/wp-json\/wp\/v2\/posts\/161393","targetHints":{"allow":["GET"]}}],"collection":[{"href":"https:\/\/centrourbano.com\/revista\/wp-json\/wp\/v2\/posts"}],"about":[{"href":"https:\/\/centrourbano.com\/revista\/wp-json\/wp\/v2\/types\/post"}],"author":[{"embeddable":true,"href":"https:\/\/centrourbano.com\/revista\/wp-json\/wp\/v2\/users\/13"}],"replies":[{"embeddable":true,"href":"https:\/\/centrourbano.com\/revista\/wp-json\/wp\/v2\/comments?post=161393"}],"version-history":[{"count":1,"href":"https:\/\/centrourbano.com\/revista\/wp-json\/wp\/v2\/posts\/161393\/revisions"}],"predecessor-version":[{"id":161395,"href":"https:\/\/centrourbano.com\/revista\/wp-json\/wp\/v2\/posts\/161393\/revisions\/161395"}],"wp:featuredmedia":[{"embeddable":true,"href":"https:\/\/centrourbano.com\/revista\/wp-json\/wp\/v2\/media\/161394"}],"wp:attachment":[{"href":"https:\/\/centrourbano.com\/revista\/wp-json\/wp\/v2\/media?parent=161393"}],"wp:term":[{"taxonomy":"category","embeddable":true,"href":"https:\/\/centrourbano.com\/revista\/wp-json\/wp\/v2\/categories?post=161393"},{"taxonomy":"post_tag","embeddable":true,"href":"https:\/\/centrourbano.com\/revista\/wp-json\/wp\/v2\/tags?post=161393"}],"curies":[{"name":"wp","href":"https:\/\/api.w.org\/{rel}","templated":true}]}}