{"id":160869,"date":"2026-03-19T18:29:01","date_gmt":"2026-03-20T00:29:01","guid":{"rendered":"https:\/\/centrourbano.com\/revista\/?p=160869"},"modified":"2026-03-19T18:29:01","modified_gmt":"2026-03-20T00:29:01","slug":"snohetta-big-mvrdv-barrio-estambul","status":"publish","type":"post","link":"https:\/\/centrourbano.com\/revista\/arquitectura-2\/snohetta-big-mvrdv-barrio-estambul\/","title":{"rendered":"Sn\u00f8hetta, BIG y MVRDV dise\u00f1an nuevo barrio costero en Estambul"},"content":{"rendered":"<p><em>El nuevo barrio Ion Riva apuesta por un modelo urbano basado en paisaje, sostenibilidad y comunidad en la costa del Mar Negro<\/em><!--more--><\/p>\n<p>Tres de las firmas de arquitectura m\u00e1s influyentes a nivel global \u2014<strong>Sn\u00f8hetta<\/strong>, <strong>Bjarke Ingels Group<\/strong> (<strong>BIG<\/strong>) y <strong>MVRDV<\/strong>\u2014 colaboran en el desarrollo de <strong>Ion Riva<\/strong>, un nuevo barrio costero que busca redefinir la relaci\u00f3n entre ciudad y naturaleza en Estambul, Turqu\u00eda.<\/p>\n<p>Ubicado a orillas del Mar Negro, el proyecto se plantea como un modelo urbano integral que combina <strong>vivienda<\/strong>, <strong>cultura<\/strong>, <strong>espacio p\u00fablico<\/strong> y <strong>paisaje<\/strong> en un entorno de aproximadamente 84 hect\u00e1reas, con el objetivo de crear una comunidad resiliente y sostenible.<\/p>\n<a href=\"https:\/\/centrourbano.com\/revista\/wp-content\/uploads\/snohetta-big-and-mvrdv-design-master-plan-for-84-hectare-neighborhood-in-istanbul-turkiye_1-2.jpg\" target=\"_blank\" rel=\"noopener\"><img loading=\"lazy\" decoding=\"async\" class=\"aligncenter wp-image-160871\" src=\"https:\/\/centrourbano.com\/revista\/wp-content\/uploads\/snohetta-big-and-mvrdv-design-master-plan-for-84-hectare-neighborhood-in-istanbul-turkiye_1-2.jpg\" alt=\"\" width=\"801\" height=\"447\" srcset=\"https:\/\/centrourbano.com\/revista\/wp-content\/uploads\/snohetta-big-and-mvrdv-design-master-plan-for-84-hectare-neighborhood-in-istanbul-turkiye_1-2.jpg 1582w, https:\/\/centrourbano.com\/revista\/wp-content\/uploads\/snohetta-big-and-mvrdv-design-master-plan-for-84-hectare-neighborhood-in-istanbul-turkiye_1-2-300x167.jpg 300w, https:\/\/centrourbano.com\/revista\/wp-content\/uploads\/snohetta-big-and-mvrdv-design-master-plan-for-84-hectare-neighborhood-in-istanbul-turkiye_1-2-1000x558.jpg 1000w, https:\/\/centrourbano.com\/revista\/wp-content\/uploads\/snohetta-big-and-mvrdv-design-master-plan-for-84-hectare-neighborhood-in-istanbul-turkiye_1-2-768x429.jpg 768w, https:\/\/centrourbano.com\/revista\/wp-content\/uploads\/snohetta-big-and-mvrdv-design-master-plan-for-84-hectare-neighborhood-in-istanbul-turkiye_1-2-1536x857.jpg 1536w\" sizes=\"auto, (max-width: 801px) 100vw, 801px\" \/><\/a>\n<p><!--more--><\/p>\n<h2><strong>Un plan maestro centrado en el paisaje<\/strong><\/h2>\n<p>A diferencia de otros desarrollos urbanos tradicionales, <strong>Ion Riva<\/strong> coloca al <strong>paisaje<\/strong> como eje estructurador del dise\u00f1o, priorizando la integraci\u00f3n con el <strong>entorno natural<\/strong> y la preservaci\u00f3n de los <strong>ecosistemas costeros<\/strong>.<\/p>\n<p>Asimismo, el plan maestro del barrio propone una red de <strong>espacios p\u00fablicos<\/strong> interconectados, <strong>\u00e1reas verdes<\/strong> y <strong>corredores peatonales<\/strong> que fomentan la movilidad sostenible y la convivencia comunitaria, reduciendo la dependencia del autom\u00f3vil.<\/p>\n<a href=\"https:\/\/centrourbano.com\/revista\/wp-content\/uploads\/snohetta-big-and-mvrdv-design-master-plan-for-84-hectare-neighborhood-in-istanbul-turkiye_1.jpg\" target=\"_blank\" rel=\"noopener\"><img loading=\"lazy\" decoding=\"async\" class=\"aligncenter wp-image-160872\" src=\"https:\/\/centrourbano.com\/revista\/wp-content\/uploads\/snohetta-big-and-mvrdv-design-master-plan-for-84-hectare-neighborhood-in-istanbul-turkiye_1.jpg\" alt=\"\" width=\"800\" height=\"999\" srcset=\"https:\/\/centrourbano.com\/revista\/wp-content\/uploads\/snohetta-big-and-mvrdv-design-master-plan-for-84-hectare-neighborhood-in-istanbul-turkiye_1.jpg 801w, https:\/\/centrourbano.com\/revista\/wp-content\/uploads\/snohetta-big-and-mvrdv-design-master-plan-for-84-hectare-neighborhood-in-istanbul-turkiye_1-240x300.jpg 240w, https:\/\/centrourbano.com\/revista\/wp-content\/uploads\/snohetta-big-and-mvrdv-design-master-plan-for-84-hectare-neighborhood-in-istanbul-turkiye_1-768x959.jpg 768w\" sizes=\"auto, (max-width: 800px) 100vw, 800px\" \/><\/a>\n<p><!--more--><\/p>\n<h2><strong>Arquitectura ic\u00f3nica con enfoque ambiental<\/strong><\/h2>\n<p>Cada una de las firmas participantes aporta su visi\u00f3n distintiva al proyecto. En este sentido, <strong>Sn\u00f8hetta<\/strong>, <strong>BIG<\/strong> y <strong>MVRDV<\/strong> proponen una serie de edificios emblem\u00e1ticos que no solo buscan destacar por su propuesta formal, sino tambi\u00e9n por su desempe\u00f1o ambiental.<\/p>\n<p>Entre ellos se encuentran conceptos como \u2018<strong>The Ring\u2019<\/strong> y \u2018<strong>The Drop\u2019<\/strong>, estructuras que integran usos culturales y recreativos, al tiempo que se adaptan al paisaje y refuerzan la identidad del desarrollo.<\/p>\n<p>El enfoque arquitect\u00f3nico prioriza estrategias como el aprovechamiento de la luz natural, la ventilaci\u00f3n cruzada y la conexi\u00f3n visual con el entorno, en l\u00ednea con principios de <strong>dise\u00f1o sostenible<\/strong>.<\/p>\n<a href=\"https:\/\/centrourbano.com\/revista\/wp-content\/uploads\/snohetta-big-and-mvrdv-design-master-plan-for-84-hectare-neighborhood-in-istanbul-turkiye_13.jpg\" target=\"_blank\" rel=\"noopener\"><img loading=\"lazy\" decoding=\"async\" class=\"aligncenter wp-image-160873 \" src=\"https:\/\/centrourbano.com\/revista\/wp-content\/uploads\/snohetta-big-and-mvrdv-design-master-plan-for-84-hectare-neighborhood-in-istanbul-turkiye_13.jpg\" alt=\"\" width=\"801\" height=\"617\" srcset=\"https:\/\/centrourbano.com\/revista\/wp-content\/uploads\/snohetta-big-and-mvrdv-design-master-plan-for-84-hectare-neighborhood-in-istanbul-turkiye_13.jpg 1299w, https:\/\/centrourbano.com\/revista\/wp-content\/uploads\/snohetta-big-and-mvrdv-design-master-plan-for-84-hectare-neighborhood-in-istanbul-turkiye_13-300x231.jpg 300w, https:\/\/centrourbano.com\/revista\/wp-content\/uploads\/snohetta-big-and-mvrdv-design-master-plan-for-84-hectare-neighborhood-in-istanbul-turkiye_13-1000x770.jpg 1000w, https:\/\/centrourbano.com\/revista\/wp-content\/uploads\/snohetta-big-and-mvrdv-design-master-plan-for-84-hectare-neighborhood-in-istanbul-turkiye_13-768x591.jpg 768w\" sizes=\"auto, (max-width: 801px) 100vw, 801px\" \/><\/a>\n<p><!--more--><\/p>\n<h2><strong>Un modelo de ciudad para el futuro<\/strong><\/h2>\n<p>Adem\u00e1s, <strong>Ion Riva<\/strong> se proyecta como un referente de <strong>urbanismo contempor\u00e1neo<\/strong>, donde la calidad de vida, la sostenibilidad y la cohesi\u00f3n social se colocan en el centro del desarrollo.<\/p>\n<p>M\u00e1s all\u00e1 de su escala, el barrio representa una apuesta por nuevas formas de habitar la ciudad, en las que el <strong>espacio p\u00fablico<\/strong>, la <strong>naturaleza<\/strong> y la <strong>comunidad<\/strong> juegan un papel fundamental en la configuraci\u00f3n del entorno urbano.<\/p>\n<p>Con esta iniciativa, <strong>Estambul<\/strong> refuerza su papel como laboratorio de <strong>innovaci\u00f3n urbana y arquitect\u00f3nica,<\/strong> al tiempo que abre la puerta a modelos de desarrollo m\u00e1s equilibrados y conscientes del contexto ambiental.<\/p>\n<a href=\"https:\/\/centrourbano.com\/revista\/wp-content\/uploads\/snohetta-big-and-mvrdv-design-master-plan-for-84-hectare-neighborhood-in-istanbul-turkiye_1-1.jpg\" target=\"_blank\" rel=\"noopener\"><img loading=\"lazy\" decoding=\"async\" class=\"aligncenter wp-image-160874\" src=\"https:\/\/centrourbano.com\/revista\/wp-content\/uploads\/snohetta-big-and-mvrdv-design-master-plan-for-84-hectare-neighborhood-in-istanbul-turkiye_1-1.jpg\" alt=\"\" width=\"800\" height=\"536\" srcset=\"https:\/\/centrourbano.com\/revista\/wp-content\/uploads\/snohetta-big-and-mvrdv-design-master-plan-for-84-hectare-neighborhood-in-istanbul-turkiye_1-1.jpg 1493w, https:\/\/centrourbano.com\/revista\/wp-content\/uploads\/snohetta-big-and-mvrdv-design-master-plan-for-84-hectare-neighborhood-in-istanbul-turkiye_1-1-300x201.jpg 300w, https:\/\/centrourbano.com\/revista\/wp-content\/uploads\/snohetta-big-and-mvrdv-design-master-plan-for-84-hectare-neighborhood-in-istanbul-turkiye_1-1-1000x670.jpg 1000w, https:\/\/centrourbano.com\/revista\/wp-content\/uploads\/snohetta-big-and-mvrdv-design-master-plan-for-84-hectare-neighborhood-in-istanbul-turkiye_1-1-768x514.jpg 768w\" sizes=\"auto, (max-width: 800px) 100vw, 800px\" \/><\/a>\n","protected":false},"excerpt":{"rendered":"<p>El nuevo barrio Ion Riva apuesta por un modelo urbano basado en paisaje, sostenibilidad y comunidad en la costa del Mar Negro<\/p>\n","protected":false},"author":73,"featured_media":160870,"comment_status":"open","ping_status":"closed","sticky":false,"template":"","format":"standard","meta":{"om_disable_all_campaigns":false,"inline_featured_image":false,"_monsterinsights_skip_tracking":false,"_monsterinsights_sitenote_active":false,"_monsterinsights_sitenote_note":"","_monsterinsights_sitenote_category":0,"footnotes":""},"categories":[81],"tags":[20,8072,7740,1809,2515,23444,24099],"class_list":["post-160869","post","type-post","status-publish","format-standard","has-post-thumbnail","hentry","category-arquitectura-2","tag-arquitectura","tag-barrio","tag-big","tag-diseno","tag-estambul","tag-mvrdv","tag-snohetta"],"yoast_head":"<!-- This site is optimized with the Yoast SEO plugin v27.5 - https:\/\/yoast.com\/product\/yoast-seo-wordpress\/ -->\n<title>Sn\u00f8hetta, BIG y MVRDV dise\u00f1an barrio costero en Estambul<\/title>\n<meta name=\"description\" content=\"El nuevo barrio Ion Riva apuesta por un modelo urbano basado en paisaje, sostenibilidad y comunidad en la costa del Mar Negro\" \/>\n<meta name=\"robots\" content=\"index, follow, max-snippet:-1, max-image-preview:large, max-video-preview:-1\" \/>\n<link rel=\"canonical\" href=\"https:\/\/centrourbano.com\/revista\/arquitectura-2\/snohetta-big-mvrdv-barrio-estambul\/\" \/>\n<meta property=\"og:locale\" content=\"es_ES\" \/>\n<meta property=\"og:type\" content=\"article\" \/>\n<meta property=\"og:title\" content=\"Sn\u00f8hetta, BIG y MVRDV dise\u00f1an barrio costero en Estambul\" \/>\n<meta property=\"og:description\" content=\"El nuevo barrio Ion Riva apuesta por un modelo urbano basado en paisaje, sostenibilidad y comunidad en la costa del Mar Negro\" \/>\n<meta property=\"og:url\" content=\"https:\/\/centrourbano.com\/revista\/arquitectura-2\/snohetta-big-mvrdv-barrio-estambul\/\" \/>\n<meta property=\"og:site_name\" content=\"Centro Urbano\" \/>\n<meta property=\"article:publisher\" content=\"https:\/\/www.facebook.com\/portalcentrourbano\" \/>\n<meta property=\"article:published_time\" content=\"2026-03-20T00:29:01+00:00\" \/>\n<meta property=\"og:image\" content=\"https:\/\/centrourbano.com\/revista\/wp-content\/uploads\/Snohetta-BIG-y-MVRDV-disen\u0303an-nuevo-barrio-costero-en-Estambul.jpg\" \/>\n\t<meta property=\"og:image:width\" content=\"1000\" \/>\n\t<meta property=\"og:image:height\" content=\"855\" \/>\n\t<meta property=\"og:image:type\" content=\"image\/jpeg\" \/>\n<meta name=\"author\" content=\"Fernanda Hern\u00e1ndez\" \/>\n<meta name=\"twitter:card\" content=\"summary_large_image\" \/>\n<meta name=\"twitter:creator\" content=\"@https:\/\/twitter.com\/Nannz_Hernandez\" \/>\n<meta name=\"twitter:site\" content=\"@CentroUrbano\" \/>\n<meta name=\"twitter:label1\" content=\"Escrito por\" \/>\n\t<meta name=\"twitter:data1\" content=\"Fernanda Hern\u00e1ndez\" \/>\n\t<meta name=\"twitter:label2\" content=\"Tiempo de lectura\" \/>\n\t<meta name=\"twitter:data2\" content=\"3 minutos\" \/>\n<script type=\"application\/ld+json\" class=\"yoast-schema-graph\">{\"@context\":\"https:\\\/\\\/schema.org\",\"@graph\":[{\"@type\":\"Article\",\"@id\":\"https:\\\/\\\/centrourbano.com\\\/revista\\\/arquitectura-2\\\/snohetta-big-mvrdv-barrio-estambul\\\/#article\",\"isPartOf\":{\"@id\":\"https:\\\/\\\/centrourbano.com\\\/revista\\\/arquitectura-2\\\/snohetta-big-mvrdv-barrio-estambul\\\/\"},\"author\":{\"name\":\"Fernanda Hern\u00e1ndez\",\"@id\":\"https:\\\/\\\/centrourbano.com\\\/revista\\\/#\\\/schema\\\/person\\\/bc284507d99af21c6df75a3f1924b95c\"},\"headline\":\"Sn\u00f8hetta, BIG y MVRDV dise\u00f1an nuevo barrio costero en Estambul\",\"datePublished\":\"2026-03-20T00:29:01+00:00\",\"mainEntityOfPage\":{\"@id\":\"https:\\\/\\\/centrourbano.com\\\/revista\\\/arquitectura-2\\\/snohetta-big-mvrdv-barrio-estambul\\\/\"},\"wordCount\":425,\"commentCount\":0,\"publisher\":{\"@id\":\"https:\\\/\\\/centrourbano.com\\\/revista\\\/#organization\"},\"image\":{\"@id\":\"https:\\\/\\\/centrourbano.com\\\/revista\\\/arquitectura-2\\\/snohetta-big-mvrdv-barrio-estambul\\\/#primaryimage\"},\"thumbnailUrl\":\"https:\\\/\\\/centrourbano.com\\\/revista\\\/wp-content\\\/uploads\\\/Snohetta-BIG-y-MVRDV-disen\u0303an-nuevo-barrio-costero-en-Estambul.jpg\",\"keywords\":[\"arquitectura\",\"barrio\",\"BIG\",\"dise\u00f1o\",\"Estambul\",\"MVRDV\",\"Snohetta\"],\"articleSection\":[\"Arquitectura\"],\"inLanguage\":\"es\",\"potentialAction\":[{\"@type\":\"CommentAction\",\"name\":\"Comment\",\"target\":[\"https:\\\/\\\/centrourbano.com\\\/revista\\\/arquitectura-2\\\/snohetta-big-mvrdv-barrio-estambul\\\/#respond\"]}]},{\"@type\":\"WebPage\",\"@id\":\"https:\\\/\\\/centrourbano.com\\\/revista\\\/arquitectura-2\\\/snohetta-big-mvrdv-barrio-estambul\\\/\",\"url\":\"https:\\\/\\\/centrourbano.com\\\/revista\\\/arquitectura-2\\\/snohetta-big-mvrdv-barrio-estambul\\\/\",\"name\":\"Sn\u00f8hetta, BIG y MVRDV dise\u00f1an barrio costero en Estambul\",\"isPartOf\":{\"@id\":\"https:\\\/\\\/centrourbano.com\\\/revista\\\/#website\"},\"primaryImageOfPage\":{\"@id\":\"https:\\\/\\\/centrourbano.com\\\/revista\\\/arquitectura-2\\\/snohetta-big-mvrdv-barrio-estambul\\\/#primaryimage\"},\"image\":{\"@id\":\"https:\\\/\\\/centrourbano.com\\\/revista\\\/arquitectura-2\\\/snohetta-big-mvrdv-barrio-estambul\\\/#primaryimage\"},\"thumbnailUrl\":\"https:\\\/\\\/centrourbano.com\\\/revista\\\/wp-content\\\/uploads\\\/Snohetta-BIG-y-MVRDV-disen\u0303an-nuevo-barrio-costero-en-Estambul.jpg\",\"datePublished\":\"2026-03-20T00:29:01+00:00\",\"description\":\"El nuevo barrio Ion Riva apuesta por un modelo urbano basado en paisaje, sostenibilidad y comunidad en la costa del Mar Negro\",\"breadcrumb\":{\"@id\":\"https:\\\/\\\/centrourbano.com\\\/revista\\\/arquitectura-2\\\/snohetta-big-mvrdv-barrio-estambul\\\/#breadcrumb\"},\"inLanguage\":\"es\",\"potentialAction\":[{\"@type\":\"ReadAction\",\"target\":[\"https:\\\/\\\/centrourbano.com\\\/revista\\\/arquitectura-2\\\/snohetta-big-mvrdv-barrio-estambul\\\/\"]}]},{\"@type\":\"ImageObject\",\"inLanguage\":\"es\",\"@id\":\"https:\\\/\\\/centrourbano.com\\\/revista\\\/arquitectura-2\\\/snohetta-big-mvrdv-barrio-estambul\\\/#primaryimage\",\"url\":\"https:\\\/\\\/centrourbano.com\\\/revista\\\/wp-content\\\/uploads\\\/Snohetta-BIG-y-MVRDV-disen\u0303an-nuevo-barrio-costero-en-Estambul.jpg\",\"contentUrl\":\"https:\\\/\\\/centrourbano.com\\\/revista\\\/wp-content\\\/uploads\\\/Snohetta-BIG-y-MVRDV-disen\u0303an-nuevo-barrio-costero-en-Estambul.jpg\",\"width\":1000,\"height\":855,\"caption\":\"El nuevo barrio Ion Riva apuesta por un modelo urbano basado en paisaje, sostenibilidad y comunidad en la costa del Mar Negro\"},{\"@type\":\"BreadcrumbList\",\"@id\":\"https:\\\/\\\/centrourbano.com\\\/revista\\\/arquitectura-2\\\/snohetta-big-mvrdv-barrio-estambul\\\/#breadcrumb\",\"itemListElement\":[{\"@type\":\"ListItem\",\"position\":1,\"name\":\"Portada\",\"item\":\"https:\\\/\\\/centrourbano.com\\\/revista\\\/\"},{\"@type\":\"ListItem\",\"position\":2,\"name\":\"Sn\u00f8hetta, BIG y MVRDV dise\u00f1an nuevo barrio costero en Estambul\"}]},{\"@type\":\"WebSite\",\"@id\":\"https:\\\/\\\/centrourbano.com\\\/revista\\\/#website\",\"url\":\"https:\\\/\\\/centrourbano.com\\\/revista\\\/\",\"name\":\"Centro Urbano\",\"description\":\"Medio especializado en los sectores vivienda, inmobiliario, construcci\u00f3n, arquitectura y urbanismo.\",\"publisher\":{\"@id\":\"https:\\\/\\\/centrourbano.com\\\/revista\\\/#organization\"},\"potentialAction\":[{\"@type\":\"SearchAction\",\"target\":{\"@type\":\"EntryPoint\",\"urlTemplate\":\"https:\\\/\\\/centrourbano.com\\\/revista\\\/?s={search_term_string}\"},\"query-input\":{\"@type\":\"PropertyValueSpecification\",\"valueRequired\":true,\"valueName\":\"search_term_string\"}}],\"inLanguage\":\"es\"},{\"@type\":\"Organization\",\"@id\":\"https:\\\/\\\/centrourbano.com\\\/revista\\\/#organization\",\"name\":\"Centro Urbano\",\"url\":\"https:\\\/\\\/centrourbano.com\\\/revista\\\/\",\"logo\":{\"@type\":\"ImageObject\",\"inLanguage\":\"es\",\"@id\":\"https:\\\/\\\/centrourbano.com\\\/revista\\\/#\\\/schema\\\/logo\\\/image\\\/\",\"url\":\"https:\\\/\\\/centrourbano.com\\\/revista\\\/wp-content\\\/uploads\\\/web_CU_logo-1.png\",\"contentUrl\":\"https:\\\/\\\/centrourbano.com\\\/revista\\\/wp-content\\\/uploads\\\/web_CU_logo-1.png\",\"width\":350,\"height\":91,\"caption\":\"Centro Urbano\"},\"image\":{\"@id\":\"https:\\\/\\\/centrourbano.com\\\/revista\\\/#\\\/schema\\\/logo\\\/image\\\/\"},\"sameAs\":[\"https:\\\/\\\/www.facebook.com\\\/portalcentrourbano\",\"https:\\\/\\\/x.com\\\/CentroUrbano\",\"https:\\\/\\\/www.instagram.com\\\/centro_urbano\\\/\",\"https:\\\/\\\/www.linkedin.com\\\/company\\\/centro-urbano\\\/\",\"http:\\\/\\\/www.youtube.com\\\/user\\\/portalcentrourbano\"]},{\"@type\":\"Person\",\"@id\":\"https:\\\/\\\/centrourbano.com\\\/revista\\\/#\\\/schema\\\/person\\\/bc284507d99af21c6df75a3f1924b95c\",\"name\":\"Fernanda Hern\u00e1ndez\",\"image\":{\"@type\":\"ImageObject\",\"inLanguage\":\"es\",\"@id\":\"https:\\\/\\\/secure.gravatar.com\\\/avatar\\\/9471831fb0a24eae9d32d826a7cb8ef07c34a41520aca1a0ab1f5c0903ba49b9?s=96&d=mm&r=g\",\"url\":\"https:\\\/\\\/secure.gravatar.com\\\/avatar\\\/9471831fb0a24eae9d32d826a7cb8ef07c34a41520aca1a0ab1f5c0903ba49b9?s=96&d=mm&r=g\",\"contentUrl\":\"https:\\\/\\\/secure.gravatar.com\\\/avatar\\\/9471831fb0a24eae9d32d826a7cb8ef07c34a41520aca1a0ab1f5c0903ba49b9?s=96&d=mm&r=g\",\"caption\":\"Fernanda Hern\u00e1ndez\"},\"description\":\"Reportera y redactora en Centro Urbano. Soy egresada de la licenciatura en Ciencias de la Comunicaci\u00f3n de la Facultad de Ciencias Pol\u00edticas y Sociales (UNAM). Me interesa la cultura, el urbanismo y la arquitectura. Amante del mundo digital, el cine, la m\u00fasica, la lectura y la escritura.\",\"sameAs\":[\"https:\\\/\\\/x.com\\\/https:\\\/\\\/twitter.com\\\/Nannz_Hernandez\"],\"url\":\"https:\\\/\\\/centrourbano.com\\\/revista\\\/author\\\/fernanda-hernandez\\\/\"}]}<\/script>\n<!-- \/ Yoast SEO plugin. -->","yoast_head_json":{"title":"Sn\u00f8hetta, BIG y MVRDV dise\u00f1an barrio costero en Estambul","description":"El nuevo barrio Ion Riva apuesta por un modelo urbano basado en paisaje, sostenibilidad y comunidad en la costa del Mar Negro","robots":{"index":"index","follow":"follow","max-snippet":"max-snippet:-1","max-image-preview":"max-image-preview:large","max-video-preview":"max-video-preview:-1"},"canonical":"https:\/\/centrourbano.com\/revista\/arquitectura-2\/snohetta-big-mvrdv-barrio-estambul\/","og_locale":"es_ES","og_type":"article","og_title":"Sn\u00f8hetta, BIG y MVRDV dise\u00f1an barrio costero en Estambul","og_description":"El nuevo barrio Ion Riva apuesta por un modelo urbano basado en paisaje, sostenibilidad y comunidad en la costa del Mar Negro","og_url":"https:\/\/centrourbano.com\/revista\/arquitectura-2\/snohetta-big-mvrdv-barrio-estambul\/","og_site_name":"Centro Urbano","article_publisher":"https:\/\/www.facebook.com\/portalcentrourbano","article_published_time":"2026-03-20T00:29:01+00:00","og_image":[{"width":1000,"height":855,"url":"https:\/\/centrourbano.com\/revista\/wp-content\/uploads\/Snohetta-BIG-y-MVRDV-disen\u0303an-nuevo-barrio-costero-en-Estambul.jpg","type":"image\/jpeg"}],"author":"Fernanda Hern\u00e1ndez","twitter_card":"summary_large_image","twitter_creator":"@https:\/\/twitter.com\/Nannz_Hernandez","twitter_site":"@CentroUrbano","twitter_misc":{"Escrito por":"Fernanda Hern\u00e1ndez","Tiempo de lectura":"3 minutos"},"schema":{"@context":"https:\/\/schema.org","@graph":[{"@type":"Article","@id":"https:\/\/centrourbano.com\/revista\/arquitectura-2\/snohetta-big-mvrdv-barrio-estambul\/#article","isPartOf":{"@id":"https:\/\/centrourbano.com\/revista\/arquitectura-2\/snohetta-big-mvrdv-barrio-estambul\/"},"author":{"name":"Fernanda Hern\u00e1ndez","@id":"https:\/\/centrourbano.com\/revista\/#\/schema\/person\/bc284507d99af21c6df75a3f1924b95c"},"headline":"Sn\u00f8hetta, BIG y MVRDV dise\u00f1an nuevo barrio costero en Estambul","datePublished":"2026-03-20T00:29:01+00:00","mainEntityOfPage":{"@id":"https:\/\/centrourbano.com\/revista\/arquitectura-2\/snohetta-big-mvrdv-barrio-estambul\/"},"wordCount":425,"commentCount":0,"publisher":{"@id":"https:\/\/centrourbano.com\/revista\/#organization"},"image":{"@id":"https:\/\/centrourbano.com\/revista\/arquitectura-2\/snohetta-big-mvrdv-barrio-estambul\/#primaryimage"},"thumbnailUrl":"https:\/\/centrourbano.com\/revista\/wp-content\/uploads\/Snohetta-BIG-y-MVRDV-disen\u0303an-nuevo-barrio-costero-en-Estambul.jpg","keywords":["arquitectura","barrio","BIG","dise\u00f1o","Estambul","MVRDV","Snohetta"],"articleSection":["Arquitectura"],"inLanguage":"es","potentialAction":[{"@type":"CommentAction","name":"Comment","target":["https:\/\/centrourbano.com\/revista\/arquitectura-2\/snohetta-big-mvrdv-barrio-estambul\/#respond"]}]},{"@type":"WebPage","@id":"https:\/\/centrourbano.com\/revista\/arquitectura-2\/snohetta-big-mvrdv-barrio-estambul\/","url":"https:\/\/centrourbano.com\/revista\/arquitectura-2\/snohetta-big-mvrdv-barrio-estambul\/","name":"Sn\u00f8hetta, BIG y MVRDV dise\u00f1an barrio costero en Estambul","isPartOf":{"@id":"https:\/\/centrourbano.com\/revista\/#website"},"primaryImageOfPage":{"@id":"https:\/\/centrourbano.com\/revista\/arquitectura-2\/snohetta-big-mvrdv-barrio-estambul\/#primaryimage"},"image":{"@id":"https:\/\/centrourbano.com\/revista\/arquitectura-2\/snohetta-big-mvrdv-barrio-estambul\/#primaryimage"},"thumbnailUrl":"https:\/\/centrourbano.com\/revista\/wp-content\/uploads\/Snohetta-BIG-y-MVRDV-disen\u0303an-nuevo-barrio-costero-en-Estambul.jpg","datePublished":"2026-03-20T00:29:01+00:00","description":"El nuevo barrio Ion Riva apuesta por un modelo urbano basado en paisaje, sostenibilidad y comunidad en la costa del Mar Negro","breadcrumb":{"@id":"https:\/\/centrourbano.com\/revista\/arquitectura-2\/snohetta-big-mvrdv-barrio-estambul\/#breadcrumb"},"inLanguage":"es","potentialAction":[{"@type":"ReadAction","target":["https:\/\/centrourbano.com\/revista\/arquitectura-2\/snohetta-big-mvrdv-barrio-estambul\/"]}]},{"@type":"ImageObject","inLanguage":"es","@id":"https:\/\/centrourbano.com\/revista\/arquitectura-2\/snohetta-big-mvrdv-barrio-estambul\/#primaryimage","url":"https:\/\/centrourbano.com\/revista\/wp-content\/uploads\/Snohetta-BIG-y-MVRDV-disen\u0303an-nuevo-barrio-costero-en-Estambul.jpg","contentUrl":"https:\/\/centrourbano.com\/revista\/wp-content\/uploads\/Snohetta-BIG-y-MVRDV-disen\u0303an-nuevo-barrio-costero-en-Estambul.jpg","width":1000,"height":855,"caption":"El nuevo barrio Ion Riva apuesta por un modelo urbano basado en paisaje, sostenibilidad y comunidad en la costa del Mar Negro"},{"@type":"BreadcrumbList","@id":"https:\/\/centrourbano.com\/revista\/arquitectura-2\/snohetta-big-mvrdv-barrio-estambul\/#breadcrumb","itemListElement":[{"@type":"ListItem","position":1,"name":"Portada","item":"https:\/\/centrourbano.com\/revista\/"},{"@type":"ListItem","position":2,"name":"Sn\u00f8hetta, BIG y MVRDV dise\u00f1an nuevo barrio costero en Estambul"}]},{"@type":"WebSite","@id":"https:\/\/centrourbano.com\/revista\/#website","url":"https:\/\/centrourbano.com\/revista\/","name":"Centro Urbano","description":"Medio especializado en los sectores vivienda, inmobiliario, construcci\u00f3n, arquitectura y urbanismo.","publisher":{"@id":"https:\/\/centrourbano.com\/revista\/#organization"},"potentialAction":[{"@type":"SearchAction","target":{"@type":"EntryPoint","urlTemplate":"https:\/\/centrourbano.com\/revista\/?s={search_term_string}"},"query-input":{"@type":"PropertyValueSpecification","valueRequired":true,"valueName":"search_term_string"}}],"inLanguage":"es"},{"@type":"Organization","@id":"https:\/\/centrourbano.com\/revista\/#organization","name":"Centro Urbano","url":"https:\/\/centrourbano.com\/revista\/","logo":{"@type":"ImageObject","inLanguage":"es","@id":"https:\/\/centrourbano.com\/revista\/#\/schema\/logo\/image\/","url":"https:\/\/centrourbano.com\/revista\/wp-content\/uploads\/web_CU_logo-1.png","contentUrl":"https:\/\/centrourbano.com\/revista\/wp-content\/uploads\/web_CU_logo-1.png","width":350,"height":91,"caption":"Centro Urbano"},"image":{"@id":"https:\/\/centrourbano.com\/revista\/#\/schema\/logo\/image\/"},"sameAs":["https:\/\/www.facebook.com\/portalcentrourbano","https:\/\/x.com\/CentroUrbano","https:\/\/www.instagram.com\/centro_urbano\/","https:\/\/www.linkedin.com\/company\/centro-urbano\/","http:\/\/www.youtube.com\/user\/portalcentrourbano"]},{"@type":"Person","@id":"https:\/\/centrourbano.com\/revista\/#\/schema\/person\/bc284507d99af21c6df75a3f1924b95c","name":"Fernanda Hern\u00e1ndez","image":{"@type":"ImageObject","inLanguage":"es","@id":"https:\/\/secure.gravatar.com\/avatar\/9471831fb0a24eae9d32d826a7cb8ef07c34a41520aca1a0ab1f5c0903ba49b9?s=96&d=mm&r=g","url":"https:\/\/secure.gravatar.com\/avatar\/9471831fb0a24eae9d32d826a7cb8ef07c34a41520aca1a0ab1f5c0903ba49b9?s=96&d=mm&r=g","contentUrl":"https:\/\/secure.gravatar.com\/avatar\/9471831fb0a24eae9d32d826a7cb8ef07c34a41520aca1a0ab1f5c0903ba49b9?s=96&d=mm&r=g","caption":"Fernanda Hern\u00e1ndez"},"description":"Reportera y redactora en Centro Urbano. Soy egresada de la licenciatura en Ciencias de la Comunicaci\u00f3n de la Facultad de Ciencias Pol\u00edticas y Sociales (UNAM). Me interesa la cultura, el urbanismo y la arquitectura. Amante del mundo digital, el cine, la m\u00fasica, la lectura y la escritura.","sameAs":["https:\/\/x.com\/https:\/\/twitter.com\/Nannz_Hernandez"],"url":"https:\/\/centrourbano.com\/revista\/author\/fernanda-hernandez\/"}]}},"_links":{"self":[{"href":"https:\/\/centrourbano.com\/revista\/wp-json\/wp\/v2\/posts\/160869","targetHints":{"allow":["GET"]}}],"collection":[{"href":"https:\/\/centrourbano.com\/revista\/wp-json\/wp\/v2\/posts"}],"about":[{"href":"https:\/\/centrourbano.com\/revista\/wp-json\/wp\/v2\/types\/post"}],"author":[{"embeddable":true,"href":"https:\/\/centrourbano.com\/revista\/wp-json\/wp\/v2\/users\/73"}],"replies":[{"embeddable":true,"href":"https:\/\/centrourbano.com\/revista\/wp-json\/wp\/v2\/comments?post=160869"}],"version-history":[{"count":1,"href":"https:\/\/centrourbano.com\/revista\/wp-json\/wp\/v2\/posts\/160869\/revisions"}],"predecessor-version":[{"id":160875,"href":"https:\/\/centrourbano.com\/revista\/wp-json\/wp\/v2\/posts\/160869\/revisions\/160875"}],"wp:featuredmedia":[{"embeddable":true,"href":"https:\/\/centrourbano.com\/revista\/wp-json\/wp\/v2\/media\/160870"}],"wp:attachment":[{"href":"https:\/\/centrourbano.com\/revista\/wp-json\/wp\/v2\/media?parent=160869"}],"wp:term":[{"taxonomy":"category","embeddable":true,"href":"https:\/\/centrourbano.com\/revista\/wp-json\/wp\/v2\/categories?post=160869"},{"taxonomy":"post_tag","embeddable":true,"href":"https:\/\/centrourbano.com\/revista\/wp-json\/wp\/v2\/tags?post=160869"}],"curies":[{"name":"wp","href":"https:\/\/api.w.org\/{rel}","templated":true}]}}