{"id":160572,"date":"2026-03-04T09:30:56","date_gmt":"2026-03-04T15:30:56","guid":{"rendered":"https:\/\/centrourbano.com\/revista\/?p=160572"},"modified":"2026-03-03T21:42:31","modified_gmt":"2026-03-04T03:42:31","slug":"novaceramic-celebra-35-anos-como-referente-en-tabiques-ceramicos-estructurales-en-mexico-y-america-latina","status":"publish","type":"post","link":"https:\/\/centrourbano.com\/revista\/vivienda\/novaceramic-celebra-35-anos-como-referente-en-tabiques-ceramicos-estructurales-en-mexico-y-america-latina\/","title":{"rendered":"Novaceramic celebra 35 a\u00f1os como referente en tabiques cer\u00e1micos estructurales en M\u00e9xico y Am\u00e9rica Latina"},"content":{"rendered":"<p data-start=\"114\" data-end=\"519\">Con 35 a\u00f1os de trayectoria, <strong data-start=\"142\" data-end=\"157\">Novaceramic<\/strong> se ha consolidado como una de las empresas m\u00e1s destacadas en la fabricaci\u00f3n y comercializaci\u00f3n de tabiques cer\u00e1micos estructurales de alta calidad para el sector de la construcci\u00f3n. Desde su fundaci\u00f3n en 1993, la compa\u00f1\u00eda ha trabajado para posicionarse como un referente en M\u00e9xico y Am\u00e9rica Latina, impulsando est\u00e1ndares de calidad e innovaci\u00f3n en la industria.<!--more--><\/p>\n<p data-start=\"521\" data-end=\"952\">La visi\u00f3n de la empresa ha sido clara desde sus inicios: convertirse en un motor de cambio dentro del sector constructor. Este enfoque le ha permitido desarrollar un amplio portafolio de productos que cumplen con exigentes normativas nacionales e internacionales, incluidos los est\u00e1ndares ASTM. Su apuesta por la automatizaci\u00f3n de procesos ha optimizado la producci\u00f3n y garantizado uniformidad y excelencia en cada pieza fabricada.<!--more--><\/p>\n<h3 data-start=\"954\" data-end=\"1002\">Innovaci\u00f3n y valor agregado en cada proyecto<\/h3>\n<p><!--more--><\/p>\n<p data-start=\"1004\" data-end=\"1406\">Entre las principales ventajas de sus tabiques cer\u00e1micos extruidos destacan sus propiedades de aislamiento t\u00e9rmico y ac\u00fastico, caracter\u00edsticas que los convierten en una soluci\u00f3n eficiente para distintos tipos de proyectos habitacionales y comerciales. Asimismo, <a href=\"https:\/\/www.novaceramic.com.mx\/\">la empresa<\/a> ha desempe\u00f1ado un papel relevante como proveedor en programas gubernamentales de vivienda social y mejoramiento urbano en M\u00e9xico.<!--more--><\/p>\n<p data-start=\"1408\" data-end=\"1682\">En materia ambiental, Novaceramic mantiene un compromiso activo con la sostenibilidad, alineando sus pr\u00e1cticas con los objetivos de <span class=\"hover:entity-accent entity-underline inline cursor-pointer align-baseline\"><span class=\"whitespace-normal\">ONU-Habitat<\/span><\/span>, promoviendo procesos ecol\u00f3gicos tanto en la producci\u00f3n como en la selecci\u00f3n responsable de proveedores.<!--more--><\/p>\n<h3 data-start=\"1684\" data-end=\"1733\">Tecnolog\u00eda, dise\u00f1o y proyecci\u00f3n internacional<\/h3>\n<p><!--more--><\/p>\n<p data-start=\"1735\" data-end=\"2018\"><a href=\"https:\/\/centrourbano.com\/revista\/vivienda\/materiales-san-cayetano-novaceramic-y-mezcla-brava-presentan-construye-tu-futuro\/\">La firma <\/a>tambi\u00e9n ha destacado por su capacidad de innovaci\u00f3n tecnol\u00f3gica, incorporando soluciones como la impresi\u00f3n digital de ladrillos, lo que permite ofrecer dise\u00f1os personalizados que combinan est\u00e9tica y materiales naturales para generar propuestas arquitect\u00f3nicas diferenciadas.<!--more--><\/p>\n<p data-start=\"2020\" data-end=\"2223\">El compromiso con la seguridad, el confort y la est\u00e9tica se traduce en una inversi\u00f3n constante en investigaci\u00f3n y desarrollo, asegurando que sus sistemas constructivos aporten valor agregado a cada obra.<!--more--><\/p>\n<p data-start=\"2225\" data-end=\"2565\">Actualmente, Novaceramic mantiene su liderazgo en la fabricaci\u00f3n de tabiques cer\u00e1micos extruidos en M\u00e9xico y contin\u00faa fortaleciendo su presencia internacional como parte del grupo <span class=\"hover:entity-accent entity-underline inline cursor-pointer align-baseline\"><span class=\"whitespace-normal\">Resnova<\/span><\/span>, con sede en el norte de Espa\u00f1a, consolid\u00e1ndose como un referente de calidad e innovaci\u00f3n tanto en Europa como en Am\u00e9rica.<!--more--><\/p>\n<div class=\"flex flex-col text-sm pb-25\">\n<article class=\"text-token-text-primary w-full focus:outline-none [--shadow-height:45px] has-data-writing-block:pointer-events-none has-data-writing-block:-mt-(--shadow-height) has-data-writing-block:pt-(--shadow-height) [&amp;:has([data-writing-block])&gt;*]:pointer-events-auto scroll-mt-[calc(var(--header-height)+min(200px,max(70px,20svh)))]\" dir=\"auto\" tabindex=\"-1\" data-turn-id=\"request-68dc5bfa-34a0-8326-afee-6e69d9c64625-0\" data-testid=\"conversation-turn-22\" data-scroll-anchor=\"true\" data-turn=\"assistant\">\n<div class=\"text-base my-auto mx-auto pb-10 [--thread-content-margin:--spacing(4)] @w-sm\/main:[--thread-content-margin:--spacing(6)] @w-lg\/main:[--thread-content-margin:--spacing(16)] px-(--thread-content-margin)\">\n<div class=\"[--thread-content-max-width:40rem] @w-lg\/main:[--thread-content-max-width:48rem] mx-auto max-w-(--thread-content-max-width) flex-1 group\/turn-messages focus-visible:outline-hidden relative flex w-full min-w-0 flex-col agent-turn\" tabindex=\"-1\">\n<div class=\"flex max-w-full flex-col grow\">\n<div class=\"min-h-8 text-message relative flex w-full flex-col items-end gap-2 text-start break-words whitespace-normal [.text-message+&amp;]:mt-1\" dir=\"auto\" data-message-author-role=\"assistant\" data-message-id=\"82a23c09-c64f-4302-911d-8766d7a71e26\" data-message-model-slug=\"gpt-5-2\">\n<div class=\"flex w-full flex-col gap-1 empty:hidden first:pt-[1px]\">\n<div class=\"markdown prose dark:prose-invert w-full wrap-break-word light markdown-new-styling\">\n<p data-start=\"2567\" data-end=\"2810\" data-is-last-node=\"\" data-is-only-node=\"\">A 35 a\u00f1os de su fundaci\u00f3n, Novaceramic reafirma su compromiso con la industria de la construcci\u00f3n, apostando por tecnolog\u00eda, sostenibilidad y soluciones de alto desempe\u00f1o que contribuyan al desarrollo del sector vivienda en M\u00e9xico y la regi\u00f3n.<\/p>\n<\/div>\n<\/div>\n<\/div>\n<\/div>\n<div class=\"z-0 flex min-h-[46px] justify-start\"><\/div>\n<div class=\"mt-3 w-full empty:hidden\">\n<div class=\"text-center\"><\/div>\n<\/div>\n<\/div>\n<\/div>\n<\/article>\n<\/div>\n<div class=\"pointer-events-none h-px w-px absolute bottom-0\" aria-hidden=\"true\" data-edge=\"true\"><\/div>\n<p data-start=\"521\" data-end=\"952\">\n","protected":false},"excerpt":{"rendered":"<p>Con 35 a\u00f1os de trayectoria, Novaceramic se ha consolidado como una de las empresas m\u00e1s destacadas en la fabricaci\u00f3n y comercializaci\u00f3n de tabiques cer\u00e1micos estructurales de alta calidad para el sector de la construcci\u00f3n. Desde su fundaci\u00f3n en 1993, la compa\u00f1\u00eda ha trabajado para posicionarse como un referente en M\u00e9xico y Am\u00e9rica Latina, impulsando est\u00e1ndares [&hellip;]<\/p>\n","protected":false},"author":89,"featured_media":160573,"comment_status":"open","ping_status":"closed","sticky":false,"template":"","format":"standard","meta":{"om_disable_all_campaigns":false,"inline_featured_image":false,"_monsterinsights_skip_tracking":false,"_monsterinsights_sitenote_active":false,"_monsterinsights_sitenote_note":"","_monsterinsights_sitenote_category":0,"footnotes":""},"categories":[12],"tags":[25467,4943,5268],"class_list":["post-160572","post","type-post","status-publish","format-standard","has-post-thumbnail","hentry","category-vivienda","tag-35-anos","tag-aniversario","tag-novaceramic"],"yoast_head":"<!-- This site is optimized with the Yoast SEO plugin v27.5 - https:\/\/yoast.com\/product\/yoast-seo-wordpress\/ -->\n<title>Novaceramic celebra 35 a\u00f1os como referente en tabiques cer\u00e1micos estructurales en M\u00e9xico y Am\u00e9rica Latina -<\/title>\n<meta name=\"description\" content=\"Con 35 a\u00f1os de trayectoria, Novaceramic se ha consolidado como una de las empresas m\u00e1s destacadas en la fabricaci\u00f3n y comercializaci\u00f3n de tabiques\" \/>\n<meta name=\"robots\" content=\"index, follow, max-snippet:-1, max-image-preview:large, max-video-preview:-1\" \/>\n<link rel=\"canonical\" href=\"https:\/\/centrourbano.com\/revista\/vivienda\/novaceramic-celebra-35-anos-como-referente-en-tabiques-ceramicos-estructurales-en-mexico-y-america-latina\/\" \/>\n<meta property=\"og:locale\" content=\"es_ES\" \/>\n<meta property=\"og:type\" content=\"article\" \/>\n<meta property=\"og:title\" content=\"Novaceramic celebra 35 a\u00f1os como referente en tabiques cer\u00e1micos estructurales en M\u00e9xico y Am\u00e9rica Latina -\" \/>\n<meta property=\"og:description\" content=\"Con 35 a\u00f1os de trayectoria, Novaceramic se ha consolidado como una de las empresas m\u00e1s destacadas en la fabricaci\u00f3n y comercializaci\u00f3n de tabiques\" \/>\n<meta property=\"og:url\" content=\"https:\/\/centrourbano.com\/revista\/vivienda\/novaceramic-celebra-35-anos-como-referente-en-tabiques-ceramicos-estructurales-en-mexico-y-america-latina\/\" \/>\n<meta property=\"og:site_name\" content=\"Centro Urbano\" \/>\n<meta property=\"article:publisher\" content=\"https:\/\/www.facebook.com\/portalcentrourbano\" \/>\n<meta property=\"article:published_time\" content=\"2026-03-04T15:30:56+00:00\" \/>\n<meta property=\"og:image\" content=\"https:\/\/centrourbano.com\/revista\/wp-content\/uploads\/19_galeria_DN65.jpg\" \/>\n\t<meta property=\"og:image:width\" content=\"900\" \/>\n\t<meta property=\"og:image:height\" content=\"500\" \/>\n\t<meta property=\"og:image:type\" content=\"image\/jpeg\" \/>\n<meta name=\"author\" content=\"Samantha Navarrete\" \/>\n<meta name=\"twitter:card\" content=\"summary_large_image\" \/>\n<meta name=\"twitter:creator\" content=\"@CentroUrbano\" \/>\n<meta name=\"twitter:site\" content=\"@CentroUrbano\" \/>\n<meta name=\"twitter:label1\" content=\"Escrito por\" \/>\n\t<meta name=\"twitter:data1\" content=\"Samantha Navarrete\" \/>\n\t<meta name=\"twitter:label2\" content=\"Tiempo de lectura\" \/>\n\t<meta name=\"twitter:data2\" content=\"2 minutos\" \/>\n<script type=\"application\/ld+json\" class=\"yoast-schema-graph\">{\"@context\":\"https:\\\/\\\/schema.org\",\"@graph\":[{\"@type\":\"Article\",\"@id\":\"https:\\\/\\\/centrourbano.com\\\/revista\\\/vivienda\\\/novaceramic-celebra-35-anos-como-referente-en-tabiques-ceramicos-estructurales-en-mexico-y-america-latina\\\/#article\",\"isPartOf\":{\"@id\":\"https:\\\/\\\/centrourbano.com\\\/revista\\\/vivienda\\\/novaceramic-celebra-35-anos-como-referente-en-tabiques-ceramicos-estructurales-en-mexico-y-america-latina\\\/\"},\"author\":{\"name\":\"Samantha Navarrete\",\"@id\":\"https:\\\/\\\/centrourbano.com\\\/revista\\\/#\\\/schema\\\/person\\\/4a2dd6be2e48b2f45739d7b66a85ab20\"},\"headline\":\"Novaceramic celebra 35 a\u00f1os como referente en tabiques cer\u00e1micos estructurales en M\u00e9xico y Am\u00e9rica Latina\",\"datePublished\":\"2026-03-04T15:30:56+00:00\",\"mainEntityOfPage\":{\"@id\":\"https:\\\/\\\/centrourbano.com\\\/revista\\\/vivienda\\\/novaceramic-celebra-35-anos-como-referente-en-tabiques-ceramicos-estructurales-en-mexico-y-america-latina\\\/\"},\"wordCount\":446,\"commentCount\":0,\"publisher\":{\"@id\":\"https:\\\/\\\/centrourbano.com\\\/revista\\\/#organization\"},\"image\":{\"@id\":\"https:\\\/\\\/centrourbano.com\\\/revista\\\/vivienda\\\/novaceramic-celebra-35-anos-como-referente-en-tabiques-ceramicos-estructurales-en-mexico-y-america-latina\\\/#primaryimage\"},\"thumbnailUrl\":\"https:\\\/\\\/centrourbano.com\\\/revista\\\/wp-content\\\/uploads\\\/19_galeria_DN65.jpg\",\"keywords\":[\"35 a\u00f1os\",\"Aniversario\",\"Novaceramic\"],\"articleSection\":[\"Vivienda\"],\"inLanguage\":\"es\",\"potentialAction\":[{\"@type\":\"CommentAction\",\"name\":\"Comment\",\"target\":[\"https:\\\/\\\/centrourbano.com\\\/revista\\\/vivienda\\\/novaceramic-celebra-35-anos-como-referente-en-tabiques-ceramicos-estructurales-en-mexico-y-america-latina\\\/#respond\"]}]},{\"@type\":\"WebPage\",\"@id\":\"https:\\\/\\\/centrourbano.com\\\/revista\\\/vivienda\\\/novaceramic-celebra-35-anos-como-referente-en-tabiques-ceramicos-estructurales-en-mexico-y-america-latina\\\/\",\"url\":\"https:\\\/\\\/centrourbano.com\\\/revista\\\/vivienda\\\/novaceramic-celebra-35-anos-como-referente-en-tabiques-ceramicos-estructurales-en-mexico-y-america-latina\\\/\",\"name\":\"Novaceramic celebra 35 a\u00f1os como referente en tabiques cer\u00e1micos estructurales en M\u00e9xico y Am\u00e9rica Latina -\",\"isPartOf\":{\"@id\":\"https:\\\/\\\/centrourbano.com\\\/revista\\\/#website\"},\"primaryImageOfPage\":{\"@id\":\"https:\\\/\\\/centrourbano.com\\\/revista\\\/vivienda\\\/novaceramic-celebra-35-anos-como-referente-en-tabiques-ceramicos-estructurales-en-mexico-y-america-latina\\\/#primaryimage\"},\"image\":{\"@id\":\"https:\\\/\\\/centrourbano.com\\\/revista\\\/vivienda\\\/novaceramic-celebra-35-anos-como-referente-en-tabiques-ceramicos-estructurales-en-mexico-y-america-latina\\\/#primaryimage\"},\"thumbnailUrl\":\"https:\\\/\\\/centrourbano.com\\\/revista\\\/wp-content\\\/uploads\\\/19_galeria_DN65.jpg\",\"datePublished\":\"2026-03-04T15:30:56+00:00\",\"description\":\"Con 35 a\u00f1os de trayectoria, Novaceramic se ha consolidado como una de las empresas m\u00e1s destacadas en la fabricaci\u00f3n y comercializaci\u00f3n de tabiques\",\"breadcrumb\":{\"@id\":\"https:\\\/\\\/centrourbano.com\\\/revista\\\/vivienda\\\/novaceramic-celebra-35-anos-como-referente-en-tabiques-ceramicos-estructurales-en-mexico-y-america-latina\\\/#breadcrumb\"},\"inLanguage\":\"es\",\"potentialAction\":[{\"@type\":\"ReadAction\",\"target\":[\"https:\\\/\\\/centrourbano.com\\\/revista\\\/vivienda\\\/novaceramic-celebra-35-anos-como-referente-en-tabiques-ceramicos-estructurales-en-mexico-y-america-latina\\\/\"]}]},{\"@type\":\"ImageObject\",\"inLanguage\":\"es\",\"@id\":\"https:\\\/\\\/centrourbano.com\\\/revista\\\/vivienda\\\/novaceramic-celebra-35-anos-como-referente-en-tabiques-ceramicos-estructurales-en-mexico-y-america-latina\\\/#primaryimage\",\"url\":\"https:\\\/\\\/centrourbano.com\\\/revista\\\/wp-content\\\/uploads\\\/19_galeria_DN65.jpg\",\"contentUrl\":\"https:\\\/\\\/centrourbano.com\\\/revista\\\/wp-content\\\/uploads\\\/19_galeria_DN65.jpg\",\"width\":900,\"height\":500},{\"@type\":\"BreadcrumbList\",\"@id\":\"https:\\\/\\\/centrourbano.com\\\/revista\\\/vivienda\\\/novaceramic-celebra-35-anos-como-referente-en-tabiques-ceramicos-estructurales-en-mexico-y-america-latina\\\/#breadcrumb\",\"itemListElement\":[{\"@type\":\"ListItem\",\"position\":1,\"name\":\"Portada\",\"item\":\"https:\\\/\\\/centrourbano.com\\\/revista\\\/\"},{\"@type\":\"ListItem\",\"position\":2,\"name\":\"Novaceramic celebra 35 a\u00f1os como referente en tabiques cer\u00e1micos estructurales en M\u00e9xico y Am\u00e9rica Latina\"}]},{\"@type\":\"WebSite\",\"@id\":\"https:\\\/\\\/centrourbano.com\\\/revista\\\/#website\",\"url\":\"https:\\\/\\\/centrourbano.com\\\/revista\\\/\",\"name\":\"Centro Urbano\",\"description\":\"Medio especializado en los sectores vivienda, inmobiliario, construcci\u00f3n, arquitectura y urbanismo.\",\"publisher\":{\"@id\":\"https:\\\/\\\/centrourbano.com\\\/revista\\\/#organization\"},\"potentialAction\":[{\"@type\":\"SearchAction\",\"target\":{\"@type\":\"EntryPoint\",\"urlTemplate\":\"https:\\\/\\\/centrourbano.com\\\/revista\\\/?s={search_term_string}\"},\"query-input\":{\"@type\":\"PropertyValueSpecification\",\"valueRequired\":true,\"valueName\":\"search_term_string\"}}],\"inLanguage\":\"es\"},{\"@type\":\"Organization\",\"@id\":\"https:\\\/\\\/centrourbano.com\\\/revista\\\/#organization\",\"name\":\"Centro Urbano\",\"url\":\"https:\\\/\\\/centrourbano.com\\\/revista\\\/\",\"logo\":{\"@type\":\"ImageObject\",\"inLanguage\":\"es\",\"@id\":\"https:\\\/\\\/centrourbano.com\\\/revista\\\/#\\\/schema\\\/logo\\\/image\\\/\",\"url\":\"https:\\\/\\\/centrourbano.com\\\/revista\\\/wp-content\\\/uploads\\\/web_CU_logo-1.png\",\"contentUrl\":\"https:\\\/\\\/centrourbano.com\\\/revista\\\/wp-content\\\/uploads\\\/web_CU_logo-1.png\",\"width\":350,\"height\":91,\"caption\":\"Centro Urbano\"},\"image\":{\"@id\":\"https:\\\/\\\/centrourbano.com\\\/revista\\\/#\\\/schema\\\/logo\\\/image\\\/\"},\"sameAs\":[\"https:\\\/\\\/www.facebook.com\\\/portalcentrourbano\",\"https:\\\/\\\/x.com\\\/CentroUrbano\",\"https:\\\/\\\/www.instagram.com\\\/centro_urbano\\\/\",\"https:\\\/\\\/www.linkedin.com\\\/company\\\/centro-urbano\\\/\",\"http:\\\/\\\/www.youtube.com\\\/user\\\/portalcentrourbano\"]},{\"@type\":\"Person\",\"@id\":\"https:\\\/\\\/centrourbano.com\\\/revista\\\/#\\\/schema\\\/person\\\/4a2dd6be2e48b2f45739d7b66a85ab20\",\"name\":\"Samantha Navarrete\",\"image\":{\"@type\":\"ImageObject\",\"inLanguage\":\"es\",\"@id\":\"https:\\\/\\\/secure.gravatar.com\\\/avatar\\\/ac327b04343ef4665d1a7f2439feef4e95e9989dadeb927fddaf7f9a45c7c842?s=96&d=mm&r=g\",\"url\":\"https:\\\/\\\/secure.gravatar.com\\\/avatar\\\/ac327b04343ef4665d1a7f2439feef4e95e9989dadeb927fddaf7f9a45c7c842?s=96&d=mm&r=g\",\"contentUrl\":\"https:\\\/\\\/secure.gravatar.com\\\/avatar\\\/ac327b04343ef4665d1a7f2439feef4e95e9989dadeb927fddaf7f9a45c7c842?s=96&d=mm&r=g\",\"caption\":\"Samantha Navarrete\"},\"url\":\"https:\\\/\\\/centrourbano.com\\\/revista\\\/author\\\/samantha-navarrete\\\/\"}]}<\/script>\n<!-- \/ Yoast SEO plugin. -->","yoast_head_json":{"title":"Novaceramic celebra 35 a\u00f1os como referente en tabiques cer\u00e1micos estructurales en M\u00e9xico y Am\u00e9rica Latina -","description":"Con 35 a\u00f1os de trayectoria, Novaceramic se ha consolidado como una de las empresas m\u00e1s destacadas en la fabricaci\u00f3n y comercializaci\u00f3n de tabiques","robots":{"index":"index","follow":"follow","max-snippet":"max-snippet:-1","max-image-preview":"max-image-preview:large","max-video-preview":"max-video-preview:-1"},"canonical":"https:\/\/centrourbano.com\/revista\/vivienda\/novaceramic-celebra-35-anos-como-referente-en-tabiques-ceramicos-estructurales-en-mexico-y-america-latina\/","og_locale":"es_ES","og_type":"article","og_title":"Novaceramic celebra 35 a\u00f1os como referente en tabiques cer\u00e1micos estructurales en M\u00e9xico y Am\u00e9rica Latina -","og_description":"Con 35 a\u00f1os de trayectoria, Novaceramic se ha consolidado como una de las empresas m\u00e1s destacadas en la fabricaci\u00f3n y comercializaci\u00f3n de tabiques","og_url":"https:\/\/centrourbano.com\/revista\/vivienda\/novaceramic-celebra-35-anos-como-referente-en-tabiques-ceramicos-estructurales-en-mexico-y-america-latina\/","og_site_name":"Centro Urbano","article_publisher":"https:\/\/www.facebook.com\/portalcentrourbano","article_published_time":"2026-03-04T15:30:56+00:00","og_image":[{"width":900,"height":500,"url":"https:\/\/centrourbano.com\/revista\/wp-content\/uploads\/19_galeria_DN65.jpg","type":"image\/jpeg"}],"author":"Samantha Navarrete","twitter_card":"summary_large_image","twitter_creator":"@CentroUrbano","twitter_site":"@CentroUrbano","twitter_misc":{"Escrito por":"Samantha Navarrete","Tiempo de lectura":"2 minutos"},"schema":{"@context":"https:\/\/schema.org","@graph":[{"@type":"Article","@id":"https:\/\/centrourbano.com\/revista\/vivienda\/novaceramic-celebra-35-anos-como-referente-en-tabiques-ceramicos-estructurales-en-mexico-y-america-latina\/#article","isPartOf":{"@id":"https:\/\/centrourbano.com\/revista\/vivienda\/novaceramic-celebra-35-anos-como-referente-en-tabiques-ceramicos-estructurales-en-mexico-y-america-latina\/"},"author":{"name":"Samantha Navarrete","@id":"https:\/\/centrourbano.com\/revista\/#\/schema\/person\/4a2dd6be2e48b2f45739d7b66a85ab20"},"headline":"Novaceramic celebra 35 a\u00f1os como referente en tabiques cer\u00e1micos estructurales en M\u00e9xico y Am\u00e9rica Latina","datePublished":"2026-03-04T15:30:56+00:00","mainEntityOfPage":{"@id":"https:\/\/centrourbano.com\/revista\/vivienda\/novaceramic-celebra-35-anos-como-referente-en-tabiques-ceramicos-estructurales-en-mexico-y-america-latina\/"},"wordCount":446,"commentCount":0,"publisher":{"@id":"https:\/\/centrourbano.com\/revista\/#organization"},"image":{"@id":"https:\/\/centrourbano.com\/revista\/vivienda\/novaceramic-celebra-35-anos-como-referente-en-tabiques-ceramicos-estructurales-en-mexico-y-america-latina\/#primaryimage"},"thumbnailUrl":"https:\/\/centrourbano.com\/revista\/wp-content\/uploads\/19_galeria_DN65.jpg","keywords":["35 a\u00f1os","Aniversario","Novaceramic"],"articleSection":["Vivienda"],"inLanguage":"es","potentialAction":[{"@type":"CommentAction","name":"Comment","target":["https:\/\/centrourbano.com\/revista\/vivienda\/novaceramic-celebra-35-anos-como-referente-en-tabiques-ceramicos-estructurales-en-mexico-y-america-latina\/#respond"]}]},{"@type":"WebPage","@id":"https:\/\/centrourbano.com\/revista\/vivienda\/novaceramic-celebra-35-anos-como-referente-en-tabiques-ceramicos-estructurales-en-mexico-y-america-latina\/","url":"https:\/\/centrourbano.com\/revista\/vivienda\/novaceramic-celebra-35-anos-como-referente-en-tabiques-ceramicos-estructurales-en-mexico-y-america-latina\/","name":"Novaceramic celebra 35 a\u00f1os como referente en tabiques cer\u00e1micos estructurales en M\u00e9xico y Am\u00e9rica Latina -","isPartOf":{"@id":"https:\/\/centrourbano.com\/revista\/#website"},"primaryImageOfPage":{"@id":"https:\/\/centrourbano.com\/revista\/vivienda\/novaceramic-celebra-35-anos-como-referente-en-tabiques-ceramicos-estructurales-en-mexico-y-america-latina\/#primaryimage"},"image":{"@id":"https:\/\/centrourbano.com\/revista\/vivienda\/novaceramic-celebra-35-anos-como-referente-en-tabiques-ceramicos-estructurales-en-mexico-y-america-latina\/#primaryimage"},"thumbnailUrl":"https:\/\/centrourbano.com\/revista\/wp-content\/uploads\/19_galeria_DN65.jpg","datePublished":"2026-03-04T15:30:56+00:00","description":"Con 35 a\u00f1os de trayectoria, Novaceramic se ha consolidado como una de las empresas m\u00e1s destacadas en la fabricaci\u00f3n y comercializaci\u00f3n de tabiques","breadcrumb":{"@id":"https:\/\/centrourbano.com\/revista\/vivienda\/novaceramic-celebra-35-anos-como-referente-en-tabiques-ceramicos-estructurales-en-mexico-y-america-latina\/#breadcrumb"},"inLanguage":"es","potentialAction":[{"@type":"ReadAction","target":["https:\/\/centrourbano.com\/revista\/vivienda\/novaceramic-celebra-35-anos-como-referente-en-tabiques-ceramicos-estructurales-en-mexico-y-america-latina\/"]}]},{"@type":"ImageObject","inLanguage":"es","@id":"https:\/\/centrourbano.com\/revista\/vivienda\/novaceramic-celebra-35-anos-como-referente-en-tabiques-ceramicos-estructurales-en-mexico-y-america-latina\/#primaryimage","url":"https:\/\/centrourbano.com\/revista\/wp-content\/uploads\/19_galeria_DN65.jpg","contentUrl":"https:\/\/centrourbano.com\/revista\/wp-content\/uploads\/19_galeria_DN65.jpg","width":900,"height":500},{"@type":"BreadcrumbList","@id":"https:\/\/centrourbano.com\/revista\/vivienda\/novaceramic-celebra-35-anos-como-referente-en-tabiques-ceramicos-estructurales-en-mexico-y-america-latina\/#breadcrumb","itemListElement":[{"@type":"ListItem","position":1,"name":"Portada","item":"https:\/\/centrourbano.com\/revista\/"},{"@type":"ListItem","position":2,"name":"Novaceramic celebra 35 a\u00f1os como referente en tabiques cer\u00e1micos estructurales en M\u00e9xico y Am\u00e9rica Latina"}]},{"@type":"WebSite","@id":"https:\/\/centrourbano.com\/revista\/#website","url":"https:\/\/centrourbano.com\/revista\/","name":"Centro Urbano","description":"Medio especializado en los sectores vivienda, inmobiliario, construcci\u00f3n, arquitectura y urbanismo.","publisher":{"@id":"https:\/\/centrourbano.com\/revista\/#organization"},"potentialAction":[{"@type":"SearchAction","target":{"@type":"EntryPoint","urlTemplate":"https:\/\/centrourbano.com\/revista\/?s={search_term_string}"},"query-input":{"@type":"PropertyValueSpecification","valueRequired":true,"valueName":"search_term_string"}}],"inLanguage":"es"},{"@type":"Organization","@id":"https:\/\/centrourbano.com\/revista\/#organization","name":"Centro Urbano","url":"https:\/\/centrourbano.com\/revista\/","logo":{"@type":"ImageObject","inLanguage":"es","@id":"https:\/\/centrourbano.com\/revista\/#\/schema\/logo\/image\/","url":"https:\/\/centrourbano.com\/revista\/wp-content\/uploads\/web_CU_logo-1.png","contentUrl":"https:\/\/centrourbano.com\/revista\/wp-content\/uploads\/web_CU_logo-1.png","width":350,"height":91,"caption":"Centro Urbano"},"image":{"@id":"https:\/\/centrourbano.com\/revista\/#\/schema\/logo\/image\/"},"sameAs":["https:\/\/www.facebook.com\/portalcentrourbano","https:\/\/x.com\/CentroUrbano","https:\/\/www.instagram.com\/centro_urbano\/","https:\/\/www.linkedin.com\/company\/centro-urbano\/","http:\/\/www.youtube.com\/user\/portalcentrourbano"]},{"@type":"Person","@id":"https:\/\/centrourbano.com\/revista\/#\/schema\/person\/4a2dd6be2e48b2f45739d7b66a85ab20","name":"Samantha Navarrete","image":{"@type":"ImageObject","inLanguage":"es","@id":"https:\/\/secure.gravatar.com\/avatar\/ac327b04343ef4665d1a7f2439feef4e95e9989dadeb927fddaf7f9a45c7c842?s=96&d=mm&r=g","url":"https:\/\/secure.gravatar.com\/avatar\/ac327b04343ef4665d1a7f2439feef4e95e9989dadeb927fddaf7f9a45c7c842?s=96&d=mm&r=g","contentUrl":"https:\/\/secure.gravatar.com\/avatar\/ac327b04343ef4665d1a7f2439feef4e95e9989dadeb927fddaf7f9a45c7c842?s=96&d=mm&r=g","caption":"Samantha Navarrete"},"url":"https:\/\/centrourbano.com\/revista\/author\/samantha-navarrete\/"}]}},"_links":{"self":[{"href":"https:\/\/centrourbano.com\/revista\/wp-json\/wp\/v2\/posts\/160572","targetHints":{"allow":["GET"]}}],"collection":[{"href":"https:\/\/centrourbano.com\/revista\/wp-json\/wp\/v2\/posts"}],"about":[{"href":"https:\/\/centrourbano.com\/revista\/wp-json\/wp\/v2\/types\/post"}],"author":[{"embeddable":true,"href":"https:\/\/centrourbano.com\/revista\/wp-json\/wp\/v2\/users\/89"}],"replies":[{"embeddable":true,"href":"https:\/\/centrourbano.com\/revista\/wp-json\/wp\/v2\/comments?post=160572"}],"version-history":[{"count":3,"href":"https:\/\/centrourbano.com\/revista\/wp-json\/wp\/v2\/posts\/160572\/revisions"}],"predecessor-version":[{"id":160577,"href":"https:\/\/centrourbano.com\/revista\/wp-json\/wp\/v2\/posts\/160572\/revisions\/160577"}],"wp:featuredmedia":[{"embeddable":true,"href":"https:\/\/centrourbano.com\/revista\/wp-json\/wp\/v2\/media\/160573"}],"wp:attachment":[{"href":"https:\/\/centrourbano.com\/revista\/wp-json\/wp\/v2\/media?parent=160572"}],"wp:term":[{"taxonomy":"category","embeddable":true,"href":"https:\/\/centrourbano.com\/revista\/wp-json\/wp\/v2\/categories?post=160572"},{"taxonomy":"post_tag","embeddable":true,"href":"https:\/\/centrourbano.com\/revista\/wp-json\/wp\/v2\/tags?post=160572"}],"curies":[{"name":"wp","href":"https:\/\/api.w.org\/{rel}","templated":true}]}}