{"id":160557,"date":"2026-03-03T14:18:03","date_gmt":"2026-03-03T20:18:03","guid":{"rendered":"https:\/\/centrourbano.com\/revista\/?p=160557"},"modified":"2026-03-03T14:18:03","modified_gmt":"2026-03-03T20:18:03","slug":"infraestructura-redefine-expansion-industrial","status":"publish","type":"post","link":"https:\/\/centrourbano.com\/revista\/inmobiliario\/infraestructura-redefine-expansion-industrial\/","title":{"rendered":"Infraestructura el\u00e9ctrica redefine la expansi\u00f3n industrial en la frontera norte"},"content":{"rendered":"<p><em>La capacidad energ\u00e9tica se consolida como el principal condicionante para la expansi\u00f3n del sector industrial en mercados como Tijuana<\/em><!--more--><\/p>\n<p>El sector industrial en la frontera norte atraviesa una etapa de mayor definici\u00f3n. Tras el ciclo expansivo impulsado por el nearshoring, la competencia dej\u00f3 de centrarse en ocupar naves disponibles y comenz\u00f3 a enfocarse en <strong>asegurar infraestructura cr\u00edtica<\/strong>. En particular, la <strong>energ\u00eda el\u00e9ctrica<\/strong> se convirti\u00f3 en el insumo que hoy determina la viabilidad de nuevos proyectos.<\/p>\n<p>En Tijuana, esta transici\u00f3n ya resulta evidente. SiiLA se\u00f1al\u00f3 que las subestaciones de la regi\u00f3n operan entre 89% y 99% de su capacidad, mientras las nuevas conexiones enfrentan restricciones t\u00e9cnicas y tiempos de aprobaci\u00f3n prolongados. En este entorno<strong>, garantizar suministro el\u00e9ctrico<\/strong> desde la etapa de planeaci\u00f3n dej\u00f3 de representar una ventaja competitiva y se transform\u00f3 en una <strong>condici\u00f3n indispensable para desarrollar manufactura<\/strong> intensiva o centros log\u00edsticos de gran escala.<\/p>\n<p>El ajuste reciente en la actividad inmobiliaria no elimina esa presi\u00f3n estructural. Si bien el ritmo de absorci\u00f3n moder\u00f3 su crecimiento tras el pico expansivo de 2022, la disponibilidad en corredores industriales clave se mantiene en niveles reducidos. De acuerdo con datos de SiiLA, el submercado La Presa conserva una tasa de disponibilidad ligeramente superior al 3%, lo que confirma un entorno de oferta acotada incluso en una fase de normalizaci\u00f3n. En este contexto, <strong>la limitante ya no se ubica \u00fanicamente en el inventario, sino en la capacidad instalada que permita sostener nuevas operaciones<\/strong>.<\/p>\n<h2>Reserva territorial con energ\u00eda asegurada<\/h2>\n<p>Bajo esta l\u00f3gica, <a href=\"https:\/\/centrourbano.com\/revista\/inmobiliario\/fibra-prologis-adquisicion-fibra-macquarie\/\" target=\"_blank\" rel=\"noopener\">Fibra Macquarie<\/a> adquiri\u00f3 124 hect\u00e1reas en el submercado La Presa, en Tijuana, con <strong>acceso garantizado a 90 megawatts de energ\u00eda<\/strong>. La operaci\u00f3n, valuada en 113.8 millones de d\u00f3lares (mdd) y estructurada en pagos a lo largo de tres a\u00f1os, permitir\u00e1 desarrollar el proyecto por etapas conforme se consolide la demanda.<\/p>\n<p>El terreno ofrece un potencial de hasta 3.4 millones de pies cuadrados, equivalentes a aproximadamente <strong>316,000 metros cuadrados de \u00e1rea bruta rentable<\/strong>, bajo un est\u00e1ndar m\u00ednimo <strong>LEED Gold<\/strong>. M\u00e1s all\u00e1 de la escala, el elemento diferenciador radica en <strong>la capacidad el\u00e9ctrica previamente asegurada<\/strong>, en una regi\u00f3n donde ampliar redes o incorporar nuevas cargas implica procesos complejos y plazos extendidos.<\/p>\n<p>As\u00ed, en la frontera norte, la siguiente fase del <strong>ciclo industrial no depender\u00e1 \u00fanicamente de la construcci\u00f3n de nuevas naves, sino de la posibilidad real de habilitarlas con energ\u00eda <\/strong>suficiente y estable. La infraestructura el\u00e9ctrica, m\u00e1s que el inventario disponible, define hoy el ritmo y la escala del crecimiento.<\/p>\n","protected":false},"excerpt":{"rendered":"<p>La capacidad energ\u00e9tica se consolida como el principal condicionante para la expansi\u00f3n del sector industrial en mercados como Tijuana<\/p>\n","protected":false},"author":14,"featured_media":160558,"comment_status":"open","ping_status":"closed","sticky":false,"template":"","format":"standard","meta":{"om_disable_all_campaigns":false,"inline_featured_image":false,"_monsterinsights_skip_tracking":false,"_monsterinsights_sitenote_active":false,"_monsterinsights_sitenote_note":"","_monsterinsights_sitenote_category":0,"footnotes":""},"categories":[15],"tags":[3273],"class_list":["post-160557","post","type-post","status-publish","format-standard","has-post-thumbnail","hentry","category-inmobiliario","tag-sector-industrial"],"yoast_head":"<!-- This site is optimized with the Yoast SEO plugin v27.5 - https:\/\/yoast.com\/product\/yoast-seo-wordpress\/ -->\n<title>Infraestructura el\u00e9ctrica redefine la expansi\u00f3n industrial en la frontera norte<\/title>\n<meta name=\"description\" content=\"La capacidad energ\u00e9tica se consolida como el principal condicionante para la expansi\u00f3n del sector industrial en mercados como Tijuana\" \/>\n<meta name=\"robots\" content=\"index, follow, max-snippet:-1, max-image-preview:large, max-video-preview:-1\" \/>\n<link rel=\"canonical\" href=\"https:\/\/centrourbano.com\/revista\/inmobiliario\/infraestructura-redefine-expansion-industrial\/\" \/>\n<meta property=\"og:locale\" content=\"es_ES\" \/>\n<meta property=\"og:type\" content=\"article\" \/>\n<meta property=\"og:title\" content=\"Infraestructura el\u00e9ctrica redefine la expansi\u00f3n industrial en la frontera norte\" \/>\n<meta property=\"og:description\" content=\"La capacidad energ\u00e9tica se consolida como el principal condicionante para la expansi\u00f3n del sector industrial en mercados como Tijuana\" \/>\n<meta property=\"og:url\" content=\"https:\/\/centrourbano.com\/revista\/inmobiliario\/infraestructura-redefine-expansion-industrial\/\" \/>\n<meta property=\"og:site_name\" content=\"Centro Urbano\" \/>\n<meta property=\"article:publisher\" content=\"https:\/\/www.facebook.com\/portalcentrourbano\" \/>\n<meta property=\"article:published_time\" content=\"2026-03-03T20:18:03+00:00\" \/>\n<meta property=\"og:image\" content=\"https:\/\/centrourbano.com\/revista\/wp-content\/uploads\/800-parque-industrial-5-17.jpg\" \/>\n\t<meta property=\"og:image:width\" content=\"800\" \/>\n\t<meta property=\"og:image:height\" content=\"800\" \/>\n\t<meta property=\"og:image:type\" content=\"image\/jpeg\" \/>\n<meta name=\"author\" content=\"Redacci\u00f3n Centro Urbano\" \/>\n<meta name=\"twitter:card\" content=\"summary_large_image\" \/>\n<meta name=\"twitter:creator\" content=\"@CentroUrbano\" \/>\n<meta name=\"twitter:site\" content=\"@CentroUrbano\" \/>\n<meta name=\"twitter:label1\" content=\"Escrito por\" \/>\n\t<meta name=\"twitter:data1\" content=\"Redacci\u00f3n Centro Urbano\" \/>\n\t<meta name=\"twitter:label2\" content=\"Tiempo de lectura\" \/>\n\t<meta name=\"twitter:data2\" content=\"3 minutos\" \/>\n<script type=\"application\/ld+json\" class=\"yoast-schema-graph\">{\"@context\":\"https:\\\/\\\/schema.org\",\"@graph\":[{\"@type\":\"Article\",\"@id\":\"https:\\\/\\\/centrourbano.com\\\/revista\\\/inmobiliario\\\/infraestructura-redefine-expansion-industrial\\\/#article\",\"isPartOf\":{\"@id\":\"https:\\\/\\\/centrourbano.com\\\/revista\\\/inmobiliario\\\/infraestructura-redefine-expansion-industrial\\\/\"},\"author\":{\"name\":\"Redacci\u00f3n Centro Urbano\",\"@id\":\"https:\\\/\\\/centrourbano.com\\\/revista\\\/#\\\/schema\\\/person\\\/5259f06e282c59482812d0e9a84a6440\"},\"headline\":\"Infraestructura el\u00e9ctrica redefine la expansi\u00f3n industrial en la frontera norte\",\"datePublished\":\"2026-03-03T20:18:03+00:00\",\"mainEntityOfPage\":{\"@id\":\"https:\\\/\\\/centrourbano.com\\\/revista\\\/inmobiliario\\\/infraestructura-redefine-expansion-industrial\\\/\"},\"wordCount\":441,\"commentCount\":0,\"publisher\":{\"@id\":\"https:\\\/\\\/centrourbano.com\\\/revista\\\/#organization\"},\"image\":{\"@id\":\"https:\\\/\\\/centrourbano.com\\\/revista\\\/inmobiliario\\\/infraestructura-redefine-expansion-industrial\\\/#primaryimage\"},\"thumbnailUrl\":\"https:\\\/\\\/centrourbano.com\\\/revista\\\/wp-content\\\/uploads\\\/800-parque-industrial-5-17.jpg\",\"keywords\":[\"sector industrial\"],\"articleSection\":[\"Inmobiliario\"],\"inLanguage\":\"es\",\"potentialAction\":[{\"@type\":\"CommentAction\",\"name\":\"Comment\",\"target\":[\"https:\\\/\\\/centrourbano.com\\\/revista\\\/inmobiliario\\\/infraestructura-redefine-expansion-industrial\\\/#respond\"]}]},{\"@type\":\"WebPage\",\"@id\":\"https:\\\/\\\/centrourbano.com\\\/revista\\\/inmobiliario\\\/infraestructura-redefine-expansion-industrial\\\/\",\"url\":\"https:\\\/\\\/centrourbano.com\\\/revista\\\/inmobiliario\\\/infraestructura-redefine-expansion-industrial\\\/\",\"name\":\"Infraestructura el\u00e9ctrica redefine la expansi\u00f3n industrial en la frontera norte\",\"isPartOf\":{\"@id\":\"https:\\\/\\\/centrourbano.com\\\/revista\\\/#website\"},\"primaryImageOfPage\":{\"@id\":\"https:\\\/\\\/centrourbano.com\\\/revista\\\/inmobiliario\\\/infraestructura-redefine-expansion-industrial\\\/#primaryimage\"},\"image\":{\"@id\":\"https:\\\/\\\/centrourbano.com\\\/revista\\\/inmobiliario\\\/infraestructura-redefine-expansion-industrial\\\/#primaryimage\"},\"thumbnailUrl\":\"https:\\\/\\\/centrourbano.com\\\/revista\\\/wp-content\\\/uploads\\\/800-parque-industrial-5-17.jpg\",\"datePublished\":\"2026-03-03T20:18:03+00:00\",\"description\":\"La capacidad energ\u00e9tica se consolida como el principal condicionante para la expansi\u00f3n del sector industrial en mercados como Tijuana\",\"breadcrumb\":{\"@id\":\"https:\\\/\\\/centrourbano.com\\\/revista\\\/inmobiliario\\\/infraestructura-redefine-expansion-industrial\\\/#breadcrumb\"},\"inLanguage\":\"es\",\"potentialAction\":[{\"@type\":\"ReadAction\",\"target\":[\"https:\\\/\\\/centrourbano.com\\\/revista\\\/inmobiliario\\\/infraestructura-redefine-expansion-industrial\\\/\"]}]},{\"@type\":\"ImageObject\",\"inLanguage\":\"es\",\"@id\":\"https:\\\/\\\/centrourbano.com\\\/revista\\\/inmobiliario\\\/infraestructura-redefine-expansion-industrial\\\/#primaryimage\",\"url\":\"https:\\\/\\\/centrourbano.com\\\/revista\\\/wp-content\\\/uploads\\\/800-parque-industrial-5-17.jpg\",\"contentUrl\":\"https:\\\/\\\/centrourbano.com\\\/revista\\\/wp-content\\\/uploads\\\/800-parque-industrial-5-17.jpg\",\"width\":800,\"height\":800,\"caption\":\"Infraestructura el\u00e9ctrica redefine la expansi\u00f3n industrial en la frontera norte\"},{\"@type\":\"BreadcrumbList\",\"@id\":\"https:\\\/\\\/centrourbano.com\\\/revista\\\/inmobiliario\\\/infraestructura-redefine-expansion-industrial\\\/#breadcrumb\",\"itemListElement\":[{\"@type\":\"ListItem\",\"position\":1,\"name\":\"Portada\",\"item\":\"https:\\\/\\\/centrourbano.com\\\/revista\\\/\"},{\"@type\":\"ListItem\",\"position\":2,\"name\":\"Infraestructura el\u00e9ctrica redefine la expansi\u00f3n industrial en la frontera norte\"}]},{\"@type\":\"WebSite\",\"@id\":\"https:\\\/\\\/centrourbano.com\\\/revista\\\/#website\",\"url\":\"https:\\\/\\\/centrourbano.com\\\/revista\\\/\",\"name\":\"Centro Urbano\",\"description\":\"Medio especializado en los sectores vivienda, inmobiliario, construcci\u00f3n, arquitectura y urbanismo.\",\"publisher\":{\"@id\":\"https:\\\/\\\/centrourbano.com\\\/revista\\\/#organization\"},\"potentialAction\":[{\"@type\":\"SearchAction\",\"target\":{\"@type\":\"EntryPoint\",\"urlTemplate\":\"https:\\\/\\\/centrourbano.com\\\/revista\\\/?s={search_term_string}\"},\"query-input\":{\"@type\":\"PropertyValueSpecification\",\"valueRequired\":true,\"valueName\":\"search_term_string\"}}],\"inLanguage\":\"es\"},{\"@type\":\"Organization\",\"@id\":\"https:\\\/\\\/centrourbano.com\\\/revista\\\/#organization\",\"name\":\"Centro Urbano\",\"url\":\"https:\\\/\\\/centrourbano.com\\\/revista\\\/\",\"logo\":{\"@type\":\"ImageObject\",\"inLanguage\":\"es\",\"@id\":\"https:\\\/\\\/centrourbano.com\\\/revista\\\/#\\\/schema\\\/logo\\\/image\\\/\",\"url\":\"https:\\\/\\\/centrourbano.com\\\/revista\\\/wp-content\\\/uploads\\\/web_CU_logo-1.png\",\"contentUrl\":\"https:\\\/\\\/centrourbano.com\\\/revista\\\/wp-content\\\/uploads\\\/web_CU_logo-1.png\",\"width\":350,\"height\":91,\"caption\":\"Centro Urbano\"},\"image\":{\"@id\":\"https:\\\/\\\/centrourbano.com\\\/revista\\\/#\\\/schema\\\/logo\\\/image\\\/\"},\"sameAs\":[\"https:\\\/\\\/www.facebook.com\\\/portalcentrourbano\",\"https:\\\/\\\/x.com\\\/CentroUrbano\",\"https:\\\/\\\/www.instagram.com\\\/centro_urbano\\\/\",\"https:\\\/\\\/www.linkedin.com\\\/company\\\/centro-urbano\\\/\",\"http:\\\/\\\/www.youtube.com\\\/user\\\/portalcentrourbano\"]},{\"@type\":\"Person\",\"@id\":\"https:\\\/\\\/centrourbano.com\\\/revista\\\/#\\\/schema\\\/person\\\/5259f06e282c59482812d0e9a84a6440\",\"name\":\"Redacci\u00f3n Centro Urbano\",\"image\":{\"@type\":\"ImageObject\",\"inLanguage\":\"es\",\"@id\":\"https:\\\/\\\/secure.gravatar.com\\\/avatar\\\/15a789f894398c0f311f3a7a2ee28032bbc0483098539da66b6a045aa810bf35?s=96&d=mm&r=g\",\"url\":\"https:\\\/\\\/secure.gravatar.com\\\/avatar\\\/15a789f894398c0f311f3a7a2ee28032bbc0483098539da66b6a045aa810bf35?s=96&d=mm&r=g\",\"contentUrl\":\"https:\\\/\\\/secure.gravatar.com\\\/avatar\\\/15a789f894398c0f311f3a7a2ee28032bbc0483098539da66b6a045aa810bf35?s=96&d=mm&r=g\",\"caption\":\"Redacci\u00f3n Centro Urbano\"},\"url\":\"https:\\\/\\\/centrourbano.com\\\/revista\\\/author\\\/editorial\\\/\"}]}<\/script>\n<!-- \/ Yoast SEO plugin. -->","yoast_head_json":{"title":"Infraestructura el\u00e9ctrica redefine la expansi\u00f3n industrial en la frontera norte","description":"La capacidad energ\u00e9tica se consolida como el principal condicionante para la expansi\u00f3n del sector industrial en mercados como Tijuana","robots":{"index":"index","follow":"follow","max-snippet":"max-snippet:-1","max-image-preview":"max-image-preview:large","max-video-preview":"max-video-preview:-1"},"canonical":"https:\/\/centrourbano.com\/revista\/inmobiliario\/infraestructura-redefine-expansion-industrial\/","og_locale":"es_ES","og_type":"article","og_title":"Infraestructura el\u00e9ctrica redefine la expansi\u00f3n industrial en la frontera norte","og_description":"La capacidad energ\u00e9tica se consolida como el principal condicionante para la expansi\u00f3n del sector industrial en mercados como Tijuana","og_url":"https:\/\/centrourbano.com\/revista\/inmobiliario\/infraestructura-redefine-expansion-industrial\/","og_site_name":"Centro Urbano","article_publisher":"https:\/\/www.facebook.com\/portalcentrourbano","article_published_time":"2026-03-03T20:18:03+00:00","og_image":[{"width":800,"height":800,"url":"https:\/\/centrourbano.com\/revista\/wp-content\/uploads\/800-parque-industrial-5-17.jpg","type":"image\/jpeg"}],"author":"Redacci\u00f3n Centro Urbano","twitter_card":"summary_large_image","twitter_creator":"@CentroUrbano","twitter_site":"@CentroUrbano","twitter_misc":{"Escrito por":"Redacci\u00f3n Centro Urbano","Tiempo de lectura":"3 minutos"},"schema":{"@context":"https:\/\/schema.org","@graph":[{"@type":"Article","@id":"https:\/\/centrourbano.com\/revista\/inmobiliario\/infraestructura-redefine-expansion-industrial\/#article","isPartOf":{"@id":"https:\/\/centrourbano.com\/revista\/inmobiliario\/infraestructura-redefine-expansion-industrial\/"},"author":{"name":"Redacci\u00f3n Centro Urbano","@id":"https:\/\/centrourbano.com\/revista\/#\/schema\/person\/5259f06e282c59482812d0e9a84a6440"},"headline":"Infraestructura el\u00e9ctrica redefine la expansi\u00f3n industrial en la frontera norte","datePublished":"2026-03-03T20:18:03+00:00","mainEntityOfPage":{"@id":"https:\/\/centrourbano.com\/revista\/inmobiliario\/infraestructura-redefine-expansion-industrial\/"},"wordCount":441,"commentCount":0,"publisher":{"@id":"https:\/\/centrourbano.com\/revista\/#organization"},"image":{"@id":"https:\/\/centrourbano.com\/revista\/inmobiliario\/infraestructura-redefine-expansion-industrial\/#primaryimage"},"thumbnailUrl":"https:\/\/centrourbano.com\/revista\/wp-content\/uploads\/800-parque-industrial-5-17.jpg","keywords":["sector industrial"],"articleSection":["Inmobiliario"],"inLanguage":"es","potentialAction":[{"@type":"CommentAction","name":"Comment","target":["https:\/\/centrourbano.com\/revista\/inmobiliario\/infraestructura-redefine-expansion-industrial\/#respond"]}]},{"@type":"WebPage","@id":"https:\/\/centrourbano.com\/revista\/inmobiliario\/infraestructura-redefine-expansion-industrial\/","url":"https:\/\/centrourbano.com\/revista\/inmobiliario\/infraestructura-redefine-expansion-industrial\/","name":"Infraestructura el\u00e9ctrica redefine la expansi\u00f3n industrial en la frontera norte","isPartOf":{"@id":"https:\/\/centrourbano.com\/revista\/#website"},"primaryImageOfPage":{"@id":"https:\/\/centrourbano.com\/revista\/inmobiliario\/infraestructura-redefine-expansion-industrial\/#primaryimage"},"image":{"@id":"https:\/\/centrourbano.com\/revista\/inmobiliario\/infraestructura-redefine-expansion-industrial\/#primaryimage"},"thumbnailUrl":"https:\/\/centrourbano.com\/revista\/wp-content\/uploads\/800-parque-industrial-5-17.jpg","datePublished":"2026-03-03T20:18:03+00:00","description":"La capacidad energ\u00e9tica se consolida como el principal condicionante para la expansi\u00f3n del sector industrial en mercados como Tijuana","breadcrumb":{"@id":"https:\/\/centrourbano.com\/revista\/inmobiliario\/infraestructura-redefine-expansion-industrial\/#breadcrumb"},"inLanguage":"es","potentialAction":[{"@type":"ReadAction","target":["https:\/\/centrourbano.com\/revista\/inmobiliario\/infraestructura-redefine-expansion-industrial\/"]}]},{"@type":"ImageObject","inLanguage":"es","@id":"https:\/\/centrourbano.com\/revista\/inmobiliario\/infraestructura-redefine-expansion-industrial\/#primaryimage","url":"https:\/\/centrourbano.com\/revista\/wp-content\/uploads\/800-parque-industrial-5-17.jpg","contentUrl":"https:\/\/centrourbano.com\/revista\/wp-content\/uploads\/800-parque-industrial-5-17.jpg","width":800,"height":800,"caption":"Infraestructura el\u00e9ctrica redefine la expansi\u00f3n industrial en la frontera norte"},{"@type":"BreadcrumbList","@id":"https:\/\/centrourbano.com\/revista\/inmobiliario\/infraestructura-redefine-expansion-industrial\/#breadcrumb","itemListElement":[{"@type":"ListItem","position":1,"name":"Portada","item":"https:\/\/centrourbano.com\/revista\/"},{"@type":"ListItem","position":2,"name":"Infraestructura el\u00e9ctrica redefine la expansi\u00f3n industrial en la frontera norte"}]},{"@type":"WebSite","@id":"https:\/\/centrourbano.com\/revista\/#website","url":"https:\/\/centrourbano.com\/revista\/","name":"Centro Urbano","description":"Medio especializado en los sectores vivienda, inmobiliario, construcci\u00f3n, arquitectura y urbanismo.","publisher":{"@id":"https:\/\/centrourbano.com\/revista\/#organization"},"potentialAction":[{"@type":"SearchAction","target":{"@type":"EntryPoint","urlTemplate":"https:\/\/centrourbano.com\/revista\/?s={search_term_string}"},"query-input":{"@type":"PropertyValueSpecification","valueRequired":true,"valueName":"search_term_string"}}],"inLanguage":"es"},{"@type":"Organization","@id":"https:\/\/centrourbano.com\/revista\/#organization","name":"Centro Urbano","url":"https:\/\/centrourbano.com\/revista\/","logo":{"@type":"ImageObject","inLanguage":"es","@id":"https:\/\/centrourbano.com\/revista\/#\/schema\/logo\/image\/","url":"https:\/\/centrourbano.com\/revista\/wp-content\/uploads\/web_CU_logo-1.png","contentUrl":"https:\/\/centrourbano.com\/revista\/wp-content\/uploads\/web_CU_logo-1.png","width":350,"height":91,"caption":"Centro Urbano"},"image":{"@id":"https:\/\/centrourbano.com\/revista\/#\/schema\/logo\/image\/"},"sameAs":["https:\/\/www.facebook.com\/portalcentrourbano","https:\/\/x.com\/CentroUrbano","https:\/\/www.instagram.com\/centro_urbano\/","https:\/\/www.linkedin.com\/company\/centro-urbano\/","http:\/\/www.youtube.com\/user\/portalcentrourbano"]},{"@type":"Person","@id":"https:\/\/centrourbano.com\/revista\/#\/schema\/person\/5259f06e282c59482812d0e9a84a6440","name":"Redacci\u00f3n Centro Urbano","image":{"@type":"ImageObject","inLanguage":"es","@id":"https:\/\/secure.gravatar.com\/avatar\/15a789f894398c0f311f3a7a2ee28032bbc0483098539da66b6a045aa810bf35?s=96&d=mm&r=g","url":"https:\/\/secure.gravatar.com\/avatar\/15a789f894398c0f311f3a7a2ee28032bbc0483098539da66b6a045aa810bf35?s=96&d=mm&r=g","contentUrl":"https:\/\/secure.gravatar.com\/avatar\/15a789f894398c0f311f3a7a2ee28032bbc0483098539da66b6a045aa810bf35?s=96&d=mm&r=g","caption":"Redacci\u00f3n Centro Urbano"},"url":"https:\/\/centrourbano.com\/revista\/author\/editorial\/"}]}},"_links":{"self":[{"href":"https:\/\/centrourbano.com\/revista\/wp-json\/wp\/v2\/posts\/160557","targetHints":{"allow":["GET"]}}],"collection":[{"href":"https:\/\/centrourbano.com\/revista\/wp-json\/wp\/v2\/posts"}],"about":[{"href":"https:\/\/centrourbano.com\/revista\/wp-json\/wp\/v2\/types\/post"}],"author":[{"embeddable":true,"href":"https:\/\/centrourbano.com\/revista\/wp-json\/wp\/v2\/users\/14"}],"replies":[{"embeddable":true,"href":"https:\/\/centrourbano.com\/revista\/wp-json\/wp\/v2\/comments?post=160557"}],"version-history":[{"count":1,"href":"https:\/\/centrourbano.com\/revista\/wp-json\/wp\/v2\/posts\/160557\/revisions"}],"predecessor-version":[{"id":160559,"href":"https:\/\/centrourbano.com\/revista\/wp-json\/wp\/v2\/posts\/160557\/revisions\/160559"}],"wp:featuredmedia":[{"embeddable":true,"href":"https:\/\/centrourbano.com\/revista\/wp-json\/wp\/v2\/media\/160558"}],"wp:attachment":[{"href":"https:\/\/centrourbano.com\/revista\/wp-json\/wp\/v2\/media?parent=160557"}],"wp:term":[{"taxonomy":"category","embeddable":true,"href":"https:\/\/centrourbano.com\/revista\/wp-json\/wp\/v2\/categories?post=160557"},{"taxonomy":"post_tag","embeddable":true,"href":"https:\/\/centrourbano.com\/revista\/wp-json\/wp\/v2\/tags?post=160557"}],"curies":[{"name":"wp","href":"https:\/\/api.w.org\/{rel}","templated":true}]}}