{"id":160224,"date":"2026-02-13T08:00:01","date_gmt":"2026-02-13T14:00:01","guid":{"rendered":"https:\/\/centrourbano.com\/revista\/?p=160224"},"modified":"2026-02-12T21:41:19","modified_gmt":"2026-02-13T03:41:19","slug":"ciudades-neutrales-planeacion-genero","status":"publish","type":"post","link":"https:\/\/centrourbano.com\/revista\/urbanismo\/ciudades-neutrales-planeacion-genero\/","title":{"rendered":"Ciudades no son neutrales: urgen planeaci\u00f3n con enfoque de g\u00e9nero"},"content":{"rendered":"<p><em>Especialistas coinciden en que la igualdad sustantiva es condici\u00f3n para lograr ciudades m\u00e1s seguras, accesibles y sostenibles<\/em><!--more--><\/p>\n<p>Las <strong>ciudades<\/strong> no son espacios neutros, sino que reflejan relaciones de poder, determinan qui\u00e9n se mueve con libertad y qui\u00e9n carga con el trabajo invisible del cuidado.<\/p>\n<p>Bajo esta premisa, especialistas en urbanismo y representantes de organismos internacionales coincidieron en que la <strong>planeaci\u00f3n con enfoque de g\u00e9nero<\/strong> es indispensable para construir territorios m\u00e1s justos.<\/p>\n<p>Durante la presentaci\u00f3n de la revista \u2018<strong>Mujeres en el Desarrollo Urbano\u2019<\/strong>, las especialistas coincidieron en que la transformaci\u00f3n urbana requiere redistribuir poder y reconocer experiencias hist\u00f3ricamente invisibilizadas.<\/p>\n<h2><strong>Movilidad del cuidado: repensar c\u00f3mo se dise\u00f1a la ciudad<\/strong><\/h2>\n<p><strong>Zara Snapp, coordinadora de CoRe Ciudades Vivibles y Amables<\/strong>, explic\u00f3 que durante a\u00f1os el urbanismo se dise\u00f1\u00f3 pensando en una persona que \u201csolo va a su trabajo y regresa\u201d, ignorando la complejidad de los recorridos cotidianos.<\/p>\n<p>\u201cVemos c\u00f3mo cambia la <strong>movilidad<\/strong> siendo mujer o siendo cuidadora\u201d, se\u00f1al\u00f3, al describir trayectos que incluyen dejar a la infancia en la escuela, hacer compras, trasladarse al trabajo y atender tareas dom\u00e9sticas.<\/p>\n<p>Asimismo, plante\u00f3 que la <strong>vivienda<\/strong> y los <strong>barrios<\/strong> deben dise\u00f1arse considerando estas din\u00e1micas: proximidad a servicios, escuelas, lavander\u00edas y espacios p\u00fablicos seguros. \u201cNunca terminamos de dise\u00f1ar ciudades y eso es lo bonito del urbanismo\u201d, afirm\u00f3.<\/p>\n<h2><strong>Las ciudades reflejan relaciones de poder<\/strong><\/h2>\n<p>Por su parte, <strong>Fernanda Lonardoni, jefa de la oficina de ONU-Habitat M\u00e9xico, Cuba y Centroam\u00e9rica<\/strong>, indic\u00f3 que \u201clas ciudades nunca han sido neutrales, las ciudades reflejan relaciones de poder. Deciden qui\u00e9n se mueve con libertad y qui\u00e9n se mueve con miedo\u201d.<\/p>\n<p>A\u00f1adi\u00f3 que hablar de <strong>g\u00e9nero en la ciudad<\/strong> no es un tema sectorial, sino estructural: \u201cEs hablar de movilidad, de vivienda, de seguridad, de tiempo\u2026 es hablar de cuidados, de qui\u00e9n tiene voz en la planificaci\u00f3n y qui\u00e9n solo aparece en las estad\u00edsticas\u201d.<\/p>\n<p>De igual manera, <strong>Lonardoni<\/strong> subray\u00f3 que no puede existir una nueva agenda urbana sin justicia de g\u00e9nero: \u201cNo hay ciudades sostenibles si no redistribuimos el poder\u201d.<\/p>\n<h2><strong>Igualdad sustantiva como eje de pol\u00edtica p\u00fablica<\/strong><\/h2>\n<p>Desde el Gobierno federal, <strong>Rosalba Rosado, directora de Cooperaci\u00f3n Internacional de la Secretar\u00eda de Desarrollo Agrario, Territorial y Urbano (Sedatu<\/strong>), destac\u00f3 que la agenda actual busca ir m\u00e1s all\u00e1 de la paridad num\u00e9rica.<\/p>\n<p>\u201cSe requiere fortalecer la <strong>perspectiva de g\u00e9nero<\/strong> desde los procesos de planeaci\u00f3n, dise\u00f1o y diagn\u00f3stico, asegurando la participaci\u00f3n de las mujeres en espacios de decisi\u00f3n\u201d, afirm\u00f3.<\/p>\n<p>Subray\u00f3 adem\u00e1s el papel protag\u00f3nico de las <strong>mujeres en el dise\u00f1o urbano<\/strong>: \u201cLas mujeres aportamos una visi\u00f3n esencial que identifica necesidades que han sido hist\u00f3ricamente invisibilizadas\u201d.<\/p>\n<h2><strong>Econom\u00eda del cuidado y transformaci\u00f3n urbana<\/strong><\/h2>\n<p>Durante el encuentro, <strong>Fernanda Lonardoni<\/strong> tambi\u00e9n enfatiz\u00f3 que la <strong>econom\u00eda del cuidado<\/strong> sostiene buena parte de la vida urbana.<\/p>\n<p>\u201cLa econom\u00eda del cuidado sostiene nuestras ciudades m\u00e1s que el concreto y el acero\u201d, expres\u00f3, y destac\u00f3 que las redes comunitarias \u2014lideradas mayoritariamente por mujeres\u2014 mantienen cohesionados barrios enteros, aunque su contribuci\u00f3n rara vez se incorpore formalmente en la planeaci\u00f3n.<\/p>\n<h2><strong>Innovaci\u00f3n social y liderazgo femenino<\/strong><\/h2>\n<p>Finalmente, las participantes coincidieron en que la <strong>innovaci\u00f3n urbana<\/strong> no es solo tecnol\u00f3gica, sino social y cultural. Las mujeres lideran iniciativas en movilidad sustentable, vivienda adecuada, gesti\u00f3n de riesgos y participaci\u00f3n ciudadana, integrando sostenibilidad e inclusi\u00f3n como principios transversales.<\/p>\n<p>En palabras de <strong>Lonardoni<\/strong>: \u201cUna ciudad no se nace inclusiva. Una ciudad se construye inclusiva\u201d.<\/p>\n<p>En ese sentido, el consenso fue claro: <strong>planear con enfoque de g\u00e9nero<\/strong> no es un a\u00f1adido, es una condici\u00f3n para lograr ciudades m\u00e1s seguras, accesibles y resilientes.<\/p>\n","protected":false},"excerpt":{"rendered":"<p>Especialistas coinciden en que la igualdad sustantiva es condici\u00f3n para lograr ciudades m\u00e1s seguras, accesibles y sostenibles<\/p>\n","protected":false},"author":73,"featured_media":160225,"comment_status":"open","ping_status":"closed","sticky":false,"template":"","format":"standard","meta":{"om_disable_all_campaigns":false,"inline_featured_image":false,"_monsterinsights_skip_tracking":false,"_monsterinsights_sitenote_active":false,"_monsterinsights_sitenote_note":"","_monsterinsights_sitenote_category":0,"footnotes":""},"categories":[82],"tags":[],"class_list":["post-160224","post","type-post","status-publish","format-standard","has-post-thumbnail","hentry","category-urbanismo"],"yoast_head":"<!-- This site is optimized with the Yoast SEO plugin v27.5 - https:\/\/yoast.com\/product\/yoast-seo-wordpress\/ -->\n<title>Ciudades no son neutrales: urgen planeaci\u00f3n con enfoque de g\u00e9nero<\/title>\n<meta name=\"description\" content=\"Especialistas coinciden en que la igualdad sustantiva es condici\u00f3n para lograr ciudades m\u00e1s seguras, accesibles y sostenibles\" \/>\n<meta name=\"robots\" content=\"index, follow, max-snippet:-1, max-image-preview:large, max-video-preview:-1\" \/>\n<link rel=\"canonical\" href=\"https:\/\/centrourbano.com\/revista\/urbanismo\/ciudades-neutrales-planeacion-genero\/\" \/>\n<meta property=\"og:locale\" content=\"es_ES\" \/>\n<meta property=\"og:type\" content=\"article\" \/>\n<meta property=\"og:title\" content=\"Ciudades no son neutrales: urgen planeaci\u00f3n con enfoque de g\u00e9nero\" \/>\n<meta property=\"og:description\" content=\"Especialistas coinciden en que la igualdad sustantiva es condici\u00f3n para lograr ciudades m\u00e1s seguras, accesibles y sostenibles\" \/>\n<meta property=\"og:url\" content=\"https:\/\/centrourbano.com\/revista\/urbanismo\/ciudades-neutrales-planeacion-genero\/\" \/>\n<meta property=\"og:site_name\" content=\"Centro Urbano\" \/>\n<meta property=\"article:publisher\" content=\"https:\/\/www.facebook.com\/portalcentrourbano\" \/>\n<meta property=\"article:published_time\" content=\"2026-02-13T14:00:01+00:00\" \/>\n<meta property=\"og:image\" content=\"https:\/\/centrourbano.com\/revista\/wp-content\/uploads\/Ciudades-no-son-neutrales-urgen-planeacio\u0301n-con-enfoque-de-ge\u0301nero.jpg\" \/>\n\t<meta property=\"og:image:width\" content=\"1000\" \/>\n\t<meta property=\"og:image:height\" content=\"900\" \/>\n\t<meta property=\"og:image:type\" content=\"image\/jpeg\" \/>\n<meta name=\"author\" content=\"Fernanda Hern\u00e1ndez\" \/>\n<meta name=\"twitter:card\" content=\"summary_large_image\" \/>\n<meta name=\"twitter:creator\" content=\"@https:\/\/twitter.com\/Nannz_Hernandez\" \/>\n<meta name=\"twitter:site\" content=\"@CentroUrbano\" \/>\n<meta name=\"twitter:label1\" content=\"Escrito por\" \/>\n\t<meta name=\"twitter:data1\" content=\"Fernanda Hern\u00e1ndez\" \/>\n\t<meta name=\"twitter:label2\" content=\"Tiempo de lectura\" \/>\n\t<meta name=\"twitter:data2\" content=\"3 minutos\" \/>\n<script type=\"application\/ld+json\" class=\"yoast-schema-graph\">{\"@context\":\"https:\\\/\\\/schema.org\",\"@graph\":[{\"@type\":\"Article\",\"@id\":\"https:\\\/\\\/centrourbano.com\\\/revista\\\/urbanismo\\\/ciudades-neutrales-planeacion-genero\\\/#article\",\"isPartOf\":{\"@id\":\"https:\\\/\\\/centrourbano.com\\\/revista\\\/urbanismo\\\/ciudades-neutrales-planeacion-genero\\\/\"},\"author\":{\"name\":\"Fernanda Hern\u00e1ndez\",\"@id\":\"https:\\\/\\\/centrourbano.com\\\/revista\\\/#\\\/schema\\\/person\\\/bc284507d99af21c6df75a3f1924b95c\"},\"headline\":\"Ciudades no son neutrales: urgen planeaci\u00f3n con enfoque de g\u00e9nero\",\"datePublished\":\"2026-02-13T14:00:01+00:00\",\"mainEntityOfPage\":{\"@id\":\"https:\\\/\\\/centrourbano.com\\\/revista\\\/urbanismo\\\/ciudades-neutrales-planeacion-genero\\\/\"},\"wordCount\":648,\"commentCount\":0,\"publisher\":{\"@id\":\"https:\\\/\\\/centrourbano.com\\\/revista\\\/#organization\"},\"image\":{\"@id\":\"https:\\\/\\\/centrourbano.com\\\/revista\\\/urbanismo\\\/ciudades-neutrales-planeacion-genero\\\/#primaryimage\"},\"thumbnailUrl\":\"https:\\\/\\\/centrourbano.com\\\/revista\\\/wp-content\\\/uploads\\\/Ciudades-no-son-neutrales-urgen-planeacio\u0301n-con-enfoque-de-ge\u0301nero.jpg\",\"articleSection\":[\"Urbanismo\"],\"inLanguage\":\"es\",\"potentialAction\":[{\"@type\":\"CommentAction\",\"name\":\"Comment\",\"target\":[\"https:\\\/\\\/centrourbano.com\\\/revista\\\/urbanismo\\\/ciudades-neutrales-planeacion-genero\\\/#respond\"]}]},{\"@type\":\"WebPage\",\"@id\":\"https:\\\/\\\/centrourbano.com\\\/revista\\\/urbanismo\\\/ciudades-neutrales-planeacion-genero\\\/\",\"url\":\"https:\\\/\\\/centrourbano.com\\\/revista\\\/urbanismo\\\/ciudades-neutrales-planeacion-genero\\\/\",\"name\":\"Ciudades no son neutrales: urgen planeaci\u00f3n con enfoque de g\u00e9nero\",\"isPartOf\":{\"@id\":\"https:\\\/\\\/centrourbano.com\\\/revista\\\/#website\"},\"primaryImageOfPage\":{\"@id\":\"https:\\\/\\\/centrourbano.com\\\/revista\\\/urbanismo\\\/ciudades-neutrales-planeacion-genero\\\/#primaryimage\"},\"image\":{\"@id\":\"https:\\\/\\\/centrourbano.com\\\/revista\\\/urbanismo\\\/ciudades-neutrales-planeacion-genero\\\/#primaryimage\"},\"thumbnailUrl\":\"https:\\\/\\\/centrourbano.com\\\/revista\\\/wp-content\\\/uploads\\\/Ciudades-no-son-neutrales-urgen-planeacio\u0301n-con-enfoque-de-ge\u0301nero.jpg\",\"datePublished\":\"2026-02-13T14:00:01+00:00\",\"description\":\"Especialistas coinciden en que la igualdad sustantiva es condici\u00f3n para lograr ciudades m\u00e1s seguras, accesibles y sostenibles\",\"breadcrumb\":{\"@id\":\"https:\\\/\\\/centrourbano.com\\\/revista\\\/urbanismo\\\/ciudades-neutrales-planeacion-genero\\\/#breadcrumb\"},\"inLanguage\":\"es\",\"potentialAction\":[{\"@type\":\"ReadAction\",\"target\":[\"https:\\\/\\\/centrourbano.com\\\/revista\\\/urbanismo\\\/ciudades-neutrales-planeacion-genero\\\/\"]}]},{\"@type\":\"ImageObject\",\"inLanguage\":\"es\",\"@id\":\"https:\\\/\\\/centrourbano.com\\\/revista\\\/urbanismo\\\/ciudades-neutrales-planeacion-genero\\\/#primaryimage\",\"url\":\"https:\\\/\\\/centrourbano.com\\\/revista\\\/wp-content\\\/uploads\\\/Ciudades-no-son-neutrales-urgen-planeacio\u0301n-con-enfoque-de-ge\u0301nero.jpg\",\"contentUrl\":\"https:\\\/\\\/centrourbano.com\\\/revista\\\/wp-content\\\/uploads\\\/Ciudades-no-son-neutrales-urgen-planeacio\u0301n-con-enfoque-de-ge\u0301nero.jpg\",\"width\":1000,\"height\":900,\"caption\":\"Especialistas coinciden en que la igualdad sustantiva es condici\u00f3n para lograr ciudades m\u00e1s seguras, accesibles y sostenibles\"},{\"@type\":\"BreadcrumbList\",\"@id\":\"https:\\\/\\\/centrourbano.com\\\/revista\\\/urbanismo\\\/ciudades-neutrales-planeacion-genero\\\/#breadcrumb\",\"itemListElement\":[{\"@type\":\"ListItem\",\"position\":1,\"name\":\"Portada\",\"item\":\"https:\\\/\\\/centrourbano.com\\\/revista\\\/\"},{\"@type\":\"ListItem\",\"position\":2,\"name\":\"Ciudades no son neutrales: urgen planeaci\u00f3n con enfoque de g\u00e9nero\"}]},{\"@type\":\"WebSite\",\"@id\":\"https:\\\/\\\/centrourbano.com\\\/revista\\\/#website\",\"url\":\"https:\\\/\\\/centrourbano.com\\\/revista\\\/\",\"name\":\"Centro Urbano\",\"description\":\"Medio especializado en los sectores vivienda, inmobiliario, construcci\u00f3n, arquitectura y urbanismo.\",\"publisher\":{\"@id\":\"https:\\\/\\\/centrourbano.com\\\/revista\\\/#organization\"},\"potentialAction\":[{\"@type\":\"SearchAction\",\"target\":{\"@type\":\"EntryPoint\",\"urlTemplate\":\"https:\\\/\\\/centrourbano.com\\\/revista\\\/?s={search_term_string}\"},\"query-input\":{\"@type\":\"PropertyValueSpecification\",\"valueRequired\":true,\"valueName\":\"search_term_string\"}}],\"inLanguage\":\"es\"},{\"@type\":\"Organization\",\"@id\":\"https:\\\/\\\/centrourbano.com\\\/revista\\\/#organization\",\"name\":\"Centro Urbano\",\"url\":\"https:\\\/\\\/centrourbano.com\\\/revista\\\/\",\"logo\":{\"@type\":\"ImageObject\",\"inLanguage\":\"es\",\"@id\":\"https:\\\/\\\/centrourbano.com\\\/revista\\\/#\\\/schema\\\/logo\\\/image\\\/\",\"url\":\"https:\\\/\\\/centrourbano.com\\\/revista\\\/wp-content\\\/uploads\\\/web_CU_logo-1.png\",\"contentUrl\":\"https:\\\/\\\/centrourbano.com\\\/revista\\\/wp-content\\\/uploads\\\/web_CU_logo-1.png\",\"width\":350,\"height\":91,\"caption\":\"Centro Urbano\"},\"image\":{\"@id\":\"https:\\\/\\\/centrourbano.com\\\/revista\\\/#\\\/schema\\\/logo\\\/image\\\/\"},\"sameAs\":[\"https:\\\/\\\/www.facebook.com\\\/portalcentrourbano\",\"https:\\\/\\\/x.com\\\/CentroUrbano\",\"https:\\\/\\\/www.instagram.com\\\/centro_urbano\\\/\",\"https:\\\/\\\/www.linkedin.com\\\/company\\\/centro-urbano\\\/\",\"http:\\\/\\\/www.youtube.com\\\/user\\\/portalcentrourbano\"]},{\"@type\":\"Person\",\"@id\":\"https:\\\/\\\/centrourbano.com\\\/revista\\\/#\\\/schema\\\/person\\\/bc284507d99af21c6df75a3f1924b95c\",\"name\":\"Fernanda Hern\u00e1ndez\",\"image\":{\"@type\":\"ImageObject\",\"inLanguage\":\"es\",\"@id\":\"https:\\\/\\\/secure.gravatar.com\\\/avatar\\\/9471831fb0a24eae9d32d826a7cb8ef07c34a41520aca1a0ab1f5c0903ba49b9?s=96&d=mm&r=g\",\"url\":\"https:\\\/\\\/secure.gravatar.com\\\/avatar\\\/9471831fb0a24eae9d32d826a7cb8ef07c34a41520aca1a0ab1f5c0903ba49b9?s=96&d=mm&r=g\",\"contentUrl\":\"https:\\\/\\\/secure.gravatar.com\\\/avatar\\\/9471831fb0a24eae9d32d826a7cb8ef07c34a41520aca1a0ab1f5c0903ba49b9?s=96&d=mm&r=g\",\"caption\":\"Fernanda Hern\u00e1ndez\"},\"description\":\"Reportera y redactora en Centro Urbano. Soy egresada de la licenciatura en Ciencias de la Comunicaci\u00f3n de la Facultad de Ciencias Pol\u00edticas y Sociales (UNAM). Me interesa la cultura, el urbanismo y la arquitectura. Amante del mundo digital, el cine, la m\u00fasica, la lectura y la escritura.\",\"sameAs\":[\"https:\\\/\\\/x.com\\\/https:\\\/\\\/twitter.com\\\/Nannz_Hernandez\"],\"url\":\"https:\\\/\\\/centrourbano.com\\\/revista\\\/author\\\/fernanda-hernandez\\\/\"}]}<\/script>\n<!-- \/ Yoast SEO plugin. -->","yoast_head_json":{"title":"Ciudades no son neutrales: urgen planeaci\u00f3n con enfoque de g\u00e9nero","description":"Especialistas coinciden en que la igualdad sustantiva es condici\u00f3n para lograr ciudades m\u00e1s seguras, accesibles y sostenibles","robots":{"index":"index","follow":"follow","max-snippet":"max-snippet:-1","max-image-preview":"max-image-preview:large","max-video-preview":"max-video-preview:-1"},"canonical":"https:\/\/centrourbano.com\/revista\/urbanismo\/ciudades-neutrales-planeacion-genero\/","og_locale":"es_ES","og_type":"article","og_title":"Ciudades no son neutrales: urgen planeaci\u00f3n con enfoque de g\u00e9nero","og_description":"Especialistas coinciden en que la igualdad sustantiva es condici\u00f3n para lograr ciudades m\u00e1s seguras, accesibles y sostenibles","og_url":"https:\/\/centrourbano.com\/revista\/urbanismo\/ciudades-neutrales-planeacion-genero\/","og_site_name":"Centro Urbano","article_publisher":"https:\/\/www.facebook.com\/portalcentrourbano","article_published_time":"2026-02-13T14:00:01+00:00","og_image":[{"width":1000,"height":900,"url":"https:\/\/centrourbano.com\/revista\/wp-content\/uploads\/Ciudades-no-son-neutrales-urgen-planeacio\u0301n-con-enfoque-de-ge\u0301nero.jpg","type":"image\/jpeg"}],"author":"Fernanda Hern\u00e1ndez","twitter_card":"summary_large_image","twitter_creator":"@https:\/\/twitter.com\/Nannz_Hernandez","twitter_site":"@CentroUrbano","twitter_misc":{"Escrito por":"Fernanda Hern\u00e1ndez","Tiempo de lectura":"3 minutos"},"schema":{"@context":"https:\/\/schema.org","@graph":[{"@type":"Article","@id":"https:\/\/centrourbano.com\/revista\/urbanismo\/ciudades-neutrales-planeacion-genero\/#article","isPartOf":{"@id":"https:\/\/centrourbano.com\/revista\/urbanismo\/ciudades-neutrales-planeacion-genero\/"},"author":{"name":"Fernanda Hern\u00e1ndez","@id":"https:\/\/centrourbano.com\/revista\/#\/schema\/person\/bc284507d99af21c6df75a3f1924b95c"},"headline":"Ciudades no son neutrales: urgen planeaci\u00f3n con enfoque de g\u00e9nero","datePublished":"2026-02-13T14:00:01+00:00","mainEntityOfPage":{"@id":"https:\/\/centrourbano.com\/revista\/urbanismo\/ciudades-neutrales-planeacion-genero\/"},"wordCount":648,"commentCount":0,"publisher":{"@id":"https:\/\/centrourbano.com\/revista\/#organization"},"image":{"@id":"https:\/\/centrourbano.com\/revista\/urbanismo\/ciudades-neutrales-planeacion-genero\/#primaryimage"},"thumbnailUrl":"https:\/\/centrourbano.com\/revista\/wp-content\/uploads\/Ciudades-no-son-neutrales-urgen-planeacio\u0301n-con-enfoque-de-ge\u0301nero.jpg","articleSection":["Urbanismo"],"inLanguage":"es","potentialAction":[{"@type":"CommentAction","name":"Comment","target":["https:\/\/centrourbano.com\/revista\/urbanismo\/ciudades-neutrales-planeacion-genero\/#respond"]}]},{"@type":"WebPage","@id":"https:\/\/centrourbano.com\/revista\/urbanismo\/ciudades-neutrales-planeacion-genero\/","url":"https:\/\/centrourbano.com\/revista\/urbanismo\/ciudades-neutrales-planeacion-genero\/","name":"Ciudades no son neutrales: urgen planeaci\u00f3n con enfoque de g\u00e9nero","isPartOf":{"@id":"https:\/\/centrourbano.com\/revista\/#website"},"primaryImageOfPage":{"@id":"https:\/\/centrourbano.com\/revista\/urbanismo\/ciudades-neutrales-planeacion-genero\/#primaryimage"},"image":{"@id":"https:\/\/centrourbano.com\/revista\/urbanismo\/ciudades-neutrales-planeacion-genero\/#primaryimage"},"thumbnailUrl":"https:\/\/centrourbano.com\/revista\/wp-content\/uploads\/Ciudades-no-son-neutrales-urgen-planeacio\u0301n-con-enfoque-de-ge\u0301nero.jpg","datePublished":"2026-02-13T14:00:01+00:00","description":"Especialistas coinciden en que la igualdad sustantiva es condici\u00f3n para lograr ciudades m\u00e1s seguras, accesibles y sostenibles","breadcrumb":{"@id":"https:\/\/centrourbano.com\/revista\/urbanismo\/ciudades-neutrales-planeacion-genero\/#breadcrumb"},"inLanguage":"es","potentialAction":[{"@type":"ReadAction","target":["https:\/\/centrourbano.com\/revista\/urbanismo\/ciudades-neutrales-planeacion-genero\/"]}]},{"@type":"ImageObject","inLanguage":"es","@id":"https:\/\/centrourbano.com\/revista\/urbanismo\/ciudades-neutrales-planeacion-genero\/#primaryimage","url":"https:\/\/centrourbano.com\/revista\/wp-content\/uploads\/Ciudades-no-son-neutrales-urgen-planeacio\u0301n-con-enfoque-de-ge\u0301nero.jpg","contentUrl":"https:\/\/centrourbano.com\/revista\/wp-content\/uploads\/Ciudades-no-son-neutrales-urgen-planeacio\u0301n-con-enfoque-de-ge\u0301nero.jpg","width":1000,"height":900,"caption":"Especialistas coinciden en que la igualdad sustantiva es condici\u00f3n para lograr ciudades m\u00e1s seguras, accesibles y sostenibles"},{"@type":"BreadcrumbList","@id":"https:\/\/centrourbano.com\/revista\/urbanismo\/ciudades-neutrales-planeacion-genero\/#breadcrumb","itemListElement":[{"@type":"ListItem","position":1,"name":"Portada","item":"https:\/\/centrourbano.com\/revista\/"},{"@type":"ListItem","position":2,"name":"Ciudades no son neutrales: urgen planeaci\u00f3n con enfoque de g\u00e9nero"}]},{"@type":"WebSite","@id":"https:\/\/centrourbano.com\/revista\/#website","url":"https:\/\/centrourbano.com\/revista\/","name":"Centro Urbano","description":"Medio especializado en los sectores vivienda, inmobiliario, construcci\u00f3n, arquitectura y urbanismo.","publisher":{"@id":"https:\/\/centrourbano.com\/revista\/#organization"},"potentialAction":[{"@type":"SearchAction","target":{"@type":"EntryPoint","urlTemplate":"https:\/\/centrourbano.com\/revista\/?s={search_term_string}"},"query-input":{"@type":"PropertyValueSpecification","valueRequired":true,"valueName":"search_term_string"}}],"inLanguage":"es"},{"@type":"Organization","@id":"https:\/\/centrourbano.com\/revista\/#organization","name":"Centro Urbano","url":"https:\/\/centrourbano.com\/revista\/","logo":{"@type":"ImageObject","inLanguage":"es","@id":"https:\/\/centrourbano.com\/revista\/#\/schema\/logo\/image\/","url":"https:\/\/centrourbano.com\/revista\/wp-content\/uploads\/web_CU_logo-1.png","contentUrl":"https:\/\/centrourbano.com\/revista\/wp-content\/uploads\/web_CU_logo-1.png","width":350,"height":91,"caption":"Centro Urbano"},"image":{"@id":"https:\/\/centrourbano.com\/revista\/#\/schema\/logo\/image\/"},"sameAs":["https:\/\/www.facebook.com\/portalcentrourbano","https:\/\/x.com\/CentroUrbano","https:\/\/www.instagram.com\/centro_urbano\/","https:\/\/www.linkedin.com\/company\/centro-urbano\/","http:\/\/www.youtube.com\/user\/portalcentrourbano"]},{"@type":"Person","@id":"https:\/\/centrourbano.com\/revista\/#\/schema\/person\/bc284507d99af21c6df75a3f1924b95c","name":"Fernanda Hern\u00e1ndez","image":{"@type":"ImageObject","inLanguage":"es","@id":"https:\/\/secure.gravatar.com\/avatar\/9471831fb0a24eae9d32d826a7cb8ef07c34a41520aca1a0ab1f5c0903ba49b9?s=96&d=mm&r=g","url":"https:\/\/secure.gravatar.com\/avatar\/9471831fb0a24eae9d32d826a7cb8ef07c34a41520aca1a0ab1f5c0903ba49b9?s=96&d=mm&r=g","contentUrl":"https:\/\/secure.gravatar.com\/avatar\/9471831fb0a24eae9d32d826a7cb8ef07c34a41520aca1a0ab1f5c0903ba49b9?s=96&d=mm&r=g","caption":"Fernanda Hern\u00e1ndez"},"description":"Reportera y redactora en Centro Urbano. Soy egresada de la licenciatura en Ciencias de la Comunicaci\u00f3n de la Facultad de Ciencias Pol\u00edticas y Sociales (UNAM). Me interesa la cultura, el urbanismo y la arquitectura. Amante del mundo digital, el cine, la m\u00fasica, la lectura y la escritura.","sameAs":["https:\/\/x.com\/https:\/\/twitter.com\/Nannz_Hernandez"],"url":"https:\/\/centrourbano.com\/revista\/author\/fernanda-hernandez\/"}]}},"_links":{"self":[{"href":"https:\/\/centrourbano.com\/revista\/wp-json\/wp\/v2\/posts\/160224","targetHints":{"allow":["GET"]}}],"collection":[{"href":"https:\/\/centrourbano.com\/revista\/wp-json\/wp\/v2\/posts"}],"about":[{"href":"https:\/\/centrourbano.com\/revista\/wp-json\/wp\/v2\/types\/post"}],"author":[{"embeddable":true,"href":"https:\/\/centrourbano.com\/revista\/wp-json\/wp\/v2\/users\/73"}],"replies":[{"embeddable":true,"href":"https:\/\/centrourbano.com\/revista\/wp-json\/wp\/v2\/comments?post=160224"}],"version-history":[{"count":1,"href":"https:\/\/centrourbano.com\/revista\/wp-json\/wp\/v2\/posts\/160224\/revisions"}],"predecessor-version":[{"id":160226,"href":"https:\/\/centrourbano.com\/revista\/wp-json\/wp\/v2\/posts\/160224\/revisions\/160226"}],"wp:featuredmedia":[{"embeddable":true,"href":"https:\/\/centrourbano.com\/revista\/wp-json\/wp\/v2\/media\/160225"}],"wp:attachment":[{"href":"https:\/\/centrourbano.com\/revista\/wp-json\/wp\/v2\/media?parent=160224"}],"wp:term":[{"taxonomy":"category","embeddable":true,"href":"https:\/\/centrourbano.com\/revista\/wp-json\/wp\/v2\/categories?post=160224"},{"taxonomy":"post_tag","embeddable":true,"href":"https:\/\/centrourbano.com\/revista\/wp-json\/wp\/v2\/tags?post=160224"}],"curies":[{"name":"wp","href":"https:\/\/api.w.org\/{rel}","templated":true}]}}