{"id":15968,"date":"2015-03-03T09:34:59","date_gmt":"2015-03-03T15:34:59","guid":{"rendered":"http:\/\/centrourbano.com\/?p=15968"},"modified":"2015-03-02T18:37:38","modified_gmt":"2015-03-03T00:37:38","slug":"guanajuato-contara-con-nuevos-hoteles-durante-2015","status":"publish","type":"post","link":"https:\/\/centrourbano.com\/revista\/inmobiliario\/guanajuato-contara-con-nuevos-hoteles-durante-2015\/","title":{"rendered":"Guanajuato contar\u00e1 con nuevos hoteles durante 2015"},"content":{"rendered":"<p><em>Se prev\u00e9 la llegada de 6 nuevas cadenas hoteleras las cuales invertir\u00e1n casi 300 millones de pesos en la entidad<\/em><!--more--><\/p>\n<p>Durante el presente a\u00f1o la cantidad de hoteles que se establezcan en el estado de Guanajuato se elevar\u00e1 debido a que la ciudad de Salamanca tiene presupuestado la llegada de 6 nuevas cadenas de hoteles durante el presente a\u00f1o, lo que implicar\u00eda una inversi\u00f3n de 300 millones de pesos.<\/p>\n<p>Fernando Olvera, secretario de Turismo del estado, asegur\u00f3 que la llegada de estas compa\u00f1\u00edas se debe a la confianza que se le est\u00e1 brindando al municipio por parte de la administraci\u00f3n actual pero sobre todo de los inversionistas que ven en el estado una gran oportunidad para detonar distintos proyectos hoteleros.<\/p>\n<p>\u201cSalamanca est\u00e1 creciendo, est\u00e1 confiando en su propia gente, creo que no le debemos tener miedo a la competencia, al contrario debemos ofrecer el servicio que Salamanca est\u00e1 requiriendo y ofreciendo, para as\u00ed ir mejorando paulatinamente d\u00eda con d\u00eda\u201d, coment\u00f3 el funcionario.<\/p>\n<p>Se calcula que con los desarrollos hoteleros que se tienen presupuestados realizar, se generar negocios los cuales crear\u00e1n m\u00e1s de 200 empleos directos, inform\u00f3 Igor Alejandro Rodr\u00edguez Zavaleta, presidente de la Asociaci\u00f3n de Hoteleros de Salamanca.<\/p>\n<p>\u201cEl turismo de negocios es el m\u00e1s fuerte debido a la llegada de nuevas empresas como complemento de las que ya est\u00e1n instaladas en la regi\u00f3n, \u00a0y la inversi\u00f3n de las nuevas cadenas hoteleras en la ciudad de Salamanca se debe a la confianza las asociaciones, pues el municipio est\u00e1 viviendo una serie de eventos, y actividades culturales, donde gente se interesa por conocer nuestra cultura\u201d, asegur\u00f3 Rodr\u00edguez Zavaleta.<\/p>\n<p>Finalmente Rodr\u00edguez Zavaleta dijo que esta expansi\u00f3n hotelera, no debe representar temor a las cadenas ya instaladas, sino al contrario debe verse como una oportunidad de mejorar la calidad del servicio que se ofrece.<\/p>\n<p>&nbsp;<\/p>\n","protected":false},"excerpt":{"rendered":"<p>Se prev\u00e9 la llegada de 6 nuevas cadenas hoteleras las cuales invertir\u00e1n casi 300 millones de pesos en la entidad<\/p>\n","protected":false},"author":29,"featured_media":15969,"comment_status":"open","ping_status":"closed","sticky":false,"template":"","format":"standard","meta":{"om_disable_all_campaigns":false,"inline_featured_image":false,"_monsterinsights_skip_tracking":false,"_monsterinsights_sitenote_active":false,"_monsterinsights_sitenote_note":"","_monsterinsights_sitenote_category":0,"footnotes":""},"categories":[15],"tags":[40,2073],"class_list":["post-15968","post","type-post","status-publish","format-standard","has-post-thumbnail","hentry","category-inmobiliario","tag-hoteles","tag-salamanca"],"yoast_head":"<!-- This site is optimized with the Yoast SEO plugin v27.4 - https:\/\/yoast.com\/product\/yoast-seo-wordpress\/ -->\n<title>Guanajuato contar\u00e1 con nuevos hoteles durante 2015 -<\/title>\n<meta name=\"description\" content=\"Se prev\u00e9 la llegada de 6 nuevas cadenas hoteleras las cuales invertir\u00e1n casi 300 millones de pesos en la entidad Durante el presente a\u00f1o la cantidad de\" \/>\n<meta name=\"robots\" content=\"index, follow, max-snippet:-1, max-image-preview:large, max-video-preview:-1\" \/>\n<link rel=\"canonical\" href=\"https:\/\/centrourbano.com\/revista\/inmobiliario\/guanajuato-contara-con-nuevos-hoteles-durante-2015\/\" \/>\n<meta property=\"og:locale\" content=\"es_ES\" \/>\n<meta property=\"og:type\" content=\"article\" \/>\n<meta property=\"og:title\" content=\"Guanajuato contar\u00e1 con nuevos hoteles durante 2015 -\" \/>\n<meta property=\"og:description\" content=\"Se prev\u00e9 la llegada de 6 nuevas cadenas hoteleras las cuales invertir\u00e1n casi 300 millones de pesos en la entidad Durante el presente a\u00f1o la cantidad de\" \/>\n<meta property=\"og:url\" content=\"https:\/\/centrourbano.com\/revista\/inmobiliario\/guanajuato-contara-con-nuevos-hoteles-durante-2015\/\" \/>\n<meta property=\"og:site_name\" content=\"Centro Urbano\" \/>\n<meta property=\"article:publisher\" content=\"https:\/\/www.facebook.com\/portalcentrourbano\" \/>\n<meta property=\"article:published_time\" content=\"2015-03-03T15:34:59+00:00\" \/>\n<meta property=\"og:image\" content=\"https:\/\/centrourbano.com\/revista\/wp-content\/uploads\/Salamanca-3.jpg\" \/>\n\t<meta property=\"og:image:width\" content=\"500\" \/>\n\t<meta property=\"og:image:height\" content=\"375\" \/>\n\t<meta property=\"og:image:type\" content=\"image\/jpeg\" \/>\n<meta name=\"author\" content=\"Oscar Guti\u00e9rrez Arriaga\" \/>\n<meta name=\"twitter:card\" content=\"summary_large_image\" \/>\n<meta name=\"twitter:creator\" content=\"@CentroUrbano\" \/>\n<meta name=\"twitter:site\" content=\"@CentroUrbano\" \/>\n<meta name=\"twitter:label1\" content=\"Escrito por\" \/>\n\t<meta name=\"twitter:data1\" content=\"Oscar Guti\u00e9rrez Arriaga\" \/>\n\t<meta name=\"twitter:label2\" content=\"Tiempo de lectura\" \/>\n\t<meta name=\"twitter:data2\" content=\"2 minutos\" \/>\n<script type=\"application\/ld+json\" class=\"yoast-schema-graph\">{\"@context\":\"https:\\\/\\\/schema.org\",\"@graph\":[{\"@type\":\"Article\",\"@id\":\"https:\\\/\\\/centrourbano.com\\\/revista\\\/inmobiliario\\\/guanajuato-contara-con-nuevos-hoteles-durante-2015\\\/#article\",\"isPartOf\":{\"@id\":\"https:\\\/\\\/centrourbano.com\\\/revista\\\/inmobiliario\\\/guanajuato-contara-con-nuevos-hoteles-durante-2015\\\/\"},\"author\":{\"name\":\"Oscar Guti\u00e9rrez Arriaga\",\"@id\":\"https:\\\/\\\/centrourbano.com\\\/revista\\\/#\\\/schema\\\/person\\\/4c9d581213c6d17ee82daf6d9fd0773e\"},\"headline\":\"Guanajuato contar\u00e1 con nuevos hoteles durante 2015\",\"datePublished\":\"2015-03-03T15:34:59+00:00\",\"mainEntityOfPage\":{\"@id\":\"https:\\\/\\\/centrourbano.com\\\/revista\\\/inmobiliario\\\/guanajuato-contara-con-nuevos-hoteles-durante-2015\\\/\"},\"wordCount\":323,\"commentCount\":0,\"publisher\":{\"@id\":\"https:\\\/\\\/centrourbano.com\\\/revista\\\/#organization\"},\"image\":{\"@id\":\"https:\\\/\\\/centrourbano.com\\\/revista\\\/inmobiliario\\\/guanajuato-contara-con-nuevos-hoteles-durante-2015\\\/#primaryimage\"},\"thumbnailUrl\":\"https:\\\/\\\/centrourbano.com\\\/revista\\\/wp-content\\\/uploads\\\/Salamanca-3.jpg\",\"keywords\":[\"hoteles\",\"Salamanca\"],\"articleSection\":[\"Inmobiliario\"],\"inLanguage\":\"es\",\"potentialAction\":[{\"@type\":\"CommentAction\",\"name\":\"Comment\",\"target\":[\"https:\\\/\\\/centrourbano.com\\\/revista\\\/inmobiliario\\\/guanajuato-contara-con-nuevos-hoteles-durante-2015\\\/#respond\"]}]},{\"@type\":\"WebPage\",\"@id\":\"https:\\\/\\\/centrourbano.com\\\/revista\\\/inmobiliario\\\/guanajuato-contara-con-nuevos-hoteles-durante-2015\\\/\",\"url\":\"https:\\\/\\\/centrourbano.com\\\/revista\\\/inmobiliario\\\/guanajuato-contara-con-nuevos-hoteles-durante-2015\\\/\",\"name\":\"Guanajuato contar\u00e1 con nuevos hoteles durante 2015 -\",\"isPartOf\":{\"@id\":\"https:\\\/\\\/centrourbano.com\\\/revista\\\/#website\"},\"primaryImageOfPage\":{\"@id\":\"https:\\\/\\\/centrourbano.com\\\/revista\\\/inmobiliario\\\/guanajuato-contara-con-nuevos-hoteles-durante-2015\\\/#primaryimage\"},\"image\":{\"@id\":\"https:\\\/\\\/centrourbano.com\\\/revista\\\/inmobiliario\\\/guanajuato-contara-con-nuevos-hoteles-durante-2015\\\/#primaryimage\"},\"thumbnailUrl\":\"https:\\\/\\\/centrourbano.com\\\/revista\\\/wp-content\\\/uploads\\\/Salamanca-3.jpg\",\"datePublished\":\"2015-03-03T15:34:59+00:00\",\"description\":\"Se prev\u00e9 la llegada de 6 nuevas cadenas hoteleras las cuales invertir\u00e1n casi 300 millones de pesos en la entidad Durante el presente a\u00f1o la cantidad de\",\"breadcrumb\":{\"@id\":\"https:\\\/\\\/centrourbano.com\\\/revista\\\/inmobiliario\\\/guanajuato-contara-con-nuevos-hoteles-durante-2015\\\/#breadcrumb\"},\"inLanguage\":\"es\",\"potentialAction\":[{\"@type\":\"ReadAction\",\"target\":[\"https:\\\/\\\/centrourbano.com\\\/revista\\\/inmobiliario\\\/guanajuato-contara-con-nuevos-hoteles-durante-2015\\\/\"]}]},{\"@type\":\"ImageObject\",\"inLanguage\":\"es\",\"@id\":\"https:\\\/\\\/centrourbano.com\\\/revista\\\/inmobiliario\\\/guanajuato-contara-con-nuevos-hoteles-durante-2015\\\/#primaryimage\",\"url\":\"https:\\\/\\\/centrourbano.com\\\/revista\\\/wp-content\\\/uploads\\\/Salamanca-3.jpg\",\"contentUrl\":\"https:\\\/\\\/centrourbano.com\\\/revista\\\/wp-content\\\/uploads\\\/Salamanca-3.jpg\",\"width\":500,\"height\":375},{\"@type\":\"BreadcrumbList\",\"@id\":\"https:\\\/\\\/centrourbano.com\\\/revista\\\/inmobiliario\\\/guanajuato-contara-con-nuevos-hoteles-durante-2015\\\/#breadcrumb\",\"itemListElement\":[{\"@type\":\"ListItem\",\"position\":1,\"name\":\"Portada\",\"item\":\"https:\\\/\\\/centrourbano.com\\\/revista\\\/\"},{\"@type\":\"ListItem\",\"position\":2,\"name\":\"Guanajuato contar\u00e1 con nuevos hoteles durante 2015\"}]},{\"@type\":\"WebSite\",\"@id\":\"https:\\\/\\\/centrourbano.com\\\/revista\\\/#website\",\"url\":\"https:\\\/\\\/centrourbano.com\\\/revista\\\/\",\"name\":\"Centro Urbano\",\"description\":\"Medio especializado en los sectores vivienda, inmobiliario, construcci\u00f3n, arquitectura y urbanismo.\",\"publisher\":{\"@id\":\"https:\\\/\\\/centrourbano.com\\\/revista\\\/#organization\"},\"potentialAction\":[{\"@type\":\"SearchAction\",\"target\":{\"@type\":\"EntryPoint\",\"urlTemplate\":\"https:\\\/\\\/centrourbano.com\\\/revista\\\/?s={search_term_string}\"},\"query-input\":{\"@type\":\"PropertyValueSpecification\",\"valueRequired\":true,\"valueName\":\"search_term_string\"}}],\"inLanguage\":\"es\"},{\"@type\":\"Organization\",\"@id\":\"https:\\\/\\\/centrourbano.com\\\/revista\\\/#organization\",\"name\":\"Centro Urbano\",\"url\":\"https:\\\/\\\/centrourbano.com\\\/revista\\\/\",\"logo\":{\"@type\":\"ImageObject\",\"inLanguage\":\"es\",\"@id\":\"https:\\\/\\\/centrourbano.com\\\/revista\\\/#\\\/schema\\\/logo\\\/image\\\/\",\"url\":\"https:\\\/\\\/centrourbano.com\\\/revista\\\/wp-content\\\/uploads\\\/web_CU_logo-1.png\",\"contentUrl\":\"https:\\\/\\\/centrourbano.com\\\/revista\\\/wp-content\\\/uploads\\\/web_CU_logo-1.png\",\"width\":350,\"height\":91,\"caption\":\"Centro Urbano\"},\"image\":{\"@id\":\"https:\\\/\\\/centrourbano.com\\\/revista\\\/#\\\/schema\\\/logo\\\/image\\\/\"},\"sameAs\":[\"https:\\\/\\\/www.facebook.com\\\/portalcentrourbano\",\"https:\\\/\\\/x.com\\\/CentroUrbano\",\"https:\\\/\\\/www.instagram.com\\\/centro_urbano\\\/\",\"https:\\\/\\\/www.linkedin.com\\\/company\\\/centro-urbano\\\/\",\"http:\\\/\\\/www.youtube.com\\\/user\\\/portalcentrourbano\"]},{\"@type\":\"Person\",\"@id\":\"https:\\\/\\\/centrourbano.com\\\/revista\\\/#\\\/schema\\\/person\\\/4c9d581213c6d17ee82daf6d9fd0773e\",\"name\":\"Oscar Guti\u00e9rrez Arriaga\",\"image\":{\"@type\":\"ImageObject\",\"inLanguage\":\"es\",\"@id\":\"https:\\\/\\\/secure.gravatar.com\\\/avatar\\\/2cc65c460a9554cb4b76ce1ec6538c61db0db5ddd3275ef867a16f59c0d4810d?s=96&d=mm&r=g\",\"url\":\"https:\\\/\\\/secure.gravatar.com\\\/avatar\\\/2cc65c460a9554cb4b76ce1ec6538c61db0db5ddd3275ef867a16f59c0d4810d?s=96&d=mm&r=g\",\"contentUrl\":\"https:\\\/\\\/secure.gravatar.com\\\/avatar\\\/2cc65c460a9554cb4b76ce1ec6538c61db0db5ddd3275ef867a16f59c0d4810d?s=96&d=mm&r=g\",\"caption\":\"Oscar Guti\u00e9rrez Arriaga\"},\"description\":\"Licenciado en Ciencias de la Comunicaci\u00f3n por la FCPyS UNAM, comunic\u00f3logo pol\u00edtico por decisi\u00f3n, ex profesor y ahora\u2026 reportero\",\"url\":\"https:\\\/\\\/centrourbano.com\\\/revista\\\/author\\\/oscar-gutierrez\\\/\"}]}<\/script>\n<!-- \/ Yoast SEO plugin. -->","yoast_head_json":{"title":"Guanajuato contar\u00e1 con nuevos hoteles durante 2015 -","description":"Se prev\u00e9 la llegada de 6 nuevas cadenas hoteleras las cuales invertir\u00e1n casi 300 millones de pesos en la entidad Durante el presente a\u00f1o la cantidad de","robots":{"index":"index","follow":"follow","max-snippet":"max-snippet:-1","max-image-preview":"max-image-preview:large","max-video-preview":"max-video-preview:-1"},"canonical":"https:\/\/centrourbano.com\/revista\/inmobiliario\/guanajuato-contara-con-nuevos-hoteles-durante-2015\/","og_locale":"es_ES","og_type":"article","og_title":"Guanajuato contar\u00e1 con nuevos hoteles durante 2015 -","og_description":"Se prev\u00e9 la llegada de 6 nuevas cadenas hoteleras las cuales invertir\u00e1n casi 300 millones de pesos en la entidad Durante el presente a\u00f1o la cantidad de","og_url":"https:\/\/centrourbano.com\/revista\/inmobiliario\/guanajuato-contara-con-nuevos-hoteles-durante-2015\/","og_site_name":"Centro Urbano","article_publisher":"https:\/\/www.facebook.com\/portalcentrourbano","article_published_time":"2015-03-03T15:34:59+00:00","og_image":[{"width":500,"height":375,"url":"https:\/\/centrourbano.com\/revista\/wp-content\/uploads\/Salamanca-3.jpg","type":"image\/jpeg"}],"author":"Oscar Guti\u00e9rrez Arriaga","twitter_card":"summary_large_image","twitter_creator":"@CentroUrbano","twitter_site":"@CentroUrbano","twitter_misc":{"Escrito por":"Oscar Guti\u00e9rrez Arriaga","Tiempo de lectura":"2 minutos"},"schema":{"@context":"https:\/\/schema.org","@graph":[{"@type":"Article","@id":"https:\/\/centrourbano.com\/revista\/inmobiliario\/guanajuato-contara-con-nuevos-hoteles-durante-2015\/#article","isPartOf":{"@id":"https:\/\/centrourbano.com\/revista\/inmobiliario\/guanajuato-contara-con-nuevos-hoteles-durante-2015\/"},"author":{"name":"Oscar Guti\u00e9rrez Arriaga","@id":"https:\/\/centrourbano.com\/revista\/#\/schema\/person\/4c9d581213c6d17ee82daf6d9fd0773e"},"headline":"Guanajuato contar\u00e1 con nuevos hoteles durante 2015","datePublished":"2015-03-03T15:34:59+00:00","mainEntityOfPage":{"@id":"https:\/\/centrourbano.com\/revista\/inmobiliario\/guanajuato-contara-con-nuevos-hoteles-durante-2015\/"},"wordCount":323,"commentCount":0,"publisher":{"@id":"https:\/\/centrourbano.com\/revista\/#organization"},"image":{"@id":"https:\/\/centrourbano.com\/revista\/inmobiliario\/guanajuato-contara-con-nuevos-hoteles-durante-2015\/#primaryimage"},"thumbnailUrl":"https:\/\/centrourbano.com\/revista\/wp-content\/uploads\/Salamanca-3.jpg","keywords":["hoteles","Salamanca"],"articleSection":["Inmobiliario"],"inLanguage":"es","potentialAction":[{"@type":"CommentAction","name":"Comment","target":["https:\/\/centrourbano.com\/revista\/inmobiliario\/guanajuato-contara-con-nuevos-hoteles-durante-2015\/#respond"]}]},{"@type":"WebPage","@id":"https:\/\/centrourbano.com\/revista\/inmobiliario\/guanajuato-contara-con-nuevos-hoteles-durante-2015\/","url":"https:\/\/centrourbano.com\/revista\/inmobiliario\/guanajuato-contara-con-nuevos-hoteles-durante-2015\/","name":"Guanajuato contar\u00e1 con nuevos hoteles durante 2015 -","isPartOf":{"@id":"https:\/\/centrourbano.com\/revista\/#website"},"primaryImageOfPage":{"@id":"https:\/\/centrourbano.com\/revista\/inmobiliario\/guanajuato-contara-con-nuevos-hoteles-durante-2015\/#primaryimage"},"image":{"@id":"https:\/\/centrourbano.com\/revista\/inmobiliario\/guanajuato-contara-con-nuevos-hoteles-durante-2015\/#primaryimage"},"thumbnailUrl":"https:\/\/centrourbano.com\/revista\/wp-content\/uploads\/Salamanca-3.jpg","datePublished":"2015-03-03T15:34:59+00:00","description":"Se prev\u00e9 la llegada de 6 nuevas cadenas hoteleras las cuales invertir\u00e1n casi 300 millones de pesos en la entidad Durante el presente a\u00f1o la cantidad de","breadcrumb":{"@id":"https:\/\/centrourbano.com\/revista\/inmobiliario\/guanajuato-contara-con-nuevos-hoteles-durante-2015\/#breadcrumb"},"inLanguage":"es","potentialAction":[{"@type":"ReadAction","target":["https:\/\/centrourbano.com\/revista\/inmobiliario\/guanajuato-contara-con-nuevos-hoteles-durante-2015\/"]}]},{"@type":"ImageObject","inLanguage":"es","@id":"https:\/\/centrourbano.com\/revista\/inmobiliario\/guanajuato-contara-con-nuevos-hoteles-durante-2015\/#primaryimage","url":"https:\/\/centrourbano.com\/revista\/wp-content\/uploads\/Salamanca-3.jpg","contentUrl":"https:\/\/centrourbano.com\/revista\/wp-content\/uploads\/Salamanca-3.jpg","width":500,"height":375},{"@type":"BreadcrumbList","@id":"https:\/\/centrourbano.com\/revista\/inmobiliario\/guanajuato-contara-con-nuevos-hoteles-durante-2015\/#breadcrumb","itemListElement":[{"@type":"ListItem","position":1,"name":"Portada","item":"https:\/\/centrourbano.com\/revista\/"},{"@type":"ListItem","position":2,"name":"Guanajuato contar\u00e1 con nuevos hoteles durante 2015"}]},{"@type":"WebSite","@id":"https:\/\/centrourbano.com\/revista\/#website","url":"https:\/\/centrourbano.com\/revista\/","name":"Centro Urbano","description":"Medio especializado en los sectores vivienda, inmobiliario, construcci\u00f3n, arquitectura y urbanismo.","publisher":{"@id":"https:\/\/centrourbano.com\/revista\/#organization"},"potentialAction":[{"@type":"SearchAction","target":{"@type":"EntryPoint","urlTemplate":"https:\/\/centrourbano.com\/revista\/?s={search_term_string}"},"query-input":{"@type":"PropertyValueSpecification","valueRequired":true,"valueName":"search_term_string"}}],"inLanguage":"es"},{"@type":"Organization","@id":"https:\/\/centrourbano.com\/revista\/#organization","name":"Centro Urbano","url":"https:\/\/centrourbano.com\/revista\/","logo":{"@type":"ImageObject","inLanguage":"es","@id":"https:\/\/centrourbano.com\/revista\/#\/schema\/logo\/image\/","url":"https:\/\/centrourbano.com\/revista\/wp-content\/uploads\/web_CU_logo-1.png","contentUrl":"https:\/\/centrourbano.com\/revista\/wp-content\/uploads\/web_CU_logo-1.png","width":350,"height":91,"caption":"Centro Urbano"},"image":{"@id":"https:\/\/centrourbano.com\/revista\/#\/schema\/logo\/image\/"},"sameAs":["https:\/\/www.facebook.com\/portalcentrourbano","https:\/\/x.com\/CentroUrbano","https:\/\/www.instagram.com\/centro_urbano\/","https:\/\/www.linkedin.com\/company\/centro-urbano\/","http:\/\/www.youtube.com\/user\/portalcentrourbano"]},{"@type":"Person","@id":"https:\/\/centrourbano.com\/revista\/#\/schema\/person\/4c9d581213c6d17ee82daf6d9fd0773e","name":"Oscar Guti\u00e9rrez Arriaga","image":{"@type":"ImageObject","inLanguage":"es","@id":"https:\/\/secure.gravatar.com\/avatar\/2cc65c460a9554cb4b76ce1ec6538c61db0db5ddd3275ef867a16f59c0d4810d?s=96&d=mm&r=g","url":"https:\/\/secure.gravatar.com\/avatar\/2cc65c460a9554cb4b76ce1ec6538c61db0db5ddd3275ef867a16f59c0d4810d?s=96&d=mm&r=g","contentUrl":"https:\/\/secure.gravatar.com\/avatar\/2cc65c460a9554cb4b76ce1ec6538c61db0db5ddd3275ef867a16f59c0d4810d?s=96&d=mm&r=g","caption":"Oscar Guti\u00e9rrez Arriaga"},"description":"Licenciado en Ciencias de la Comunicaci\u00f3n por la FCPyS UNAM, comunic\u00f3logo pol\u00edtico por decisi\u00f3n, ex profesor y ahora\u2026 reportero","url":"https:\/\/centrourbano.com\/revista\/author\/oscar-gutierrez\/"}]}},"_links":{"self":[{"href":"https:\/\/centrourbano.com\/revista\/wp-json\/wp\/v2\/posts\/15968","targetHints":{"allow":["GET"]}}],"collection":[{"href":"https:\/\/centrourbano.com\/revista\/wp-json\/wp\/v2\/posts"}],"about":[{"href":"https:\/\/centrourbano.com\/revista\/wp-json\/wp\/v2\/types\/post"}],"author":[{"embeddable":true,"href":"https:\/\/centrourbano.com\/revista\/wp-json\/wp\/v2\/users\/29"}],"replies":[{"embeddable":true,"href":"https:\/\/centrourbano.com\/revista\/wp-json\/wp\/v2\/comments?post=15968"}],"version-history":[{"count":0,"href":"https:\/\/centrourbano.com\/revista\/wp-json\/wp\/v2\/posts\/15968\/revisions"}],"wp:featuredmedia":[{"embeddable":true,"href":"https:\/\/centrourbano.com\/revista\/wp-json\/wp\/v2\/media\/15969"}],"wp:attachment":[{"href":"https:\/\/centrourbano.com\/revista\/wp-json\/wp\/v2\/media?parent=15968"}],"wp:term":[{"taxonomy":"category","embeddable":true,"href":"https:\/\/centrourbano.com\/revista\/wp-json\/wp\/v2\/categories?post=15968"},{"taxonomy":"post_tag","embeddable":true,"href":"https:\/\/centrourbano.com\/revista\/wp-json\/wp\/v2\/tags?post=15968"}],"curies":[{"name":"wp","href":"https:\/\/api.w.org\/{rel}","templated":true}]}}