{"id":15963,"date":"2015-03-02T16:59:44","date_gmt":"2015-03-02T22:59:44","guid":{"rendered":"http:\/\/centrourbano.com\/?p=15963"},"modified":"2015-03-02T17:13:25","modified_gmt":"2015-03-02T23:13:25","slug":"remozan-comunidades-en-dos-municipios-de-michoacan","status":"publish","type":"post","link":"https:\/\/centrourbano.com\/revista\/construccion\/remozan-comunidades-en-dos-municipios-de-michoacan\/","title":{"rendered":"Remozan comunidades en dos municipios de Michoac\u00e1n"},"content":{"rendered":"<p>&nbsp;<\/p>\n<p><em>Se entregaron obras por un monto de 30,000,000<\/em> e<em>n Yur\u00e9cuaro y La Piedad<\/em><\/p>\n<p>&nbsp;<\/p>\n<p>Gustavo C\u00e1rdenas Monroy, subsecretario de la Secretar\u00eda de Desarrollo Agrario, Territorial y Urbano (Sedatu), realiz\u00f3 en el estado de Michoac\u00e1n la entrega de unidades deportivas, centros comunitarios, remodelaci\u00f3n de calles y avenidas con un costo de 30,000,000.<\/p>\n<p>Las obras fueron en el municipio de Yur\u00e9cuaro, donde se entregaron el Parque Recreativo en la colonia Primero de Mayo; en el municipio de La Piedad, el Centro Deportivo y Comunitario \u201cVicente Fox Quesada\u201d (Los Moreno), la ampliaci\u00f3n y equipamiento de los centros Santa Fe \u201cCarlos Abascal\u201d; en la colonia Santa Fe de la colonia M\u00e9xico Carlos Castillo Peraza, as\u00ed como el Parque Recreativo y Zool\u00f3gico, en Ciudad del Sol y parque recreativo Camelinas, y las calles Jorullo, 21 de Marzo, en Tzinzunzan y Patamban respectivamente.<\/p>\n<p>Durante la gira, C\u00e1rdenas estuvo acompa\u00f1ado por los alcaldes de Yur\u00e9cuaro, Rigoberto L\u00f3pez, y de La Piedad, Hugo Anaya \u00c1vila; as\u00ed como por Mauro Ram\u00f3n Ballesteros Figueroa, representante del gobernador Salvador Jara Guerrero, e integrantes de los cabildos.<\/p>\n<p>Durante la entrega, C\u00e1rdenas Monroy afirm\u00f3 que se trabaja para que los j\u00f3venes tengan m\u00e1s y mejores oportunidades y tomen los caminos adecuados, pues son los que garantizar\u00e1n un futuro de prosperidad para la naci\u00f3n. \u201cPara que haya justicia, equidad y para que los todos los programas sean favorables a las familias michoacanas\u201d, dijo.<\/p>\n<p>En las entregas, el subsecretario destac\u00f3 que en la medida en que\u00a0 haya mayor participaci\u00f3n ciudadana, habr\u00e1 posibilidades de que nuestros hijos sean buenos ciudadanos y evitar que se distraigan en cosas que destruyen a las familias y personas de cualquier lugar del pa\u00eds.<\/p>\n<p>El funcionario dijo que con los programas H\u00e1bitat y Rescate de Espacios P\u00fablicos, la mayor\u00eda de los municipios de la entidad contar\u00e1n con centros y unidades deportivas, centros comunitarios, parques, drenajes, banquetas y guarniciones y alumbrado p\u00fablico, calles y avenidas remodeladas.<br \/>\nA los eventos asistieron tambi\u00e9n, el subsecretario de Urbanismo y Medio Ambiente estatal, Andr\u00e9 Aguilar Aguilar y Jes\u00fas Ram\u00f3n Camacho Dom\u00ednguez, delegado de Sedatu en Michoac\u00e1n.<\/p>\n","protected":false},"excerpt":{"rendered":"<p>&nbsp; Se entregaron obras por un monto de 30,000,000 en Yur\u00e9cuaro y La Piedad &nbsp; Gustavo C\u00e1rdenas Monroy, subsecretario de la Secretar\u00eda de Desarrollo Agrario, Territorial y Urbano (Sedatu), realiz\u00f3 en el estado de Michoac\u00e1n la entrega de unidades deportivas, centros comunitarios, remodelaci\u00f3n de calles y avenidas con un costo de 30,000,000. Las obras fueron [&hellip;]<\/p>\n","protected":false},"author":28,"featured_media":15964,"comment_status":"open","ping_status":"closed","sticky":false,"template":"","format":"standard","meta":{"om_disable_all_campaigns":false,"inline_featured_image":false,"_monsterinsights_skip_tracking":false,"_monsterinsights_sitenote_active":false,"_monsterinsights_sitenote_note":"","_monsterinsights_sitenote_category":0,"footnotes":""},"categories":[14],"tags":[4508,995,105,4509],"class_list":["post-15963","post","type-post","status-publish","format-standard","has-post-thumbnail","hentry","category-construccion","tag-la-piedad","tag-michoacan","tag-sedatu","tag-yurecuaro"],"yoast_head":"<!-- This site is optimized with the Yoast SEO plugin v27.4 - https:\/\/yoast.com\/product\/yoast-seo-wordpress\/ -->\n<title>Remozan comunidades en dos municipios de Michoac\u00e1n -<\/title>\n<meta name=\"description\" content=\"&nbsp; Se entregaron obras por un monto de 30,000,000 en Yur\u00e9cuaro y La Piedad &nbsp; Gustavo C\u00e1rdenas Monroy, subsecretario de la Secretar\u00eda de\" \/>\n<meta name=\"robots\" content=\"index, follow, max-snippet:-1, max-image-preview:large, max-video-preview:-1\" \/>\n<link rel=\"canonical\" href=\"https:\/\/centrourbano.com\/revista\/construccion\/remozan-comunidades-en-dos-municipios-de-michoacan\/\" \/>\n<meta property=\"og:locale\" content=\"es_ES\" \/>\n<meta property=\"og:type\" content=\"article\" \/>\n<meta property=\"og:title\" content=\"Remozan comunidades en dos municipios de Michoac\u00e1n -\" \/>\n<meta property=\"og:description\" content=\"&nbsp; Se entregaron obras por un monto de 30,000,000 en Yur\u00e9cuaro y La Piedad &nbsp; Gustavo C\u00e1rdenas Monroy, subsecretario de la Secretar\u00eda de\" \/>\n<meta property=\"og:url\" content=\"https:\/\/centrourbano.com\/revista\/construccion\/remozan-comunidades-en-dos-municipios-de-michoacan\/\" \/>\n<meta property=\"og:site_name\" content=\"Centro Urbano\" \/>\n<meta property=\"article:publisher\" content=\"https:\/\/www.facebook.com\/portalcentrourbano\" \/>\n<meta property=\"article:published_time\" content=\"2015-03-02T22:59:44+00:00\" \/>\n<meta property=\"article:modified_time\" content=\"2015-03-02T23:13:25+00:00\" \/>\n<meta property=\"og:image\" content=\"https:\/\/centrourbano.com\/revista\/wp-content\/uploads\/Sedatu-Michook.jpg\" \/>\n\t<meta property=\"og:image:width\" content=\"750\" \/>\n\t<meta property=\"og:image:height\" content=\"563\" \/>\n\t<meta property=\"og:image:type\" content=\"image\/jpeg\" \/>\n<meta name=\"author\" content=\"Mario V\u00e1zquez Barrios\" \/>\n<meta name=\"twitter:card\" content=\"summary_large_image\" \/>\n<meta name=\"twitter:creator\" content=\"@MarioDeNiro\" \/>\n<meta name=\"twitter:site\" content=\"@CentroUrbano\" \/>\n<meta name=\"twitter:label1\" content=\"Escrito por\" \/>\n\t<meta name=\"twitter:data1\" content=\"Mario V\u00e1zquez Barrios\" \/>\n\t<meta name=\"twitter:label2\" content=\"Tiempo de lectura\" \/>\n\t<meta name=\"twitter:data2\" content=\"2 minutos\" \/>\n<script type=\"application\/ld+json\" class=\"yoast-schema-graph\">{\"@context\":\"https:\\\/\\\/schema.org\",\"@graph\":[{\"@type\":\"Article\",\"@id\":\"https:\\\/\\\/centrourbano.com\\\/revista\\\/construccion\\\/remozan-comunidades-en-dos-municipios-de-michoacan\\\/#article\",\"isPartOf\":{\"@id\":\"https:\\\/\\\/centrourbano.com\\\/revista\\\/construccion\\\/remozan-comunidades-en-dos-municipios-de-michoacan\\\/\"},\"author\":{\"name\":\"Mario V\u00e1zquez Barrios\",\"@id\":\"https:\\\/\\\/centrourbano.com\\\/revista\\\/#\\\/schema\\\/person\\\/71e020a5b63ca4230c0f1228a36cde93\"},\"headline\":\"Remozan comunidades en dos municipios de Michoac\u00e1n\",\"datePublished\":\"2015-03-02T22:59:44+00:00\",\"dateModified\":\"2015-03-02T23:13:25+00:00\",\"mainEntityOfPage\":{\"@id\":\"https:\\\/\\\/centrourbano.com\\\/revista\\\/construccion\\\/remozan-comunidades-en-dos-municipios-de-michoacan\\\/\"},\"wordCount\":377,\"commentCount\":0,\"publisher\":{\"@id\":\"https:\\\/\\\/centrourbano.com\\\/revista\\\/#organization\"},\"image\":{\"@id\":\"https:\\\/\\\/centrourbano.com\\\/revista\\\/construccion\\\/remozan-comunidades-en-dos-municipios-de-michoacan\\\/#primaryimage\"},\"thumbnailUrl\":\"https:\\\/\\\/centrourbano.com\\\/revista\\\/wp-content\\\/uploads\\\/Sedatu-Michook.jpg\",\"keywords\":[\"La Piedad\",\"Michoac\u00e1n\",\"Sedatu\",\"Yur\u00e9cuaro\"],\"articleSection\":[\"Construcci\u00f3n\"],\"inLanguage\":\"es\",\"potentialAction\":[{\"@type\":\"CommentAction\",\"name\":\"Comment\",\"target\":[\"https:\\\/\\\/centrourbano.com\\\/revista\\\/construccion\\\/remozan-comunidades-en-dos-municipios-de-michoacan\\\/#respond\"]}]},{\"@type\":\"WebPage\",\"@id\":\"https:\\\/\\\/centrourbano.com\\\/revista\\\/construccion\\\/remozan-comunidades-en-dos-municipios-de-michoacan\\\/\",\"url\":\"https:\\\/\\\/centrourbano.com\\\/revista\\\/construccion\\\/remozan-comunidades-en-dos-municipios-de-michoacan\\\/\",\"name\":\"Remozan comunidades en dos municipios de Michoac\u00e1n -\",\"isPartOf\":{\"@id\":\"https:\\\/\\\/centrourbano.com\\\/revista\\\/#website\"},\"primaryImageOfPage\":{\"@id\":\"https:\\\/\\\/centrourbano.com\\\/revista\\\/construccion\\\/remozan-comunidades-en-dos-municipios-de-michoacan\\\/#primaryimage\"},\"image\":{\"@id\":\"https:\\\/\\\/centrourbano.com\\\/revista\\\/construccion\\\/remozan-comunidades-en-dos-municipios-de-michoacan\\\/#primaryimage\"},\"thumbnailUrl\":\"https:\\\/\\\/centrourbano.com\\\/revista\\\/wp-content\\\/uploads\\\/Sedatu-Michook.jpg\",\"datePublished\":\"2015-03-02T22:59:44+00:00\",\"dateModified\":\"2015-03-02T23:13:25+00:00\",\"description\":\"&nbsp; Se entregaron obras por un monto de 30,000,000 en Yur\u00e9cuaro y La Piedad &nbsp; Gustavo C\u00e1rdenas Monroy, subsecretario de la Secretar\u00eda de\",\"breadcrumb\":{\"@id\":\"https:\\\/\\\/centrourbano.com\\\/revista\\\/construccion\\\/remozan-comunidades-en-dos-municipios-de-michoacan\\\/#breadcrumb\"},\"inLanguage\":\"es\",\"potentialAction\":[{\"@type\":\"ReadAction\",\"target\":[\"https:\\\/\\\/centrourbano.com\\\/revista\\\/construccion\\\/remozan-comunidades-en-dos-municipios-de-michoacan\\\/\"]}]},{\"@type\":\"ImageObject\",\"inLanguage\":\"es\",\"@id\":\"https:\\\/\\\/centrourbano.com\\\/revista\\\/construccion\\\/remozan-comunidades-en-dos-municipios-de-michoacan\\\/#primaryimage\",\"url\":\"https:\\\/\\\/centrourbano.com\\\/revista\\\/wp-content\\\/uploads\\\/Sedatu-Michook.jpg\",\"contentUrl\":\"https:\\\/\\\/centrourbano.com\\\/revista\\\/wp-content\\\/uploads\\\/Sedatu-Michook.jpg\",\"width\":750,\"height\":563},{\"@type\":\"BreadcrumbList\",\"@id\":\"https:\\\/\\\/centrourbano.com\\\/revista\\\/construccion\\\/remozan-comunidades-en-dos-municipios-de-michoacan\\\/#breadcrumb\",\"itemListElement\":[{\"@type\":\"ListItem\",\"position\":1,\"name\":\"Portada\",\"item\":\"https:\\\/\\\/centrourbano.com\\\/revista\\\/\"},{\"@type\":\"ListItem\",\"position\":2,\"name\":\"Remozan comunidades en dos municipios de Michoac\u00e1n\"}]},{\"@type\":\"WebSite\",\"@id\":\"https:\\\/\\\/centrourbano.com\\\/revista\\\/#website\",\"url\":\"https:\\\/\\\/centrourbano.com\\\/revista\\\/\",\"name\":\"Centro Urbano\",\"description\":\"Medio especializado en los sectores vivienda, inmobiliario, construcci\u00f3n, arquitectura y urbanismo.\",\"publisher\":{\"@id\":\"https:\\\/\\\/centrourbano.com\\\/revista\\\/#organization\"},\"potentialAction\":[{\"@type\":\"SearchAction\",\"target\":{\"@type\":\"EntryPoint\",\"urlTemplate\":\"https:\\\/\\\/centrourbano.com\\\/revista\\\/?s={search_term_string}\"},\"query-input\":{\"@type\":\"PropertyValueSpecification\",\"valueRequired\":true,\"valueName\":\"search_term_string\"}}],\"inLanguage\":\"es\"},{\"@type\":\"Organization\",\"@id\":\"https:\\\/\\\/centrourbano.com\\\/revista\\\/#organization\",\"name\":\"Centro Urbano\",\"url\":\"https:\\\/\\\/centrourbano.com\\\/revista\\\/\",\"logo\":{\"@type\":\"ImageObject\",\"inLanguage\":\"es\",\"@id\":\"https:\\\/\\\/centrourbano.com\\\/revista\\\/#\\\/schema\\\/logo\\\/image\\\/\",\"url\":\"https:\\\/\\\/centrourbano.com\\\/revista\\\/wp-content\\\/uploads\\\/web_CU_logo-1.png\",\"contentUrl\":\"https:\\\/\\\/centrourbano.com\\\/revista\\\/wp-content\\\/uploads\\\/web_CU_logo-1.png\",\"width\":350,\"height\":91,\"caption\":\"Centro Urbano\"},\"image\":{\"@id\":\"https:\\\/\\\/centrourbano.com\\\/revista\\\/#\\\/schema\\\/logo\\\/image\\\/\"},\"sameAs\":[\"https:\\\/\\\/www.facebook.com\\\/portalcentrourbano\",\"https:\\\/\\\/x.com\\\/CentroUrbano\",\"https:\\\/\\\/www.instagram.com\\\/centro_urbano\\\/\",\"https:\\\/\\\/www.linkedin.com\\\/company\\\/centro-urbano\\\/\",\"http:\\\/\\\/www.youtube.com\\\/user\\\/portalcentrourbano\"]},{\"@type\":\"Person\",\"@id\":\"https:\\\/\\\/centrourbano.com\\\/revista\\\/#\\\/schema\\\/person\\\/71e020a5b63ca4230c0f1228a36cde93\",\"name\":\"Mario V\u00e1zquez Barrios\",\"image\":{\"@type\":\"ImageObject\",\"inLanguage\":\"es\",\"@id\":\"https:\\\/\\\/secure.gravatar.com\\\/avatar\\\/347e6d9c0b04f0194ca244ba64b0fe62752d716a3a93d1713bd259eb87aad5b6?s=96&d=mm&r=g\",\"url\":\"https:\\\/\\\/secure.gravatar.com\\\/avatar\\\/347e6d9c0b04f0194ca244ba64b0fe62752d716a3a93d1713bd259eb87aad5b6?s=96&d=mm&r=g\",\"contentUrl\":\"https:\\\/\\\/secure.gravatar.com\\\/avatar\\\/347e6d9c0b04f0194ca244ba64b0fe62752d716a3a93d1713bd259eb87aad5b6?s=96&d=mm&r=g\",\"caption\":\"Mario V\u00e1zquez Barrios\"},\"description\":\"Me inici\u00e9 en El Financiero haciendo reportajes; en MegaNoticias Televisi\u00f3n fui reportero titular; en EMedios, control de calidad; y Radio 13 Noticias me acogi\u00f3 como colaborador. Me gusta encontrar en las banquetas la nota, una entrevista y el inicio de un reportaje.\",\"sameAs\":[\"https:\\\/\\\/x.com\\\/@MarioDeNiro\"],\"url\":\"https:\\\/\\\/centrourbano.com\\\/revista\\\/author\\\/mario-vazquez\\\/\"}]}<\/script>\n<!-- \/ Yoast SEO plugin. -->","yoast_head_json":{"title":"Remozan comunidades en dos municipios de Michoac\u00e1n -","description":"&nbsp; Se entregaron obras por un monto de 30,000,000 en Yur\u00e9cuaro y La Piedad &nbsp; Gustavo C\u00e1rdenas Monroy, subsecretario de la Secretar\u00eda de","robots":{"index":"index","follow":"follow","max-snippet":"max-snippet:-1","max-image-preview":"max-image-preview:large","max-video-preview":"max-video-preview:-1"},"canonical":"https:\/\/centrourbano.com\/revista\/construccion\/remozan-comunidades-en-dos-municipios-de-michoacan\/","og_locale":"es_ES","og_type":"article","og_title":"Remozan comunidades en dos municipios de Michoac\u00e1n -","og_description":"&nbsp; Se entregaron obras por un monto de 30,000,000 en Yur\u00e9cuaro y La Piedad &nbsp; Gustavo C\u00e1rdenas Monroy, subsecretario de la Secretar\u00eda de","og_url":"https:\/\/centrourbano.com\/revista\/construccion\/remozan-comunidades-en-dos-municipios-de-michoacan\/","og_site_name":"Centro Urbano","article_publisher":"https:\/\/www.facebook.com\/portalcentrourbano","article_published_time":"2015-03-02T22:59:44+00:00","article_modified_time":"2015-03-02T23:13:25+00:00","og_image":[{"width":750,"height":563,"url":"https:\/\/centrourbano.com\/revista\/wp-content\/uploads\/Sedatu-Michook.jpg","type":"image\/jpeg"}],"author":"Mario V\u00e1zquez Barrios","twitter_card":"summary_large_image","twitter_creator":"@MarioDeNiro","twitter_site":"@CentroUrbano","twitter_misc":{"Escrito por":"Mario V\u00e1zquez Barrios","Tiempo de lectura":"2 minutos"},"schema":{"@context":"https:\/\/schema.org","@graph":[{"@type":"Article","@id":"https:\/\/centrourbano.com\/revista\/construccion\/remozan-comunidades-en-dos-municipios-de-michoacan\/#article","isPartOf":{"@id":"https:\/\/centrourbano.com\/revista\/construccion\/remozan-comunidades-en-dos-municipios-de-michoacan\/"},"author":{"name":"Mario V\u00e1zquez Barrios","@id":"https:\/\/centrourbano.com\/revista\/#\/schema\/person\/71e020a5b63ca4230c0f1228a36cde93"},"headline":"Remozan comunidades en dos municipios de Michoac\u00e1n","datePublished":"2015-03-02T22:59:44+00:00","dateModified":"2015-03-02T23:13:25+00:00","mainEntityOfPage":{"@id":"https:\/\/centrourbano.com\/revista\/construccion\/remozan-comunidades-en-dos-municipios-de-michoacan\/"},"wordCount":377,"commentCount":0,"publisher":{"@id":"https:\/\/centrourbano.com\/revista\/#organization"},"image":{"@id":"https:\/\/centrourbano.com\/revista\/construccion\/remozan-comunidades-en-dos-municipios-de-michoacan\/#primaryimage"},"thumbnailUrl":"https:\/\/centrourbano.com\/revista\/wp-content\/uploads\/Sedatu-Michook.jpg","keywords":["La Piedad","Michoac\u00e1n","Sedatu","Yur\u00e9cuaro"],"articleSection":["Construcci\u00f3n"],"inLanguage":"es","potentialAction":[{"@type":"CommentAction","name":"Comment","target":["https:\/\/centrourbano.com\/revista\/construccion\/remozan-comunidades-en-dos-municipios-de-michoacan\/#respond"]}]},{"@type":"WebPage","@id":"https:\/\/centrourbano.com\/revista\/construccion\/remozan-comunidades-en-dos-municipios-de-michoacan\/","url":"https:\/\/centrourbano.com\/revista\/construccion\/remozan-comunidades-en-dos-municipios-de-michoacan\/","name":"Remozan comunidades en dos municipios de Michoac\u00e1n -","isPartOf":{"@id":"https:\/\/centrourbano.com\/revista\/#website"},"primaryImageOfPage":{"@id":"https:\/\/centrourbano.com\/revista\/construccion\/remozan-comunidades-en-dos-municipios-de-michoacan\/#primaryimage"},"image":{"@id":"https:\/\/centrourbano.com\/revista\/construccion\/remozan-comunidades-en-dos-municipios-de-michoacan\/#primaryimage"},"thumbnailUrl":"https:\/\/centrourbano.com\/revista\/wp-content\/uploads\/Sedatu-Michook.jpg","datePublished":"2015-03-02T22:59:44+00:00","dateModified":"2015-03-02T23:13:25+00:00","description":"&nbsp; Se entregaron obras por un monto de 30,000,000 en Yur\u00e9cuaro y La Piedad &nbsp; Gustavo C\u00e1rdenas Monroy, subsecretario de la Secretar\u00eda de","breadcrumb":{"@id":"https:\/\/centrourbano.com\/revista\/construccion\/remozan-comunidades-en-dos-municipios-de-michoacan\/#breadcrumb"},"inLanguage":"es","potentialAction":[{"@type":"ReadAction","target":["https:\/\/centrourbano.com\/revista\/construccion\/remozan-comunidades-en-dos-municipios-de-michoacan\/"]}]},{"@type":"ImageObject","inLanguage":"es","@id":"https:\/\/centrourbano.com\/revista\/construccion\/remozan-comunidades-en-dos-municipios-de-michoacan\/#primaryimage","url":"https:\/\/centrourbano.com\/revista\/wp-content\/uploads\/Sedatu-Michook.jpg","contentUrl":"https:\/\/centrourbano.com\/revista\/wp-content\/uploads\/Sedatu-Michook.jpg","width":750,"height":563},{"@type":"BreadcrumbList","@id":"https:\/\/centrourbano.com\/revista\/construccion\/remozan-comunidades-en-dos-municipios-de-michoacan\/#breadcrumb","itemListElement":[{"@type":"ListItem","position":1,"name":"Portada","item":"https:\/\/centrourbano.com\/revista\/"},{"@type":"ListItem","position":2,"name":"Remozan comunidades en dos municipios de Michoac\u00e1n"}]},{"@type":"WebSite","@id":"https:\/\/centrourbano.com\/revista\/#website","url":"https:\/\/centrourbano.com\/revista\/","name":"Centro Urbano","description":"Medio especializado en los sectores vivienda, inmobiliario, construcci\u00f3n, arquitectura y urbanismo.","publisher":{"@id":"https:\/\/centrourbano.com\/revista\/#organization"},"potentialAction":[{"@type":"SearchAction","target":{"@type":"EntryPoint","urlTemplate":"https:\/\/centrourbano.com\/revista\/?s={search_term_string}"},"query-input":{"@type":"PropertyValueSpecification","valueRequired":true,"valueName":"search_term_string"}}],"inLanguage":"es"},{"@type":"Organization","@id":"https:\/\/centrourbano.com\/revista\/#organization","name":"Centro Urbano","url":"https:\/\/centrourbano.com\/revista\/","logo":{"@type":"ImageObject","inLanguage":"es","@id":"https:\/\/centrourbano.com\/revista\/#\/schema\/logo\/image\/","url":"https:\/\/centrourbano.com\/revista\/wp-content\/uploads\/web_CU_logo-1.png","contentUrl":"https:\/\/centrourbano.com\/revista\/wp-content\/uploads\/web_CU_logo-1.png","width":350,"height":91,"caption":"Centro Urbano"},"image":{"@id":"https:\/\/centrourbano.com\/revista\/#\/schema\/logo\/image\/"},"sameAs":["https:\/\/www.facebook.com\/portalcentrourbano","https:\/\/x.com\/CentroUrbano","https:\/\/www.instagram.com\/centro_urbano\/","https:\/\/www.linkedin.com\/company\/centro-urbano\/","http:\/\/www.youtube.com\/user\/portalcentrourbano"]},{"@type":"Person","@id":"https:\/\/centrourbano.com\/revista\/#\/schema\/person\/71e020a5b63ca4230c0f1228a36cde93","name":"Mario V\u00e1zquez Barrios","image":{"@type":"ImageObject","inLanguage":"es","@id":"https:\/\/secure.gravatar.com\/avatar\/347e6d9c0b04f0194ca244ba64b0fe62752d716a3a93d1713bd259eb87aad5b6?s=96&d=mm&r=g","url":"https:\/\/secure.gravatar.com\/avatar\/347e6d9c0b04f0194ca244ba64b0fe62752d716a3a93d1713bd259eb87aad5b6?s=96&d=mm&r=g","contentUrl":"https:\/\/secure.gravatar.com\/avatar\/347e6d9c0b04f0194ca244ba64b0fe62752d716a3a93d1713bd259eb87aad5b6?s=96&d=mm&r=g","caption":"Mario V\u00e1zquez Barrios"},"description":"Me inici\u00e9 en El Financiero haciendo reportajes; en MegaNoticias Televisi\u00f3n fui reportero titular; en EMedios, control de calidad; y Radio 13 Noticias me acogi\u00f3 como colaborador. Me gusta encontrar en las banquetas la nota, una entrevista y el inicio de un reportaje.","sameAs":["https:\/\/x.com\/@MarioDeNiro"],"url":"https:\/\/centrourbano.com\/revista\/author\/mario-vazquez\/"}]}},"_links":{"self":[{"href":"https:\/\/centrourbano.com\/revista\/wp-json\/wp\/v2\/posts\/15963","targetHints":{"allow":["GET"]}}],"collection":[{"href":"https:\/\/centrourbano.com\/revista\/wp-json\/wp\/v2\/posts"}],"about":[{"href":"https:\/\/centrourbano.com\/revista\/wp-json\/wp\/v2\/types\/post"}],"author":[{"embeddable":true,"href":"https:\/\/centrourbano.com\/revista\/wp-json\/wp\/v2\/users\/28"}],"replies":[{"embeddable":true,"href":"https:\/\/centrourbano.com\/revista\/wp-json\/wp\/v2\/comments?post=15963"}],"version-history":[{"count":0,"href":"https:\/\/centrourbano.com\/revista\/wp-json\/wp\/v2\/posts\/15963\/revisions"}],"wp:featuredmedia":[{"embeddable":true,"href":"https:\/\/centrourbano.com\/revista\/wp-json\/wp\/v2\/media\/15964"}],"wp:attachment":[{"href":"https:\/\/centrourbano.com\/revista\/wp-json\/wp\/v2\/media?parent=15963"}],"wp:term":[{"taxonomy":"category","embeddable":true,"href":"https:\/\/centrourbano.com\/revista\/wp-json\/wp\/v2\/categories?post=15963"},{"taxonomy":"post_tag","embeddable":true,"href":"https:\/\/centrourbano.com\/revista\/wp-json\/wp\/v2\/tags?post=15963"}],"curies":[{"name":"wp","href":"https:\/\/api.w.org\/{rel}","templated":true}]}}