{"id":15932,"date":"2015-03-02T11:11:13","date_gmt":"2015-03-02T17:11:13","guid":{"rendered":"http:\/\/centrourbano.com\/?p=15932"},"modified":"2015-03-02T11:26:00","modified_gmt":"2015-03-02T17:26:00","slug":"cambia-capitan-destino-y-rumbo-se-mantienen","status":"publish","type":"post","link":"https:\/\/centrourbano.com\/revista\/opinion\/cambia-capitan-destino-y-rumbo-se-mantienen\/","title":{"rendered":"Cambia capit\u00e1n&#8230; Destino y rumbo se mantienen"},"content":{"rendered":"<p><em>Se cumplieron los tiempos&#8230; Jorge Carlos Ram\u00edrez Mar\u00edn dej\u00f3 de ser titular de la Secretar\u00eda de Desarrollo Agrario, Territorial y Urbano (Sedatu), para aparecer en un lugar muy destacado en la lista de candidatos a diputados plurinominales del PRI<\/em><!--more--><\/p>\n<p>Llega a la Sedatu Jes\u00fas Murillo Karam; viejo lobo de mar del ambiente pol\u00edtico, que cuenta con sobradas credenciales para consolidar el tejido de coordinaci\u00f3n institucional que haga posible que la pol\u00edtica federal se transforme en voluntad pol\u00edtica, regulaci\u00f3n y acciones de gobierno en los \u00e1mbitos estatal y municipal.<\/p>\n<p>Ram\u00edrez Mar\u00edn deja una Secretar\u00eda fuerte, con instituciones y programas que en apenas dos a\u00f1os dieron un giro de enorme fondo a los procesos de hacer vivienda y ciudad.<\/p>\n<p>Por eso, no sorprende el \u00e9xito del road show que realizaron la semana pasada en Nueva York las instituciones p\u00fablicas de la vivienda.<\/p>\n<p>Ante grandes inversionistas internacionales, los directores de la Comisi\u00f3n Nacional de Vivienda (Conavi), Infonavit, Fovissste y Sociedad Hipotecaria Federal, presentaron no el proyecto planteado por el presidente Enrique Pe\u00f1a Nieto para el sector, sino ya tambi\u00e9n, n\u00fameros que hablan de una industria poderosa que est\u00e1 generando calidad de vida, desarrollo econ\u00f3mico y orden urbano.<\/p>\n<p>Y tan importante como las presentaciones de los funcionarios del sector, lo fueron tambi\u00e9n las de los presidentes de la Asociaci\u00f3n de Bancos de M\u00e9xico, y las C\u00e1maras de la Vivienda (Canadevi) y la Construcci\u00f3n (CMIC), lo que habla de que gobierno y empresarios caminan en el mismo sentido bajo un modelo de coordinaci\u00f3n para el que resulta fundamental el desempe\u00f1o de la Sedatu.<\/p>\n<p>Cambio de capit\u00e1n&#8230; Pero destino y rumbo se mantienen&#8230;<\/p>\n<p>Seguimos en contacto a trav\u00e9s de twitter @horacio_urbano y nos vemos ma\u00f1ana a las 11:30 pm en Vivienda en Verde. Es por Green TV en 410 de Cablevisi\u00f3n y 392 de Total Play.<\/p>\n<p>&nbsp;<\/p>\n<p>&nbsp;<\/p>\n<p>&nbsp;<\/p>\n","protected":false},"excerpt":{"rendered":"<p>Se cumplieron los tiempos&#8230; Jorge Carlos Ram\u00edrez Mar\u00edn dej\u00f3 de ser titular de la Secretar\u00eda de Desarrollo Agrario, Territorial y Urbano (Sedatu), para aparecer en un lugar muy destacado en la lista de candidatos a diputados plurinominales del PRI<\/p>\n","protected":false},"author":13,"featured_media":15758,"comment_status":"open","ping_status":"closed","sticky":false,"template":"","format":"standard","meta":{"om_disable_all_campaigns":false,"inline_featured_image":false,"_monsterinsights_skip_tracking":false,"_monsterinsights_sitenote_active":false,"_monsterinsights_sitenote_note":"","_monsterinsights_sitenote_category":0,"footnotes":""},"categories":[241,5],"tags":[170],"class_list":["post-15932","post","type-post","status-publish","format-standard","has-post-thumbnail","hentry","category-blog-desde-la-casa","category-opinion","tag-horacio-urbano"],"yoast_head":"<!-- This site is optimized with the Yoast SEO plugin v27.4 - https:\/\/yoast.com\/product\/yoast-seo-wordpress\/ -->\n<title>Cambia capit\u00e1n... Destino y rumbo se mantienen -<\/title>\n<meta name=\"description\" content=\"Se cumplieron los tiempos... Jorge Carlos Ram\u00edrez Mar\u00edn dej\u00f3 de ser titular de la Secretar\u00eda de Desarrollo Agrario, Territorial y Urbano (Sedatu), para\" \/>\n<meta name=\"robots\" content=\"index, follow, max-snippet:-1, max-image-preview:large, max-video-preview:-1\" \/>\n<link rel=\"canonical\" href=\"https:\/\/centrourbano.com\/revista\/opinion\/cambia-capitan-destino-y-rumbo-se-mantienen\/\" \/>\n<meta property=\"og:locale\" content=\"es_ES\" \/>\n<meta property=\"og:type\" content=\"article\" \/>\n<meta property=\"og:title\" content=\"Cambia capit\u00e1n... Destino y rumbo se mantienen -\" \/>\n<meta property=\"og:description\" content=\"Se cumplieron los tiempos... Jorge Carlos Ram\u00edrez Mar\u00edn dej\u00f3 de ser titular de la Secretar\u00eda de Desarrollo Agrario, Territorial y Urbano (Sedatu), para\" \/>\n<meta property=\"og:url\" content=\"https:\/\/centrourbano.com\/revista\/opinion\/cambia-capitan-destino-y-rumbo-se-mantienen\/\" \/>\n<meta property=\"og:site_name\" content=\"Centro Urbano\" \/>\n<meta property=\"article:publisher\" content=\"https:\/\/www.facebook.com\/portalcentrourbano\" \/>\n<meta property=\"article:author\" content=\"https:\/\/www.facebook.com\/urbano.horacio\/\" \/>\n<meta property=\"article:published_time\" content=\"2015-03-02T17:11:13+00:00\" \/>\n<meta property=\"article:modified_time\" content=\"2015-03-02T17:26:00+00:00\" \/>\n<meta property=\"og:image\" content=\"https:\/\/centrourbano.com\/revista\/wp-content\/uploads\/Horacio1.png\" \/>\n\t<meta property=\"og:image:width\" content=\"500\" \/>\n\t<meta property=\"og:image:height\" content=\"417\" \/>\n\t<meta property=\"og:image:type\" content=\"image\/png\" \/>\n<meta name=\"author\" content=\"Horacio Urbano\" \/>\n<meta name=\"twitter:card\" content=\"summary_large_image\" \/>\n<meta name=\"twitter:creator\" content=\"@https:\/\/twitter.com\/horacio_urbano\" \/>\n<meta name=\"twitter:site\" content=\"@CentroUrbano\" \/>\n<meta name=\"twitter:label1\" content=\"Escrito por\" \/>\n\t<meta name=\"twitter:data1\" content=\"Horacio Urbano\" \/>\n\t<meta name=\"twitter:label2\" content=\"Tiempo de lectura\" \/>\n\t<meta name=\"twitter:data2\" content=\"2 minutos\" \/>\n<script type=\"application\/ld+json\" class=\"yoast-schema-graph\">{\"@context\":\"https:\\\/\\\/schema.org\",\"@graph\":[{\"@type\":\"Article\",\"@id\":\"https:\\\/\\\/centrourbano.com\\\/revista\\\/opinion\\\/cambia-capitan-destino-y-rumbo-se-mantienen\\\/#article\",\"isPartOf\":{\"@id\":\"https:\\\/\\\/centrourbano.com\\\/revista\\\/opinion\\\/cambia-capitan-destino-y-rumbo-se-mantienen\\\/\"},\"author\":{\"name\":\"Horacio Urbano\",\"@id\":\"https:\\\/\\\/centrourbano.com\\\/revista\\\/#\\\/schema\\\/person\\\/69755154fe97eeebe4fe9394cb318d28\"},\"headline\":\"Cambia capit\u00e1n&#8230; Destino y rumbo se mantienen\",\"datePublished\":\"2015-03-02T17:11:13+00:00\",\"dateModified\":\"2015-03-02T17:26:00+00:00\",\"mainEntityOfPage\":{\"@id\":\"https:\\\/\\\/centrourbano.com\\\/revista\\\/opinion\\\/cambia-capitan-destino-y-rumbo-se-mantienen\\\/\"},\"wordCount\":339,\"commentCount\":0,\"publisher\":{\"@id\":\"https:\\\/\\\/centrourbano.com\\\/revista\\\/#organization\"},\"image\":{\"@id\":\"https:\\\/\\\/centrourbano.com\\\/revista\\\/opinion\\\/cambia-capitan-destino-y-rumbo-se-mantienen\\\/#primaryimage\"},\"thumbnailUrl\":\"https:\\\/\\\/centrourbano.com\\\/revista\\\/wp-content\\\/uploads\\\/Horacio1.png\",\"keywords\":[\"Horacio Urbano\"],\"articleSection\":[\"Desde la Casa\",\"Opini\u00f3n\"],\"inLanguage\":\"es\",\"potentialAction\":[{\"@type\":\"CommentAction\",\"name\":\"Comment\",\"target\":[\"https:\\\/\\\/centrourbano.com\\\/revista\\\/opinion\\\/cambia-capitan-destino-y-rumbo-se-mantienen\\\/#respond\"]}]},{\"@type\":\"WebPage\",\"@id\":\"https:\\\/\\\/centrourbano.com\\\/revista\\\/opinion\\\/cambia-capitan-destino-y-rumbo-se-mantienen\\\/\",\"url\":\"https:\\\/\\\/centrourbano.com\\\/revista\\\/opinion\\\/cambia-capitan-destino-y-rumbo-se-mantienen\\\/\",\"name\":\"Cambia capit\u00e1n... Destino y rumbo se mantienen -\",\"isPartOf\":{\"@id\":\"https:\\\/\\\/centrourbano.com\\\/revista\\\/#website\"},\"primaryImageOfPage\":{\"@id\":\"https:\\\/\\\/centrourbano.com\\\/revista\\\/opinion\\\/cambia-capitan-destino-y-rumbo-se-mantienen\\\/#primaryimage\"},\"image\":{\"@id\":\"https:\\\/\\\/centrourbano.com\\\/revista\\\/opinion\\\/cambia-capitan-destino-y-rumbo-se-mantienen\\\/#primaryimage\"},\"thumbnailUrl\":\"https:\\\/\\\/centrourbano.com\\\/revista\\\/wp-content\\\/uploads\\\/Horacio1.png\",\"datePublished\":\"2015-03-02T17:11:13+00:00\",\"dateModified\":\"2015-03-02T17:26:00+00:00\",\"description\":\"Se cumplieron los tiempos... Jorge Carlos Ram\u00edrez Mar\u00edn dej\u00f3 de ser titular de la Secretar\u00eda de Desarrollo Agrario, Territorial y Urbano (Sedatu), para\",\"breadcrumb\":{\"@id\":\"https:\\\/\\\/centrourbano.com\\\/revista\\\/opinion\\\/cambia-capitan-destino-y-rumbo-se-mantienen\\\/#breadcrumb\"},\"inLanguage\":\"es\",\"potentialAction\":[{\"@type\":\"ReadAction\",\"target\":[\"https:\\\/\\\/centrourbano.com\\\/revista\\\/opinion\\\/cambia-capitan-destino-y-rumbo-se-mantienen\\\/\"]}]},{\"@type\":\"ImageObject\",\"inLanguage\":\"es\",\"@id\":\"https:\\\/\\\/centrourbano.com\\\/revista\\\/opinion\\\/cambia-capitan-destino-y-rumbo-se-mantienen\\\/#primaryimage\",\"url\":\"https:\\\/\\\/centrourbano.com\\\/revista\\\/wp-content\\\/uploads\\\/Horacio1.png\",\"contentUrl\":\"https:\\\/\\\/centrourbano.com\\\/revista\\\/wp-content\\\/uploads\\\/Horacio1.png\",\"width\":500,\"height\":417,\"caption\":\"La banca, dec\u00eda un reconocido economista espa\u00f1ol durante la Conferencia Inmobiliaria de Madrid, no necesariamente seguir\u00e1 apoyando con cr\u00e9dito la producci\u00f3n de vivienda; esto, detall\u00f3, lo hacen, como un camino para garantizar cr\u00e9ditos hipotecarios individuales, que si bien no generan buenos m\u00e1rgenes, siguen siendo el camino para generar bases de clientes para colocar sus productos m\u00e1s rentables\"},{\"@type\":\"BreadcrumbList\",\"@id\":\"https:\\\/\\\/centrourbano.com\\\/revista\\\/opinion\\\/cambia-capitan-destino-y-rumbo-se-mantienen\\\/#breadcrumb\",\"itemListElement\":[{\"@type\":\"ListItem\",\"position\":1,\"name\":\"Portada\",\"item\":\"https:\\\/\\\/centrourbano.com\\\/revista\\\/\"},{\"@type\":\"ListItem\",\"position\":2,\"name\":\"Cambia capit\u00e1n&#8230; Destino y rumbo se mantienen\"}]},{\"@type\":\"WebSite\",\"@id\":\"https:\\\/\\\/centrourbano.com\\\/revista\\\/#website\",\"url\":\"https:\\\/\\\/centrourbano.com\\\/revista\\\/\",\"name\":\"Centro Urbano\",\"description\":\"Medio especializado en los sectores vivienda, inmobiliario, construcci\u00f3n, arquitectura y urbanismo.\",\"publisher\":{\"@id\":\"https:\\\/\\\/centrourbano.com\\\/revista\\\/#organization\"},\"potentialAction\":[{\"@type\":\"SearchAction\",\"target\":{\"@type\":\"EntryPoint\",\"urlTemplate\":\"https:\\\/\\\/centrourbano.com\\\/revista\\\/?s={search_term_string}\"},\"query-input\":{\"@type\":\"PropertyValueSpecification\",\"valueRequired\":true,\"valueName\":\"search_term_string\"}}],\"inLanguage\":\"es\"},{\"@type\":\"Organization\",\"@id\":\"https:\\\/\\\/centrourbano.com\\\/revista\\\/#organization\",\"name\":\"Centro Urbano\",\"url\":\"https:\\\/\\\/centrourbano.com\\\/revista\\\/\",\"logo\":{\"@type\":\"ImageObject\",\"inLanguage\":\"es\",\"@id\":\"https:\\\/\\\/centrourbano.com\\\/revista\\\/#\\\/schema\\\/logo\\\/image\\\/\",\"url\":\"https:\\\/\\\/centrourbano.com\\\/revista\\\/wp-content\\\/uploads\\\/web_CU_logo-1.png\",\"contentUrl\":\"https:\\\/\\\/centrourbano.com\\\/revista\\\/wp-content\\\/uploads\\\/web_CU_logo-1.png\",\"width\":350,\"height\":91,\"caption\":\"Centro Urbano\"},\"image\":{\"@id\":\"https:\\\/\\\/centrourbano.com\\\/revista\\\/#\\\/schema\\\/logo\\\/image\\\/\"},\"sameAs\":[\"https:\\\/\\\/www.facebook.com\\\/portalcentrourbano\",\"https:\\\/\\\/x.com\\\/CentroUrbano\",\"https:\\\/\\\/www.instagram.com\\\/centro_urbano\\\/\",\"https:\\\/\\\/www.linkedin.com\\\/company\\\/centro-urbano\\\/\",\"http:\\\/\\\/www.youtube.com\\\/user\\\/portalcentrourbano\"]},{\"@type\":\"Person\",\"@id\":\"https:\\\/\\\/centrourbano.com\\\/revista\\\/#\\\/schema\\\/person\\\/69755154fe97eeebe4fe9394cb318d28\",\"name\":\"Horacio Urbano\",\"image\":{\"@type\":\"ImageObject\",\"inLanguage\":\"es\",\"@id\":\"https:\\\/\\\/secure.gravatar.com\\\/avatar\\\/bf4232bac122249113b7bcc4636a8d0432b9fa8bcce4243f1ed6c1ecb8fe915f?s=96&d=mm&r=g\",\"url\":\"https:\\\/\\\/secure.gravatar.com\\\/avatar\\\/bf4232bac122249113b7bcc4636a8d0432b9fa8bcce4243f1ed6c1ecb8fe915f?s=96&d=mm&r=g\",\"contentUrl\":\"https:\\\/\\\/secure.gravatar.com\\\/avatar\\\/bf4232bac122249113b7bcc4636a8d0432b9fa8bcce4243f1ed6c1ecb8fe915f?s=96&d=mm&r=g\",\"caption\":\"Horacio Urbano\"},\"description\":\"Horacio Urbano es arquitecto. Su experiencia profesional se ha desarrollado en los diferentes \u00e1mbitos que definen la industria de la vivienda. En 1999 inici\u00f3 un proyecto editorial dirigido a los sectores inmobiliario y construcci\u00f3n que a lo largo de los a\u00f1os se ha convertido en una poderosa plataforma multimedios y en una verdadera referencia para esta industria. Fundador, junto con la tambi\u00e9n arquitecta Roxana Fabris, de Grupo Centro Urbano, firma que impulsa y desarrolla una serie de esfuerzos de comunicaci\u00f3n relacionados con estos sectores. Como parte de su trabajo en M\u00e9xico y el extranjero, ha escrito o participado en una serie de libros especializados, es colaborador de diferentes medios impresos y electr\u00f3nicos, es activo conferencista y bajo diferentes modelos colabora tambi\u00e9n con diversas empresas e instituciones p\u00fablicas y privadas del sector.\",\"sameAs\":[\"http:\\\/\\\/horaciourbano.com\\\/home\\\/\",\"https:\\\/\\\/www.facebook.com\\\/urbano.horacio\\\/\",\"https:\\\/\\\/x.com\\\/https:\\\/\\\/twitter.com\\\/horacio_urbano\"],\"url\":\"https:\\\/\\\/centrourbano.com\\\/revista\\\/author\\\/horacio-urbano\\\/\"}]}<\/script>\n<!-- \/ Yoast SEO plugin. -->","yoast_head_json":{"title":"Cambia capit\u00e1n... Destino y rumbo se mantienen -","description":"Se cumplieron los tiempos... Jorge Carlos Ram\u00edrez Mar\u00edn dej\u00f3 de ser titular de la Secretar\u00eda de Desarrollo Agrario, Territorial y Urbano (Sedatu), para","robots":{"index":"index","follow":"follow","max-snippet":"max-snippet:-1","max-image-preview":"max-image-preview:large","max-video-preview":"max-video-preview:-1"},"canonical":"https:\/\/centrourbano.com\/revista\/opinion\/cambia-capitan-destino-y-rumbo-se-mantienen\/","og_locale":"es_ES","og_type":"article","og_title":"Cambia capit\u00e1n... Destino y rumbo se mantienen -","og_description":"Se cumplieron los tiempos... Jorge Carlos Ram\u00edrez Mar\u00edn dej\u00f3 de ser titular de la Secretar\u00eda de Desarrollo Agrario, Territorial y Urbano (Sedatu), para","og_url":"https:\/\/centrourbano.com\/revista\/opinion\/cambia-capitan-destino-y-rumbo-se-mantienen\/","og_site_name":"Centro Urbano","article_publisher":"https:\/\/www.facebook.com\/portalcentrourbano","article_author":"https:\/\/www.facebook.com\/urbano.horacio\/","article_published_time":"2015-03-02T17:11:13+00:00","article_modified_time":"2015-03-02T17:26:00+00:00","og_image":[{"width":500,"height":417,"url":"https:\/\/centrourbano.com\/revista\/wp-content\/uploads\/Horacio1.png","type":"image\/png"}],"author":"Horacio Urbano","twitter_card":"summary_large_image","twitter_creator":"@https:\/\/twitter.com\/horacio_urbano","twitter_site":"@CentroUrbano","twitter_misc":{"Escrito por":"Horacio Urbano","Tiempo de lectura":"2 minutos"},"schema":{"@context":"https:\/\/schema.org","@graph":[{"@type":"Article","@id":"https:\/\/centrourbano.com\/revista\/opinion\/cambia-capitan-destino-y-rumbo-se-mantienen\/#article","isPartOf":{"@id":"https:\/\/centrourbano.com\/revista\/opinion\/cambia-capitan-destino-y-rumbo-se-mantienen\/"},"author":{"name":"Horacio Urbano","@id":"https:\/\/centrourbano.com\/revista\/#\/schema\/person\/69755154fe97eeebe4fe9394cb318d28"},"headline":"Cambia capit\u00e1n&#8230; Destino y rumbo se mantienen","datePublished":"2015-03-02T17:11:13+00:00","dateModified":"2015-03-02T17:26:00+00:00","mainEntityOfPage":{"@id":"https:\/\/centrourbano.com\/revista\/opinion\/cambia-capitan-destino-y-rumbo-se-mantienen\/"},"wordCount":339,"commentCount":0,"publisher":{"@id":"https:\/\/centrourbano.com\/revista\/#organization"},"image":{"@id":"https:\/\/centrourbano.com\/revista\/opinion\/cambia-capitan-destino-y-rumbo-se-mantienen\/#primaryimage"},"thumbnailUrl":"https:\/\/centrourbano.com\/revista\/wp-content\/uploads\/Horacio1.png","keywords":["Horacio Urbano"],"articleSection":["Desde la Casa","Opini\u00f3n"],"inLanguage":"es","potentialAction":[{"@type":"CommentAction","name":"Comment","target":["https:\/\/centrourbano.com\/revista\/opinion\/cambia-capitan-destino-y-rumbo-se-mantienen\/#respond"]}]},{"@type":"WebPage","@id":"https:\/\/centrourbano.com\/revista\/opinion\/cambia-capitan-destino-y-rumbo-se-mantienen\/","url":"https:\/\/centrourbano.com\/revista\/opinion\/cambia-capitan-destino-y-rumbo-se-mantienen\/","name":"Cambia capit\u00e1n... Destino y rumbo se mantienen -","isPartOf":{"@id":"https:\/\/centrourbano.com\/revista\/#website"},"primaryImageOfPage":{"@id":"https:\/\/centrourbano.com\/revista\/opinion\/cambia-capitan-destino-y-rumbo-se-mantienen\/#primaryimage"},"image":{"@id":"https:\/\/centrourbano.com\/revista\/opinion\/cambia-capitan-destino-y-rumbo-se-mantienen\/#primaryimage"},"thumbnailUrl":"https:\/\/centrourbano.com\/revista\/wp-content\/uploads\/Horacio1.png","datePublished":"2015-03-02T17:11:13+00:00","dateModified":"2015-03-02T17:26:00+00:00","description":"Se cumplieron los tiempos... Jorge Carlos Ram\u00edrez Mar\u00edn dej\u00f3 de ser titular de la Secretar\u00eda de Desarrollo Agrario, Territorial y Urbano (Sedatu), para","breadcrumb":{"@id":"https:\/\/centrourbano.com\/revista\/opinion\/cambia-capitan-destino-y-rumbo-se-mantienen\/#breadcrumb"},"inLanguage":"es","potentialAction":[{"@type":"ReadAction","target":["https:\/\/centrourbano.com\/revista\/opinion\/cambia-capitan-destino-y-rumbo-se-mantienen\/"]}]},{"@type":"ImageObject","inLanguage":"es","@id":"https:\/\/centrourbano.com\/revista\/opinion\/cambia-capitan-destino-y-rumbo-se-mantienen\/#primaryimage","url":"https:\/\/centrourbano.com\/revista\/wp-content\/uploads\/Horacio1.png","contentUrl":"https:\/\/centrourbano.com\/revista\/wp-content\/uploads\/Horacio1.png","width":500,"height":417,"caption":"La banca, dec\u00eda un reconocido economista espa\u00f1ol durante la Conferencia Inmobiliaria de Madrid, no necesariamente seguir\u00e1 apoyando con cr\u00e9dito la producci\u00f3n de vivienda; esto, detall\u00f3, lo hacen, como un camino para garantizar cr\u00e9ditos hipotecarios individuales, que si bien no generan buenos m\u00e1rgenes, siguen siendo el camino para generar bases de clientes para colocar sus productos m\u00e1s rentables"},{"@type":"BreadcrumbList","@id":"https:\/\/centrourbano.com\/revista\/opinion\/cambia-capitan-destino-y-rumbo-se-mantienen\/#breadcrumb","itemListElement":[{"@type":"ListItem","position":1,"name":"Portada","item":"https:\/\/centrourbano.com\/revista\/"},{"@type":"ListItem","position":2,"name":"Cambia capit\u00e1n&#8230; Destino y rumbo se mantienen"}]},{"@type":"WebSite","@id":"https:\/\/centrourbano.com\/revista\/#website","url":"https:\/\/centrourbano.com\/revista\/","name":"Centro Urbano","description":"Medio especializado en los sectores vivienda, inmobiliario, construcci\u00f3n, arquitectura y urbanismo.","publisher":{"@id":"https:\/\/centrourbano.com\/revista\/#organization"},"potentialAction":[{"@type":"SearchAction","target":{"@type":"EntryPoint","urlTemplate":"https:\/\/centrourbano.com\/revista\/?s={search_term_string}"},"query-input":{"@type":"PropertyValueSpecification","valueRequired":true,"valueName":"search_term_string"}}],"inLanguage":"es"},{"@type":"Organization","@id":"https:\/\/centrourbano.com\/revista\/#organization","name":"Centro Urbano","url":"https:\/\/centrourbano.com\/revista\/","logo":{"@type":"ImageObject","inLanguage":"es","@id":"https:\/\/centrourbano.com\/revista\/#\/schema\/logo\/image\/","url":"https:\/\/centrourbano.com\/revista\/wp-content\/uploads\/web_CU_logo-1.png","contentUrl":"https:\/\/centrourbano.com\/revista\/wp-content\/uploads\/web_CU_logo-1.png","width":350,"height":91,"caption":"Centro Urbano"},"image":{"@id":"https:\/\/centrourbano.com\/revista\/#\/schema\/logo\/image\/"},"sameAs":["https:\/\/www.facebook.com\/portalcentrourbano","https:\/\/x.com\/CentroUrbano","https:\/\/www.instagram.com\/centro_urbano\/","https:\/\/www.linkedin.com\/company\/centro-urbano\/","http:\/\/www.youtube.com\/user\/portalcentrourbano"]},{"@type":"Person","@id":"https:\/\/centrourbano.com\/revista\/#\/schema\/person\/69755154fe97eeebe4fe9394cb318d28","name":"Horacio Urbano","image":{"@type":"ImageObject","inLanguage":"es","@id":"https:\/\/secure.gravatar.com\/avatar\/bf4232bac122249113b7bcc4636a8d0432b9fa8bcce4243f1ed6c1ecb8fe915f?s=96&d=mm&r=g","url":"https:\/\/secure.gravatar.com\/avatar\/bf4232bac122249113b7bcc4636a8d0432b9fa8bcce4243f1ed6c1ecb8fe915f?s=96&d=mm&r=g","contentUrl":"https:\/\/secure.gravatar.com\/avatar\/bf4232bac122249113b7bcc4636a8d0432b9fa8bcce4243f1ed6c1ecb8fe915f?s=96&d=mm&r=g","caption":"Horacio Urbano"},"description":"Horacio Urbano es arquitecto. Su experiencia profesional se ha desarrollado en los diferentes \u00e1mbitos que definen la industria de la vivienda. En 1999 inici\u00f3 un proyecto editorial dirigido a los sectores inmobiliario y construcci\u00f3n que a lo largo de los a\u00f1os se ha convertido en una poderosa plataforma multimedios y en una verdadera referencia para esta industria. Fundador, junto con la tambi\u00e9n arquitecta Roxana Fabris, de Grupo Centro Urbano, firma que impulsa y desarrolla una serie de esfuerzos de comunicaci\u00f3n relacionados con estos sectores. Como parte de su trabajo en M\u00e9xico y el extranjero, ha escrito o participado en una serie de libros especializados, es colaborador de diferentes medios impresos y electr\u00f3nicos, es activo conferencista y bajo diferentes modelos colabora tambi\u00e9n con diversas empresas e instituciones p\u00fablicas y privadas del sector.","sameAs":["http:\/\/horaciourbano.com\/home\/","https:\/\/www.facebook.com\/urbano.horacio\/","https:\/\/x.com\/https:\/\/twitter.com\/horacio_urbano"],"url":"https:\/\/centrourbano.com\/revista\/author\/horacio-urbano\/"}]}},"_links":{"self":[{"href":"https:\/\/centrourbano.com\/revista\/wp-json\/wp\/v2\/posts\/15932","targetHints":{"allow":["GET"]}}],"collection":[{"href":"https:\/\/centrourbano.com\/revista\/wp-json\/wp\/v2\/posts"}],"about":[{"href":"https:\/\/centrourbano.com\/revista\/wp-json\/wp\/v2\/types\/post"}],"author":[{"embeddable":true,"href":"https:\/\/centrourbano.com\/revista\/wp-json\/wp\/v2\/users\/13"}],"replies":[{"embeddable":true,"href":"https:\/\/centrourbano.com\/revista\/wp-json\/wp\/v2\/comments?post=15932"}],"version-history":[{"count":0,"href":"https:\/\/centrourbano.com\/revista\/wp-json\/wp\/v2\/posts\/15932\/revisions"}],"wp:featuredmedia":[{"embeddable":true,"href":"https:\/\/centrourbano.com\/revista\/wp-json\/wp\/v2\/media\/15758"}],"wp:attachment":[{"href":"https:\/\/centrourbano.com\/revista\/wp-json\/wp\/v2\/media?parent=15932"}],"wp:term":[{"taxonomy":"category","embeddable":true,"href":"https:\/\/centrourbano.com\/revista\/wp-json\/wp\/v2\/categories?post=15932"},{"taxonomy":"post_tag","embeddable":true,"href":"https:\/\/centrourbano.com\/revista\/wp-json\/wp\/v2\/tags?post=15932"}],"curies":[{"name":"wp","href":"https:\/\/api.w.org\/{rel}","templated":true}]}}