{"id":15918,"date":"2015-03-02T10:18:03","date_gmt":"2015-03-02T16:18:03","guid":{"rendered":"http:\/\/centrourbano.com\/?p=15918"},"modified":"2015-03-02T10:22:57","modified_gmt":"2015-03-02T16:22:57","slug":"tabasco-con-potencial-inmobiliario","status":"publish","type":"post","link":"https:\/\/centrourbano.com\/revista\/inmobiliario\/tabasco-con-potencial-inmobiliario\/","title":{"rendered":"Tabasco con potencial inmobiliario"},"content":{"rendered":"<p>&nbsp;<\/p>\n<p><em>La empresa JLL prev\u00e9 que la entidad genere una demanda de 353,000 metros cuadrados de espacios de oficinas y centro comerciales dentro de los pr\u00f3ximos a\u00f1os<\/em><\/p>\n<p><!--more--><\/p>\n<p>Gracias a su ubicaci\u00f3n geogr\u00e1fica, el estado de Tabasco, se convertir\u00e1 en un mercado con grandes atractivos para los inversionistas y personas involucradas en el sector inmobiliario de nuestro pa\u00eds, pues con la puesta en marcha de la Reforma Energ\u00e9tica, se espera un crecimiento de varios campos del sector inmobiliario.<\/p>\n<p>Seg\u00fan cifras de la compa\u00f1\u00eda de servicios inmobiliarios JLL M\u00e9xico se tiene presupuestado que el Estado de Tabasco genere en un lapso de 10 a\u00f1os una demanda de m\u00e1s de 353,000 metros cuadrados en espacios de oficinas, centros comerciales y zonas industriales, lo que ser\u00eda un crecimiento igual al del Guadalajara, el cual es el tercer mercado de oficinas m\u00e1s importante del pa\u00eds.<\/p>\n<p>H\u00e9ctor Klerian, vicepresidente Senior de JLL M\u00e9xico, explic\u00f3 que en la entidad actualmente existe un nulo\u00a0desarrollo inmobiliario\u00a0por lo que f\u00e1cilmente se comenzar\u00e1 con el desarrollo desde cero y ser\u00edan los\u00a0desarrolladores quienes fijar\u00edan los precios para poder edificar todos los proyectos contemplados en la regi\u00f3n.<\/p>\n<p>Se espera que para el sector energ\u00e9tico, las oficinas se ubiquen dentro de los desarrollos industriales, para que despu\u00e9s de esto se inicien con el desarrollo de los espacios comerciales, asegur\u00f3 el experto.<\/p>\n","protected":false},"excerpt":{"rendered":"<p>&nbsp; La empresa JLL prev\u00e9 que la entidad genere una demanda de 353,000 metros cuadrados de espacios de oficinas y centro comerciales dentro de los pr\u00f3ximos a\u00f1os<\/p>\n","protected":false},"author":29,"featured_media":15922,"comment_status":"open","ping_status":"closed","sticky":false,"template":"","format":"standard","meta":{"om_disable_all_campaigns":false,"inline_featured_image":false,"_monsterinsights_skip_tracking":false,"_monsterinsights_sitenote_active":false,"_monsterinsights_sitenote_note":"","_monsterinsights_sitenote_category":0,"footnotes":""},"categories":[15],"tags":[21,762],"class_list":["post-15918","post","type-post","status-publish","format-standard","has-post-thumbnail","hentry","category-inmobiliario","tag-inmobiliario-2","tag-tabasco"],"yoast_head":"<!-- This site is optimized with the Yoast SEO plugin v27.4 - https:\/\/yoast.com\/product\/yoast-seo-wordpress\/ -->\n<title>Tabasco con potencial inmobiliario -<\/title>\n<meta name=\"description\" content=\"&nbsp; La empresa JLL prev\u00e9 que la entidad genere una demanda de 353,000 metros cuadrados de espacios de oficinas y centro comerciales dentro de los\" \/>\n<meta name=\"robots\" content=\"index, follow, max-snippet:-1, max-image-preview:large, max-video-preview:-1\" \/>\n<link rel=\"canonical\" href=\"https:\/\/centrourbano.com\/revista\/inmobiliario\/tabasco-con-potencial-inmobiliario\/\" \/>\n<meta property=\"og:locale\" content=\"es_ES\" \/>\n<meta property=\"og:type\" content=\"article\" \/>\n<meta property=\"og:title\" content=\"Tabasco con potencial inmobiliario -\" \/>\n<meta property=\"og:description\" content=\"&nbsp; La empresa JLL prev\u00e9 que la entidad genere una demanda de 353,000 metros cuadrados de espacios de oficinas y centro comerciales dentro de los\" \/>\n<meta property=\"og:url\" content=\"https:\/\/centrourbano.com\/revista\/inmobiliario\/tabasco-con-potencial-inmobiliario\/\" \/>\n<meta property=\"og:site_name\" content=\"Centro Urbano\" \/>\n<meta property=\"article:publisher\" content=\"https:\/\/www.facebook.com\/portalcentrourbano\" \/>\n<meta property=\"article:published_time\" content=\"2015-03-02T16:18:03+00:00\" \/>\n<meta property=\"article:modified_time\" content=\"2015-03-02T16:22:57+00:00\" \/>\n<meta property=\"og:image\" content=\"https:\/\/centrourbano.com\/revista\/wp-content\/uploads\/tabasco.jpg\" \/>\n\t<meta property=\"og:image:width\" content=\"600\" \/>\n\t<meta property=\"og:image:height\" content=\"600\" \/>\n\t<meta property=\"og:image:type\" content=\"image\/jpeg\" \/>\n<meta name=\"author\" content=\"Oscar Guti\u00e9rrez Arriaga\" \/>\n<meta name=\"twitter:card\" content=\"summary_large_image\" \/>\n<meta name=\"twitter:creator\" content=\"@CentroUrbano\" \/>\n<meta name=\"twitter:site\" content=\"@CentroUrbano\" \/>\n<meta name=\"twitter:label1\" content=\"Escrito por\" \/>\n\t<meta name=\"twitter:data1\" content=\"Oscar Guti\u00e9rrez Arriaga\" \/>\n\t<meta name=\"twitter:label2\" content=\"Tiempo de lectura\" \/>\n\t<meta name=\"twitter:data2\" content=\"1 minuto\" \/>\n<script type=\"application\/ld+json\" class=\"yoast-schema-graph\">{\"@context\":\"https:\\\/\\\/schema.org\",\"@graph\":[{\"@type\":\"Article\",\"@id\":\"https:\\\/\\\/centrourbano.com\\\/revista\\\/inmobiliario\\\/tabasco-con-potencial-inmobiliario\\\/#article\",\"isPartOf\":{\"@id\":\"https:\\\/\\\/centrourbano.com\\\/revista\\\/inmobiliario\\\/tabasco-con-potencial-inmobiliario\\\/\"},\"author\":{\"name\":\"Oscar Guti\u00e9rrez Arriaga\",\"@id\":\"https:\\\/\\\/centrourbano.com\\\/revista\\\/#\\\/schema\\\/person\\\/4c9d581213c6d17ee82daf6d9fd0773e\"},\"headline\":\"Tabasco con potencial inmobiliario\",\"datePublished\":\"2015-03-02T16:18:03+00:00\",\"dateModified\":\"2015-03-02T16:22:57+00:00\",\"mainEntityOfPage\":{\"@id\":\"https:\\\/\\\/centrourbano.com\\\/revista\\\/inmobiliario\\\/tabasco-con-potencial-inmobiliario\\\/\"},\"wordCount\":243,\"commentCount\":0,\"publisher\":{\"@id\":\"https:\\\/\\\/centrourbano.com\\\/revista\\\/#organization\"},\"image\":{\"@id\":\"https:\\\/\\\/centrourbano.com\\\/revista\\\/inmobiliario\\\/tabasco-con-potencial-inmobiliario\\\/#primaryimage\"},\"thumbnailUrl\":\"https:\\\/\\\/centrourbano.com\\\/revista\\\/wp-content\\\/uploads\\\/tabasco.jpg\",\"keywords\":[\"inmobiliario\",\"Tabasco\"],\"articleSection\":[\"Inmobiliario\"],\"inLanguage\":\"es\",\"potentialAction\":[{\"@type\":\"CommentAction\",\"name\":\"Comment\",\"target\":[\"https:\\\/\\\/centrourbano.com\\\/revista\\\/inmobiliario\\\/tabasco-con-potencial-inmobiliario\\\/#respond\"]}]},{\"@type\":\"WebPage\",\"@id\":\"https:\\\/\\\/centrourbano.com\\\/revista\\\/inmobiliario\\\/tabasco-con-potencial-inmobiliario\\\/\",\"url\":\"https:\\\/\\\/centrourbano.com\\\/revista\\\/inmobiliario\\\/tabasco-con-potencial-inmobiliario\\\/\",\"name\":\"Tabasco con potencial inmobiliario -\",\"isPartOf\":{\"@id\":\"https:\\\/\\\/centrourbano.com\\\/revista\\\/#website\"},\"primaryImageOfPage\":{\"@id\":\"https:\\\/\\\/centrourbano.com\\\/revista\\\/inmobiliario\\\/tabasco-con-potencial-inmobiliario\\\/#primaryimage\"},\"image\":{\"@id\":\"https:\\\/\\\/centrourbano.com\\\/revista\\\/inmobiliario\\\/tabasco-con-potencial-inmobiliario\\\/#primaryimage\"},\"thumbnailUrl\":\"https:\\\/\\\/centrourbano.com\\\/revista\\\/wp-content\\\/uploads\\\/tabasco.jpg\",\"datePublished\":\"2015-03-02T16:18:03+00:00\",\"dateModified\":\"2015-03-02T16:22:57+00:00\",\"description\":\"&nbsp; La empresa JLL prev\u00e9 que la entidad genere una demanda de 353,000 metros cuadrados de espacios de oficinas y centro comerciales dentro de los\",\"breadcrumb\":{\"@id\":\"https:\\\/\\\/centrourbano.com\\\/revista\\\/inmobiliario\\\/tabasco-con-potencial-inmobiliario\\\/#breadcrumb\"},\"inLanguage\":\"es\",\"potentialAction\":[{\"@type\":\"ReadAction\",\"target\":[\"https:\\\/\\\/centrourbano.com\\\/revista\\\/inmobiliario\\\/tabasco-con-potencial-inmobiliario\\\/\"]}]},{\"@type\":\"ImageObject\",\"inLanguage\":\"es\",\"@id\":\"https:\\\/\\\/centrourbano.com\\\/revista\\\/inmobiliario\\\/tabasco-con-potencial-inmobiliario\\\/#primaryimage\",\"url\":\"https:\\\/\\\/centrourbano.com\\\/revista\\\/wp-content\\\/uploads\\\/tabasco.jpg\",\"contentUrl\":\"https:\\\/\\\/centrourbano.com\\\/revista\\\/wp-content\\\/uploads\\\/tabasco.jpg\",\"width\":600,\"height\":600},{\"@type\":\"BreadcrumbList\",\"@id\":\"https:\\\/\\\/centrourbano.com\\\/revista\\\/inmobiliario\\\/tabasco-con-potencial-inmobiliario\\\/#breadcrumb\",\"itemListElement\":[{\"@type\":\"ListItem\",\"position\":1,\"name\":\"Portada\",\"item\":\"https:\\\/\\\/centrourbano.com\\\/revista\\\/\"},{\"@type\":\"ListItem\",\"position\":2,\"name\":\"Tabasco con potencial inmobiliario\"}]},{\"@type\":\"WebSite\",\"@id\":\"https:\\\/\\\/centrourbano.com\\\/revista\\\/#website\",\"url\":\"https:\\\/\\\/centrourbano.com\\\/revista\\\/\",\"name\":\"Centro Urbano\",\"description\":\"Medio especializado en los sectores vivienda, inmobiliario, construcci\u00f3n, arquitectura y urbanismo.\",\"publisher\":{\"@id\":\"https:\\\/\\\/centrourbano.com\\\/revista\\\/#organization\"},\"potentialAction\":[{\"@type\":\"SearchAction\",\"target\":{\"@type\":\"EntryPoint\",\"urlTemplate\":\"https:\\\/\\\/centrourbano.com\\\/revista\\\/?s={search_term_string}\"},\"query-input\":{\"@type\":\"PropertyValueSpecification\",\"valueRequired\":true,\"valueName\":\"search_term_string\"}}],\"inLanguage\":\"es\"},{\"@type\":\"Organization\",\"@id\":\"https:\\\/\\\/centrourbano.com\\\/revista\\\/#organization\",\"name\":\"Centro Urbano\",\"url\":\"https:\\\/\\\/centrourbano.com\\\/revista\\\/\",\"logo\":{\"@type\":\"ImageObject\",\"inLanguage\":\"es\",\"@id\":\"https:\\\/\\\/centrourbano.com\\\/revista\\\/#\\\/schema\\\/logo\\\/image\\\/\",\"url\":\"https:\\\/\\\/centrourbano.com\\\/revista\\\/wp-content\\\/uploads\\\/web_CU_logo-1.png\",\"contentUrl\":\"https:\\\/\\\/centrourbano.com\\\/revista\\\/wp-content\\\/uploads\\\/web_CU_logo-1.png\",\"width\":350,\"height\":91,\"caption\":\"Centro Urbano\"},\"image\":{\"@id\":\"https:\\\/\\\/centrourbano.com\\\/revista\\\/#\\\/schema\\\/logo\\\/image\\\/\"},\"sameAs\":[\"https:\\\/\\\/www.facebook.com\\\/portalcentrourbano\",\"https:\\\/\\\/x.com\\\/CentroUrbano\",\"https:\\\/\\\/www.instagram.com\\\/centro_urbano\\\/\",\"https:\\\/\\\/www.linkedin.com\\\/company\\\/centro-urbano\\\/\",\"http:\\\/\\\/www.youtube.com\\\/user\\\/portalcentrourbano\"]},{\"@type\":\"Person\",\"@id\":\"https:\\\/\\\/centrourbano.com\\\/revista\\\/#\\\/schema\\\/person\\\/4c9d581213c6d17ee82daf6d9fd0773e\",\"name\":\"Oscar Guti\u00e9rrez Arriaga\",\"image\":{\"@type\":\"ImageObject\",\"inLanguage\":\"es\",\"@id\":\"https:\\\/\\\/secure.gravatar.com\\\/avatar\\\/2cc65c460a9554cb4b76ce1ec6538c61db0db5ddd3275ef867a16f59c0d4810d?s=96&d=mm&r=g\",\"url\":\"https:\\\/\\\/secure.gravatar.com\\\/avatar\\\/2cc65c460a9554cb4b76ce1ec6538c61db0db5ddd3275ef867a16f59c0d4810d?s=96&d=mm&r=g\",\"contentUrl\":\"https:\\\/\\\/secure.gravatar.com\\\/avatar\\\/2cc65c460a9554cb4b76ce1ec6538c61db0db5ddd3275ef867a16f59c0d4810d?s=96&d=mm&r=g\",\"caption\":\"Oscar Guti\u00e9rrez Arriaga\"},\"description\":\"Licenciado en Ciencias de la Comunicaci\u00f3n por la FCPyS UNAM, comunic\u00f3logo pol\u00edtico por decisi\u00f3n, ex profesor y ahora\u2026 reportero\",\"url\":\"https:\\\/\\\/centrourbano.com\\\/revista\\\/author\\\/oscar-gutierrez\\\/\"}]}<\/script>\n<!-- \/ Yoast SEO plugin. -->","yoast_head_json":{"title":"Tabasco con potencial inmobiliario -","description":"&nbsp; La empresa JLL prev\u00e9 que la entidad genere una demanda de 353,000 metros cuadrados de espacios de oficinas y centro comerciales dentro de los","robots":{"index":"index","follow":"follow","max-snippet":"max-snippet:-1","max-image-preview":"max-image-preview:large","max-video-preview":"max-video-preview:-1"},"canonical":"https:\/\/centrourbano.com\/revista\/inmobiliario\/tabasco-con-potencial-inmobiliario\/","og_locale":"es_ES","og_type":"article","og_title":"Tabasco con potencial inmobiliario -","og_description":"&nbsp; La empresa JLL prev\u00e9 que la entidad genere una demanda de 353,000 metros cuadrados de espacios de oficinas y centro comerciales dentro de los","og_url":"https:\/\/centrourbano.com\/revista\/inmobiliario\/tabasco-con-potencial-inmobiliario\/","og_site_name":"Centro Urbano","article_publisher":"https:\/\/www.facebook.com\/portalcentrourbano","article_published_time":"2015-03-02T16:18:03+00:00","article_modified_time":"2015-03-02T16:22:57+00:00","og_image":[{"width":600,"height":600,"url":"https:\/\/centrourbano.com\/revista\/wp-content\/uploads\/tabasco.jpg","type":"image\/jpeg"}],"author":"Oscar Guti\u00e9rrez Arriaga","twitter_card":"summary_large_image","twitter_creator":"@CentroUrbano","twitter_site":"@CentroUrbano","twitter_misc":{"Escrito por":"Oscar Guti\u00e9rrez Arriaga","Tiempo de lectura":"1 minuto"},"schema":{"@context":"https:\/\/schema.org","@graph":[{"@type":"Article","@id":"https:\/\/centrourbano.com\/revista\/inmobiliario\/tabasco-con-potencial-inmobiliario\/#article","isPartOf":{"@id":"https:\/\/centrourbano.com\/revista\/inmobiliario\/tabasco-con-potencial-inmobiliario\/"},"author":{"name":"Oscar Guti\u00e9rrez Arriaga","@id":"https:\/\/centrourbano.com\/revista\/#\/schema\/person\/4c9d581213c6d17ee82daf6d9fd0773e"},"headline":"Tabasco con potencial inmobiliario","datePublished":"2015-03-02T16:18:03+00:00","dateModified":"2015-03-02T16:22:57+00:00","mainEntityOfPage":{"@id":"https:\/\/centrourbano.com\/revista\/inmobiliario\/tabasco-con-potencial-inmobiliario\/"},"wordCount":243,"commentCount":0,"publisher":{"@id":"https:\/\/centrourbano.com\/revista\/#organization"},"image":{"@id":"https:\/\/centrourbano.com\/revista\/inmobiliario\/tabasco-con-potencial-inmobiliario\/#primaryimage"},"thumbnailUrl":"https:\/\/centrourbano.com\/revista\/wp-content\/uploads\/tabasco.jpg","keywords":["inmobiliario","Tabasco"],"articleSection":["Inmobiliario"],"inLanguage":"es","potentialAction":[{"@type":"CommentAction","name":"Comment","target":["https:\/\/centrourbano.com\/revista\/inmobiliario\/tabasco-con-potencial-inmobiliario\/#respond"]}]},{"@type":"WebPage","@id":"https:\/\/centrourbano.com\/revista\/inmobiliario\/tabasco-con-potencial-inmobiliario\/","url":"https:\/\/centrourbano.com\/revista\/inmobiliario\/tabasco-con-potencial-inmobiliario\/","name":"Tabasco con potencial inmobiliario -","isPartOf":{"@id":"https:\/\/centrourbano.com\/revista\/#website"},"primaryImageOfPage":{"@id":"https:\/\/centrourbano.com\/revista\/inmobiliario\/tabasco-con-potencial-inmobiliario\/#primaryimage"},"image":{"@id":"https:\/\/centrourbano.com\/revista\/inmobiliario\/tabasco-con-potencial-inmobiliario\/#primaryimage"},"thumbnailUrl":"https:\/\/centrourbano.com\/revista\/wp-content\/uploads\/tabasco.jpg","datePublished":"2015-03-02T16:18:03+00:00","dateModified":"2015-03-02T16:22:57+00:00","description":"&nbsp; La empresa JLL prev\u00e9 que la entidad genere una demanda de 353,000 metros cuadrados de espacios de oficinas y centro comerciales dentro de los","breadcrumb":{"@id":"https:\/\/centrourbano.com\/revista\/inmobiliario\/tabasco-con-potencial-inmobiliario\/#breadcrumb"},"inLanguage":"es","potentialAction":[{"@type":"ReadAction","target":["https:\/\/centrourbano.com\/revista\/inmobiliario\/tabasco-con-potencial-inmobiliario\/"]}]},{"@type":"ImageObject","inLanguage":"es","@id":"https:\/\/centrourbano.com\/revista\/inmobiliario\/tabasco-con-potencial-inmobiliario\/#primaryimage","url":"https:\/\/centrourbano.com\/revista\/wp-content\/uploads\/tabasco.jpg","contentUrl":"https:\/\/centrourbano.com\/revista\/wp-content\/uploads\/tabasco.jpg","width":600,"height":600},{"@type":"BreadcrumbList","@id":"https:\/\/centrourbano.com\/revista\/inmobiliario\/tabasco-con-potencial-inmobiliario\/#breadcrumb","itemListElement":[{"@type":"ListItem","position":1,"name":"Portada","item":"https:\/\/centrourbano.com\/revista\/"},{"@type":"ListItem","position":2,"name":"Tabasco con potencial inmobiliario"}]},{"@type":"WebSite","@id":"https:\/\/centrourbano.com\/revista\/#website","url":"https:\/\/centrourbano.com\/revista\/","name":"Centro Urbano","description":"Medio especializado en los sectores vivienda, inmobiliario, construcci\u00f3n, arquitectura y urbanismo.","publisher":{"@id":"https:\/\/centrourbano.com\/revista\/#organization"},"potentialAction":[{"@type":"SearchAction","target":{"@type":"EntryPoint","urlTemplate":"https:\/\/centrourbano.com\/revista\/?s={search_term_string}"},"query-input":{"@type":"PropertyValueSpecification","valueRequired":true,"valueName":"search_term_string"}}],"inLanguage":"es"},{"@type":"Organization","@id":"https:\/\/centrourbano.com\/revista\/#organization","name":"Centro Urbano","url":"https:\/\/centrourbano.com\/revista\/","logo":{"@type":"ImageObject","inLanguage":"es","@id":"https:\/\/centrourbano.com\/revista\/#\/schema\/logo\/image\/","url":"https:\/\/centrourbano.com\/revista\/wp-content\/uploads\/web_CU_logo-1.png","contentUrl":"https:\/\/centrourbano.com\/revista\/wp-content\/uploads\/web_CU_logo-1.png","width":350,"height":91,"caption":"Centro Urbano"},"image":{"@id":"https:\/\/centrourbano.com\/revista\/#\/schema\/logo\/image\/"},"sameAs":["https:\/\/www.facebook.com\/portalcentrourbano","https:\/\/x.com\/CentroUrbano","https:\/\/www.instagram.com\/centro_urbano\/","https:\/\/www.linkedin.com\/company\/centro-urbano\/","http:\/\/www.youtube.com\/user\/portalcentrourbano"]},{"@type":"Person","@id":"https:\/\/centrourbano.com\/revista\/#\/schema\/person\/4c9d581213c6d17ee82daf6d9fd0773e","name":"Oscar Guti\u00e9rrez Arriaga","image":{"@type":"ImageObject","inLanguage":"es","@id":"https:\/\/secure.gravatar.com\/avatar\/2cc65c460a9554cb4b76ce1ec6538c61db0db5ddd3275ef867a16f59c0d4810d?s=96&d=mm&r=g","url":"https:\/\/secure.gravatar.com\/avatar\/2cc65c460a9554cb4b76ce1ec6538c61db0db5ddd3275ef867a16f59c0d4810d?s=96&d=mm&r=g","contentUrl":"https:\/\/secure.gravatar.com\/avatar\/2cc65c460a9554cb4b76ce1ec6538c61db0db5ddd3275ef867a16f59c0d4810d?s=96&d=mm&r=g","caption":"Oscar Guti\u00e9rrez Arriaga"},"description":"Licenciado en Ciencias de la Comunicaci\u00f3n por la FCPyS UNAM, comunic\u00f3logo pol\u00edtico por decisi\u00f3n, ex profesor y ahora\u2026 reportero","url":"https:\/\/centrourbano.com\/revista\/author\/oscar-gutierrez\/"}]}},"_links":{"self":[{"href":"https:\/\/centrourbano.com\/revista\/wp-json\/wp\/v2\/posts\/15918","targetHints":{"allow":["GET"]}}],"collection":[{"href":"https:\/\/centrourbano.com\/revista\/wp-json\/wp\/v2\/posts"}],"about":[{"href":"https:\/\/centrourbano.com\/revista\/wp-json\/wp\/v2\/types\/post"}],"author":[{"embeddable":true,"href":"https:\/\/centrourbano.com\/revista\/wp-json\/wp\/v2\/users\/29"}],"replies":[{"embeddable":true,"href":"https:\/\/centrourbano.com\/revista\/wp-json\/wp\/v2\/comments?post=15918"}],"version-history":[{"count":0,"href":"https:\/\/centrourbano.com\/revista\/wp-json\/wp\/v2\/posts\/15918\/revisions"}],"wp:featuredmedia":[{"embeddable":true,"href":"https:\/\/centrourbano.com\/revista\/wp-json\/wp\/v2\/media\/15922"}],"wp:attachment":[{"href":"https:\/\/centrourbano.com\/revista\/wp-json\/wp\/v2\/media?parent=15918"}],"wp:term":[{"taxonomy":"category","embeddable":true,"href":"https:\/\/centrourbano.com\/revista\/wp-json\/wp\/v2\/categories?post=15918"},{"taxonomy":"post_tag","embeddable":true,"href":"https:\/\/centrourbano.com\/revista\/wp-json\/wp\/v2\/tags?post=15918"}],"curies":[{"name":"wp","href":"https:\/\/api.w.org\/{rel}","templated":true}]}}