{"id":15863,"date":"2015-02-27T14:18:08","date_gmt":"2015-02-27T20:18:08","guid":{"rendered":"http:\/\/centrourbano.com\/?p=15863"},"modified":"2015-02-27T11:20:43","modified_gmt":"2015-02-27T17:20:43","slug":"accor-inauguro-nuevo-hotel-al-norte-del-pais","status":"publish","type":"post","link":"https:\/\/centrourbano.com\/revista\/inmobiliario\/accor-inauguro-nuevo-hotel-al-norte-del-pais\/","title":{"rendered":"Accor inaugur\u00f3 nuevo hotel al norte del pa\u00eds"},"content":{"rendered":"<p>&nbsp;<\/p>\n<p><em>El nuevo hotel cuenta con 107 habitaciones e incluir\u00e1 los servicios y productos propios de la marca destacando su innovaci\u00f3n y el bienestar<\/em><!--more--><\/p>\n<p>Uno de los l\u00edderes mundiales dentro de las operaciones hoteleras, Accor, inaugur\u00f3 un nuevo hotel dentro del territorio nacional, el cual se encontrar\u00e1 ubicado en el estado de Sinaloa, la edificaci\u00f3n de este complejo cont\u00f3 con la inversi\u00f3n de distintos socios locales.<\/p>\n<p>\u201cEstamos muy orgullosos de a\u00f1adir ibis Los Mochis a nuestro portafolio en M\u00e9xico, sumando 12 unidades de la marca ibis en la regi\u00f3n. Sinaloa y particularmente Los Mochis, resulta muy importante para la estrategia de expansi\u00f3n de ibis en la zona por tratarse de una ciudad con mucha actividad comercial, especialmente del sector agroindustrial, as\u00ed como tambi\u00e9n un destino tur\u00edstico\u201d, afirm\u00f3 Jean-Philippe Claret, Vicepresidente Senior de Accor para M\u00e9xico, Centro Am\u00e9rica y el Caribe.<\/p>\n<p>El nuevo hotel ibis Los Mochis cuenta con 107 habitaciones, las cuales adem\u00e1s de incluir los servicios propios ya conocidos de la marca, tambi\u00e9n tendr\u00e1 \u00a0nuevos valores que se destacar\u00e1n por la innovaci\u00f3n y el bienestar que proporcionan a los hu\u00e9spedes de la hoster\u00eda, tales como \u00a0SweetBed by ibis, el cual ser\u00e1 nuevo concepto de lobby y \u00e1reas sociales, adem\u00e1s del bar\u00a0 ibis Kitchen Lounge.<\/p>\n<p>La ubicaci\u00f3n del hotel est\u00e1 estrat\u00e9gicamente planea pues se encuentra dentro de la zona tur\u00edstica de la Bah\u00eda opolobampo, del Jard\u00edn Bot\u00e1nico, del Museo Regional del Fuerte, de la Plaza 27 de Septiembre, y del centro comercial Paseo Los Mochis, el m\u00e1s importante de la ciudad.<\/p>\n<p>Dentro de los asistentes a la inauguraci\u00f3n del nuevo Hotel ibis los Mochis se encontraron el \u00a0Gobernador Constitucional del Estado de Sinaloa, Mario L\u00f3pez Valdez, el Presidente Municipal de Los Mochis, Arturo Duarte, la Vicepresidente Ejecutivo de Accor para Norteam\u00e9rica, Centroam\u00e9rica y el Caribe, Dominique Colliat, los inversionistas Bernardo de la Vega y Bosco de la Vega, adem\u00e1s del Vicepresidente Senior de Accor para M\u00e9xico, Centroam\u00e9rica y el Caribe, Jean-Philippe Claret,<\/p>\n<p>&nbsp;<\/p>\n","protected":false},"excerpt":{"rendered":"<p>&nbsp; El nuevo hotel cuenta con 107 habitaciones e incluir\u00e1 los servicios y productos propios de la marca destacando su innovaci\u00f3n y el bienestar<\/p>\n","protected":false},"author":29,"featured_media":15864,"comment_status":"open","ping_status":"closed","sticky":false,"template":"","format":"standard","meta":{"om_disable_all_campaigns":false,"inline_featured_image":false,"_monsterinsights_skip_tracking":false,"_monsterinsights_sitenote_active":false,"_monsterinsights_sitenote_note":"","_monsterinsights_sitenote_category":0,"footnotes":""},"categories":[15],"tags":[1398],"class_list":["post-15863","post","type-post","status-publish","format-standard","has-post-thumbnail","hentry","category-inmobiliario","tag-accor"],"yoast_head":"<!-- This site is optimized with the Yoast SEO plugin v27.4 - https:\/\/yoast.com\/product\/yoast-seo-wordpress\/ -->\n<title>Accor inaugur\u00f3 nuevo hotel al norte del pa\u00eds -<\/title>\n<meta name=\"description\" content=\"&nbsp; El nuevo hotel cuenta con 107 habitaciones e incluir\u00e1 los servicios y productos propios de la marca destacando su innovaci\u00f3n y el bienestar Uno de\" \/>\n<meta name=\"robots\" content=\"index, follow, max-snippet:-1, max-image-preview:large, max-video-preview:-1\" \/>\n<link rel=\"canonical\" href=\"https:\/\/centrourbano.com\/revista\/inmobiliario\/accor-inauguro-nuevo-hotel-al-norte-del-pais\/\" \/>\n<meta property=\"og:locale\" content=\"es_ES\" \/>\n<meta property=\"og:type\" content=\"article\" \/>\n<meta property=\"og:title\" content=\"Accor inaugur\u00f3 nuevo hotel al norte del pa\u00eds -\" \/>\n<meta property=\"og:description\" content=\"&nbsp; El nuevo hotel cuenta con 107 habitaciones e incluir\u00e1 los servicios y productos propios de la marca destacando su innovaci\u00f3n y el bienestar Uno de\" \/>\n<meta property=\"og:url\" content=\"https:\/\/centrourbano.com\/revista\/inmobiliario\/accor-inauguro-nuevo-hotel-al-norte-del-pais\/\" \/>\n<meta property=\"og:site_name\" content=\"Centro Urbano\" \/>\n<meta property=\"article:publisher\" content=\"https:\/\/www.facebook.com\/portalcentrourbano\" \/>\n<meta property=\"article:published_time\" content=\"2015-02-27T20:18:08+00:00\" \/>\n<meta property=\"og:image\" content=\"https:\/\/centrourbano.com\/revista\/wp-content\/uploads\/ibis-Los-Mochis.jpg\" \/>\n\t<meta property=\"og:image:width\" content=\"640\" \/>\n\t<meta property=\"og:image:height\" content=\"480\" \/>\n\t<meta property=\"og:image:type\" content=\"image\/jpeg\" \/>\n<meta name=\"author\" content=\"Oscar Guti\u00e9rrez Arriaga\" \/>\n<meta name=\"twitter:card\" content=\"summary_large_image\" \/>\n<meta name=\"twitter:creator\" content=\"@CentroUrbano\" \/>\n<meta name=\"twitter:site\" content=\"@CentroUrbano\" \/>\n<meta name=\"twitter:label1\" content=\"Escrito por\" \/>\n\t<meta name=\"twitter:data1\" content=\"Oscar Guti\u00e9rrez Arriaga\" \/>\n\t<meta name=\"twitter:label2\" content=\"Tiempo de lectura\" \/>\n\t<meta name=\"twitter:data2\" content=\"2 minutos\" \/>\n<script type=\"application\/ld+json\" class=\"yoast-schema-graph\">{\"@context\":\"https:\\\/\\\/schema.org\",\"@graph\":[{\"@type\":\"Article\",\"@id\":\"https:\\\/\\\/centrourbano.com\\\/revista\\\/inmobiliario\\\/accor-inauguro-nuevo-hotel-al-norte-del-pais\\\/#article\",\"isPartOf\":{\"@id\":\"https:\\\/\\\/centrourbano.com\\\/revista\\\/inmobiliario\\\/accor-inauguro-nuevo-hotel-al-norte-del-pais\\\/\"},\"author\":{\"name\":\"Oscar Guti\u00e9rrez Arriaga\",\"@id\":\"https:\\\/\\\/centrourbano.com\\\/revista\\\/#\\\/schema\\\/person\\\/4c9d581213c6d17ee82daf6d9fd0773e\"},\"headline\":\"Accor inaugur\u00f3 nuevo hotel al norte del pa\u00eds\",\"datePublished\":\"2015-02-27T20:18:08+00:00\",\"mainEntityOfPage\":{\"@id\":\"https:\\\/\\\/centrourbano.com\\\/revista\\\/inmobiliario\\\/accor-inauguro-nuevo-hotel-al-norte-del-pais\\\/\"},\"wordCount\":361,\"commentCount\":0,\"publisher\":{\"@id\":\"https:\\\/\\\/centrourbano.com\\\/revista\\\/#organization\"},\"image\":{\"@id\":\"https:\\\/\\\/centrourbano.com\\\/revista\\\/inmobiliario\\\/accor-inauguro-nuevo-hotel-al-norte-del-pais\\\/#primaryimage\"},\"thumbnailUrl\":\"https:\\\/\\\/centrourbano.com\\\/revista\\\/wp-content\\\/uploads\\\/ibis-Los-Mochis.jpg\",\"keywords\":[\"Accor\"],\"articleSection\":[\"Inmobiliario\"],\"inLanguage\":\"es\",\"potentialAction\":[{\"@type\":\"CommentAction\",\"name\":\"Comment\",\"target\":[\"https:\\\/\\\/centrourbano.com\\\/revista\\\/inmobiliario\\\/accor-inauguro-nuevo-hotel-al-norte-del-pais\\\/#respond\"]}]},{\"@type\":\"WebPage\",\"@id\":\"https:\\\/\\\/centrourbano.com\\\/revista\\\/inmobiliario\\\/accor-inauguro-nuevo-hotel-al-norte-del-pais\\\/\",\"url\":\"https:\\\/\\\/centrourbano.com\\\/revista\\\/inmobiliario\\\/accor-inauguro-nuevo-hotel-al-norte-del-pais\\\/\",\"name\":\"Accor inaugur\u00f3 nuevo hotel al norte del pa\u00eds -\",\"isPartOf\":{\"@id\":\"https:\\\/\\\/centrourbano.com\\\/revista\\\/#website\"},\"primaryImageOfPage\":{\"@id\":\"https:\\\/\\\/centrourbano.com\\\/revista\\\/inmobiliario\\\/accor-inauguro-nuevo-hotel-al-norte-del-pais\\\/#primaryimage\"},\"image\":{\"@id\":\"https:\\\/\\\/centrourbano.com\\\/revista\\\/inmobiliario\\\/accor-inauguro-nuevo-hotel-al-norte-del-pais\\\/#primaryimage\"},\"thumbnailUrl\":\"https:\\\/\\\/centrourbano.com\\\/revista\\\/wp-content\\\/uploads\\\/ibis-Los-Mochis.jpg\",\"datePublished\":\"2015-02-27T20:18:08+00:00\",\"description\":\"&nbsp; El nuevo hotel cuenta con 107 habitaciones e incluir\u00e1 los servicios y productos propios de la marca destacando su innovaci\u00f3n y el bienestar Uno de\",\"breadcrumb\":{\"@id\":\"https:\\\/\\\/centrourbano.com\\\/revista\\\/inmobiliario\\\/accor-inauguro-nuevo-hotel-al-norte-del-pais\\\/#breadcrumb\"},\"inLanguage\":\"es\",\"potentialAction\":[{\"@type\":\"ReadAction\",\"target\":[\"https:\\\/\\\/centrourbano.com\\\/revista\\\/inmobiliario\\\/accor-inauguro-nuevo-hotel-al-norte-del-pais\\\/\"]}]},{\"@type\":\"ImageObject\",\"inLanguage\":\"es\",\"@id\":\"https:\\\/\\\/centrourbano.com\\\/revista\\\/inmobiliario\\\/accor-inauguro-nuevo-hotel-al-norte-del-pais\\\/#primaryimage\",\"url\":\"https:\\\/\\\/centrourbano.com\\\/revista\\\/wp-content\\\/uploads\\\/ibis-Los-Mochis.jpg\",\"contentUrl\":\"https:\\\/\\\/centrourbano.com\\\/revista\\\/wp-content\\\/uploads\\\/ibis-Los-Mochis.jpg\",\"width\":640,\"height\":480},{\"@type\":\"BreadcrumbList\",\"@id\":\"https:\\\/\\\/centrourbano.com\\\/revista\\\/inmobiliario\\\/accor-inauguro-nuevo-hotel-al-norte-del-pais\\\/#breadcrumb\",\"itemListElement\":[{\"@type\":\"ListItem\",\"position\":1,\"name\":\"Portada\",\"item\":\"https:\\\/\\\/centrourbano.com\\\/revista\\\/\"},{\"@type\":\"ListItem\",\"position\":2,\"name\":\"Accor inaugur\u00f3 nuevo hotel al norte del pa\u00eds\"}]},{\"@type\":\"WebSite\",\"@id\":\"https:\\\/\\\/centrourbano.com\\\/revista\\\/#website\",\"url\":\"https:\\\/\\\/centrourbano.com\\\/revista\\\/\",\"name\":\"Centro Urbano\",\"description\":\"Medio especializado en los sectores vivienda, inmobiliario, construcci\u00f3n, arquitectura y urbanismo.\",\"publisher\":{\"@id\":\"https:\\\/\\\/centrourbano.com\\\/revista\\\/#organization\"},\"potentialAction\":[{\"@type\":\"SearchAction\",\"target\":{\"@type\":\"EntryPoint\",\"urlTemplate\":\"https:\\\/\\\/centrourbano.com\\\/revista\\\/?s={search_term_string}\"},\"query-input\":{\"@type\":\"PropertyValueSpecification\",\"valueRequired\":true,\"valueName\":\"search_term_string\"}}],\"inLanguage\":\"es\"},{\"@type\":\"Organization\",\"@id\":\"https:\\\/\\\/centrourbano.com\\\/revista\\\/#organization\",\"name\":\"Centro Urbano\",\"url\":\"https:\\\/\\\/centrourbano.com\\\/revista\\\/\",\"logo\":{\"@type\":\"ImageObject\",\"inLanguage\":\"es\",\"@id\":\"https:\\\/\\\/centrourbano.com\\\/revista\\\/#\\\/schema\\\/logo\\\/image\\\/\",\"url\":\"https:\\\/\\\/centrourbano.com\\\/revista\\\/wp-content\\\/uploads\\\/web_CU_logo-1.png\",\"contentUrl\":\"https:\\\/\\\/centrourbano.com\\\/revista\\\/wp-content\\\/uploads\\\/web_CU_logo-1.png\",\"width\":350,\"height\":91,\"caption\":\"Centro Urbano\"},\"image\":{\"@id\":\"https:\\\/\\\/centrourbano.com\\\/revista\\\/#\\\/schema\\\/logo\\\/image\\\/\"},\"sameAs\":[\"https:\\\/\\\/www.facebook.com\\\/portalcentrourbano\",\"https:\\\/\\\/x.com\\\/CentroUrbano\",\"https:\\\/\\\/www.instagram.com\\\/centro_urbano\\\/\",\"https:\\\/\\\/www.linkedin.com\\\/company\\\/centro-urbano\\\/\",\"http:\\\/\\\/www.youtube.com\\\/user\\\/portalcentrourbano\"]},{\"@type\":\"Person\",\"@id\":\"https:\\\/\\\/centrourbano.com\\\/revista\\\/#\\\/schema\\\/person\\\/4c9d581213c6d17ee82daf6d9fd0773e\",\"name\":\"Oscar Guti\u00e9rrez Arriaga\",\"image\":{\"@type\":\"ImageObject\",\"inLanguage\":\"es\",\"@id\":\"https:\\\/\\\/secure.gravatar.com\\\/avatar\\\/2cc65c460a9554cb4b76ce1ec6538c61db0db5ddd3275ef867a16f59c0d4810d?s=96&d=mm&r=g\",\"url\":\"https:\\\/\\\/secure.gravatar.com\\\/avatar\\\/2cc65c460a9554cb4b76ce1ec6538c61db0db5ddd3275ef867a16f59c0d4810d?s=96&d=mm&r=g\",\"contentUrl\":\"https:\\\/\\\/secure.gravatar.com\\\/avatar\\\/2cc65c460a9554cb4b76ce1ec6538c61db0db5ddd3275ef867a16f59c0d4810d?s=96&d=mm&r=g\",\"caption\":\"Oscar Guti\u00e9rrez Arriaga\"},\"description\":\"Licenciado en Ciencias de la Comunicaci\u00f3n por la FCPyS UNAM, comunic\u00f3logo pol\u00edtico por decisi\u00f3n, ex profesor y ahora\u2026 reportero\",\"url\":\"https:\\\/\\\/centrourbano.com\\\/revista\\\/author\\\/oscar-gutierrez\\\/\"}]}<\/script>\n<!-- \/ Yoast SEO plugin. -->","yoast_head_json":{"title":"Accor inaugur\u00f3 nuevo hotel al norte del pa\u00eds -","description":"&nbsp; El nuevo hotel cuenta con 107 habitaciones e incluir\u00e1 los servicios y productos propios de la marca destacando su innovaci\u00f3n y el bienestar Uno de","robots":{"index":"index","follow":"follow","max-snippet":"max-snippet:-1","max-image-preview":"max-image-preview:large","max-video-preview":"max-video-preview:-1"},"canonical":"https:\/\/centrourbano.com\/revista\/inmobiliario\/accor-inauguro-nuevo-hotel-al-norte-del-pais\/","og_locale":"es_ES","og_type":"article","og_title":"Accor inaugur\u00f3 nuevo hotel al norte del pa\u00eds -","og_description":"&nbsp; El nuevo hotel cuenta con 107 habitaciones e incluir\u00e1 los servicios y productos propios de la marca destacando su innovaci\u00f3n y el bienestar Uno de","og_url":"https:\/\/centrourbano.com\/revista\/inmobiliario\/accor-inauguro-nuevo-hotel-al-norte-del-pais\/","og_site_name":"Centro Urbano","article_publisher":"https:\/\/www.facebook.com\/portalcentrourbano","article_published_time":"2015-02-27T20:18:08+00:00","og_image":[{"width":640,"height":480,"url":"https:\/\/centrourbano.com\/revista\/wp-content\/uploads\/ibis-Los-Mochis.jpg","type":"image\/jpeg"}],"author":"Oscar Guti\u00e9rrez Arriaga","twitter_card":"summary_large_image","twitter_creator":"@CentroUrbano","twitter_site":"@CentroUrbano","twitter_misc":{"Escrito por":"Oscar Guti\u00e9rrez Arriaga","Tiempo de lectura":"2 minutos"},"schema":{"@context":"https:\/\/schema.org","@graph":[{"@type":"Article","@id":"https:\/\/centrourbano.com\/revista\/inmobiliario\/accor-inauguro-nuevo-hotel-al-norte-del-pais\/#article","isPartOf":{"@id":"https:\/\/centrourbano.com\/revista\/inmobiliario\/accor-inauguro-nuevo-hotel-al-norte-del-pais\/"},"author":{"name":"Oscar Guti\u00e9rrez Arriaga","@id":"https:\/\/centrourbano.com\/revista\/#\/schema\/person\/4c9d581213c6d17ee82daf6d9fd0773e"},"headline":"Accor inaugur\u00f3 nuevo hotel al norte del pa\u00eds","datePublished":"2015-02-27T20:18:08+00:00","mainEntityOfPage":{"@id":"https:\/\/centrourbano.com\/revista\/inmobiliario\/accor-inauguro-nuevo-hotel-al-norte-del-pais\/"},"wordCount":361,"commentCount":0,"publisher":{"@id":"https:\/\/centrourbano.com\/revista\/#organization"},"image":{"@id":"https:\/\/centrourbano.com\/revista\/inmobiliario\/accor-inauguro-nuevo-hotel-al-norte-del-pais\/#primaryimage"},"thumbnailUrl":"https:\/\/centrourbano.com\/revista\/wp-content\/uploads\/ibis-Los-Mochis.jpg","keywords":["Accor"],"articleSection":["Inmobiliario"],"inLanguage":"es","potentialAction":[{"@type":"CommentAction","name":"Comment","target":["https:\/\/centrourbano.com\/revista\/inmobiliario\/accor-inauguro-nuevo-hotel-al-norte-del-pais\/#respond"]}]},{"@type":"WebPage","@id":"https:\/\/centrourbano.com\/revista\/inmobiliario\/accor-inauguro-nuevo-hotel-al-norte-del-pais\/","url":"https:\/\/centrourbano.com\/revista\/inmobiliario\/accor-inauguro-nuevo-hotel-al-norte-del-pais\/","name":"Accor inaugur\u00f3 nuevo hotel al norte del pa\u00eds -","isPartOf":{"@id":"https:\/\/centrourbano.com\/revista\/#website"},"primaryImageOfPage":{"@id":"https:\/\/centrourbano.com\/revista\/inmobiliario\/accor-inauguro-nuevo-hotel-al-norte-del-pais\/#primaryimage"},"image":{"@id":"https:\/\/centrourbano.com\/revista\/inmobiliario\/accor-inauguro-nuevo-hotel-al-norte-del-pais\/#primaryimage"},"thumbnailUrl":"https:\/\/centrourbano.com\/revista\/wp-content\/uploads\/ibis-Los-Mochis.jpg","datePublished":"2015-02-27T20:18:08+00:00","description":"&nbsp; El nuevo hotel cuenta con 107 habitaciones e incluir\u00e1 los servicios y productos propios de la marca destacando su innovaci\u00f3n y el bienestar Uno de","breadcrumb":{"@id":"https:\/\/centrourbano.com\/revista\/inmobiliario\/accor-inauguro-nuevo-hotel-al-norte-del-pais\/#breadcrumb"},"inLanguage":"es","potentialAction":[{"@type":"ReadAction","target":["https:\/\/centrourbano.com\/revista\/inmobiliario\/accor-inauguro-nuevo-hotel-al-norte-del-pais\/"]}]},{"@type":"ImageObject","inLanguage":"es","@id":"https:\/\/centrourbano.com\/revista\/inmobiliario\/accor-inauguro-nuevo-hotel-al-norte-del-pais\/#primaryimage","url":"https:\/\/centrourbano.com\/revista\/wp-content\/uploads\/ibis-Los-Mochis.jpg","contentUrl":"https:\/\/centrourbano.com\/revista\/wp-content\/uploads\/ibis-Los-Mochis.jpg","width":640,"height":480},{"@type":"BreadcrumbList","@id":"https:\/\/centrourbano.com\/revista\/inmobiliario\/accor-inauguro-nuevo-hotel-al-norte-del-pais\/#breadcrumb","itemListElement":[{"@type":"ListItem","position":1,"name":"Portada","item":"https:\/\/centrourbano.com\/revista\/"},{"@type":"ListItem","position":2,"name":"Accor inaugur\u00f3 nuevo hotel al norte del pa\u00eds"}]},{"@type":"WebSite","@id":"https:\/\/centrourbano.com\/revista\/#website","url":"https:\/\/centrourbano.com\/revista\/","name":"Centro Urbano","description":"Medio especializado en los sectores vivienda, inmobiliario, construcci\u00f3n, arquitectura y urbanismo.","publisher":{"@id":"https:\/\/centrourbano.com\/revista\/#organization"},"potentialAction":[{"@type":"SearchAction","target":{"@type":"EntryPoint","urlTemplate":"https:\/\/centrourbano.com\/revista\/?s={search_term_string}"},"query-input":{"@type":"PropertyValueSpecification","valueRequired":true,"valueName":"search_term_string"}}],"inLanguage":"es"},{"@type":"Organization","@id":"https:\/\/centrourbano.com\/revista\/#organization","name":"Centro Urbano","url":"https:\/\/centrourbano.com\/revista\/","logo":{"@type":"ImageObject","inLanguage":"es","@id":"https:\/\/centrourbano.com\/revista\/#\/schema\/logo\/image\/","url":"https:\/\/centrourbano.com\/revista\/wp-content\/uploads\/web_CU_logo-1.png","contentUrl":"https:\/\/centrourbano.com\/revista\/wp-content\/uploads\/web_CU_logo-1.png","width":350,"height":91,"caption":"Centro Urbano"},"image":{"@id":"https:\/\/centrourbano.com\/revista\/#\/schema\/logo\/image\/"},"sameAs":["https:\/\/www.facebook.com\/portalcentrourbano","https:\/\/x.com\/CentroUrbano","https:\/\/www.instagram.com\/centro_urbano\/","https:\/\/www.linkedin.com\/company\/centro-urbano\/","http:\/\/www.youtube.com\/user\/portalcentrourbano"]},{"@type":"Person","@id":"https:\/\/centrourbano.com\/revista\/#\/schema\/person\/4c9d581213c6d17ee82daf6d9fd0773e","name":"Oscar Guti\u00e9rrez Arriaga","image":{"@type":"ImageObject","inLanguage":"es","@id":"https:\/\/secure.gravatar.com\/avatar\/2cc65c460a9554cb4b76ce1ec6538c61db0db5ddd3275ef867a16f59c0d4810d?s=96&d=mm&r=g","url":"https:\/\/secure.gravatar.com\/avatar\/2cc65c460a9554cb4b76ce1ec6538c61db0db5ddd3275ef867a16f59c0d4810d?s=96&d=mm&r=g","contentUrl":"https:\/\/secure.gravatar.com\/avatar\/2cc65c460a9554cb4b76ce1ec6538c61db0db5ddd3275ef867a16f59c0d4810d?s=96&d=mm&r=g","caption":"Oscar Guti\u00e9rrez Arriaga"},"description":"Licenciado en Ciencias de la Comunicaci\u00f3n por la FCPyS UNAM, comunic\u00f3logo pol\u00edtico por decisi\u00f3n, ex profesor y ahora\u2026 reportero","url":"https:\/\/centrourbano.com\/revista\/author\/oscar-gutierrez\/"}]}},"_links":{"self":[{"href":"https:\/\/centrourbano.com\/revista\/wp-json\/wp\/v2\/posts\/15863","targetHints":{"allow":["GET"]}}],"collection":[{"href":"https:\/\/centrourbano.com\/revista\/wp-json\/wp\/v2\/posts"}],"about":[{"href":"https:\/\/centrourbano.com\/revista\/wp-json\/wp\/v2\/types\/post"}],"author":[{"embeddable":true,"href":"https:\/\/centrourbano.com\/revista\/wp-json\/wp\/v2\/users\/29"}],"replies":[{"embeddable":true,"href":"https:\/\/centrourbano.com\/revista\/wp-json\/wp\/v2\/comments?post=15863"}],"version-history":[{"count":0,"href":"https:\/\/centrourbano.com\/revista\/wp-json\/wp\/v2\/posts\/15863\/revisions"}],"wp:featuredmedia":[{"embeddable":true,"href":"https:\/\/centrourbano.com\/revista\/wp-json\/wp\/v2\/media\/15864"}],"wp:attachment":[{"href":"https:\/\/centrourbano.com\/revista\/wp-json\/wp\/v2\/media?parent=15863"}],"wp:term":[{"taxonomy":"category","embeddable":true,"href":"https:\/\/centrourbano.com\/revista\/wp-json\/wp\/v2\/categories?post=15863"},{"taxonomy":"post_tag","embeddable":true,"href":"https:\/\/centrourbano.com\/revista\/wp-json\/wp\/v2\/tags?post=15863"}],"curies":[{"name":"wp","href":"https:\/\/api.w.org\/{rel}","templated":true}]}}