{"id":15830,"date":"2015-02-26T13:36:16","date_gmt":"2015-02-26T19:36:16","guid":{"rendered":"http:\/\/centrourbano.com\/?p=15830"},"modified":"2015-02-26T16:46:52","modified_gmt":"2015-02-26T22:46:52","slug":"el-sector-vivienda-con-buen-panorama","status":"publish","type":"post","link":"https:\/\/centrourbano.com\/revista\/vivienda\/el-sector-vivienda-con-buen-panorama\/","title":{"rendered":"El sector vivienda con buen panorama"},"content":{"rendered":"<p>&nbsp;<\/p>\n<p><em>Conavi construir\u00e1 5,000 viviendas\u00a0 con un costos de 120,000 pesos para ayudar a mujeres en e\u00f1 estado de Chiapas <\/em><!--more--><\/p>\n<p>Con la presencia de Mar\u00eda Paloma Silva de Anzorena, Alejandro Murat, Edgar Garza, y Enrique Vainer, se llevo a cabo el segundo panel de conferencias dentro del evento Mexico\u00b4s Housing Revival, donde los expertos abordaron temas relacionados con la vivienda as\u00ed las perspectivas que cada uno de ellos tiene sobre el sector para este a\u00f1o.<\/p>\n<p>Los puntos m\u00e1s sobresalientes de la conferencia fueron aquellos donde la titular de Conavi destac\u00f3 que la instituci\u00f3n que se encuentra bajo su cargo construir\u00e1 5,000 viviendas con un costo de 120,000 pesos para ayudar a las mujeres en el estado de Chiapas.<\/p>\n<p>El director general del Infonavit, Alejandro Murat, destac\u00f3 que el panorama de la vivienda en M\u00e9xico es alentador y que la instituci\u00f3n a la cual representa seguir\u00e1 trabajando para mejorar las condiciones de vivienda de todos los mexicanos a lo largo y ancho de todo el territorio nacional, adem\u00e1s destac\u00f3 que el instituto brinda ayuda a muchos trabajadores diversificando la asistencia econ\u00f3mica.<\/p>\n<p>Por su parte Enrique Vainer, director general del Sadasi, hizo hincapi\u00e9 en que para la construcci\u00f3n y desarrollo de la vivienda en nuestro pa\u00eds se necesitar\u00e1 del apoyo de diferentes tipos de FIBRAS para poder realizar la construcci\u00f3n eficiente y necesaria de las viviendas que cubrir\u00e1n las necesidades de la mayor\u00eda de los beneficiarios.<\/p>\n<p>En un punto en que coincidieron Enrique Vainer y el director general de Casas Javer, Eugenio Garza, fue aquel donde a pesar de los problemas existentes entre los distintos desarrolladores, los niveles de gobierno y las instituciones relacionadas con el desarrollo de la vivienda en nuestro pa\u00eds, el clima y panorama del mercado mexicano es bueno para desarrollar distintos proyectos que beneficien a la sociedad.<\/p>\n","protected":false},"excerpt":{"rendered":"<p>&nbsp; Conavi construir\u00e1 5,000 viviendas\u00a0 con un costos de 120,000 pesos para ayudar a mujeres en e\u00f1 estado de Chiapas<\/p>\n","protected":false},"author":29,"featured_media":15831,"comment_status":"open","ping_status":"closed","sticky":false,"template":"","format":"standard","meta":{"om_disable_all_campaigns":false,"inline_featured_image":false,"_monsterinsights_skip_tracking":false,"_monsterinsights_sitenote_active":false,"_monsterinsights_sitenote_note":"","_monsterinsights_sitenote_category":0,"footnotes":""},"categories":[12],"tags":[4485,376,474,100,4484,410,60],"class_list":["post-15830","post","type-post","status-publish","format-standard","has-post-thumbnail","hentry","category-vivienda","tag-casas-javer","tag-conavi","tag-grupo-sadasi","tag-infonavit","tag-mexicos-housing-revival","tag-sadasi","tag-vivienda-2"],"yoast_head":"<!-- This site is optimized with the Yoast SEO plugin v27.5 - https:\/\/yoast.com\/product\/yoast-seo-wordpress\/ -->\n<title>El sector vivienda con buen panorama -<\/title>\n<meta name=\"description\" content=\"&nbsp; Conavi construir\u00e1 5,000 viviendas\u00a0 con un costos de 120,000 pesos para ayudar a mujeres en e\u00f1 estado de Chiapas Con la presencia de Mar\u00eda Paloma\" \/>\n<meta name=\"robots\" content=\"index, follow, max-snippet:-1, max-image-preview:large, max-video-preview:-1\" \/>\n<link rel=\"canonical\" href=\"https:\/\/centrourbano.com\/revista\/vivienda\/el-sector-vivienda-con-buen-panorama\/\" \/>\n<meta property=\"og:locale\" content=\"es_ES\" \/>\n<meta property=\"og:type\" content=\"article\" \/>\n<meta property=\"og:title\" content=\"El sector vivienda con buen panorama -\" \/>\n<meta property=\"og:description\" content=\"&nbsp; Conavi construir\u00e1 5,000 viviendas\u00a0 con un costos de 120,000 pesos para ayudar a mujeres en e\u00f1 estado de Chiapas Con la presencia de Mar\u00eda Paloma\" \/>\n<meta property=\"og:url\" content=\"https:\/\/centrourbano.com\/revista\/vivienda\/el-sector-vivienda-con-buen-panorama\/\" \/>\n<meta property=\"og:site_name\" content=\"Centro Urbano\" \/>\n<meta property=\"article:publisher\" content=\"https:\/\/www.facebook.com\/portalcentrourbano\" \/>\n<meta property=\"article:published_time\" content=\"2015-02-26T19:36:16+00:00\" \/>\n<meta property=\"article:modified_time\" content=\"2015-02-26T22:46:52+00:00\" \/>\n<meta property=\"og:image\" content=\"https:\/\/centrourbano.com\/revista\/wp-content\/uploads\/B-yLKJ4UEAMvIQl.jpg\" \/>\n\t<meta property=\"og:image:width\" content=\"1024\" \/>\n\t<meta property=\"og:image:height\" content=\"576\" \/>\n\t<meta property=\"og:image:type\" content=\"image\/jpeg\" \/>\n<meta name=\"author\" content=\"Oscar Guti\u00e9rrez Arriaga\" \/>\n<meta name=\"twitter:card\" content=\"summary_large_image\" \/>\n<meta name=\"twitter:creator\" content=\"@CentroUrbano\" \/>\n<meta name=\"twitter:site\" content=\"@CentroUrbano\" \/>\n<meta name=\"twitter:label1\" content=\"Escrito por\" \/>\n\t<meta name=\"twitter:data1\" content=\"Oscar Guti\u00e9rrez Arriaga\" \/>\n\t<meta name=\"twitter:label2\" content=\"Tiempo de lectura\" \/>\n\t<meta name=\"twitter:data2\" content=\"2 minutos\" \/>\n<script type=\"application\/ld+json\" class=\"yoast-schema-graph\">{\"@context\":\"https:\\\/\\\/schema.org\",\"@graph\":[{\"@type\":\"Article\",\"@id\":\"https:\\\/\\\/centrourbano.com\\\/revista\\\/vivienda\\\/el-sector-vivienda-con-buen-panorama\\\/#article\",\"isPartOf\":{\"@id\":\"https:\\\/\\\/centrourbano.com\\\/revista\\\/vivienda\\\/el-sector-vivienda-con-buen-panorama\\\/\"},\"author\":{\"name\":\"Oscar Guti\u00e9rrez Arriaga\",\"@id\":\"https:\\\/\\\/centrourbano.com\\\/revista\\\/#\\\/schema\\\/person\\\/feaf63a7f02383981ae55d9df478ebfb\"},\"headline\":\"El sector vivienda con buen panorama\",\"datePublished\":\"2015-02-26T19:36:16+00:00\",\"dateModified\":\"2015-02-26T22:46:52+00:00\",\"mainEntityOfPage\":{\"@id\":\"https:\\\/\\\/centrourbano.com\\\/revista\\\/vivienda\\\/el-sector-vivienda-con-buen-panorama\\\/\"},\"wordCount\":316,\"commentCount\":0,\"publisher\":{\"@id\":\"https:\\\/\\\/centrourbano.com\\\/revista\\\/#organization\"},\"image\":{\"@id\":\"https:\\\/\\\/centrourbano.com\\\/revista\\\/vivienda\\\/el-sector-vivienda-con-buen-panorama\\\/#primaryimage\"},\"thumbnailUrl\":\"https:\\\/\\\/centrourbano.com\\\/revista\\\/wp-content\\\/uploads\\\/B-yLKJ4UEAMvIQl.jpg\",\"keywords\":[\"Casas Javer\",\"Conavi\",\"Grupo SADASI\",\"Infonavit\",\"Mexico\u00b4s Housing Revival\",\"Sadasi\",\"vivienda\"],\"articleSection\":[\"Vivienda\"],\"inLanguage\":\"es\",\"potentialAction\":[{\"@type\":\"CommentAction\",\"name\":\"Comment\",\"target\":[\"https:\\\/\\\/centrourbano.com\\\/revista\\\/vivienda\\\/el-sector-vivienda-con-buen-panorama\\\/#respond\"]}]},{\"@type\":\"WebPage\",\"@id\":\"https:\\\/\\\/centrourbano.com\\\/revista\\\/vivienda\\\/el-sector-vivienda-con-buen-panorama\\\/\",\"url\":\"https:\\\/\\\/centrourbano.com\\\/revista\\\/vivienda\\\/el-sector-vivienda-con-buen-panorama\\\/\",\"name\":\"El sector vivienda con buen panorama -\",\"isPartOf\":{\"@id\":\"https:\\\/\\\/centrourbano.com\\\/revista\\\/#website\"},\"primaryImageOfPage\":{\"@id\":\"https:\\\/\\\/centrourbano.com\\\/revista\\\/vivienda\\\/el-sector-vivienda-con-buen-panorama\\\/#primaryimage\"},\"image\":{\"@id\":\"https:\\\/\\\/centrourbano.com\\\/revista\\\/vivienda\\\/el-sector-vivienda-con-buen-panorama\\\/#primaryimage\"},\"thumbnailUrl\":\"https:\\\/\\\/centrourbano.com\\\/revista\\\/wp-content\\\/uploads\\\/B-yLKJ4UEAMvIQl.jpg\",\"datePublished\":\"2015-02-26T19:36:16+00:00\",\"dateModified\":\"2015-02-26T22:46:52+00:00\",\"description\":\"&nbsp; Conavi construir\u00e1 5,000 viviendas\u00a0 con un costos de 120,000 pesos para ayudar a mujeres en e\u00f1 estado de Chiapas Con la presencia de Mar\u00eda Paloma\",\"breadcrumb\":{\"@id\":\"https:\\\/\\\/centrourbano.com\\\/revista\\\/vivienda\\\/el-sector-vivienda-con-buen-panorama\\\/#breadcrumb\"},\"inLanguage\":\"es\",\"potentialAction\":[{\"@type\":\"ReadAction\",\"target\":[\"https:\\\/\\\/centrourbano.com\\\/revista\\\/vivienda\\\/el-sector-vivienda-con-buen-panorama\\\/\"]}]},{\"@type\":\"ImageObject\",\"inLanguage\":\"es\",\"@id\":\"https:\\\/\\\/centrourbano.com\\\/revista\\\/vivienda\\\/el-sector-vivienda-con-buen-panorama\\\/#primaryimage\",\"url\":\"https:\\\/\\\/centrourbano.com\\\/revista\\\/wp-content\\\/uploads\\\/B-yLKJ4UEAMvIQl.jpg\",\"contentUrl\":\"https:\\\/\\\/centrourbano.com\\\/revista\\\/wp-content\\\/uploads\\\/B-yLKJ4UEAMvIQl.jpg\",\"width\":1024,\"height\":576},{\"@type\":\"BreadcrumbList\",\"@id\":\"https:\\\/\\\/centrourbano.com\\\/revista\\\/vivienda\\\/el-sector-vivienda-con-buen-panorama\\\/#breadcrumb\",\"itemListElement\":[{\"@type\":\"ListItem\",\"position\":1,\"name\":\"Portada\",\"item\":\"https:\\\/\\\/centrourbano.com\\\/revista\\\/\"},{\"@type\":\"ListItem\",\"position\":2,\"name\":\"El sector vivienda con buen panorama\"}]},{\"@type\":\"WebSite\",\"@id\":\"https:\\\/\\\/centrourbano.com\\\/revista\\\/#website\",\"url\":\"https:\\\/\\\/centrourbano.com\\\/revista\\\/\",\"name\":\"Centro Urbano\",\"description\":\"Medio especializado en los sectores vivienda, inmobiliario, construcci\u00f3n, arquitectura y urbanismo.\",\"publisher\":{\"@id\":\"https:\\\/\\\/centrourbano.com\\\/revista\\\/#organization\"},\"potentialAction\":[{\"@type\":\"SearchAction\",\"target\":{\"@type\":\"EntryPoint\",\"urlTemplate\":\"https:\\\/\\\/centrourbano.com\\\/revista\\\/?s={search_term_string}\"},\"query-input\":{\"@type\":\"PropertyValueSpecification\",\"valueRequired\":true,\"valueName\":\"search_term_string\"}}],\"inLanguage\":\"es\"},{\"@type\":\"Organization\",\"@id\":\"https:\\\/\\\/centrourbano.com\\\/revista\\\/#organization\",\"name\":\"Centro Urbano\",\"url\":\"https:\\\/\\\/centrourbano.com\\\/revista\\\/\",\"logo\":{\"@type\":\"ImageObject\",\"inLanguage\":\"es\",\"@id\":\"https:\\\/\\\/centrourbano.com\\\/revista\\\/#\\\/schema\\\/logo\\\/image\\\/\",\"url\":\"https:\\\/\\\/centrourbano.com\\\/revista\\\/wp-content\\\/uploads\\\/web_CU_logo-1.png\",\"contentUrl\":\"https:\\\/\\\/centrourbano.com\\\/revista\\\/wp-content\\\/uploads\\\/web_CU_logo-1.png\",\"width\":350,\"height\":91,\"caption\":\"Centro Urbano\"},\"image\":{\"@id\":\"https:\\\/\\\/centrourbano.com\\\/revista\\\/#\\\/schema\\\/logo\\\/image\\\/\"},\"sameAs\":[\"https:\\\/\\\/www.facebook.com\\\/portalcentrourbano\",\"https:\\\/\\\/x.com\\\/CentroUrbano\",\"https:\\\/\\\/www.instagram.com\\\/centro_urbano\\\/\",\"https:\\\/\\\/www.linkedin.com\\\/company\\\/centro-urbano\\\/\",\"http:\\\/\\\/www.youtube.com\\\/user\\\/portalcentrourbano\"]},{\"@type\":\"Person\",\"@id\":\"https:\\\/\\\/centrourbano.com\\\/revista\\\/#\\\/schema\\\/person\\\/feaf63a7f02383981ae55d9df478ebfb\",\"name\":\"Oscar Guti\u00e9rrez Arriaga\",\"image\":{\"@type\":\"ImageObject\",\"inLanguage\":\"es\",\"@id\":\"https:\\\/\\\/secure.gravatar.com\\\/avatar\\\/2cc65c460a9554cb4b76ce1ec6538c61db0db5ddd3275ef867a16f59c0d4810d?s=96&d=mm&r=g\",\"url\":\"https:\\\/\\\/secure.gravatar.com\\\/avatar\\\/2cc65c460a9554cb4b76ce1ec6538c61db0db5ddd3275ef867a16f59c0d4810d?s=96&d=mm&r=g\",\"contentUrl\":\"https:\\\/\\\/secure.gravatar.com\\\/avatar\\\/2cc65c460a9554cb4b76ce1ec6538c61db0db5ddd3275ef867a16f59c0d4810d?s=96&d=mm&r=g\",\"caption\":\"Oscar Guti\u00e9rrez Arriaga\"},\"description\":\"Licenciado en Ciencias de la Comunicaci\u00f3n por la FCPyS UNAM, comunic\u00f3logo pol\u00edtico por decisi\u00f3n, ex profesor y ahora\u2026 reportero\",\"url\":\"https:\\\/\\\/centrourbano.com\\\/revista\\\/author\\\/oscar-gutierrez\\\/\"}]}<\/script>\n<!-- \/ Yoast SEO plugin. -->","yoast_head_json":{"title":"El sector vivienda con buen panorama -","description":"&nbsp; Conavi construir\u00e1 5,000 viviendas\u00a0 con un costos de 120,000 pesos para ayudar a mujeres en e\u00f1 estado de Chiapas Con la presencia de Mar\u00eda Paloma","robots":{"index":"index","follow":"follow","max-snippet":"max-snippet:-1","max-image-preview":"max-image-preview:large","max-video-preview":"max-video-preview:-1"},"canonical":"https:\/\/centrourbano.com\/revista\/vivienda\/el-sector-vivienda-con-buen-panorama\/","og_locale":"es_ES","og_type":"article","og_title":"El sector vivienda con buen panorama -","og_description":"&nbsp; Conavi construir\u00e1 5,000 viviendas\u00a0 con un costos de 120,000 pesos para ayudar a mujeres en e\u00f1 estado de Chiapas Con la presencia de Mar\u00eda Paloma","og_url":"https:\/\/centrourbano.com\/revista\/vivienda\/el-sector-vivienda-con-buen-panorama\/","og_site_name":"Centro Urbano","article_publisher":"https:\/\/www.facebook.com\/portalcentrourbano","article_published_time":"2015-02-26T19:36:16+00:00","article_modified_time":"2015-02-26T22:46:52+00:00","og_image":[{"width":1024,"height":576,"url":"https:\/\/centrourbano.com\/revista\/wp-content\/uploads\/B-yLKJ4UEAMvIQl.jpg","type":"image\/jpeg"}],"author":"Oscar Guti\u00e9rrez Arriaga","twitter_card":"summary_large_image","twitter_creator":"@CentroUrbano","twitter_site":"@CentroUrbano","twitter_misc":{"Escrito por":"Oscar Guti\u00e9rrez Arriaga","Tiempo de lectura":"2 minutos"},"schema":{"@context":"https:\/\/schema.org","@graph":[{"@type":"Article","@id":"https:\/\/centrourbano.com\/revista\/vivienda\/el-sector-vivienda-con-buen-panorama\/#article","isPartOf":{"@id":"https:\/\/centrourbano.com\/revista\/vivienda\/el-sector-vivienda-con-buen-panorama\/"},"author":{"name":"Oscar Guti\u00e9rrez Arriaga","@id":"https:\/\/centrourbano.com\/revista\/#\/schema\/person\/feaf63a7f02383981ae55d9df478ebfb"},"headline":"El sector vivienda con buen panorama","datePublished":"2015-02-26T19:36:16+00:00","dateModified":"2015-02-26T22:46:52+00:00","mainEntityOfPage":{"@id":"https:\/\/centrourbano.com\/revista\/vivienda\/el-sector-vivienda-con-buen-panorama\/"},"wordCount":316,"commentCount":0,"publisher":{"@id":"https:\/\/centrourbano.com\/revista\/#organization"},"image":{"@id":"https:\/\/centrourbano.com\/revista\/vivienda\/el-sector-vivienda-con-buen-panorama\/#primaryimage"},"thumbnailUrl":"https:\/\/centrourbano.com\/revista\/wp-content\/uploads\/B-yLKJ4UEAMvIQl.jpg","keywords":["Casas Javer","Conavi","Grupo SADASI","Infonavit","Mexico\u00b4s Housing Revival","Sadasi","vivienda"],"articleSection":["Vivienda"],"inLanguage":"es","potentialAction":[{"@type":"CommentAction","name":"Comment","target":["https:\/\/centrourbano.com\/revista\/vivienda\/el-sector-vivienda-con-buen-panorama\/#respond"]}]},{"@type":"WebPage","@id":"https:\/\/centrourbano.com\/revista\/vivienda\/el-sector-vivienda-con-buen-panorama\/","url":"https:\/\/centrourbano.com\/revista\/vivienda\/el-sector-vivienda-con-buen-panorama\/","name":"El sector vivienda con buen panorama -","isPartOf":{"@id":"https:\/\/centrourbano.com\/revista\/#website"},"primaryImageOfPage":{"@id":"https:\/\/centrourbano.com\/revista\/vivienda\/el-sector-vivienda-con-buen-panorama\/#primaryimage"},"image":{"@id":"https:\/\/centrourbano.com\/revista\/vivienda\/el-sector-vivienda-con-buen-panorama\/#primaryimage"},"thumbnailUrl":"https:\/\/centrourbano.com\/revista\/wp-content\/uploads\/B-yLKJ4UEAMvIQl.jpg","datePublished":"2015-02-26T19:36:16+00:00","dateModified":"2015-02-26T22:46:52+00:00","description":"&nbsp; Conavi construir\u00e1 5,000 viviendas\u00a0 con un costos de 120,000 pesos para ayudar a mujeres en e\u00f1 estado de Chiapas Con la presencia de Mar\u00eda Paloma","breadcrumb":{"@id":"https:\/\/centrourbano.com\/revista\/vivienda\/el-sector-vivienda-con-buen-panorama\/#breadcrumb"},"inLanguage":"es","potentialAction":[{"@type":"ReadAction","target":["https:\/\/centrourbano.com\/revista\/vivienda\/el-sector-vivienda-con-buen-panorama\/"]}]},{"@type":"ImageObject","inLanguage":"es","@id":"https:\/\/centrourbano.com\/revista\/vivienda\/el-sector-vivienda-con-buen-panorama\/#primaryimage","url":"https:\/\/centrourbano.com\/revista\/wp-content\/uploads\/B-yLKJ4UEAMvIQl.jpg","contentUrl":"https:\/\/centrourbano.com\/revista\/wp-content\/uploads\/B-yLKJ4UEAMvIQl.jpg","width":1024,"height":576},{"@type":"BreadcrumbList","@id":"https:\/\/centrourbano.com\/revista\/vivienda\/el-sector-vivienda-con-buen-panorama\/#breadcrumb","itemListElement":[{"@type":"ListItem","position":1,"name":"Portada","item":"https:\/\/centrourbano.com\/revista\/"},{"@type":"ListItem","position":2,"name":"El sector vivienda con buen panorama"}]},{"@type":"WebSite","@id":"https:\/\/centrourbano.com\/revista\/#website","url":"https:\/\/centrourbano.com\/revista\/","name":"Centro Urbano","description":"Medio especializado en los sectores vivienda, inmobiliario, construcci\u00f3n, arquitectura y urbanismo.","publisher":{"@id":"https:\/\/centrourbano.com\/revista\/#organization"},"potentialAction":[{"@type":"SearchAction","target":{"@type":"EntryPoint","urlTemplate":"https:\/\/centrourbano.com\/revista\/?s={search_term_string}"},"query-input":{"@type":"PropertyValueSpecification","valueRequired":true,"valueName":"search_term_string"}}],"inLanguage":"es"},{"@type":"Organization","@id":"https:\/\/centrourbano.com\/revista\/#organization","name":"Centro Urbano","url":"https:\/\/centrourbano.com\/revista\/","logo":{"@type":"ImageObject","inLanguage":"es","@id":"https:\/\/centrourbano.com\/revista\/#\/schema\/logo\/image\/","url":"https:\/\/centrourbano.com\/revista\/wp-content\/uploads\/web_CU_logo-1.png","contentUrl":"https:\/\/centrourbano.com\/revista\/wp-content\/uploads\/web_CU_logo-1.png","width":350,"height":91,"caption":"Centro Urbano"},"image":{"@id":"https:\/\/centrourbano.com\/revista\/#\/schema\/logo\/image\/"},"sameAs":["https:\/\/www.facebook.com\/portalcentrourbano","https:\/\/x.com\/CentroUrbano","https:\/\/www.instagram.com\/centro_urbano\/","https:\/\/www.linkedin.com\/company\/centro-urbano\/","http:\/\/www.youtube.com\/user\/portalcentrourbano"]},{"@type":"Person","@id":"https:\/\/centrourbano.com\/revista\/#\/schema\/person\/feaf63a7f02383981ae55d9df478ebfb","name":"Oscar Guti\u00e9rrez Arriaga","image":{"@type":"ImageObject","inLanguage":"es","@id":"https:\/\/secure.gravatar.com\/avatar\/2cc65c460a9554cb4b76ce1ec6538c61db0db5ddd3275ef867a16f59c0d4810d?s=96&d=mm&r=g","url":"https:\/\/secure.gravatar.com\/avatar\/2cc65c460a9554cb4b76ce1ec6538c61db0db5ddd3275ef867a16f59c0d4810d?s=96&d=mm&r=g","contentUrl":"https:\/\/secure.gravatar.com\/avatar\/2cc65c460a9554cb4b76ce1ec6538c61db0db5ddd3275ef867a16f59c0d4810d?s=96&d=mm&r=g","caption":"Oscar Guti\u00e9rrez Arriaga"},"description":"Licenciado en Ciencias de la Comunicaci\u00f3n por la FCPyS UNAM, comunic\u00f3logo pol\u00edtico por decisi\u00f3n, ex profesor y ahora\u2026 reportero","url":"https:\/\/centrourbano.com\/revista\/author\/oscar-gutierrez\/"}]}},"_links":{"self":[{"href":"https:\/\/centrourbano.com\/revista\/wp-json\/wp\/v2\/posts\/15830","targetHints":{"allow":["GET"]}}],"collection":[{"href":"https:\/\/centrourbano.com\/revista\/wp-json\/wp\/v2\/posts"}],"about":[{"href":"https:\/\/centrourbano.com\/revista\/wp-json\/wp\/v2\/types\/post"}],"author":[{"embeddable":true,"href":"https:\/\/centrourbano.com\/revista\/wp-json\/wp\/v2\/users\/29"}],"replies":[{"embeddable":true,"href":"https:\/\/centrourbano.com\/revista\/wp-json\/wp\/v2\/comments?post=15830"}],"version-history":[{"count":0,"href":"https:\/\/centrourbano.com\/revista\/wp-json\/wp\/v2\/posts\/15830\/revisions"}],"wp:featuredmedia":[{"embeddable":true,"href":"https:\/\/centrourbano.com\/revista\/wp-json\/wp\/v2\/media\/15831"}],"wp:attachment":[{"href":"https:\/\/centrourbano.com\/revista\/wp-json\/wp\/v2\/media?parent=15830"}],"wp:term":[{"taxonomy":"category","embeddable":true,"href":"https:\/\/centrourbano.com\/revista\/wp-json\/wp\/v2\/categories?post=15830"},{"taxonomy":"post_tag","embeddable":true,"href":"https:\/\/centrourbano.com\/revista\/wp-json\/wp\/v2\/tags?post=15830"}],"curies":[{"name":"wp","href":"https:\/\/api.w.org\/{rel}","templated":true}]}}