{"id":158199,"date":"2025-10-15T16:32:22","date_gmt":"2025-10-15T22:32:22","guid":{"rendered":"https:\/\/centrourbano.com\/revista\/?p=158199"},"modified":"2025-10-15T16:32:22","modified_gmt":"2025-10-15T22:32:22","slug":"demanda-oficinas-84-2025-cbre","status":"publish","type":"post","link":"https:\/\/centrourbano.com\/revista\/inmobiliario\/demanda-oficinas-84-2025-cbre\/","title":{"rendered":"Demanda de oficinas en CDMX crece 84% en 2025: CBRE"},"content":{"rendered":"<p><em>El mercado de oficinas de CDMX muestra una recuperaci\u00f3n sostenida impulsada por la reactivaci\u00f3n econ\u00f3mica y la consolidaci\u00f3n del modelo h\u00edbrido<\/em><!--more--><\/p>\n<p>El <strong>mercado de oficinas en la Ciudad de M\u00e9xico<\/strong> alcanz\u00f3 una absorci\u00f3n neta acumulada de 175,000 metros cuadrados (m\u00b2) al cierre del tercer trimestre de 2025 (3T2025), lo que representa un incremento del 84% respecto al a\u00f1o anterior, de acuerdo con el \u00faltimo reporte <strong>Marketview Oficinas de CBRE M\u00e9xico<\/strong>.<\/p>\n<p>Este crecimiento refleja el <strong>dinamismo del sector<\/strong> y la <strong>confianza de las empresas<\/strong> en el retorno parcial a la presencialidad. De hecho, 78% de los usuarios corporativos ya asiste tres o m\u00e1s d\u00edas por semana a sus oficinas, impulsando la demanda de espacios m\u00e1s flexibles, colaborativos y orientados al bienestar laboral.<\/p>\n<h2><strong>Un mercado en recuperaci\u00f3n constante<\/strong><\/h2>\n<p>El <strong>inventario de oficinas Clase A y A+<\/strong> en la capital alcanz\u00f3 7.4 millones de m\u00b2, con 33,000 m\u00b2 de nueva oferta en los corredores Polanco y Reforma, lo que representa un crecimiento anual del 0.6 por ciento.<\/p>\n<p>Por otro lado, la <strong>tasa de vacancia<\/strong> se redujo a 18.6%, lo cual es 2.9 puntos menos que en 2024, lo que refleja una ocupaci\u00f3n m\u00e1s s\u00f3lida y el regreso de grandes corporativos al mercado.<\/p>\n<p>El <strong>Centro de Negocios de la Ciudad de M\u00e9xico<\/strong> (<strong>CBD<\/strong>) concentr\u00f3 el 59% de la absorci\u00f3n total, liderado por el submercado de <strong>Polanco<\/strong>, que represent\u00f3 el 42% de las operaciones.<\/p>\n<p>Adem\u00e1s, el 50% de los espacios disponibles en la capital se ofrecen en formato <em>Plug &amp; Play<\/em>, <strong>Acondicionado o Subarriendo<\/strong>, tendencia que gana terreno por su flexibilidad y menor tiempo de adaptaci\u00f3n.<\/p>\n<h2><strong>IED y empleo fortalecen la demanda<\/strong><\/h2>\n<p>De acuerdo con <strong>CBRE<\/strong>, el s\u00f3lido desempe\u00f1o del sector se explica tambi\u00e9n por el flujo hist\u00f3rico de <strong>Inversi\u00f3n Extranjera Directa<\/strong> (<strong>IED<\/strong>) en el pa\u00eds, que alcanz\u00f3 34,265 millones de d\u00f3lares (mdd) durante los dos primeros trimestres de 2025.<\/p>\n<p>De esta cifra, la <strong>Ciudad de M\u00e9xico<\/strong> capt\u00f3 19,311.8 mdd, equivalente al 56% del total nacional y con un aumento del 36% anual, impulsado por los sectores manufacturero, financiero y de seguros.<\/p>\n<p>Asimismo, el <strong>empleo formal<\/strong> en la capital super\u00f3 los 3.6 millones de trabajadores, con 24 mil nuevos empleos creados entre enero y agosto. Las actividades de servicios y comercio representaron 65% de las nuevas plazas, fortaleciendo la demanda por espacios corporativos.<\/p>\n<h2><strong>El auge tecnol\u00f3gico impulsa el arrendamiento<\/strong><\/h2>\n<p>Adem\u00e1s, durante el 3T2025, las principales operaciones corporativas superaron los 1,000 m\u00b2 y estuvieron lideradas por el <strong>sector tecnol\u00f3gico<\/strong>, que concentr\u00f3 el 35% de la demanda, seguido por <strong>transporte y log\u00edstica<\/strong> (13%) y <strong>medios y telecomunicaciones<\/strong> (12%).<\/p>\n<p>De acuerdo con <strong>CBRE<\/strong>, la Ciudad de M\u00e9xico lidera la <strong>industria tecnol\u00f3gica<\/strong> en Latinoam\u00e9rica, con m\u00e1s de 320,000 empleos en este sector, lo que se refleja en la preferencia de empresas de tecnolog\u00eda por ubicaciones premium como Polanco, Insurgentes y Lomas Palmas.<\/p>\n<h2><strong>Perspectivas 2025: nueva oferta y expansi\u00f3n<\/strong><\/h2>\n<p>Actualmente existen <strong>siete proyectos de oficinas en construcci\u00f3n<\/strong> que suman 246,000 m\u00b2, de los cuales 30% ya est\u00e1 prearrendado. Cerca del 60% de esta nueva superficie se ubica en el <strong>CBD<\/strong>, y se prev\u00e9 la incorporaci\u00f3n de 143,000 m\u00b2 adicionales hacia finales de 2025, principalmente en los corredores <strong>Insurgentes<\/strong> y <strong>Polanco<\/strong>.<\/p>\n<p><strong>CBRE<\/strong> anticipa que este dinamismo continuar\u00e1 en 2026, con un mercado m\u00e1s competitivo pero tambi\u00e9n m\u00e1s diversificado, en el que los <strong>espacios flexibles y sostenibles<\/strong> seguir\u00e1n marcando la pauta de la nueva era corporativa.<\/p>\n","protected":false},"excerpt":{"rendered":"<p>El mercado de oficinas de CDMX muestra una recuperaci\u00f3n sostenida impulsada por la reactivaci\u00f3n econ\u00f3mica y la consolidaci\u00f3n del modelo h\u00edbrido<\/p>\n","protected":false},"author":14,"featured_media":158200,"comment_status":"open","ping_status":"closed","sticky":false,"template":"","format":"standard","meta":{"om_disable_all_campaigns":false,"inline_featured_image":false,"_monsterinsights_skip_tracking":false,"_monsterinsights_sitenote_active":false,"_monsterinsights_sitenote_note":"","_monsterinsights_sitenote_category":0,"footnotes":""},"categories":[15],"tags":[13880,2116,606,10529,58,14005],"class_list":["post-158199","post","type-post","status-publish","format-standard","has-post-thumbnail","hentry","category-inmobiliario","tag-absorcion","tag-cbre","tag-cdmx","tag-inventario","tag-oficinas","tag-vacancia"],"yoast_head":"<!-- This site is optimized with the Yoast SEO plugin v27.4 - https:\/\/yoast.com\/product\/yoast-seo-wordpress\/ -->\n<title>Demanda de oficinas en CDMX crece 84% en 2025: CBRE<\/title>\n<meta name=\"description\" content=\"Las oficinas de CDMX muestran una recuperaci\u00f3n sostenida impulsada por la reactivaci\u00f3n econ\u00f3mica y la consolidaci\u00f3n del modelo h\u00edbrido\" \/>\n<meta name=\"robots\" content=\"index, follow, max-snippet:-1, max-image-preview:large, max-video-preview:-1\" \/>\n<link rel=\"canonical\" href=\"https:\/\/centrourbano.com\/revista\/inmobiliario\/demanda-oficinas-84-2025-cbre\/\" \/>\n<meta property=\"og:locale\" content=\"es_ES\" \/>\n<meta property=\"og:type\" content=\"article\" \/>\n<meta property=\"og:title\" content=\"Demanda de oficinas en CDMX crece 84% en 2025: CBRE\" \/>\n<meta property=\"og:description\" content=\"Las oficinas de CDMX muestran una recuperaci\u00f3n sostenida impulsada por la reactivaci\u00f3n econ\u00f3mica y la consolidaci\u00f3n del modelo h\u00edbrido\" \/>\n<meta property=\"og:url\" content=\"https:\/\/centrourbano.com\/revista\/inmobiliario\/demanda-oficinas-84-2025-cbre\/\" \/>\n<meta property=\"og:site_name\" content=\"Centro Urbano\" \/>\n<meta property=\"article:publisher\" content=\"https:\/\/www.facebook.com\/portalcentrourbano\" \/>\n<meta property=\"article:published_time\" content=\"2025-10-15T22:32:22+00:00\" \/>\n<meta property=\"og:image\" content=\"https:\/\/centrourbano.com\/revista\/wp-content\/uploads\/Demanda-de-oficinas-en-CDMX-crece-84_-en-2025-CBRE.jpg\" \/>\n\t<meta property=\"og:image:width\" content=\"735\" \/>\n\t<meta property=\"og:image:height\" content=\"735\" \/>\n\t<meta property=\"og:image:type\" content=\"image\/jpeg\" \/>\n<meta name=\"author\" content=\"Redacci\u00f3n Centro Urbano\" \/>\n<meta name=\"twitter:card\" content=\"summary_large_image\" \/>\n<meta name=\"twitter:creator\" content=\"@CentroUrbano\" \/>\n<meta name=\"twitter:site\" content=\"@CentroUrbano\" \/>\n<meta name=\"twitter:label1\" content=\"Escrito por\" \/>\n\t<meta name=\"twitter:data1\" content=\"Redacci\u00f3n Centro Urbano\" \/>\n\t<meta name=\"twitter:label2\" content=\"Tiempo de lectura\" \/>\n\t<meta name=\"twitter:data2\" content=\"3 minutos\" \/>\n<script type=\"application\/ld+json\" class=\"yoast-schema-graph\">{\"@context\":\"https:\\\/\\\/schema.org\",\"@graph\":[{\"@type\":\"Article\",\"@id\":\"https:\\\/\\\/centrourbano.com\\\/revista\\\/inmobiliario\\\/demanda-oficinas-84-2025-cbre\\\/#article\",\"isPartOf\":{\"@id\":\"https:\\\/\\\/centrourbano.com\\\/revista\\\/inmobiliario\\\/demanda-oficinas-84-2025-cbre\\\/\"},\"author\":{\"name\":\"Redacci\u00f3n Centro Urbano\",\"@id\":\"https:\\\/\\\/centrourbano.com\\\/revista\\\/#\\\/schema\\\/person\\\/680e7c50f9d6e917e416c9efdc26f996\"},\"headline\":\"Demanda de oficinas en CDMX crece 84% en 2025: CBRE\",\"datePublished\":\"2025-10-15T22:32:22+00:00\",\"mainEntityOfPage\":{\"@id\":\"https:\\\/\\\/centrourbano.com\\\/revista\\\/inmobiliario\\\/demanda-oficinas-84-2025-cbre\\\/\"},\"wordCount\":573,\"commentCount\":0,\"publisher\":{\"@id\":\"https:\\\/\\\/centrourbano.com\\\/revista\\\/#organization\"},\"image\":{\"@id\":\"https:\\\/\\\/centrourbano.com\\\/revista\\\/inmobiliario\\\/demanda-oficinas-84-2025-cbre\\\/#primaryimage\"},\"thumbnailUrl\":\"https:\\\/\\\/centrourbano.com\\\/revista\\\/wp-content\\\/uploads\\\/Demanda-de-oficinas-en-CDMX-crece-84_-en-2025-CBRE.jpg\",\"keywords\":[\"Absorci\u00f3n\",\"CBRE\",\"CDMX\",\"Inventario\",\"oficinas\",\"vacancia\"],\"articleSection\":[\"Inmobiliario\"],\"inLanguage\":\"es\",\"potentialAction\":[{\"@type\":\"CommentAction\",\"name\":\"Comment\",\"target\":[\"https:\\\/\\\/centrourbano.com\\\/revista\\\/inmobiliario\\\/demanda-oficinas-84-2025-cbre\\\/#respond\"]}]},{\"@type\":\"WebPage\",\"@id\":\"https:\\\/\\\/centrourbano.com\\\/revista\\\/inmobiliario\\\/demanda-oficinas-84-2025-cbre\\\/\",\"url\":\"https:\\\/\\\/centrourbano.com\\\/revista\\\/inmobiliario\\\/demanda-oficinas-84-2025-cbre\\\/\",\"name\":\"Demanda de oficinas en CDMX crece 84% en 2025: CBRE\",\"isPartOf\":{\"@id\":\"https:\\\/\\\/centrourbano.com\\\/revista\\\/#website\"},\"primaryImageOfPage\":{\"@id\":\"https:\\\/\\\/centrourbano.com\\\/revista\\\/inmobiliario\\\/demanda-oficinas-84-2025-cbre\\\/#primaryimage\"},\"image\":{\"@id\":\"https:\\\/\\\/centrourbano.com\\\/revista\\\/inmobiliario\\\/demanda-oficinas-84-2025-cbre\\\/#primaryimage\"},\"thumbnailUrl\":\"https:\\\/\\\/centrourbano.com\\\/revista\\\/wp-content\\\/uploads\\\/Demanda-de-oficinas-en-CDMX-crece-84_-en-2025-CBRE.jpg\",\"datePublished\":\"2025-10-15T22:32:22+00:00\",\"description\":\"Las oficinas de CDMX muestran una recuperaci\u00f3n sostenida impulsada por la reactivaci\u00f3n econ\u00f3mica y la consolidaci\u00f3n del modelo h\u00edbrido\",\"breadcrumb\":{\"@id\":\"https:\\\/\\\/centrourbano.com\\\/revista\\\/inmobiliario\\\/demanda-oficinas-84-2025-cbre\\\/#breadcrumb\"},\"inLanguage\":\"es\",\"potentialAction\":[{\"@type\":\"ReadAction\",\"target\":[\"https:\\\/\\\/centrourbano.com\\\/revista\\\/inmobiliario\\\/demanda-oficinas-84-2025-cbre\\\/\"]}]},{\"@type\":\"ImageObject\",\"inLanguage\":\"es\",\"@id\":\"https:\\\/\\\/centrourbano.com\\\/revista\\\/inmobiliario\\\/demanda-oficinas-84-2025-cbre\\\/#primaryimage\",\"url\":\"https:\\\/\\\/centrourbano.com\\\/revista\\\/wp-content\\\/uploads\\\/Demanda-de-oficinas-en-CDMX-crece-84_-en-2025-CBRE.jpg\",\"contentUrl\":\"https:\\\/\\\/centrourbano.com\\\/revista\\\/wp-content\\\/uploads\\\/Demanda-de-oficinas-en-CDMX-crece-84_-en-2025-CBRE.jpg\",\"width\":735,\"height\":735,\"caption\":\"El mercado de oficinas de CDMX muestra una recuperaci\u00f3n sostenida impulsada por la reactivaci\u00f3n econ\u00f3mica y la consolidaci\u00f3n del modelo h\u00edbrido\"},{\"@type\":\"BreadcrumbList\",\"@id\":\"https:\\\/\\\/centrourbano.com\\\/revista\\\/inmobiliario\\\/demanda-oficinas-84-2025-cbre\\\/#breadcrumb\",\"itemListElement\":[{\"@type\":\"ListItem\",\"position\":1,\"name\":\"Portada\",\"item\":\"https:\\\/\\\/centrourbano.com\\\/revista\\\/\"},{\"@type\":\"ListItem\",\"position\":2,\"name\":\"Demanda de oficinas en CDMX crece 84% en 2025: CBRE\"}]},{\"@type\":\"WebSite\",\"@id\":\"https:\\\/\\\/centrourbano.com\\\/revista\\\/#website\",\"url\":\"https:\\\/\\\/centrourbano.com\\\/revista\\\/\",\"name\":\"Centro Urbano\",\"description\":\"Medio especializado en los sectores vivienda, inmobiliario, construcci\u00f3n, arquitectura y urbanismo.\",\"publisher\":{\"@id\":\"https:\\\/\\\/centrourbano.com\\\/revista\\\/#organization\"},\"potentialAction\":[{\"@type\":\"SearchAction\",\"target\":{\"@type\":\"EntryPoint\",\"urlTemplate\":\"https:\\\/\\\/centrourbano.com\\\/revista\\\/?s={search_term_string}\"},\"query-input\":{\"@type\":\"PropertyValueSpecification\",\"valueRequired\":true,\"valueName\":\"search_term_string\"}}],\"inLanguage\":\"es\"},{\"@type\":\"Organization\",\"@id\":\"https:\\\/\\\/centrourbano.com\\\/revista\\\/#organization\",\"name\":\"Centro Urbano\",\"url\":\"https:\\\/\\\/centrourbano.com\\\/revista\\\/\",\"logo\":{\"@type\":\"ImageObject\",\"inLanguage\":\"es\",\"@id\":\"https:\\\/\\\/centrourbano.com\\\/revista\\\/#\\\/schema\\\/logo\\\/image\\\/\",\"url\":\"https:\\\/\\\/centrourbano.com\\\/revista\\\/wp-content\\\/uploads\\\/web_CU_logo-1.png\",\"contentUrl\":\"https:\\\/\\\/centrourbano.com\\\/revista\\\/wp-content\\\/uploads\\\/web_CU_logo-1.png\",\"width\":350,\"height\":91,\"caption\":\"Centro Urbano\"},\"image\":{\"@id\":\"https:\\\/\\\/centrourbano.com\\\/revista\\\/#\\\/schema\\\/logo\\\/image\\\/\"},\"sameAs\":[\"https:\\\/\\\/www.facebook.com\\\/portalcentrourbano\",\"https:\\\/\\\/x.com\\\/CentroUrbano\",\"https:\\\/\\\/www.instagram.com\\\/centro_urbano\\\/\",\"https:\\\/\\\/www.linkedin.com\\\/company\\\/centro-urbano\\\/\",\"http:\\\/\\\/www.youtube.com\\\/user\\\/portalcentrourbano\"]},{\"@type\":\"Person\",\"@id\":\"https:\\\/\\\/centrourbano.com\\\/revista\\\/#\\\/schema\\\/person\\\/680e7c50f9d6e917e416c9efdc26f996\",\"name\":\"Redacci\u00f3n Centro Urbano\",\"image\":{\"@type\":\"ImageObject\",\"inLanguage\":\"es\",\"@id\":\"https:\\\/\\\/secure.gravatar.com\\\/avatar\\\/15a789f894398c0f311f3a7a2ee28032bbc0483098539da66b6a045aa810bf35?s=96&d=mm&r=g\",\"url\":\"https:\\\/\\\/secure.gravatar.com\\\/avatar\\\/15a789f894398c0f311f3a7a2ee28032bbc0483098539da66b6a045aa810bf35?s=96&d=mm&r=g\",\"contentUrl\":\"https:\\\/\\\/secure.gravatar.com\\\/avatar\\\/15a789f894398c0f311f3a7a2ee28032bbc0483098539da66b6a045aa810bf35?s=96&d=mm&r=g\",\"caption\":\"Redacci\u00f3n Centro Urbano\"},\"url\":\"https:\\\/\\\/centrourbano.com\\\/revista\\\/author\\\/editorial\\\/\"}]}<\/script>\n<!-- \/ Yoast SEO plugin. -->","yoast_head_json":{"title":"Demanda de oficinas en CDMX crece 84% en 2025: CBRE","description":"Las oficinas de CDMX muestran una recuperaci\u00f3n sostenida impulsada por la reactivaci\u00f3n econ\u00f3mica y la consolidaci\u00f3n del modelo h\u00edbrido","robots":{"index":"index","follow":"follow","max-snippet":"max-snippet:-1","max-image-preview":"max-image-preview:large","max-video-preview":"max-video-preview:-1"},"canonical":"https:\/\/centrourbano.com\/revista\/inmobiliario\/demanda-oficinas-84-2025-cbre\/","og_locale":"es_ES","og_type":"article","og_title":"Demanda de oficinas en CDMX crece 84% en 2025: CBRE","og_description":"Las oficinas de CDMX muestran una recuperaci\u00f3n sostenida impulsada por la reactivaci\u00f3n econ\u00f3mica y la consolidaci\u00f3n del modelo h\u00edbrido","og_url":"https:\/\/centrourbano.com\/revista\/inmobiliario\/demanda-oficinas-84-2025-cbre\/","og_site_name":"Centro Urbano","article_publisher":"https:\/\/www.facebook.com\/portalcentrourbano","article_published_time":"2025-10-15T22:32:22+00:00","og_image":[{"width":735,"height":735,"url":"https:\/\/centrourbano.com\/revista\/wp-content\/uploads\/Demanda-de-oficinas-en-CDMX-crece-84_-en-2025-CBRE.jpg","type":"image\/jpeg"}],"author":"Redacci\u00f3n Centro Urbano","twitter_card":"summary_large_image","twitter_creator":"@CentroUrbano","twitter_site":"@CentroUrbano","twitter_misc":{"Escrito por":"Redacci\u00f3n Centro Urbano","Tiempo de lectura":"3 minutos"},"schema":{"@context":"https:\/\/schema.org","@graph":[{"@type":"Article","@id":"https:\/\/centrourbano.com\/revista\/inmobiliario\/demanda-oficinas-84-2025-cbre\/#article","isPartOf":{"@id":"https:\/\/centrourbano.com\/revista\/inmobiliario\/demanda-oficinas-84-2025-cbre\/"},"author":{"name":"Redacci\u00f3n Centro Urbano","@id":"https:\/\/centrourbano.com\/revista\/#\/schema\/person\/680e7c50f9d6e917e416c9efdc26f996"},"headline":"Demanda de oficinas en CDMX crece 84% en 2025: CBRE","datePublished":"2025-10-15T22:32:22+00:00","mainEntityOfPage":{"@id":"https:\/\/centrourbano.com\/revista\/inmobiliario\/demanda-oficinas-84-2025-cbre\/"},"wordCount":573,"commentCount":0,"publisher":{"@id":"https:\/\/centrourbano.com\/revista\/#organization"},"image":{"@id":"https:\/\/centrourbano.com\/revista\/inmobiliario\/demanda-oficinas-84-2025-cbre\/#primaryimage"},"thumbnailUrl":"https:\/\/centrourbano.com\/revista\/wp-content\/uploads\/Demanda-de-oficinas-en-CDMX-crece-84_-en-2025-CBRE.jpg","keywords":["Absorci\u00f3n","CBRE","CDMX","Inventario","oficinas","vacancia"],"articleSection":["Inmobiliario"],"inLanguage":"es","potentialAction":[{"@type":"CommentAction","name":"Comment","target":["https:\/\/centrourbano.com\/revista\/inmobiliario\/demanda-oficinas-84-2025-cbre\/#respond"]}]},{"@type":"WebPage","@id":"https:\/\/centrourbano.com\/revista\/inmobiliario\/demanda-oficinas-84-2025-cbre\/","url":"https:\/\/centrourbano.com\/revista\/inmobiliario\/demanda-oficinas-84-2025-cbre\/","name":"Demanda de oficinas en CDMX crece 84% en 2025: CBRE","isPartOf":{"@id":"https:\/\/centrourbano.com\/revista\/#website"},"primaryImageOfPage":{"@id":"https:\/\/centrourbano.com\/revista\/inmobiliario\/demanda-oficinas-84-2025-cbre\/#primaryimage"},"image":{"@id":"https:\/\/centrourbano.com\/revista\/inmobiliario\/demanda-oficinas-84-2025-cbre\/#primaryimage"},"thumbnailUrl":"https:\/\/centrourbano.com\/revista\/wp-content\/uploads\/Demanda-de-oficinas-en-CDMX-crece-84_-en-2025-CBRE.jpg","datePublished":"2025-10-15T22:32:22+00:00","description":"Las oficinas de CDMX muestran una recuperaci\u00f3n sostenida impulsada por la reactivaci\u00f3n econ\u00f3mica y la consolidaci\u00f3n del modelo h\u00edbrido","breadcrumb":{"@id":"https:\/\/centrourbano.com\/revista\/inmobiliario\/demanda-oficinas-84-2025-cbre\/#breadcrumb"},"inLanguage":"es","potentialAction":[{"@type":"ReadAction","target":["https:\/\/centrourbano.com\/revista\/inmobiliario\/demanda-oficinas-84-2025-cbre\/"]}]},{"@type":"ImageObject","inLanguage":"es","@id":"https:\/\/centrourbano.com\/revista\/inmobiliario\/demanda-oficinas-84-2025-cbre\/#primaryimage","url":"https:\/\/centrourbano.com\/revista\/wp-content\/uploads\/Demanda-de-oficinas-en-CDMX-crece-84_-en-2025-CBRE.jpg","contentUrl":"https:\/\/centrourbano.com\/revista\/wp-content\/uploads\/Demanda-de-oficinas-en-CDMX-crece-84_-en-2025-CBRE.jpg","width":735,"height":735,"caption":"El mercado de oficinas de CDMX muestra una recuperaci\u00f3n sostenida impulsada por la reactivaci\u00f3n econ\u00f3mica y la consolidaci\u00f3n del modelo h\u00edbrido"},{"@type":"BreadcrumbList","@id":"https:\/\/centrourbano.com\/revista\/inmobiliario\/demanda-oficinas-84-2025-cbre\/#breadcrumb","itemListElement":[{"@type":"ListItem","position":1,"name":"Portada","item":"https:\/\/centrourbano.com\/revista\/"},{"@type":"ListItem","position":2,"name":"Demanda de oficinas en CDMX crece 84% en 2025: CBRE"}]},{"@type":"WebSite","@id":"https:\/\/centrourbano.com\/revista\/#website","url":"https:\/\/centrourbano.com\/revista\/","name":"Centro Urbano","description":"Medio especializado en los sectores vivienda, inmobiliario, construcci\u00f3n, arquitectura y urbanismo.","publisher":{"@id":"https:\/\/centrourbano.com\/revista\/#organization"},"potentialAction":[{"@type":"SearchAction","target":{"@type":"EntryPoint","urlTemplate":"https:\/\/centrourbano.com\/revista\/?s={search_term_string}"},"query-input":{"@type":"PropertyValueSpecification","valueRequired":true,"valueName":"search_term_string"}}],"inLanguage":"es"},{"@type":"Organization","@id":"https:\/\/centrourbano.com\/revista\/#organization","name":"Centro Urbano","url":"https:\/\/centrourbano.com\/revista\/","logo":{"@type":"ImageObject","inLanguage":"es","@id":"https:\/\/centrourbano.com\/revista\/#\/schema\/logo\/image\/","url":"https:\/\/centrourbano.com\/revista\/wp-content\/uploads\/web_CU_logo-1.png","contentUrl":"https:\/\/centrourbano.com\/revista\/wp-content\/uploads\/web_CU_logo-1.png","width":350,"height":91,"caption":"Centro Urbano"},"image":{"@id":"https:\/\/centrourbano.com\/revista\/#\/schema\/logo\/image\/"},"sameAs":["https:\/\/www.facebook.com\/portalcentrourbano","https:\/\/x.com\/CentroUrbano","https:\/\/www.instagram.com\/centro_urbano\/","https:\/\/www.linkedin.com\/company\/centro-urbano\/","http:\/\/www.youtube.com\/user\/portalcentrourbano"]},{"@type":"Person","@id":"https:\/\/centrourbano.com\/revista\/#\/schema\/person\/680e7c50f9d6e917e416c9efdc26f996","name":"Redacci\u00f3n Centro Urbano","image":{"@type":"ImageObject","inLanguage":"es","@id":"https:\/\/secure.gravatar.com\/avatar\/15a789f894398c0f311f3a7a2ee28032bbc0483098539da66b6a045aa810bf35?s=96&d=mm&r=g","url":"https:\/\/secure.gravatar.com\/avatar\/15a789f894398c0f311f3a7a2ee28032bbc0483098539da66b6a045aa810bf35?s=96&d=mm&r=g","contentUrl":"https:\/\/secure.gravatar.com\/avatar\/15a789f894398c0f311f3a7a2ee28032bbc0483098539da66b6a045aa810bf35?s=96&d=mm&r=g","caption":"Redacci\u00f3n Centro Urbano"},"url":"https:\/\/centrourbano.com\/revista\/author\/editorial\/"}]}},"_links":{"self":[{"href":"https:\/\/centrourbano.com\/revista\/wp-json\/wp\/v2\/posts\/158199","targetHints":{"allow":["GET"]}}],"collection":[{"href":"https:\/\/centrourbano.com\/revista\/wp-json\/wp\/v2\/posts"}],"about":[{"href":"https:\/\/centrourbano.com\/revista\/wp-json\/wp\/v2\/types\/post"}],"author":[{"embeddable":true,"href":"https:\/\/centrourbano.com\/revista\/wp-json\/wp\/v2\/users\/14"}],"replies":[{"embeddable":true,"href":"https:\/\/centrourbano.com\/revista\/wp-json\/wp\/v2\/comments?post=158199"}],"version-history":[{"count":1,"href":"https:\/\/centrourbano.com\/revista\/wp-json\/wp\/v2\/posts\/158199\/revisions"}],"predecessor-version":[{"id":158201,"href":"https:\/\/centrourbano.com\/revista\/wp-json\/wp\/v2\/posts\/158199\/revisions\/158201"}],"wp:featuredmedia":[{"embeddable":true,"href":"https:\/\/centrourbano.com\/revista\/wp-json\/wp\/v2\/media\/158200"}],"wp:attachment":[{"href":"https:\/\/centrourbano.com\/revista\/wp-json\/wp\/v2\/media?parent=158199"}],"wp:term":[{"taxonomy":"category","embeddable":true,"href":"https:\/\/centrourbano.com\/revista\/wp-json\/wp\/v2\/categories?post=158199"},{"taxonomy":"post_tag","embeddable":true,"href":"https:\/\/centrourbano.com\/revista\/wp-json\/wp\/v2\/tags?post=158199"}],"curies":[{"name":"wp","href":"https:\/\/api.w.org\/{rel}","templated":true}]}}