{"id":15810,"date":"2015-02-26T12:41:06","date_gmt":"2015-02-26T18:41:06","guid":{"rendered":"http:\/\/centrourbano.com\/?p=15810"},"modified":"2015-02-26T12:41:06","modified_gmt":"2015-02-26T18:41:06","slug":"analizaran-desafios-de-metropolis-en-latam","status":"publish","type":"post","link":"https:\/\/centrourbano.com\/revista\/urbanismo\/analizaran-desafios-de-metropolis-en-latam\/","title":{"rendered":"Analizar\u00e1n desaf\u00edos de metr\u00f3polis en Latam"},"content":{"rendered":"<p>&nbsp;<\/p>\n<p><em>Desde 2013 el Foro\u00a0Iberoamericano de\u00a0Ciudades\u00a0propone soluciones para mejorar la calidad de vida de los habitantes <\/em><!--more--><\/p>\n<p>El\u00a0Foro\u00a0Iberoamericano de\u00a0Ciudades\u00a0naci\u00f3 en 2013, ante la necesidad de mejorar el entorno urbano, casi desde sus ra\u00edces, como una forma de mejorar la calidad de vida entre las personas y sus capacidades de desarrollo, y para garantizar a las futuras generaciones un presente en el que no existan las desigualdades que impidan su evoluci\u00f3n como personas; este a\u00f1o corresponder\u00e1 a M\u00e9xico ser la sede.<\/p>\n<p>En la primera edici\u00f3n, celebrada en la\u00a0ciudad\u00a0de Lima, Per\u00fa (dado que se trata de un pa\u00eds en el que 80 por ciento de su poblaci\u00f3n se concentra en las urbes), se debatieron entre empresas espa\u00f1olas y representantes de alcald\u00edas, temas tan importantes como la potabilizaci\u00f3n del agua, su ciclo de integraci\u00f3n en las\u00a0ciudades\u00a0peruanas, el aprovechamiento de la energ\u00eda, la iluminaci\u00f3n y la reordenaci\u00f3n del transporte urbano, entre otros temas.<\/p>\n<p>Del pr\u00f3ximo 11 al 13 de marzo, el\u00a0Foro\u00a0Iberoamericano ofrecer\u00e1 un espacio de encuentro con las\u00a0ciudades\u00a0de M\u00e9xico, para que empresas y profesionales contribuyan al dise\u00f1o y desarrollo de nuevas infraestructuras y servicios, para generar un modelo de\u00a0ciudad\u00a0sostenible, inteligente e inclusivo, dado que 78 por ciento de los mexicanos viven en\u00a0ciudades\u00a0y se trata de la catorceava econom\u00eda del mundo.<\/p>\n<p>Participar\u00e1n la Federaci\u00f3n Nacional de Municipios de M\u00e9xico (Fenam), la Conferencia Nacional de Municipios de M\u00e9xico (Conam), la Embajada de Espa\u00f1a en M\u00e9xico, el Gobierno Federal, entre otros; adem\u00e1s se cuenta con el respaldo de la Secretar\u00eda de Desarrollo Agrario, Territorial y Urbano (Sedatu).<\/p>\n<p>La cede ser\u00e1 la\u00a0ciudad\u00a0Boca del R\u00edo, Veracruz, donde empresas proveedoras de servicios urbanos y expertos en desarrollo urbano, se reunir\u00e1n para conocer la demanda de las ciudades\u00a0mexicanas y, al igual que en la edici\u00f3n de 2013, se discutir\u00e1n temas de importancia como planeaci\u00f3n urbana, transporte y movilidad, financiaci\u00f3n, agua, construcci\u00f3n, infraestructura, nuevas tecnolog\u00edas, residuos, mantenimiento, energ\u00eda, participaci\u00f3n social, seguridad y turismo.<\/p>\n<p>M\u00e9xico no ser\u00e1 el \u00fanico pa\u00eds que albergue al\u00a0Foro\u00a0Iberoamericano en 2015, pues ya se encuentra en proceso de planeaci\u00f3n una edici\u00f3n m\u00e1s en oto\u00f1o, esta vez, en la ciudad\u00a0colombiana de Cali.<\/p>\n","protected":false},"excerpt":{"rendered":"<p>&nbsp; Desde 2013 el Foro\u00a0Iberoamericano de\u00a0Ciudades\u00a0propone soluciones para mejorar la calidad de vida de los habitantes<\/p>\n","protected":false},"author":19,"featured_media":0,"comment_status":"open","ping_status":"closed","sticky":false,"template":"","format":"standard","meta":{"om_disable_all_campaigns":false,"inline_featured_image":false,"_monsterinsights_skip_tracking":false,"_monsterinsights_sitenote_active":false,"_monsterinsights_sitenote_note":"","_monsterinsights_sitenote_category":0,"footnotes":""},"categories":[82],"tags":[1709,3869,358,4346,334,105,6156,70],"class_list":["post-15810","post","type-post","status-publish","format-standard","hentry","category-urbanismo","tag-1709","tag-boca-del-rio","tag-colombia","tag-foro-iberoamericano-de-ciudades","tag-mexico","tag-sedatu","tag-urbanismo","tag-veracruz"],"yoast_head":"<!-- This site is optimized with the Yoast SEO plugin v27.5 - https:\/\/yoast.com\/product\/yoast-seo-wordpress\/ -->\n<title>Analizar\u00e1n desaf\u00edos de metr\u00f3polis en Latam -<\/title>\n<meta name=\"description\" content=\"&nbsp; Desde 2013 el Foro\u00a0Iberoamericano de\u00a0Ciudades\u00a0propone soluciones para mejorar la calidad de vida de los habitantes El\u00a0Foro\u00a0Iberoamericano\" \/>\n<meta name=\"robots\" content=\"index, follow, max-snippet:-1, max-image-preview:large, max-video-preview:-1\" \/>\n<link rel=\"canonical\" href=\"https:\/\/centrourbano.com\/revista\/urbanismo\/analizaran-desafios-de-metropolis-en-latam\/\" \/>\n<meta property=\"og:locale\" content=\"es_ES\" \/>\n<meta property=\"og:type\" content=\"article\" \/>\n<meta property=\"og:title\" content=\"Analizar\u00e1n desaf\u00edos de metr\u00f3polis en Latam -\" \/>\n<meta property=\"og:description\" content=\"&nbsp; Desde 2013 el Foro\u00a0Iberoamericano de\u00a0Ciudades\u00a0propone soluciones para mejorar la calidad de vida de los habitantes El\u00a0Foro\u00a0Iberoamericano\" \/>\n<meta property=\"og:url\" content=\"https:\/\/centrourbano.com\/revista\/urbanismo\/analizaran-desafios-de-metropolis-en-latam\/\" \/>\n<meta property=\"og:site_name\" content=\"Centro Urbano\" \/>\n<meta property=\"article:publisher\" content=\"https:\/\/www.facebook.com\/portalcentrourbano\" \/>\n<meta property=\"article:published_time\" content=\"2015-02-26T18:41:06+00:00\" \/>\n<meta property=\"og:image\" content=\"https:\/\/centrourbano.com\/revista\/wp-content\/uploads\/CU-logo.png\" \/>\n\t<meta property=\"og:image:width\" content=\"350\" \/>\n\t<meta property=\"og:image:height\" content=\"91\" \/>\n\t<meta property=\"og:image:type\" content=\"image\/png\" \/>\n<meta name=\"author\" content=\"Sofia Osorio\" \/>\n<meta name=\"twitter:card\" content=\"summary_large_image\" \/>\n<meta name=\"twitter:creator\" content=\"@CentroUrbano\" \/>\n<meta name=\"twitter:site\" content=\"@CentroUrbano\" \/>\n<meta name=\"twitter:label1\" content=\"Escrito por\" \/>\n\t<meta name=\"twitter:data1\" content=\"Sofia Osorio\" \/>\n\t<meta name=\"twitter:label2\" content=\"Tiempo de lectura\" \/>\n\t<meta name=\"twitter:data2\" content=\"2 minutos\" \/>\n<script type=\"application\/ld+json\" class=\"yoast-schema-graph\">{\"@context\":\"https:\\\/\\\/schema.org\",\"@graph\":[{\"@type\":\"Article\",\"@id\":\"https:\\\/\\\/centrourbano.com\\\/revista\\\/urbanismo\\\/analizaran-desafios-de-metropolis-en-latam\\\/#article\",\"isPartOf\":{\"@id\":\"https:\\\/\\\/centrourbano.com\\\/revista\\\/urbanismo\\\/analizaran-desafios-de-metropolis-en-latam\\\/\"},\"author\":{\"name\":\"Sofia Osorio\",\"@id\":\"https:\\\/\\\/centrourbano.com\\\/revista\\\/#\\\/schema\\\/person\\\/e3142244139c9fbcfb78e51eec6b37ce\"},\"headline\":\"Analizar\u00e1n desaf\u00edos de metr\u00f3polis en Latam\",\"datePublished\":\"2015-02-26T18:41:06+00:00\",\"mainEntityOfPage\":{\"@id\":\"https:\\\/\\\/centrourbano.com\\\/revista\\\/urbanismo\\\/analizaran-desafios-de-metropolis-en-latam\\\/\"},\"wordCount\":409,\"commentCount\":0,\"publisher\":{\"@id\":\"https:\\\/\\\/centrourbano.com\\\/revista\\\/#organization\"},\"keywords\":[\"2015\",\"Boca del R\u00edo\",\"Colombia\",\"Foro Iberoamericano de Ciudades\",\"M\u00e9xico\",\"Sedatu\",\"Urbanismo\",\"Veracruz\"],\"articleSection\":[\"Urbanismo\"],\"inLanguage\":\"es\",\"potentialAction\":[{\"@type\":\"CommentAction\",\"name\":\"Comment\",\"target\":[\"https:\\\/\\\/centrourbano.com\\\/revista\\\/urbanismo\\\/analizaran-desafios-de-metropolis-en-latam\\\/#respond\"]}]},{\"@type\":\"WebPage\",\"@id\":\"https:\\\/\\\/centrourbano.com\\\/revista\\\/urbanismo\\\/analizaran-desafios-de-metropolis-en-latam\\\/\",\"url\":\"https:\\\/\\\/centrourbano.com\\\/revista\\\/urbanismo\\\/analizaran-desafios-de-metropolis-en-latam\\\/\",\"name\":\"Analizar\u00e1n desaf\u00edos de metr\u00f3polis en Latam -\",\"isPartOf\":{\"@id\":\"https:\\\/\\\/centrourbano.com\\\/revista\\\/#website\"},\"datePublished\":\"2015-02-26T18:41:06+00:00\",\"description\":\"&nbsp; Desde 2013 el Foro\u00a0Iberoamericano de\u00a0Ciudades\u00a0propone soluciones para mejorar la calidad de vida de los habitantes El\u00a0Foro\u00a0Iberoamericano\",\"breadcrumb\":{\"@id\":\"https:\\\/\\\/centrourbano.com\\\/revista\\\/urbanismo\\\/analizaran-desafios-de-metropolis-en-latam\\\/#breadcrumb\"},\"inLanguage\":\"es\",\"potentialAction\":[{\"@type\":\"ReadAction\",\"target\":[\"https:\\\/\\\/centrourbano.com\\\/revista\\\/urbanismo\\\/analizaran-desafios-de-metropolis-en-latam\\\/\"]}]},{\"@type\":\"BreadcrumbList\",\"@id\":\"https:\\\/\\\/centrourbano.com\\\/revista\\\/urbanismo\\\/analizaran-desafios-de-metropolis-en-latam\\\/#breadcrumb\",\"itemListElement\":[{\"@type\":\"ListItem\",\"position\":1,\"name\":\"Portada\",\"item\":\"https:\\\/\\\/centrourbano.com\\\/revista\\\/\"},{\"@type\":\"ListItem\",\"position\":2,\"name\":\"Analizar\u00e1n desaf\u00edos de metr\u00f3polis en Latam\"}]},{\"@type\":\"WebSite\",\"@id\":\"https:\\\/\\\/centrourbano.com\\\/revista\\\/#website\",\"url\":\"https:\\\/\\\/centrourbano.com\\\/revista\\\/\",\"name\":\"Centro Urbano\",\"description\":\"Medio especializado en los sectores vivienda, inmobiliario, construcci\u00f3n, arquitectura y urbanismo.\",\"publisher\":{\"@id\":\"https:\\\/\\\/centrourbano.com\\\/revista\\\/#organization\"},\"potentialAction\":[{\"@type\":\"SearchAction\",\"target\":{\"@type\":\"EntryPoint\",\"urlTemplate\":\"https:\\\/\\\/centrourbano.com\\\/revista\\\/?s={search_term_string}\"},\"query-input\":{\"@type\":\"PropertyValueSpecification\",\"valueRequired\":true,\"valueName\":\"search_term_string\"}}],\"inLanguage\":\"es\"},{\"@type\":\"Organization\",\"@id\":\"https:\\\/\\\/centrourbano.com\\\/revista\\\/#organization\",\"name\":\"Centro Urbano\",\"url\":\"https:\\\/\\\/centrourbano.com\\\/revista\\\/\",\"logo\":{\"@type\":\"ImageObject\",\"inLanguage\":\"es\",\"@id\":\"https:\\\/\\\/centrourbano.com\\\/revista\\\/#\\\/schema\\\/logo\\\/image\\\/\",\"url\":\"https:\\\/\\\/centrourbano.com\\\/revista\\\/wp-content\\\/uploads\\\/web_CU_logo-1.png\",\"contentUrl\":\"https:\\\/\\\/centrourbano.com\\\/revista\\\/wp-content\\\/uploads\\\/web_CU_logo-1.png\",\"width\":350,\"height\":91,\"caption\":\"Centro Urbano\"},\"image\":{\"@id\":\"https:\\\/\\\/centrourbano.com\\\/revista\\\/#\\\/schema\\\/logo\\\/image\\\/\"},\"sameAs\":[\"https:\\\/\\\/www.facebook.com\\\/portalcentrourbano\",\"https:\\\/\\\/x.com\\\/CentroUrbano\",\"https:\\\/\\\/www.instagram.com\\\/centro_urbano\\\/\",\"https:\\\/\\\/www.linkedin.com\\\/company\\\/centro-urbano\\\/\",\"http:\\\/\\\/www.youtube.com\\\/user\\\/portalcentrourbano\"]},{\"@type\":\"Person\",\"@id\":\"https:\\\/\\\/centrourbano.com\\\/revista\\\/#\\\/schema\\\/person\\\/e3142244139c9fbcfb78e51eec6b37ce\",\"name\":\"Sofia Osorio\",\"image\":{\"@type\":\"ImageObject\",\"inLanguage\":\"es\",\"@id\":\"https:\\\/\\\/secure.gravatar.com\\\/avatar\\\/540346885009217f50383aeae8f93738fea6ce04c37c93d6be2d0515d1be354c?s=96&d=mm&r=g\",\"url\":\"https:\\\/\\\/secure.gravatar.com\\\/avatar\\\/540346885009217f50383aeae8f93738fea6ce04c37c93d6be2d0515d1be354c?s=96&d=mm&r=g\",\"contentUrl\":\"https:\\\/\\\/secure.gravatar.com\\\/avatar\\\/540346885009217f50383aeae8f93738fea6ce04c37c93d6be2d0515d1be354c?s=96&d=mm&r=g\",\"caption\":\"Sofia Osorio\"},\"description\":\"Egresada de la Facultad de Estudios Superiores Arag\u00f3n. Comunicaci\u00f3n y Periodismo. Loca y feliz. Suele re\u00edrse de todo, dormir en el transporte p\u00fablico y terminar corriendo para llegar a cualquier lugar. Cantante de regadera, bailarina frustrada y chiva de coraz\u00f3n, apasionada por lo que hay que hacer. Enojona, gritona y medio amable con la gente. Su primera oportunidad laboral la tuvo como becaria en la revista Klika y fungi\u00f3 como community manager en Grupo Radio Centro. Actualmente explora nuevos campos del periodismo en Centro Urbano.\",\"url\":\"https:\\\/\\\/centrourbano.com\\\/revista\\\/author\\\/sofia-osorio\\\/\"}]}<\/script>\n<!-- \/ Yoast SEO plugin. -->","yoast_head_json":{"title":"Analizar\u00e1n desaf\u00edos de metr\u00f3polis en Latam -","description":"&nbsp; Desde 2013 el Foro\u00a0Iberoamericano de\u00a0Ciudades\u00a0propone soluciones para mejorar la calidad de vida de los habitantes El\u00a0Foro\u00a0Iberoamericano","robots":{"index":"index","follow":"follow","max-snippet":"max-snippet:-1","max-image-preview":"max-image-preview:large","max-video-preview":"max-video-preview:-1"},"canonical":"https:\/\/centrourbano.com\/revista\/urbanismo\/analizaran-desafios-de-metropolis-en-latam\/","og_locale":"es_ES","og_type":"article","og_title":"Analizar\u00e1n desaf\u00edos de metr\u00f3polis en Latam -","og_description":"&nbsp; Desde 2013 el Foro\u00a0Iberoamericano de\u00a0Ciudades\u00a0propone soluciones para mejorar la calidad de vida de los habitantes El\u00a0Foro\u00a0Iberoamericano","og_url":"https:\/\/centrourbano.com\/revista\/urbanismo\/analizaran-desafios-de-metropolis-en-latam\/","og_site_name":"Centro Urbano","article_publisher":"https:\/\/www.facebook.com\/portalcentrourbano","article_published_time":"2015-02-26T18:41:06+00:00","og_image":[{"width":350,"height":91,"url":"https:\/\/centrourbano.com\/revista\/wp-content\/uploads\/CU-logo.png","type":"image\/png"}],"author":"Sofia Osorio","twitter_card":"summary_large_image","twitter_creator":"@CentroUrbano","twitter_site":"@CentroUrbano","twitter_misc":{"Escrito por":"Sofia Osorio","Tiempo de lectura":"2 minutos"},"schema":{"@context":"https:\/\/schema.org","@graph":[{"@type":"Article","@id":"https:\/\/centrourbano.com\/revista\/urbanismo\/analizaran-desafios-de-metropolis-en-latam\/#article","isPartOf":{"@id":"https:\/\/centrourbano.com\/revista\/urbanismo\/analizaran-desafios-de-metropolis-en-latam\/"},"author":{"name":"Sofia Osorio","@id":"https:\/\/centrourbano.com\/revista\/#\/schema\/person\/e3142244139c9fbcfb78e51eec6b37ce"},"headline":"Analizar\u00e1n desaf\u00edos de metr\u00f3polis en Latam","datePublished":"2015-02-26T18:41:06+00:00","mainEntityOfPage":{"@id":"https:\/\/centrourbano.com\/revista\/urbanismo\/analizaran-desafios-de-metropolis-en-latam\/"},"wordCount":409,"commentCount":0,"publisher":{"@id":"https:\/\/centrourbano.com\/revista\/#organization"},"keywords":["2015","Boca del R\u00edo","Colombia","Foro Iberoamericano de Ciudades","M\u00e9xico","Sedatu","Urbanismo","Veracruz"],"articleSection":["Urbanismo"],"inLanguage":"es","potentialAction":[{"@type":"CommentAction","name":"Comment","target":["https:\/\/centrourbano.com\/revista\/urbanismo\/analizaran-desafios-de-metropolis-en-latam\/#respond"]}]},{"@type":"WebPage","@id":"https:\/\/centrourbano.com\/revista\/urbanismo\/analizaran-desafios-de-metropolis-en-latam\/","url":"https:\/\/centrourbano.com\/revista\/urbanismo\/analizaran-desafios-de-metropolis-en-latam\/","name":"Analizar\u00e1n desaf\u00edos de metr\u00f3polis en Latam -","isPartOf":{"@id":"https:\/\/centrourbano.com\/revista\/#website"},"datePublished":"2015-02-26T18:41:06+00:00","description":"&nbsp; Desde 2013 el Foro\u00a0Iberoamericano de\u00a0Ciudades\u00a0propone soluciones para mejorar la calidad de vida de los habitantes El\u00a0Foro\u00a0Iberoamericano","breadcrumb":{"@id":"https:\/\/centrourbano.com\/revista\/urbanismo\/analizaran-desafios-de-metropolis-en-latam\/#breadcrumb"},"inLanguage":"es","potentialAction":[{"@type":"ReadAction","target":["https:\/\/centrourbano.com\/revista\/urbanismo\/analizaran-desafios-de-metropolis-en-latam\/"]}]},{"@type":"BreadcrumbList","@id":"https:\/\/centrourbano.com\/revista\/urbanismo\/analizaran-desafios-de-metropolis-en-latam\/#breadcrumb","itemListElement":[{"@type":"ListItem","position":1,"name":"Portada","item":"https:\/\/centrourbano.com\/revista\/"},{"@type":"ListItem","position":2,"name":"Analizar\u00e1n desaf\u00edos de metr\u00f3polis en Latam"}]},{"@type":"WebSite","@id":"https:\/\/centrourbano.com\/revista\/#website","url":"https:\/\/centrourbano.com\/revista\/","name":"Centro Urbano","description":"Medio especializado en los sectores vivienda, inmobiliario, construcci\u00f3n, arquitectura y urbanismo.","publisher":{"@id":"https:\/\/centrourbano.com\/revista\/#organization"},"potentialAction":[{"@type":"SearchAction","target":{"@type":"EntryPoint","urlTemplate":"https:\/\/centrourbano.com\/revista\/?s={search_term_string}"},"query-input":{"@type":"PropertyValueSpecification","valueRequired":true,"valueName":"search_term_string"}}],"inLanguage":"es"},{"@type":"Organization","@id":"https:\/\/centrourbano.com\/revista\/#organization","name":"Centro Urbano","url":"https:\/\/centrourbano.com\/revista\/","logo":{"@type":"ImageObject","inLanguage":"es","@id":"https:\/\/centrourbano.com\/revista\/#\/schema\/logo\/image\/","url":"https:\/\/centrourbano.com\/revista\/wp-content\/uploads\/web_CU_logo-1.png","contentUrl":"https:\/\/centrourbano.com\/revista\/wp-content\/uploads\/web_CU_logo-1.png","width":350,"height":91,"caption":"Centro Urbano"},"image":{"@id":"https:\/\/centrourbano.com\/revista\/#\/schema\/logo\/image\/"},"sameAs":["https:\/\/www.facebook.com\/portalcentrourbano","https:\/\/x.com\/CentroUrbano","https:\/\/www.instagram.com\/centro_urbano\/","https:\/\/www.linkedin.com\/company\/centro-urbano\/","http:\/\/www.youtube.com\/user\/portalcentrourbano"]},{"@type":"Person","@id":"https:\/\/centrourbano.com\/revista\/#\/schema\/person\/e3142244139c9fbcfb78e51eec6b37ce","name":"Sofia Osorio","image":{"@type":"ImageObject","inLanguage":"es","@id":"https:\/\/secure.gravatar.com\/avatar\/540346885009217f50383aeae8f93738fea6ce04c37c93d6be2d0515d1be354c?s=96&d=mm&r=g","url":"https:\/\/secure.gravatar.com\/avatar\/540346885009217f50383aeae8f93738fea6ce04c37c93d6be2d0515d1be354c?s=96&d=mm&r=g","contentUrl":"https:\/\/secure.gravatar.com\/avatar\/540346885009217f50383aeae8f93738fea6ce04c37c93d6be2d0515d1be354c?s=96&d=mm&r=g","caption":"Sofia Osorio"},"description":"Egresada de la Facultad de Estudios Superiores Arag\u00f3n. Comunicaci\u00f3n y Periodismo. Loca y feliz. Suele re\u00edrse de todo, dormir en el transporte p\u00fablico y terminar corriendo para llegar a cualquier lugar. Cantante de regadera, bailarina frustrada y chiva de coraz\u00f3n, apasionada por lo que hay que hacer. Enojona, gritona y medio amable con la gente. Su primera oportunidad laboral la tuvo como becaria en la revista Klika y fungi\u00f3 como community manager en Grupo Radio Centro. Actualmente explora nuevos campos del periodismo en Centro Urbano.","url":"https:\/\/centrourbano.com\/revista\/author\/sofia-osorio\/"}]}},"_links":{"self":[{"href":"https:\/\/centrourbano.com\/revista\/wp-json\/wp\/v2\/posts\/15810","targetHints":{"allow":["GET"]}}],"collection":[{"href":"https:\/\/centrourbano.com\/revista\/wp-json\/wp\/v2\/posts"}],"about":[{"href":"https:\/\/centrourbano.com\/revista\/wp-json\/wp\/v2\/types\/post"}],"author":[{"embeddable":true,"href":"https:\/\/centrourbano.com\/revista\/wp-json\/wp\/v2\/users\/19"}],"replies":[{"embeddable":true,"href":"https:\/\/centrourbano.com\/revista\/wp-json\/wp\/v2\/comments?post=15810"}],"version-history":[{"count":0,"href":"https:\/\/centrourbano.com\/revista\/wp-json\/wp\/v2\/posts\/15810\/revisions"}],"wp:attachment":[{"href":"https:\/\/centrourbano.com\/revista\/wp-json\/wp\/v2\/media?parent=15810"}],"wp:term":[{"taxonomy":"category","embeddable":true,"href":"https:\/\/centrourbano.com\/revista\/wp-json\/wp\/v2\/categories?post=15810"},{"taxonomy":"post_tag","embeddable":true,"href":"https:\/\/centrourbano.com\/revista\/wp-json\/wp\/v2\/tags?post=15810"}],"curies":[{"name":"wp","href":"https:\/\/api.w.org\/{rel}","templated":true}]}}