{"id":158084,"date":"2025-10-08T13:32:36","date_gmt":"2025-10-08T19:32:36","guid":{"rendered":"https:\/\/centrourbano.com\/revista\/?p=158084"},"modified":"2025-10-08T13:32:36","modified_gmt":"2025-10-08T19:32:36","slug":"inician-pruebas-taruk-camionelectrico-hecho-en-mexico","status":"publish","type":"post","link":"https:\/\/centrourbano.com\/revista\/urbanismo\/inician-pruebas-taruk-camionelectrico-hecho-en-mexico\/","title":{"rendered":"Inician pruebas operativas de Taruk, el cami\u00f3n 100% el\u00e9ctrico hecho en M\u00e9xico"},"content":{"rendered":"<p><em>Rafael Hern\u00e1ndez inform\u00f3 que\u00a0Taruk se incorporar\u00e1 a la red de transporte de Chetumal a inicios de 2026<\/em><!--more--><\/p>\n<p>Mara Lezama Espinosa, gobernadora de <a href=\"https:\/\/centrourbano.com\/revista\/?s=quintana+roo\" target=\"_blank\" rel=\"noopener\">Quintana Roo<\/a>, present\u00f3 el cami\u00f3n <strong>Taruk, un veh\u00edculo 100% el\u00e9ctrico y fabricado en M\u00e9xico<\/strong> que formar\u00e1 parte de la red de transporte p\u00fablico de Chetumal.<\/p>\n<p>Taruk fue dise\u00f1ado, producido y patentado en el pa\u00eds con el respaldo de Megaflux, el Conahcyt y la Facultad de Ingenier\u00eda de la UNAM. Lezama destac\u00f3 que representa un avance en la<strong> soberan\u00eda tecnol\u00f3gica<\/strong>, adem\u00e1s de impulsar la <strong>generaci\u00f3n de empleo para los mexicanos.<\/strong><\/p>\n<p>El cami\u00f3n cuenta con un motor el\u00e9ctrico de 100 kW que le brinda una <strong>autonom\u00eda de hasta 350 kil\u00f3metros, suficiente para cubrir rutas completas<\/strong> sin necesidad de recargas frecuentes y sin generar emisiones contaminantes durante su operaci\u00f3n.<\/p>\n<p>Con una longitud de 9.5 metros y <strong>capacidad para 60 pasajeros<\/strong>, Taruk <strong>ofrece accesibilidad universal<\/strong>, con espacios destinados a personas usuarias de sillas de ruedas.<\/p>\n<p>La gobernadora encabez\u00f3 el inicio de las pruebas operativas del veh\u00edculo. Del 6 al 11 de octubre, las pruebas con usuarios se realizar\u00e1n en las dos rutas piloto: Caribe y Sian Ka\u2019an, integr\u00e1ndose a la operaci\u00f3n diaria del transporte p\u00fablico. Los d\u00edas 10 y 11 de octubre continuar\u00e1n en rutas nuevas, pero sin pasajeros.<\/p>\n<p>Rafael Hern\u00e1ndez Kotasek, director del IMOVEQROO, explic\u00f3 que estas pruebas permitir\u00e1n evaluar el desempe\u00f1o real del autob\u00fas en escenarios cotidianos, considerando su comportamiento operativo, energ\u00e9tico y la experiencia de los usuarios. A\u00f1adi\u00f3 que <strong>Taruk entrar\u00e1 en operaci\u00f3n formal a inicios de 2026. <\/strong><\/p>\n","protected":false},"excerpt":{"rendered":"<p>Rafael Hern\u00e1ndez inform\u00f3 que\u00a0Taruk se incorporar\u00e1 a la red de transporte de Chetumal a inicios de 2026<\/p>\n","protected":false},"author":14,"featured_media":158085,"comment_status":"open","ping_status":"closed","sticky":false,"template":"","format":"standard","meta":{"om_disable_all_campaigns":false,"inline_featured_image":false,"_monsterinsights_skip_tracking":false,"_monsterinsights_sitenote_active":false,"_monsterinsights_sitenote_note":"","_monsterinsights_sitenote_category":0,"footnotes":""},"categories":[82],"tags":[7560,41,25254,20658],"class_list":["post-158084","post","type-post","status-publish","format-standard","has-post-thumbnail","hentry","category-urbanismo","tag-chetumal","tag-quintana-roo","tag-taruk","tag-transporte-electrico"],"yoast_head":"<!-- This site is optimized with the Yoast SEO plugin v27.4 - https:\/\/yoast.com\/product\/yoast-seo-wordpress\/ -->\n<title>Inician pruebas operativas de Taruk, el cami\u00f3n 100% el\u00e9ctrico hecho en M\u00e9xico<\/title>\n<meta name=\"description\" content=\"Rafael Hern\u00e1ndez inform\u00f3 que, al concluir las pruebas operativas,\u00a0Taruk se incorporar\u00e1 a la red de transporte de Chetumal a inicios de 2026\" \/>\n<meta name=\"robots\" content=\"index, follow, max-snippet:-1, max-image-preview:large, max-video-preview:-1\" \/>\n<link rel=\"canonical\" href=\"https:\/\/centrourbano.com\/revista\/urbanismo\/inician-pruebas-taruk-camionelectrico-hecho-en-mexico\/\" \/>\n<meta property=\"og:locale\" content=\"es_ES\" \/>\n<meta property=\"og:type\" content=\"article\" \/>\n<meta property=\"og:title\" content=\"Inician pruebas operativas de Taruk, el cami\u00f3n 100% el\u00e9ctrico hecho en M\u00e9xico\" \/>\n<meta property=\"og:description\" content=\"Rafael Hern\u00e1ndez inform\u00f3 que, al concluir las pruebas operativas,\u00a0Taruk se incorporar\u00e1 a la red de transporte de Chetumal a inicios de 2026\" \/>\n<meta property=\"og:url\" content=\"https:\/\/centrourbano.com\/revista\/urbanismo\/inician-pruebas-taruk-camionelectrico-hecho-en-mexico\/\" \/>\n<meta property=\"og:site_name\" content=\"Centro Urbano\" \/>\n<meta property=\"article:publisher\" content=\"https:\/\/www.facebook.com\/portalcentrourbano\" \/>\n<meta property=\"article:published_time\" content=\"2025-10-08T19:32:36+00:00\" \/>\n<meta property=\"og:image\" content=\"https:\/\/centrourbano.com\/revista\/wp-content\/uploads\/Inician-pruebas-operativas-de-Taruk-el-camion-100-electrico-hecho-en-Mexico.jpg\" \/>\n\t<meta property=\"og:image:width\" content=\"800\" \/>\n\t<meta property=\"og:image:height\" content=\"800\" \/>\n\t<meta property=\"og:image:type\" content=\"image\/jpeg\" \/>\n<meta name=\"author\" content=\"Redacci\u00f3n Centro Urbano\" \/>\n<meta name=\"twitter:card\" content=\"summary_large_image\" \/>\n<meta name=\"twitter:creator\" content=\"@CentroUrbano\" \/>\n<meta name=\"twitter:site\" content=\"@CentroUrbano\" \/>\n<meta name=\"twitter:label1\" content=\"Escrito por\" \/>\n\t<meta name=\"twitter:data1\" content=\"Redacci\u00f3n Centro Urbano\" \/>\n\t<meta name=\"twitter:label2\" content=\"Tiempo de lectura\" \/>\n\t<meta name=\"twitter:data2\" content=\"2 minutos\" \/>\n<script type=\"application\/ld+json\" class=\"yoast-schema-graph\">{\"@context\":\"https:\\\/\\\/schema.org\",\"@graph\":[{\"@type\":\"Article\",\"@id\":\"https:\\\/\\\/centrourbano.com\\\/revista\\\/urbanismo\\\/inician-pruebas-taruk-camionelectrico-hecho-en-mexico\\\/#article\",\"isPartOf\":{\"@id\":\"https:\\\/\\\/centrourbano.com\\\/revista\\\/urbanismo\\\/inician-pruebas-taruk-camionelectrico-hecho-en-mexico\\\/\"},\"author\":{\"name\":\"Redacci\u00f3n Centro Urbano\",\"@id\":\"https:\\\/\\\/centrourbano.com\\\/revista\\\/#\\\/schema\\\/person\\\/680e7c50f9d6e917e416c9efdc26f996\"},\"headline\":\"Inician pruebas operativas de Taruk, el cami\u00f3n 100% el\u00e9ctrico hecho en M\u00e9xico\",\"datePublished\":\"2025-10-08T19:32:36+00:00\",\"mainEntityOfPage\":{\"@id\":\"https:\\\/\\\/centrourbano.com\\\/revista\\\/urbanismo\\\/inician-pruebas-taruk-camionelectrico-hecho-en-mexico\\\/\"},\"wordCount\":286,\"commentCount\":0,\"publisher\":{\"@id\":\"https:\\\/\\\/centrourbano.com\\\/revista\\\/#organization\"},\"image\":{\"@id\":\"https:\\\/\\\/centrourbano.com\\\/revista\\\/urbanismo\\\/inician-pruebas-taruk-camionelectrico-hecho-en-mexico\\\/#primaryimage\"},\"thumbnailUrl\":\"https:\\\/\\\/centrourbano.com\\\/revista\\\/wp-content\\\/uploads\\\/Inician-pruebas-operativas-de-Taruk-el-camion-100-electrico-hecho-en-Mexico.jpg\",\"keywords\":[\"Chetumal\",\"Quintana Roo\",\"Taruk\",\"transporte el\u00e9ctrico\"],\"articleSection\":[\"Urbanismo\"],\"inLanguage\":\"es\",\"potentialAction\":[{\"@type\":\"CommentAction\",\"name\":\"Comment\",\"target\":[\"https:\\\/\\\/centrourbano.com\\\/revista\\\/urbanismo\\\/inician-pruebas-taruk-camionelectrico-hecho-en-mexico\\\/#respond\"]}]},{\"@type\":\"WebPage\",\"@id\":\"https:\\\/\\\/centrourbano.com\\\/revista\\\/urbanismo\\\/inician-pruebas-taruk-camionelectrico-hecho-en-mexico\\\/\",\"url\":\"https:\\\/\\\/centrourbano.com\\\/revista\\\/urbanismo\\\/inician-pruebas-taruk-camionelectrico-hecho-en-mexico\\\/\",\"name\":\"Inician pruebas operativas de Taruk, el cami\u00f3n 100% el\u00e9ctrico hecho en M\u00e9xico\",\"isPartOf\":{\"@id\":\"https:\\\/\\\/centrourbano.com\\\/revista\\\/#website\"},\"primaryImageOfPage\":{\"@id\":\"https:\\\/\\\/centrourbano.com\\\/revista\\\/urbanismo\\\/inician-pruebas-taruk-camionelectrico-hecho-en-mexico\\\/#primaryimage\"},\"image\":{\"@id\":\"https:\\\/\\\/centrourbano.com\\\/revista\\\/urbanismo\\\/inician-pruebas-taruk-camionelectrico-hecho-en-mexico\\\/#primaryimage\"},\"thumbnailUrl\":\"https:\\\/\\\/centrourbano.com\\\/revista\\\/wp-content\\\/uploads\\\/Inician-pruebas-operativas-de-Taruk-el-camion-100-electrico-hecho-en-Mexico.jpg\",\"datePublished\":\"2025-10-08T19:32:36+00:00\",\"description\":\"Rafael Hern\u00e1ndez inform\u00f3 que, al concluir las pruebas operativas,\u00a0Taruk se incorporar\u00e1 a la red de transporte de Chetumal a inicios de 2026\",\"breadcrumb\":{\"@id\":\"https:\\\/\\\/centrourbano.com\\\/revista\\\/urbanismo\\\/inician-pruebas-taruk-camionelectrico-hecho-en-mexico\\\/#breadcrumb\"},\"inLanguage\":\"es\",\"potentialAction\":[{\"@type\":\"ReadAction\",\"target\":[\"https:\\\/\\\/centrourbano.com\\\/revista\\\/urbanismo\\\/inician-pruebas-taruk-camionelectrico-hecho-en-mexico\\\/\"]}]},{\"@type\":\"ImageObject\",\"inLanguage\":\"es\",\"@id\":\"https:\\\/\\\/centrourbano.com\\\/revista\\\/urbanismo\\\/inician-pruebas-taruk-camionelectrico-hecho-en-mexico\\\/#primaryimage\",\"url\":\"https:\\\/\\\/centrourbano.com\\\/revista\\\/wp-content\\\/uploads\\\/Inician-pruebas-operativas-de-Taruk-el-camion-100-electrico-hecho-en-Mexico.jpg\",\"contentUrl\":\"https:\\\/\\\/centrourbano.com\\\/revista\\\/wp-content\\\/uploads\\\/Inician-pruebas-operativas-de-Taruk-el-camion-100-electrico-hecho-en-Mexico.jpg\",\"width\":800,\"height\":800,\"caption\":\"Inician pruebas operativas de Taruk, el cami\u00f3n 100% el\u00e9ctrico hecho en M\u00e9xico\"},{\"@type\":\"BreadcrumbList\",\"@id\":\"https:\\\/\\\/centrourbano.com\\\/revista\\\/urbanismo\\\/inician-pruebas-taruk-camionelectrico-hecho-en-mexico\\\/#breadcrumb\",\"itemListElement\":[{\"@type\":\"ListItem\",\"position\":1,\"name\":\"Portada\",\"item\":\"https:\\\/\\\/centrourbano.com\\\/revista\\\/\"},{\"@type\":\"ListItem\",\"position\":2,\"name\":\"Inician pruebas operativas de Taruk, el cami\u00f3n 100% el\u00e9ctrico hecho en M\u00e9xico\"}]},{\"@type\":\"WebSite\",\"@id\":\"https:\\\/\\\/centrourbano.com\\\/revista\\\/#website\",\"url\":\"https:\\\/\\\/centrourbano.com\\\/revista\\\/\",\"name\":\"Centro Urbano\",\"description\":\"Medio especializado en los sectores vivienda, inmobiliario, construcci\u00f3n, arquitectura y urbanismo.\",\"publisher\":{\"@id\":\"https:\\\/\\\/centrourbano.com\\\/revista\\\/#organization\"},\"potentialAction\":[{\"@type\":\"SearchAction\",\"target\":{\"@type\":\"EntryPoint\",\"urlTemplate\":\"https:\\\/\\\/centrourbano.com\\\/revista\\\/?s={search_term_string}\"},\"query-input\":{\"@type\":\"PropertyValueSpecification\",\"valueRequired\":true,\"valueName\":\"search_term_string\"}}],\"inLanguage\":\"es\"},{\"@type\":\"Organization\",\"@id\":\"https:\\\/\\\/centrourbano.com\\\/revista\\\/#organization\",\"name\":\"Centro Urbano\",\"url\":\"https:\\\/\\\/centrourbano.com\\\/revista\\\/\",\"logo\":{\"@type\":\"ImageObject\",\"inLanguage\":\"es\",\"@id\":\"https:\\\/\\\/centrourbano.com\\\/revista\\\/#\\\/schema\\\/logo\\\/image\\\/\",\"url\":\"https:\\\/\\\/centrourbano.com\\\/revista\\\/wp-content\\\/uploads\\\/web_CU_logo-1.png\",\"contentUrl\":\"https:\\\/\\\/centrourbano.com\\\/revista\\\/wp-content\\\/uploads\\\/web_CU_logo-1.png\",\"width\":350,\"height\":91,\"caption\":\"Centro Urbano\"},\"image\":{\"@id\":\"https:\\\/\\\/centrourbano.com\\\/revista\\\/#\\\/schema\\\/logo\\\/image\\\/\"},\"sameAs\":[\"https:\\\/\\\/www.facebook.com\\\/portalcentrourbano\",\"https:\\\/\\\/x.com\\\/CentroUrbano\",\"https:\\\/\\\/www.instagram.com\\\/centro_urbano\\\/\",\"https:\\\/\\\/www.linkedin.com\\\/company\\\/centro-urbano\\\/\",\"http:\\\/\\\/www.youtube.com\\\/user\\\/portalcentrourbano\"]},{\"@type\":\"Person\",\"@id\":\"https:\\\/\\\/centrourbano.com\\\/revista\\\/#\\\/schema\\\/person\\\/680e7c50f9d6e917e416c9efdc26f996\",\"name\":\"Redacci\u00f3n Centro Urbano\",\"image\":{\"@type\":\"ImageObject\",\"inLanguage\":\"es\",\"@id\":\"https:\\\/\\\/secure.gravatar.com\\\/avatar\\\/15a789f894398c0f311f3a7a2ee28032bbc0483098539da66b6a045aa810bf35?s=96&d=mm&r=g\",\"url\":\"https:\\\/\\\/secure.gravatar.com\\\/avatar\\\/15a789f894398c0f311f3a7a2ee28032bbc0483098539da66b6a045aa810bf35?s=96&d=mm&r=g\",\"contentUrl\":\"https:\\\/\\\/secure.gravatar.com\\\/avatar\\\/15a789f894398c0f311f3a7a2ee28032bbc0483098539da66b6a045aa810bf35?s=96&d=mm&r=g\",\"caption\":\"Redacci\u00f3n Centro Urbano\"},\"url\":\"https:\\\/\\\/centrourbano.com\\\/revista\\\/author\\\/editorial\\\/\"}]}<\/script>\n<!-- \/ Yoast SEO plugin. -->","yoast_head_json":{"title":"Inician pruebas operativas de Taruk, el cami\u00f3n 100% el\u00e9ctrico hecho en M\u00e9xico","description":"Rafael Hern\u00e1ndez inform\u00f3 que, al concluir las pruebas operativas,\u00a0Taruk se incorporar\u00e1 a la red de transporte de Chetumal a inicios de 2026","robots":{"index":"index","follow":"follow","max-snippet":"max-snippet:-1","max-image-preview":"max-image-preview:large","max-video-preview":"max-video-preview:-1"},"canonical":"https:\/\/centrourbano.com\/revista\/urbanismo\/inician-pruebas-taruk-camionelectrico-hecho-en-mexico\/","og_locale":"es_ES","og_type":"article","og_title":"Inician pruebas operativas de Taruk, el cami\u00f3n 100% el\u00e9ctrico hecho en M\u00e9xico","og_description":"Rafael Hern\u00e1ndez inform\u00f3 que, al concluir las pruebas operativas,\u00a0Taruk se incorporar\u00e1 a la red de transporte de Chetumal a inicios de 2026","og_url":"https:\/\/centrourbano.com\/revista\/urbanismo\/inician-pruebas-taruk-camionelectrico-hecho-en-mexico\/","og_site_name":"Centro Urbano","article_publisher":"https:\/\/www.facebook.com\/portalcentrourbano","article_published_time":"2025-10-08T19:32:36+00:00","og_image":[{"width":800,"height":800,"url":"https:\/\/centrourbano.com\/revista\/wp-content\/uploads\/Inician-pruebas-operativas-de-Taruk-el-camion-100-electrico-hecho-en-Mexico.jpg","type":"image\/jpeg"}],"author":"Redacci\u00f3n Centro Urbano","twitter_card":"summary_large_image","twitter_creator":"@CentroUrbano","twitter_site":"@CentroUrbano","twitter_misc":{"Escrito por":"Redacci\u00f3n Centro Urbano","Tiempo de lectura":"2 minutos"},"schema":{"@context":"https:\/\/schema.org","@graph":[{"@type":"Article","@id":"https:\/\/centrourbano.com\/revista\/urbanismo\/inician-pruebas-taruk-camionelectrico-hecho-en-mexico\/#article","isPartOf":{"@id":"https:\/\/centrourbano.com\/revista\/urbanismo\/inician-pruebas-taruk-camionelectrico-hecho-en-mexico\/"},"author":{"name":"Redacci\u00f3n Centro Urbano","@id":"https:\/\/centrourbano.com\/revista\/#\/schema\/person\/680e7c50f9d6e917e416c9efdc26f996"},"headline":"Inician pruebas operativas de Taruk, el cami\u00f3n 100% el\u00e9ctrico hecho en M\u00e9xico","datePublished":"2025-10-08T19:32:36+00:00","mainEntityOfPage":{"@id":"https:\/\/centrourbano.com\/revista\/urbanismo\/inician-pruebas-taruk-camionelectrico-hecho-en-mexico\/"},"wordCount":286,"commentCount":0,"publisher":{"@id":"https:\/\/centrourbano.com\/revista\/#organization"},"image":{"@id":"https:\/\/centrourbano.com\/revista\/urbanismo\/inician-pruebas-taruk-camionelectrico-hecho-en-mexico\/#primaryimage"},"thumbnailUrl":"https:\/\/centrourbano.com\/revista\/wp-content\/uploads\/Inician-pruebas-operativas-de-Taruk-el-camion-100-electrico-hecho-en-Mexico.jpg","keywords":["Chetumal","Quintana Roo","Taruk","transporte el\u00e9ctrico"],"articleSection":["Urbanismo"],"inLanguage":"es","potentialAction":[{"@type":"CommentAction","name":"Comment","target":["https:\/\/centrourbano.com\/revista\/urbanismo\/inician-pruebas-taruk-camionelectrico-hecho-en-mexico\/#respond"]}]},{"@type":"WebPage","@id":"https:\/\/centrourbano.com\/revista\/urbanismo\/inician-pruebas-taruk-camionelectrico-hecho-en-mexico\/","url":"https:\/\/centrourbano.com\/revista\/urbanismo\/inician-pruebas-taruk-camionelectrico-hecho-en-mexico\/","name":"Inician pruebas operativas de Taruk, el cami\u00f3n 100% el\u00e9ctrico hecho en M\u00e9xico","isPartOf":{"@id":"https:\/\/centrourbano.com\/revista\/#website"},"primaryImageOfPage":{"@id":"https:\/\/centrourbano.com\/revista\/urbanismo\/inician-pruebas-taruk-camionelectrico-hecho-en-mexico\/#primaryimage"},"image":{"@id":"https:\/\/centrourbano.com\/revista\/urbanismo\/inician-pruebas-taruk-camionelectrico-hecho-en-mexico\/#primaryimage"},"thumbnailUrl":"https:\/\/centrourbano.com\/revista\/wp-content\/uploads\/Inician-pruebas-operativas-de-Taruk-el-camion-100-electrico-hecho-en-Mexico.jpg","datePublished":"2025-10-08T19:32:36+00:00","description":"Rafael Hern\u00e1ndez inform\u00f3 que, al concluir las pruebas operativas,\u00a0Taruk se incorporar\u00e1 a la red de transporte de Chetumal a inicios de 2026","breadcrumb":{"@id":"https:\/\/centrourbano.com\/revista\/urbanismo\/inician-pruebas-taruk-camionelectrico-hecho-en-mexico\/#breadcrumb"},"inLanguage":"es","potentialAction":[{"@type":"ReadAction","target":["https:\/\/centrourbano.com\/revista\/urbanismo\/inician-pruebas-taruk-camionelectrico-hecho-en-mexico\/"]}]},{"@type":"ImageObject","inLanguage":"es","@id":"https:\/\/centrourbano.com\/revista\/urbanismo\/inician-pruebas-taruk-camionelectrico-hecho-en-mexico\/#primaryimage","url":"https:\/\/centrourbano.com\/revista\/wp-content\/uploads\/Inician-pruebas-operativas-de-Taruk-el-camion-100-electrico-hecho-en-Mexico.jpg","contentUrl":"https:\/\/centrourbano.com\/revista\/wp-content\/uploads\/Inician-pruebas-operativas-de-Taruk-el-camion-100-electrico-hecho-en-Mexico.jpg","width":800,"height":800,"caption":"Inician pruebas operativas de Taruk, el cami\u00f3n 100% el\u00e9ctrico hecho en M\u00e9xico"},{"@type":"BreadcrumbList","@id":"https:\/\/centrourbano.com\/revista\/urbanismo\/inician-pruebas-taruk-camionelectrico-hecho-en-mexico\/#breadcrumb","itemListElement":[{"@type":"ListItem","position":1,"name":"Portada","item":"https:\/\/centrourbano.com\/revista\/"},{"@type":"ListItem","position":2,"name":"Inician pruebas operativas de Taruk, el cami\u00f3n 100% el\u00e9ctrico hecho en M\u00e9xico"}]},{"@type":"WebSite","@id":"https:\/\/centrourbano.com\/revista\/#website","url":"https:\/\/centrourbano.com\/revista\/","name":"Centro Urbano","description":"Medio especializado en los sectores vivienda, inmobiliario, construcci\u00f3n, arquitectura y urbanismo.","publisher":{"@id":"https:\/\/centrourbano.com\/revista\/#organization"},"potentialAction":[{"@type":"SearchAction","target":{"@type":"EntryPoint","urlTemplate":"https:\/\/centrourbano.com\/revista\/?s={search_term_string}"},"query-input":{"@type":"PropertyValueSpecification","valueRequired":true,"valueName":"search_term_string"}}],"inLanguage":"es"},{"@type":"Organization","@id":"https:\/\/centrourbano.com\/revista\/#organization","name":"Centro Urbano","url":"https:\/\/centrourbano.com\/revista\/","logo":{"@type":"ImageObject","inLanguage":"es","@id":"https:\/\/centrourbano.com\/revista\/#\/schema\/logo\/image\/","url":"https:\/\/centrourbano.com\/revista\/wp-content\/uploads\/web_CU_logo-1.png","contentUrl":"https:\/\/centrourbano.com\/revista\/wp-content\/uploads\/web_CU_logo-1.png","width":350,"height":91,"caption":"Centro Urbano"},"image":{"@id":"https:\/\/centrourbano.com\/revista\/#\/schema\/logo\/image\/"},"sameAs":["https:\/\/www.facebook.com\/portalcentrourbano","https:\/\/x.com\/CentroUrbano","https:\/\/www.instagram.com\/centro_urbano\/","https:\/\/www.linkedin.com\/company\/centro-urbano\/","http:\/\/www.youtube.com\/user\/portalcentrourbano"]},{"@type":"Person","@id":"https:\/\/centrourbano.com\/revista\/#\/schema\/person\/680e7c50f9d6e917e416c9efdc26f996","name":"Redacci\u00f3n Centro Urbano","image":{"@type":"ImageObject","inLanguage":"es","@id":"https:\/\/secure.gravatar.com\/avatar\/15a789f894398c0f311f3a7a2ee28032bbc0483098539da66b6a045aa810bf35?s=96&d=mm&r=g","url":"https:\/\/secure.gravatar.com\/avatar\/15a789f894398c0f311f3a7a2ee28032bbc0483098539da66b6a045aa810bf35?s=96&d=mm&r=g","contentUrl":"https:\/\/secure.gravatar.com\/avatar\/15a789f894398c0f311f3a7a2ee28032bbc0483098539da66b6a045aa810bf35?s=96&d=mm&r=g","caption":"Redacci\u00f3n Centro Urbano"},"url":"https:\/\/centrourbano.com\/revista\/author\/editorial\/"}]}},"_links":{"self":[{"href":"https:\/\/centrourbano.com\/revista\/wp-json\/wp\/v2\/posts\/158084","targetHints":{"allow":["GET"]}}],"collection":[{"href":"https:\/\/centrourbano.com\/revista\/wp-json\/wp\/v2\/posts"}],"about":[{"href":"https:\/\/centrourbano.com\/revista\/wp-json\/wp\/v2\/types\/post"}],"author":[{"embeddable":true,"href":"https:\/\/centrourbano.com\/revista\/wp-json\/wp\/v2\/users\/14"}],"replies":[{"embeddable":true,"href":"https:\/\/centrourbano.com\/revista\/wp-json\/wp\/v2\/comments?post=158084"}],"version-history":[{"count":1,"href":"https:\/\/centrourbano.com\/revista\/wp-json\/wp\/v2\/posts\/158084\/revisions"}],"predecessor-version":[{"id":158086,"href":"https:\/\/centrourbano.com\/revista\/wp-json\/wp\/v2\/posts\/158084\/revisions\/158086"}],"wp:featuredmedia":[{"embeddable":true,"href":"https:\/\/centrourbano.com\/revista\/wp-json\/wp\/v2\/media\/158085"}],"wp:attachment":[{"href":"https:\/\/centrourbano.com\/revista\/wp-json\/wp\/v2\/media?parent=158084"}],"wp:term":[{"taxonomy":"category","embeddable":true,"href":"https:\/\/centrourbano.com\/revista\/wp-json\/wp\/v2\/categories?post=158084"},{"taxonomy":"post_tag","embeddable":true,"href":"https:\/\/centrourbano.com\/revista\/wp-json\/wp\/v2\/tags?post=158084"}],"curies":[{"name":"wp","href":"https:\/\/api.w.org\/{rel}","templated":true}]}}