{"id":15773,"date":"2015-02-25T13:29:20","date_gmt":"2015-02-25T19:29:20","guid":{"rendered":"http:\/\/centrourbano.com\/?p=15773"},"modified":"2015-02-25T15:33:23","modified_gmt":"2015-02-25T21:33:23","slug":"desarrollara-fibra-uno-inmuebles-mixtos-en-el-df","status":"publish","type":"post","link":"https:\/\/centrourbano.com\/revista\/inmobiliario\/desarrollara-fibra-uno-inmuebles-mixtos-en-el-df\/","title":{"rendered":"Desarrollar\u00e1 Fibra Uno inmuebles mixtos en el DF"},"content":{"rendered":"<p>&nbsp;<\/p>\n<p><em>El fideicomiso logr\u00f3 la firma de un acuerdo para la compra del proyecto denominado Mitikah por\u00a0185 millones de d\u00f3lares\u00a0<\/em><!--more--><\/p>\n<p>El fideicomiso mexicano especializado en inmuebles comerciales, industriales y de oficinas, Fibra Uno, anunci\u00f3 la firma de un acuerdo para la adquisici\u00f3n del proyecto conocido como Mitikah, que le permitir\u00e1 desarrollar inmuebles de usos mixtos en la ciudad de M\u00e9xico por 185 millones de d\u00f3lares, que ha denominado como portafolio B\u00fafalo.<\/p>\n<p>La firma de este acuerdo se suma a la reciente adquisici\u00f3n del Centro Bancomer, logrando sinergias que resultar\u00e1n en una significativa creaci\u00f3n de valor para el fideicomiso, y que representa uno de los desarrollos m\u00e1s importantes de la capital del pa\u00eds. El acuerdo a\u00fan se encuentra en condiciones suspensivas, pues tiene que esperar la aprobaci\u00f3n por parte de la Comisi\u00f3n Federal de Competencia Econ\u00f3mica (Cofece).<\/p>\n<p>Actualmente Fibra Uno cuenta con 444 propiedades en 31 entidades del pa\u00eds, con un \u00e1rea rentable de aproximadamente 5.9 millones de metros cuadrados, esto aunado a m\u00e1s de tres d\u00e9cadas de experiencia en el mercado inmobiliario.<\/p>\n","protected":false},"excerpt":{"rendered":"<p>&nbsp; El fideicomiso logr\u00f3 la firma de un acuerdo para la compra del proyecto denominado Mitikah por\u00a0185 millones de d\u00f3lares\u00a0<\/p>\n","protected":false},"author":19,"featured_media":0,"comment_status":"open","ping_status":"closed","sticky":false,"template":"","format":"standard","meta":{"om_disable_all_campaigns":false,"inline_featured_image":false,"_monsterinsights_skip_tracking":false,"_monsterinsights_sitenote_active":false,"_monsterinsights_sitenote_note":"","_monsterinsights_sitenote_category":0,"footnotes":""},"categories":[15],"tags":[4477,290,4476,45,4475],"class_list":["post-15773","post","type-post","status-publish","format-standard","hentry","category-inmobiliario","tag-centro-bancomer","tag-ciudad-de-mexico","tag-cofece","tag-fibra-uno","tag-mitikah"],"yoast_head":"<!-- This site is optimized with the Yoast SEO plugin v27.4 - https:\/\/yoast.com\/product\/yoast-seo-wordpress\/ -->\n<title>Desarrollar\u00e1 Fibra Uno inmuebles mixtos en el DF -<\/title>\n<meta name=\"description\" content=\"&nbsp; El fideicomiso logr\u00f3 la firma de un acuerdo para la compra del proyecto denominado Mitikah por\u00a0185 millones de d\u00f3lares\u00a0 El fideicomiso mexicano\" \/>\n<meta name=\"robots\" content=\"index, follow, max-snippet:-1, max-image-preview:large, max-video-preview:-1\" \/>\n<link rel=\"canonical\" href=\"https:\/\/centrourbano.com\/revista\/inmobiliario\/desarrollara-fibra-uno-inmuebles-mixtos-en-el-df\/\" \/>\n<meta property=\"og:locale\" content=\"es_ES\" \/>\n<meta property=\"og:type\" content=\"article\" \/>\n<meta property=\"og:title\" content=\"Desarrollar\u00e1 Fibra Uno inmuebles mixtos en el DF -\" \/>\n<meta property=\"og:description\" content=\"&nbsp; El fideicomiso logr\u00f3 la firma de un acuerdo para la compra del proyecto denominado Mitikah por\u00a0185 millones de d\u00f3lares\u00a0 El fideicomiso mexicano\" \/>\n<meta property=\"og:url\" content=\"https:\/\/centrourbano.com\/revista\/inmobiliario\/desarrollara-fibra-uno-inmuebles-mixtos-en-el-df\/\" \/>\n<meta property=\"og:site_name\" content=\"Centro Urbano\" \/>\n<meta property=\"article:publisher\" content=\"https:\/\/www.facebook.com\/portalcentrourbano\" \/>\n<meta property=\"article:published_time\" content=\"2015-02-25T19:29:20+00:00\" \/>\n<meta property=\"article:modified_time\" content=\"2015-02-25T21:33:23+00:00\" \/>\n<meta property=\"og:image\" content=\"https:\/\/centrourbano.com\/revista\/wp-content\/uploads\/CU-logo.png\" \/>\n\t<meta property=\"og:image:width\" content=\"350\" \/>\n\t<meta property=\"og:image:height\" content=\"91\" \/>\n\t<meta property=\"og:image:type\" content=\"image\/png\" \/>\n<meta name=\"author\" content=\"Sofia Osorio\" \/>\n<meta name=\"twitter:card\" content=\"summary_large_image\" \/>\n<meta name=\"twitter:creator\" content=\"@CentroUrbano\" \/>\n<meta name=\"twitter:site\" content=\"@CentroUrbano\" \/>\n<meta name=\"twitter:label1\" content=\"Escrito por\" \/>\n\t<meta name=\"twitter:data1\" content=\"Sofia Osorio\" \/>\n\t<meta name=\"twitter:label2\" content=\"Tiempo de lectura\" \/>\n\t<meta name=\"twitter:data2\" content=\"1 minuto\" \/>\n<script type=\"application\/ld+json\" class=\"yoast-schema-graph\">{\"@context\":\"https:\\\/\\\/schema.org\",\"@graph\":[{\"@type\":\"Article\",\"@id\":\"https:\\\/\\\/centrourbano.com\\\/revista\\\/inmobiliario\\\/desarrollara-fibra-uno-inmuebles-mixtos-en-el-df\\\/#article\",\"isPartOf\":{\"@id\":\"https:\\\/\\\/centrourbano.com\\\/revista\\\/inmobiliario\\\/desarrollara-fibra-uno-inmuebles-mixtos-en-el-df\\\/\"},\"author\":{\"name\":\"Sofia Osorio\",\"@id\":\"https:\\\/\\\/centrourbano.com\\\/revista\\\/#\\\/schema\\\/person\\\/04f16f4cd5d20c119240fb9164874cec\"},\"headline\":\"Desarrollar\u00e1 Fibra Uno inmuebles mixtos en el DF\",\"datePublished\":\"2015-02-25T19:29:20+00:00\",\"dateModified\":\"2015-02-25T21:33:23+00:00\",\"mainEntityOfPage\":{\"@id\":\"https:\\\/\\\/centrourbano.com\\\/revista\\\/inmobiliario\\\/desarrollara-fibra-uno-inmuebles-mixtos-en-el-df\\\/\"},\"wordCount\":193,\"commentCount\":0,\"publisher\":{\"@id\":\"https:\\\/\\\/centrourbano.com\\\/revista\\\/#organization\"},\"keywords\":[\"Centro Bancomer\",\"ciudad de M\u00e9xico\",\"COFECE\",\"Fibra Uno\",\"Mitikah\"],\"articleSection\":[\"Inmobiliario\"],\"inLanguage\":\"es\",\"potentialAction\":[{\"@type\":\"CommentAction\",\"name\":\"Comment\",\"target\":[\"https:\\\/\\\/centrourbano.com\\\/revista\\\/inmobiliario\\\/desarrollara-fibra-uno-inmuebles-mixtos-en-el-df\\\/#respond\"]}]},{\"@type\":\"WebPage\",\"@id\":\"https:\\\/\\\/centrourbano.com\\\/revista\\\/inmobiliario\\\/desarrollara-fibra-uno-inmuebles-mixtos-en-el-df\\\/\",\"url\":\"https:\\\/\\\/centrourbano.com\\\/revista\\\/inmobiliario\\\/desarrollara-fibra-uno-inmuebles-mixtos-en-el-df\\\/\",\"name\":\"Desarrollar\u00e1 Fibra Uno inmuebles mixtos en el DF -\",\"isPartOf\":{\"@id\":\"https:\\\/\\\/centrourbano.com\\\/revista\\\/#website\"},\"datePublished\":\"2015-02-25T19:29:20+00:00\",\"dateModified\":\"2015-02-25T21:33:23+00:00\",\"description\":\"&nbsp; El fideicomiso logr\u00f3 la firma de un acuerdo para la compra del proyecto denominado Mitikah por\u00a0185 millones de d\u00f3lares\u00a0 El fideicomiso mexicano\",\"breadcrumb\":{\"@id\":\"https:\\\/\\\/centrourbano.com\\\/revista\\\/inmobiliario\\\/desarrollara-fibra-uno-inmuebles-mixtos-en-el-df\\\/#breadcrumb\"},\"inLanguage\":\"es\",\"potentialAction\":[{\"@type\":\"ReadAction\",\"target\":[\"https:\\\/\\\/centrourbano.com\\\/revista\\\/inmobiliario\\\/desarrollara-fibra-uno-inmuebles-mixtos-en-el-df\\\/\"]}]},{\"@type\":\"BreadcrumbList\",\"@id\":\"https:\\\/\\\/centrourbano.com\\\/revista\\\/inmobiliario\\\/desarrollara-fibra-uno-inmuebles-mixtos-en-el-df\\\/#breadcrumb\",\"itemListElement\":[{\"@type\":\"ListItem\",\"position\":1,\"name\":\"Portada\",\"item\":\"https:\\\/\\\/centrourbano.com\\\/revista\\\/\"},{\"@type\":\"ListItem\",\"position\":2,\"name\":\"Desarrollar\u00e1 Fibra Uno inmuebles mixtos en el DF\"}]},{\"@type\":\"WebSite\",\"@id\":\"https:\\\/\\\/centrourbano.com\\\/revista\\\/#website\",\"url\":\"https:\\\/\\\/centrourbano.com\\\/revista\\\/\",\"name\":\"Centro Urbano\",\"description\":\"Medio especializado en los sectores vivienda, inmobiliario, construcci\u00f3n, arquitectura y urbanismo.\",\"publisher\":{\"@id\":\"https:\\\/\\\/centrourbano.com\\\/revista\\\/#organization\"},\"potentialAction\":[{\"@type\":\"SearchAction\",\"target\":{\"@type\":\"EntryPoint\",\"urlTemplate\":\"https:\\\/\\\/centrourbano.com\\\/revista\\\/?s={search_term_string}\"},\"query-input\":{\"@type\":\"PropertyValueSpecification\",\"valueRequired\":true,\"valueName\":\"search_term_string\"}}],\"inLanguage\":\"es\"},{\"@type\":\"Organization\",\"@id\":\"https:\\\/\\\/centrourbano.com\\\/revista\\\/#organization\",\"name\":\"Centro Urbano\",\"url\":\"https:\\\/\\\/centrourbano.com\\\/revista\\\/\",\"logo\":{\"@type\":\"ImageObject\",\"inLanguage\":\"es\",\"@id\":\"https:\\\/\\\/centrourbano.com\\\/revista\\\/#\\\/schema\\\/logo\\\/image\\\/\",\"url\":\"https:\\\/\\\/centrourbano.com\\\/revista\\\/wp-content\\\/uploads\\\/web_CU_logo-1.png\",\"contentUrl\":\"https:\\\/\\\/centrourbano.com\\\/revista\\\/wp-content\\\/uploads\\\/web_CU_logo-1.png\",\"width\":350,\"height\":91,\"caption\":\"Centro Urbano\"},\"image\":{\"@id\":\"https:\\\/\\\/centrourbano.com\\\/revista\\\/#\\\/schema\\\/logo\\\/image\\\/\"},\"sameAs\":[\"https:\\\/\\\/www.facebook.com\\\/portalcentrourbano\",\"https:\\\/\\\/x.com\\\/CentroUrbano\",\"https:\\\/\\\/www.instagram.com\\\/centro_urbano\\\/\",\"https:\\\/\\\/www.linkedin.com\\\/company\\\/centro-urbano\\\/\",\"http:\\\/\\\/www.youtube.com\\\/user\\\/portalcentrourbano\"]},{\"@type\":\"Person\",\"@id\":\"https:\\\/\\\/centrourbano.com\\\/revista\\\/#\\\/schema\\\/person\\\/04f16f4cd5d20c119240fb9164874cec\",\"name\":\"Sofia Osorio\",\"image\":{\"@type\":\"ImageObject\",\"inLanguage\":\"es\",\"@id\":\"https:\\\/\\\/secure.gravatar.com\\\/avatar\\\/540346885009217f50383aeae8f93738fea6ce04c37c93d6be2d0515d1be354c?s=96&d=mm&r=g\",\"url\":\"https:\\\/\\\/secure.gravatar.com\\\/avatar\\\/540346885009217f50383aeae8f93738fea6ce04c37c93d6be2d0515d1be354c?s=96&d=mm&r=g\",\"contentUrl\":\"https:\\\/\\\/secure.gravatar.com\\\/avatar\\\/540346885009217f50383aeae8f93738fea6ce04c37c93d6be2d0515d1be354c?s=96&d=mm&r=g\",\"caption\":\"Sofia Osorio\"},\"description\":\"Egresada de la Facultad de Estudios Superiores Arag\u00f3n. Comunicaci\u00f3n y Periodismo. Loca y feliz. Suele re\u00edrse de todo, dormir en el transporte p\u00fablico y terminar corriendo para llegar a cualquier lugar. Cantante de regadera, bailarina frustrada y chiva de coraz\u00f3n, apasionada por lo que hay que hacer. Enojona, gritona y medio amable con la gente. Su primera oportunidad laboral la tuvo como becaria en la revista Klika y fungi\u00f3 como community manager en Grupo Radio Centro. Actualmente explora nuevos campos del periodismo en Centro Urbano.\",\"url\":\"https:\\\/\\\/centrourbano.com\\\/revista\\\/author\\\/sofia-osorio\\\/\"}]}<\/script>\n<!-- \/ Yoast SEO plugin. -->","yoast_head_json":{"title":"Desarrollar\u00e1 Fibra Uno inmuebles mixtos en el DF -","description":"&nbsp; El fideicomiso logr\u00f3 la firma de un acuerdo para la compra del proyecto denominado Mitikah por\u00a0185 millones de d\u00f3lares\u00a0 El fideicomiso mexicano","robots":{"index":"index","follow":"follow","max-snippet":"max-snippet:-1","max-image-preview":"max-image-preview:large","max-video-preview":"max-video-preview:-1"},"canonical":"https:\/\/centrourbano.com\/revista\/inmobiliario\/desarrollara-fibra-uno-inmuebles-mixtos-en-el-df\/","og_locale":"es_ES","og_type":"article","og_title":"Desarrollar\u00e1 Fibra Uno inmuebles mixtos en el DF -","og_description":"&nbsp; El fideicomiso logr\u00f3 la firma de un acuerdo para la compra del proyecto denominado Mitikah por\u00a0185 millones de d\u00f3lares\u00a0 El fideicomiso mexicano","og_url":"https:\/\/centrourbano.com\/revista\/inmobiliario\/desarrollara-fibra-uno-inmuebles-mixtos-en-el-df\/","og_site_name":"Centro Urbano","article_publisher":"https:\/\/www.facebook.com\/portalcentrourbano","article_published_time":"2015-02-25T19:29:20+00:00","article_modified_time":"2015-02-25T21:33:23+00:00","og_image":[{"width":350,"height":91,"url":"https:\/\/centrourbano.com\/revista\/wp-content\/uploads\/CU-logo.png","type":"image\/png"}],"author":"Sofia Osorio","twitter_card":"summary_large_image","twitter_creator":"@CentroUrbano","twitter_site":"@CentroUrbano","twitter_misc":{"Escrito por":"Sofia Osorio","Tiempo de lectura":"1 minuto"},"schema":{"@context":"https:\/\/schema.org","@graph":[{"@type":"Article","@id":"https:\/\/centrourbano.com\/revista\/inmobiliario\/desarrollara-fibra-uno-inmuebles-mixtos-en-el-df\/#article","isPartOf":{"@id":"https:\/\/centrourbano.com\/revista\/inmobiliario\/desarrollara-fibra-uno-inmuebles-mixtos-en-el-df\/"},"author":{"name":"Sofia Osorio","@id":"https:\/\/centrourbano.com\/revista\/#\/schema\/person\/04f16f4cd5d20c119240fb9164874cec"},"headline":"Desarrollar\u00e1 Fibra Uno inmuebles mixtos en el DF","datePublished":"2015-02-25T19:29:20+00:00","dateModified":"2015-02-25T21:33:23+00:00","mainEntityOfPage":{"@id":"https:\/\/centrourbano.com\/revista\/inmobiliario\/desarrollara-fibra-uno-inmuebles-mixtos-en-el-df\/"},"wordCount":193,"commentCount":0,"publisher":{"@id":"https:\/\/centrourbano.com\/revista\/#organization"},"keywords":["Centro Bancomer","ciudad de M\u00e9xico","COFECE","Fibra Uno","Mitikah"],"articleSection":["Inmobiliario"],"inLanguage":"es","potentialAction":[{"@type":"CommentAction","name":"Comment","target":["https:\/\/centrourbano.com\/revista\/inmobiliario\/desarrollara-fibra-uno-inmuebles-mixtos-en-el-df\/#respond"]}]},{"@type":"WebPage","@id":"https:\/\/centrourbano.com\/revista\/inmobiliario\/desarrollara-fibra-uno-inmuebles-mixtos-en-el-df\/","url":"https:\/\/centrourbano.com\/revista\/inmobiliario\/desarrollara-fibra-uno-inmuebles-mixtos-en-el-df\/","name":"Desarrollar\u00e1 Fibra Uno inmuebles mixtos en el DF -","isPartOf":{"@id":"https:\/\/centrourbano.com\/revista\/#website"},"datePublished":"2015-02-25T19:29:20+00:00","dateModified":"2015-02-25T21:33:23+00:00","description":"&nbsp; El fideicomiso logr\u00f3 la firma de un acuerdo para la compra del proyecto denominado Mitikah por\u00a0185 millones de d\u00f3lares\u00a0 El fideicomiso mexicano","breadcrumb":{"@id":"https:\/\/centrourbano.com\/revista\/inmobiliario\/desarrollara-fibra-uno-inmuebles-mixtos-en-el-df\/#breadcrumb"},"inLanguage":"es","potentialAction":[{"@type":"ReadAction","target":["https:\/\/centrourbano.com\/revista\/inmobiliario\/desarrollara-fibra-uno-inmuebles-mixtos-en-el-df\/"]}]},{"@type":"BreadcrumbList","@id":"https:\/\/centrourbano.com\/revista\/inmobiliario\/desarrollara-fibra-uno-inmuebles-mixtos-en-el-df\/#breadcrumb","itemListElement":[{"@type":"ListItem","position":1,"name":"Portada","item":"https:\/\/centrourbano.com\/revista\/"},{"@type":"ListItem","position":2,"name":"Desarrollar\u00e1 Fibra Uno inmuebles mixtos en el DF"}]},{"@type":"WebSite","@id":"https:\/\/centrourbano.com\/revista\/#website","url":"https:\/\/centrourbano.com\/revista\/","name":"Centro Urbano","description":"Medio especializado en los sectores vivienda, inmobiliario, construcci\u00f3n, arquitectura y urbanismo.","publisher":{"@id":"https:\/\/centrourbano.com\/revista\/#organization"},"potentialAction":[{"@type":"SearchAction","target":{"@type":"EntryPoint","urlTemplate":"https:\/\/centrourbano.com\/revista\/?s={search_term_string}"},"query-input":{"@type":"PropertyValueSpecification","valueRequired":true,"valueName":"search_term_string"}}],"inLanguage":"es"},{"@type":"Organization","@id":"https:\/\/centrourbano.com\/revista\/#organization","name":"Centro Urbano","url":"https:\/\/centrourbano.com\/revista\/","logo":{"@type":"ImageObject","inLanguage":"es","@id":"https:\/\/centrourbano.com\/revista\/#\/schema\/logo\/image\/","url":"https:\/\/centrourbano.com\/revista\/wp-content\/uploads\/web_CU_logo-1.png","contentUrl":"https:\/\/centrourbano.com\/revista\/wp-content\/uploads\/web_CU_logo-1.png","width":350,"height":91,"caption":"Centro Urbano"},"image":{"@id":"https:\/\/centrourbano.com\/revista\/#\/schema\/logo\/image\/"},"sameAs":["https:\/\/www.facebook.com\/portalcentrourbano","https:\/\/x.com\/CentroUrbano","https:\/\/www.instagram.com\/centro_urbano\/","https:\/\/www.linkedin.com\/company\/centro-urbano\/","http:\/\/www.youtube.com\/user\/portalcentrourbano"]},{"@type":"Person","@id":"https:\/\/centrourbano.com\/revista\/#\/schema\/person\/04f16f4cd5d20c119240fb9164874cec","name":"Sofia Osorio","image":{"@type":"ImageObject","inLanguage":"es","@id":"https:\/\/secure.gravatar.com\/avatar\/540346885009217f50383aeae8f93738fea6ce04c37c93d6be2d0515d1be354c?s=96&d=mm&r=g","url":"https:\/\/secure.gravatar.com\/avatar\/540346885009217f50383aeae8f93738fea6ce04c37c93d6be2d0515d1be354c?s=96&d=mm&r=g","contentUrl":"https:\/\/secure.gravatar.com\/avatar\/540346885009217f50383aeae8f93738fea6ce04c37c93d6be2d0515d1be354c?s=96&d=mm&r=g","caption":"Sofia Osorio"},"description":"Egresada de la Facultad de Estudios Superiores Arag\u00f3n. Comunicaci\u00f3n y Periodismo. Loca y feliz. Suele re\u00edrse de todo, dormir en el transporte p\u00fablico y terminar corriendo para llegar a cualquier lugar. Cantante de regadera, bailarina frustrada y chiva de coraz\u00f3n, apasionada por lo que hay que hacer. Enojona, gritona y medio amable con la gente. Su primera oportunidad laboral la tuvo como becaria en la revista Klika y fungi\u00f3 como community manager en Grupo Radio Centro. Actualmente explora nuevos campos del periodismo en Centro Urbano.","url":"https:\/\/centrourbano.com\/revista\/author\/sofia-osorio\/"}]}},"_links":{"self":[{"href":"https:\/\/centrourbano.com\/revista\/wp-json\/wp\/v2\/posts\/15773","targetHints":{"allow":["GET"]}}],"collection":[{"href":"https:\/\/centrourbano.com\/revista\/wp-json\/wp\/v2\/posts"}],"about":[{"href":"https:\/\/centrourbano.com\/revista\/wp-json\/wp\/v2\/types\/post"}],"author":[{"embeddable":true,"href":"https:\/\/centrourbano.com\/revista\/wp-json\/wp\/v2\/users\/19"}],"replies":[{"embeddable":true,"href":"https:\/\/centrourbano.com\/revista\/wp-json\/wp\/v2\/comments?post=15773"}],"version-history":[{"count":0,"href":"https:\/\/centrourbano.com\/revista\/wp-json\/wp\/v2\/posts\/15773\/revisions"}],"wp:attachment":[{"href":"https:\/\/centrourbano.com\/revista\/wp-json\/wp\/v2\/media?parent=15773"}],"wp:term":[{"taxonomy":"category","embeddable":true,"href":"https:\/\/centrourbano.com\/revista\/wp-json\/wp\/v2\/categories?post=15773"},{"taxonomy":"post_tag","embeddable":true,"href":"https:\/\/centrourbano.com\/revista\/wp-json\/wp\/v2\/tags?post=15773"}],"curies":[{"name":"wp","href":"https:\/\/api.w.org\/{rel}","templated":true}]}}