{"id":15640,"date":"2015-02-20T15:29:18","date_gmt":"2015-02-20T21:29:18","guid":{"rendered":"http:\/\/centrourbano.com\/?p=15640"},"modified":"2015-02-23T16:13:10","modified_gmt":"2015-02-23T22:13:10","slug":"que-tan-seguro-esta-tu-carro","status":"publish","type":"post","link":"https:\/\/centrourbano.com\/revista\/opinion\/que-tan-seguro-esta-tu-carro\/","title":{"rendered":"\u00bfTu carro de verdad est\u00e1 seguro?"},"content":{"rendered":"<p>&nbsp;<\/p>\n<p><em>Aunque en el Distrito Federal el robo de veh\u00edculos va a la baja, el Estado de M\u00e9xico se coloca como la entidad con mayor \u00edndice en este delito<\/em><!--more--><\/p>\n<p>El fin de semana tuve la infortuna de ser v\u00edctima de la delincuencia que d\u00eda a d\u00eda da de comer a varios miles en el pa\u00eds, y en menos de 15 segundos me vi parada en una calle del municipio de Ecatepec, viendo como dos sujetos armados se alejaban con el auto de mi suegra (s\u00ed, que pena). Y tras cerca de tres horas en el Ministerio P\u00fablico y escuchar a m\u00e1s o menos cinco personas que pasaron por lo mismo (uno de ellos en la misma calle que a m\u00ed, horas antes), lleg\u00f3 a mi mente la siguiente pregunta: \u00bfQu\u00e9 tan seguido pasa esto?<\/p>\n<p>Pues me top\u00e9 con la noticia de que, el Estado de M\u00e9xico es la entidad que mayor n\u00famero de casos de este tipo registra, y es que solo en 2014, 19 mil 541 unidades fueron robadas, 12% menos que el a\u00f1o anterior; mientras que la ciudad de M\u00e9xico ocupa el segundo lugar con 10 mil 004 unidades, 0.8% menos que el a\u00f1o anterior.<\/p>\n<p>Y las noticias no mejoran. De todos estos miles que se tienen reportados como robados (63 mil 430, para ser exactos) en todo el pa\u00eds, solo 30 mil 478 unidades (48% de los robos) fueron recuperados, 4% menos que el a\u00f1o anterior, lo que se resume en: quiz\u00e1 nunca volvamos a ver aquel Chevy Monza.<\/p>\n<p>Y hablando de marcas y modelos, el Tsuru, de Nissan sigue en el primer lugar de la lista de veh\u00edculos m\u00e1s robados; seguido por el Jetta (Cl\u00e1sico o CL) de Volkswagen; Sentra, de Nissan; Aveo de Genral Motors; TIIDA de Nisan; Ibiza Seat; el Nuevo Jetta A6; Bora de Volkswagen; CVR de Honda y Versa de Nissan. \u00bfTe das cuenta de que solo un veh\u00edculo de Chevrolet aparece (Genral Motors) y que al Chevy ni quien le haga caso?<\/p>\n<p>Creo que solo fue mala suerte, como sea, es importante que asegures tu auto contra robo, ya que si en 30 d\u00edas no aparece, o lo encuentran en muy malas condiciones (totalmente desvalijado), la aseguradora te reembolsa el total del valor de la p\u00f3liza. As\u00ed que ya sabes. Mejor prevenir que lamentar.<\/p>\n","protected":false},"excerpt":{"rendered":"<p>&nbsp; Aunque en el Distrito Federal el robo de veh\u00edculos va a la baja, el Estado de M\u00e9xico se coloca como la entidad con mayor \u00edndice en este delito<\/p>\n","protected":false},"author":19,"featured_media":15650,"comment_status":"open","ping_status":"closed","sticky":false,"template":"","format":"standard","meta":{"om_disable_all_campaigns":false,"inline_featured_image":false,"_monsterinsights_skip_tracking":false,"_monsterinsights_sitenote_active":false,"_monsterinsights_sitenote_note":"","_monsterinsights_sitenote_category":0,"footnotes":""},"categories":[240,5],"tags":[4460,303,4462,1887,4458,4463,4459,4461],"class_list":["post-15640","post","type-post","status-publish","format-standard","has-post-thumbnail","hentry","category-blog-desde-centro-urbano","category-opinion","tag-chevrolet","tag-estado-de-mexico","tag-honda","tag-nissan","tag-robo-de-vehiculos","tag-seat","tag-seguro-de-auto","tag-volkswagen"],"yoast_head":"<!-- This site is optimized with the Yoast SEO plugin v27.4 - https:\/\/yoast.com\/product\/yoast-seo-wordpress\/ -->\n<title>\u00bfTu carro de verdad est\u00e1 seguro? -<\/title>\n<meta name=\"description\" content=\"&nbsp; Aunque en el Distrito Federal el robo de veh\u00edculos va a la baja, el Estado de M\u00e9xico se coloca como la entidad con mayor \u00edndice en este delito El\" \/>\n<meta name=\"robots\" content=\"index, follow, max-snippet:-1, max-image-preview:large, max-video-preview:-1\" \/>\n<link rel=\"canonical\" href=\"https:\/\/centrourbano.com\/revista\/opinion\/que-tan-seguro-esta-tu-carro\/\" \/>\n<meta property=\"og:locale\" content=\"es_ES\" \/>\n<meta property=\"og:type\" content=\"article\" \/>\n<meta property=\"og:title\" content=\"\u00bfTu carro de verdad est\u00e1 seguro? -\" \/>\n<meta property=\"og:description\" content=\"&nbsp; Aunque en el Distrito Federal el robo de veh\u00edculos va a la baja, el Estado de M\u00e9xico se coloca como la entidad con mayor \u00edndice en este delito El\" \/>\n<meta property=\"og:url\" content=\"https:\/\/centrourbano.com\/revista\/opinion\/que-tan-seguro-esta-tu-carro\/\" \/>\n<meta property=\"og:site_name\" content=\"Centro Urbano\" \/>\n<meta property=\"article:publisher\" content=\"https:\/\/www.facebook.com\/portalcentrourbano\" \/>\n<meta property=\"article:published_time\" content=\"2015-02-20T21:29:18+00:00\" \/>\n<meta property=\"article:modified_time\" content=\"2015-02-23T22:13:10+00:00\" \/>\n<meta property=\"og:image\" content=\"https:\/\/centrourbano.com\/revista\/wp-content\/uploads\/unnamed34.jpg\" \/>\n\t<meta property=\"og:image:width\" content=\"640\" \/>\n\t<meta property=\"og:image:height\" content=\"480\" \/>\n\t<meta property=\"og:image:type\" content=\"image\/jpeg\" \/>\n<meta name=\"author\" content=\"Sofia Osorio\" \/>\n<meta name=\"twitter:card\" content=\"summary_large_image\" \/>\n<meta name=\"twitter:creator\" content=\"@CentroUrbano\" \/>\n<meta name=\"twitter:site\" content=\"@CentroUrbano\" \/>\n<meta name=\"twitter:label1\" content=\"Escrito por\" \/>\n\t<meta name=\"twitter:data1\" content=\"Sofia Osorio\" \/>\n\t<meta name=\"twitter:label2\" content=\"Tiempo de lectura\" \/>\n\t<meta name=\"twitter:data2\" content=\"2 minutos\" \/>\n<script type=\"application\/ld+json\" class=\"yoast-schema-graph\">{\"@context\":\"https:\\\/\\\/schema.org\",\"@graph\":[{\"@type\":\"Article\",\"@id\":\"https:\\\/\\\/centrourbano.com\\\/revista\\\/opinion\\\/que-tan-seguro-esta-tu-carro\\\/#article\",\"isPartOf\":{\"@id\":\"https:\\\/\\\/centrourbano.com\\\/revista\\\/opinion\\\/que-tan-seguro-esta-tu-carro\\\/\"},\"author\":{\"name\":\"Sofia Osorio\",\"@id\":\"https:\\\/\\\/centrourbano.com\\\/revista\\\/#\\\/schema\\\/person\\\/04f16f4cd5d20c119240fb9164874cec\"},\"headline\":\"\u00bfTu carro de verdad est\u00e1 seguro?\",\"datePublished\":\"2015-02-20T21:29:18+00:00\",\"dateModified\":\"2015-02-23T22:13:10+00:00\",\"mainEntityOfPage\":{\"@id\":\"https:\\\/\\\/centrourbano.com\\\/revista\\\/opinion\\\/que-tan-seguro-esta-tu-carro\\\/\"},\"wordCount\":395,\"commentCount\":0,\"publisher\":{\"@id\":\"https:\\\/\\\/centrourbano.com\\\/revista\\\/#organization\"},\"image\":{\"@id\":\"https:\\\/\\\/centrourbano.com\\\/revista\\\/opinion\\\/que-tan-seguro-esta-tu-carro\\\/#primaryimage\"},\"thumbnailUrl\":\"https:\\\/\\\/centrourbano.com\\\/revista\\\/wp-content\\\/uploads\\\/unnamed34.jpg\",\"keywords\":[\"Chevrolet\",\"Estado de M\u00e9xico\",\"Honda\",\"Nissan\",\"Robo de veh\u00edculos\",\"Seat\",\"seguro de auto\",\"Volkswagen\"],\"articleSection\":[\"Desde Centro Urbano\",\"Opini\u00f3n\"],\"inLanguage\":\"es\",\"potentialAction\":[{\"@type\":\"CommentAction\",\"name\":\"Comment\",\"target\":[\"https:\\\/\\\/centrourbano.com\\\/revista\\\/opinion\\\/que-tan-seguro-esta-tu-carro\\\/#respond\"]}]},{\"@type\":\"WebPage\",\"@id\":\"https:\\\/\\\/centrourbano.com\\\/revista\\\/opinion\\\/que-tan-seguro-esta-tu-carro\\\/\",\"url\":\"https:\\\/\\\/centrourbano.com\\\/revista\\\/opinion\\\/que-tan-seguro-esta-tu-carro\\\/\",\"name\":\"\u00bfTu carro de verdad est\u00e1 seguro? -\",\"isPartOf\":{\"@id\":\"https:\\\/\\\/centrourbano.com\\\/revista\\\/#website\"},\"primaryImageOfPage\":{\"@id\":\"https:\\\/\\\/centrourbano.com\\\/revista\\\/opinion\\\/que-tan-seguro-esta-tu-carro\\\/#primaryimage\"},\"image\":{\"@id\":\"https:\\\/\\\/centrourbano.com\\\/revista\\\/opinion\\\/que-tan-seguro-esta-tu-carro\\\/#primaryimage\"},\"thumbnailUrl\":\"https:\\\/\\\/centrourbano.com\\\/revista\\\/wp-content\\\/uploads\\\/unnamed34.jpg\",\"datePublished\":\"2015-02-20T21:29:18+00:00\",\"dateModified\":\"2015-02-23T22:13:10+00:00\",\"description\":\"&nbsp; Aunque en el Distrito Federal el robo de veh\u00edculos va a la baja, el Estado de M\u00e9xico se coloca como la entidad con mayor \u00edndice en este delito El\",\"breadcrumb\":{\"@id\":\"https:\\\/\\\/centrourbano.com\\\/revista\\\/opinion\\\/que-tan-seguro-esta-tu-carro\\\/#breadcrumb\"},\"inLanguage\":\"es\",\"potentialAction\":[{\"@type\":\"ReadAction\",\"target\":[\"https:\\\/\\\/centrourbano.com\\\/revista\\\/opinion\\\/que-tan-seguro-esta-tu-carro\\\/\"]}]},{\"@type\":\"ImageObject\",\"inLanguage\":\"es\",\"@id\":\"https:\\\/\\\/centrourbano.com\\\/revista\\\/opinion\\\/que-tan-seguro-esta-tu-carro\\\/#primaryimage\",\"url\":\"https:\\\/\\\/centrourbano.com\\\/revista\\\/wp-content\\\/uploads\\\/unnamed34.jpg\",\"contentUrl\":\"https:\\\/\\\/centrourbano.com\\\/revista\\\/wp-content\\\/uploads\\\/unnamed34.jpg\",\"width\":640,\"height\":480},{\"@type\":\"BreadcrumbList\",\"@id\":\"https:\\\/\\\/centrourbano.com\\\/revista\\\/opinion\\\/que-tan-seguro-esta-tu-carro\\\/#breadcrumb\",\"itemListElement\":[{\"@type\":\"ListItem\",\"position\":1,\"name\":\"Portada\",\"item\":\"https:\\\/\\\/centrourbano.com\\\/revista\\\/\"},{\"@type\":\"ListItem\",\"position\":2,\"name\":\"\u00bfTu carro de verdad est\u00e1 seguro?\"}]},{\"@type\":\"WebSite\",\"@id\":\"https:\\\/\\\/centrourbano.com\\\/revista\\\/#website\",\"url\":\"https:\\\/\\\/centrourbano.com\\\/revista\\\/\",\"name\":\"Centro Urbano\",\"description\":\"Medio especializado en los sectores vivienda, inmobiliario, construcci\u00f3n, arquitectura y urbanismo.\",\"publisher\":{\"@id\":\"https:\\\/\\\/centrourbano.com\\\/revista\\\/#organization\"},\"potentialAction\":[{\"@type\":\"SearchAction\",\"target\":{\"@type\":\"EntryPoint\",\"urlTemplate\":\"https:\\\/\\\/centrourbano.com\\\/revista\\\/?s={search_term_string}\"},\"query-input\":{\"@type\":\"PropertyValueSpecification\",\"valueRequired\":true,\"valueName\":\"search_term_string\"}}],\"inLanguage\":\"es\"},{\"@type\":\"Organization\",\"@id\":\"https:\\\/\\\/centrourbano.com\\\/revista\\\/#organization\",\"name\":\"Centro Urbano\",\"url\":\"https:\\\/\\\/centrourbano.com\\\/revista\\\/\",\"logo\":{\"@type\":\"ImageObject\",\"inLanguage\":\"es\",\"@id\":\"https:\\\/\\\/centrourbano.com\\\/revista\\\/#\\\/schema\\\/logo\\\/image\\\/\",\"url\":\"https:\\\/\\\/centrourbano.com\\\/revista\\\/wp-content\\\/uploads\\\/web_CU_logo-1.png\",\"contentUrl\":\"https:\\\/\\\/centrourbano.com\\\/revista\\\/wp-content\\\/uploads\\\/web_CU_logo-1.png\",\"width\":350,\"height\":91,\"caption\":\"Centro Urbano\"},\"image\":{\"@id\":\"https:\\\/\\\/centrourbano.com\\\/revista\\\/#\\\/schema\\\/logo\\\/image\\\/\"},\"sameAs\":[\"https:\\\/\\\/www.facebook.com\\\/portalcentrourbano\",\"https:\\\/\\\/x.com\\\/CentroUrbano\",\"https:\\\/\\\/www.instagram.com\\\/centro_urbano\\\/\",\"https:\\\/\\\/www.linkedin.com\\\/company\\\/centro-urbano\\\/\",\"http:\\\/\\\/www.youtube.com\\\/user\\\/portalcentrourbano\"]},{\"@type\":\"Person\",\"@id\":\"https:\\\/\\\/centrourbano.com\\\/revista\\\/#\\\/schema\\\/person\\\/04f16f4cd5d20c119240fb9164874cec\",\"name\":\"Sofia Osorio\",\"image\":{\"@type\":\"ImageObject\",\"inLanguage\":\"es\",\"@id\":\"https:\\\/\\\/secure.gravatar.com\\\/avatar\\\/540346885009217f50383aeae8f93738fea6ce04c37c93d6be2d0515d1be354c?s=96&d=mm&r=g\",\"url\":\"https:\\\/\\\/secure.gravatar.com\\\/avatar\\\/540346885009217f50383aeae8f93738fea6ce04c37c93d6be2d0515d1be354c?s=96&d=mm&r=g\",\"contentUrl\":\"https:\\\/\\\/secure.gravatar.com\\\/avatar\\\/540346885009217f50383aeae8f93738fea6ce04c37c93d6be2d0515d1be354c?s=96&d=mm&r=g\",\"caption\":\"Sofia Osorio\"},\"description\":\"Egresada de la Facultad de Estudios Superiores Arag\u00f3n. Comunicaci\u00f3n y Periodismo. Loca y feliz. Suele re\u00edrse de todo, dormir en el transporte p\u00fablico y terminar corriendo para llegar a cualquier lugar. Cantante de regadera, bailarina frustrada y chiva de coraz\u00f3n, apasionada por lo que hay que hacer. Enojona, gritona y medio amable con la gente. Su primera oportunidad laboral la tuvo como becaria en la revista Klika y fungi\u00f3 como community manager en Grupo Radio Centro. Actualmente explora nuevos campos del periodismo en Centro Urbano.\",\"url\":\"https:\\\/\\\/centrourbano.com\\\/revista\\\/author\\\/sofia-osorio\\\/\"}]}<\/script>\n<!-- \/ Yoast SEO plugin. -->","yoast_head_json":{"title":"\u00bfTu carro de verdad est\u00e1 seguro? -","description":"&nbsp; Aunque en el Distrito Federal el robo de veh\u00edculos va a la baja, el Estado de M\u00e9xico se coloca como la entidad con mayor \u00edndice en este delito El","robots":{"index":"index","follow":"follow","max-snippet":"max-snippet:-1","max-image-preview":"max-image-preview:large","max-video-preview":"max-video-preview:-1"},"canonical":"https:\/\/centrourbano.com\/revista\/opinion\/que-tan-seguro-esta-tu-carro\/","og_locale":"es_ES","og_type":"article","og_title":"\u00bfTu carro de verdad est\u00e1 seguro? -","og_description":"&nbsp; Aunque en el Distrito Federal el robo de veh\u00edculos va a la baja, el Estado de M\u00e9xico se coloca como la entidad con mayor \u00edndice en este delito El","og_url":"https:\/\/centrourbano.com\/revista\/opinion\/que-tan-seguro-esta-tu-carro\/","og_site_name":"Centro Urbano","article_publisher":"https:\/\/www.facebook.com\/portalcentrourbano","article_published_time":"2015-02-20T21:29:18+00:00","article_modified_time":"2015-02-23T22:13:10+00:00","og_image":[{"width":640,"height":480,"url":"https:\/\/centrourbano.com\/revista\/wp-content\/uploads\/unnamed34.jpg","type":"image\/jpeg"}],"author":"Sofia Osorio","twitter_card":"summary_large_image","twitter_creator":"@CentroUrbano","twitter_site":"@CentroUrbano","twitter_misc":{"Escrito por":"Sofia Osorio","Tiempo de lectura":"2 minutos"},"schema":{"@context":"https:\/\/schema.org","@graph":[{"@type":"Article","@id":"https:\/\/centrourbano.com\/revista\/opinion\/que-tan-seguro-esta-tu-carro\/#article","isPartOf":{"@id":"https:\/\/centrourbano.com\/revista\/opinion\/que-tan-seguro-esta-tu-carro\/"},"author":{"name":"Sofia Osorio","@id":"https:\/\/centrourbano.com\/revista\/#\/schema\/person\/04f16f4cd5d20c119240fb9164874cec"},"headline":"\u00bfTu carro de verdad est\u00e1 seguro?","datePublished":"2015-02-20T21:29:18+00:00","dateModified":"2015-02-23T22:13:10+00:00","mainEntityOfPage":{"@id":"https:\/\/centrourbano.com\/revista\/opinion\/que-tan-seguro-esta-tu-carro\/"},"wordCount":395,"commentCount":0,"publisher":{"@id":"https:\/\/centrourbano.com\/revista\/#organization"},"image":{"@id":"https:\/\/centrourbano.com\/revista\/opinion\/que-tan-seguro-esta-tu-carro\/#primaryimage"},"thumbnailUrl":"https:\/\/centrourbano.com\/revista\/wp-content\/uploads\/unnamed34.jpg","keywords":["Chevrolet","Estado de M\u00e9xico","Honda","Nissan","Robo de veh\u00edculos","Seat","seguro de auto","Volkswagen"],"articleSection":["Desde Centro Urbano","Opini\u00f3n"],"inLanguage":"es","potentialAction":[{"@type":"CommentAction","name":"Comment","target":["https:\/\/centrourbano.com\/revista\/opinion\/que-tan-seguro-esta-tu-carro\/#respond"]}]},{"@type":"WebPage","@id":"https:\/\/centrourbano.com\/revista\/opinion\/que-tan-seguro-esta-tu-carro\/","url":"https:\/\/centrourbano.com\/revista\/opinion\/que-tan-seguro-esta-tu-carro\/","name":"\u00bfTu carro de verdad est\u00e1 seguro? -","isPartOf":{"@id":"https:\/\/centrourbano.com\/revista\/#website"},"primaryImageOfPage":{"@id":"https:\/\/centrourbano.com\/revista\/opinion\/que-tan-seguro-esta-tu-carro\/#primaryimage"},"image":{"@id":"https:\/\/centrourbano.com\/revista\/opinion\/que-tan-seguro-esta-tu-carro\/#primaryimage"},"thumbnailUrl":"https:\/\/centrourbano.com\/revista\/wp-content\/uploads\/unnamed34.jpg","datePublished":"2015-02-20T21:29:18+00:00","dateModified":"2015-02-23T22:13:10+00:00","description":"&nbsp; Aunque en el Distrito Federal el robo de veh\u00edculos va a la baja, el Estado de M\u00e9xico se coloca como la entidad con mayor \u00edndice en este delito El","breadcrumb":{"@id":"https:\/\/centrourbano.com\/revista\/opinion\/que-tan-seguro-esta-tu-carro\/#breadcrumb"},"inLanguage":"es","potentialAction":[{"@type":"ReadAction","target":["https:\/\/centrourbano.com\/revista\/opinion\/que-tan-seguro-esta-tu-carro\/"]}]},{"@type":"ImageObject","inLanguage":"es","@id":"https:\/\/centrourbano.com\/revista\/opinion\/que-tan-seguro-esta-tu-carro\/#primaryimage","url":"https:\/\/centrourbano.com\/revista\/wp-content\/uploads\/unnamed34.jpg","contentUrl":"https:\/\/centrourbano.com\/revista\/wp-content\/uploads\/unnamed34.jpg","width":640,"height":480},{"@type":"BreadcrumbList","@id":"https:\/\/centrourbano.com\/revista\/opinion\/que-tan-seguro-esta-tu-carro\/#breadcrumb","itemListElement":[{"@type":"ListItem","position":1,"name":"Portada","item":"https:\/\/centrourbano.com\/revista\/"},{"@type":"ListItem","position":2,"name":"\u00bfTu carro de verdad est\u00e1 seguro?"}]},{"@type":"WebSite","@id":"https:\/\/centrourbano.com\/revista\/#website","url":"https:\/\/centrourbano.com\/revista\/","name":"Centro Urbano","description":"Medio especializado en los sectores vivienda, inmobiliario, construcci\u00f3n, arquitectura y urbanismo.","publisher":{"@id":"https:\/\/centrourbano.com\/revista\/#organization"},"potentialAction":[{"@type":"SearchAction","target":{"@type":"EntryPoint","urlTemplate":"https:\/\/centrourbano.com\/revista\/?s={search_term_string}"},"query-input":{"@type":"PropertyValueSpecification","valueRequired":true,"valueName":"search_term_string"}}],"inLanguage":"es"},{"@type":"Organization","@id":"https:\/\/centrourbano.com\/revista\/#organization","name":"Centro Urbano","url":"https:\/\/centrourbano.com\/revista\/","logo":{"@type":"ImageObject","inLanguage":"es","@id":"https:\/\/centrourbano.com\/revista\/#\/schema\/logo\/image\/","url":"https:\/\/centrourbano.com\/revista\/wp-content\/uploads\/web_CU_logo-1.png","contentUrl":"https:\/\/centrourbano.com\/revista\/wp-content\/uploads\/web_CU_logo-1.png","width":350,"height":91,"caption":"Centro Urbano"},"image":{"@id":"https:\/\/centrourbano.com\/revista\/#\/schema\/logo\/image\/"},"sameAs":["https:\/\/www.facebook.com\/portalcentrourbano","https:\/\/x.com\/CentroUrbano","https:\/\/www.instagram.com\/centro_urbano\/","https:\/\/www.linkedin.com\/company\/centro-urbano\/","http:\/\/www.youtube.com\/user\/portalcentrourbano"]},{"@type":"Person","@id":"https:\/\/centrourbano.com\/revista\/#\/schema\/person\/04f16f4cd5d20c119240fb9164874cec","name":"Sofia Osorio","image":{"@type":"ImageObject","inLanguage":"es","@id":"https:\/\/secure.gravatar.com\/avatar\/540346885009217f50383aeae8f93738fea6ce04c37c93d6be2d0515d1be354c?s=96&d=mm&r=g","url":"https:\/\/secure.gravatar.com\/avatar\/540346885009217f50383aeae8f93738fea6ce04c37c93d6be2d0515d1be354c?s=96&d=mm&r=g","contentUrl":"https:\/\/secure.gravatar.com\/avatar\/540346885009217f50383aeae8f93738fea6ce04c37c93d6be2d0515d1be354c?s=96&d=mm&r=g","caption":"Sofia Osorio"},"description":"Egresada de la Facultad de Estudios Superiores Arag\u00f3n. Comunicaci\u00f3n y Periodismo. Loca y feliz. Suele re\u00edrse de todo, dormir en el transporte p\u00fablico y terminar corriendo para llegar a cualquier lugar. Cantante de regadera, bailarina frustrada y chiva de coraz\u00f3n, apasionada por lo que hay que hacer. Enojona, gritona y medio amable con la gente. Su primera oportunidad laboral la tuvo como becaria en la revista Klika y fungi\u00f3 como community manager en Grupo Radio Centro. Actualmente explora nuevos campos del periodismo en Centro Urbano.","url":"https:\/\/centrourbano.com\/revista\/author\/sofia-osorio\/"}]}},"_links":{"self":[{"href":"https:\/\/centrourbano.com\/revista\/wp-json\/wp\/v2\/posts\/15640","targetHints":{"allow":["GET"]}}],"collection":[{"href":"https:\/\/centrourbano.com\/revista\/wp-json\/wp\/v2\/posts"}],"about":[{"href":"https:\/\/centrourbano.com\/revista\/wp-json\/wp\/v2\/types\/post"}],"author":[{"embeddable":true,"href":"https:\/\/centrourbano.com\/revista\/wp-json\/wp\/v2\/users\/19"}],"replies":[{"embeddable":true,"href":"https:\/\/centrourbano.com\/revista\/wp-json\/wp\/v2\/comments?post=15640"}],"version-history":[{"count":0,"href":"https:\/\/centrourbano.com\/revista\/wp-json\/wp\/v2\/posts\/15640\/revisions"}],"wp:featuredmedia":[{"embeddable":true,"href":"https:\/\/centrourbano.com\/revista\/wp-json\/wp\/v2\/media\/15650"}],"wp:attachment":[{"href":"https:\/\/centrourbano.com\/revista\/wp-json\/wp\/v2\/media?parent=15640"}],"wp:term":[{"taxonomy":"category","embeddable":true,"href":"https:\/\/centrourbano.com\/revista\/wp-json\/wp\/v2\/categories?post=15640"},{"taxonomy":"post_tag","embeddable":true,"href":"https:\/\/centrourbano.com\/revista\/wp-json\/wp\/v2\/tags?post=15640"}],"curies":[{"name":"wp","href":"https:\/\/api.w.org\/{rel}","templated":true}]}}