{"id":156285,"date":"2025-07-09T17:39:55","date_gmt":"2025-07-09T23:39:55","guid":{"rendered":"https:\/\/centrourbano.com\/revista\/?p=156285"},"modified":"2025-07-11T14:24:19","modified_gmt":"2025-07-11T20:24:19","slug":"gentrificacion-como-afecta-cdmx","status":"publish","type":"post","link":"https:\/\/centrourbano.com\/revista\/vivienda\/gentrificacion-como-afecta-cdmx\/","title":{"rendered":"Gentrificaci\u00f3n: \u00bfQu\u00e9 es y c\u00f3mo afecta a la CDMX?"},"content":{"rendered":"<p><em><span style=\"font-weight: 400;\">A ra\u00edz de la marcha realizada el pasado viernes en contra de la gentrificaci\u00f3n, el tema ha tomado fuerza en los \u00faltimos d\u00edas. Sin embargo, \u00bfqu\u00e9 es este fen\u00f3meno?, \u00bfc\u00f3mo afecta a la ciudadan\u00eda?<\/span><\/em><!--more--><br \/>\nPrimero, es importante entender qu\u00e9 se entiende por <strong>gentrificaci\u00f3n<\/strong>. De acuerdo con ONU H\u00e1bitat, el fen\u00f3meno de la gentrificaci\u00f3n se da cuando:<\/p>\n<blockquote><p><span style=\"font-weight: 400;\">\u201cUn proceso de renovaci\u00f3n y reconstrucci\u00f3n urbana se acompa\u00f1a de un flujo de personas de clase media o alta que suele desplazar a los habitantes m\u00e1s pobres de las \u00e1reas de intervenci\u00f3n\u201d.<\/span><\/p><\/blockquote>\n<p><span style=\"font-weight: 400;\">En la pr\u00e1ctica, este flujo de personas -con un buen <strong>poder adquisitivo<\/strong>&#8211; que llega a determinado barrio o colonia, <strong>provoca un aumento<\/strong> en precios tanto de <strong>renta<\/strong> o <strong>venta<\/strong>. <\/span><span style=\"font-weight: 400;\">Esto, derivado de un incremento en la<strong> demanda por vivir<\/strong> en la zona, as\u00ed como el hecho de que est\u00e1n dispuestos, y en posibilidad, de pagar lo que las condiciones del mercado establecen.\u00a0\u00a0<\/span><\/p>\n<h2><b>\u00bfQu\u00e9 pasa con la gentrificaci\u00f3n en la Ciudad de M\u00e9xico?<\/b><\/h2>\n<p><span style=\"font-weight: 400;\">Lo que se vive en la capital del pa\u00eds ayuda a entender el proceso de gentrificaci\u00f3n de un barrio.<\/span><\/p>\n<p><span style=\"font-weight: 400;\">En el caso de la <strong>Ciudad de M\u00e9xico<\/strong>, este fen\u00f3meno se ha observado en colonias centrales como la <strong>Roma<\/strong> o <strong>Condesa,<\/strong> en donde, por el nivel de servicios, infraestructura y ubicaci\u00f3n, se vuelven muy <strong>populares<\/strong> para muchos que desean vivir cerca de \u00e1reas de trabajo y vida social.<br \/>\n<\/span><\/p>\n<p><span style=\"font-weight: 400;\">Sin embargo, esto provoca un <strong>aumento de la demanda<\/strong> por espacios habitacionales, lo que lleva a un <strong>incremento en precios de renta y venta<\/strong>, y que ocasiona que muchas familias ya no puedan cubrir el costo de la vida en estas zonas; es decir, el<strong> mercado se ajusta a la oferta y demanda<\/strong>.<br \/>\n<\/span><\/p>\n<p style=\"text-align: center;\"><a href=\"https:\/\/centrourbano.com\/revista\/opinion\/blog-desde-el-terreno\/gentrificacion-en-serio-el-problema-son-los-gringos\/\" target=\"_blank\" rel=\"noopener\"><span style=\"font-size: 12pt;\">Te podr\u00eda interesa: <em>Gentrificaci\u00f3n: \u00bfEn serio el problema son \u2018los gringos\u2019?<\/em><\/span><\/a><\/p>\n<p><span style=\"font-weight: 400;\">Lo anterior, sumado a una <strong>din\u00e1mica de mercado natural<\/strong> vista en los \u00faltimos a\u00f1os, en donde los valores de vivienda en toda la CDMX han ido a la alza. Este escenario se recrudece por una <strong>baja en la producci\u00f3n de vivienda en general<\/strong>; pero, sobre todo, por la <strong>desaparici\u00f3n de la vivienda social<\/strong> en la capital. Dicho de otra de manera: en los \u00faltimos a\u00f1os, en la capital del pa\u00eds se ha constru\u00eddo poca vivienda y eso poco que se construye es de<strong> alto valor<\/strong>.<\/span><\/p>\n<p><span style=\"font-weight: 400;\">Entre otras cosas, factores como el costo del <strong>suelo<\/strong> y la <strong>tramitolog\u00eda<\/strong>, hacen que los costos de las viviendas producidas se eleven, lo que lleva a que sea imposible lograr los margenes para desarrollar vivienda social, por debajo de 1 mill\u00f3n de pesos.<\/span><\/p>\n<h2>N\u00f3madas digitales y Airbnb como potenciadores<\/h2>\n<p>A partir de la <strong>pandemia<\/strong>, al escenario de <strong>aumento generalizado<\/strong> se sum\u00f3 el tema de <strong>n\u00f3madas digitales<\/strong> y plataformas como <strong>Airbnb<\/strong>, que impulsan la renta de corto plazo con vocaci\u00f3n tur\u00edstica, y que llegan a estas zonas por lo <strong>atractivo<\/strong> que resultan para habitar.<\/p>\n<p><span style=\"font-weight: 400;\">Es importante se\u00f1alar que estos factores (la llegada de n\u00f3madas digitales y la presencia de inmuebles rentados bajo Airbnb), no son el <strong>\u00fanico causante del aumento en los cotos de vida<\/strong>, aunque s\u00ed sumaron de manera importante a este proceso de encarecimiento.\u00a0 <\/span><span style=\"font-weight: 400;\"><br \/>\n<\/span><\/p>\n<h3><span style=\"font-weight: 400;\">Pero \u00bfeste factor c\u00f3mo impacta en el fen\u00f3meno de la gentrificaci\u00f3n?<\/span><\/h3>\n<ul>\n<li style=\"list-style-type: none;\">\n<ul>\n<li style=\"font-weight: 400;\" aria-level=\"2\"><span style=\"font-weight: 400;\">Al ser m\u00e1s lucrativo, muchos propietarios o desarrolladores prefieren atender a estos sectores (rentas cortas y n\u00f3madas digitales), dejando de lado la necesidad de la poblaci\u00f3n local. <\/span><\/li>\n<li style=\"font-weight: 400;\" aria-level=\"2\"><span style=\"font-weight: 400;\">As\u00ed, se alinean a una<strong> l\u00f3gica de mercado<\/strong>, en donde se genera la oferta de espacios, tanto para venta como rentas cortas o largas, que atienda lo que buscan estos sectores, estableciendo los precios que su nivel de ingreso les da para pagar, y que est\u00e1n alejados de la capacidad econ\u00f3mica de una buena parte de la poblaci\u00f3n mexicana.<\/span><\/li>\n<\/ul>\n<\/li>\n<\/ul>\n<p>De igual forma, es de suma relevanncia dejar claro que este <strong>encarecimiento de vivienda<\/strong>, que trae consigo la expulsi\u00f3n de habitantes de la CDMX, <strong>no solo se da en Roma y Condesa<\/strong>, sino que es un tema generalizado en la capital. En <strong>diferentes niveles<\/strong>, y no precisamente exponenciado por la llegada de extranjeros, sino por din\u00e1micas de mercado, <strong>diversas zonas de la Ciudad de M\u00e9xico<\/strong> viven procesos de gentrificaci\u00f3n y expulsi\u00f3n.<\/p>\n<p><b><\/b><span style=\"font-weight: 400;\">Por ejemplo, ya se ven casos de colonias como <strong style=\"font-weight: 400;\">Guerrero<\/strong>, <strong style=\"font-weight: 400;\">Morelos<\/strong>, <strong style=\"font-weight: 400;\">Agr\u00edcola Oriental<\/strong>, <strong style=\"font-weight: 400;\">Pensil<\/strong> o <strong style=\"font-weight: 400;\">Atlampa<\/strong>, en donde la vivienda nueva que se construye no baja de 2 millones de pesos, y que queda por encima de la capacidad de compra de familias de la zona. <\/span><\/p>\n<p><span style=\"font-weight: 400;\">Estos niveles, elevan los precios, tanto en renta como en venta, lo que lleva a la expulsi\u00f3n de las familias nativas de la zona, que se ven en la necesidad de buscar <strong>opciones de vivienda<\/strong> no solo en otra alcald\u00eda, <strong>sino fuera de la Ciudad<\/strong>, al ya no poder pagar los niveles que se observan. <\/span><\/p>\n<p><span style=\"font-weight: 400;\">Pero <strong>no solo es la expulsi\u00f3n<\/strong> de las familias existentes y sus nuevas generaciones, sino que tambi\u00e9n se <strong>cancela la posibilidad para la llegada de nuevos habitantes<\/strong> que, por su trabajo, ven en la CDMX la alternativa ideal para habitar.\u00a0<\/span><\/p>\n<h5><\/h5>\n<h5 style=\"text-align: center;\">Consulta la <a href=\"https:\/\/www.facebook.com\/share\/p\/1CLxmgVi1u\/\" target=\"_blank\" rel=\"noopener\">infograf\u00eda<\/a> de este texto:<\/h5>\n<p>&nbsp;<\/p>\n<img loading=\"lazy\" decoding=\"async\" class=\"aligncenter wp-image-156300 size-large\" src=\"https:\/\/centrourbano.com\/revista\/wp-content\/uploads\/1-Infografia-gentrificacion-1-1000x1000.jpg\" alt=\"\" width=\"1000\" height=\"1000\" srcset=\"https:\/\/centrourbano.com\/revista\/wp-content\/uploads\/1-Infografia-gentrificacion-1-1000x1000.jpg 1000w, https:\/\/centrourbano.com\/revista\/wp-content\/uploads\/1-Infografia-gentrificacion-1-300x300.jpg 300w, https:\/\/centrourbano.com\/revista\/wp-content\/uploads\/1-Infografia-gentrificacion-1-150x150.jpg 150w, https:\/\/centrourbano.com\/revista\/wp-content\/uploads\/1-Infografia-gentrificacion-1-768x768.jpg 768w, https:\/\/centrourbano.com\/revista\/wp-content\/uploads\/1-Infografia-gentrificacion-1-635x635.jpg 635w, https:\/\/centrourbano.com\/revista\/wp-content\/uploads\/1-Infografia-gentrificacion-1-445x445.jpg 445w, https:\/\/centrourbano.com\/revista\/wp-content\/uploads\/1-Infografia-gentrificacion-1-350x350.jpg 350w, https:\/\/centrourbano.com\/revista\/wp-content\/uploads\/1-Infografia-gentrificacion-1-160x160.jpg 160w, https:\/\/centrourbano.com\/revista\/wp-content\/uploads\/1-Infografia-gentrificacion-1-255x255.jpg 255w, https:\/\/centrourbano.com\/revista\/wp-content\/uploads\/1-Infografia-gentrificacion-1-65x65.jpg 65w, https:\/\/centrourbano.com\/revista\/wp-content\/uploads\/1-Infografia-gentrificacion-1.jpg 1200w\" sizes=\"auto, (max-width: 1000px) 100vw, 1000px\" \/><img loading=\"lazy\" decoding=\"async\" class=\"aligncenter wp-image-156298 size-large\" src=\"https:\/\/centrourbano.com\/revista\/wp-content\/uploads\/2-Infografia-gentrificacion2-1000x1000.jpg\" alt=\"\" width=\"1000\" height=\"1000\" srcset=\"https:\/\/centrourbano.com\/revista\/wp-content\/uploads\/2-Infografia-gentrificacion2-1000x1000.jpg 1000w, https:\/\/centrourbano.com\/revista\/wp-content\/uploads\/2-Infografia-gentrificacion2-300x300.jpg 300w, https:\/\/centrourbano.com\/revista\/wp-content\/uploads\/2-Infografia-gentrificacion2-150x150.jpg 150w, https:\/\/centrourbano.com\/revista\/wp-content\/uploads\/2-Infografia-gentrificacion2-768x768.jpg 768w, https:\/\/centrourbano.com\/revista\/wp-content\/uploads\/2-Infografia-gentrificacion2-635x635.jpg 635w, https:\/\/centrourbano.com\/revista\/wp-content\/uploads\/2-Infografia-gentrificacion2-445x445.jpg 445w, https:\/\/centrourbano.com\/revista\/wp-content\/uploads\/2-Infografia-gentrificacion2-350x350.jpg 350w, https:\/\/centrourbano.com\/revista\/wp-content\/uploads\/2-Infografia-gentrificacion2-160x160.jpg 160w, https:\/\/centrourbano.com\/revista\/wp-content\/uploads\/2-Infografia-gentrificacion2-255x255.jpg 255w, https:\/\/centrourbano.com\/revista\/wp-content\/uploads\/2-Infografia-gentrificacion2-65x65.jpg 65w, https:\/\/centrourbano.com\/revista\/wp-content\/uploads\/2-Infografia-gentrificacion2.jpg 1200w\" sizes=\"auto, (max-width: 1000px) 100vw, 1000px\" \/><img loading=\"lazy\" decoding=\"async\" class=\"aligncenter wp-image-156297 size-large\" src=\"https:\/\/centrourbano.com\/revista\/wp-content\/uploads\/3-Infografia-gentrificacion3-1000x1000.jpg\" alt=\"\" width=\"1000\" height=\"1000\" srcset=\"https:\/\/centrourbano.com\/revista\/wp-content\/uploads\/3-Infografia-gentrificacion3-1000x1000.jpg 1000w, https:\/\/centrourbano.com\/revista\/wp-content\/uploads\/3-Infografia-gentrificacion3-300x300.jpg 300w, https:\/\/centrourbano.com\/revista\/wp-content\/uploads\/3-Infografia-gentrificacion3-150x150.jpg 150w, https:\/\/centrourbano.com\/revista\/wp-content\/uploads\/3-Infografia-gentrificacion3-768x768.jpg 768w, https:\/\/centrourbano.com\/revista\/wp-content\/uploads\/3-Infografia-gentrificacion3-635x635.jpg 635w, https:\/\/centrourbano.com\/revista\/wp-content\/uploads\/3-Infografia-gentrificacion3-445x445.jpg 445w, https:\/\/centrourbano.com\/revista\/wp-content\/uploads\/3-Infografia-gentrificacion3-350x350.jpg 350w, https:\/\/centrourbano.com\/revista\/wp-content\/uploads\/3-Infografia-gentrificacion3-160x160.jpg 160w, https:\/\/centrourbano.com\/revista\/wp-content\/uploads\/3-Infografia-gentrificacion3-255x255.jpg 255w, https:\/\/centrourbano.com\/revista\/wp-content\/uploads\/3-Infografia-gentrificacion3-65x65.jpg 65w, https:\/\/centrourbano.com\/revista\/wp-content\/uploads\/3-Infografia-gentrificacion3.jpg 1200w\" sizes=\"auto, (max-width: 1000px) 100vw, 1000px\" \/><img loading=\"lazy\" decoding=\"async\" class=\"aligncenter wp-image-156301 size-large\" src=\"https:\/\/centrourbano.com\/revista\/wp-content\/uploads\/4-Infografia-gentrificacion4-1000x1000.jpg\" alt=\"\" width=\"1000\" height=\"1000\" srcset=\"https:\/\/centrourbano.com\/revista\/wp-content\/uploads\/4-Infografia-gentrificacion4-1000x1000.jpg 1000w, https:\/\/centrourbano.com\/revista\/wp-content\/uploads\/4-Infografia-gentrificacion4-300x300.jpg 300w, https:\/\/centrourbano.com\/revista\/wp-content\/uploads\/4-Infografia-gentrificacion4-150x150.jpg 150w, https:\/\/centrourbano.com\/revista\/wp-content\/uploads\/4-Infografia-gentrificacion4-768x768.jpg 768w, https:\/\/centrourbano.com\/revista\/wp-content\/uploads\/4-Infografia-gentrificacion4-635x635.jpg 635w, https:\/\/centrourbano.com\/revista\/wp-content\/uploads\/4-Infografia-gentrificacion4-445x445.jpg 445w, https:\/\/centrourbano.com\/revista\/wp-content\/uploads\/4-Infografia-gentrificacion4-350x350.jpg 350w, https:\/\/centrourbano.com\/revista\/wp-content\/uploads\/4-Infografia-gentrificacion4-160x160.jpg 160w, https:\/\/centrourbano.com\/revista\/wp-content\/uploads\/4-Infografia-gentrificacion4-255x255.jpg 255w, https:\/\/centrourbano.com\/revista\/wp-content\/uploads\/4-Infografia-gentrificacion4-65x65.jpg 65w, https:\/\/centrourbano.com\/revista\/wp-content\/uploads\/4-Infografia-gentrificacion4.jpg 1200w\" sizes=\"auto, (max-width: 1000px) 100vw, 1000px\" \/><img loading=\"lazy\" decoding=\"async\" class=\"aligncenter wp-image-156299 size-large\" src=\"https:\/\/centrourbano.com\/revista\/wp-content\/uploads\/5-Infografia-gentrificacion5-1000x1000.jpg\" alt=\"\" width=\"1000\" height=\"1000\" srcset=\"https:\/\/centrourbano.com\/revista\/wp-content\/uploads\/5-Infografia-gentrificacion5-1000x1000.jpg 1000w, https:\/\/centrourbano.com\/revista\/wp-content\/uploads\/5-Infografia-gentrificacion5-300x300.jpg 300w, https:\/\/centrourbano.com\/revista\/wp-content\/uploads\/5-Infografia-gentrificacion5-150x150.jpg 150w, https:\/\/centrourbano.com\/revista\/wp-content\/uploads\/5-Infografia-gentrificacion5-768x768.jpg 768w, https:\/\/centrourbano.com\/revista\/wp-content\/uploads\/5-Infografia-gentrificacion5-635x635.jpg 635w, https:\/\/centrourbano.com\/revista\/wp-content\/uploads\/5-Infografia-gentrificacion5-445x445.jpg 445w, https:\/\/centrourbano.com\/revista\/wp-content\/uploads\/5-Infografia-gentrificacion5-350x350.jpg 350w, https:\/\/centrourbano.com\/revista\/wp-content\/uploads\/5-Infografia-gentrificacion5-160x160.jpg 160w, https:\/\/centrourbano.com\/revista\/wp-content\/uploads\/5-Infografia-gentrificacion5-255x255.jpg 255w, https:\/\/centrourbano.com\/revista\/wp-content\/uploads\/5-Infografia-gentrificacion5-65x65.jpg 65w, https:\/\/centrourbano.com\/revista\/wp-content\/uploads\/5-Infografia-gentrificacion5.jpg 1200w\" sizes=\"auto, (max-width: 1000px) 100vw, 1000px\" \/><img loading=\"lazy\" decoding=\"async\" class=\"aligncenter wp-image-156296 size-large\" src=\"https:\/\/centrourbano.com\/revista\/wp-content\/uploads\/6-Infografia-gentrificacion6-1000x1000.jpg\" alt=\"\" width=\"1000\" height=\"1000\" srcset=\"https:\/\/centrourbano.com\/revista\/wp-content\/uploads\/6-Infografia-gentrificacion6-1000x1000.jpg 1000w, https:\/\/centrourbano.com\/revista\/wp-content\/uploads\/6-Infografia-gentrificacion6-300x300.jpg 300w, https:\/\/centrourbano.com\/revista\/wp-content\/uploads\/6-Infografia-gentrificacion6-150x150.jpg 150w, https:\/\/centrourbano.com\/revista\/wp-content\/uploads\/6-Infografia-gentrificacion6-768x768.jpg 768w, https:\/\/centrourbano.com\/revista\/wp-content\/uploads\/6-Infografia-gentrificacion6-635x635.jpg 635w, https:\/\/centrourbano.com\/revista\/wp-content\/uploads\/6-Infografia-gentrificacion6-445x445.jpg 445w, https:\/\/centrourbano.com\/revista\/wp-content\/uploads\/6-Infografia-gentrificacion6-350x350.jpg 350w, https:\/\/centrourbano.com\/revista\/wp-content\/uploads\/6-Infografia-gentrificacion6-160x160.jpg 160w, https:\/\/centrourbano.com\/revista\/wp-content\/uploads\/6-Infografia-gentrificacion6-255x255.jpg 255w, https:\/\/centrourbano.com\/revista\/wp-content\/uploads\/6-Infografia-gentrificacion6-65x65.jpg 65w, https:\/\/centrourbano.com\/revista\/wp-content\/uploads\/6-Infografia-gentrificacion6.jpg 1200w\" sizes=\"auto, (max-width: 1000px) 100vw, 1000px\" \/><img loading=\"lazy\" decoding=\"async\" class=\"aligncenter wp-image-156295 size-large\" src=\"https:\/\/centrourbano.com\/revista\/wp-content\/uploads\/7-Infografia-gentrificacion7-1000x1000.jpg\" alt=\"\" width=\"1000\" height=\"1000\" srcset=\"https:\/\/centrourbano.com\/revista\/wp-content\/uploads\/7-Infografia-gentrificacion7-1000x1000.jpg 1000w, https:\/\/centrourbano.com\/revista\/wp-content\/uploads\/7-Infografia-gentrificacion7-300x300.jpg 300w, https:\/\/centrourbano.com\/revista\/wp-content\/uploads\/7-Infografia-gentrificacion7-150x150.jpg 150w, https:\/\/centrourbano.com\/revista\/wp-content\/uploads\/7-Infografia-gentrificacion7-768x768.jpg 768w, https:\/\/centrourbano.com\/revista\/wp-content\/uploads\/7-Infografia-gentrificacion7-635x635.jpg 635w, https:\/\/centrourbano.com\/revista\/wp-content\/uploads\/7-Infografia-gentrificacion7-445x445.jpg 445w, https:\/\/centrourbano.com\/revista\/wp-content\/uploads\/7-Infografia-gentrificacion7-350x350.jpg 350w, https:\/\/centrourbano.com\/revista\/wp-content\/uploads\/7-Infografia-gentrificacion7-160x160.jpg 160w, https:\/\/centrourbano.com\/revista\/wp-content\/uploads\/7-Infografia-gentrificacion7-255x255.jpg 255w, https:\/\/centrourbano.com\/revista\/wp-content\/uploads\/7-Infografia-gentrificacion7-65x65.jpg 65w, https:\/\/centrourbano.com\/revista\/wp-content\/uploads\/7-Infografia-gentrificacion7.jpg 1200w\" sizes=\"auto, (max-width: 1000px) 100vw, 1000px\" \/><img loading=\"lazy\" decoding=\"async\" class=\"aligncenter wp-image-156294 size-large\" src=\"https:\/\/centrourbano.com\/revista\/wp-content\/uploads\/8-Infografia-gentrificacion8-1000x1000.jpg\" alt=\"\" width=\"1000\" height=\"1000\" srcset=\"https:\/\/centrourbano.com\/revista\/wp-content\/uploads\/8-Infografia-gentrificacion8-1000x1000.jpg 1000w, https:\/\/centrourbano.com\/revista\/wp-content\/uploads\/8-Infografia-gentrificacion8-300x300.jpg 300w, https:\/\/centrourbano.com\/revista\/wp-content\/uploads\/8-Infografia-gentrificacion8-150x150.jpg 150w, https:\/\/centrourbano.com\/revista\/wp-content\/uploads\/8-Infografia-gentrificacion8-768x768.jpg 768w, https:\/\/centrourbano.com\/revista\/wp-content\/uploads\/8-Infografia-gentrificacion8-635x635.jpg 635w, https:\/\/centrourbano.com\/revista\/wp-content\/uploads\/8-Infografia-gentrificacion8-445x445.jpg 445w, https:\/\/centrourbano.com\/revista\/wp-content\/uploads\/8-Infografia-gentrificacion8-350x350.jpg 350w, https:\/\/centrourbano.com\/revista\/wp-content\/uploads\/8-Infografia-gentrificacion8-160x160.jpg 160w, https:\/\/centrourbano.com\/revista\/wp-content\/uploads\/8-Infografia-gentrificacion8-255x255.jpg 255w, https:\/\/centrourbano.com\/revista\/wp-content\/uploads\/8-Infografia-gentrificacion8-65x65.jpg 65w, https:\/\/centrourbano.com\/revista\/wp-content\/uploads\/8-Infografia-gentrificacion8.jpg 1200w\" sizes=\"auto, (max-width: 1000px) 100vw, 1000px\" \/>\n","protected":false},"excerpt":{"rendered":"<p>A ra\u00edz de la marcha realizada el pasado viernes en contra de la gentrificaci\u00f3n, el tema ha tomado fuerza en los \u00faltimos d\u00edas. Sin embargo, \u00bfqu\u00e9 es este fen\u00f3meno?, \u00bfc\u00f3mo afecta a la ciudadan\u00eda?<\/p>\n","protected":false},"author":77,"featured_media":156290,"comment_status":"open","ping_status":"closed","sticky":false,"template":"","format":"standard","meta":{"inline_featured_image":false,"footnotes":""},"categories":[12],"tags":[290,5339],"class_list":["post-156285","post","type-post","status-publish","format-standard","has-post-thumbnail","hentry","category-vivienda","tag-ciudad-de-mexico","tag-gentrificacion"],"yoast_head":"<!-- This site is optimized with the Yoast SEO plugin v28.4 - https:\/\/yoast.com\/product\/yoast-seo-wordpress\/ -->\n<title>Gentrificaci\u00f3n: \u00bfQu\u00e9 es y c\u00f3mo afecta a la CDMX?<\/title>\n<meta name=\"description\" content=\"A ra\u00edz de la marcha realizada el pasado viernes en contra de la gentrificaci\u00f3n,\u00a0 el tema ha tomado fuerza en los \u00faltimos d\u00edas. Sin embargo...\" \/>\n<meta name=\"robots\" content=\"index, follow, max-snippet:-1, max-image-preview:large, max-video-preview:-1\" \/>\n<link rel=\"canonical\" href=\"https:\/\/centrourbano.com\/revista\/vivienda\/gentrificacion-como-afecta-cdmx\/\" \/>\n<meta property=\"og:locale\" content=\"es_ES\" \/>\n<meta property=\"og:type\" content=\"article\" \/>\n<meta property=\"og:title\" content=\"Gentrificaci\u00f3n: \u00bfQu\u00e9 es y c\u00f3mo afecta a la CDMX?\" \/>\n<meta property=\"og:description\" content=\"A ra\u00edz de la marcha realizada el pasado viernes en contra de la gentrificaci\u00f3n,\u00a0 el tema ha tomado fuerza en los \u00faltimos d\u00edas. Sin embargo...\" \/>\n<meta property=\"og:url\" content=\"https:\/\/centrourbano.com\/revista\/vivienda\/gentrificacion-como-afecta-cdmx\/\" \/>\n<meta property=\"og:site_name\" content=\"Centro Urbano\" \/>\n<meta property=\"article:publisher\" content=\"https:\/\/www.facebook.com\/portalcentrourbano\" \/>\n<meta property=\"article:published_time\" content=\"2025-07-09T23:39:55+00:00\" \/>\n<meta property=\"article:modified_time\" content=\"2025-07-11T20:24:19+00:00\" \/>\n<meta property=\"og:image\" content=\"https:\/\/centrourbano.com\/revista\/wp-content\/uploads\/Gentrificacion-\u00bfQue-es-y-como-afecta-a-la-CDMX.png\" \/>\n\t<meta property=\"og:image:width\" content=\"1200\" \/>\n\t<meta property=\"og:image:height\" content=\"1200\" \/>\n\t<meta property=\"og:image:type\" content=\"image\/png\" \/>\n<meta name=\"author\" content=\"G4A\" \/>\n<meta name=\"twitter:card\" content=\"summary_large_image\" \/>\n<meta name=\"twitter:creator\" content=\"@CentroUrbano\" \/>\n<meta name=\"twitter:site\" content=\"@CentroUrbano\" \/>\n<meta name=\"twitter:label1\" content=\"Escrito por\" \/>\n\t<meta name=\"twitter:data1\" content=\"G4A\" \/>\n\t<meta name=\"twitter:label2\" content=\"Tiempo de lectura\" \/>\n\t<meta name=\"twitter:data2\" content=\"6 minutos\" \/>\n<script type=\"application\/ld+json\" class=\"yoast-schema-graph\">{\"@context\":\"https:\\\/\\\/schema.org\",\"@graph\":[{\"@type\":\"Article\",\"@id\":\"https:\\\/\\\/centrourbano.com\\\/revista\\\/vivienda\\\/gentrificacion-como-afecta-cdmx\\\/#article\",\"isPartOf\":{\"@id\":\"https:\\\/\\\/centrourbano.com\\\/revista\\\/vivienda\\\/gentrificacion-como-afecta-cdmx\\\/\"},\"author\":{\"name\":\"G4A\",\"@id\":\"https:\\\/\\\/centrourbano.com\\\/revista\\\/#\\\/schema\\\/person\\\/370fa0ba2d8dd5bde3fdb8b62ad360aa\"},\"headline\":\"Gentrificaci\u00f3n: \u00bfQu\u00e9 es y c\u00f3mo afecta a la CDMX?\",\"datePublished\":\"2025-07-09T23:39:55+00:00\",\"dateModified\":\"2025-07-11T20:24:19+00:00\",\"mainEntityOfPage\":{\"@id\":\"https:\\\/\\\/centrourbano.com\\\/revista\\\/vivienda\\\/gentrificacion-como-afecta-cdmx\\\/\"},\"wordCount\":898,\"commentCount\":0,\"publisher\":{\"@id\":\"https:\\\/\\\/centrourbano.com\\\/revista\\\/#organization\"},\"image\":{\"@id\":\"https:\\\/\\\/centrourbano.com\\\/revista\\\/vivienda\\\/gentrificacion-como-afecta-cdmx\\\/#primaryimage\"},\"thumbnailUrl\":\"https:\\\/\\\/centrourbano.com\\\/revista\\\/wp-content\\\/uploads\\\/Gentrificacion-\u00bfQue-es-y-como-afecta-a-la-CDMX.png\",\"keywords\":[\"ciudad de M\u00e9xico\",\"gentrificaci\u00f3n\"],\"articleSection\":[\"Vivienda\"],\"inLanguage\":\"es\"},{\"@type\":\"WebPage\",\"@id\":\"https:\\\/\\\/centrourbano.com\\\/revista\\\/vivienda\\\/gentrificacion-como-afecta-cdmx\\\/\",\"url\":\"https:\\\/\\\/centrourbano.com\\\/revista\\\/vivienda\\\/gentrificacion-como-afecta-cdmx\\\/\",\"name\":\"Gentrificaci\u00f3n: \u00bfQu\u00e9 es y c\u00f3mo afecta a la CDMX?\",\"isPartOf\":{\"@id\":\"https:\\\/\\\/centrourbano.com\\\/revista\\\/#website\"},\"primaryImageOfPage\":{\"@id\":\"https:\\\/\\\/centrourbano.com\\\/revista\\\/vivienda\\\/gentrificacion-como-afecta-cdmx\\\/#primaryimage\"},\"image\":{\"@id\":\"https:\\\/\\\/centrourbano.com\\\/revista\\\/vivienda\\\/gentrificacion-como-afecta-cdmx\\\/#primaryimage\"},\"thumbnailUrl\":\"https:\\\/\\\/centrourbano.com\\\/revista\\\/wp-content\\\/uploads\\\/Gentrificacion-\u00bfQue-es-y-como-afecta-a-la-CDMX.png\",\"datePublished\":\"2025-07-09T23:39:55+00:00\",\"dateModified\":\"2025-07-11T20:24:19+00:00\",\"description\":\"A ra\u00edz de la marcha realizada el pasado viernes en contra de la gentrificaci\u00f3n,\u00a0 el tema ha tomado fuerza en los \u00faltimos d\u00edas. Sin embargo...\",\"breadcrumb\":{\"@id\":\"https:\\\/\\\/centrourbano.com\\\/revista\\\/vivienda\\\/gentrificacion-como-afecta-cdmx\\\/#breadcrumb\"},\"inLanguage\":\"es\",\"potentialAction\":[{\"@type\":\"ReadAction\",\"target\":[\"https:\\\/\\\/centrourbano.com\\\/revista\\\/vivienda\\\/gentrificacion-como-afecta-cdmx\\\/\"]}]},{\"@type\":\"ImageObject\",\"inLanguage\":\"es\",\"@id\":\"https:\\\/\\\/centrourbano.com\\\/revista\\\/vivienda\\\/gentrificacion-como-afecta-cdmx\\\/#primaryimage\",\"url\":\"https:\\\/\\\/centrourbano.com\\\/revista\\\/wp-content\\\/uploads\\\/Gentrificacion-\u00bfQue-es-y-como-afecta-a-la-CDMX.png\",\"contentUrl\":\"https:\\\/\\\/centrourbano.com\\\/revista\\\/wp-content\\\/uploads\\\/Gentrificacion-\u00bfQue-es-y-como-afecta-a-la-CDMX.png\",\"width\":1200,\"height\":1200,\"caption\":\"Gentrificaci\u00f3n \u00bfQu\u00e9 es y c\u00f3mo afecta a la CDMX\"},{\"@type\":\"BreadcrumbList\",\"@id\":\"https:\\\/\\\/centrourbano.com\\\/revista\\\/vivienda\\\/gentrificacion-como-afecta-cdmx\\\/#breadcrumb\",\"itemListElement\":[{\"@type\":\"ListItem\",\"position\":1,\"name\":\"Portada\",\"item\":\"https:\\\/\\\/centrourbano.com\\\/revista\\\/\"},{\"@type\":\"ListItem\",\"position\":2,\"name\":\"Gentrificaci\u00f3n: \u00bfQu\u00e9 es y c\u00f3mo afecta a la CDMX?\"}]},{\"@type\":\"WebSite\",\"@id\":\"https:\\\/\\\/centrourbano.com\\\/revista\\\/#website\",\"url\":\"https:\\\/\\\/centrourbano.com\\\/revista\\\/\",\"name\":\"Centro Urbano\",\"description\":\"Medio especializado en los sectores vivienda, inmobiliario, construcci\u00f3n, arquitectura y urbanismo.\",\"publisher\":{\"@id\":\"https:\\\/\\\/centrourbano.com\\\/revista\\\/#organization\"},\"potentialAction\":[{\"@type\":\"SearchAction\",\"target\":{\"@type\":\"EntryPoint\",\"urlTemplate\":\"https:\\\/\\\/centrourbano.com\\\/revista\\\/?s={search_term_string}\"},\"query-input\":{\"@type\":\"PropertyValueSpecification\",\"valueRequired\":true,\"valueName\":\"search_term_string\"}}],\"inLanguage\":\"es\"},{\"@type\":\"Organization\",\"@id\":\"https:\\\/\\\/centrourbano.com\\\/revista\\\/#organization\",\"name\":\"Centro Urbano\",\"url\":\"https:\\\/\\\/centrourbano.com\\\/revista\\\/\",\"logo\":{\"@type\":\"ImageObject\",\"inLanguage\":\"es\",\"@id\":\"https:\\\/\\\/centrourbano.com\\\/revista\\\/#\\\/schema\\\/logo\\\/image\\\/\",\"url\":\"https:\\\/\\\/centrourbano.com\\\/revista\\\/wp-content\\\/uploads\\\/web_CU_logo-1.png\",\"contentUrl\":\"https:\\\/\\\/centrourbano.com\\\/revista\\\/wp-content\\\/uploads\\\/web_CU_logo-1.png\",\"width\":350,\"height\":91,\"caption\":\"Centro Urbano\"},\"image\":{\"@id\":\"https:\\\/\\\/centrourbano.com\\\/revista\\\/#\\\/schema\\\/logo\\\/image\\\/\"},\"sameAs\":[\"https:\\\/\\\/www.facebook.com\\\/portalcentrourbano\",\"https:\\\/\\\/x.com\\\/CentroUrbano\",\"https:\\\/\\\/www.instagram.com\\\/centro_urbano\\\/\",\"https:\\\/\\\/www.linkedin.com\\\/company\\\/centro-urbano\\\/\",\"http:\\\/\\\/www.youtube.com\\\/user\\\/portalcentrourbano\"]},{\"@type\":\"Person\",\"@id\":\"https:\\\/\\\/centrourbano.com\\\/revista\\\/#\\\/schema\\\/person\\\/370fa0ba2d8dd5bde3fdb8b62ad360aa\",\"name\":\"G4A\",\"image\":{\"@type\":\"ImageObject\",\"inLanguage\":\"es\",\"@id\":\"https:\\\/\\\/secure.gravatar.com\\\/avatar\\\/932a97121b13d5de5bbd8193c6c83d3b92c9eda0f39623607d4280e7a5778d97?s=96&d=mm&r=g\",\"url\":\"https:\\\/\\\/secure.gravatar.com\\\/avatar\\\/932a97121b13d5de5bbd8193c6c83d3b92c9eda0f39623607d4280e7a5778d97?s=96&d=mm&r=g\",\"contentUrl\":\"https:\\\/\\\/secure.gravatar.com\\\/avatar\\\/932a97121b13d5de5bbd8193c6c83d3b92c9eda0f39623607d4280e7a5778d97?s=96&d=mm&r=g\",\"caption\":\"G4A\"},\"url\":\"https:\\\/\\\/centrourbano.com\\\/revista\\\/author\\\/admin-g4a\\\/\"}]}<\/script>\n<!-- \/ Yoast SEO plugin. -->","yoast_head_json":{"title":"Gentrificaci\u00f3n: \u00bfQu\u00e9 es y c\u00f3mo afecta a la CDMX?","description":"A ra\u00edz de la marcha realizada el pasado viernes en contra de la gentrificaci\u00f3n,\u00a0 el tema ha tomado fuerza en los \u00faltimos d\u00edas. Sin embargo...","robots":{"index":"index","follow":"follow","max-snippet":"max-snippet:-1","max-image-preview":"max-image-preview:large","max-video-preview":"max-video-preview:-1"},"canonical":"https:\/\/centrourbano.com\/revista\/vivienda\/gentrificacion-como-afecta-cdmx\/","og_locale":"es_ES","og_type":"article","og_title":"Gentrificaci\u00f3n: \u00bfQu\u00e9 es y c\u00f3mo afecta a la CDMX?","og_description":"A ra\u00edz de la marcha realizada el pasado viernes en contra de la gentrificaci\u00f3n,\u00a0 el tema ha tomado fuerza en los \u00faltimos d\u00edas. Sin embargo...","og_url":"https:\/\/centrourbano.com\/revista\/vivienda\/gentrificacion-como-afecta-cdmx\/","og_site_name":"Centro Urbano","article_publisher":"https:\/\/www.facebook.com\/portalcentrourbano","article_published_time":"2025-07-09T23:39:55+00:00","article_modified_time":"2025-07-11T20:24:19+00:00","og_image":[{"width":1200,"height":1200,"url":"https:\/\/centrourbano.com\/revista\/wp-content\/uploads\/Gentrificacion-\u00bfQue-es-y-como-afecta-a-la-CDMX.png","type":"image\/png"}],"author":"G4A","twitter_card":"summary_large_image","twitter_creator":"@CentroUrbano","twitter_site":"@CentroUrbano","twitter_misc":{"Escrito por":"G4A","Tiempo de lectura":"6 minutos"},"schema":{"@context":"https:\/\/schema.org","@graph":[{"@type":"Article","@id":"https:\/\/centrourbano.com\/revista\/vivienda\/gentrificacion-como-afecta-cdmx\/#article","isPartOf":{"@id":"https:\/\/centrourbano.com\/revista\/vivienda\/gentrificacion-como-afecta-cdmx\/"},"author":{"name":"G4A","@id":"https:\/\/centrourbano.com\/revista\/#\/schema\/person\/370fa0ba2d8dd5bde3fdb8b62ad360aa"},"headline":"Gentrificaci\u00f3n: \u00bfQu\u00e9 es y c\u00f3mo afecta a la CDMX?","datePublished":"2025-07-09T23:39:55+00:00","dateModified":"2025-07-11T20:24:19+00:00","mainEntityOfPage":{"@id":"https:\/\/centrourbano.com\/revista\/vivienda\/gentrificacion-como-afecta-cdmx\/"},"wordCount":898,"commentCount":0,"publisher":{"@id":"https:\/\/centrourbano.com\/revista\/#organization"},"image":{"@id":"https:\/\/centrourbano.com\/revista\/vivienda\/gentrificacion-como-afecta-cdmx\/#primaryimage"},"thumbnailUrl":"https:\/\/centrourbano.com\/revista\/wp-content\/uploads\/Gentrificacion-\u00bfQue-es-y-como-afecta-a-la-CDMX.png","keywords":["ciudad de M\u00e9xico","gentrificaci\u00f3n"],"articleSection":["Vivienda"],"inLanguage":"es"},{"@type":"WebPage","@id":"https:\/\/centrourbano.com\/revista\/vivienda\/gentrificacion-como-afecta-cdmx\/","url":"https:\/\/centrourbano.com\/revista\/vivienda\/gentrificacion-como-afecta-cdmx\/","name":"Gentrificaci\u00f3n: \u00bfQu\u00e9 es y c\u00f3mo afecta a la CDMX?","isPartOf":{"@id":"https:\/\/centrourbano.com\/revista\/#website"},"primaryImageOfPage":{"@id":"https:\/\/centrourbano.com\/revista\/vivienda\/gentrificacion-como-afecta-cdmx\/#primaryimage"},"image":{"@id":"https:\/\/centrourbano.com\/revista\/vivienda\/gentrificacion-como-afecta-cdmx\/#primaryimage"},"thumbnailUrl":"https:\/\/centrourbano.com\/revista\/wp-content\/uploads\/Gentrificacion-\u00bfQue-es-y-como-afecta-a-la-CDMX.png","datePublished":"2025-07-09T23:39:55+00:00","dateModified":"2025-07-11T20:24:19+00:00","description":"A ra\u00edz de la marcha realizada el pasado viernes en contra de la gentrificaci\u00f3n,\u00a0 el tema ha tomado fuerza en los \u00faltimos d\u00edas. Sin embargo...","breadcrumb":{"@id":"https:\/\/centrourbano.com\/revista\/vivienda\/gentrificacion-como-afecta-cdmx\/#breadcrumb"},"inLanguage":"es","potentialAction":[{"@type":"ReadAction","target":["https:\/\/centrourbano.com\/revista\/vivienda\/gentrificacion-como-afecta-cdmx\/"]}]},{"@type":"ImageObject","inLanguage":"es","@id":"https:\/\/centrourbano.com\/revista\/vivienda\/gentrificacion-como-afecta-cdmx\/#primaryimage","url":"https:\/\/centrourbano.com\/revista\/wp-content\/uploads\/Gentrificacion-\u00bfQue-es-y-como-afecta-a-la-CDMX.png","contentUrl":"https:\/\/centrourbano.com\/revista\/wp-content\/uploads\/Gentrificacion-\u00bfQue-es-y-como-afecta-a-la-CDMX.png","width":1200,"height":1200,"caption":"Gentrificaci\u00f3n \u00bfQu\u00e9 es y c\u00f3mo afecta a la CDMX"},{"@type":"BreadcrumbList","@id":"https:\/\/centrourbano.com\/revista\/vivienda\/gentrificacion-como-afecta-cdmx\/#breadcrumb","itemListElement":[{"@type":"ListItem","position":1,"name":"Portada","item":"https:\/\/centrourbano.com\/revista\/"},{"@type":"ListItem","position":2,"name":"Gentrificaci\u00f3n: \u00bfQu\u00e9 es y c\u00f3mo afecta a la CDMX?"}]},{"@type":"WebSite","@id":"https:\/\/centrourbano.com\/revista\/#website","url":"https:\/\/centrourbano.com\/revista\/","name":"Centro Urbano","description":"Medio especializado en los sectores vivienda, inmobiliario, construcci\u00f3n, arquitectura y urbanismo.","publisher":{"@id":"https:\/\/centrourbano.com\/revista\/#organization"},"potentialAction":[{"@type":"SearchAction","target":{"@type":"EntryPoint","urlTemplate":"https:\/\/centrourbano.com\/revista\/?s={search_term_string}"},"query-input":{"@type":"PropertyValueSpecification","valueRequired":true,"valueName":"search_term_string"}}],"inLanguage":"es"},{"@type":"Organization","@id":"https:\/\/centrourbano.com\/revista\/#organization","name":"Centro Urbano","url":"https:\/\/centrourbano.com\/revista\/","logo":{"@type":"ImageObject","inLanguage":"es","@id":"https:\/\/centrourbano.com\/revista\/#\/schema\/logo\/image\/","url":"https:\/\/centrourbano.com\/revista\/wp-content\/uploads\/web_CU_logo-1.png","contentUrl":"https:\/\/centrourbano.com\/revista\/wp-content\/uploads\/web_CU_logo-1.png","width":350,"height":91,"caption":"Centro Urbano"},"image":{"@id":"https:\/\/centrourbano.com\/revista\/#\/schema\/logo\/image\/"},"sameAs":["https:\/\/www.facebook.com\/portalcentrourbano","https:\/\/x.com\/CentroUrbano","https:\/\/www.instagram.com\/centro_urbano\/","https:\/\/www.linkedin.com\/company\/centro-urbano\/","http:\/\/www.youtube.com\/user\/portalcentrourbano"]},{"@type":"Person","@id":"https:\/\/centrourbano.com\/revista\/#\/schema\/person\/370fa0ba2d8dd5bde3fdb8b62ad360aa","name":"G4A","image":{"@type":"ImageObject","inLanguage":"es","@id":"https:\/\/secure.gravatar.com\/avatar\/932a97121b13d5de5bbd8193c6c83d3b92c9eda0f39623607d4280e7a5778d97?s=96&d=mm&r=g","url":"https:\/\/secure.gravatar.com\/avatar\/932a97121b13d5de5bbd8193c6c83d3b92c9eda0f39623607d4280e7a5778d97?s=96&d=mm&r=g","contentUrl":"https:\/\/secure.gravatar.com\/avatar\/932a97121b13d5de5bbd8193c6c83d3b92c9eda0f39623607d4280e7a5778d97?s=96&d=mm&r=g","caption":"G4A"},"url":"https:\/\/centrourbano.com\/revista\/author\/admin-g4a\/"}]}},"_links":{"self":[{"href":"https:\/\/centrourbano.com\/revista\/wp-json\/wp\/v2\/posts\/156285","targetHints":{"allow":["GET"]}}],"collection":[{"href":"https:\/\/centrourbano.com\/revista\/wp-json\/wp\/v2\/posts"}],"about":[{"href":"https:\/\/centrourbano.com\/revista\/wp-json\/wp\/v2\/types\/post"}],"author":[{"embeddable":true,"href":"https:\/\/centrourbano.com\/revista\/wp-json\/wp\/v2\/users\/77"}],"replies":[{"embeddable":true,"href":"https:\/\/centrourbano.com\/revista\/wp-json\/wp\/v2\/comments?post=156285"}],"version-history":[{"count":9,"href":"https:\/\/centrourbano.com\/revista\/wp-json\/wp\/v2\/posts\/156285\/revisions"}],"predecessor-version":[{"id":156291,"href":"https:\/\/centrourbano.com\/revista\/wp-json\/wp\/v2\/posts\/156285\/revisions\/156291"}],"wp:featuredmedia":[{"embeddable":true,"href":"https:\/\/centrourbano.com\/revista\/wp-json\/wp\/v2\/media\/156290"}],"wp:attachment":[{"href":"https:\/\/centrourbano.com\/revista\/wp-json\/wp\/v2\/media?parent=156285"}],"wp:term":[{"taxonomy":"category","embeddable":true,"href":"https:\/\/centrourbano.com\/revista\/wp-json\/wp\/v2\/categories?post=156285"},{"taxonomy":"post_tag","embeddable":true,"href":"https:\/\/centrourbano.com\/revista\/wp-json\/wp\/v2\/tags?post=156285"}],"curies":[{"name":"wp","href":"https:\/\/api.w.org\/{rel}","templated":true}]}}