{"id":155540,"date":"2025-06-04T08:00:19","date_gmt":"2025-06-04T14:00:19","guid":{"rendered":"https:\/\/centrourbano.com\/revista\/?p=155540"},"modified":"2025-06-03T23:14:01","modified_gmt":"2025-06-04T05:14:01","slug":"brugada-plan-ciclista-cdmx","status":"publish","type":"post","link":"https:\/\/centrourbano.com\/revista\/urbanismo\/brugada-plan-ciclista-cdmx\/","title":{"rendered":"Presenta Brugada Plan Ciclista 2025-2030 para la CDMX"},"content":{"rendered":"<p><em>Brugada explic\u00f3 que el plan contempla la construcci\u00f3n de ciclov\u00edas y biciestacionamientos, y la ampliaci\u00f3n del programa Ecobici<\/em><!--more--><\/p>\n<p>En el marco del D\u00eda Mundial de la Bicicleta, <strong>Clara Brugada Molina, jefa de Gobierno de la Ciudad de M\u00e9xico<\/strong>, present\u00f3 el <strong>Plan Ciclista 2025-2030 \u2018Ciudad que late en bicicleta<\/strong>\u2019, que contempla diversas iniciativas para impulsar la movilidad sustentable en la metr\u00f3poli.<\/p>\n<p>\u201cEstamos convencidos que la <strong>bicicleta<\/strong> es clave para hacer a la Ciudad de M\u00e9xico una ciudad m\u00e1s humana, una ciudad m\u00e1s limpia, m\u00e1s sustentable e igualitaria. Por eso vamos a seguir invirtiendo, educando, promoviendo legislaciones o reformando nuestros reglamentos y promoviendo una movilidad con el ciclismo\u201d, dijo.<\/p>\n<p>La <a href=\"https:\/\/centrourbano.com\/revista\/urbanismo\/brugada-inversion-prevenir-inundaciones\/\" target=\"_blank\" rel=\"noopener\">mandataria<\/a> explic\u00f3 que, en los pr\u00f3ximos cinco a\u00f1os, se construir\u00e1n 300 kil\u00f3metros nuevos de <strong>ciclov\u00edas<\/strong> que se sumar\u00e1n a los 553 kil\u00f3metros ya existentes, a los cuales se les dar\u00e1 mantenimiento integral.<\/p>\n<p>Asimismo, anunci\u00f3 la construcci\u00f3n de 50 nuevos <strong>biciestacionamientos masivos<\/strong> y de un nuevo <strong>vel\u00f3dromo<\/strong> en la alcald\u00eda Gustavo A. Madero, que se sumar\u00e1 al ya existente en la Venustiano Carranza.<\/p>\n<p>De igual manera, <strong>Brugada<\/strong> indic\u00f3 que el Plan incluye la <strong>ampliaci\u00f3n del sistema Ecobici<\/strong> hacia el sur, oriente y norte de la ciudad, mismo que actualmente cuenta con 9,300 bicicletas en operaci\u00f3n y sumar\u00e1 20,000 nuevas, de las cuales 1,000 estar\u00e1n listas para 2026, en el marco de la celebraci\u00f3n del Mundial de F\u00fatbol.<\/p>\n<p>Adicionalmente, la mandataria mencion\u00f3 que se impulsar\u00e1 la realizaci\u00f3n de <strong>rodadas nocturnas<\/strong> en toda la ciudad, as\u00ed como un programa de <strong>biciescuelas<\/strong> en 104 planteles los fines de semana, donde se impartir\u00e1n talleres para aprender el uso de la bicicleta, mejorar habilidades, aprender mec\u00e1nica b\u00e1sica, entre otras actividades.<\/p>\n<p>Finalmente, <strong>Brugada<\/strong> inform\u00f3 que se impulsar\u00e1 la armonizaci\u00f3n de la <strong>Ley General de Seguridad Vial<\/strong> con el <strong>Reglamento de Tr\u00e1nsito<\/strong>, a fin de mejorar la seguridad de los ciclistas.<\/p>\n<p>Por su parte, <strong>H\u00e9ctor Ulises Garc\u00eda Nieto, titular de la Secretar\u00eda de Movilidad capitalina<\/strong> (<strong>Semovi<\/strong>), anunci\u00f3 la ampliaci\u00f3n de la <strong>infraestructura ciclista<\/strong> en torno a Calzada de Tlalpan, incluyendo la conexi\u00f3n transversal a trav\u00e9s de corredores como Lorenzo Boturini, Eje 5 y Eje 6 Sur, Miguel \u00c1ngel de Quevedo hasta Calzada Taxque\u00f1a, Divisi\u00f3n del Norte hacia Coapa, y Ponciano Arriaga, que conecta el Monumento a la Revoluci\u00f3n con el Z\u00f3calo capitalino.<\/p>\n<p>Adem\u00e1s, como parte del <strong>mantenimiento<\/strong>, el funcionario detall\u00f3 que se renovar\u00e1n tramos ciclistas en el Eje 8 Sur (carril bus-bici), Eje 3 Sur (Morelos\u2013Chabacano), y Miguel \u00c1ngel de Quevedo; y, en materia de intermodalidad, resalt\u00f3 la construcci\u00f3n de <strong>biciestacionamientos<\/strong> <strong>masivos<\/strong> en Huipulco, Taxque\u00f1a y Universidad.<\/p>\n","protected":false},"excerpt":{"rendered":"<p>Brugada explic\u00f3 que el plan contempla la construcci\u00f3n de ciclov\u00edas y biciestacionamientos, y la ampliaci\u00f3n del programa Ecobici<\/p>\n","protected":false},"author":14,"featured_media":155541,"comment_status":"open","ping_status":"closed","sticky":false,"template":"","format":"standard","meta":{"om_disable_all_campaigns":false,"inline_featured_image":false,"_monsterinsights_skip_tracking":false,"_monsterinsights_sitenote_active":false,"_monsterinsights_sitenote_note":"","_monsterinsights_sitenote_category":0,"footnotes":""},"categories":[82],"tags":[15072,606,2021,24175,248,3368,25067],"class_list":["post-155540","post","type-post","status-publish","format-standard","has-post-thumbnail","hentry","category-urbanismo","tag-biciestacionamientos","tag-cdmx","tag-ciclovias","tag-clara-brugada","tag-ecobici","tag-movilidad-sustentable","tag-plan-ciclista"],"yoast_head":"<!-- This site is optimized with the Yoast SEO plugin v27.4 - https:\/\/yoast.com\/product\/yoast-seo-wordpress\/ -->\n<title>Presenta Brugada Plan Ciclista 2025-2030 para la CDMX<\/title>\n<meta name=\"description\" content=\"Brugada explic\u00f3 que el plan contempla la construcci\u00f3n de ciclov\u00edas y biciestacionamientos, y la ampliaci\u00f3n del programa Ecobici\" \/>\n<meta name=\"robots\" content=\"index, follow, max-snippet:-1, max-image-preview:large, max-video-preview:-1\" \/>\n<link rel=\"canonical\" href=\"https:\/\/centrourbano.com\/revista\/urbanismo\/brugada-plan-ciclista-cdmx\/\" \/>\n<meta property=\"og:locale\" content=\"es_ES\" \/>\n<meta property=\"og:type\" content=\"article\" \/>\n<meta property=\"og:title\" content=\"Presenta Brugada Plan Ciclista 2025-2030 para la CDMX\" \/>\n<meta property=\"og:description\" content=\"Brugada explic\u00f3 que el plan contempla la construcci\u00f3n de ciclov\u00edas y biciestacionamientos, y la ampliaci\u00f3n del programa Ecobici\" \/>\n<meta property=\"og:url\" content=\"https:\/\/centrourbano.com\/revista\/urbanismo\/brugada-plan-ciclista-cdmx\/\" \/>\n<meta property=\"og:site_name\" content=\"Centro Urbano\" \/>\n<meta property=\"article:publisher\" content=\"https:\/\/www.facebook.com\/portalcentrourbano\" \/>\n<meta property=\"article:published_time\" content=\"2025-06-04T14:00:19+00:00\" \/>\n<meta property=\"og:image\" content=\"https:\/\/centrourbano.com\/revista\/wp-content\/uploads\/Presenta-Brugada-Plan-Ciclista-2025-2030-para-la-CDMX.jpg\" \/>\n\t<meta property=\"og:image:width\" content=\"1400\" \/>\n\t<meta property=\"og:image:height\" content=\"1280\" \/>\n\t<meta property=\"og:image:type\" content=\"image\/jpeg\" \/>\n<meta name=\"author\" content=\"Redacci\u00f3n Centro Urbano\" \/>\n<meta name=\"twitter:card\" content=\"summary_large_image\" \/>\n<meta name=\"twitter:creator\" content=\"@CentroUrbano\" \/>\n<meta name=\"twitter:site\" content=\"@CentroUrbano\" \/>\n<meta name=\"twitter:label1\" content=\"Escrito por\" \/>\n\t<meta name=\"twitter:data1\" content=\"Redacci\u00f3n Centro Urbano\" \/>\n\t<meta name=\"twitter:label2\" content=\"Tiempo de lectura\" \/>\n\t<meta name=\"twitter:data2\" content=\"3 minutos\" \/>\n<script type=\"application\/ld+json\" class=\"yoast-schema-graph\">{\"@context\":\"https:\\\/\\\/schema.org\",\"@graph\":[{\"@type\":\"Article\",\"@id\":\"https:\\\/\\\/centrourbano.com\\\/revista\\\/urbanismo\\\/brugada-plan-ciclista-cdmx\\\/#article\",\"isPartOf\":{\"@id\":\"https:\\\/\\\/centrourbano.com\\\/revista\\\/urbanismo\\\/brugada-plan-ciclista-cdmx\\\/\"},\"author\":{\"name\":\"Redacci\u00f3n Centro Urbano\",\"@id\":\"https:\\\/\\\/centrourbano.com\\\/revista\\\/#\\\/schema\\\/person\\\/680e7c50f9d6e917e416c9efdc26f996\"},\"headline\":\"Presenta Brugada Plan Ciclista 2025-2030 para la CDMX\",\"datePublished\":\"2025-06-04T14:00:19+00:00\",\"mainEntityOfPage\":{\"@id\":\"https:\\\/\\\/centrourbano.com\\\/revista\\\/urbanismo\\\/brugada-plan-ciclista-cdmx\\\/\"},\"wordCount\":459,\"commentCount\":0,\"publisher\":{\"@id\":\"https:\\\/\\\/centrourbano.com\\\/revista\\\/#organization\"},\"image\":{\"@id\":\"https:\\\/\\\/centrourbano.com\\\/revista\\\/urbanismo\\\/brugada-plan-ciclista-cdmx\\\/#primaryimage\"},\"thumbnailUrl\":\"https:\\\/\\\/centrourbano.com\\\/revista\\\/wp-content\\\/uploads\\\/Presenta-Brugada-Plan-Ciclista-2025-2030-para-la-CDMX.jpg\",\"keywords\":[\"biciestacionamientos\",\"CDMX\",\"ciclov\u00edas\",\"Clara Brugada\",\"ecoBici\",\"movilidad sustentable\",\"Plan Ciclista\"],\"articleSection\":[\"Urbanismo\"],\"inLanguage\":\"es\",\"potentialAction\":[{\"@type\":\"CommentAction\",\"name\":\"Comment\",\"target\":[\"https:\\\/\\\/centrourbano.com\\\/revista\\\/urbanismo\\\/brugada-plan-ciclista-cdmx\\\/#respond\"]}]},{\"@type\":\"WebPage\",\"@id\":\"https:\\\/\\\/centrourbano.com\\\/revista\\\/urbanismo\\\/brugada-plan-ciclista-cdmx\\\/\",\"url\":\"https:\\\/\\\/centrourbano.com\\\/revista\\\/urbanismo\\\/brugada-plan-ciclista-cdmx\\\/\",\"name\":\"Presenta Brugada Plan Ciclista 2025-2030 para la CDMX\",\"isPartOf\":{\"@id\":\"https:\\\/\\\/centrourbano.com\\\/revista\\\/#website\"},\"primaryImageOfPage\":{\"@id\":\"https:\\\/\\\/centrourbano.com\\\/revista\\\/urbanismo\\\/brugada-plan-ciclista-cdmx\\\/#primaryimage\"},\"image\":{\"@id\":\"https:\\\/\\\/centrourbano.com\\\/revista\\\/urbanismo\\\/brugada-plan-ciclista-cdmx\\\/#primaryimage\"},\"thumbnailUrl\":\"https:\\\/\\\/centrourbano.com\\\/revista\\\/wp-content\\\/uploads\\\/Presenta-Brugada-Plan-Ciclista-2025-2030-para-la-CDMX.jpg\",\"datePublished\":\"2025-06-04T14:00:19+00:00\",\"description\":\"Brugada explic\u00f3 que el plan contempla la construcci\u00f3n de ciclov\u00edas y biciestacionamientos, y la ampliaci\u00f3n del programa Ecobici\",\"breadcrumb\":{\"@id\":\"https:\\\/\\\/centrourbano.com\\\/revista\\\/urbanismo\\\/brugada-plan-ciclista-cdmx\\\/#breadcrumb\"},\"inLanguage\":\"es\",\"potentialAction\":[{\"@type\":\"ReadAction\",\"target\":[\"https:\\\/\\\/centrourbano.com\\\/revista\\\/urbanismo\\\/brugada-plan-ciclista-cdmx\\\/\"]}]},{\"@type\":\"ImageObject\",\"inLanguage\":\"es\",\"@id\":\"https:\\\/\\\/centrourbano.com\\\/revista\\\/urbanismo\\\/brugada-plan-ciclista-cdmx\\\/#primaryimage\",\"url\":\"https:\\\/\\\/centrourbano.com\\\/revista\\\/wp-content\\\/uploads\\\/Presenta-Brugada-Plan-Ciclista-2025-2030-para-la-CDMX.jpg\",\"contentUrl\":\"https:\\\/\\\/centrourbano.com\\\/revista\\\/wp-content\\\/uploads\\\/Presenta-Brugada-Plan-Ciclista-2025-2030-para-la-CDMX.jpg\",\"width\":1400,\"height\":1280,\"caption\":\"Brugada explic\u00f3 que el plan contempla la construcci\u00f3n de ciclov\u00edas y biciestacionamientos, y la ampliaci\u00f3n del programa Ecobici\"},{\"@type\":\"BreadcrumbList\",\"@id\":\"https:\\\/\\\/centrourbano.com\\\/revista\\\/urbanismo\\\/brugada-plan-ciclista-cdmx\\\/#breadcrumb\",\"itemListElement\":[{\"@type\":\"ListItem\",\"position\":1,\"name\":\"Portada\",\"item\":\"https:\\\/\\\/centrourbano.com\\\/revista\\\/\"},{\"@type\":\"ListItem\",\"position\":2,\"name\":\"Presenta Brugada Plan Ciclista 2025-2030 para la CDMX\"}]},{\"@type\":\"WebSite\",\"@id\":\"https:\\\/\\\/centrourbano.com\\\/revista\\\/#website\",\"url\":\"https:\\\/\\\/centrourbano.com\\\/revista\\\/\",\"name\":\"Centro Urbano\",\"description\":\"Medio especializado en los sectores vivienda, inmobiliario, construcci\u00f3n, arquitectura y urbanismo.\",\"publisher\":{\"@id\":\"https:\\\/\\\/centrourbano.com\\\/revista\\\/#organization\"},\"potentialAction\":[{\"@type\":\"SearchAction\",\"target\":{\"@type\":\"EntryPoint\",\"urlTemplate\":\"https:\\\/\\\/centrourbano.com\\\/revista\\\/?s={search_term_string}\"},\"query-input\":{\"@type\":\"PropertyValueSpecification\",\"valueRequired\":true,\"valueName\":\"search_term_string\"}}],\"inLanguage\":\"es\"},{\"@type\":\"Organization\",\"@id\":\"https:\\\/\\\/centrourbano.com\\\/revista\\\/#organization\",\"name\":\"Centro Urbano\",\"url\":\"https:\\\/\\\/centrourbano.com\\\/revista\\\/\",\"logo\":{\"@type\":\"ImageObject\",\"inLanguage\":\"es\",\"@id\":\"https:\\\/\\\/centrourbano.com\\\/revista\\\/#\\\/schema\\\/logo\\\/image\\\/\",\"url\":\"https:\\\/\\\/centrourbano.com\\\/revista\\\/wp-content\\\/uploads\\\/web_CU_logo-1.png\",\"contentUrl\":\"https:\\\/\\\/centrourbano.com\\\/revista\\\/wp-content\\\/uploads\\\/web_CU_logo-1.png\",\"width\":350,\"height\":91,\"caption\":\"Centro Urbano\"},\"image\":{\"@id\":\"https:\\\/\\\/centrourbano.com\\\/revista\\\/#\\\/schema\\\/logo\\\/image\\\/\"},\"sameAs\":[\"https:\\\/\\\/www.facebook.com\\\/portalcentrourbano\",\"https:\\\/\\\/x.com\\\/CentroUrbano\",\"https:\\\/\\\/www.instagram.com\\\/centro_urbano\\\/\",\"https:\\\/\\\/www.linkedin.com\\\/company\\\/centro-urbano\\\/\",\"http:\\\/\\\/www.youtube.com\\\/user\\\/portalcentrourbano\"]},{\"@type\":\"Person\",\"@id\":\"https:\\\/\\\/centrourbano.com\\\/revista\\\/#\\\/schema\\\/person\\\/680e7c50f9d6e917e416c9efdc26f996\",\"name\":\"Redacci\u00f3n Centro Urbano\",\"image\":{\"@type\":\"ImageObject\",\"inLanguage\":\"es\",\"@id\":\"https:\\\/\\\/secure.gravatar.com\\\/avatar\\\/15a789f894398c0f311f3a7a2ee28032bbc0483098539da66b6a045aa810bf35?s=96&d=mm&r=g\",\"url\":\"https:\\\/\\\/secure.gravatar.com\\\/avatar\\\/15a789f894398c0f311f3a7a2ee28032bbc0483098539da66b6a045aa810bf35?s=96&d=mm&r=g\",\"contentUrl\":\"https:\\\/\\\/secure.gravatar.com\\\/avatar\\\/15a789f894398c0f311f3a7a2ee28032bbc0483098539da66b6a045aa810bf35?s=96&d=mm&r=g\",\"caption\":\"Redacci\u00f3n Centro Urbano\"},\"url\":\"https:\\\/\\\/centrourbano.com\\\/revista\\\/author\\\/editorial\\\/\"}]}<\/script>\n<!-- \/ Yoast SEO plugin. -->","yoast_head_json":{"title":"Presenta Brugada Plan Ciclista 2025-2030 para la CDMX","description":"Brugada explic\u00f3 que el plan contempla la construcci\u00f3n de ciclov\u00edas y biciestacionamientos, y la ampliaci\u00f3n del programa Ecobici","robots":{"index":"index","follow":"follow","max-snippet":"max-snippet:-1","max-image-preview":"max-image-preview:large","max-video-preview":"max-video-preview:-1"},"canonical":"https:\/\/centrourbano.com\/revista\/urbanismo\/brugada-plan-ciclista-cdmx\/","og_locale":"es_ES","og_type":"article","og_title":"Presenta Brugada Plan Ciclista 2025-2030 para la CDMX","og_description":"Brugada explic\u00f3 que el plan contempla la construcci\u00f3n de ciclov\u00edas y biciestacionamientos, y la ampliaci\u00f3n del programa Ecobici","og_url":"https:\/\/centrourbano.com\/revista\/urbanismo\/brugada-plan-ciclista-cdmx\/","og_site_name":"Centro Urbano","article_publisher":"https:\/\/www.facebook.com\/portalcentrourbano","article_published_time":"2025-06-04T14:00:19+00:00","og_image":[{"width":1400,"height":1280,"url":"https:\/\/centrourbano.com\/revista\/wp-content\/uploads\/Presenta-Brugada-Plan-Ciclista-2025-2030-para-la-CDMX.jpg","type":"image\/jpeg"}],"author":"Redacci\u00f3n Centro Urbano","twitter_card":"summary_large_image","twitter_creator":"@CentroUrbano","twitter_site":"@CentroUrbano","twitter_misc":{"Escrito por":"Redacci\u00f3n Centro Urbano","Tiempo de lectura":"3 minutos"},"schema":{"@context":"https:\/\/schema.org","@graph":[{"@type":"Article","@id":"https:\/\/centrourbano.com\/revista\/urbanismo\/brugada-plan-ciclista-cdmx\/#article","isPartOf":{"@id":"https:\/\/centrourbano.com\/revista\/urbanismo\/brugada-plan-ciclista-cdmx\/"},"author":{"name":"Redacci\u00f3n Centro Urbano","@id":"https:\/\/centrourbano.com\/revista\/#\/schema\/person\/680e7c50f9d6e917e416c9efdc26f996"},"headline":"Presenta Brugada Plan Ciclista 2025-2030 para la CDMX","datePublished":"2025-06-04T14:00:19+00:00","mainEntityOfPage":{"@id":"https:\/\/centrourbano.com\/revista\/urbanismo\/brugada-plan-ciclista-cdmx\/"},"wordCount":459,"commentCount":0,"publisher":{"@id":"https:\/\/centrourbano.com\/revista\/#organization"},"image":{"@id":"https:\/\/centrourbano.com\/revista\/urbanismo\/brugada-plan-ciclista-cdmx\/#primaryimage"},"thumbnailUrl":"https:\/\/centrourbano.com\/revista\/wp-content\/uploads\/Presenta-Brugada-Plan-Ciclista-2025-2030-para-la-CDMX.jpg","keywords":["biciestacionamientos","CDMX","ciclov\u00edas","Clara Brugada","ecoBici","movilidad sustentable","Plan Ciclista"],"articleSection":["Urbanismo"],"inLanguage":"es","potentialAction":[{"@type":"CommentAction","name":"Comment","target":["https:\/\/centrourbano.com\/revista\/urbanismo\/brugada-plan-ciclista-cdmx\/#respond"]}]},{"@type":"WebPage","@id":"https:\/\/centrourbano.com\/revista\/urbanismo\/brugada-plan-ciclista-cdmx\/","url":"https:\/\/centrourbano.com\/revista\/urbanismo\/brugada-plan-ciclista-cdmx\/","name":"Presenta Brugada Plan Ciclista 2025-2030 para la CDMX","isPartOf":{"@id":"https:\/\/centrourbano.com\/revista\/#website"},"primaryImageOfPage":{"@id":"https:\/\/centrourbano.com\/revista\/urbanismo\/brugada-plan-ciclista-cdmx\/#primaryimage"},"image":{"@id":"https:\/\/centrourbano.com\/revista\/urbanismo\/brugada-plan-ciclista-cdmx\/#primaryimage"},"thumbnailUrl":"https:\/\/centrourbano.com\/revista\/wp-content\/uploads\/Presenta-Brugada-Plan-Ciclista-2025-2030-para-la-CDMX.jpg","datePublished":"2025-06-04T14:00:19+00:00","description":"Brugada explic\u00f3 que el plan contempla la construcci\u00f3n de ciclov\u00edas y biciestacionamientos, y la ampliaci\u00f3n del programa Ecobici","breadcrumb":{"@id":"https:\/\/centrourbano.com\/revista\/urbanismo\/brugada-plan-ciclista-cdmx\/#breadcrumb"},"inLanguage":"es","potentialAction":[{"@type":"ReadAction","target":["https:\/\/centrourbano.com\/revista\/urbanismo\/brugada-plan-ciclista-cdmx\/"]}]},{"@type":"ImageObject","inLanguage":"es","@id":"https:\/\/centrourbano.com\/revista\/urbanismo\/brugada-plan-ciclista-cdmx\/#primaryimage","url":"https:\/\/centrourbano.com\/revista\/wp-content\/uploads\/Presenta-Brugada-Plan-Ciclista-2025-2030-para-la-CDMX.jpg","contentUrl":"https:\/\/centrourbano.com\/revista\/wp-content\/uploads\/Presenta-Brugada-Plan-Ciclista-2025-2030-para-la-CDMX.jpg","width":1400,"height":1280,"caption":"Brugada explic\u00f3 que el plan contempla la construcci\u00f3n de ciclov\u00edas y biciestacionamientos, y la ampliaci\u00f3n del programa Ecobici"},{"@type":"BreadcrumbList","@id":"https:\/\/centrourbano.com\/revista\/urbanismo\/brugada-plan-ciclista-cdmx\/#breadcrumb","itemListElement":[{"@type":"ListItem","position":1,"name":"Portada","item":"https:\/\/centrourbano.com\/revista\/"},{"@type":"ListItem","position":2,"name":"Presenta Brugada Plan Ciclista 2025-2030 para la CDMX"}]},{"@type":"WebSite","@id":"https:\/\/centrourbano.com\/revista\/#website","url":"https:\/\/centrourbano.com\/revista\/","name":"Centro Urbano","description":"Medio especializado en los sectores vivienda, inmobiliario, construcci\u00f3n, arquitectura y urbanismo.","publisher":{"@id":"https:\/\/centrourbano.com\/revista\/#organization"},"potentialAction":[{"@type":"SearchAction","target":{"@type":"EntryPoint","urlTemplate":"https:\/\/centrourbano.com\/revista\/?s={search_term_string}"},"query-input":{"@type":"PropertyValueSpecification","valueRequired":true,"valueName":"search_term_string"}}],"inLanguage":"es"},{"@type":"Organization","@id":"https:\/\/centrourbano.com\/revista\/#organization","name":"Centro Urbano","url":"https:\/\/centrourbano.com\/revista\/","logo":{"@type":"ImageObject","inLanguage":"es","@id":"https:\/\/centrourbano.com\/revista\/#\/schema\/logo\/image\/","url":"https:\/\/centrourbano.com\/revista\/wp-content\/uploads\/web_CU_logo-1.png","contentUrl":"https:\/\/centrourbano.com\/revista\/wp-content\/uploads\/web_CU_logo-1.png","width":350,"height":91,"caption":"Centro Urbano"},"image":{"@id":"https:\/\/centrourbano.com\/revista\/#\/schema\/logo\/image\/"},"sameAs":["https:\/\/www.facebook.com\/portalcentrourbano","https:\/\/x.com\/CentroUrbano","https:\/\/www.instagram.com\/centro_urbano\/","https:\/\/www.linkedin.com\/company\/centro-urbano\/","http:\/\/www.youtube.com\/user\/portalcentrourbano"]},{"@type":"Person","@id":"https:\/\/centrourbano.com\/revista\/#\/schema\/person\/680e7c50f9d6e917e416c9efdc26f996","name":"Redacci\u00f3n Centro Urbano","image":{"@type":"ImageObject","inLanguage":"es","@id":"https:\/\/secure.gravatar.com\/avatar\/15a789f894398c0f311f3a7a2ee28032bbc0483098539da66b6a045aa810bf35?s=96&d=mm&r=g","url":"https:\/\/secure.gravatar.com\/avatar\/15a789f894398c0f311f3a7a2ee28032bbc0483098539da66b6a045aa810bf35?s=96&d=mm&r=g","contentUrl":"https:\/\/secure.gravatar.com\/avatar\/15a789f894398c0f311f3a7a2ee28032bbc0483098539da66b6a045aa810bf35?s=96&d=mm&r=g","caption":"Redacci\u00f3n Centro Urbano"},"url":"https:\/\/centrourbano.com\/revista\/author\/editorial\/"}]}},"_links":{"self":[{"href":"https:\/\/centrourbano.com\/revista\/wp-json\/wp\/v2\/posts\/155540","targetHints":{"allow":["GET"]}}],"collection":[{"href":"https:\/\/centrourbano.com\/revista\/wp-json\/wp\/v2\/posts"}],"about":[{"href":"https:\/\/centrourbano.com\/revista\/wp-json\/wp\/v2\/types\/post"}],"author":[{"embeddable":true,"href":"https:\/\/centrourbano.com\/revista\/wp-json\/wp\/v2\/users\/14"}],"replies":[{"embeddable":true,"href":"https:\/\/centrourbano.com\/revista\/wp-json\/wp\/v2\/comments?post=155540"}],"version-history":[{"count":1,"href":"https:\/\/centrourbano.com\/revista\/wp-json\/wp\/v2\/posts\/155540\/revisions"}],"predecessor-version":[{"id":155542,"href":"https:\/\/centrourbano.com\/revista\/wp-json\/wp\/v2\/posts\/155540\/revisions\/155542"}],"wp:featuredmedia":[{"embeddable":true,"href":"https:\/\/centrourbano.com\/revista\/wp-json\/wp\/v2\/media\/155541"}],"wp:attachment":[{"href":"https:\/\/centrourbano.com\/revista\/wp-json\/wp\/v2\/media?parent=155540"}],"wp:term":[{"taxonomy":"category","embeddable":true,"href":"https:\/\/centrourbano.com\/revista\/wp-json\/wp\/v2\/categories?post=155540"},{"taxonomy":"post_tag","embeddable":true,"href":"https:\/\/centrourbano.com\/revista\/wp-json\/wp\/v2\/tags?post=155540"}],"curies":[{"name":"wp","href":"https:\/\/api.w.org\/{rel}","templated":true}]}}